{"id":286,"date":"2017-09-01T18:57:23","date_gmt":"2017-09-01T15:57:23","guid":{"rendered":"https:\/\/blogit.gradia.fi\/soteammattilaiset\/?p=286"},"modified":"2017-09-01T18:57:23","modified_gmt":"2017-09-01T15:57:23","slug":"kinestetiikka-vuorovaikutteinen-ja-voimavaralahtoinen-asiakkaan-arjessa-tukeminen","status":"publish","type":"post","link":"https:\/\/blogit.gradia.fi\/soteammattilaiset\/2017\/09\/01\/kinestetiikka-vuorovaikutteinen-ja-voimavaralahtoinen-asiakkaan-arjessa-tukeminen\/","title":{"rendered":"Kinestetiikka \u2013 vuorovaikutteinen ja voimavaral\u00e4ht\u00f6inen asiakkaan arjessa tukeminen"},"content":{"rendered":"<p>Potilaan \/ asiakkaan toimintakyvyn yll\u00e4pit\u00e4minen ja edist\u00e4minen niin laitos- kuin kotihoidossakin on merkitt\u00e4v\u00e4 sosiaali- ja terveysalan laatukriteeri.  Kinestetiikka on potilaan\/asiakkaan tukemista ja avustamista h\u00e4nen omassa liikkumisessaan ja toiminnassaan. Kinestetiikka on voimavaral\u00e4ht\u00f6inen toimintamalli, joka perustuu ihmisen luonnollisten liikemallien ja aistitoimintojen ymm\u00e4rt\u00e4miseen, vaikuttavaan keholliseen kommunikointiin, ihmisen kunnioittavaan kohtaamiseen sek\u00e4 n\u00e4iden merkitykseen oppimiselle ja itsehallinnalle.  <\/p>\n<p>Kinestetiikkaa voi opiskella Suomen Kinestetiikkayhdistys ry:n kursseilla.  My\u00f6s Jyv\u00e4skyl\u00e4n aikuisopiston kouluttajat ovat kouluttautuneet ja tutustuttavat l\u00e4hihoitajaopiskelijoita sek\u00e4 sosiaali-  ja terveysalan ammatti- ja erikoisammattitutkintojen opiskelijoita menetelm\u00e4\u00e4n.  T\u00e4ss\u00e4 kehitysvamma-alan ammattitutkinnon opiskelijoiden ajatuksia yhden l\u00e4hiopetusp\u00e4iv\u00e4n j\u00e4lkeen: <\/p>\n<p>\u201d Havahduimme kinestetiikan l\u00e4hip\u00e4iv\u00e4ss\u00e4 siihen, kuinka paljon ja usein ihmisen pit\u00e4isi liikkua ja miten v\u00e4h\u00e4n liikuntarajoitteiset henkil\u00f6t p\u00e4iv\u00e4n mittaan saavat liikkeen kokemuksia sek\u00e4 siihen, miten pienill\u00e4 asioilla voimme aktivoida henkil\u00f6\u00e4 omien voimavarojen k\u00e4ytt\u00f6\u00f6n.\u201d<\/p>\n<p>\t\u201dP\u00e4iv\u00e4n j\u00e4lkeen olimme innoissamme ohjeista ja niist\u00e4 pienist\u00e4 apuv\u00e4lineist\u00e4, joilla \thelpottaa omaa tai asiakkaan jaksamista ja toimintakyky\u00e4.\u201d<\/p>\n<p>\t\u201dErgonomisesti oikeilla ty\u00f6otteilla s\u00e4\u00e4st\u00e4mme omaa fyysist\u00e4 kuormitusta ja lis\u00e4\u00e4mme \tty\u00f6ss\u00e4jaksamista. Sen keinoin saamme siirtotilanteen miellytt\u00e4v\u00e4mm\u00e4ksi autettavalle \tasiakkaalle.\u201d<\/p>\n<p>\t\u201dJokainen meist\u00e4 mukana olleista l\u00f6ysi heti ty\u00f6ss\u00e4ns\u00e4 k\u00e4ytt\u00f6\u00f6n otettavaksi k\u00e4yt\u00e4nn\u00f6n \tmenetelmi\u00e4 ja uusia toimintatapoja.\u201d<\/p>\n<p>\t\u201dTy\u00f6paikoille hankimme erikokoisia \u201dp\u00e4hkin\u00e4palloja\u201d, tasapainov\u00e4lineit\u00e4 sek\u00e4 liuku- ja \tjarrumateriaaleja.  Otimme k\u00e4ytt\u00f6\u00f6mme kehon kosketusalueet sek\u00e4 kehon her\u00e4ttelyn \tliikkeeseen.\u201d<\/p>\n<p>Ty\u00f6yhteis\u00f6iss\u00e4mme suhtauduttiin positiivisesti terveisiimme kinestetiikan p\u00e4iv\u00e4st\u00e4. <\/p>\n<p>Suosittelemme kinestetiikkaan tutustumista kaikille hoito- ja ohjausty\u00f6t\u00e4 tekeville!<\/p>\n<p>Opiskelijat: Terhi, Anne, Elina, Satu ja Birgitta<\/p>\n","protected":false},"excerpt":{"rendered":"<p>Potilaan \/ asiakkaan toimintakyvyn yll\u00e4pit\u00e4minen ja edist\u00e4minen niin laitos- kuin kotihoidossakin on merkitt\u00e4v\u00e4 sosiaali- ja terveysalan laatukriteeri. Kinestetiikka on potilaan\/asiakkaan tukemista ja avustamista h\u00e4nen omassa liikkumisessaan ja toiminnassaan. Kinestetiikka on voimavaral\u00e4ht\u00f6inen toimintamalli, joka perustuu ihmisen luonnollisten liikemallien ja aistitoimintojen ymm\u00e4rt\u00e4miseen, vaikuttavaan keholliseen kommunikointiin, ihmisen kunnioittavaan kohtaamiseen sek\u00e4 n\u00e4iden merkitykseen oppimiselle ja itsehallinnalle. Kinestetiikkaa voi opiskella &hellip; <a href=\"https:\/\/blogit.gradia.fi\/soteammattilaiset\/2017\/09\/01\/kinestetiikka-vuorovaikutteinen-ja-voimavaralahtoinen-asiakkaan-arjessa-tukeminen\/\" class=\"more-link\">Jatka lukemista <span class=\"screen-reader-text\">Kinestetiikka \u2013 vuorovaikutteinen ja voimavaral\u00e4ht\u00f6inen asiakkaan arjessa tukeminen<\/span> <span class=\"meta-nav\">&rarr;<\/span><\/a><\/p>\n","protected":false},"author":1131,"featured_media":287,"comment_status":"open","ping_status":"open","sticky":false,"template":"","format":"standard","meta":{"_uag_custom_page_level_css":"","footnotes":""},"categories":[1],"tags":[14],"class_list":["post-286","post","type-post","status-publish","format-standard","has-post-thumbnail","hentry","category-yleinen","tag-kinestetiikka"],"yoast_head":"<!-- This site is optimized with the Yoast SEO plugin v27.5 - https:\/\/yoast.com\/product\/yoast-seo-wordpress\/ -->\n<title>Kinestetiikka \u2013 vuorovaikutteinen ja voimavaral\u00e4ht\u00f6inen asiakkaan arjessa tukeminen - Sote ammattilaiset<\/title>\n<meta name=\"robots\" content=\"index, follow, max-snippet:-1, max-image-preview:large, max-video-preview:-1\" \/>\n<link rel=\"canonical\" href=\"https:\/\/blogit.gradia.fi\/soteammattilaiset\/2017\/09\/01\/kinestetiikka-vuorovaikutteinen-ja-voimavaralahtoinen-asiakkaan-arjessa-tukeminen\/\" \/>\n<meta property=\"og:locale\" content=\"fi_FI\" \/>\n<meta property=\"og:type\" content=\"article\" \/>\n<meta property=\"og:title\" content=\"Kinestetiikka \u2013 vuorovaikutteinen ja voimavaral\u00e4ht\u00f6inen asiakkaan arjessa tukeminen - Sote ammattilaiset\" \/>\n<meta property=\"og:description\" content=\"Potilaan \/ asiakkaan toimintakyvyn yll\u00e4pit\u00e4minen ja edist\u00e4minen niin laitos- kuin kotihoidossakin on merkitt\u00e4v\u00e4 sosiaali- ja terveysalan laatukriteeri. Kinestetiikka on potilaan\/asiakkaan tukemista ja avustamista h\u00e4nen omassa liikkumisessaan ja toiminnassaan. Kinestetiikka on voimavaral\u00e4ht\u00f6inen toimintamalli, joka perustuu ihmisen luonnollisten liikemallien ja aistitoimintojen ymm\u00e4rt\u00e4miseen, vaikuttavaan keholliseen kommunikointiin, ihmisen kunnioittavaan kohtaamiseen sek\u00e4 n\u00e4iden merkitykseen oppimiselle ja itsehallinnalle. Kinestetiikkaa voi opiskella &hellip; Jatka lukemista Kinestetiikka \u2013 vuorovaikutteinen ja voimavaral\u00e4ht\u00f6inen asiakkaan arjessa tukeminen &rarr;\" \/>\n<meta property=\"og:url\" content=\"https:\/\/blogit.gradia.fi\/soteammattilaiset\/2017\/09\/01\/kinestetiikka-vuorovaikutteinen-ja-voimavaralahtoinen-asiakkaan-arjessa-tukeminen\/\" \/>\n<meta property=\"og:site_name\" content=\"Sote ammattilaiset\" \/>\n<meta property=\"article:published_time\" content=\"2017-09-01T15:57:23+00:00\" \/>\n<meta property=\"og:image\" content=\"https:\/\/blogit.gradia.fi\/soteammattilaiset\/wp-content\/uploads\/sites\/103\/2017\/09\/hands-34443__340.png\" \/>\n\t<meta property=\"og:image:width\" content=\"201\" \/>\n\t<meta property=\"og:image:height\" content=\"340\" \/>\n\t<meta property=\"og:image:type\" content=\"image\/png\" \/>\n<meta name=\"author\" content=\"arkistoija\" \/>\n<meta name=\"twitter:card\" content=\"summary_large_image\" \/>\n<meta name=\"twitter:label1\" content=\"Kirjoittanut\" \/>\n\t<meta name=\"twitter:data1\" content=\"arkistoija\" \/>\n\t<meta name=\"twitter:label2\" content=\"Arvioitu lukuaika\" \/>\n\t<meta name=\"twitter:data2\" content=\"1 minuutti\" \/>\n<script type=\"application\/ld+json\" class=\"yoast-schema-graph\">{\"@context\":\"https:\\\/\\\/schema.org\",\"@graph\":[{\"@type\":\"Article\",\"@id\":\"https:\\\/\\\/blogit.gradia.fi\\\/soteammattilaiset\\\/2017\\\/09\\\/01\\\/kinestetiikka-vuorovaikutteinen-ja-voimavaralahtoinen-asiakkaan-arjessa-tukeminen\\\/#article\",\"isPartOf\":{\"@id\":\"https:\\\/\\\/blogit.gradia.fi\\\/soteammattilaiset\\\/2017\\\/09\\\/01\\\/kinestetiikka-vuorovaikutteinen-ja-voimavaralahtoinen-asiakkaan-arjessa-tukeminen\\\/\"},\"author\":{\"name\":\"arkistoija\",\"@id\":\"https:\\\/\\\/blogit.gradia.fi\\\/soteammattilaiset\\\/#\\\/schema\\\/person\\\/7c0f9369c55e66511d89304e30dff7fc\"},\"headline\":\"Kinestetiikka \u2013 vuorovaikutteinen ja voimavaral\u00e4ht\u00f6inen asiakkaan arjessa tukeminen\",\"datePublished\":\"2017-09-01T15:57:23+00:00\",\"mainEntityOfPage\":{\"@id\":\"https:\\\/\\\/blogit.gradia.fi\\\/soteammattilaiset\\\/2017\\\/09\\\/01\\\/kinestetiikka-vuorovaikutteinen-ja-voimavaralahtoinen-asiakkaan-arjessa-tukeminen\\\/\"},\"wordCount\":278,\"commentCount\":0,\"image\":{\"@id\":\"https:\\\/\\\/blogit.gradia.fi\\\/soteammattilaiset\\\/2017\\\/09\\\/01\\\/kinestetiikka-vuorovaikutteinen-ja-voimavaralahtoinen-asiakkaan-arjessa-tukeminen\\\/#primaryimage\"},\"thumbnailUrl\":\"https:\\\/\\\/blogit.gradia.fi\\\/soteammattilaiset\\\/wp-content\\\/uploads\\\/sites\\\/103\\\/2017\\\/09\\\/hands-34443__340.png\",\"keywords\":[\"kinestetiikka\"],\"inLanguage\":\"fi\",\"potentialAction\":[{\"@type\":\"CommentAction\",\"name\":\"Comment\",\"target\":[\"https:\\\/\\\/blogit.gradia.fi\\\/soteammattilaiset\\\/2017\\\/09\\\/01\\\/kinestetiikka-vuorovaikutteinen-ja-voimavaralahtoinen-asiakkaan-arjessa-tukeminen\\\/#respond\"]}]},{\"@type\":\"WebPage\",\"@id\":\"https:\\\/\\\/blogit.gradia.fi\\\/soteammattilaiset\\\/2017\\\/09\\\/01\\\/kinestetiikka-vuorovaikutteinen-ja-voimavaralahtoinen-asiakkaan-arjessa-tukeminen\\\/\",\"url\":\"https:\\\/\\\/blogit.gradia.fi\\\/soteammattilaiset\\\/2017\\\/09\\\/01\\\/kinestetiikka-vuorovaikutteinen-ja-voimavaralahtoinen-asiakkaan-arjessa-tukeminen\\\/\",\"name\":\"Kinestetiikka \u2013 vuorovaikutteinen ja voimavaral\u00e4ht\u00f6inen asiakkaan arjessa tukeminen - Sote ammattilaiset\",\"isPartOf\":{\"@id\":\"https:\\\/\\\/blogit.gradia.fi\\\/soteammattilaiset\\\/#website\"},\"primaryImageOfPage\":{\"@id\":\"https:\\\/\\\/blogit.gradia.fi\\\/soteammattilaiset\\\/2017\\\/09\\\/01\\\/kinestetiikka-vuorovaikutteinen-ja-voimavaralahtoinen-asiakkaan-arjessa-tukeminen\\\/#primaryimage\"},\"image\":{\"@id\":\"https:\\\/\\\/blogit.gradia.fi\\\/soteammattilaiset\\\/2017\\\/09\\\/01\\\/kinestetiikka-vuorovaikutteinen-ja-voimavaralahtoinen-asiakkaan-arjessa-tukeminen\\\/#primaryimage\"},\"thumbnailUrl\":\"https:\\\/\\\/blogit.gradia.fi\\\/soteammattilaiset\\\/wp-content\\\/uploads\\\/sites\\\/103\\\/2017\\\/09\\\/hands-34443__340.png\",\"datePublished\":\"2017-09-01T15:57:23+00:00\",\"author\":{\"@id\":\"https:\\\/\\\/blogit.gradia.fi\\\/soteammattilaiset\\\/#\\\/schema\\\/person\\\/7c0f9369c55e66511d89304e30dff7fc\"},\"inLanguage\":\"fi\",\"potentialAction\":[{\"@type\":\"ReadAction\",\"target\":[\"https:\\\/\\\/blogit.gradia.fi\\\/soteammattilaiset\\\/2017\\\/09\\\/01\\\/kinestetiikka-vuorovaikutteinen-ja-voimavaralahtoinen-asiakkaan-arjessa-tukeminen\\\/\"]}]},{\"@type\":\"ImageObject\",\"inLanguage\":\"fi\",\"@id\":\"https:\\\/\\\/blogit.gradia.fi\\\/soteammattilaiset\\\/2017\\\/09\\\/01\\\/kinestetiikka-vuorovaikutteinen-ja-voimavaralahtoinen-asiakkaan-arjessa-tukeminen\\\/#primaryimage\",\"url\":\"https:\\\/\\\/blogit.gradia.fi\\\/soteammattilaiset\\\/wp-content\\\/uploads\\\/sites\\\/103\\\/2017\\\/09\\\/hands-34443__340.png\",\"contentUrl\":\"https:\\\/\\\/blogit.gradia.fi\\\/soteammattilaiset\\\/wp-content\\\/uploads\\\/sites\\\/103\\\/2017\\\/09\\\/hands-34443__340.png\",\"width\":201,\"height\":340},{\"@type\":\"WebSite\",\"@id\":\"https:\\\/\\\/blogit.gradia.fi\\\/soteammattilaiset\\\/#website\",\"url\":\"https:\\\/\\\/blogit.gradia.fi\\\/soteammattilaiset\\\/\",\"name\":\"Sote ammattilaiset\",\"description\":\"Gradia Jyv\u00e4skyl\u00e4 \\\/ Osallisuus ja ohjaaminen palvelut ammatti- ja erikoisammattitutkinnot\",\"potentialAction\":[{\"@type\":\"SearchAction\",\"target\":{\"@type\":\"EntryPoint\",\"urlTemplate\":\"https:\\\/\\\/blogit.gradia.fi\\\/soteammattilaiset\\\/?s={search_term_string}\"},\"query-input\":{\"@type\":\"PropertyValueSpecification\",\"valueRequired\":true,\"valueName\":\"search_term_string\"}}],\"inLanguage\":\"fi\"},{\"@type\":\"Person\",\"@id\":\"https:\\\/\\\/blogit.gradia.fi\\\/soteammattilaiset\\\/#\\\/schema\\\/person\\\/7c0f9369c55e66511d89304e30dff7fc\",\"name\":\"arkistoija\",\"image\":{\"@type\":\"ImageObject\",\"inLanguage\":\"fi\",\"@id\":\"https:\\\/\\\/secure.gravatar.com\\\/avatar\\\/42e8c66b081268e60e8dd6fe8562e547e1a2a5e488c322818ec35170458cb1af?s=96&d=mm&r=g\",\"url\":\"https:\\\/\\\/secure.gravatar.com\\\/avatar\\\/42e8c66b081268e60e8dd6fe8562e547e1a2a5e488c322818ec35170458cb1af?s=96&d=mm&r=g\",\"contentUrl\":\"https:\\\/\\\/secure.gravatar.com\\\/avatar\\\/42e8c66b081268e60e8dd6fe8562e547e1a2a5e488c322818ec35170458cb1af?s=96&d=mm&r=g\",\"caption\":\"arkistoija\"},\"url\":\"https:\\\/\\\/blogit.gradia.fi\\\/soteammattilaiset\\\/author\\\/arkistoija\\\/\"}]}<\/script>\n<!-- \/ Yoast SEO plugin. -->","yoast_head_json":{"title":"Kinestetiikka \u2013 vuorovaikutteinen ja voimavaral\u00e4ht\u00f6inen asiakkaan arjessa tukeminen - Sote ammattilaiset","robots":{"index":"index","follow":"follow","max-snippet":"max-snippet:-1","max-image-preview":"max-image-preview:large","max-video-preview":"max-video-preview:-1"},"canonical":"https:\/\/blogit.gradia.fi\/soteammattilaiset\/2017\/09\/01\/kinestetiikka-vuorovaikutteinen-ja-voimavaralahtoinen-asiakkaan-arjessa-tukeminen\/","og_locale":"fi_FI","og_type":"article","og_title":"Kinestetiikka \u2013 vuorovaikutteinen ja voimavaral\u00e4ht\u00f6inen asiakkaan arjessa tukeminen - Sote ammattilaiset","og_description":"Potilaan \/ asiakkaan toimintakyvyn yll\u00e4pit\u00e4minen ja edist\u00e4minen niin laitos- kuin kotihoidossakin on merkitt\u00e4v\u00e4 sosiaali- ja terveysalan laatukriteeri. Kinestetiikka on potilaan\/asiakkaan tukemista ja avustamista h\u00e4nen omassa liikkumisessaan ja toiminnassaan. Kinestetiikka on voimavaral\u00e4ht\u00f6inen toimintamalli, joka perustuu ihmisen luonnollisten liikemallien ja aistitoimintojen ymm\u00e4rt\u00e4miseen, vaikuttavaan keholliseen kommunikointiin, ihmisen kunnioittavaan kohtaamiseen sek\u00e4 n\u00e4iden merkitykseen oppimiselle ja itsehallinnalle. Kinestetiikkaa voi opiskella &hellip; Jatka lukemista Kinestetiikka \u2013 vuorovaikutteinen ja voimavaral\u00e4ht\u00f6inen asiakkaan arjessa tukeminen &rarr;","og_url":"https:\/\/blogit.gradia.fi\/soteammattilaiset\/2017\/09\/01\/kinestetiikka-vuorovaikutteinen-ja-voimavaralahtoinen-asiakkaan-arjessa-tukeminen\/","og_site_name":"Sote ammattilaiset","article_published_time":"2017-09-01T15:57:23+00:00","og_image":[{"width":201,"height":340,"url":"https:\/\/blogit.gradia.fi\/soteammattilaiset\/wp-content\/uploads\/sites\/103\/2017\/09\/hands-34443__340.png","type":"image\/png"}],"author":"arkistoija","twitter_card":"summary_large_image","twitter_misc":{"Kirjoittanut":"arkistoija","Arvioitu lukuaika":"1 minuutti"},"schema":{"@context":"https:\/\/schema.org","@graph":[{"@type":"Article","@id":"https:\/\/blogit.gradia.fi\/soteammattilaiset\/2017\/09\/01\/kinestetiikka-vuorovaikutteinen-ja-voimavaralahtoinen-asiakkaan-arjessa-tukeminen\/#article","isPartOf":{"@id":"https:\/\/blogit.gradia.fi\/soteammattilaiset\/2017\/09\/01\/kinestetiikka-vuorovaikutteinen-ja-voimavaralahtoinen-asiakkaan-arjessa-tukeminen\/"},"author":{"name":"arkistoija","@id":"https:\/\/blogit.gradia.fi\/soteammattilaiset\/#\/schema\/person\/7c0f9369c55e66511d89304e30dff7fc"},"headline":"Kinestetiikka \u2013 vuorovaikutteinen ja voimavaral\u00e4ht\u00f6inen asiakkaan arjessa tukeminen","datePublished":"2017-09-01T15:57:23+00:00","mainEntityOfPage":{"@id":"https:\/\/blogit.gradia.fi\/soteammattilaiset\/2017\/09\/01\/kinestetiikka-vuorovaikutteinen-ja-voimavaralahtoinen-asiakkaan-arjessa-tukeminen\/"},"wordCount":278,"commentCount":0,"image":{"@id":"https:\/\/blogit.gradia.fi\/soteammattilaiset\/2017\/09\/01\/kinestetiikka-vuorovaikutteinen-ja-voimavaralahtoinen-asiakkaan-arjessa-tukeminen\/#primaryimage"},"thumbnailUrl":"https:\/\/blogit.gradia.fi\/soteammattilaiset\/wp-content\/uploads\/sites\/103\/2017\/09\/hands-34443__340.png","keywords":["kinestetiikka"],"inLanguage":"fi","potentialAction":[{"@type":"CommentAction","name":"Comment","target":["https:\/\/blogit.gradia.fi\/soteammattilaiset\/2017\/09\/01\/kinestetiikka-vuorovaikutteinen-ja-voimavaralahtoinen-asiakkaan-arjessa-tukeminen\/#respond"]}]},{"@type":"WebPage","@id":"https:\/\/blogit.gradia.fi\/soteammattilaiset\/2017\/09\/01\/kinestetiikka-vuorovaikutteinen-ja-voimavaralahtoinen-asiakkaan-arjessa-tukeminen\/","url":"https:\/\/blogit.gradia.fi\/soteammattilaiset\/2017\/09\/01\/kinestetiikka-vuorovaikutteinen-ja-voimavaralahtoinen-asiakkaan-arjessa-tukeminen\/","name":"Kinestetiikka \u2013 vuorovaikutteinen ja voimavaral\u00e4ht\u00f6inen asiakkaan arjessa tukeminen - Sote ammattilaiset","isPartOf":{"@id":"https:\/\/blogit.gradia.fi\/soteammattilaiset\/#website"},"primaryImageOfPage":{"@id":"https:\/\/blogit.gradia.fi\/soteammattilaiset\/2017\/09\/01\/kinestetiikka-vuorovaikutteinen-ja-voimavaralahtoinen-asiakkaan-arjessa-tukeminen\/#primaryimage"},"image":{"@id":"https:\/\/blogit.gradia.fi\/soteammattilaiset\/2017\/09\/01\/kinestetiikka-vuorovaikutteinen-ja-voimavaralahtoinen-asiakkaan-arjessa-tukeminen\/#primaryimage"},"thumbnailUrl":"https:\/\/blogit.gradia.fi\/soteammattilaiset\/wp-content\/uploads\/sites\/103\/2017\/09\/hands-34443__340.png","datePublished":"2017-09-01T15:57:23+00:00","author":{"@id":"https:\/\/blogit.gradia.fi\/soteammattilaiset\/#\/schema\/person\/7c0f9369c55e66511d89304e30dff7fc"},"inLanguage":"fi","potentialAction":[{"@type":"ReadAction","target":["https:\/\/blogit.gradia.fi\/soteammattilaiset\/2017\/09\/01\/kinestetiikka-vuorovaikutteinen-ja-voimavaralahtoinen-asiakkaan-arjessa-tukeminen\/"]}]},{"@type":"ImageObject","inLanguage":"fi","@id":"https:\/\/blogit.gradia.fi\/soteammattilaiset\/2017\/09\/01\/kinestetiikka-vuorovaikutteinen-ja-voimavaralahtoinen-asiakkaan-arjessa-tukeminen\/#primaryimage","url":"https:\/\/blogit.gradia.fi\/soteammattilaiset\/wp-content\/uploads\/sites\/103\/2017\/09\/hands-34443__340.png","contentUrl":"https:\/\/blogit.gradia.fi\/soteammattilaiset\/wp-content\/uploads\/sites\/103\/2017\/09\/hands-34443__340.png","width":201,"height":340},{"@type":"WebSite","@id":"https:\/\/blogit.gradia.fi\/soteammattilaiset\/#website","url":"https:\/\/blogit.gradia.fi\/soteammattilaiset\/","name":"Sote ammattilaiset","description":"Gradia Jyv\u00e4skyl\u00e4 \/ Osallisuus ja ohjaaminen palvelut ammatti- ja erikoisammattitutkinnot","potentialAction":[{"@type":"SearchAction","target":{"@type":"EntryPoint","urlTemplate":"https:\/\/blogit.gradia.fi\/soteammattilaiset\/?s={search_term_string}"},"query-input":{"@type":"PropertyValueSpecification","valueRequired":true,"valueName":"search_term_string"}}],"inLanguage":"fi"},{"@type":"Person","@id":"https:\/\/blogit.gradia.fi\/soteammattilaiset\/#\/schema\/person\/7c0f9369c55e66511d89304e30dff7fc","name":"arkistoija","image":{"@type":"ImageObject","inLanguage":"fi","@id":"https:\/\/secure.gravatar.com\/avatar\/42e8c66b081268e60e8dd6fe8562e547e1a2a5e488c322818ec35170458cb1af?s=96&d=mm&r=g","url":"https:\/\/secure.gravatar.com\/avatar\/42e8c66b081268e60e8dd6fe8562e547e1a2a5e488c322818ec35170458cb1af?s=96&d=mm&r=g","contentUrl":"https:\/\/secure.gravatar.com\/avatar\/42e8c66b081268e60e8dd6fe8562e547e1a2a5e488c322818ec35170458cb1af?s=96&d=mm&r=g","caption":"arkistoija"},"url":"https:\/\/blogit.gradia.fi\/soteammattilaiset\/author\/arkistoija\/"}]}},"uagb_featured_image_src":{"full":["https:\/\/blogit.gradia.fi\/soteammattilaiset\/wp-content\/uploads\/sites\/103\/2017\/09\/hands-34443__340.png",201,340,false],"thumbnail":["https:\/\/blogit.gradia.fi\/soteammattilaiset\/wp-content\/uploads\/sites\/103\/2017\/09\/hands-34443__340-150x150.png",150,150,true],"medium":["https:\/\/blogit.gradia.fi\/soteammattilaiset\/wp-content\/uploads\/sites\/103\/2017\/09\/hands-34443__340-177x300.png",177,300,true],"medium_large":["https:\/\/blogit.gradia.fi\/soteammattilaiset\/wp-content\/uploads\/sites\/103\/2017\/09\/hands-34443__340.png",201,340,false],"large":["https:\/\/blogit.gradia.fi\/soteammattilaiset\/wp-content\/uploads\/sites\/103\/2017\/09\/hands-34443__340.png",201,340,false],"1536x1536":["https:\/\/blogit.gradia.fi\/soteammattilaiset\/wp-content\/uploads\/sites\/103\/2017\/09\/hands-34443__340.png",201,340,false],"2048x2048":["https:\/\/blogit.gradia.fi\/soteammattilaiset\/wp-content\/uploads\/sites\/103\/2017\/09\/hands-34443__340.png",201,340,false],"post-thumbnail":["https:\/\/blogit.gradia.fi\/soteammattilaiset\/wp-content\/uploads\/sites\/103\/2017\/09\/hands-34443__340-201x270.png",201,270,true]},"uagb_author_info":{"display_name":"arkistoija","author_link":"https:\/\/blogit.gradia.fi\/soteammattilaiset\/author\/arkistoija\/"},"uagb_comment_info":10,"uagb_excerpt":"Potilaan \/ asiakkaan toimintakyvyn yll\u00e4pit\u00e4minen ja edist\u00e4minen niin laitos- kuin kotihoidossakin on merkitt\u00e4v\u00e4 sosiaali- ja terveysalan laatukriteeri. Kinestetiikka on potilaan\/asiakkaan tukemista ja avustamista h\u00e4nen omassa liikkumisessaan ja toiminnassaan. Kinestetiikka on voimavaral\u00e4ht\u00f6inen toimintamalli, joka perustuu ihmisen luonnollisten liikemallien ja aistitoimintojen ymm\u00e4rt\u00e4miseen, vaikuttavaan keholliseen kommunikointiin, ihmisen kunnioittavaan kohtaamiseen sek\u00e4 n\u00e4iden merkitykseen oppimiselle ja itsehallinnalle. Kinestetiikkaa voi opiskella&hellip;","_links":{"self":[{"href":"https:\/\/blogit.gradia.fi\/soteammattilaiset\/wp-json\/wp\/v2\/posts\/286","targetHints":{"allow":["GET"]}}],"collection":[{"href":"https:\/\/blogit.gradia.fi\/soteammattilaiset\/wp-json\/wp\/v2\/posts"}],"about":[{"href":"https:\/\/blogit.gradia.fi\/soteammattilaiset\/wp-json\/wp\/v2\/types\/post"}],"author":[{"embeddable":true,"href":"https:\/\/blogit.gradia.fi\/soteammattilaiset\/wp-json\/wp\/v2\/users\/1131"}],"replies":[{"embeddable":true,"href":"https:\/\/blogit.gradia.fi\/soteammattilaiset\/wp-json\/wp\/v2\/comments?post=286"}],"version-history":[{"count":0,"href":"https:\/\/blogit.gradia.fi\/soteammattilaiset\/wp-json\/wp\/v2\/posts\/286\/revisions"}],"wp:featuredmedia":[{"embeddable":true,"href":"https:\/\/blogit.gradia.fi\/soteammattilaiset\/wp-json\/wp\/v2\/media\/287"}],"wp:attachment":[{"href":"https:\/\/blogit.gradia.fi\/soteammattilaiset\/wp-json\/wp\/v2\/media?parent=286"}],"wp:term":[{"taxonomy":"category","embeddable":true,"href":"https:\/\/blogit.gradia.fi\/soteammattilaiset\/wp-json\/wp\/v2\/categories?post=286"},{"taxonomy":"post_tag","embeddable":true,"href":"https:\/\/blogit.gradia.fi\/soteammattilaiset\/wp-json\/wp\/v2\/tags?post=286"}],"curies":[{"name":"wp","href":"https:\/\/api.w.org\/{rel}","templated":true}]}}