{"id":202,"date":"2016-11-22T13:27:11","date_gmt":"2016-11-22T11:27:11","guid":{"rendered":"https:\/\/blogit.gradia.fi\/soteammattilaiset\/?p=202"},"modified":"2016-11-22T13:27:11","modified_gmt":"2016-11-22T11:27:11","slug":"tyovalmentajaksi","status":"publish","type":"post","link":"https:\/\/blogit.gradia.fi\/soteammattilaiset\/2016\/11\/22\/tyovalmentajaksi\/","title":{"rendered":"TY\u00d6VALMENTAJAKSI"},"content":{"rendered":"<p>Ty\u00f6valmentajaopiskelijoiden kokoontuessa iloinen pulina t\u00e4ytt\u00e4\u00e4 tunnit. Koulutukseen mukaan tulleet opiskelijat ovat kaikki ty\u00f6el\u00e4m\u00e4ss\u00e4 mukana ja toimivat ty\u00f6valmentajina tai vastaavissa teht\u00e4viss\u00e4 omilla ty\u00f6paikoillaan. Kun olemme kohdanneet koulutuksissa on kaikilla asiaa ja paljon jaettavaa siit\u00e4 mit\u00e4 viimeaikoina on tehty ja miten opinnot ovat omaan ty\u00f6h\u00f6n vertautuneet. Parasta opinnoissa onkin ollut muiden opiskelijoiden n\u00e4k\u00f6kantojen kuuleminen, heihin tutustuminen, heid\u00e4n kanssa verkostoituminen ja heilt\u00e4 uuden oppiminen. Kaikki tuntuvat innokkailta jakamaan omia kokemuksiaan ja meit\u00e4 on my\u00f6s opinnoissa kannustettu siihen. P\u00e4\u00e4semme kaikki esittelem\u00e4\u00e4n omia valmennusmenetelmi\u00e4mme, valmennuksen arviointia ja k\u00e4ytt\u00e4mi\u00e4mme asiakirjoja. My\u00f6s erilaisista asiakasryhmist\u00e4 olemme keskustelleet ja vaihtaneet kokemuksia siit\u00e4, miten milt\u00e4kin taholta l\u00e4hetett\u00e4viin asiakkaisiin voisi suhtautua ja heit\u00e4 parhaiten auttaa. <\/p>\n<p>Mielenkiintoista on ollut kuulla my\u00f6s kaikkien taustoista, koska ty\u00f6valmentajan erikoisammattitutkintoon p\u00e4\u00e4st\u00e4kseen on jokaisella oltava kokemusta jo jostakin edellisest\u00e4 ammatista ja kokemusta ihmisten ohjaamisesta. Monella on useampia hienoja ty\u00f6uria takanaan, joiden avulla toisten ohjaaminen ty\u00f6n pariin on onnistunut ennen koulutustakin hienosti. Nyt erikoisammattitutkinnon opintoihin osallistuminen j\u00e4sent\u00e4\u00e4 varmasti ajatuksia ja kehitt\u00e4\u00e4 lis\u00e4\u00e4 ammattitaitoa.<\/p>\n<p>Ty\u00f6valmentajat ty\u00f6skentelev\u00e4t erityist\u00e4 tukea tarvitsevien parissa tukien heid\u00e4n selviytymist\u00e4\u00e4n  muutos- ja siirtym\u00e4vaiheissa, ty\u00f6el\u00e4m\u00e4\u00e4n p\u00e4\u00e4semiseksi, ty\u00f6el\u00e4m\u00e4ss\u00e4 pysymiseksi tai ty\u00f6h\u00f6n palaamiseksi. Itse ty\u00f6skentelen nuorten ty\u00f6nhakijoiden kanssa Jyv\u00e4skyl\u00e4n kaupungin Green Care toimintakeskuksessa K\u00f6nkk\u00f6l\u00e4ss\u00e4. Suoritan opintojani toimimalla valmentajana luonto- ja el\u00e4inavusteisella nuorten taidety\u00f6pajan Lumo-pajalla. Lumo-pajalla tavoitteena on tukea nuoren ty\u00f6- ja toimintakyky\u00e4 mielekk\u00e4\u00e4n tekemisen ja siihen liittyv\u00e4n valmennuksen avulla. Tavoitteena on vahvistaa nuorta ty\u00f6el\u00e4m\u00e4\u00e4n, opintoihin tai johonkin palveluun kiinnittymiseksi. Lumo-pajalla retkeill\u00e4\u00e4n, hoidetaan ymp\u00e4rist\u00f6\u00e4 ja el\u00e4imi\u00e4, viljell\u00e4\u00e4n kasveja ja opetellaan maatilan t\u00f6it\u00e4. <\/p>\n<p>Omaan ty\u00f6h\u00f6ni olen opinnoista saanut kaikkein eniten apua lakipyk\u00e4lien ja virallisten osuuksien ymm\u00e4rt\u00e4misell\u00e4. Minun on ollut helpompi ohjata nuoria heille kuuluviin palveluihin, opintoihin tai ty\u00f6el\u00e4m\u00e4\u00e4n, koska olen saanut kattavamman kuvan ty\u00f6valmennuksen koko laajasta kent\u00e4st\u00e4 ja yhteisty\u00f6tahoista. Koulutuksessa saamani tuen my\u00f6t\u00e4 uskallan my\u00f6s ehk\u00e4 enemm\u00e4n toteuttaa ty\u00f6t\u00e4 oman osaamiseni kautta. Aikaisemmat opintoni ja ty\u00f6kokemukseni toimivatkin tosi hyvin voimavaroina, jotka olen opintojen my\u00f6t\u00e4 l\u00f6yt\u00e4nyt. Minua on my\u00f6s kannustettu tuomaan omaa osaamistani enemm\u00e4n esille ja kannustus tuntuu hyv\u00e4lt\u00e4. Olen alan vaihtaja it-alalta ja luonto- ja el\u00e4ininnostukseni my\u00f6t\u00e4 haluan suuntautua alalle, jossa voin auttaa ihmisi\u00e4 l\u00f6yt\u00e4m\u00e4\u00e4n samanlaisia kokemuksia el\u00e4inten ja luonnon avulla. Koen saavani ty\u00f6valmentajan erikoisammattitutkinnosta hyv\u00e4t l\u00e4ht\u00f6kohdat uuden ammattini toteuttamiseen ja olen iloinen, ett\u00e4 p\u00e4\u00e4sin opintoihin mukaan. <\/p>\n","protected":false},"excerpt":{"rendered":"<p>Ty\u00f6valmentajaopiskelijoiden kokoontuessa iloinen pulina t\u00e4ytt\u00e4\u00e4 tunnit. Koulutukseen mukaan tulleet opiskelijat ovat kaikki ty\u00f6el\u00e4m\u00e4ss\u00e4 mukana ja toimivat ty\u00f6valmentajina tai vastaavissa teht\u00e4viss\u00e4 omilla ty\u00f6paikoillaan. Kun olemme kohdanneet koulutuksissa on kaikilla asiaa ja paljon jaettavaa siit\u00e4 mit\u00e4 viimeaikoina on tehty ja miten opinnot ovat omaan ty\u00f6h\u00f6n vertautuneet. Parasta opinnoissa onkin ollut muiden opiskelijoiden n\u00e4k\u00f6kantojen kuuleminen, heihin tutustuminen, heid\u00e4n &hellip; <a href=\"https:\/\/blogit.gradia.fi\/soteammattilaiset\/2016\/11\/22\/tyovalmentajaksi\/\" class=\"more-link\">Jatka lukemista <span class=\"screen-reader-text\">TY\u00d6VALMENTAJAKSI<\/span> <span class=\"meta-nav\">&rarr;<\/span><\/a><\/p>\n","protected":false},"author":1131,"featured_media":0,"comment_status":"open","ping_status":"open","sticky":false,"template":"","format":"standard","meta":{"_uag_custom_page_level_css":"","footnotes":""},"categories":[1],"tags":[],"class_list":["post-202","post","type-post","status-publish","format-standard","hentry","category-yleinen"],"yoast_head":"<!-- This site is optimized with the Yoast SEO plugin v27.5 - https:\/\/yoast.com\/product\/yoast-seo-wordpress\/ -->\n<title>TY\u00d6VALMENTAJAKSI - Sote ammattilaiset<\/title>\n<meta name=\"robots\" content=\"index, follow, max-snippet:-1, max-image-preview:large, max-video-preview:-1\" \/>\n<link rel=\"canonical\" href=\"https:\/\/blogit.gradia.fi\/soteammattilaiset\/2016\/11\/22\/tyovalmentajaksi\/\" \/>\n<meta property=\"og:locale\" content=\"fi_FI\" \/>\n<meta property=\"og:type\" content=\"article\" \/>\n<meta property=\"og:title\" content=\"TY\u00d6VALMENTAJAKSI - Sote ammattilaiset\" \/>\n<meta property=\"og:description\" content=\"Ty\u00f6valmentajaopiskelijoiden kokoontuessa iloinen pulina t\u00e4ytt\u00e4\u00e4 tunnit. Koulutukseen mukaan tulleet opiskelijat ovat kaikki ty\u00f6el\u00e4m\u00e4ss\u00e4 mukana ja toimivat ty\u00f6valmentajina tai vastaavissa teht\u00e4viss\u00e4 omilla ty\u00f6paikoillaan. Kun olemme kohdanneet koulutuksissa on kaikilla asiaa ja paljon jaettavaa siit\u00e4 mit\u00e4 viimeaikoina on tehty ja miten opinnot ovat omaan ty\u00f6h\u00f6n vertautuneet. Parasta opinnoissa onkin ollut muiden opiskelijoiden n\u00e4k\u00f6kantojen kuuleminen, heihin tutustuminen, heid\u00e4n &hellip; Jatka lukemista TY\u00d6VALMENTAJAKSI &rarr;\" \/>\n<meta property=\"og:url\" content=\"https:\/\/blogit.gradia.fi\/soteammattilaiset\/2016\/11\/22\/tyovalmentajaksi\/\" \/>\n<meta property=\"og:site_name\" content=\"Sote ammattilaiset\" \/>\n<meta property=\"article:published_time\" content=\"2016-11-22T11:27:11+00:00\" \/>\n<meta name=\"author\" content=\"arkistoija\" \/>\n<meta name=\"twitter:card\" content=\"summary_large_image\" \/>\n<meta name=\"twitter:label1\" content=\"Kirjoittanut\" \/>\n\t<meta name=\"twitter:data1\" content=\"arkistoija\" \/>\n\t<meta name=\"twitter:label2\" content=\"Arvioitu lukuaika\" \/>\n\t<meta name=\"twitter:data2\" content=\"2 minuuttia\" \/>\n<script type=\"application\/ld+json\" class=\"yoast-schema-graph\">{\"@context\":\"https:\\\/\\\/schema.org\",\"@graph\":[{\"@type\":\"Article\",\"@id\":\"https:\\\/\\\/blogit.gradia.fi\\\/soteammattilaiset\\\/2016\\\/11\\\/22\\\/tyovalmentajaksi\\\/#article\",\"isPartOf\":{\"@id\":\"https:\\\/\\\/blogit.gradia.fi\\\/soteammattilaiset\\\/2016\\\/11\\\/22\\\/tyovalmentajaksi\\\/\"},\"author\":{\"name\":\"arkistoija\",\"@id\":\"https:\\\/\\\/blogit.gradia.fi\\\/soteammattilaiset\\\/#\\\/schema\\\/person\\\/7c0f9369c55e66511d89304e30dff7fc\"},\"headline\":\"TY\u00d6VALMENTAJAKSI\",\"datePublished\":\"2016-11-22T11:27:11+00:00\",\"mainEntityOfPage\":{\"@id\":\"https:\\\/\\\/blogit.gradia.fi\\\/soteammattilaiset\\\/2016\\\/11\\\/22\\\/tyovalmentajaksi\\\/\"},\"wordCount\":447,\"commentCount\":0,\"inLanguage\":\"fi\",\"potentialAction\":[{\"@type\":\"CommentAction\",\"name\":\"Comment\",\"target\":[\"https:\\\/\\\/blogit.gradia.fi\\\/soteammattilaiset\\\/2016\\\/11\\\/22\\\/tyovalmentajaksi\\\/#respond\"]}]},{\"@type\":\"WebPage\",\"@id\":\"https:\\\/\\\/blogit.gradia.fi\\\/soteammattilaiset\\\/2016\\\/11\\\/22\\\/tyovalmentajaksi\\\/\",\"url\":\"https:\\\/\\\/blogit.gradia.fi\\\/soteammattilaiset\\\/2016\\\/11\\\/22\\\/tyovalmentajaksi\\\/\",\"name\":\"TY\u00d6VALMENTAJAKSI - Sote ammattilaiset\",\"isPartOf\":{\"@id\":\"https:\\\/\\\/blogit.gradia.fi\\\/soteammattilaiset\\\/#website\"},\"datePublished\":\"2016-11-22T11:27:11+00:00\",\"author\":{\"@id\":\"https:\\\/\\\/blogit.gradia.fi\\\/soteammattilaiset\\\/#\\\/schema\\\/person\\\/7c0f9369c55e66511d89304e30dff7fc\"},\"inLanguage\":\"fi\",\"potentialAction\":[{\"@type\":\"ReadAction\",\"target\":[\"https:\\\/\\\/blogit.gradia.fi\\\/soteammattilaiset\\\/2016\\\/11\\\/22\\\/tyovalmentajaksi\\\/\"]}]},{\"@type\":\"WebSite\",\"@id\":\"https:\\\/\\\/blogit.gradia.fi\\\/soteammattilaiset\\\/#website\",\"url\":\"https:\\\/\\\/blogit.gradia.fi\\\/soteammattilaiset\\\/\",\"name\":\"Sote ammattilaiset\",\"description\":\"Gradia Jyv\u00e4skyl\u00e4 \\\/ Osallisuus ja ohjaaminen palvelut ammatti- ja erikoisammattitutkinnot\",\"potentialAction\":[{\"@type\":\"SearchAction\",\"target\":{\"@type\":\"EntryPoint\",\"urlTemplate\":\"https:\\\/\\\/blogit.gradia.fi\\\/soteammattilaiset\\\/?s={search_term_string}\"},\"query-input\":{\"@type\":\"PropertyValueSpecification\",\"valueRequired\":true,\"valueName\":\"search_term_string\"}}],\"inLanguage\":\"fi\"},{\"@type\":\"Person\",\"@id\":\"https:\\\/\\\/blogit.gradia.fi\\\/soteammattilaiset\\\/#\\\/schema\\\/person\\\/7c0f9369c55e66511d89304e30dff7fc\",\"name\":\"arkistoija\",\"image\":{\"@type\":\"ImageObject\",\"inLanguage\":\"fi\",\"@id\":\"https:\\\/\\\/secure.gravatar.com\\\/avatar\\\/42e8c66b081268e60e8dd6fe8562e547e1a2a5e488c322818ec35170458cb1af?s=96&d=mm&r=g\",\"url\":\"https:\\\/\\\/secure.gravatar.com\\\/avatar\\\/42e8c66b081268e60e8dd6fe8562e547e1a2a5e488c322818ec35170458cb1af?s=96&d=mm&r=g\",\"contentUrl\":\"https:\\\/\\\/secure.gravatar.com\\\/avatar\\\/42e8c66b081268e60e8dd6fe8562e547e1a2a5e488c322818ec35170458cb1af?s=96&d=mm&r=g\",\"caption\":\"arkistoija\"},\"url\":\"https:\\\/\\\/blogit.gradia.fi\\\/soteammattilaiset\\\/author\\\/arkistoija\\\/\"}]}<\/script>\n<!-- \/ Yoast SEO plugin. -->","yoast_head_json":{"title":"TY\u00d6VALMENTAJAKSI - Sote ammattilaiset","robots":{"index":"index","follow":"follow","max-snippet":"max-snippet:-1","max-image-preview":"max-image-preview:large","max-video-preview":"max-video-preview:-1"},"canonical":"https:\/\/blogit.gradia.fi\/soteammattilaiset\/2016\/11\/22\/tyovalmentajaksi\/","og_locale":"fi_FI","og_type":"article","og_title":"TY\u00d6VALMENTAJAKSI - Sote ammattilaiset","og_description":"Ty\u00f6valmentajaopiskelijoiden kokoontuessa iloinen pulina t\u00e4ytt\u00e4\u00e4 tunnit. Koulutukseen mukaan tulleet opiskelijat ovat kaikki ty\u00f6el\u00e4m\u00e4ss\u00e4 mukana ja toimivat ty\u00f6valmentajina tai vastaavissa teht\u00e4viss\u00e4 omilla ty\u00f6paikoillaan. Kun olemme kohdanneet koulutuksissa on kaikilla asiaa ja paljon jaettavaa siit\u00e4 mit\u00e4 viimeaikoina on tehty ja miten opinnot ovat omaan ty\u00f6h\u00f6n vertautuneet. Parasta opinnoissa onkin ollut muiden opiskelijoiden n\u00e4k\u00f6kantojen kuuleminen, heihin tutustuminen, heid\u00e4n &hellip; Jatka lukemista TY\u00d6VALMENTAJAKSI &rarr;","og_url":"https:\/\/blogit.gradia.fi\/soteammattilaiset\/2016\/11\/22\/tyovalmentajaksi\/","og_site_name":"Sote ammattilaiset","article_published_time":"2016-11-22T11:27:11+00:00","author":"arkistoija","twitter_card":"summary_large_image","twitter_misc":{"Kirjoittanut":"arkistoija","Arvioitu lukuaika":"2 minuuttia"},"schema":{"@context":"https:\/\/schema.org","@graph":[{"@type":"Article","@id":"https:\/\/blogit.gradia.fi\/soteammattilaiset\/2016\/11\/22\/tyovalmentajaksi\/#article","isPartOf":{"@id":"https:\/\/blogit.gradia.fi\/soteammattilaiset\/2016\/11\/22\/tyovalmentajaksi\/"},"author":{"name":"arkistoija","@id":"https:\/\/blogit.gradia.fi\/soteammattilaiset\/#\/schema\/person\/7c0f9369c55e66511d89304e30dff7fc"},"headline":"TY\u00d6VALMENTAJAKSI","datePublished":"2016-11-22T11:27:11+00:00","mainEntityOfPage":{"@id":"https:\/\/blogit.gradia.fi\/soteammattilaiset\/2016\/11\/22\/tyovalmentajaksi\/"},"wordCount":447,"commentCount":0,"inLanguage":"fi","potentialAction":[{"@type":"CommentAction","name":"Comment","target":["https:\/\/blogit.gradia.fi\/soteammattilaiset\/2016\/11\/22\/tyovalmentajaksi\/#respond"]}]},{"@type":"WebPage","@id":"https:\/\/blogit.gradia.fi\/soteammattilaiset\/2016\/11\/22\/tyovalmentajaksi\/","url":"https:\/\/blogit.gradia.fi\/soteammattilaiset\/2016\/11\/22\/tyovalmentajaksi\/","name":"TY\u00d6VALMENTAJAKSI - Sote ammattilaiset","isPartOf":{"@id":"https:\/\/blogit.gradia.fi\/soteammattilaiset\/#website"},"datePublished":"2016-11-22T11:27:11+00:00","author":{"@id":"https:\/\/blogit.gradia.fi\/soteammattilaiset\/#\/schema\/person\/7c0f9369c55e66511d89304e30dff7fc"},"inLanguage":"fi","potentialAction":[{"@type":"ReadAction","target":["https:\/\/blogit.gradia.fi\/soteammattilaiset\/2016\/11\/22\/tyovalmentajaksi\/"]}]},{"@type":"WebSite","@id":"https:\/\/blogit.gradia.fi\/soteammattilaiset\/#website","url":"https:\/\/blogit.gradia.fi\/soteammattilaiset\/","name":"Sote ammattilaiset","description":"Gradia Jyv\u00e4skyl\u00e4 \/ Osallisuus ja ohjaaminen palvelut ammatti- ja erikoisammattitutkinnot","potentialAction":[{"@type":"SearchAction","target":{"@type":"EntryPoint","urlTemplate":"https:\/\/blogit.gradia.fi\/soteammattilaiset\/?s={search_term_string}"},"query-input":{"@type":"PropertyValueSpecification","valueRequired":true,"valueName":"search_term_string"}}],"inLanguage":"fi"},{"@type":"Person","@id":"https:\/\/blogit.gradia.fi\/soteammattilaiset\/#\/schema\/person\/7c0f9369c55e66511d89304e30dff7fc","name":"arkistoija","image":{"@type":"ImageObject","inLanguage":"fi","@id":"https:\/\/secure.gravatar.com\/avatar\/42e8c66b081268e60e8dd6fe8562e547e1a2a5e488c322818ec35170458cb1af?s=96&d=mm&r=g","url":"https:\/\/secure.gravatar.com\/avatar\/42e8c66b081268e60e8dd6fe8562e547e1a2a5e488c322818ec35170458cb1af?s=96&d=mm&r=g","contentUrl":"https:\/\/secure.gravatar.com\/avatar\/42e8c66b081268e60e8dd6fe8562e547e1a2a5e488c322818ec35170458cb1af?s=96&d=mm&r=g","caption":"arkistoija"},"url":"https:\/\/blogit.gradia.fi\/soteammattilaiset\/author\/arkistoija\/"}]}},"uagb_featured_image_src":{"full":false,"thumbnail":false,"medium":false,"medium_large":false,"large":false,"1536x1536":false,"2048x2048":false,"post-thumbnail":false},"uagb_author_info":{"display_name":"arkistoija","author_link":"https:\/\/blogit.gradia.fi\/soteammattilaiset\/author\/arkistoija\/"},"uagb_comment_info":6,"uagb_excerpt":"Ty\u00f6valmentajaopiskelijoiden kokoontuessa iloinen pulina t\u00e4ytt\u00e4\u00e4 tunnit. Koulutukseen mukaan tulleet opiskelijat ovat kaikki ty\u00f6el\u00e4m\u00e4ss\u00e4 mukana ja toimivat ty\u00f6valmentajina tai vastaavissa teht\u00e4viss\u00e4 omilla ty\u00f6paikoillaan. Kun olemme kohdanneet koulutuksissa on kaikilla asiaa ja paljon jaettavaa siit\u00e4 mit\u00e4 viimeaikoina on tehty ja miten opinnot ovat omaan ty\u00f6h\u00f6n vertautuneet. Parasta opinnoissa onkin ollut muiden opiskelijoiden n\u00e4k\u00f6kantojen kuuleminen, heihin tutustuminen, heid\u00e4n&hellip;","_links":{"self":[{"href":"https:\/\/blogit.gradia.fi\/soteammattilaiset\/wp-json\/wp\/v2\/posts\/202","targetHints":{"allow":["GET"]}}],"collection":[{"href":"https:\/\/blogit.gradia.fi\/soteammattilaiset\/wp-json\/wp\/v2\/posts"}],"about":[{"href":"https:\/\/blogit.gradia.fi\/soteammattilaiset\/wp-json\/wp\/v2\/types\/post"}],"author":[{"embeddable":true,"href":"https:\/\/blogit.gradia.fi\/soteammattilaiset\/wp-json\/wp\/v2\/users\/1131"}],"replies":[{"embeddable":true,"href":"https:\/\/blogit.gradia.fi\/soteammattilaiset\/wp-json\/wp\/v2\/comments?post=202"}],"version-history":[{"count":0,"href":"https:\/\/blogit.gradia.fi\/soteammattilaiset\/wp-json\/wp\/v2\/posts\/202\/revisions"}],"wp:attachment":[{"href":"https:\/\/blogit.gradia.fi\/soteammattilaiset\/wp-json\/wp\/v2\/media?parent=202"}],"wp:term":[{"taxonomy":"category","embeddable":true,"href":"https:\/\/blogit.gradia.fi\/soteammattilaiset\/wp-json\/wp\/v2\/categories?post=202"},{"taxonomy":"post_tag","embeddable":true,"href":"https:\/\/blogit.gradia.fi\/soteammattilaiset\/wp-json\/wp\/v2\/tags?post=202"}],"curies":[{"name":"wp","href":"https:\/\/api.w.org\/{rel}","templated":true}]}}