{"id":1,"date":"2015-11-02T15:15:32","date_gmt":"2015-11-02T13:15:32","guid":{"rendered":"https:\/\/blogit.gradia.fi\/soteammattilaiset\/?p=1"},"modified":"2016-01-18T21:16:51","modified_gmt":"2016-01-18T19:16:51","slug":"moikka-maailma","status":"publish","type":"post","link":"https:\/\/blogit.gradia.fi\/soteammattilaiset\/2015\/11\/02\/moikka-maailma\/","title":{"rendered":"Moikka maailma!"},"content":{"rendered":"<p>Tervetuloa <a href=\"https:\/\/blogit.gradia.fi\/\">ao-blogit<\/a> -sivustolle. T\u00e4nne on tarkoitus ker\u00e4t\u00e4 tietoa Jyv\u00e4skyl\u00e4n aikuisopistossa suoritettavista sosiaali- ja terveysalan ammatti- ja erikoisammattitutkinnoista. Etusivulla julkaistaan opiskelijoiden kirjoittamia artikkeleita erilaisista alaan liittyvist\u00e4 aiheista. V\u00e4lilehdilt\u00e4 puolestaan l\u00f6yd\u00e4t tietoa eri tutkinnoista ja niiden opiskelumahdollisuuksista.<\/p>\n","protected":false},"excerpt":{"rendered":"<p>Tervetuloa ao-blogit -sivustolle. T\u00e4nne on tarkoitus ker\u00e4t\u00e4 tietoa Jyv\u00e4skyl\u00e4n aikuisopistossa suoritettavista sosiaali- ja terveysalan ammatti- ja erikoisammattitutkinnoista. Etusivulla julkaistaan opiskelijoiden kirjoittamia artikkeleita erilaisista alaan liittyvist\u00e4 aiheista. V\u00e4lilehdilt\u00e4 puolestaan l\u00f6yd\u00e4t tietoa eri tutkinnoista ja niiden opiskelumahdollisuuksista.<\/p>\n","protected":false},"author":1131,"featured_media":0,"comment_status":"open","ping_status":"open","sticky":false,"template":"","format":"standard","meta":{"_uag_custom_page_level_css":"","footnotes":""},"categories":[1],"tags":[],"class_list":["post-1","post","type-post","status-publish","format-standard","hentry","category-yleinen"],"yoast_head":"<!-- This site is optimized with the Yoast SEO plugin v27.5 - https:\/\/yoast.com\/product\/yoast-seo-wordpress\/ -->\n<title>Moikka maailma! - Sote ammattilaiset<\/title>\n<meta name=\"robots\" content=\"index, follow, max-snippet:-1, max-image-preview:large, max-video-preview:-1\" \/>\n<link rel=\"canonical\" href=\"https:\/\/blogit.gradia.fi\/soteammattilaiset\/2015\/11\/02\/moikka-maailma\/\" \/>\n<meta property=\"og:locale\" content=\"fi_FI\" \/>\n<meta property=\"og:type\" content=\"article\" \/>\n<meta property=\"og:title\" content=\"Moikka maailma! - Sote ammattilaiset\" \/>\n<meta property=\"og:description\" content=\"Tervetuloa ao-blogit -sivustolle. T\u00e4nne on tarkoitus ker\u00e4t\u00e4 tietoa Jyv\u00e4skyl\u00e4n aikuisopistossa suoritettavista sosiaali- ja terveysalan ammatti- ja erikoisammattitutkinnoista. Etusivulla julkaistaan opiskelijoiden kirjoittamia artikkeleita erilaisista alaan liittyvist\u00e4 aiheista. V\u00e4lilehdilt\u00e4 puolestaan l\u00f6yd\u00e4t tietoa eri tutkinnoista ja niiden opiskelumahdollisuuksista.\" \/>\n<meta property=\"og:url\" content=\"https:\/\/blogit.gradia.fi\/soteammattilaiset\/2015\/11\/02\/moikka-maailma\/\" \/>\n<meta property=\"og:site_name\" content=\"Sote ammattilaiset\" \/>\n<meta property=\"article:published_time\" content=\"2015-11-02T13:15:32+00:00\" \/>\n<meta property=\"article:modified_time\" content=\"2016-01-18T19:16:51+00:00\" \/>\n<meta name=\"author\" content=\"arkistoija\" \/>\n<meta name=\"twitter:card\" content=\"summary_large_image\" \/>\n<meta name=\"twitter:label1\" content=\"Kirjoittanut\" \/>\n\t<meta name=\"twitter:data1\" content=\"arkistoija\" \/>\n<script type=\"application\/ld+json\" class=\"yoast-schema-graph\">{\"@context\":\"https:\\\/\\\/schema.org\",\"@graph\":[{\"@type\":\"Article\",\"@id\":\"https:\\\/\\\/blogit.gradia.fi\\\/soteammattilaiset\\\/2015\\\/11\\\/02\\\/moikka-maailma\\\/#article\",\"isPartOf\":{\"@id\":\"https:\\\/\\\/blogit.gradia.fi\\\/soteammattilaiset\\\/2015\\\/11\\\/02\\\/moikka-maailma\\\/\"},\"author\":{\"name\":\"arkistoija\",\"@id\":\"https:\\\/\\\/blogit.gradia.fi\\\/soteammattilaiset\\\/#\\\/schema\\\/person\\\/7c0f9369c55e66511d89304e30dff7fc\"},\"headline\":\"Moikka maailma!\",\"datePublished\":\"2015-11-02T13:15:32+00:00\",\"dateModified\":\"2016-01-18T19:16:51+00:00\",\"mainEntityOfPage\":{\"@id\":\"https:\\\/\\\/blogit.gradia.fi\\\/soteammattilaiset\\\/2015\\\/11\\\/02\\\/moikka-maailma\\\/\"},\"wordCount\":44,\"commentCount\":0,\"inLanguage\":\"fi\",\"potentialAction\":[{\"@type\":\"CommentAction\",\"name\":\"Comment\",\"target\":[\"https:\\\/\\\/blogit.gradia.fi\\\/soteammattilaiset\\\/2015\\\/11\\\/02\\\/moikka-maailma\\\/#respond\"]}]},{\"@type\":\"WebPage\",\"@id\":\"https:\\\/\\\/blogit.gradia.fi\\\/soteammattilaiset\\\/2015\\\/11\\\/02\\\/moikka-maailma\\\/\",\"url\":\"https:\\\/\\\/blogit.gradia.fi\\\/soteammattilaiset\\\/2015\\\/11\\\/02\\\/moikka-maailma\\\/\",\"name\":\"Moikka maailma! - Sote ammattilaiset\",\"isPartOf\":{\"@id\":\"https:\\\/\\\/blogit.gradia.fi\\\/soteammattilaiset\\\/#website\"},\"datePublished\":\"2015-11-02T13:15:32+00:00\",\"dateModified\":\"2016-01-18T19:16:51+00:00\",\"author\":{\"@id\":\"https:\\\/\\\/blogit.gradia.fi\\\/soteammattilaiset\\\/#\\\/schema\\\/person\\\/7c0f9369c55e66511d89304e30dff7fc\"},\"inLanguage\":\"fi\",\"potentialAction\":[{\"@type\":\"ReadAction\",\"target\":[\"https:\\\/\\\/blogit.gradia.fi\\\/soteammattilaiset\\\/2015\\\/11\\\/02\\\/moikka-maailma\\\/\"]}]},{\"@type\":\"WebSite\",\"@id\":\"https:\\\/\\\/blogit.gradia.fi\\\/soteammattilaiset\\\/#website\",\"url\":\"https:\\\/\\\/blogit.gradia.fi\\\/soteammattilaiset\\\/\",\"name\":\"Sote ammattilaiset\",\"description\":\"Gradia Jyv\u00e4skyl\u00e4 \\\/ Osallisuus ja ohjaaminen palvelut ammatti- ja erikoisammattitutkinnot\",\"potentialAction\":[{\"@type\":\"SearchAction\",\"target\":{\"@type\":\"EntryPoint\",\"urlTemplate\":\"https:\\\/\\\/blogit.gradia.fi\\\/soteammattilaiset\\\/?s={search_term_string}\"},\"query-input\":{\"@type\":\"PropertyValueSpecification\",\"valueRequired\":true,\"valueName\":\"search_term_string\"}}],\"inLanguage\":\"fi\"},{\"@type\":\"Person\",\"@id\":\"https:\\\/\\\/blogit.gradia.fi\\\/soteammattilaiset\\\/#\\\/schema\\\/person\\\/7c0f9369c55e66511d89304e30dff7fc\",\"name\":\"arkistoija\",\"image\":{\"@type\":\"ImageObject\",\"inLanguage\":\"fi\",\"@id\":\"https:\\\/\\\/secure.gravatar.com\\\/avatar\\\/42e8c66b081268e60e8dd6fe8562e547e1a2a5e488c322818ec35170458cb1af?s=96&d=mm&r=g\",\"url\":\"https:\\\/\\\/secure.gravatar.com\\\/avatar\\\/42e8c66b081268e60e8dd6fe8562e547e1a2a5e488c322818ec35170458cb1af?s=96&d=mm&r=g\",\"contentUrl\":\"https:\\\/\\\/secure.gravatar.com\\\/avatar\\\/42e8c66b081268e60e8dd6fe8562e547e1a2a5e488c322818ec35170458cb1af?s=96&d=mm&r=g\",\"caption\":\"arkistoija\"},\"url\":\"https:\\\/\\\/blogit.gradia.fi\\\/soteammattilaiset\\\/author\\\/arkistoija\\\/\"}]}<\/script>\n<!-- \/ Yoast SEO plugin. -->","yoast_head_json":{"title":"Moikka maailma! - Sote ammattilaiset","robots":{"index":"index","follow":"follow","max-snippet":"max-snippet:-1","max-image-preview":"max-image-preview:large","max-video-preview":"max-video-preview:-1"},"canonical":"https:\/\/blogit.gradia.fi\/soteammattilaiset\/2015\/11\/02\/moikka-maailma\/","og_locale":"fi_FI","og_type":"article","og_title":"Moikka maailma! - Sote ammattilaiset","og_description":"Tervetuloa ao-blogit -sivustolle. T\u00e4nne on tarkoitus ker\u00e4t\u00e4 tietoa Jyv\u00e4skyl\u00e4n aikuisopistossa suoritettavista sosiaali- ja terveysalan ammatti- ja erikoisammattitutkinnoista. Etusivulla julkaistaan opiskelijoiden kirjoittamia artikkeleita erilaisista alaan liittyvist\u00e4 aiheista. V\u00e4lilehdilt\u00e4 puolestaan l\u00f6yd\u00e4t tietoa eri tutkinnoista ja niiden opiskelumahdollisuuksista.","og_url":"https:\/\/blogit.gradia.fi\/soteammattilaiset\/2015\/11\/02\/moikka-maailma\/","og_site_name":"Sote ammattilaiset","article_published_time":"2015-11-02T13:15:32+00:00","article_modified_time":"2016-01-18T19:16:51+00:00","author":"arkistoija","twitter_card":"summary_large_image","twitter_misc":{"Kirjoittanut":"arkistoija"},"schema":{"@context":"https:\/\/schema.org","@graph":[{"@type":"Article","@id":"https:\/\/blogit.gradia.fi\/soteammattilaiset\/2015\/11\/02\/moikka-maailma\/#article","isPartOf":{"@id":"https:\/\/blogit.gradia.fi\/soteammattilaiset\/2015\/11\/02\/moikka-maailma\/"},"author":{"name":"arkistoija","@id":"https:\/\/blogit.gradia.fi\/soteammattilaiset\/#\/schema\/person\/7c0f9369c55e66511d89304e30dff7fc"},"headline":"Moikka maailma!","datePublished":"2015-11-02T13:15:32+00:00","dateModified":"2016-01-18T19:16:51+00:00","mainEntityOfPage":{"@id":"https:\/\/blogit.gradia.fi\/soteammattilaiset\/2015\/11\/02\/moikka-maailma\/"},"wordCount":44,"commentCount":0,"inLanguage":"fi","potentialAction":[{"@type":"CommentAction","name":"Comment","target":["https:\/\/blogit.gradia.fi\/soteammattilaiset\/2015\/11\/02\/moikka-maailma\/#respond"]}]},{"@type":"WebPage","@id":"https:\/\/blogit.gradia.fi\/soteammattilaiset\/2015\/11\/02\/moikka-maailma\/","url":"https:\/\/blogit.gradia.fi\/soteammattilaiset\/2015\/11\/02\/moikka-maailma\/","name":"Moikka maailma! - Sote ammattilaiset","isPartOf":{"@id":"https:\/\/blogit.gradia.fi\/soteammattilaiset\/#website"},"datePublished":"2015-11-02T13:15:32+00:00","dateModified":"2016-01-18T19:16:51+00:00","author":{"@id":"https:\/\/blogit.gradia.fi\/soteammattilaiset\/#\/schema\/person\/7c0f9369c55e66511d89304e30dff7fc"},"inLanguage":"fi","potentialAction":[{"@type":"ReadAction","target":["https:\/\/blogit.gradia.fi\/soteammattilaiset\/2015\/11\/02\/moikka-maailma\/"]}]},{"@type":"WebSite","@id":"https:\/\/blogit.gradia.fi\/soteammattilaiset\/#website","url":"https:\/\/blogit.gradia.fi\/soteammattilaiset\/","name":"Sote ammattilaiset","description":"Gradia Jyv\u00e4skyl\u00e4 \/ Osallisuus ja ohjaaminen palvelut ammatti- ja erikoisammattitutkinnot","potentialAction":[{"@type":"SearchAction","target":{"@type":"EntryPoint","urlTemplate":"https:\/\/blogit.gradia.fi\/soteammattilaiset\/?s={search_term_string}"},"query-input":{"@type":"PropertyValueSpecification","valueRequired":true,"valueName":"search_term_string"}}],"inLanguage":"fi"},{"@type":"Person","@id":"https:\/\/blogit.gradia.fi\/soteammattilaiset\/#\/schema\/person\/7c0f9369c55e66511d89304e30dff7fc","name":"arkistoija","image":{"@type":"ImageObject","inLanguage":"fi","@id":"https:\/\/secure.gravatar.com\/avatar\/42e8c66b081268e60e8dd6fe8562e547e1a2a5e488c322818ec35170458cb1af?s=96&d=mm&r=g","url":"https:\/\/secure.gravatar.com\/avatar\/42e8c66b081268e60e8dd6fe8562e547e1a2a5e488c322818ec35170458cb1af?s=96&d=mm&r=g","contentUrl":"https:\/\/secure.gravatar.com\/avatar\/42e8c66b081268e60e8dd6fe8562e547e1a2a5e488c322818ec35170458cb1af?s=96&d=mm&r=g","caption":"arkistoija"},"url":"https:\/\/blogit.gradia.fi\/soteammattilaiset\/author\/arkistoija\/"}]}},"uagb_featured_image_src":{"full":false,"thumbnail":false,"medium":false,"medium_large":false,"large":false,"1536x1536":false,"2048x2048":false,"post-thumbnail":false},"uagb_author_info":{"display_name":"arkistoija","author_link":"https:\/\/blogit.gradia.fi\/soteammattilaiset\/author\/arkistoija\/"},"uagb_comment_info":25,"uagb_excerpt":"Tervetuloa ao-blogit -sivustolle. T\u00e4nne on tarkoitus ker\u00e4t\u00e4 tietoa Jyv\u00e4skyl\u00e4n aikuisopistossa suoritettavista sosiaali- ja terveysalan ammatti- ja erikoisammattitutkinnoista. Etusivulla julkaistaan opiskelijoiden kirjoittamia artikkeleita erilaisista alaan liittyvist\u00e4 aiheista. V\u00e4lilehdilt\u00e4 puolestaan l\u00f6yd\u00e4t tietoa eri tutkinnoista ja niiden opiskelumahdollisuuksista.","_links":{"self":[{"href":"https:\/\/blogit.gradia.fi\/soteammattilaiset\/wp-json\/wp\/v2\/posts\/1","targetHints":{"allow":["GET"]}}],"collection":[{"href":"https:\/\/blogit.gradia.fi\/soteammattilaiset\/wp-json\/wp\/v2\/posts"}],"about":[{"href":"https:\/\/blogit.gradia.fi\/soteammattilaiset\/wp-json\/wp\/v2\/types\/post"}],"author":[{"embeddable":true,"href":"https:\/\/blogit.gradia.fi\/soteammattilaiset\/wp-json\/wp\/v2\/users\/1131"}],"replies":[{"embeddable":true,"href":"https:\/\/blogit.gradia.fi\/soteammattilaiset\/wp-json\/wp\/v2\/comments?post=1"}],"version-history":[{"count":0,"href":"https:\/\/blogit.gradia.fi\/soteammattilaiset\/wp-json\/wp\/v2\/posts\/1\/revisions"}],"wp:attachment":[{"href":"https:\/\/blogit.gradia.fi\/soteammattilaiset\/wp-json\/wp\/v2\/media?parent=1"}],"wp:term":[{"taxonomy":"category","embeddable":true,"href":"https:\/\/blogit.gradia.fi\/soteammattilaiset\/wp-json\/wp\/v2\/categories?post=1"},{"taxonomy":"post_tag","embeddable":true,"href":"https:\/\/blogit.gradia.fi\/soteammattilaiset\/wp-json\/wp\/v2\/tags?post=1"}],"curies":[{"name":"wp","href":"https:\/\/api.w.org\/{rel}","templated":true}]}}