{"id":75,"date":"2014-01-26T14:52:13","date_gmt":"2014-01-26T12:52:13","guid":{"rendered":"https:\/\/blogit.gradia.fi\/raksalla\/?p=75"},"modified":"2014-01-31T16:34:41","modified_gmt":"2014-01-31T14:34:41","slug":"opotop-viikko3-ulkotoissa","status":"publish","type":"post","link":"https:\/\/blogit.gradia.fi\/raksalla\/2014\/01\/26\/opotop-viikko3-ulkotoissa\/","title":{"rendered":"opo TOP, viikko3: Ulkot\u00f6iss\u00e4"},"content":{"rendered":"<p>Viime sunnuntain\u00a0Keskisuomalaisessa NCC haki isolla ilmoituksella Jyv\u00e4skyl\u00e4n alueen ty\u00f6maille vastaavia ty\u00f6njohtajia, ty\u00f6njohtajia, takuut\u00f6iden ty\u00f6njohtajia ja ty\u00f6maainsin\u00f6\u00f6rej\u00e4. Asiakaspalveluhenkisi\u00e4, avoimia, innokkaita, j\u00e4rjestelm\u00e4llisi\u00e4, erilaisissa ty\u00f6ymp\u00e4rist\u00f6iss\u00e4 erilaisten ihmisten kanssa toimeentulevia, rakennusalan soveltuvan koulutuksen ja muutaman vuoden ty\u00f6kokemuksen omaavia osaajia toivottiin. Talonrakentajia ei nyt haettu.<\/p>\n<p>Min\u00e4 ty\u00f6skentelin kolmannen ty\u00f6el\u00e4m\u00e4jaksoviikkoni alkajaisiksi jo tutuksi tulleella ty\u00f6maalla. Aloitimme viikon tekem\u00e4ll\u00e4 villoituksia. Nyt uskaltauduin jo henkil\u00f6nostimenkin kyytiin, mutta minulla ty\u00f6nteko sujui kyll\u00e4 paremmin maasta k\u00e4sin. Tarvitsimme villoitust\u00f6iss\u00e4 mittaa, timpurin kyn\u00e4\u00e4 ja villapuukkoa. Laudanp\u00e4tk\u00e4 sai toimia viivaimena, ett\u00e4 saimme leikelty\u00e4 sopivan kokoisia paloja katon rajaan. Tulevan viimeistelyvalun tielt\u00e4 meid\u00e4n piti siirrell\u00e4 toiseen paikkaan laattalavoja yms. T\u00e4h\u00e4n ty\u00f6h\u00f6n t\u00e4ytyi etsi\u00e4 avuksi muuan Huli. H\u00e4n, tai siis se, osoittautui haarukkavaunuksi. Tuttu kaveri vuosien takaa kes\u00e4t\u00f6ist\u00e4 elintarvikerekan apulaisena\u2026<\/p>\n<p style=\"text-align: center\"><a href=\"https:\/\/blogit.gradia.fi\/raksalla\/wp-content\/uploads\/sites\/108\/2014\/01\/kuv13.jpg\"><img loading=\"lazy\" decoding=\"async\" class=\"alignleft\" style=\"width: 470px\" alt=\"kuv13\" src=\"https:\/\/blogit.gradia.fi\/raksalla\/wp-content\/uploads\/sites\/108\/2014\/01\/kuv13-300x225.jpg\" width=\"300\" height=\"326\" \/><\/a><a href=\"https:\/\/blogit.gradia.fi\/raksalla\/wp-content\/uploads\/sites\/108\/2014\/01\/Kuv14.jpg\"><br \/>\n<\/a><\/p>\n<p><a href=\"https:\/\/blogit.gradia.fi\/raksalla\/wp-content\/uploads\/sites\/108\/2014\/01\/Kuv14.jpg\"><img loading=\"lazy\" decoding=\"async\" style=\"width: 171px\" alt=\"Kuv14\" src=\"https:\/\/blogit.gradia.fi\/raksalla\/wp-content\/uploads\/sites\/108\/2014\/01\/Kuv14-300x225.jpg\" width=\"300\" height=\"108\" \/><\/a><\/p>\n<p>&nbsp;<\/p>\n<p>&nbsp;<\/p>\n<p>&nbsp;<\/p>\n<p>&nbsp;<\/p>\n<p>Tiistaina ty\u00f6skentelimme toisen kerroksen katolla. Maisemat olivat huimia ja huimaukseenkin tottui. Lapioimme tuloilmakammioiden lattialle papuja eli lekasoraa. P\u00e4\u00e4lle sahasimme pari kerrosta eristett\u00e4, jotka vuorasimme uretaanilla. Tavaraa kulki katolle ja katolta pois kurottajan avulla, joskin styroxpaaleja ja finfoamia kannoimme k\u00e4sinkin. P\u00e4\u00e4sin my\u00f6s kokeilemaan v\u00e4h\u00e4n raudoitusta eli surraamaan surrikoukulla surrilankaa \ud83d\ude09<\/p>\n<p><a href=\"https:\/\/blogit.gradia.fi\/raksalla\/wp-content\/uploads\/sites\/108\/2014\/01\/Kuv15.jpg\"><img loading=\"lazy\" decoding=\"async\" style=\"width: 281px\" alt=\"Kuv15\" src=\"https:\/\/blogit.gradia.fi\/raksalla\/wp-content\/uploads\/sites\/108\/2014\/01\/Kuv15-300x225.jpg\" width=\"300\" height=\"221\" \/><\/a>\u00a0\u00a0\u00a0\u00a0 <a href=\"https:\/\/blogit.gradia.fi\/raksalla\/wp-content\/uploads\/sites\/108\/2014\/01\/Kuv16.jpg\"><img loading=\"lazy\" decoding=\"async\" style=\"width: 282px\" alt=\"Kuv16\" src=\"https:\/\/blogit.gradia.fi\/raksalla\/wp-content\/uploads\/sites\/108\/2014\/01\/Kuv16-300x225.jpg\" width=\"300\" height=\"220\" \/><\/a><\/p>\n<p>Talonrakentajat ovat t\u00e4m\u00e4n p\u00e4iv\u00e4n MacGyvereit\u00e4 (tiet\u00e4v\u00e4tk\u00f6 nuoret kuka on MacGyver?), monitaitoisia kavereita, joiden t\u00e4ytyy tehd\u00e4 homma kuin homma alusta loppuun; purku, kasaus, kittaukset, vesieristykset, laatoitukset, maalaukset yms. Hahmottaminen ja piirustustenlukutaito on my\u00f6s t\u00e4rke\u00e4\u00e4. T\u00e4t\u00e4 painottivat erityisesti ty\u00f6maalla tapaamani putki- ja ilmanvaihtoasentajat. Moniosaamisen lis\u00e4ksi ty\u00f6maan kirvesmiehet olivat hyvi\u00e4 ohjaajia. Heid\u00e4t kun saisi monistettua ty\u00f6paikkaohjaajiksi, niin suomalaiset tulevaisuuden tekij\u00e4t olisi turvattu. Vastaava mestari kannusti minua, ett\u00e4 kyll\u00e4 opostakin raksaduunari tulisi. T\u00e4rkeint\u00e4 on uskaltaa tarttua asioihin, niin ne alkavat sujua. Tekem\u00e4ll\u00e4 oppii. T\u00e4m\u00e4n opon kohdalla osaamisvaje on kuitenkin viel\u00e4 niin suuri, ett\u00e4 kaikkien kannalta suutarin on viisainta pysytell\u00e4 lestiss\u00e4\u00e4n \ud83d\ude42<\/p>\n<p><a href=\"https:\/\/blogit.gradia.fi\/raksalla\/wp-content\/uploads\/sites\/108\/2014\/01\/K12.jpg\"><img loading=\"lazy\" decoding=\"async\" style=\"width: 283px\" alt=\"K12\" src=\"https:\/\/blogit.gradia.fi\/raksalla\/wp-content\/uploads\/sites\/108\/2014\/01\/K12-300x225.jpg\" width=\"300\" height=\"217\" \/><\/a>\u00a0\u00a0 <a href=\"https:\/\/blogit.gradia.fi\/raksalla\/wp-content\/uploads\/sites\/108\/2014\/01\/K10.jpg\"><img loading=\"lazy\" decoding=\"async\" style=\"width: 287px\" alt=\"K10\" src=\"https:\/\/blogit.gradia.fi\/raksalla\/wp-content\/uploads\/sites\/108\/2014\/01\/K10-300x225.jpg\" width=\"300\" height=\"210\" \/><\/a><\/p>\n<p>Loppuviikoksi siirryin uudisrakennusty\u00f6maalle, joka oli perustusvaiheessa. T\u00e4ll\u00e4 ty\u00f6maalla oli ty\u00f6ss\u00e4oppimisjaksolla yksi meid\u00e4n oppilaitoksen nykyinen opiskelija ja ilokseni huomasin, ett\u00e4 meilt\u00e4 valmistuneita opiskelijoita ty\u00f6skenteli rakennuksella useampiakin, yksi NCC:ll\u00e4 ja muutamia aliurakoitsijoilla. Nuoret sanoivat oppineensa ammattia paljon my\u00f6s virallisen valmistumisen j\u00e4lkeen ty\u00f6el\u00e4m\u00e4ss\u00e4. Elinik\u00e4inen oppiminen on siis totta t\u00e4\u00e4ll\u00e4kin. Nuoret ammattilaiset l\u00e4hettiv\u00e4t kauttani terveisi\u00e4 entisille opettajilleen ja luokanvalvojilleen!<\/p>\n<p><a href=\"https:\/\/blogit.gradia.fi\/raksalla\/wp-content\/uploads\/sites\/108\/2014\/01\/K15.jpg\"><img loading=\"lazy\" decoding=\"async\" style=\"width: 286px\" alt=\"K15\" src=\"https:\/\/blogit.gradia.fi\/raksalla\/wp-content\/uploads\/sites\/108\/2014\/01\/K15-300x225.jpg\" width=\"300\" height=\"213\" \/><\/a>\u00a0\u00a0 <a href=\"https:\/\/blogit.gradia.fi\/raksalla\/wp-content\/uploads\/sites\/108\/2014\/01\/K11.jpg\"><img loading=\"lazy\" decoding=\"async\" style=\"width: 290px\" alt=\"K11\" src=\"https:\/\/blogit.gradia.fi\/raksalla\/wp-content\/uploads\/sites\/108\/2014\/01\/K11-300x225.jpg\" width=\"300\" height=\"217\" \/><\/a><\/p>\n<p>Ensimm\u00e4inen teht\u00e4v\u00e4ni ty\u00f6njohtajan pit\u00e4m\u00e4n perehdytyksen j\u00e4lkeen uudella ty\u00f6maalla oli k\u00e4yd\u00e4 laittamassa suojia vaarallisesti t\u00f6rr\u00f6tt\u00e4viin raudoituksiin. Perustusvaiheessa olevalla ty\u00f6maalla liikkumisen turvallisuuteen piti kiinnitt\u00e4\u00e4 huomiota. Vieress\u00e4 saatettiin nostaa isoa taakkaa, kaivaa tai tuoda tavaraa. Kaikki aistit saivat olla valppaina ja mielell\u00e4\u00e4n olisi toivonut silm\u00e4t my\u00f6s selk\u00e4\u00e4n ja p\u00e4\u00e4laelle.<\/p>\n<p><a href=\"https:\/\/blogit.gradia.fi\/raksalla\/wp-content\/uploads\/sites\/108\/2014\/01\/K5.jpg\"><img loading=\"lazy\" decoding=\"async\" style=\"width: 290px\" alt=\"K5\" src=\"https:\/\/blogit.gradia.fi\/raksalla\/wp-content\/uploads\/sites\/108\/2014\/01\/K5-300x225.jpg\" width=\"300\" height=\"216\" \/><\/a>\u00a0\u00a0 <a href=\"https:\/\/blogit.gradia.fi\/raksalla\/wp-content\/uploads\/sites\/108\/2014\/01\/K16.jpg\"><img loading=\"lazy\" decoding=\"async\" style=\"width: 291px\" alt=\"K16\" src=\"https:\/\/blogit.gradia.fi\/raksalla\/wp-content\/uploads\/sites\/108\/2014\/01\/K16-300x225.jpg\" width=\"300\" height=\"213\" \/><\/a><\/p>\n<p>Ty\u00f6maalla ty\u00f6skenteli t\u00e4ll\u00e4 hetkell\u00e4 kaksi nosturia; torninosturi ja autonosturi ja lukuisia muita ty\u00f6koneita; py\u00f6r\u00e4alustaisia sek\u00e4 kumitela- ja tela-alustaisia kaivinkoneita, py\u00f6r\u00e4kuormaaja, t\u00e4ryjyri\u00e4 jne. Lis\u00e4ksi p\u00e4iv\u00e4n aikana vieraili muutakin ty\u00f6maaliikennett\u00e4; pumppuautoja, lava-autoja, elementtirekkoja jne. Ensimm\u00e4isi\u00e4 betonisia sein\u00e4elementtej\u00e4 tuotiin samalla kun toisaalla tehtiin maansiirtot\u00f6it\u00e4, tiivistettiin maata, tehtiin ja purettiin muotteja, raudoitettiin, valettiin anturoita, suojattiin ja l\u00e4mmitettiin valua.<\/p>\n<p><a href=\"https:\/\/blogit.gradia.fi\/raksalla\/wp-content\/uploads\/sites\/108\/2014\/01\/K1.jpg\"><img loading=\"lazy\" decoding=\"async\" style=\"width: 290px\" alt=\"K1\" src=\"https:\/\/blogit.gradia.fi\/raksalla\/wp-content\/uploads\/sites\/108\/2014\/01\/K1-300x225.jpg\" width=\"300\" height=\"221\" \/><\/a>\u00a0\u00a0\u00a0 <a href=\"https:\/\/blogit.gradia.fi\/raksalla\/wp-content\/uploads\/sites\/108\/2014\/01\/K3.jpg\"><img loading=\"lazy\" decoding=\"async\" style=\"width: 290px\" alt=\"K3\" src=\"https:\/\/blogit.gradia.fi\/raksalla\/wp-content\/uploads\/sites\/108\/2014\/01\/K3-300x225.jpg\" width=\"300\" height=\"215\" \/><\/a><\/p>\n<p>S\u00e4hk\u00f6\u00e4 ty\u00f6mailla tarvitaan aina, mutta talvella, kun k\u00e4ytet\u00e4\u00e4n l\u00e4mmityskaapeleita, s\u00e4hk\u00f6n katkeamaton saanti on erityisen t\u00e4rke\u00e4\u00e4. Siksi s\u00e4hk\u00f6johtojen toimivuutta piti tarkastaa usein. P\u00e4\u00e4sin my\u00f6s mittaamaan l\u00e4mp\u00f6tiloja valuun upotetuista antureista. Betonipintojen tasainen kosteuspitoisuus varmistetaan peittelem\u00e4ll\u00e4 rakenteet kosteuden haihtumisen est\u00e4miseksi. Kuumabetonia ja l\u00e4mmityst\u00e4 k\u00e4ytett\u00e4ess\u00e4 rakenteen on annettava tasaantua l\u00e4helle ymp\u00e4rist\u00f6n l\u00e4mp\u00f6tilaa ennen kuin muotin saa purkaa. J\u00e4lkihoitoa jatketaan kunnes betoni on saavuttanut riitt\u00e4v\u00e4n lujuuden. Seitsem\u00e4n eri mittauspisteen l\u00e4mp\u00f6tilat vaihtelivat yli 20 astetta valun tuoreuden mukaan. Jo valmiista valuista otin suojana olleet routamatot ja rullasin ne uutta k\u00e4ytt\u00f6\u00e4 varten.<\/p>\n<p><a href=\"https:\/\/blogit.gradia.fi\/raksalla\/wp-content\/uploads\/sites\/108\/2014\/01\/K6.jpg\"><img loading=\"lazy\" decoding=\"async\" style=\"width: 283px\" alt=\"K6\" src=\"https:\/\/blogit.gradia.fi\/raksalla\/wp-content\/uploads\/sites\/108\/2014\/01\/K6-300x225.jpg\" width=\"300\" height=\"209\" \/><\/a>\u00a0\u00a0 <a href=\"https:\/\/blogit.gradia.fi\/raksalla\/wp-content\/uploads\/sites\/108\/2014\/01\/K2.jpg\"><img loading=\"lazy\" decoding=\"async\" style=\"width: 286px\" alt=\"K2\" src=\"https:\/\/blogit.gradia.fi\/raksalla\/wp-content\/uploads\/sites\/108\/2014\/01\/K2-300x225.jpg\" width=\"300\" height=\"213\" \/><\/a><\/p>\n<p>Osa betoniseinien sis\u00e4\u00e4n tulevista raudoista oli v\u00e4\u00e4r\u00e4ss\u00e4 paikassa ja ne piti r\u00e4ll\u00e4k\u00f6id\u00e4 pois. Jostakin kohtaa raudat puuttuivat viel\u00e4 kokonaan. Uusille raudoille piti porata isolla poralla melko massiiviset rei\u00e4t betoniin. T\u00e4ytyi my\u00f6nt\u00e4\u00e4 voimien riitt\u00e4m\u00e4tt\u00f6myys, vaikka kuinka olen yritt\u00e4nyt pit\u00e4\u00e4 voimaa ja kest\u00e4vyytt\u00e4 yll\u00e4 maksamalla kuukausimaksuja liikuntakeskukselle. En vain jaksanut porata tarpeeksi syv\u00e4lle. Siisp\u00e4 sain uuden oman teht\u00e4v\u00e4n. P\u00e4\u00e4sin tekem\u00e4\u00e4n mestoja bitumimiehille. Kaivoin betonianturat esiin hiekan alta lapiolla ja puhalsin irtohiekat ja lumen lehtipuhaltimella. Katuharjalla viel\u00e4 viimeinen silaus ja sitten kiireesti alta pois. Bitumin l\u00e4mp\u00f6tila on kuulemma 350-400 astetta, joskin kylm\u00e4ll\u00e4 ilmalla oli haastetta saada litku riitt\u00e4v\u00e4n kuumaksi. Bitumin levitykseen minulla ei olisikaan ollut asiaa, koska vaatimuksena on musta tulity\u00f6kortti.<\/p>\n<p><a href=\"https:\/\/blogit.gradia.fi\/raksalla\/wp-content\/uploads\/sites\/108\/2014\/01\/K9.jpg\"><img loading=\"lazy\" decoding=\"async\" style=\"width: 292px\" alt=\"K9\" src=\"https:\/\/blogit.gradia.fi\/raksalla\/wp-content\/uploads\/sites\/108\/2014\/01\/K9-300x225.jpg\" width=\"300\" height=\"218\" \/><\/a>\u00a0\u00a0 <a href=\"https:\/\/blogit.gradia.fi\/raksalla\/wp-content\/uploads\/sites\/108\/2014\/01\/K14.jpg\"><img loading=\"lazy\" decoding=\"async\" style=\"width: 295px\" alt=\"K14\" src=\"https:\/\/blogit.gradia.fi\/raksalla\/wp-content\/uploads\/sites\/108\/2014\/01\/K14-300x225.jpg\" width=\"300\" height=\"215\" \/><\/a><\/p>\n<p>Sulatimme j\u00e4\u00e4tyneit\u00e4 vesiputkia, ett\u00e4 p\u00e4\u00e4simme tekem\u00e4\u00e4n talvilaadun sementti\u00e4. Sekoitimme pieni\u00e4 eri\u00e4 kerrallaan j\u00e4\u00e4tymisen est\u00e4miseksi. Sementist\u00e4 valoimme holkkalistoja. Ter\u00e4v\u00e4t 90 asteen kulmat piti loiventaa noin 45 asteisiksi, ett\u00e4 kolminkertaisen kattopahvin asennus ja bitumisivellys sein\u00e4\u00e4n onnistuisi paremmin. Kaikkiin maanalaisiin rakenteisiin tulee tehd\u00e4 kyseinen toimenpide kosteuden ehk\u00e4isemiseksi.<\/p>\n<p><a href=\"https:\/\/blogit.gradia.fi\/raksalla\/wp-content\/uploads\/sites\/108\/2014\/01\/K17.jpg\"><img loading=\"lazy\" decoding=\"async\" style=\"width: 292px\" alt=\"K17\" src=\"https:\/\/blogit.gradia.fi\/raksalla\/wp-content\/uploads\/sites\/108\/2014\/01\/K17-300x225.jpg\" width=\"300\" height=\"218\" \/><\/a>\u00a0\u00a0 <a href=\"https:\/\/blogit.gradia.fi\/raksalla\/wp-content\/uploads\/sites\/108\/2014\/01\/K18.jpg\"><img loading=\"lazy\" decoding=\"async\" style=\"width: 292px\" alt=\"K18\" src=\"https:\/\/blogit.gradia.fi\/raksalla\/wp-content\/uploads\/sites\/108\/2014\/01\/K18-300x225.jpg\" width=\"300\" height=\"220\" \/><\/a><\/p>\n<p>T\u00e4m\u00e4n viikon salasana oli kerrospukeutuminen ja viikon v\u00e4ri omenan punainen! Ty\u00f6skentelyolosuhteiden l\u00e4mp\u00f6tilanvaihtelut eiv\u00e4t olleet niin suuria kuin edellisell\u00e4 viikolla, mutta kun mittarilukemat olivat koko ajan -16 ja -26 asteen v\u00e4lill\u00e4, niin pukeutuminen n\u00e4ytteli melko suurta roolia. Erin\u00e4iset ruumiin ulokkeet; nen\u00e4, poskip\u00e4\u00e4t, sormet, varpaat ja ripset tahtoivat j\u00e4\u00e4ty\u00e4 v\u00e4kisin. Kun kysyin pakkasrajasta, ty\u00f6miehet vastasivat, ett\u00e4 kakkosella se alkaa ja nen\u00e4 on virallinen mittari. Hyvin tuntuivat nen\u00e4t kest\u00e4v\u00e4n pakkasta ja viimaa. Ty\u00f6njohtajat sanoivat, ett\u00e4 tarvittaessa voi pit\u00e4\u00e4 pidempi\u00e4 taukoja. Ai, ett\u00e4 sis\u00e4t\u00f6ihin tottunut opoko ei kest\u00e4isi pakkasta? Sormien kankeus v\u00e4heni ja varpaiden tunto palaili pikkuhiljaa perjantai-iltana saunassa \ud83d\ude09<\/p>\n<p><a href=\"https:\/\/blogit.gradia.fi\/raksalla\/wp-content\/uploads\/sites\/108\/2014\/01\/K13.jpg\"><img loading=\"lazy\" decoding=\"async\" class=\"alignnone size-medium wp-image-91\" style=\"width: 273px\" alt=\"K13\" src=\"https:\/\/blogit.gradia.fi\/raksalla\/wp-content\/uploads\/sites\/108\/2014\/01\/K13-300x225.jpg\" width=\"300\" height=\"206\" \/><\/a>\u00a0\u00a0 <a href=\"https:\/\/blogit.gradia.fi\/raksalla\/wp-content\/uploads\/sites\/108\/2014\/01\/K21.jpg\"><img loading=\"lazy\" decoding=\"async\" class=\"alignnone size-medium wp-image-118\" style=\"width: 276px\" alt=\"K21\" src=\"https:\/\/blogit.gradia.fi\/raksalla\/wp-content\/uploads\/sites\/108\/2014\/01\/K21-300x225.jpg\" width=\"300\" height=\"208\" \/><\/a><\/p>\n<p>Naisten sosiaalitiloihin mahduin hyvin. Pukuhuoneessa oli 21 vaatekaappia ja min\u00e4 olin t\u00e4ll\u00e4 hetkell\u00e4 tilan ainoa k\u00e4ytt\u00e4j\u00e4. Ty\u00f6maainsin\u00f6\u00f6rill\u00e4 oli omat tilansa alakerrassa. Naapurikopeissa oli tiiviimpi tunnelma. Kahvi- ja ruokatauot vietimme taukotilassa, joka t\u00e4ll\u00e4 ty\u00f6maalla oli poikkeuksellisesti ty\u00f6maaparakin toisessa kerroksessa. Alakerta oli varattu ty\u00f6njohdolle ja sinne oli rakennettu ramppi py\u00f6r\u00e4tuolia varten. T\u00e4ss\u00e4 ty\u00f6maatoimistossa ei ty\u00f6skennellyt ket\u00e4\u00e4n py\u00f6r\u00e4tuolilla liikkuvaa, mutta ramppi kuuluu Breeam sertifikaattiin. Ty\u00f6maakoppeihin ja itse ty\u00f6maalle p\u00e4\u00e4simme sirullisella tunnistekortilla. Ty\u00f6maalle ja takaisin kuljimme py\u00f6r\u00f6ovien kautta. T\u00e4ll\u00e4 ty\u00f6maalla ep\u00e4terveelliseen tapaan, tupakointiin, suhtauduttiin positiivisen kautta, koska ty\u00f6ntekij\u00f6iss\u00e4 oli aika paljon tupakoivia. Tupakkapaikat oli varustettu kyltein: Tupakointi on sallittu. Tuhkakupin virkaa hoiti sulo j\u00e4teastia.<\/p>\n<p><a href=\"https:\/\/blogit.gradia.fi\/raksalla\/wp-content\/uploads\/sites\/108\/2014\/01\/K8.jpg\"><img loading=\"lazy\" decoding=\"async\" style=\"width: 287px\" alt=\"K8\" src=\"https:\/\/blogit.gradia.fi\/raksalla\/wp-content\/uploads\/sites\/108\/2014\/01\/K8-300x225.jpg\" width=\"300\" height=\"215\" \/><\/a>\u00a0\u00a0 <a href=\"https:\/\/blogit.gradia.fi\/raksalla\/wp-content\/uploads\/sites\/108\/2014\/01\/K7.jpg\"><img loading=\"lazy\" decoding=\"async\" style=\"width: 288px\" alt=\"K7\" src=\"https:\/\/blogit.gradia.fi\/raksalla\/wp-content\/uploads\/sites\/108\/2014\/01\/K7-300x225.jpg\" width=\"300\" height=\"220\" \/><\/a><\/p>\n<p>Maisemat vain paranivat loppuviikkoa kohti. Torninosturin ohjaamosta n\u00e4kee kauas. Ohjaamossa sis\u00e4ll\u00e4 ei my\u00f6sk\u00e4\u00e4n palele. Torninosturinkuljettajan luontaisetuihin kuuluu l\u00e4mm\u00f6n lis\u00e4ksi mukava tuoli, radio, televisio, mikroaaltouuni, kahvinkeitin&#8230; N\u00e4in minulle kerrottiin. Todellakaan itse en uskaltaisi kiivet\u00e4 tikkaita pitkin noin 35 metrin korkeudelle. En, vaikka minulla olisi torninosturinkuljettajakoulutus (talonrakennusalan ammattitutkinnon torninosturin kuljetus -osa) ja voisin sitten nostaa nelj\u00e4nkymmenen metrin p\u00e4\u00e4st\u00e4 18 tonnia painavia taakkoja.<\/p>\n<p><a href=\"https:\/\/blogit.gradia.fi\/raksalla\/wp-content\/uploads\/sites\/108\/2014\/01\/K4.jpg\"><img loading=\"lazy\" decoding=\"async\" style=\"width: 252px\" alt=\"K4\" src=\"https:\/\/blogit.gradia.fi\/raksalla\/wp-content\/uploads\/sites\/108\/2014\/01\/K4-300x225.jpg\" width=\"300\" height=\"197\" \/><\/a>\u00a0\u00a0 <a href=\"https:\/\/blogit.gradia.fi\/raksalla\/wp-content\/uploads\/sites\/108\/2014\/01\/K19.jpg\"><img loading=\"lazy\" decoding=\"async\" style=\"width: 334px\" alt=\"K19\" src=\"https:\/\/blogit.gradia.fi\/raksalla\/wp-content\/uploads\/sites\/108\/2014\/01\/K19-300x168.jpg\" width=\"300\" height=\"185\" \/><\/a><\/p>\n<p>T\u00e4lle uudisrakennuskohteelle haetaan siis BreeamVery Good -ymp\u00e4rist\u00f6luokitusta. Erilaisia arviointikriteereit\u00e4 ovat mm. rakennusmateriaalien toimitusmatkat, ymp\u00e4r\u00f6iv\u00e4 infrastruktuuri ja saavutettavuus julkisilla liikennev\u00e4lineill\u00e4, energiatehokkuus, kemikaalien k\u00e4ytt\u00f6 ja j\u00e4tteiden k\u00e4sittely. Kaikki ty\u00f6t tulee tehd\u00e4 P1-puhtausluokituksen ja Terve Talo -kriteerien mukaan. Perjantai-iltap\u00e4iv\u00e4n\u00e4 ly\u00f6tt\u00e4ydyin valvojan, ty\u00f6njohtajien ja ty\u00f6maainsin\u00f6\u00f6rin mukaan tarkastuskierrokselle. Kaikki ok t\u00e4ss\u00e4 vaiheessa.<\/p>\n<p style=\"text-align: center\"><a href=\"https:\/\/blogit.gradia.fi\/raksalla\/wp-content\/uploads\/sites\/108\/2014\/01\/K20.jpg\"><img loading=\"lazy\" decoding=\"async\" style=\"width: 367px\" alt=\"K20\" src=\"https:\/\/blogit.gradia.fi\/raksalla\/wp-content\/uploads\/sites\/108\/2014\/01\/K20-300x168.jpg\" width=\"300\" height=\"205\" \/><\/a><\/p>\n","protected":false},"excerpt":{"rendered":"<p>Viime sunnuntain\u00a0Keskisuomalaisessa NCC haki isolla ilmoituksella Jyv\u00e4skyl\u00e4n alueen ty\u00f6maille vastaavia ty\u00f6njohtajia, ty\u00f6njohtajia, takuut\u00f6iden ty\u00f6njohtajia ja ty\u00f6maainsin\u00f6\u00f6rej\u00e4. Asiakaspalveluhenkisi\u00e4, avoimia, innokkaita, j\u00e4rjestelm\u00e4llisi\u00e4, erilaisissa ty\u00f6ymp\u00e4rist\u00f6iss\u00e4 erilaisten ihmisten kanssa toimeentulevia, rakennusalan soveltuvan koulutuksen ja muutaman vuoden ty\u00f6kokemuksen omaavia osaajia toivottiin. Talonrakentajia ei nyt haettu. Min\u00e4 ty\u00f6skentelin kolmannen ty\u00f6el\u00e4m\u00e4jaksoviikkoni alkajaisiksi jo tutuksi tulleella ty\u00f6maalla. Aloitimme viikon tekem\u00e4ll\u00e4 villoituksia. Nyt uskaltauduin &hellip; <a href=\"https:\/\/blogit.gradia.fi\/raksalla\/2014\/01\/26\/opotop-viikko3-ulkotoissa\/\" class=\"more-link\">Jatka lukemista <span class=\"screen-reader-text\">opo TOP, viikko3: Ulkot\u00f6iss\u00e4<\/span> <span class=\"meta-nav\">&rarr;<\/span><\/a><\/p>\n","protected":false},"author":607,"featured_media":0,"comment_status":"open","ping_status":"open","sticky":false,"template":"","format":"standard","meta":{"_uag_custom_page_level_css":"","footnotes":""},"categories":[1],"tags":[],"class_list":["post-75","post","type-post","status-publish","format-standard","hentry","category-yleinen"],"yoast_head":"<!-- This site is optimized with the Yoast SEO plugin v27.4 - https:\/\/yoast.com\/product\/yoast-seo-wordpress\/ -->\n<title>opo TOP, viikko3: Ulkot\u00f6iss\u00e4 - Raksalla<\/title>\n<meta name=\"robots\" content=\"index, follow, max-snippet:-1, max-image-preview:large, max-video-preview:-1\" \/>\n<link rel=\"canonical\" href=\"https:\/\/blogit.gradia.fi\/raksalla\/2014\/01\/26\/opotop-viikko3-ulkotoissa\/\" \/>\n<meta property=\"og:locale\" content=\"fi_FI\" \/>\n<meta property=\"og:type\" content=\"article\" \/>\n<meta property=\"og:title\" content=\"opo TOP, viikko3: Ulkot\u00f6iss\u00e4 - Raksalla\" \/>\n<meta property=\"og:description\" content=\"Viime sunnuntain\u00a0Keskisuomalaisessa NCC haki isolla ilmoituksella Jyv\u00e4skyl\u00e4n alueen ty\u00f6maille vastaavia ty\u00f6njohtajia, ty\u00f6njohtajia, takuut\u00f6iden ty\u00f6njohtajia ja ty\u00f6maainsin\u00f6\u00f6rej\u00e4. Asiakaspalveluhenkisi\u00e4, avoimia, innokkaita, j\u00e4rjestelm\u00e4llisi\u00e4, erilaisissa ty\u00f6ymp\u00e4rist\u00f6iss\u00e4 erilaisten ihmisten kanssa toimeentulevia, rakennusalan soveltuvan koulutuksen ja muutaman vuoden ty\u00f6kokemuksen omaavia osaajia toivottiin. Talonrakentajia ei nyt haettu. Min\u00e4 ty\u00f6skentelin kolmannen ty\u00f6el\u00e4m\u00e4jaksoviikkoni alkajaisiksi jo tutuksi tulleella ty\u00f6maalla. Aloitimme viikon tekem\u00e4ll\u00e4 villoituksia. Nyt uskaltauduin &hellip; Jatka lukemista opo TOP, viikko3: Ulkot\u00f6iss\u00e4 &rarr;\" \/>\n<meta property=\"og:url\" content=\"https:\/\/blogit.gradia.fi\/raksalla\/2014\/01\/26\/opotop-viikko3-ulkotoissa\/\" \/>\n<meta property=\"og:site_name\" content=\"Raksalla\" \/>\n<meta property=\"article:published_time\" content=\"2014-01-26T12:52:13+00:00\" \/>\n<meta property=\"article:modified_time\" content=\"2014-01-31T14:34:41+00:00\" \/>\n<meta property=\"og:image\" content=\"https:\/\/blogit.gradia.fi\/raksalla\/wp-content\/uploads\/sites\/108\/2014\/01\/kuv13-300x225.jpg\" \/>\n<meta name=\"author\" content=\"Anne Seilonen\" \/>\n<meta name=\"twitter:card\" content=\"summary_large_image\" \/>\n<meta name=\"twitter:label1\" content=\"Kirjoittanut\" \/>\n\t<meta name=\"twitter:data1\" content=\"Anne Seilonen\" \/>\n\t<meta name=\"twitter:label2\" content=\"Arvioitu lukuaika\" \/>\n\t<meta name=\"twitter:data2\" content=\"6 minuuttia\" \/>\n<script type=\"application\/ld+json\" class=\"yoast-schema-graph\">{\"@context\":\"https:\\\/\\\/schema.org\",\"@graph\":[{\"@type\":\"Article\",\"@id\":\"https:\\\/\\\/blogit.gradia.fi\\\/raksalla\\\/2014\\\/01\\\/26\\\/opotop-viikko3-ulkotoissa\\\/#article\",\"isPartOf\":{\"@id\":\"https:\\\/\\\/blogit.gradia.fi\\\/raksalla\\\/2014\\\/01\\\/26\\\/opotop-viikko3-ulkotoissa\\\/\"},\"author\":{\"name\":\"Anne Seilonen\",\"@id\":\"https:\\\/\\\/blogit.gradia.fi\\\/raksalla\\\/#\\\/schema\\\/person\\\/cf3b10a23a75a63d7e0cf2e68ccdccd9\"},\"headline\":\"opo TOP, viikko3: Ulkot\u00f6iss\u00e4\",\"datePublished\":\"2014-01-26T12:52:13+00:00\",\"dateModified\":\"2014-01-31T14:34:41+00:00\",\"mainEntityOfPage\":{\"@id\":\"https:\\\/\\\/blogit.gradia.fi\\\/raksalla\\\/2014\\\/01\\\/26\\\/opotop-viikko3-ulkotoissa\\\/\"},\"wordCount\":1221,\"commentCount\":0,\"image\":{\"@id\":\"https:\\\/\\\/blogit.gradia.fi\\\/raksalla\\\/2014\\\/01\\\/26\\\/opotop-viikko3-ulkotoissa\\\/#primaryimage\"},\"thumbnailUrl\":\"https:\\\/\\\/blogit.gradia.fi\\\/raksalla\\\/wp-content\\\/uploads\\\/sites\\\/108\\\/2014\\\/01\\\/kuv13-300x225.jpg\",\"inLanguage\":\"fi\",\"potentialAction\":[{\"@type\":\"CommentAction\",\"name\":\"Comment\",\"target\":[\"https:\\\/\\\/blogit.gradia.fi\\\/raksalla\\\/2014\\\/01\\\/26\\\/opotop-viikko3-ulkotoissa\\\/#respond\"]}]},{\"@type\":\"WebPage\",\"@id\":\"https:\\\/\\\/blogit.gradia.fi\\\/raksalla\\\/2014\\\/01\\\/26\\\/opotop-viikko3-ulkotoissa\\\/\",\"url\":\"https:\\\/\\\/blogit.gradia.fi\\\/raksalla\\\/2014\\\/01\\\/26\\\/opotop-viikko3-ulkotoissa\\\/\",\"name\":\"opo TOP, viikko3: Ulkot\u00f6iss\u00e4 - Raksalla\",\"isPartOf\":{\"@id\":\"https:\\\/\\\/blogit.gradia.fi\\\/raksalla\\\/#website\"},\"primaryImageOfPage\":{\"@id\":\"https:\\\/\\\/blogit.gradia.fi\\\/raksalla\\\/2014\\\/01\\\/26\\\/opotop-viikko3-ulkotoissa\\\/#primaryimage\"},\"image\":{\"@id\":\"https:\\\/\\\/blogit.gradia.fi\\\/raksalla\\\/2014\\\/01\\\/26\\\/opotop-viikko3-ulkotoissa\\\/#primaryimage\"},\"thumbnailUrl\":\"https:\\\/\\\/blogit.gradia.fi\\\/raksalla\\\/wp-content\\\/uploads\\\/sites\\\/108\\\/2014\\\/01\\\/kuv13-300x225.jpg\",\"datePublished\":\"2014-01-26T12:52:13+00:00\",\"dateModified\":\"2014-01-31T14:34:41+00:00\",\"author\":{\"@id\":\"https:\\\/\\\/blogit.gradia.fi\\\/raksalla\\\/#\\\/schema\\\/person\\\/cf3b10a23a75a63d7e0cf2e68ccdccd9\"},\"inLanguage\":\"fi\",\"potentialAction\":[{\"@type\":\"ReadAction\",\"target\":[\"https:\\\/\\\/blogit.gradia.fi\\\/raksalla\\\/2014\\\/01\\\/26\\\/opotop-viikko3-ulkotoissa\\\/\"]}]},{\"@type\":\"ImageObject\",\"inLanguage\":\"fi\",\"@id\":\"https:\\\/\\\/blogit.gradia.fi\\\/raksalla\\\/2014\\\/01\\\/26\\\/opotop-viikko3-ulkotoissa\\\/#primaryimage\",\"url\":\"https:\\\/\\\/blogit.gradia.fi\\\/raksalla\\\/wp-content\\\/uploads\\\/sites\\\/108\\\/2014\\\/01\\\/kuv13.jpg\",\"contentUrl\":\"https:\\\/\\\/blogit.gradia.fi\\\/raksalla\\\/wp-content\\\/uploads\\\/sites\\\/108\\\/2014\\\/01\\\/kuv13.jpg\",\"width\":1632,\"height\":1224},{\"@type\":\"WebSite\",\"@id\":\"https:\\\/\\\/blogit.gradia.fi\\\/raksalla\\\/#website\",\"url\":\"https:\\\/\\\/blogit.gradia.fi\\\/raksalla\\\/\",\"name\":\"Raksalla\",\"description\":\"Tervetuloa rakennusalan blogiin!\",\"potentialAction\":[{\"@type\":\"SearchAction\",\"target\":{\"@type\":\"EntryPoint\",\"urlTemplate\":\"https:\\\/\\\/blogit.gradia.fi\\\/raksalla\\\/?s={search_term_string}\"},\"query-input\":{\"@type\":\"PropertyValueSpecification\",\"valueRequired\":true,\"valueName\":\"search_term_string\"}}],\"inLanguage\":\"fi\"},{\"@type\":\"Person\",\"@id\":\"https:\\\/\\\/blogit.gradia.fi\\\/raksalla\\\/#\\\/schema\\\/person\\\/cf3b10a23a75a63d7e0cf2e68ccdccd9\",\"name\":\"Anne Seilonen\",\"image\":{\"@type\":\"ImageObject\",\"inLanguage\":\"fi\",\"@id\":\"https:\\\/\\\/secure.gravatar.com\\\/avatar\\\/428c3c256ee6f468a4c4b0776817a0fecc90119095f9ec1cffba4df2953e74ed?s=96&d=mm&r=g\",\"url\":\"https:\\\/\\\/secure.gravatar.com\\\/avatar\\\/428c3c256ee6f468a4c4b0776817a0fecc90119095f9ec1cffba4df2953e74ed?s=96&d=mm&r=g\",\"contentUrl\":\"https:\\\/\\\/secure.gravatar.com\\\/avatar\\\/428c3c256ee6f468a4c4b0776817a0fecc90119095f9ec1cffba4df2953e74ed?s=96&d=mm&r=g\",\"caption\":\"Anne Seilonen\"},\"url\":\"https:\\\/\\\/blogit.gradia.fi\\\/raksalla\\\/author\\\/seiloann\\\/\"}]}<\/script>\n<!-- \/ Yoast SEO plugin. -->","yoast_head_json":{"title":"opo TOP, viikko3: Ulkot\u00f6iss\u00e4 - Raksalla","robots":{"index":"index","follow":"follow","max-snippet":"max-snippet:-1","max-image-preview":"max-image-preview:large","max-video-preview":"max-video-preview:-1"},"canonical":"https:\/\/blogit.gradia.fi\/raksalla\/2014\/01\/26\/opotop-viikko3-ulkotoissa\/","og_locale":"fi_FI","og_type":"article","og_title":"opo TOP, viikko3: Ulkot\u00f6iss\u00e4 - Raksalla","og_description":"Viime sunnuntain\u00a0Keskisuomalaisessa NCC haki isolla ilmoituksella Jyv\u00e4skyl\u00e4n alueen ty\u00f6maille vastaavia ty\u00f6njohtajia, ty\u00f6njohtajia, takuut\u00f6iden ty\u00f6njohtajia ja ty\u00f6maainsin\u00f6\u00f6rej\u00e4. Asiakaspalveluhenkisi\u00e4, avoimia, innokkaita, j\u00e4rjestelm\u00e4llisi\u00e4, erilaisissa ty\u00f6ymp\u00e4rist\u00f6iss\u00e4 erilaisten ihmisten kanssa toimeentulevia, rakennusalan soveltuvan koulutuksen ja muutaman vuoden ty\u00f6kokemuksen omaavia osaajia toivottiin. Talonrakentajia ei nyt haettu. Min\u00e4 ty\u00f6skentelin kolmannen ty\u00f6el\u00e4m\u00e4jaksoviikkoni alkajaisiksi jo tutuksi tulleella ty\u00f6maalla. Aloitimme viikon tekem\u00e4ll\u00e4 villoituksia. Nyt uskaltauduin &hellip; Jatka lukemista opo TOP, viikko3: Ulkot\u00f6iss\u00e4 &rarr;","og_url":"https:\/\/blogit.gradia.fi\/raksalla\/2014\/01\/26\/opotop-viikko3-ulkotoissa\/","og_site_name":"Raksalla","article_published_time":"2014-01-26T12:52:13+00:00","article_modified_time":"2014-01-31T14:34:41+00:00","og_image":[{"url":"https:\/\/blogit.gradia.fi\/raksalla\/wp-content\/uploads\/sites\/108\/2014\/01\/kuv13-300x225.jpg","type":"","width":"","height":""}],"author":"Anne Seilonen","twitter_card":"summary_large_image","twitter_misc":{"Kirjoittanut":"Anne Seilonen","Arvioitu lukuaika":"6 minuuttia"},"schema":{"@context":"https:\/\/schema.org","@graph":[{"@type":"Article","@id":"https:\/\/blogit.gradia.fi\/raksalla\/2014\/01\/26\/opotop-viikko3-ulkotoissa\/#article","isPartOf":{"@id":"https:\/\/blogit.gradia.fi\/raksalla\/2014\/01\/26\/opotop-viikko3-ulkotoissa\/"},"author":{"name":"Anne Seilonen","@id":"https:\/\/blogit.gradia.fi\/raksalla\/#\/schema\/person\/cf3b10a23a75a63d7e0cf2e68ccdccd9"},"headline":"opo TOP, viikko3: Ulkot\u00f6iss\u00e4","datePublished":"2014-01-26T12:52:13+00:00","dateModified":"2014-01-31T14:34:41+00:00","mainEntityOfPage":{"@id":"https:\/\/blogit.gradia.fi\/raksalla\/2014\/01\/26\/opotop-viikko3-ulkotoissa\/"},"wordCount":1221,"commentCount":0,"image":{"@id":"https:\/\/blogit.gradia.fi\/raksalla\/2014\/01\/26\/opotop-viikko3-ulkotoissa\/#primaryimage"},"thumbnailUrl":"https:\/\/blogit.gradia.fi\/raksalla\/wp-content\/uploads\/sites\/108\/2014\/01\/kuv13-300x225.jpg","inLanguage":"fi","potentialAction":[{"@type":"CommentAction","name":"Comment","target":["https:\/\/blogit.gradia.fi\/raksalla\/2014\/01\/26\/opotop-viikko3-ulkotoissa\/#respond"]}]},{"@type":"WebPage","@id":"https:\/\/blogit.gradia.fi\/raksalla\/2014\/01\/26\/opotop-viikko3-ulkotoissa\/","url":"https:\/\/blogit.gradia.fi\/raksalla\/2014\/01\/26\/opotop-viikko3-ulkotoissa\/","name":"opo TOP, viikko3: Ulkot\u00f6iss\u00e4 - Raksalla","isPartOf":{"@id":"https:\/\/blogit.gradia.fi\/raksalla\/#website"},"primaryImageOfPage":{"@id":"https:\/\/blogit.gradia.fi\/raksalla\/2014\/01\/26\/opotop-viikko3-ulkotoissa\/#primaryimage"},"image":{"@id":"https:\/\/blogit.gradia.fi\/raksalla\/2014\/01\/26\/opotop-viikko3-ulkotoissa\/#primaryimage"},"thumbnailUrl":"https:\/\/blogit.gradia.fi\/raksalla\/wp-content\/uploads\/sites\/108\/2014\/01\/kuv13-300x225.jpg","datePublished":"2014-01-26T12:52:13+00:00","dateModified":"2014-01-31T14:34:41+00:00","author":{"@id":"https:\/\/blogit.gradia.fi\/raksalla\/#\/schema\/person\/cf3b10a23a75a63d7e0cf2e68ccdccd9"},"inLanguage":"fi","potentialAction":[{"@type":"ReadAction","target":["https:\/\/blogit.gradia.fi\/raksalla\/2014\/01\/26\/opotop-viikko3-ulkotoissa\/"]}]},{"@type":"ImageObject","inLanguage":"fi","@id":"https:\/\/blogit.gradia.fi\/raksalla\/2014\/01\/26\/opotop-viikko3-ulkotoissa\/#primaryimage","url":"https:\/\/blogit.gradia.fi\/raksalla\/wp-content\/uploads\/sites\/108\/2014\/01\/kuv13.jpg","contentUrl":"https:\/\/blogit.gradia.fi\/raksalla\/wp-content\/uploads\/sites\/108\/2014\/01\/kuv13.jpg","width":1632,"height":1224},{"@type":"WebSite","@id":"https:\/\/blogit.gradia.fi\/raksalla\/#website","url":"https:\/\/blogit.gradia.fi\/raksalla\/","name":"Raksalla","description":"Tervetuloa rakennusalan blogiin!","potentialAction":[{"@type":"SearchAction","target":{"@type":"EntryPoint","urlTemplate":"https:\/\/blogit.gradia.fi\/raksalla\/?s={search_term_string}"},"query-input":{"@type":"PropertyValueSpecification","valueRequired":true,"valueName":"search_term_string"}}],"inLanguage":"fi"},{"@type":"Person","@id":"https:\/\/blogit.gradia.fi\/raksalla\/#\/schema\/person\/cf3b10a23a75a63d7e0cf2e68ccdccd9","name":"Anne Seilonen","image":{"@type":"ImageObject","inLanguage":"fi","@id":"https:\/\/secure.gravatar.com\/avatar\/428c3c256ee6f468a4c4b0776817a0fecc90119095f9ec1cffba4df2953e74ed?s=96&d=mm&r=g","url":"https:\/\/secure.gravatar.com\/avatar\/428c3c256ee6f468a4c4b0776817a0fecc90119095f9ec1cffba4df2953e74ed?s=96&d=mm&r=g","contentUrl":"https:\/\/secure.gravatar.com\/avatar\/428c3c256ee6f468a4c4b0776817a0fecc90119095f9ec1cffba4df2953e74ed?s=96&d=mm&r=g","caption":"Anne Seilonen"},"url":"https:\/\/blogit.gradia.fi\/raksalla\/author\/seiloann\/"}]}},"uagb_featured_image_src":{"full":false,"thumbnail":false,"medium":false,"medium_large":false,"large":false,"1536x1536":false,"2048x2048":false,"post-thumbnail":false},"uagb_author_info":{"display_name":"Anne Seilonen","author_link":"https:\/\/blogit.gradia.fi\/raksalla\/author\/seiloann\/"},"uagb_comment_info":0,"uagb_excerpt":"Viime sunnuntain\u00a0Keskisuomalaisessa NCC haki isolla ilmoituksella Jyv\u00e4skyl\u00e4n alueen ty\u00f6maille vastaavia ty\u00f6njohtajia, ty\u00f6njohtajia, takuut\u00f6iden ty\u00f6njohtajia ja ty\u00f6maainsin\u00f6\u00f6rej\u00e4. Asiakaspalveluhenkisi\u00e4, avoimia, innokkaita, j\u00e4rjestelm\u00e4llisi\u00e4, erilaisissa ty\u00f6ymp\u00e4rist\u00f6iss\u00e4 erilaisten ihmisten kanssa toimeentulevia, rakennusalan soveltuvan koulutuksen ja muutaman vuoden ty\u00f6kokemuksen omaavia osaajia toivottiin. Talonrakentajia ei nyt haettu. Min\u00e4 ty\u00f6skentelin kolmannen ty\u00f6el\u00e4m\u00e4jaksoviikkoni alkajaisiksi jo tutuksi tulleella ty\u00f6maalla. Aloitimme viikon tekem\u00e4ll\u00e4 villoituksia. Nyt uskaltauduin&hellip;","_links":{"self":[{"href":"https:\/\/blogit.gradia.fi\/raksalla\/wp-json\/wp\/v2\/posts\/75","targetHints":{"allow":["GET"]}}],"collection":[{"href":"https:\/\/blogit.gradia.fi\/raksalla\/wp-json\/wp\/v2\/posts"}],"about":[{"href":"https:\/\/blogit.gradia.fi\/raksalla\/wp-json\/wp\/v2\/types\/post"}],"author":[{"embeddable":true,"href":"https:\/\/blogit.gradia.fi\/raksalla\/wp-json\/wp\/v2\/users\/607"}],"replies":[{"embeddable":true,"href":"https:\/\/blogit.gradia.fi\/raksalla\/wp-json\/wp\/v2\/comments?post=75"}],"version-history":[{"count":0,"href":"https:\/\/blogit.gradia.fi\/raksalla\/wp-json\/wp\/v2\/posts\/75\/revisions"}],"wp:attachment":[{"href":"https:\/\/blogit.gradia.fi\/raksalla\/wp-json\/wp\/v2\/media?parent=75"}],"wp:term":[{"taxonomy":"category","embeddable":true,"href":"https:\/\/blogit.gradia.fi\/raksalla\/wp-json\/wp\/v2\/categories?post=75"},{"taxonomy":"post_tag","embeddable":true,"href":"https:\/\/blogit.gradia.fi\/raksalla\/wp-json\/wp\/v2\/tags?post=75"}],"curies":[{"name":"wp","href":"https:\/\/api.w.org\/{rel}","templated":true}]}}