{"id":51,"date":"2014-01-20T17:34:55","date_gmt":"2014-01-20T15:34:55","guid":{"rendered":"https:\/\/blogit.gradia.fi\/raksalla\/?p=51"},"modified":"2014-01-29T19:23:57","modified_gmt":"2014-01-29T17:23:57","slug":"opo-top-viikko2-kirvesmiehena","status":"publish","type":"post","link":"https:\/\/blogit.gradia.fi\/raksalla\/2014\/01\/20\/opo-top-viikko2-kirvesmiehena\/","title":{"rendered":"opo TOP, viikko2: Kirvesmiehen\u00e4"},"content":{"rendered":"<p>Toinen ty\u00f6el\u00e4m\u00e4jaksoviikkoni alkoi ty\u00f6maatoimistolla tuotantopalaverilla. Ty\u00f6maan vastaavan mestarin johdolla l\u00e4pik\u00e4ytiin mm. k\u00e4ynniss\u00e4 olevia ja alkavia ty\u00f6vaiheita. Ty\u00f6p\u00e4\u00e4llikk\u00f6 jatkoi kokousta ja antoi positiivista palautetta: ty\u00f6maa on pysynyt aikataulussa, muutosty\u00f6t ovat hallinnassa ja ty\u00f6maan siisteys on ollut ensiluokkaista. Tilaaja vitsaili viime viikolla, ett\u00e4 ty\u00f6maalla on melkeinp\u00e4 siistimp\u00e4\u00e4 kuin kotona. Edellisen TP mittauksen tulos t\u00e4ll\u00e4 ty\u00f6maalla oli ollut l\u00e4hes sata prosenttia. Rakennussiistij\u00e4n mukaan siis viel\u00e4 on varaa parantaa \ud83d\ude09<\/p>\n<p style=\"text-align: center\"><a href=\"https:\/\/blogit.gradia.fi\/raksalla\/wp-content\/uploads\/sites\/108\/2014\/01\/kuv1.jpg\"><img loading=\"lazy\" decoding=\"async\" class=\"alignnone size-full wp-image-52\" alt=\"kuv1\" src=\"https:\/\/blogit.gradia.fi\/raksalla\/wp-content\/uploads\/sites\/108\/2014\/01\/kuv1.jpg\" width=\"1632\" height=\"1224\" \/><\/a><\/p>\n<p style=\"text-align: left\">Ennen aamun palaveria talonrakennusalan kolmosvuoden opiskelija meid\u00e4n oppilaitoksestamme oli saanut vastaavalta mestarilta perehdytyksen ty\u00f6maalle. H\u00e4n oli aloittamassa opintoihinsa kuuluvaa ty\u00f6ss\u00e4oppimisjaksoa NCC:ll\u00e4. T\u00e4m\u00e4 ty\u00f6ss\u00e4oppimisjakso kuuluu korjausrakentamisen tutkinnonosaan ja nuorukainen tulee tekem\u00e4\u00e4n jakson loppupuolella my\u00f6s n\u00e4yt\u00f6n. Poika oli j\u00e4rjestyksess\u00e4 552. perehdytett\u00e4v\u00e4 t\u00e4lle ty\u00f6maalle. Ty\u00f6maan on m\u00e4\u00e4r\u00e4 jatkua hein\u00e4kuun loppuun saakka. Luku kertoo jotain siit\u00e4, ett\u00e4 ty\u00f6maalla py\u00f6rii paljon v\u00e4ke\u00e4, toiset kauemmin, toiset v\u00e4hemm\u00e4n aikaa ty\u00f6teht\u00e4v\u00e4n ja -vaiheen mukaan. Pian sain todeta sen my\u00f6s omin silmin.<\/p>\n<p style=\"text-align: left\"><a href=\"https:\/\/blogit.gradia.fi\/raksalla\/wp-content\/uploads\/sites\/108\/2014\/01\/Kuv8.jpg\"><img loading=\"lazy\" decoding=\"async\" class=\"alignnone size-full wp-image-59\" style=\"width: 274px\" alt=\"Kuv8\" src=\"https:\/\/blogit.gradia.fi\/raksalla\/wp-content\/uploads\/sites\/108\/2014\/01\/Kuv8.jpg\" width=\"1632\" height=\"201\" \/><\/a>\u00a0\u00a0 <a href=\"https:\/\/blogit.gradia.fi\/raksalla\/wp-content\/uploads\/sites\/108\/2014\/01\/Kuv3.jpg\"><img loading=\"lazy\" decoding=\"async\" class=\"alignnone size-full wp-image-54\" style=\"width: 275px\" alt=\"Kuv3\" src=\"https:\/\/blogit.gradia.fi\/raksalla\/wp-content\/uploads\/sites\/108\/2014\/01\/Kuv3.jpg\" width=\"1632\" height=\"203\" \/><\/a><\/p>\n<p style=\"text-align: left\">T\u00e4ll\u00e4 ty\u00f6maalla ty\u00f6skenteli oppilaitoksestamme aliurakoitsijoiden ohjaamina my\u00f6s kaksi putkiasentajaksi opiskelevaa ja yksi ilmanvaihtoasentajaksi opiskeleva nuori. He olivat aloittaneet omat ty\u00f6ssoppimisjaksonsa jo aikaisemmin. Opintokorttiin talotekniikan pojille kertyy opintoviikkoja putkistojen hitsaukseen, l\u00e4mmitysj\u00e4rjestelmien mittaukseen- ja tasapainotukseen sek\u00e4 talotekniseen eristykseen, mutta t\u00e4rkeint\u00e4 on, ett\u00e4 opitaan uutta ja osaaminen kasvaa. Poikia kehuttiin kovasti. Opo sai punastella ylpeydest\u00e4: Meid\u00e4n opiskelijoita \ud83d\ude42 Aina opiskelijoiden ty\u00f6ss\u00e4oppimisjaksotkaan eiv\u00e4t suju niin kuin Str\u00f6ms\u00f6ss\u00e4. Vastaava mestari on joutunut t\u00e4\u00e4lt\u00e4kin ilmoittamaan luokanvalvojalle, ettei opiskelijan, joka oli ollut pois ilmoittamatta eik\u00e4 h\u00e4neen saatu yhteytt\u00e4 oppilaitoksenkaan puolelta useampaan p\u00e4iv\u00e4\u00e4n, en\u00e4\u00e4 tarvitse tulla ty\u00f6maalle ollenkaan. Ty\u00f6aikojen noudattaminen on ensimm\u00e4inen asia, joka ty\u00f6el\u00e4m\u00e4\u00e4 opiskelevien tulee oppia. Eteen tulee joskus asioita, joiden hoitaminen voi edellytt\u00e4\u00e4 poissaoloa, mutta niist\u00e4 pit\u00e4\u00e4 ilmoittaa ja asiat pit\u00e4\u00e4 sopia ty\u00f6nantajan kanssa. Jos ei hoida osuuttaan, ty\u00f6el\u00e4m\u00e4ss\u00e4 n\u00e4ytet\u00e4\u00e4n pian miss\u00e4 kohtaa sein\u00e4ss\u00e4 on viisi hirtt\u00e4 poikki.<\/p>\n<p style=\"text-align: center\"><a href=\"https:\/\/blogit.gradia.fi\/raksalla\/wp-content\/uploads\/sites\/108\/2014\/01\/Kuv2.jpg\"><img loading=\"lazy\" decoding=\"async\" class=\"alignnone size-full wp-image-53\" alt=\"Kuv2\" src=\"https:\/\/blogit.gradia.fi\/raksalla\/wp-content\/uploads\/sites\/108\/2014\/01\/Kuv2.jpg\" width=\"1632\" height=\"1224\" \/><\/a><\/p>\n<p style=\"text-align: left\">Pintak\u00e4sittelyalan opiskelijoitani ei t\u00e4ll\u00e4 hetkell\u00e4 t\u00e4ll\u00e4 ty\u00f6maalla ollut. Pintak\u00e4sittelyalan opiskelijamme ovat viime vuosina olleet p\u00e4\u00e4asiassa nuoria naisia, mutta t\u00e4ll\u00e4 ty\u00f6maalla tapaamani maalarit olivat kaikki miehi\u00e4. Oikeastaan rakennusinsin\u00f6\u00f6ri\u00e4 ja rakennussiistij\u00e4\u00e4 lukuun ottamatta kaikki toisella ty\u00f6el\u00e4m\u00e4jaksoviikolla t\u00f6iss\u00e4 tapaamani ihmiset olivat miehi\u00e4; kirvesmiehi\u00e4, s\u00e4hk\u00f6asentajia, putkiasentajia, ilmanvaihtoasentajia, maalareita, laatoittajia, alakattoasentajia ja autonkuljettajia. He kaikki suhtautuivat t\u00e4llaiseen keski-ik\u00e4istyv\u00e4\u00e4n toimistorottanaiseen todella asiallisesti, vaikka olin ehk\u00e4 v\u00e4h\u00e4n etuk\u00e4teen muuta ennakoinut.\u00a0Miehet my\u00f6nsiv\u00e4t alan fyysiseksi. My\u00f6s vapaa-aikana tulee pit\u00e4\u00e4 kunnostaan huolta, ett\u00e4 jaksaa. Esimerkiksi painavimmat maalip\u00f6nt\u00f6t painavat kuulemma 28 kiloa. Toisaalta puhuimme siit\u00e4, ettei kaikkea tarvitse kantaa, kunhan keksii niksit. Suunnittelu on rakennusasioissa hyvin t\u00e4rke\u00e4\u00e4.<\/p>\n<p style=\"text-align: center\"><a href=\"https:\/\/blogit.gradia.fi\/raksalla\/wp-content\/uploads\/sites\/108\/2014\/01\/Kuv12.jpg\"><img loading=\"lazy\" decoding=\"async\" class=\"alignnone size-full wp-image-63\" alt=\"Kuv12\" src=\"https:\/\/blogit.gradia.fi\/raksalla\/wp-content\/uploads\/sites\/108\/2014\/01\/Kuv12.jpg\" width=\"1632\" height=\"1224\" \/><\/a><\/p>\n<p>T\u00e4ll\u00e4sin itseni viikoksi kahden kirvesmiehen kylki\u00e4iseksi ja p\u00e4\u00e4sin ihan oikeisiin t\u00f6ihin. Kyseess\u00e4 oli siis korjaus- \/ uudisrakennuskohde. Teimme paljon suojaust\u00f6it\u00e4, jotka liittyv\u00e4t osaltaan TP-mittauksen korkeimpaan P1 puhtausluokitukseen. Kaikki tilat lokeroitiin muovilla kuivumisen tehostamiseksi ja p\u00f6lyn levi\u00e4misen est\u00e4miseksi. Erillisiksi rajattuja tiloja kuivataan kuivaimin ja lattiasta otetaan n\u00e4ytepaloja, jolla seurataan laatan kuivumista. Ensimm\u00e4isen\u00e4 raksap\u00e4iv\u00e4n\u00e4ni suojasimme tilan ilmanvaihtoputkien asentajalle sek\u00e4 sahasimme reiki\u00e4 savunpoistoluukkuja varten\u00a0 nelj\u00e4n metrin korkeudella olevaan kattoon. Totuuden nimiss\u00e4 mainittakoon, ett\u00e4 kirvesmiehet siis sahasivat ja min\u00e4 seurasin p\u00e4\u00e4t\u00e4 huimaten lattiatasosta. T\u00e4ss\u00e4 hommassa tarvittiin henkil\u00f6nostinta.<\/p>\n<p style=\"text-align: center\"><a href=\"https:\/\/blogit.gradia.fi\/raksalla\/wp-content\/uploads\/sites\/108\/2014\/01\/Kuv11.jpg\"><img loading=\"lazy\" decoding=\"async\" class=\"alignnone size-full wp-image-62\" alt=\"Kuv11\" src=\"https:\/\/blogit.gradia.fi\/raksalla\/wp-content\/uploads\/sites\/108\/2014\/01\/Kuv11.jpg\" width=\"1632\" height=\"1224\" \/><\/a><\/p>\n<p>Aamut k\u00e4ynnistyv\u00e4t raksalla klo 6.55. ty\u00f6ntekij\u00f6iden yhteisell\u00e4 aamujumpalla, jotka n\u00e4in kovilla pakkasilla pidet\u00e4\u00e4n ty\u00f6maakopissa. Lihaksia onkin t\u00e4rke\u00e4\u00e4 her\u00e4tell\u00e4 p\u00e4iv\u00e4n koitoksiin, sill\u00e4 niit\u00e4 ty\u00f6maalla tarvitaan. Aamujumpasta ei kyll\u00e4 olisi haittaa opon toimistopainotteisissa hommissakaan (nim.merk. aina niskat jumissa). Aamujumppa pit\u00e4\u00e4kin ottaa tavaksi! Jos aamu-unisella ei viel\u00e4 aamujumpassa silm\u00e4t auenneet, niin siit\u00e4 piti huolen viimeist\u00e4\u00e4n pikku -15 c: en pakkanen ja koillistuuli, josta saimme nauttia sirkkel\u00f6intihommissa. Halkaisimme lautoja rimoiksi. Vaneria taas piti sirkkel\u00f6id\u00e4 portaiden laatoitusta varjelemaan rakennettavia suojia varten. Kuulosuojaimille oli k\u00e4ytt\u00f6\u00e4. Ne vaimensivat paitsi sirkkelin vihlovaa \u00e4\u00e4nt\u00e4, my\u00f6s l\u00e4mmittiv\u00e4t korvia mukavasti.<\/p>\n<p style=\"text-align: left\"><a href=\"https:\/\/blogit.gradia.fi\/raksalla\/wp-content\/uploads\/sites\/108\/2014\/01\/Kuv4.jpg\"><img loading=\"lazy\" decoding=\"async\" class=\"alignnone size-full wp-image-55\" style=\"width: 266px\" alt=\"Kuv4\" src=\"https:\/\/blogit.gradia.fi\/raksalla\/wp-content\/uploads\/sites\/108\/2014\/01\/Kuv4.jpg\" width=\"1632\" height=\"211\" \/><\/a>\u00a0\u00a0\u00a0\u00a0\u00a0\u00a0\u00a0\u00a0 <a href=\"https:\/\/blogit.gradia.fi\/raksalla\/wp-content\/uploads\/sites\/108\/2014\/01\/Kuv6.jpg\"><img loading=\"lazy\" decoding=\"async\" class=\"alignnone size-full wp-image-57\" style=\"width: 271px\" alt=\"Kuv6\" src=\"https:\/\/blogit.gradia.fi\/raksalla\/wp-content\/uploads\/sites\/108\/2014\/01\/Kuv6.jpg\" width=\"1632\" height=\"205\" \/><\/a><\/p>\n<p>Toisena p\u00e4iv\u00e4n\u00e4 uskalsin jo kysy\u00e4 kirvesmiehilt\u00e4, ett\u00e4 saanko min\u00e4kin ja tartuin reippaasti sahaan, vasaraan, poraan, puukkoon ja nitojaan. Kirvest\u00e4 en kirvesmies -nimest\u00e4 huolimatta k\u00e4ytt\u00e4nyt, mutta noita muita ty\u00f6kaluja tarvitsimme, kun teimme suojauksia ilmastointihuoneeseen tulevaa timanttiporausta varten. Vanhalta puolelta tullaan poraamaan tiilisein\u00e4 uudelle puolelle, jotta putket saadaan vedetty\u00e4 l\u00e4pi. Porausp\u00f6ly ei saa levit\u00e4, joten rakensimme teltan timanttimiehelle. Poispurettava suojauskehikko ei ollut ihan millin tarkkaa ty\u00f6t\u00e4. Kirvesmies sanoi, ett\u00e4 riitt\u00e4\u00e4 kunhan \u201dniilt\u00e4 hamppeelta\u201d eli suurin piirtein tuosta sahaat. Rakennusalan opiskelijakin kannusti, ett\u00e4 hyvinh\u00e4n se menee;-) Paitsi palautteesta, niin my\u00f6s kyp\u00e4r\u00e4st\u00e4 oli iloa t\u00e4n\u00e4 p\u00e4iv\u00e4n\u00e4. Sen verran usein p\u00e4\u00e4 kolisi putkiin, kun nidoimme ja teippailimme muoveja ilmastointihuoneessa.<\/p>\n<p style=\"text-align: center\"><a href=\"https:\/\/blogit.gradia.fi\/raksalla\/wp-content\/uploads\/sites\/108\/2014\/01\/Kuv9.jpg\"><img loading=\"lazy\" decoding=\"async\" class=\"alignnone size-full wp-image-60\" alt=\"Kuv9\" src=\"https:\/\/blogit.gradia.fi\/raksalla\/wp-content\/uploads\/sites\/108\/2014\/01\/Kuv9.jpg\" width=\"1632\" height=\"1224\" \/><\/a><\/p>\n<p>L\u00f6ysin pikkuhiljaa paikkani my\u00f6s ty\u00f6maakopissa kahvi- ja ruokatauoilla. Alkuun olin istunut ihan vieraissa p\u00f6ydiss\u00e4; ensin lvi:n sitten virolaisten alakattourakoitsijoiden, kun en tuntenut kopin tapoja. Nyt osasin jo per\u00e4p\u00f6yt\u00e4\u00e4n NCC:n porukoihin \ud83d\ude09 Nuoret viettiv\u00e4t taukonsa osaksi k\u00e4nnyk\u00f6it\u00e4 n\u00e4pl\u00e4ten ja\u00a0n\u00e4yt\u00f6lt\u00e4\u00a0mm. uutisia lukien. Vanhemmat kuuntelivat musiikkia radiosta ja juttelivat ajankohtaisista asioista. Min\u00e4 tein molempia. Luin ja vastailin ty\u00f6paikan wilma- ja s\u00e4hk\u00f6postiviesteihin omalla k\u00e4nnyk\u00e4ll\u00e4ni, ett\u00e4 pysyin k\u00e4rryill\u00e4, mit\u00e4 kustannuspaikalla tapahtuu, mutta osallistuin my\u00f6s pit\u00e4m\u00e4\u00e4n keskustelua yll\u00e4 parakissa. Mit\u00e4h\u00e4n kirjoittaisin blogiin t\u00e4st\u00e4 viikosta -kysymykseen, minulle vastattiin, ett\u00e4 kirjoita ainakin, ett\u00e4 t\u00e4\u00e4ll\u00e4 pidet\u00e4\u00e4n s\u00e4\u00e4nn\u00f6lliset kahvi- ja ruokatauot \ud83d\ude42 S\u00e4\u00e4nn\u00f6lliseen p\u00e4iv\u00e4rytmiin siirtyminen on totta ainakin minun kohdalla. Ruoka-aikana oli oikeasti n\u00e4lk\u00e4 ja illalla uni tuli pyyt\u00e4m\u00e4tt\u00e4. En muista ajanjaksoa, milloin olisin viimeksi nukkunut niin sike\u00e4sti kuin t\u00e4ll\u00e4 ensimm\u00e4isell\u00e4 raksaviikollani. Ty\u00f6maainsin\u00f6\u00f6ri vieraili tauoilla ty\u00f6maakopissa muistuttaen verokorttien palautuksesta, kulttuurisetelien ja ty\u00f6vaatteiden tilaamisesta ja jakaen esim. kuukausitiedotteen. Olimme muuten rakennusalan opiskelijan kanssa p\u00e4\u00e4sseet joulukuun kuukausitiedotteen etukanteen!<\/p>\n<p style=\"text-align: center\"><a href=\"https:\/\/blogit.gradia.fi\/raksalla\/wp-content\/uploads\/sites\/108\/2014\/01\/Kuv5.jpg\"><img loading=\"lazy\" decoding=\"async\" class=\"alignnone size-full wp-image-56\" alt=\"Kuv5\" src=\"https:\/\/blogit.gradia.fi\/raksalla\/wp-content\/uploads\/sites\/108\/2014\/01\/Kuv5.jpg\" width=\"1632\" height=\"1224\" \/><\/a><\/p>\n<p>Keskiviikko alkoi villoitushommilla ulkona. Villapaalit olivat hankalan mallisia kantaa. Illalla k\u00e4det huusivat hoosiannaa ja iho imi rasvaa kuin sieni. L\u00e4mp\u00f6tilan muutokset p\u00e4iv\u00e4n aikana ovat suuria, joten pukeutuminen on iso asia rakennusty\u00f6maalla talviaikaan. Sormien lis\u00e4ksi porakoneiden akut tahtoivat j\u00e4\u00e4ty\u00e4 ulkona, eiv\u00e4tk\u00e4 l\u00e4hteneet latautumaan kylm\u00e4ss\u00e4 ty\u00f6maavarastossa. Veimme akut taukotilaan latautumaan samalla, kun latasimme omiakin akkuja.<\/p>\n<p style=\"text-align: center\"><a href=\"https:\/\/blogit.gradia.fi\/raksalla\/wp-content\/uploads\/sites\/108\/2014\/01\/Kuv10.jpg\"><img loading=\"lazy\" decoding=\"async\" class=\"alignnone size-full wp-image-61\" alt=\"Kuv10\" src=\"https:\/\/blogit.gradia.fi\/raksalla\/wp-content\/uploads\/sites\/108\/2014\/01\/Kuv10.jpg\" width=\"1632\" height=\"1224\" \/><\/a><\/p>\n<p>Ty\u00f6njohtaja tai vastaava mestari antoi kirvesmiehille ty\u00f6teht\u00e4vi\u00e4 aamuisin ja aina sit\u00e4 mukaa, kun edelliset hommat oli saatu hoidettua kuntoon. Ty\u00f6njohtaja ja vastaava mestari k\u00e4viv\u00e4t ty\u00f6maalla useita kertoja p\u00e4iv\u00e4ss\u00e4. My\u00f6s valvoja k\u00e4vi kierroksellaan. NCC:n omat ty\u00f6ntekij\u00e4t t\u00e4ll\u00e4 ty\u00f6maalla tekiv\u00e4t paljon suojaust\u00f6it\u00e4 ja valmistelevia t\u00f6it\u00e4 tuleville urakoille aina tilanteen mukaan. My\u00f6s teht\u00e4v\u00e4t, jotka eiv\u00e4t kuuluneet kenellek\u00e4\u00e4n ali- tai sivu-urakoitsijoista, tehtiin itse. J\u00e4lkien siivouksen hoiti jokainen taholtaan eli siivoaminen kuului kaikille. Yhteisell\u00e4 isolla ty\u00f6maalla on t\u00e4rke\u00e4\u00e4, ett\u00e4 kaikki puhaltavat yhteen hiileen. Ei voida ajatella, ett\u00e4 tuo ei ole minun juttu, kun kysymys on esim. ty\u00f6turvallisuuteen vaikuttavista asioista.<\/p>\n<p style=\"text-align: left\">Samaan aikaan ty\u00f6maalla on useita ty\u00f6vaiheita meneill\u00e4\u00e4n; tasoitetaan ja maalataan seini\u00e4, asennetaan alakattoa, laatoitetaan lattioita ja seini\u00e4, villoitetaan ilmastointiputkia, asennetaan s\u00e4hk\u00f6j\u00e4 ja l\u00e4mp\u00f6putkia, portaan seini\u00e4 jne. Ty\u00f6maalla vierailee p\u00e4iv\u00e4n aikana paljon my\u00f6s logistiikkapuolen\u00a0ihmisi\u00e4 tuoden milloin mit\u00e4kin tavaraa. Ty\u00f6maalta my\u00f6s vied\u00e4\u00e4n s\u00e4\u00e4nn\u00f6llisesti sekaj\u00e4teet ja puuj\u00e4tteet jatkok\u00e4sittelyyn. Puuj\u00e4te menee poltettavaksi esim. voimalaitokseen. Sekaj\u00e4tekin lajitellaan ja siit\u00e4 menee j\u00e4teautonkuljettajan mukaan yli 90% hy\u00f6tyk\u00e4ytt\u00f6\u00f6n. Rakennusty\u00f6maalla lyhyen aikaa k\u00e4yv\u00e4t toimijat eiv\u00e4t tietenk\u00e4\u00e4n tunnistaneet minua opinto-ohjaajaksi, vaan jotkut tulivat valkoisen kyp\u00e4r\u00e4n ja NCC:n ty\u00f6njohdon takin vuoksi kysym\u00e4\u00e4n minulta vastaavaa mestaria tai kuittauksia rahtikirjoihin. Nosturiautonkuljettaja tuli luokseni ja sanoi: \u201dnostin?\u201d, tarkoittaen, ett\u00e4 h\u00e4nelle pit\u00e4isi kertoa, mihin nosturiauto ajetaan. Ihan ei viel\u00e4 napsut riitt\u00e4neet kaikkeen, mutta tulipa todettua, ett\u00e4 asu naisen tekee \ud83d\ude09<\/p>\n<p style=\"text-align: center\"><a href=\"https:\/\/blogit.gradia.fi\/raksalla\/wp-content\/uploads\/sites\/108\/2014\/01\/Kuv7.jpg\"><img loading=\"lazy\" decoding=\"async\" class=\"alignnone size-full wp-image-58\" alt=\"Kuv7\" src=\"https:\/\/blogit.gradia.fi\/raksalla\/wp-content\/uploads\/sites\/108\/2014\/01\/Kuv7.jpg\" width=\"1632\" height=\"1224\" \/><\/a><\/p>\n<p>Viikon viimeisen\u00e4 ty\u00f6p\u00e4iv\u00e4n\u00e4ni villoitimme, purimme telineit\u00e4 ja rakensimme tulevaa viimeistelyvalua varten stoppareita lattialle. Tulevan valualueen yli rakensimme my\u00f6s sillan. Vau, eik\u00f6 kuulosta hienolta? Toimimme siis sillan rakentajina, symbolisesti voisi sanoa ett\u00e4 ty\u00f6el\u00e4m\u00e4n ja oppilaitoksen v\u00e4lill\u00e4. Loppuviikosta k\u00e4vin viel\u00e4 Jyv\u00e4skyl\u00e4n NCC:n toimistolla, miss\u00e4 ty\u00f6p\u00e4\u00e4llik\u00f6n ja rakennusp\u00e4\u00e4llik\u00f6n kanssa keskustelimme, kuinka ty\u00f6el\u00e4m\u00e4jaksoni oli sujunut t\u00e4h\u00e4n asti ja tarkastimme suunnitelman loppujakson ajaksi \ud83d\ude42 Tarina siis jatkuu..<\/p>\n","protected":false},"excerpt":{"rendered":"<p>Toinen ty\u00f6el\u00e4m\u00e4jaksoviikkoni alkoi ty\u00f6maatoimistolla tuotantopalaverilla. Ty\u00f6maan vastaavan mestarin johdolla l\u00e4pik\u00e4ytiin mm. k\u00e4ynniss\u00e4 olevia ja alkavia ty\u00f6vaiheita. Ty\u00f6p\u00e4\u00e4llikk\u00f6 jatkoi kokousta ja antoi positiivista palautetta: ty\u00f6maa on pysynyt aikataulussa, muutosty\u00f6t ovat hallinnassa ja ty\u00f6maan siisteys on ollut ensiluokkaista. Tilaaja vitsaili viime viikolla, ett\u00e4 ty\u00f6maalla on melkeinp\u00e4 siistimp\u00e4\u00e4 kuin kotona. Edellisen TP mittauksen tulos t\u00e4ll\u00e4 ty\u00f6maalla oli ollut &hellip; <a href=\"https:\/\/blogit.gradia.fi\/raksalla\/2014\/01\/20\/opo-top-viikko2-kirvesmiehena\/\" class=\"more-link\">Jatka lukemista <span class=\"screen-reader-text\">opo TOP, viikko2: Kirvesmiehen\u00e4<\/span> <span class=\"meta-nav\">&rarr;<\/span><\/a><\/p>\n","protected":false},"author":607,"featured_media":0,"comment_status":"open","ping_status":"open","sticky":false,"template":"","format":"standard","meta":{"_uag_custom_page_level_css":"","footnotes":""},"categories":[1],"tags":[],"class_list":["post-51","post","type-post","status-publish","format-standard","hentry","category-yleinen"],"yoast_head":"<!-- This site is optimized with the Yoast SEO plugin v27.4 - https:\/\/yoast.com\/product\/yoast-seo-wordpress\/ -->\n<title>opo TOP, viikko2: Kirvesmiehen\u00e4 - Raksalla<\/title>\n<meta name=\"robots\" content=\"index, follow, max-snippet:-1, max-image-preview:large, max-video-preview:-1\" \/>\n<link rel=\"canonical\" href=\"https:\/\/blogit.gradia.fi\/raksalla\/2014\/01\/20\/opo-top-viikko2-kirvesmiehena\/\" \/>\n<meta property=\"og:locale\" content=\"fi_FI\" \/>\n<meta property=\"og:type\" content=\"article\" \/>\n<meta property=\"og:title\" content=\"opo TOP, viikko2: Kirvesmiehen\u00e4 - Raksalla\" \/>\n<meta property=\"og:description\" content=\"Toinen ty\u00f6el\u00e4m\u00e4jaksoviikkoni alkoi ty\u00f6maatoimistolla tuotantopalaverilla. Ty\u00f6maan vastaavan mestarin johdolla l\u00e4pik\u00e4ytiin mm. k\u00e4ynniss\u00e4 olevia ja alkavia ty\u00f6vaiheita. Ty\u00f6p\u00e4\u00e4llikk\u00f6 jatkoi kokousta ja antoi positiivista palautetta: ty\u00f6maa on pysynyt aikataulussa, muutosty\u00f6t ovat hallinnassa ja ty\u00f6maan siisteys on ollut ensiluokkaista. Tilaaja vitsaili viime viikolla, ett\u00e4 ty\u00f6maalla on melkeinp\u00e4 siistimp\u00e4\u00e4 kuin kotona. Edellisen TP mittauksen tulos t\u00e4ll\u00e4 ty\u00f6maalla oli ollut &hellip; Jatka lukemista opo TOP, viikko2: Kirvesmiehen\u00e4 &rarr;\" \/>\n<meta property=\"og:url\" content=\"https:\/\/blogit.gradia.fi\/raksalla\/2014\/01\/20\/opo-top-viikko2-kirvesmiehena\/\" \/>\n<meta property=\"og:site_name\" content=\"Raksalla\" \/>\n<meta property=\"article:published_time\" content=\"2014-01-20T15:34:55+00:00\" \/>\n<meta property=\"article:modified_time\" content=\"2014-01-29T17:23:57+00:00\" \/>\n<meta property=\"og:image\" content=\"https:\/\/blogit.gradia.fi\/raksalla\/wp-content\/uploads\/sites\/108\/2014\/01\/kuv1.jpg\" \/>\n<meta name=\"author\" content=\"Anne Seilonen\" \/>\n<meta name=\"twitter:card\" content=\"summary_large_image\" \/>\n<meta name=\"twitter:label1\" content=\"Kirjoittanut\" \/>\n\t<meta name=\"twitter:data1\" content=\"Anne Seilonen\" \/>\n\t<meta name=\"twitter:label2\" content=\"Arvioitu lukuaika\" \/>\n\t<meta name=\"twitter:data2\" content=\"7 minuuttia\" \/>\n<script type=\"application\/ld+json\" class=\"yoast-schema-graph\">{\"@context\":\"https:\\\/\\\/schema.org\",\"@graph\":[{\"@type\":\"Article\",\"@id\":\"https:\\\/\\\/blogit.gradia.fi\\\/raksalla\\\/2014\\\/01\\\/20\\\/opo-top-viikko2-kirvesmiehena\\\/#article\",\"isPartOf\":{\"@id\":\"https:\\\/\\\/blogit.gradia.fi\\\/raksalla\\\/2014\\\/01\\\/20\\\/opo-top-viikko2-kirvesmiehena\\\/\"},\"author\":{\"name\":\"Anne Seilonen\",\"@id\":\"https:\\\/\\\/blogit.gradia.fi\\\/raksalla\\\/#\\\/schema\\\/person\\\/cf3b10a23a75a63d7e0cf2e68ccdccd9\"},\"headline\":\"opo TOP, viikko2: Kirvesmiehen\u00e4\",\"datePublished\":\"2014-01-20T15:34:55+00:00\",\"dateModified\":\"2014-01-29T17:23:57+00:00\",\"mainEntityOfPage\":{\"@id\":\"https:\\\/\\\/blogit.gradia.fi\\\/raksalla\\\/2014\\\/01\\\/20\\\/opo-top-viikko2-kirvesmiehena\\\/\"},\"wordCount\":1431,\"commentCount\":0,\"image\":{\"@id\":\"https:\\\/\\\/blogit.gradia.fi\\\/raksalla\\\/2014\\\/01\\\/20\\\/opo-top-viikko2-kirvesmiehena\\\/#primaryimage\"},\"thumbnailUrl\":\"https:\\\/\\\/blogit.gradia.fi\\\/raksalla\\\/wp-content\\\/uploads\\\/sites\\\/108\\\/2014\\\/01\\\/kuv1.jpg\",\"inLanguage\":\"fi\",\"potentialAction\":[{\"@type\":\"CommentAction\",\"name\":\"Comment\",\"target\":[\"https:\\\/\\\/blogit.gradia.fi\\\/raksalla\\\/2014\\\/01\\\/20\\\/opo-top-viikko2-kirvesmiehena\\\/#respond\"]}]},{\"@type\":\"WebPage\",\"@id\":\"https:\\\/\\\/blogit.gradia.fi\\\/raksalla\\\/2014\\\/01\\\/20\\\/opo-top-viikko2-kirvesmiehena\\\/\",\"url\":\"https:\\\/\\\/blogit.gradia.fi\\\/raksalla\\\/2014\\\/01\\\/20\\\/opo-top-viikko2-kirvesmiehena\\\/\",\"name\":\"opo TOP, viikko2: Kirvesmiehen\u00e4 - Raksalla\",\"isPartOf\":{\"@id\":\"https:\\\/\\\/blogit.gradia.fi\\\/raksalla\\\/#website\"},\"primaryImageOfPage\":{\"@id\":\"https:\\\/\\\/blogit.gradia.fi\\\/raksalla\\\/2014\\\/01\\\/20\\\/opo-top-viikko2-kirvesmiehena\\\/#primaryimage\"},\"image\":{\"@id\":\"https:\\\/\\\/blogit.gradia.fi\\\/raksalla\\\/2014\\\/01\\\/20\\\/opo-top-viikko2-kirvesmiehena\\\/#primaryimage\"},\"thumbnailUrl\":\"https:\\\/\\\/blogit.gradia.fi\\\/raksalla\\\/wp-content\\\/uploads\\\/sites\\\/108\\\/2014\\\/01\\\/kuv1.jpg\",\"datePublished\":\"2014-01-20T15:34:55+00:00\",\"dateModified\":\"2014-01-29T17:23:57+00:00\",\"author\":{\"@id\":\"https:\\\/\\\/blogit.gradia.fi\\\/raksalla\\\/#\\\/schema\\\/person\\\/cf3b10a23a75a63d7e0cf2e68ccdccd9\"},\"inLanguage\":\"fi\",\"potentialAction\":[{\"@type\":\"ReadAction\",\"target\":[\"https:\\\/\\\/blogit.gradia.fi\\\/raksalla\\\/2014\\\/01\\\/20\\\/opo-top-viikko2-kirvesmiehena\\\/\"]}]},{\"@type\":\"ImageObject\",\"inLanguage\":\"fi\",\"@id\":\"https:\\\/\\\/blogit.gradia.fi\\\/raksalla\\\/2014\\\/01\\\/20\\\/opo-top-viikko2-kirvesmiehena\\\/#primaryimage\",\"url\":\"https:\\\/\\\/blogit.gradia.fi\\\/raksalla\\\/wp-content\\\/uploads\\\/sites\\\/108\\\/2014\\\/01\\\/kuv1.jpg\",\"contentUrl\":\"https:\\\/\\\/blogit.gradia.fi\\\/raksalla\\\/wp-content\\\/uploads\\\/sites\\\/108\\\/2014\\\/01\\\/kuv1.jpg\",\"width\":1632,\"height\":1224},{\"@type\":\"WebSite\",\"@id\":\"https:\\\/\\\/blogit.gradia.fi\\\/raksalla\\\/#website\",\"url\":\"https:\\\/\\\/blogit.gradia.fi\\\/raksalla\\\/\",\"name\":\"Raksalla\",\"description\":\"Tervetuloa rakennusalan blogiin!\",\"potentialAction\":[{\"@type\":\"SearchAction\",\"target\":{\"@type\":\"EntryPoint\",\"urlTemplate\":\"https:\\\/\\\/blogit.gradia.fi\\\/raksalla\\\/?s={search_term_string}\"},\"query-input\":{\"@type\":\"PropertyValueSpecification\",\"valueRequired\":true,\"valueName\":\"search_term_string\"}}],\"inLanguage\":\"fi\"},{\"@type\":\"Person\",\"@id\":\"https:\\\/\\\/blogit.gradia.fi\\\/raksalla\\\/#\\\/schema\\\/person\\\/cf3b10a23a75a63d7e0cf2e68ccdccd9\",\"name\":\"Anne Seilonen\",\"image\":{\"@type\":\"ImageObject\",\"inLanguage\":\"fi\",\"@id\":\"https:\\\/\\\/secure.gravatar.com\\\/avatar\\\/428c3c256ee6f468a4c4b0776817a0fecc90119095f9ec1cffba4df2953e74ed?s=96&d=mm&r=g\",\"url\":\"https:\\\/\\\/secure.gravatar.com\\\/avatar\\\/428c3c256ee6f468a4c4b0776817a0fecc90119095f9ec1cffba4df2953e74ed?s=96&d=mm&r=g\",\"contentUrl\":\"https:\\\/\\\/secure.gravatar.com\\\/avatar\\\/428c3c256ee6f468a4c4b0776817a0fecc90119095f9ec1cffba4df2953e74ed?s=96&d=mm&r=g\",\"caption\":\"Anne Seilonen\"},\"url\":\"https:\\\/\\\/blogit.gradia.fi\\\/raksalla\\\/author\\\/seiloann\\\/\"}]}<\/script>\n<!-- \/ Yoast SEO plugin. -->","yoast_head_json":{"title":"opo TOP, viikko2: Kirvesmiehen\u00e4 - Raksalla","robots":{"index":"index","follow":"follow","max-snippet":"max-snippet:-1","max-image-preview":"max-image-preview:large","max-video-preview":"max-video-preview:-1"},"canonical":"https:\/\/blogit.gradia.fi\/raksalla\/2014\/01\/20\/opo-top-viikko2-kirvesmiehena\/","og_locale":"fi_FI","og_type":"article","og_title":"opo TOP, viikko2: Kirvesmiehen\u00e4 - Raksalla","og_description":"Toinen ty\u00f6el\u00e4m\u00e4jaksoviikkoni alkoi ty\u00f6maatoimistolla tuotantopalaverilla. Ty\u00f6maan vastaavan mestarin johdolla l\u00e4pik\u00e4ytiin mm. k\u00e4ynniss\u00e4 olevia ja alkavia ty\u00f6vaiheita. Ty\u00f6p\u00e4\u00e4llikk\u00f6 jatkoi kokousta ja antoi positiivista palautetta: ty\u00f6maa on pysynyt aikataulussa, muutosty\u00f6t ovat hallinnassa ja ty\u00f6maan siisteys on ollut ensiluokkaista. Tilaaja vitsaili viime viikolla, ett\u00e4 ty\u00f6maalla on melkeinp\u00e4 siistimp\u00e4\u00e4 kuin kotona. Edellisen TP mittauksen tulos t\u00e4ll\u00e4 ty\u00f6maalla oli ollut &hellip; Jatka lukemista opo TOP, viikko2: Kirvesmiehen\u00e4 &rarr;","og_url":"https:\/\/blogit.gradia.fi\/raksalla\/2014\/01\/20\/opo-top-viikko2-kirvesmiehena\/","og_site_name":"Raksalla","article_published_time":"2014-01-20T15:34:55+00:00","article_modified_time":"2014-01-29T17:23:57+00:00","og_image":[{"url":"https:\/\/blogit.gradia.fi\/raksalla\/wp-content\/uploads\/sites\/108\/2014\/01\/kuv1.jpg","type":"","width":"","height":""}],"author":"Anne Seilonen","twitter_card":"summary_large_image","twitter_misc":{"Kirjoittanut":"Anne Seilonen","Arvioitu lukuaika":"7 minuuttia"},"schema":{"@context":"https:\/\/schema.org","@graph":[{"@type":"Article","@id":"https:\/\/blogit.gradia.fi\/raksalla\/2014\/01\/20\/opo-top-viikko2-kirvesmiehena\/#article","isPartOf":{"@id":"https:\/\/blogit.gradia.fi\/raksalla\/2014\/01\/20\/opo-top-viikko2-kirvesmiehena\/"},"author":{"name":"Anne Seilonen","@id":"https:\/\/blogit.gradia.fi\/raksalla\/#\/schema\/person\/cf3b10a23a75a63d7e0cf2e68ccdccd9"},"headline":"opo TOP, viikko2: Kirvesmiehen\u00e4","datePublished":"2014-01-20T15:34:55+00:00","dateModified":"2014-01-29T17:23:57+00:00","mainEntityOfPage":{"@id":"https:\/\/blogit.gradia.fi\/raksalla\/2014\/01\/20\/opo-top-viikko2-kirvesmiehena\/"},"wordCount":1431,"commentCount":0,"image":{"@id":"https:\/\/blogit.gradia.fi\/raksalla\/2014\/01\/20\/opo-top-viikko2-kirvesmiehena\/#primaryimage"},"thumbnailUrl":"https:\/\/blogit.gradia.fi\/raksalla\/wp-content\/uploads\/sites\/108\/2014\/01\/kuv1.jpg","inLanguage":"fi","potentialAction":[{"@type":"CommentAction","name":"Comment","target":["https:\/\/blogit.gradia.fi\/raksalla\/2014\/01\/20\/opo-top-viikko2-kirvesmiehena\/#respond"]}]},{"@type":"WebPage","@id":"https:\/\/blogit.gradia.fi\/raksalla\/2014\/01\/20\/opo-top-viikko2-kirvesmiehena\/","url":"https:\/\/blogit.gradia.fi\/raksalla\/2014\/01\/20\/opo-top-viikko2-kirvesmiehena\/","name":"opo TOP, viikko2: Kirvesmiehen\u00e4 - Raksalla","isPartOf":{"@id":"https:\/\/blogit.gradia.fi\/raksalla\/#website"},"primaryImageOfPage":{"@id":"https:\/\/blogit.gradia.fi\/raksalla\/2014\/01\/20\/opo-top-viikko2-kirvesmiehena\/#primaryimage"},"image":{"@id":"https:\/\/blogit.gradia.fi\/raksalla\/2014\/01\/20\/opo-top-viikko2-kirvesmiehena\/#primaryimage"},"thumbnailUrl":"https:\/\/blogit.gradia.fi\/raksalla\/wp-content\/uploads\/sites\/108\/2014\/01\/kuv1.jpg","datePublished":"2014-01-20T15:34:55+00:00","dateModified":"2014-01-29T17:23:57+00:00","author":{"@id":"https:\/\/blogit.gradia.fi\/raksalla\/#\/schema\/person\/cf3b10a23a75a63d7e0cf2e68ccdccd9"},"inLanguage":"fi","potentialAction":[{"@type":"ReadAction","target":["https:\/\/blogit.gradia.fi\/raksalla\/2014\/01\/20\/opo-top-viikko2-kirvesmiehena\/"]}]},{"@type":"ImageObject","inLanguage":"fi","@id":"https:\/\/blogit.gradia.fi\/raksalla\/2014\/01\/20\/opo-top-viikko2-kirvesmiehena\/#primaryimage","url":"https:\/\/blogit.gradia.fi\/raksalla\/wp-content\/uploads\/sites\/108\/2014\/01\/kuv1.jpg","contentUrl":"https:\/\/blogit.gradia.fi\/raksalla\/wp-content\/uploads\/sites\/108\/2014\/01\/kuv1.jpg","width":1632,"height":1224},{"@type":"WebSite","@id":"https:\/\/blogit.gradia.fi\/raksalla\/#website","url":"https:\/\/blogit.gradia.fi\/raksalla\/","name":"Raksalla","description":"Tervetuloa rakennusalan blogiin!","potentialAction":[{"@type":"SearchAction","target":{"@type":"EntryPoint","urlTemplate":"https:\/\/blogit.gradia.fi\/raksalla\/?s={search_term_string}"},"query-input":{"@type":"PropertyValueSpecification","valueRequired":true,"valueName":"search_term_string"}}],"inLanguage":"fi"},{"@type":"Person","@id":"https:\/\/blogit.gradia.fi\/raksalla\/#\/schema\/person\/cf3b10a23a75a63d7e0cf2e68ccdccd9","name":"Anne Seilonen","image":{"@type":"ImageObject","inLanguage":"fi","@id":"https:\/\/secure.gravatar.com\/avatar\/428c3c256ee6f468a4c4b0776817a0fecc90119095f9ec1cffba4df2953e74ed?s=96&d=mm&r=g","url":"https:\/\/secure.gravatar.com\/avatar\/428c3c256ee6f468a4c4b0776817a0fecc90119095f9ec1cffba4df2953e74ed?s=96&d=mm&r=g","contentUrl":"https:\/\/secure.gravatar.com\/avatar\/428c3c256ee6f468a4c4b0776817a0fecc90119095f9ec1cffba4df2953e74ed?s=96&d=mm&r=g","caption":"Anne Seilonen"},"url":"https:\/\/blogit.gradia.fi\/raksalla\/author\/seiloann\/"}]}},"uagb_featured_image_src":{"full":false,"thumbnail":false,"medium":false,"medium_large":false,"large":false,"1536x1536":false,"2048x2048":false,"post-thumbnail":false},"uagb_author_info":{"display_name":"Anne Seilonen","author_link":"https:\/\/blogit.gradia.fi\/raksalla\/author\/seiloann\/"},"uagb_comment_info":0,"uagb_excerpt":"Toinen ty\u00f6el\u00e4m\u00e4jaksoviikkoni alkoi ty\u00f6maatoimistolla tuotantopalaverilla. Ty\u00f6maan vastaavan mestarin johdolla l\u00e4pik\u00e4ytiin mm. k\u00e4ynniss\u00e4 olevia ja alkavia ty\u00f6vaiheita. Ty\u00f6p\u00e4\u00e4llikk\u00f6 jatkoi kokousta ja antoi positiivista palautetta: ty\u00f6maa on pysynyt aikataulussa, muutosty\u00f6t ovat hallinnassa ja ty\u00f6maan siisteys on ollut ensiluokkaista. Tilaaja vitsaili viime viikolla, ett\u00e4 ty\u00f6maalla on melkeinp\u00e4 siistimp\u00e4\u00e4 kuin kotona. Edellisen TP mittauksen tulos t\u00e4ll\u00e4 ty\u00f6maalla oli ollut&hellip;","_links":{"self":[{"href":"https:\/\/blogit.gradia.fi\/raksalla\/wp-json\/wp\/v2\/posts\/51","targetHints":{"allow":["GET"]}}],"collection":[{"href":"https:\/\/blogit.gradia.fi\/raksalla\/wp-json\/wp\/v2\/posts"}],"about":[{"href":"https:\/\/blogit.gradia.fi\/raksalla\/wp-json\/wp\/v2\/types\/post"}],"author":[{"embeddable":true,"href":"https:\/\/blogit.gradia.fi\/raksalla\/wp-json\/wp\/v2\/users\/607"}],"replies":[{"embeddable":true,"href":"https:\/\/blogit.gradia.fi\/raksalla\/wp-json\/wp\/v2\/comments?post=51"}],"version-history":[{"count":0,"href":"https:\/\/blogit.gradia.fi\/raksalla\/wp-json\/wp\/v2\/posts\/51\/revisions"}],"wp:attachment":[{"href":"https:\/\/blogit.gradia.fi\/raksalla\/wp-json\/wp\/v2\/media?parent=51"}],"wp:term":[{"taxonomy":"category","embeddable":true,"href":"https:\/\/blogit.gradia.fi\/raksalla\/wp-json\/wp\/v2\/categories?post=51"},{"taxonomy":"post_tag","embeddable":true,"href":"https:\/\/blogit.gradia.fi\/raksalla\/wp-json\/wp\/v2\/tags?post=51"}],"curies":[{"name":"wp","href":"https:\/\/api.w.org\/{rel}","templated":true}]}}