{"id":13,"date":"2013-12-20T10:20:35","date_gmt":"2013-12-20T08:20:35","guid":{"rendered":"https:\/\/blogit.gradia.fi\/raksalla\/?p=13"},"modified":"2013-12-30T11:42:23","modified_gmt":"2013-12-30T09:42:23","slug":"tyoturvallisuuskortti","status":"publish","type":"post","link":"https:\/\/blogit.gradia.fi\/raksalla\/2013\/12\/20\/tyoturvallisuuskortti\/","title":{"rendered":"Opo TOPpiin!"},"content":{"rendered":"<p>Siit\u00e4 se ajatus sitten l\u00e4hti, marraskuisesta kehityskeskustelusta, jossa mahdollisuutta ty\u00f6el\u00e4m\u00e4jaksolle tarjottiin paitsi ammatillisille opettajille, my\u00f6s meille opinto-ohjaajille, ohjausalan ihmisille. Ennen kuin minulla olisi mit\u00e4\u00e4n asiaa ty\u00f6maille, minun piti\u00a0 hankkia kuvallisen veronumerolla varustetun tunnistekortin lis\u00e4ksi ty\u00f6turvallisuuskortti. Kulutin Jyv\u00e4skyl\u00e4n ammattiopiston pulpetin penkkej\u00e4 kaksi aamup\u00e4iv\u00e4\u00e4 opiskelijana puualan\u00a0 opiskelijoiden joukossa. Olin mielest\u00e4ni kuunnellut opetusta tarkkaavaisemmin kuin useimmat muut ryhm\u00e4n j\u00e4senet ja osallistuin ainakin aktiivisemmin keskusteluihin kuin takariviss\u00e4 k\u00e4nnyk\u00f6it\u00e4\u00e4n n\u00e4pl\u00e4\u00e4v\u00e4t tulevat puusep\u00e4t, mutta niin vaan en ollutkaan ryhm\u00e4n priimus kokeessa. Ty\u00f6turvallisuusasioitakaan ei siis opita vain istumalla ja kuuntelemalla.<\/p>\n<p>.<a href=\"https:\/\/blogit.gradia.fi\/raksalla\/wp-content\/uploads\/sites\/108\/2013\/12\/kuva2.jpg\"><img loading=\"lazy\" decoding=\"async\" alt=\"kuva2\" src=\"https:\/\/blogit.gradia.fi\/raksalla\/wp-content\/uploads\/sites\/108\/2013\/12\/kuva2.jpg\" width=\"480\" height=\"632\" \/><\/a><\/p>\n<p>K\u00e4yt\u00e4nn\u00f6n tekemisest\u00e4 minun tapauksessani onkin jo vier\u00e4ht\u00e4nyt aikaa ja raksakokemusta kaiken kaikkiaan on kertynyt vain muutaman opettajan mukana tehdyn ty\u00f6ss\u00e4oppimis (TOP)k\u00e4ynnin\u00a0ja kahden\u00a0 omakotirakennuksen \u201dty\u00f6njohtajana\u201d (lainausmerkeiss\u00e4) vietetyn vuoden verran. Kuusivuotiaana kantakotini rakennuksella olin oppinut, ett\u00e4 lasivillaa ei kannata k\u00e4sitell\u00e4 (eik\u00e4 niiss\u00e4 hyppi\u00e4) lyhythihaisilla vaatteilla, eik\u00e4 betonimassaa kannata muovailla paljain k\u00e4sin. Noin kymmenen vuotta sitten oman talomme rakennuksella olin n\u00e4hnyt, ett\u00e4 huteralle keitti\u00f6jakkaralle ei kannata kiivet\u00e4 edes ihan pient\u00e4 ja nopeaa asennusty\u00f6t\u00e4 varten ja kirjaimellisesti kantap\u00e4\u00e4n kautta opin, ett\u00e4 ty\u00f6turvakenki\u00e4 pit\u00e4\u00e4 pit\u00e4\u00e4! Nyt omistan ty\u00f6turvakeng\u00e4t, kyp\u00e4r\u00e4n sek\u00e4 yhden muovisen kortin enemm\u00e4n ja olen viisaampi ja varovaisempi. Don&#8217;t worry siis. Ty\u00f6turvallisuuskorttikoulutuksen tarkoituksena on motivoida ty\u00f6ntekij\u00e4t turvallisuuskysymysten \u00e4\u00e4relle. Koulutus opettaa tunnistamaan ja minimoimaan riskej\u00e4 ja parantaa kaikkien turvallisuutta ty\u00f6paikoilla.<\/p>\n<p>Joulukuun alkupuolella aloin kyselem\u00e4\u00e4n ty\u00f6el\u00e4m\u00e4jaksopaikkaa. Ty\u00f6paikaksi valikoitui NCC muutaman muun hyv\u00e4n vaihtoehdon joukosta. NCC:n kotisivut <a href=\"http:\/\/www.ncc.fi\">www.ncc.fi<\/a> antoivat yrityksest\u00e4 dynaamisen, positiivisen ja mielenkiintoisen kuvan. Soittelin aktiivisesti ja laitoin s\u00e4hk\u00f6postia harjoitteluasiosta vastaavalle, jonka yhteystiedot sain ty\u00f6turvakorttikouluttajaltani. Kiireisest\u00e4 ja ty\u00f6nt\u00e4yteisest\u00e4 ajankohdasta huolimatta ty\u00f6el\u00e4m\u00e4jakso saatiin j\u00e4rjestym\u00e4\u00e4n tammikuulle. Mielenkiintoni ty\u00f6el\u00e4m\u00e4jaksoa kohtaan ei ainakaan v\u00e4hentynyt k\u00e4ydess\u00e4ni NCC:n Jyv\u00e4skyl\u00e4n toimistolla Lutakossa. Siell\u00e4 tuleva opotoppilainen otettiin hyvin vastaan, kerrottiin monipuolisesti yrityksest\u00e4 sek\u00e4 alustavasti siit\u00e4, mit\u00e4 tuleva neliviikkoinen tulee sis\u00e4lt\u00e4m\u00e4\u00e4n. Niinp\u00e4 t\u00e4m\u00e4 kyl\u00e4koulujen rakentajan pojantyt\u00e4r aloitti mentaaliharjoittelun.\u00a0Isois\u00e4ni on aikanaan 1900-luvun alkupuolella kulkenut ty\u00f6matkansa rakennuksille polkupy\u00f6r\u00e4ll\u00e4 kuljettaen ty\u00f6kalupakkia tarakallaan. Tarina kertoo my\u00f6s, ett\u00e4 h\u00e4n teki hirsitaloon pystyst\u00e4 mets\u00e4st\u00e4 ikkunan p\u00e4iv\u00e4ss\u00e4. Minusta ei varmasti tule rakentajaa sukuun t\u00e4m\u00e4n ty\u00f6el\u00e4m\u00e4jakson j\u00e4lkeenk\u00e4\u00e4n, mutta toivottavasti joitain ev\u00e4it\u00e4 j\u00e4\u00e4 takkiin oppilaitosyhteisty\u00f6n edelleen kehitt\u00e4miseksi puolin ja toisin. Odotan tulevaa innolla. Yksi asia vain v\u00e4h\u00e4n huolestuttaa&#8230; Olisiko NCC:n tutustumisk\u00e4ynnill\u00e4 pit\u00e4nyt sittenkin tilata pari numeroa suuremmat ty\u00f6vaatteet? Joululomalla tuli ker\u00e4tty\u00e4 sen verran voimia ja energiaa tulevaa urakkaa varten;-)<\/p>\n","protected":false},"excerpt":{"rendered":"<p>Siit\u00e4 se ajatus sitten l\u00e4hti, marraskuisesta kehityskeskustelusta, jossa mahdollisuutta ty\u00f6el\u00e4m\u00e4jaksolle tarjottiin paitsi ammatillisille opettajille, my\u00f6s meille opinto-ohjaajille, ohjausalan ihmisille. Ennen kuin minulla olisi mit\u00e4\u00e4n asiaa ty\u00f6maille, minun piti\u00a0 hankkia kuvallisen veronumerolla varustetun tunnistekortin lis\u00e4ksi ty\u00f6turvallisuuskortti. Kulutin Jyv\u00e4skyl\u00e4n ammattiopiston pulpetin penkkej\u00e4 kaksi aamup\u00e4iv\u00e4\u00e4 opiskelijana puualan\u00a0 opiskelijoiden joukossa. Olin mielest\u00e4ni kuunnellut opetusta tarkkaavaisemmin kuin useimmat muut ryhm\u00e4n &hellip; <a href=\"https:\/\/blogit.gradia.fi\/raksalla\/2013\/12\/20\/tyoturvallisuuskortti\/\" class=\"more-link\">Jatka lukemista <span class=\"screen-reader-text\">Opo TOPpiin!<\/span> <span class=\"meta-nav\">&rarr;<\/span><\/a><\/p>\n","protected":false},"author":607,"featured_media":0,"comment_status":"open","ping_status":"open","sticky":false,"template":"","format":"standard","meta":{"_uag_custom_page_level_css":"","footnotes":""},"categories":[1],"tags":[6,5,3,4],"class_list":["post-13","post","type-post","status-publish","format-standard","hentry","category-yleinen","tag-rakennus","tag-talonrakennus","tag-tyoelamajakso","tag-tyoturvallisuuskortti"],"yoast_head":"<!-- This site is optimized with the Yoast SEO plugin v27.4 - https:\/\/yoast.com\/product\/yoast-seo-wordpress\/ -->\n<title>Opo TOPpiin! - Raksalla<\/title>\n<meta name=\"robots\" content=\"index, follow, max-snippet:-1, max-image-preview:large, max-video-preview:-1\" \/>\n<link rel=\"canonical\" href=\"https:\/\/blogit.gradia.fi\/raksalla\/2013\/12\/20\/tyoturvallisuuskortti\/\" \/>\n<meta property=\"og:locale\" content=\"fi_FI\" \/>\n<meta property=\"og:type\" content=\"article\" \/>\n<meta property=\"og:title\" content=\"Opo TOPpiin! - Raksalla\" \/>\n<meta property=\"og:description\" content=\"Siit\u00e4 se ajatus sitten l\u00e4hti, marraskuisesta kehityskeskustelusta, jossa mahdollisuutta ty\u00f6el\u00e4m\u00e4jaksolle tarjottiin paitsi ammatillisille opettajille, my\u00f6s meille opinto-ohjaajille, ohjausalan ihmisille. Ennen kuin minulla olisi mit\u00e4\u00e4n asiaa ty\u00f6maille, minun piti\u00a0 hankkia kuvallisen veronumerolla varustetun tunnistekortin lis\u00e4ksi ty\u00f6turvallisuuskortti. Kulutin Jyv\u00e4skyl\u00e4n ammattiopiston pulpetin penkkej\u00e4 kaksi aamup\u00e4iv\u00e4\u00e4 opiskelijana puualan\u00a0 opiskelijoiden joukossa. Olin mielest\u00e4ni kuunnellut opetusta tarkkaavaisemmin kuin useimmat muut ryhm\u00e4n &hellip; Jatka lukemista Opo TOPpiin! &rarr;\" \/>\n<meta property=\"og:url\" content=\"https:\/\/blogit.gradia.fi\/raksalla\/2013\/12\/20\/tyoturvallisuuskortti\/\" \/>\n<meta property=\"og:site_name\" content=\"Raksalla\" \/>\n<meta property=\"article:published_time\" content=\"2013-12-20T08:20:35+00:00\" \/>\n<meta property=\"article:modified_time\" content=\"2013-12-30T09:42:23+00:00\" \/>\n<meta property=\"og:image\" content=\"https:\/\/blogit.gradia.fi\/raksalla\/wp-content\/uploads\/sites\/108\/2013\/12\/kuva2.jpg\" \/>\n<meta name=\"author\" content=\"Anne Seilonen\" \/>\n<meta name=\"twitter:card\" content=\"summary_large_image\" \/>\n<meta name=\"twitter:label1\" content=\"Kirjoittanut\" \/>\n\t<meta name=\"twitter:data1\" content=\"Anne Seilonen\" \/>\n\t<meta name=\"twitter:label2\" content=\"Arvioitu lukuaika\" \/>\n\t<meta name=\"twitter:data2\" content=\"2 minuuttia\" \/>\n<script type=\"application\/ld+json\" class=\"yoast-schema-graph\">{\"@context\":\"https:\\\/\\\/schema.org\",\"@graph\":[{\"@type\":\"Article\",\"@id\":\"https:\\\/\\\/blogit.gradia.fi\\\/raksalla\\\/2013\\\/12\\\/20\\\/tyoturvallisuuskortti\\\/#article\",\"isPartOf\":{\"@id\":\"https:\\\/\\\/blogit.gradia.fi\\\/raksalla\\\/2013\\\/12\\\/20\\\/tyoturvallisuuskortti\\\/\"},\"author\":{\"name\":\"Anne Seilonen\",\"@id\":\"https:\\\/\\\/blogit.gradia.fi\\\/raksalla\\\/#\\\/schema\\\/person\\\/cf3b10a23a75a63d7e0cf2e68ccdccd9\"},\"headline\":\"Opo TOPpiin!\",\"datePublished\":\"2013-12-20T08:20:35+00:00\",\"dateModified\":\"2013-12-30T09:42:23+00:00\",\"mainEntityOfPage\":{\"@id\":\"https:\\\/\\\/blogit.gradia.fi\\\/raksalla\\\/2013\\\/12\\\/20\\\/tyoturvallisuuskortti\\\/\"},\"wordCount\":465,\"commentCount\":0,\"image\":{\"@id\":\"https:\\\/\\\/blogit.gradia.fi\\\/raksalla\\\/2013\\\/12\\\/20\\\/tyoturvallisuuskortti\\\/#primaryimage\"},\"thumbnailUrl\":\"https:\\\/\\\/blogit.gradia.fi\\\/raksalla\\\/wp-content\\\/uploads\\\/sites\\\/108\\\/2013\\\/12\\\/kuva2.jpg\",\"keywords\":[\"rakennus\",\"talonrakennus\",\"ty\u00f6el\u00e4m\u00e4jakso\",\"ty\u00f6turvallisuuskortti\"],\"inLanguage\":\"fi\",\"potentialAction\":[{\"@type\":\"CommentAction\",\"name\":\"Comment\",\"target\":[\"https:\\\/\\\/blogit.gradia.fi\\\/raksalla\\\/2013\\\/12\\\/20\\\/tyoturvallisuuskortti\\\/#respond\"]}]},{\"@type\":\"WebPage\",\"@id\":\"https:\\\/\\\/blogit.gradia.fi\\\/raksalla\\\/2013\\\/12\\\/20\\\/tyoturvallisuuskortti\\\/\",\"url\":\"https:\\\/\\\/blogit.gradia.fi\\\/raksalla\\\/2013\\\/12\\\/20\\\/tyoturvallisuuskortti\\\/\",\"name\":\"Opo TOPpiin! - Raksalla\",\"isPartOf\":{\"@id\":\"https:\\\/\\\/blogit.gradia.fi\\\/raksalla\\\/#website\"},\"primaryImageOfPage\":{\"@id\":\"https:\\\/\\\/blogit.gradia.fi\\\/raksalla\\\/2013\\\/12\\\/20\\\/tyoturvallisuuskortti\\\/#primaryimage\"},\"image\":{\"@id\":\"https:\\\/\\\/blogit.gradia.fi\\\/raksalla\\\/2013\\\/12\\\/20\\\/tyoturvallisuuskortti\\\/#primaryimage\"},\"thumbnailUrl\":\"https:\\\/\\\/blogit.gradia.fi\\\/raksalla\\\/wp-content\\\/uploads\\\/sites\\\/108\\\/2013\\\/12\\\/kuva2.jpg\",\"datePublished\":\"2013-12-20T08:20:35+00:00\",\"dateModified\":\"2013-12-30T09:42:23+00:00\",\"author\":{\"@id\":\"https:\\\/\\\/blogit.gradia.fi\\\/raksalla\\\/#\\\/schema\\\/person\\\/cf3b10a23a75a63d7e0cf2e68ccdccd9\"},\"inLanguage\":\"fi\",\"potentialAction\":[{\"@type\":\"ReadAction\",\"target\":[\"https:\\\/\\\/blogit.gradia.fi\\\/raksalla\\\/2013\\\/12\\\/20\\\/tyoturvallisuuskortti\\\/\"]}]},{\"@type\":\"ImageObject\",\"inLanguage\":\"fi\",\"@id\":\"https:\\\/\\\/blogit.gradia.fi\\\/raksalla\\\/2013\\\/12\\\/20\\\/tyoturvallisuuskortti\\\/#primaryimage\",\"url\":\"https:\\\/\\\/blogit.gradia.fi\\\/raksalla\\\/wp-content\\\/uploads\\\/sites\\\/108\\\/2013\\\/12\\\/kuva2.jpg\",\"contentUrl\":\"https:\\\/\\\/blogit.gradia.fi\\\/raksalla\\\/wp-content\\\/uploads\\\/sites\\\/108\\\/2013\\\/12\\\/kuva2.jpg\",\"width\":480,\"height\":640},{\"@type\":\"WebSite\",\"@id\":\"https:\\\/\\\/blogit.gradia.fi\\\/raksalla\\\/#website\",\"url\":\"https:\\\/\\\/blogit.gradia.fi\\\/raksalla\\\/\",\"name\":\"Raksalla\",\"description\":\"Tervetuloa rakennusalan blogiin!\",\"potentialAction\":[{\"@type\":\"SearchAction\",\"target\":{\"@type\":\"EntryPoint\",\"urlTemplate\":\"https:\\\/\\\/blogit.gradia.fi\\\/raksalla\\\/?s={search_term_string}\"},\"query-input\":{\"@type\":\"PropertyValueSpecification\",\"valueRequired\":true,\"valueName\":\"search_term_string\"}}],\"inLanguage\":\"fi\"},{\"@type\":\"Person\",\"@id\":\"https:\\\/\\\/blogit.gradia.fi\\\/raksalla\\\/#\\\/schema\\\/person\\\/cf3b10a23a75a63d7e0cf2e68ccdccd9\",\"name\":\"Anne Seilonen\",\"image\":{\"@type\":\"ImageObject\",\"inLanguage\":\"fi\",\"@id\":\"https:\\\/\\\/secure.gravatar.com\\\/avatar\\\/428c3c256ee6f468a4c4b0776817a0fecc90119095f9ec1cffba4df2953e74ed?s=96&d=mm&r=g\",\"url\":\"https:\\\/\\\/secure.gravatar.com\\\/avatar\\\/428c3c256ee6f468a4c4b0776817a0fecc90119095f9ec1cffba4df2953e74ed?s=96&d=mm&r=g\",\"contentUrl\":\"https:\\\/\\\/secure.gravatar.com\\\/avatar\\\/428c3c256ee6f468a4c4b0776817a0fecc90119095f9ec1cffba4df2953e74ed?s=96&d=mm&r=g\",\"caption\":\"Anne Seilonen\"},\"url\":\"https:\\\/\\\/blogit.gradia.fi\\\/raksalla\\\/author\\\/seiloann\\\/\"}]}<\/script>\n<!-- \/ Yoast SEO plugin. -->","yoast_head_json":{"title":"Opo TOPpiin! - Raksalla","robots":{"index":"index","follow":"follow","max-snippet":"max-snippet:-1","max-image-preview":"max-image-preview:large","max-video-preview":"max-video-preview:-1"},"canonical":"https:\/\/blogit.gradia.fi\/raksalla\/2013\/12\/20\/tyoturvallisuuskortti\/","og_locale":"fi_FI","og_type":"article","og_title":"Opo TOPpiin! - Raksalla","og_description":"Siit\u00e4 se ajatus sitten l\u00e4hti, marraskuisesta kehityskeskustelusta, jossa mahdollisuutta ty\u00f6el\u00e4m\u00e4jaksolle tarjottiin paitsi ammatillisille opettajille, my\u00f6s meille opinto-ohjaajille, ohjausalan ihmisille. Ennen kuin minulla olisi mit\u00e4\u00e4n asiaa ty\u00f6maille, minun piti\u00a0 hankkia kuvallisen veronumerolla varustetun tunnistekortin lis\u00e4ksi ty\u00f6turvallisuuskortti. Kulutin Jyv\u00e4skyl\u00e4n ammattiopiston pulpetin penkkej\u00e4 kaksi aamup\u00e4iv\u00e4\u00e4 opiskelijana puualan\u00a0 opiskelijoiden joukossa. Olin mielest\u00e4ni kuunnellut opetusta tarkkaavaisemmin kuin useimmat muut ryhm\u00e4n &hellip; Jatka lukemista Opo TOPpiin! &rarr;","og_url":"https:\/\/blogit.gradia.fi\/raksalla\/2013\/12\/20\/tyoturvallisuuskortti\/","og_site_name":"Raksalla","article_published_time":"2013-12-20T08:20:35+00:00","article_modified_time":"2013-12-30T09:42:23+00:00","og_image":[{"url":"https:\/\/blogit.gradia.fi\/raksalla\/wp-content\/uploads\/sites\/108\/2013\/12\/kuva2.jpg","type":"","width":"","height":""}],"author":"Anne Seilonen","twitter_card":"summary_large_image","twitter_misc":{"Kirjoittanut":"Anne Seilonen","Arvioitu lukuaika":"2 minuuttia"},"schema":{"@context":"https:\/\/schema.org","@graph":[{"@type":"Article","@id":"https:\/\/blogit.gradia.fi\/raksalla\/2013\/12\/20\/tyoturvallisuuskortti\/#article","isPartOf":{"@id":"https:\/\/blogit.gradia.fi\/raksalla\/2013\/12\/20\/tyoturvallisuuskortti\/"},"author":{"name":"Anne Seilonen","@id":"https:\/\/blogit.gradia.fi\/raksalla\/#\/schema\/person\/cf3b10a23a75a63d7e0cf2e68ccdccd9"},"headline":"Opo TOPpiin!","datePublished":"2013-12-20T08:20:35+00:00","dateModified":"2013-12-30T09:42:23+00:00","mainEntityOfPage":{"@id":"https:\/\/blogit.gradia.fi\/raksalla\/2013\/12\/20\/tyoturvallisuuskortti\/"},"wordCount":465,"commentCount":0,"image":{"@id":"https:\/\/blogit.gradia.fi\/raksalla\/2013\/12\/20\/tyoturvallisuuskortti\/#primaryimage"},"thumbnailUrl":"https:\/\/blogit.gradia.fi\/raksalla\/wp-content\/uploads\/sites\/108\/2013\/12\/kuva2.jpg","keywords":["rakennus","talonrakennus","ty\u00f6el\u00e4m\u00e4jakso","ty\u00f6turvallisuuskortti"],"inLanguage":"fi","potentialAction":[{"@type":"CommentAction","name":"Comment","target":["https:\/\/blogit.gradia.fi\/raksalla\/2013\/12\/20\/tyoturvallisuuskortti\/#respond"]}]},{"@type":"WebPage","@id":"https:\/\/blogit.gradia.fi\/raksalla\/2013\/12\/20\/tyoturvallisuuskortti\/","url":"https:\/\/blogit.gradia.fi\/raksalla\/2013\/12\/20\/tyoturvallisuuskortti\/","name":"Opo TOPpiin! - Raksalla","isPartOf":{"@id":"https:\/\/blogit.gradia.fi\/raksalla\/#website"},"primaryImageOfPage":{"@id":"https:\/\/blogit.gradia.fi\/raksalla\/2013\/12\/20\/tyoturvallisuuskortti\/#primaryimage"},"image":{"@id":"https:\/\/blogit.gradia.fi\/raksalla\/2013\/12\/20\/tyoturvallisuuskortti\/#primaryimage"},"thumbnailUrl":"https:\/\/blogit.gradia.fi\/raksalla\/wp-content\/uploads\/sites\/108\/2013\/12\/kuva2.jpg","datePublished":"2013-12-20T08:20:35+00:00","dateModified":"2013-12-30T09:42:23+00:00","author":{"@id":"https:\/\/blogit.gradia.fi\/raksalla\/#\/schema\/person\/cf3b10a23a75a63d7e0cf2e68ccdccd9"},"inLanguage":"fi","potentialAction":[{"@type":"ReadAction","target":["https:\/\/blogit.gradia.fi\/raksalla\/2013\/12\/20\/tyoturvallisuuskortti\/"]}]},{"@type":"ImageObject","inLanguage":"fi","@id":"https:\/\/blogit.gradia.fi\/raksalla\/2013\/12\/20\/tyoturvallisuuskortti\/#primaryimage","url":"https:\/\/blogit.gradia.fi\/raksalla\/wp-content\/uploads\/sites\/108\/2013\/12\/kuva2.jpg","contentUrl":"https:\/\/blogit.gradia.fi\/raksalla\/wp-content\/uploads\/sites\/108\/2013\/12\/kuva2.jpg","width":480,"height":640},{"@type":"WebSite","@id":"https:\/\/blogit.gradia.fi\/raksalla\/#website","url":"https:\/\/blogit.gradia.fi\/raksalla\/","name":"Raksalla","description":"Tervetuloa rakennusalan blogiin!","potentialAction":[{"@type":"SearchAction","target":{"@type":"EntryPoint","urlTemplate":"https:\/\/blogit.gradia.fi\/raksalla\/?s={search_term_string}"},"query-input":{"@type":"PropertyValueSpecification","valueRequired":true,"valueName":"search_term_string"}}],"inLanguage":"fi"},{"@type":"Person","@id":"https:\/\/blogit.gradia.fi\/raksalla\/#\/schema\/person\/cf3b10a23a75a63d7e0cf2e68ccdccd9","name":"Anne Seilonen","image":{"@type":"ImageObject","inLanguage":"fi","@id":"https:\/\/secure.gravatar.com\/avatar\/428c3c256ee6f468a4c4b0776817a0fecc90119095f9ec1cffba4df2953e74ed?s=96&d=mm&r=g","url":"https:\/\/secure.gravatar.com\/avatar\/428c3c256ee6f468a4c4b0776817a0fecc90119095f9ec1cffba4df2953e74ed?s=96&d=mm&r=g","contentUrl":"https:\/\/secure.gravatar.com\/avatar\/428c3c256ee6f468a4c4b0776817a0fecc90119095f9ec1cffba4df2953e74ed?s=96&d=mm&r=g","caption":"Anne Seilonen"},"url":"https:\/\/blogit.gradia.fi\/raksalla\/author\/seiloann\/"}]}},"uagb_featured_image_src":{"full":false,"thumbnail":false,"medium":false,"medium_large":false,"large":false,"1536x1536":false,"2048x2048":false,"post-thumbnail":false},"uagb_author_info":{"display_name":"Anne Seilonen","author_link":"https:\/\/blogit.gradia.fi\/raksalla\/author\/seiloann\/"},"uagb_comment_info":0,"uagb_excerpt":"Siit\u00e4 se ajatus sitten l\u00e4hti, marraskuisesta kehityskeskustelusta, jossa mahdollisuutta ty\u00f6el\u00e4m\u00e4jaksolle tarjottiin paitsi ammatillisille opettajille, my\u00f6s meille opinto-ohjaajille, ohjausalan ihmisille. Ennen kuin minulla olisi mit\u00e4\u00e4n asiaa ty\u00f6maille, minun piti\u00a0 hankkia kuvallisen veronumerolla varustetun tunnistekortin lis\u00e4ksi ty\u00f6turvallisuuskortti. Kulutin Jyv\u00e4skyl\u00e4n ammattiopiston pulpetin penkkej\u00e4 kaksi aamup\u00e4iv\u00e4\u00e4 opiskelijana puualan\u00a0 opiskelijoiden joukossa. Olin mielest\u00e4ni kuunnellut opetusta tarkkaavaisemmin kuin useimmat muut ryhm\u00e4n&hellip;","_links":{"self":[{"href":"https:\/\/blogit.gradia.fi\/raksalla\/wp-json\/wp\/v2\/posts\/13","targetHints":{"allow":["GET"]}}],"collection":[{"href":"https:\/\/blogit.gradia.fi\/raksalla\/wp-json\/wp\/v2\/posts"}],"about":[{"href":"https:\/\/blogit.gradia.fi\/raksalla\/wp-json\/wp\/v2\/types\/post"}],"author":[{"embeddable":true,"href":"https:\/\/blogit.gradia.fi\/raksalla\/wp-json\/wp\/v2\/users\/607"}],"replies":[{"embeddable":true,"href":"https:\/\/blogit.gradia.fi\/raksalla\/wp-json\/wp\/v2\/comments?post=13"}],"version-history":[{"count":0,"href":"https:\/\/blogit.gradia.fi\/raksalla\/wp-json\/wp\/v2\/posts\/13\/revisions"}],"wp:attachment":[{"href":"https:\/\/blogit.gradia.fi\/raksalla\/wp-json\/wp\/v2\/media?parent=13"}],"wp:term":[{"taxonomy":"category","embeddable":true,"href":"https:\/\/blogit.gradia.fi\/raksalla\/wp-json\/wp\/v2\/categories?post=13"},{"taxonomy":"post_tag","embeddable":true,"href":"https:\/\/blogit.gradia.fi\/raksalla\/wp-json\/wp\/v2\/tags?post=13"}],"curies":[{"name":"wp","href":"https:\/\/api.w.org\/{rel}","templated":true}]}}