{"id":124,"date":"2014-02-01T09:36:08","date_gmt":"2014-02-01T07:36:08","guid":{"rendered":"https:\/\/blogit.gradia.fi\/raksalla\/?p=124"},"modified":"2014-02-04T11:47:16","modified_gmt":"2014-02-04T09:47:16","slug":"opo-top-viikko4-tilinteko","status":"publish","type":"post","link":"https:\/\/blogit.gradia.fi\/raksalla\/2014\/02\/01\/opo-top-viikko4-tilinteko\/","title":{"rendered":"opo TOP, viikko4: Tilinteko"},"content":{"rendered":"<p>Kerrostaloty\u00f6maa oli nelj\u00e4nnen ty\u00f6el\u00e4m\u00e4jaksoviikkoni kohde. Alueelle rakentuu kolme senioreille suunnattua kerrostaloa; vuokratalo, asumisoikeustalo ja omistustalo. Kaikki kerrostalot olivat hieman eri vaiheissa, joten p\u00e4\u00e4sin tutustumaan monenlaiseen hommaan. Yhdess\u00e4 taloista oli jo kalusteasennukset menossa. Maalattavien seinien v\u00e4ri oli turvallisesti maalarin valkoinen. Kylpyhuoneet ja saunat olivat tulleet valmiina elementtein\u00e4. Tulevat asukkaat p\u00e4\u00e4sev\u00e4t rakennusvaiheessa viel\u00e4 itsekin vaikuttamaan mm. v\u00e4liseiniin ja sisustusmateriaaleihin. Kerrostalorakentaminen on NCC:n ominta aluetta ja t\u00e4ll\u00e4 ty\u00f6maalla ty\u00f6skenteli paljon NCC:n omaa v\u00e4ke\u00e4. Ali- ja sivu-urakoitsijoita oli v\u00e4hemm\u00e4n kuin muissa ty\u00f6el\u00e4m\u00e4jaksoni kohteissa. Sain t\u00e4ll\u00e4 ty\u00f6maalla, niin kuin muissakin kohteissa, perehdytyksen ty\u00f6maalle kiireisest\u00e4 ajankohdasta huolimatta aikaa s\u00e4\u00e4st\u00e4m\u00e4tt\u00e4 ja laadusta tinkim\u00e4tt\u00e4 vastaavalta ty\u00f6njohtajalta. Vastaavan ty\u00f6njohtajan t\u00e4rkein teht\u00e4v\u00e4 ty\u00f6maalla on kuitenkin kustannusten seuranta ja\u00a0johtaminen.<\/p>\n<p><a href=\"https:\/\/blogit.gradia.fi\/raksalla\/wp-content\/uploads\/sites\/108\/2014\/02\/f5.jpg\"><img loading=\"lazy\" decoding=\"async\" style=\"width: 282px\" alt=\"f5\" src=\"https:\/\/blogit.gradia.fi\/raksalla\/wp-content\/uploads\/sites\/108\/2014\/02\/f5-300x225.jpg\" width=\"300\" height=\"212\" \/><\/a>\u00a0\u00a0 <a href=\"https:\/\/blogit.gradia.fi\/raksalla\/wp-content\/uploads\/sites\/108\/2014\/02\/f4.jpg\"><img loading=\"lazy\" decoding=\"async\" style=\"width: 280px\" alt=\"f4\" src=\"https:\/\/blogit.gradia.fi\/raksalla\/wp-content\/uploads\/sites\/108\/2014\/02\/f4-300x225.jpg\" width=\"300\" height=\"208\" \/><\/a><\/p>\n<p>Yksi talonrakennusalan ty\u00f6ss\u00e4oppija meid\u00e4n oppilaitoksestamme ty\u00f6skenteli t\u00e4ss\u00e4 kohteessa, mutta h\u00e4n sairastui heti alkuviikosta, joten en ehtinyt haastella h\u00e4nen kanssaan. S\u00e4hk\u00f6alan opiskelijoita ty\u00f6maalla oli pari sek\u00e4 meid\u00e4n oppilaitoksestamme aiemmin valmistuneita rakentajia palkkat\u00f6iss\u00e4. Opiskelijoiden vaatekysymys her\u00e4tti keskustelua. T\u00e4\u00e4ll\u00e4 ty\u00f6ss\u00e4oppijat olivat NCC:n ty\u00f6vaatteissa, niin kuin opokin;-) Toisinaan opiskelijat ty\u00f6skentelev\u00e4t ty\u00f6ss\u00e4oppimisjaksoilla kevyiss\u00e4 oppilaitokselta saaduissa vaatteissa, joilla ei kyll\u00e4 p\u00e4rj\u00e4\u00e4 pihalla n\u00e4ill\u00e4 keleill\u00e4 \u2013 tai kerroksia alla saa olla todella paljon.<\/p>\n<p><a href=\"https:\/\/blogit.gradia.fi\/raksalla\/wp-content\/uploads\/sites\/108\/2014\/02\/f3.jpg\"><img loading=\"lazy\" decoding=\"async\" style=\"width: 274px\" alt=\"f3\" src=\"https:\/\/blogit.gradia.fi\/raksalla\/wp-content\/uploads\/sites\/108\/2014\/02\/f3-300x225.jpg\" width=\"300\" height=\"208\" \/><\/a>\u00a0\u00a0 <a href=\"https:\/\/blogit.gradia.fi\/raksalla\/wp-content\/uploads\/sites\/108\/2014\/02\/f2.jpg\"><img loading=\"lazy\" decoding=\"async\" style=\"width: 273px\" alt=\"f2\" src=\"https:\/\/blogit.gradia.fi\/raksalla\/wp-content\/uploads\/sites\/108\/2014\/02\/f2-300x225.jpg\" width=\"300\" height=\"191\" \/><\/a><\/p>\n<p>Ty\u00f6t aloitin muurauksesta. Tarkemmin sanottuna p\u00e4\u00e4sin tekem\u00e4\u00e4n laastia ja katkomaan v\u00e4h\u00e4n ruostumatonta rautaa muurauksen tueksi. Vaikka muurari vitsaili oven kohdalla Putouksen Antskun tapaan, ett\u00e4 \u201dnyt mie romahan\u201d, niin sein\u00e4 ei todellakaan romahtanut, eik\u00e4 tule romahtamaan. Muuraaminen on tarkkaa ty\u00f6t\u00e4. Vanhaa tyyli\u00e4 tavoitellen muurattiin karkea saumapinta juoksulimityksell\u00e4 1\/3. Karhea kauhasauma tehtiin muuraamalla normaalisti t\u00e4yteen saumaan ja leikkaamalla kauhan reunalla ylim\u00e4\u00e4r\u00e4inen laasti pois. Tiilet tulivat t\u00e4ss\u00e4 tapauksessa n\u00e4kyv\u00e4lle paikalle, joten en edes uskaltanut ehdottaa, olisinko voinut kokeilla itse muuraamista.<\/p>\n<p><a href=\"https:\/\/blogit.gradia.fi\/raksalla\/wp-content\/uploads\/sites\/108\/2014\/02\/f9.jpg\"><img loading=\"lazy\" decoding=\"async\" style=\"width: 279px\" alt=\"f9\" src=\"https:\/\/blogit.gradia.fi\/raksalla\/wp-content\/uploads\/sites\/108\/2014\/02\/f9-300x225.jpg\" width=\"300\" height=\"216\" \/><\/a>\u00a0\u00a0 <a href=\"https:\/\/blogit.gradia.fi\/raksalla\/wp-content\/uploads\/sites\/108\/2014\/02\/f10.jpg\"><img loading=\"lazy\" decoding=\"async\" style=\"width: 278px\" alt=\"f10\" src=\"https:\/\/blogit.gradia.fi\/raksalla\/wp-content\/uploads\/sites\/108\/2014\/02\/f10-300x225.jpg\" width=\"300\" height=\"211\" \/><\/a><\/p>\n<p>Toiseen kohteeseen oli alkamassa v\u00e4liseinien muuraaminen kahitiilill\u00e4. T\u00e4t\u00e4 varten t\u00e4ytyi tehd\u00e4 valmistelut\u00f6it\u00e4. Kahitiilet piti roudata ulkoa sis\u00e4lle muurauspaikalle ja tiilik\u00e4rryille piti rakentaa kulkusilta. V\u00e4lill\u00e4 ty\u00f6maalle tavaraa toimittava rekka piti k\u00e4yd\u00e4 pelastamassa pinteest\u00e4 hiekkas\u00e4kkien avulla, kun auto ei liukkauden vuoksi p\u00e4\u00e4ssyt eteenp\u00e4in. Kahitiiliin tuli vain noin 2 mm:n ohutsaumamuuraus.<\/p>\n<p><a href=\"https:\/\/blogit.gradia.fi\/raksalla\/wp-content\/uploads\/sites\/108\/2014\/02\/f8.jpg\"><img loading=\"lazy\" decoding=\"async\" style=\"width: 269px\" alt=\"f8\" src=\"https:\/\/blogit.gradia.fi\/raksalla\/wp-content\/uploads\/sites\/108\/2014\/02\/f8-300x225.jpg\" width=\"300\" height=\"202\" \/><\/a>\u00a0\u00a0 <a href=\"https:\/\/blogit.gradia.fi\/raksalla\/wp-content\/uploads\/sites\/108\/2014\/02\/f7.jpg\"><img loading=\"lazy\" decoding=\"async\" style=\"width: 274px\" alt=\"f7\" src=\"https:\/\/blogit.gradia.fi\/raksalla\/wp-content\/uploads\/sites\/108\/2014\/02\/f7-300x225.jpg\" width=\"300\" height=\"193\" \/><\/a><\/p>\n<p>Tiistaina oli vuorossa levytyst\u00e4 heavy metallin tahtiin. Musiikkia kuunneltiin radiosta sen maun mukaan, kenen radio oli. Popimpaan ja jopa iskelm\u00e4\u00e4n oli kuulemma joskus my\u00f6nnytty. Sain kokeilla kipsilevyn leikkaamista sopivan kokoiseksi sek\u00e4 naulaamista naulapyssyll\u00e4. Tein my\u00f6s poralla muutaman rei\u00e4n pistorasioita varten. Levytyksess\u00e4 piti huomioida, etteiv\u00e4t levyjen saumat osuneet samaan runkotolppaan v\u00e4lisein\u00e4n eri puolilla. N\u00e4in sein\u00e4st\u00e4 tuli riitt\u00e4v\u00e4n tukeva. Oviaukkoihin asennettiin t\u00e4ysimittaiset levyt ja aukot lovettiin vasta levytyksen j\u00e4lkeen. N\u00e4in v\u00e4ltettiin sauman osuminen karmirangan kohdalle. Renki piti levy\u00e4 pakoillaan, sill\u00e4 aikaa, ett\u00e4 levyn sai kiinni. Se en siis ollut min\u00e4, vaan ty\u00f6h\u00f6n suunniteltu apuv\u00e4line.<\/p>\n<p><a href=\"https:\/\/blogit.gradia.fi\/raksalla\/wp-content\/uploads\/sites\/108\/2014\/02\/f12.jpg\"><img loading=\"lazy\" decoding=\"async\" style=\"width: 276px\" alt=\"f12\" src=\"https:\/\/blogit.gradia.fi\/raksalla\/wp-content\/uploads\/sites\/108\/2014\/02\/f12-300x225.jpg\" width=\"300\" height=\"212\" \/><\/a>\u00a0\u00a0 <a href=\"https:\/\/blogit.gradia.fi\/raksalla\/wp-content\/uploads\/sites\/108\/2014\/02\/f13.jpg\"><img loading=\"lazy\" decoding=\"async\" style=\"width: 277px\" alt=\"f13\" src=\"https:\/\/blogit.gradia.fi\/raksalla\/wp-content\/uploads\/sites\/108\/2014\/02\/f13-300x225.jpg\" width=\"300\" height=\"194\" \/><\/a><\/p>\n<p>Jotta en olisi kovin paljoa hidastanut kahden kirvesmiehen urakkaa, panostin t\u00e4ss\u00e4 kohteessa siivoamiseen. Elementtirunkoinen kaksio saatiin levytetty\u00e4 p\u00e4iv\u00e4ss\u00e4. Imurointi oli tuttua puuhaa, joskin rakennusp\u00f6lynimuri oli massiivisempi kuin kodin keskusp\u00f6ll\u00e4ri. Lattiat piti imuroida ennen ja j\u00e4lkeen hiomakoneen vierailun. Sitten oltiin valmiita plaanolle eli pumpattavalle, sementtipohjaiselle betonilattioiden tasoitteelle.<\/p>\n<p><a href=\"https:\/\/blogit.gradia.fi\/raksalla\/wp-content\/uploads\/sites\/108\/2014\/02\/f11.jpg\"><img loading=\"lazy\" decoding=\"async\" style=\"width: 273px\" alt=\"f11\" src=\"https:\/\/blogit.gradia.fi\/raksalla\/wp-content\/uploads\/sites\/108\/2014\/02\/f11-300x225.jpg\" width=\"300\" height=\"208\" \/><\/a>\u00a0\u00a0 <a href=\"https:\/\/blogit.gradia.fi\/raksalla\/wp-content\/uploads\/sites\/108\/2014\/02\/f14.jpg\"><img loading=\"lazy\" decoding=\"async\" style=\"width: 277px\" alt=\"f14\" src=\"https:\/\/blogit.gradia.fi\/raksalla\/wp-content\/uploads\/sites\/108\/2014\/02\/f14-300x225.jpg\" width=\"300\" height=\"205\" \/><\/a><\/p>\n<p>Arvaa mik\u00e4 on alla olevassa kuvassa laastia levitt\u00e4v\u00e4n miehen takana\u00a0oikealla? N\u00e4in minultakin kysyttiin. Vastasin ilmiselv\u00e4\u00e4n kysymykseen, ett\u00e4 sein\u00e4. Vastaus oli arvatenkin v\u00e4\u00e4rin. Kyseess\u00e4 on n\u00e4\u00e4s Elpo. Elpo oli p\u00e4\u00e4lt\u00e4p\u00e4in kuin mik\u00e4 tahansa sein\u00e4, mutta se on betonirunkoinen asuinkerrostalon kerroskorkuinen nousuputkistoelementti. Elpo hormiin voidaan sijoittaa kaikki asuinhuoneistoissa tarvittavat vesijohdot, l\u00e4mp\u00f6johdot, viem\u00e4rit, ilmastointikanavat sek\u00e4 putkitukset s\u00e4hk\u00f6- ja tietoliikennekaapeleita varten. Elpo hormit asennetaan runkorakentamisen yhteydess\u00e4 sein\u00e4n osaksi, jolloin LVIS- putkiston tilantarve minimoituu ja arvokkaita asuinneli\u00f6it\u00e4 s\u00e4\u00e4styy. Kaikki ei ole sit\u00e4, milt\u00e4 ensisilm\u00e4yksell\u00e4 n\u00e4ytt\u00e4\u00e4. Taas opo sai oppia uutta.<\/p>\n<p><a href=\"https:\/\/blogit.gradia.fi\/raksalla\/wp-content\/uploads\/sites\/108\/2014\/02\/f16.jpg\"><img loading=\"lazy\" decoding=\"async\" style=\"width: 275px\" alt=\"f16\" src=\"https:\/\/blogit.gradia.fi\/raksalla\/wp-content\/uploads\/sites\/108\/2014\/02\/f16-300x225.jpg\" width=\"300\" height=\"206\" \/><\/a>\u00a0\u00a0 <a href=\"https:\/\/blogit.gradia.fi\/raksalla\/wp-content\/uploads\/sites\/108\/2014\/02\/f15.jpg\"><img loading=\"lazy\" decoding=\"async\" style=\"width: 273px\" alt=\"f15\" src=\"https:\/\/blogit.gradia.fi\/raksalla\/wp-content\/uploads\/sites\/108\/2014\/02\/f15-300x225.jpg\" width=\"300\" height=\"202\" \/><\/a><\/p>\n<p>Mestaripalaverissa vastaavan-, runko- ja sisustusmestarin kanssa k\u00e4ytiin l\u00e4pi henkil\u00f6st\u00f6tutkimuksessa nousseita asioita, joista piti raportoida yksik\u00f6njohtajalle. Keskustelussa risteili k\u00e4sitteit\u00e4, jotka nousevat esille varmasti useimpien ty\u00f6paikkojen vastaavissa palavereissa: organisaatiomuutokset, keskittyminen olennaiseen, selke\u00e4t toimenkuvat, yhten\u00e4iset tavoitteet, oikeat ihmiset oikeisiin paikkoihin, riitt\u00e4v\u00e4 vastuu ja tuki esimiehelt\u00e4, luottamus, tavoitettavuus, kyseleminen, kiinnostus, v\u00e4litt\u00e4minen, arvostus, kokemuksen jalkauttaminen, jatkuvuus, yhteinen urakehitysp\u00e4tk\u00e4, vaihtuvuuden v\u00e4hent\u00e4minen, sama porukka projektin loppuun jne. Toimihenkil\u00f6t kokivat, ett\u00e4 oma ty\u00f6maa tunnetaan, mutta muiden tekemisist\u00e4 ei ehk\u00e4 tiedet\u00e4 tarpeeksi. Yhteisty\u00f6t\u00e4 pidet\u00e4\u00e4n t\u00e4rke\u00e4n\u00e4, samoin kuin palautteen saamista. Vaikka palaute olisi joskus negatiivistakin (rakentavaa), niin on t\u00e4rke\u00e4\u00e4 tiet\u00e4\u00e4, miss\u00e4 menn\u00e4\u00e4n.<\/p>\n<p><a href=\"https:\/\/blogit.gradia.fi\/raksalla\/wp-content\/uploads\/sites\/108\/2014\/02\/f17.jpg\"><img loading=\"lazy\" decoding=\"async\" style=\"width: 277px\" alt=\"f17\" src=\"https:\/\/blogit.gradia.fi\/raksalla\/wp-content\/uploads\/sites\/108\/2014\/02\/f17-300x225.jpg\" width=\"300\" height=\"198\" \/><\/a>\u00a0\u00a0 <a href=\"https:\/\/blogit.gradia.fi\/raksalla\/wp-content\/uploads\/sites\/108\/2014\/02\/f6.jpg\"><img loading=\"lazy\" decoding=\"async\" style=\"width: 272px\" alt=\"f6\" src=\"https:\/\/blogit.gradia.fi\/raksalla\/wp-content\/uploads\/sites\/108\/2014\/02\/f6-300x225.jpg\" width=\"300\" height=\"201\" \/><\/a><\/p>\n<p>Tapaturmattomia ty\u00f6p\u00e4ivi\u00e4 t\u00e4ll\u00e4 ty\u00f6maalla oli plakkarissa jo niin paljon, ett\u00e4 koko porukka kaikkine ali- ja sivu-urakoitsijoineen olivat p\u00e4\u00e4sseet Vip-aitioon Jypin peli\u00e4 katsomaan. Alkoholitonta tarjoiluakin oli ollut. Viimeisen\u00e4 p\u00e4iv\u00e4n\u00e4 opolla oli paineita, etten p\u00e4\u00e4se t\u00f6ssim\u00e4\u00e4n ja katkaisemaan hyv\u00e4\u00e4 turvallisuusputkea. Ty\u00f6turvallisuuden noudattamisesta siis palkitaan ja vastaavasti ty\u00f6turvallisuusasioiden rikkojia sanktioidaan kolmiportaisesti: kivasti, pahasti, hyv\u00e4sti.<\/p>\n<p><a href=\"https:\/\/blogit.gradia.fi\/raksalla\/wp-content\/uploads\/sites\/108\/2014\/02\/f29.jpg\"><img loading=\"lazy\" decoding=\"async\" style=\"width: 275px\" alt=\"f29\" src=\"https:\/\/blogit.gradia.fi\/raksalla\/wp-content\/uploads\/sites\/108\/2014\/02\/f29-300x225.jpg\" width=\"300\" height=\"207\" \/><\/a>\u00a0\u00a0<a href=\"https:\/\/blogit.gradia.fi\/raksalla\/wp-content\/uploads\/sites\/108\/2014\/02\/f34.jpg\"><img loading=\"lazy\" decoding=\"async\" style=\"width: 282px\" alt=\"f34\" src=\"https:\/\/blogit.gradia.fi\/raksalla\/wp-content\/uploads\/sites\/108\/2014\/02\/f34-300x225.jpg\" width=\"300\" height=\"192\" \/><\/a><\/p>\n<p>Taukotilassa oli parhaimmillaan yli parikymment\u00e4 miest\u00e4 ja pari naista. Puheensorina oli melkoinen ja huumoriakin viljeltiin vakavampien aiheiden lomassa. Minun paikallani oli aikaisemmin istunut kaveri, joka oli joutunut siirtym\u00e4\u00e4n oloneuvokseksi. En tunne tarinaa, mutta ty\u00f6turvallisuudesta ei t\u00e4ss\u00e4 ole ollut kysymys. Kaverin paita, ty\u00f6takki, oli j\u00e4\u00e4dytetty j\u00e4\u00e4kiekkoilijoiden tapaan kattoon nimell\u00e4 ja numerolla 0. Mukavampia aiheita oli esimerkiksi Levin rakentaja-ammattilaisten talvip\u00e4ivien suunnittelu. Tauolla yksi miehist\u00e4 mietti nime\u00e4 uudelle koiralleen. Ymmi\u00e4 ehdotettiin \u2013 \u201daivan, aivan\u201d \u2013 j\u00e4lleen Putous -ohjelman innoittamana. Todellaki &#8211; ei hassumpi nimi. Sain tavata paljon erilaisia ihmisi\u00e4. Olin j\u00e4\u00e4d\u00e4 v\u00e4lill\u00e4 ihan sanattomaksi sosiaalisten ja puheliaiden joukossa, vaikka en v\u00e4ltt\u00e4m\u00e4tt\u00e4 aina ole se hiljaisin itsek\u00e4\u00e4n. V\u00e4lill\u00e4 min\u00e4 olin se, jolta kyseltiin, eik\u00e4 p\u00e4invastoin. Opinto-ohjauksestakin keskusteltiin v\u00e4h\u00e4n \ud83d\ude42<\/p>\n<p><a href=\"https:\/\/blogit.gradia.fi\/raksalla\/wp-content\/uploads\/sites\/108\/2014\/02\/f32.jpg\"><img loading=\"lazy\" decoding=\"async\" style=\"width: 277px\" alt=\"f32\" src=\"https:\/\/blogit.gradia.fi\/raksalla\/wp-content\/uploads\/sites\/108\/2014\/02\/f32-300x225.jpg\" width=\"300\" height=\"208\" \/><\/a>\u00a0\u00a0 <a href=\"https:\/\/blogit.gradia.fi\/raksalla\/wp-content\/uploads\/sites\/108\/2014\/02\/f30.jpg\"><img loading=\"lazy\" decoding=\"async\" style=\"width: 276px\" alt=\"f30\" src=\"https:\/\/blogit.gradia.fi\/raksalla\/wp-content\/uploads\/sites\/108\/2014\/02\/f30-300x225.jpg\" width=\"300\" height=\"201\" \/><\/a><\/p>\n<p>Keskiviikkoaamuna pakkasta oli taas l\u00e4hes -20 C\u00b0, joten oli sopiva aika siirty\u00e4 ulkot\u00f6ihin elementtiasennusporukan mukaan. Ennen kuin elementit ovat ty\u00f6maalla, takana on paljon arkkitehdin, rakennesuunnittelijan, elementtisuunnittelijan, punossuunnittelijan lvi- ja s\u00e4hk\u00f6suunnittelijan, vastaavan ty\u00f6njohtajan ym. ty\u00f6t\u00e4. Tavaran toimittajiakin jo runkovaiheessa on useita; elementit useammasta paikasta, ontelolaatat, ikkunat jne. Logistisen j\u00e4rjestelyn on onnistuttava. Elementtirekkoja ei ole varaa odotuttaa. Asennusj\u00e4rjestykset, tuennat, vaarallisimpien elementtien mitat ja painot, nosturin voimat pit\u00e4\u00e4 laskea ja suunnitella etuk\u00e4teen. Jokainen virhe maksaa paljon ja elementtiasennuksessa virheen hinta voi olla se kallein, jota ei voi edes rahalla korvata. Alle 18-vuotiaita ja harjoittelijoita ei p\u00e4\u00e4stet\u00e4 elementtiasennukseen lainkaan.<\/p>\n<p><a href=\"https:\/\/blogit.gradia.fi\/raksalla\/wp-content\/uploads\/sites\/108\/2014\/02\/f18.jpg\"><img loading=\"lazy\" decoding=\"async\" style=\"width: 275px\" alt=\"f18\" src=\"https:\/\/blogit.gradia.fi\/raksalla\/wp-content\/uploads\/sites\/108\/2014\/02\/f18-300x225.jpg\" width=\"300\" height=\"207\" \/><\/a>\u00a0\u00a0 <a href=\"https:\/\/blogit.gradia.fi\/raksalla\/wp-content\/uploads\/sites\/108\/2014\/02\/f20.jpg\"><img loading=\"lazy\" decoding=\"async\" style=\"width: 270px\" alt=\"f20\" src=\"https:\/\/blogit.gradia.fi\/raksalla\/wp-content\/uploads\/sites\/108\/2014\/02\/f20-300x225.jpg\" width=\"300\" height=\"193\" \/><\/a><\/p>\n<p>Vaikka paljon tehd\u00e4\u00e4n etuk\u00e4teen, paikalla joudutaan siit\u00e4 huolimatta viel\u00e4 tekem\u00e4\u00e4n paljon. V\u00e4\u00e4r\u00e4n kokoista kive\u00e4 pienennettiin timanttilaikalla sopivan kokoiseksi ja jo asennettuihin elementteihin lis\u00e4ttiin \u201dperstappeja\u201d j\u00e4lkik\u00e4teen joihinkin paikkoihin. V\u00e4lill\u00e4 purimme muotteja ja poistimme suojia ja routamattoja. Mittamies k\u00e4vi merkkaamassa v\u00e4liseinien paikat. Mittamiehen vastuulla on kaikki rakennuksen mittaukseen liittyv\u00e4t ty\u00f6t. Nykyaikaiset kalliit mittalaitteet ovat apuna ty\u00f6ss\u00e4. Rakennusmittauksen ammattitutkinnon voi suorittaa rakennusalan koulutuksen ja ty\u00f6kokemusvuosien j\u00e4lkeen, jos matemaattista osaamista ja kiinnostusta asiaan riitt\u00e4\u00e4.<\/p>\n<p><a href=\"https:\/\/blogit.gradia.fi\/raksalla\/wp-content\/uploads\/sites\/108\/2014\/02\/f22.jpg\"><img loading=\"lazy\" decoding=\"async\" style=\"width: 278px\" alt=\"f22\" src=\"https:\/\/blogit.gradia.fi\/raksalla\/wp-content\/uploads\/sites\/108\/2014\/02\/f22-300x225.jpg\" width=\"300\" height=\"209\" \/><\/a>\u00a0\u00a0 <a href=\"https:\/\/blogit.gradia.fi\/raksalla\/wp-content\/uploads\/sites\/108\/2014\/02\/f19.jpg\"><img loading=\"lazy\" decoding=\"async\" style=\"width: 279px\" alt=\"f19\" src=\"https:\/\/blogit.gradia.fi\/raksalla\/wp-content\/uploads\/sites\/108\/2014\/02\/f19-300x225.jpg\" width=\"300\" height=\"208\" \/><\/a><\/p>\n<p>Viimein p\u00e4\u00e4simme laastin tekoon. Elementit kiinnitettiin nosturin vaijereihin ja siirrettiin nosturilla paikoilleen. Elementin tuenta paikoilleen tehtiin v\u00e4hint\u00e4\u00e4n kahdella \u201dt\u00f6n\u00e4rill\u00e4\u201d. Elementtien v\u00e4liin tuli villanauhaa ja laastia. Niin min\u00e4kin p\u00e4\u00e4sin kauhomaan elementin alta pursuavaa ylim\u00e4\u00e4r\u00e4ist\u00e4 laastia sankoon, vaikka olin aikonut pysytell\u00e4 kaukana tonnien painoisista kivist\u00e4. Runkoty\u00f6t ovat yksi vaativimmista ja siksi yksi hyv\u00e4palkkaisimmista t\u00f6ist\u00e4. Eik\u00f6 olekin mukavaa;-) , kyseli minulta yhteen hitsautunut kiva elementtiporukka. T\u00e4m\u00e4n takia me t\u00e4nne joka aamu tullaan! Useat tapaamani talonrakentajat sanoivat, ettei heit\u00e4 saisi toimistohommiin. Pit\u00e4\u00e4 saada tehd\u00e4 k\u00e4sill\u00e4\u00e4n ja n\u00e4hd\u00e4 ty\u00f6ns\u00e4 j\u00e4lki.<\/p>\n<p><a href=\"https:\/\/blogit.gradia.fi\/raksalla\/wp-content\/uploads\/sites\/108\/2014\/02\/f27.jpg\"><img loading=\"lazy\" decoding=\"async\" style=\"width: 271px\" alt=\"f27\" src=\"https:\/\/blogit.gradia.fi\/raksalla\/wp-content\/uploads\/sites\/108\/2014\/02\/f27-300x225.jpg\" width=\"300\" height=\"209\" \/><\/a>\u00a0\u00a0 <a href=\"https:\/\/blogit.gradia.fi\/raksalla\/wp-content\/uploads\/sites\/108\/2014\/02\/f26.jpg\"><img loading=\"lazy\" decoding=\"async\" style=\"width: 268px\" alt=\"f26\" src=\"https:\/\/blogit.gradia.fi\/raksalla\/wp-content\/uploads\/sites\/108\/2014\/02\/f26-300x225.jpg\" width=\"300\" height=\"190\" \/><\/a><\/p>\n<p>Perjantain loppupalaverissa Sokos Hotel Paviljongin Trattoria Aukiolla \u2013 NCC:n rakentama kohde sekin &#8211; rakennusp\u00e4\u00e4llik\u00f6n ja ty\u00f6p\u00e4\u00e4llik\u00f6n kanssa keskustelimme onnistuneesta ty\u00f6el\u00e4m\u00e4jaksostani. Rakennusp\u00e4\u00e4llikk\u00f6 vakuutti, ett\u00e4 t\u00f6it\u00e4 nuorille hyville talonrakentajille riitt\u00e4\u00e4 varmasti jatkossakin. Rakennusala on hyvin monipuolinen. Erilaisia teht\u00e4vi\u00e4 l\u00f6ytyy paljon. T\u00e4rkeint\u00e4 on, ett\u00e4 jokainen l\u00f6yt\u00e4\u00e4 oman juttunsa.<\/p>\n<p>Haluaisin kannustaa my\u00f6s ammatillisia opettajia osallistumaan ty\u00f6el\u00e4m\u00e4jaksoille, kun meille t\u00e4llainen hieno tilaisuus suodaan:-) Opiskelijoita\u00a0tulee priiffata ennen ensimm\u00e4isi\u00e4 ty\u00f6ss\u00e4oppimisjaksoja paitsi ammatillisesti, my\u00f6s ty\u00f6paikoilla tarvittaviin sosiaalisiin tilanteisiin. Olkaa rohkeasti omana itsen\u00e4nne, \u00e4lk\u00e4\u00e4k\u00e4 lannistuko ensimm\u00e4isist\u00e4 vastoink\u00e4ymisist\u00e4. Kukaan ei ole mestari syntyess\u00e4\u00e4n, harjoitus sen tekee. Opiskelijoiden s\u00e4hk\u00f6isten TOP-p\u00e4iv\u00e4kirjojen soisin jatkossa\u00a0olevan yh\u00e4 enemm\u00e4n\u00a0muidenkin kuin ty\u00f6ss\u00e4oppimisen opettajan luettavissa, k\u00e4ytett\u00e4viss\u00e4 ja kommentoitavissa, vaikkapa luokan kesken suljetussa Facebook ryhm\u00e4ss\u00e4, Optimassa tms.\u00a0Toisten teht\u00e4v\u00e4kent\u00e4n tunteminen avaa\u00a0ovia yhteisty\u00f6lle.<\/p>\n<p><a href=\"https:\/\/blogit.gradia.fi\/raksalla\/wp-content\/uploads\/sites\/108\/2014\/02\/f31.jpg\"><img loading=\"lazy\" decoding=\"async\" style=\"width: 279px\" alt=\"f31\" src=\"https:\/\/blogit.gradia.fi\/raksalla\/wp-content\/uploads\/sites\/108\/2014\/02\/f31-300x225.jpg\" width=\"300\" height=\"201\" \/><\/a>\u00a0\u00a0 <a href=\"https:\/\/blogit.gradia.fi\/raksalla\/wp-content\/uploads\/sites\/108\/2014\/02\/f28.jpg\"><img loading=\"lazy\" decoding=\"async\" style=\"width: 275px\" alt=\"f28\" src=\"https:\/\/blogit.gradia.fi\/raksalla\/wp-content\/uploads\/sites\/108\/2014\/02\/f28-300x225.jpg\" width=\"300\" height=\"199\" \/><\/a><\/p>\n<p>Kiitos Kaikille, ett\u00e4 sain tutustua ty\u00f6h\u00f6nne!!! \u00a0Ty\u00f6el\u00e4m\u00e4jaksolle asettamani tavoitteet t\u00e4yttyiv\u00e4t ja ylittyiv\u00e4tkin reilusti. Kokonaisymm\u00e4rrykseni rakennusalan monimuotoisista teht\u00e4vist\u00e4 lis\u00e4\u00e4ntyi. Jos jatkossa tarvitsen ty\u00f6el\u00e4m\u00e4st\u00e4 rakennusalan asiantuntija-apua, tied\u00e4n keihin olen yhteydess\u00e4 \u2013 teihin.<\/p>\n<p style=\"text-align: center\"><a href=\"https:\/\/blogit.gradia.fi\/raksalla\/wp-content\/uploads\/sites\/108\/2014\/02\/f35.jpg\"><img loading=\"lazy\" decoding=\"async\" alt=\"f35\" src=\"https:\/\/blogit.gradia.fi\/raksalla\/wp-content\/uploads\/sites\/108\/2014\/02\/f35-300x225.jpg\" width=\"300\" height=\"225\" \/><\/a><\/p>\n","protected":false},"excerpt":{"rendered":"<p>Kerrostaloty\u00f6maa oli nelj\u00e4nnen ty\u00f6el\u00e4m\u00e4jaksoviikkoni kohde. Alueelle rakentuu kolme senioreille suunnattua kerrostaloa; vuokratalo, asumisoikeustalo ja omistustalo. Kaikki kerrostalot olivat hieman eri vaiheissa, joten p\u00e4\u00e4sin tutustumaan monenlaiseen hommaan. Yhdess\u00e4 taloista oli jo kalusteasennukset menossa. Maalattavien seinien v\u00e4ri oli turvallisesti maalarin valkoinen. Kylpyhuoneet ja saunat olivat tulleet valmiina elementtein\u00e4. Tulevat asukkaat p\u00e4\u00e4sev\u00e4t rakennusvaiheessa viel\u00e4 itsekin vaikuttamaan mm. v\u00e4liseiniin &hellip; <a href=\"https:\/\/blogit.gradia.fi\/raksalla\/2014\/02\/01\/opo-top-viikko4-tilinteko\/\" class=\"more-link\">Jatka lukemista <span class=\"screen-reader-text\">opo TOP, viikko4: Tilinteko<\/span> <span class=\"meta-nav\">&rarr;<\/span><\/a><\/p>\n","protected":false},"author":607,"featured_media":0,"comment_status":"open","ping_status":"open","sticky":false,"template":"","format":"standard","meta":{"_uag_custom_page_level_css":"","footnotes":""},"categories":[1],"tags":[],"class_list":["post-124","post","type-post","status-publish","format-standard","hentry","category-yleinen"],"yoast_head":"<!-- This site is optimized with the Yoast SEO plugin v27.4 - https:\/\/yoast.com\/product\/yoast-seo-wordpress\/ -->\n<title>opo TOP, viikko4: Tilinteko - Raksalla<\/title>\n<meta name=\"robots\" content=\"index, follow, max-snippet:-1, max-image-preview:large, max-video-preview:-1\" \/>\n<link rel=\"canonical\" href=\"https:\/\/blogit.gradia.fi\/raksalla\/2014\/02\/01\/opo-top-viikko4-tilinteko\/\" \/>\n<meta property=\"og:locale\" content=\"fi_FI\" \/>\n<meta property=\"og:type\" content=\"article\" \/>\n<meta property=\"og:title\" content=\"opo TOP, viikko4: Tilinteko - Raksalla\" \/>\n<meta property=\"og:description\" content=\"Kerrostaloty\u00f6maa oli nelj\u00e4nnen ty\u00f6el\u00e4m\u00e4jaksoviikkoni kohde. Alueelle rakentuu kolme senioreille suunnattua kerrostaloa; vuokratalo, asumisoikeustalo ja omistustalo. Kaikki kerrostalot olivat hieman eri vaiheissa, joten p\u00e4\u00e4sin tutustumaan monenlaiseen hommaan. Yhdess\u00e4 taloista oli jo kalusteasennukset menossa. Maalattavien seinien v\u00e4ri oli turvallisesti maalarin valkoinen. Kylpyhuoneet ja saunat olivat tulleet valmiina elementtein\u00e4. Tulevat asukkaat p\u00e4\u00e4sev\u00e4t rakennusvaiheessa viel\u00e4 itsekin vaikuttamaan mm. v\u00e4liseiniin &hellip; Jatka lukemista opo TOP, viikko4: Tilinteko &rarr;\" \/>\n<meta property=\"og:url\" content=\"https:\/\/blogit.gradia.fi\/raksalla\/2014\/02\/01\/opo-top-viikko4-tilinteko\/\" \/>\n<meta property=\"og:site_name\" content=\"Raksalla\" \/>\n<meta property=\"article:published_time\" content=\"2014-02-01T07:36:08+00:00\" \/>\n<meta property=\"article:modified_time\" content=\"2014-02-04T09:47:16+00:00\" \/>\n<meta property=\"og:image\" content=\"https:\/\/blogit.gradia.fi\/raksalla\/wp-content\/uploads\/sites\/108\/2014\/02\/f5-300x225.jpg\" \/>\n<meta name=\"author\" content=\"Anne Seilonen\" \/>\n<meta name=\"twitter:card\" content=\"summary_large_image\" \/>\n<meta name=\"twitter:label1\" content=\"Kirjoittanut\" \/>\n\t<meta name=\"twitter:data1\" content=\"Anne Seilonen\" \/>\n\t<meta name=\"twitter:label2\" content=\"Arvioitu lukuaika\" \/>\n\t<meta name=\"twitter:data2\" content=\"7 minuuttia\" \/>\n<script type=\"application\/ld+json\" class=\"yoast-schema-graph\">{\"@context\":\"https:\\\/\\\/schema.org\",\"@graph\":[{\"@type\":\"Article\",\"@id\":\"https:\\\/\\\/blogit.gradia.fi\\\/raksalla\\\/2014\\\/02\\\/01\\\/opo-top-viikko4-tilinteko\\\/#article\",\"isPartOf\":{\"@id\":\"https:\\\/\\\/blogit.gradia.fi\\\/raksalla\\\/2014\\\/02\\\/01\\\/opo-top-viikko4-tilinteko\\\/\"},\"author\":{\"name\":\"Anne Seilonen\",\"@id\":\"https:\\\/\\\/blogit.gradia.fi\\\/raksalla\\\/#\\\/schema\\\/person\\\/cf3b10a23a75a63d7e0cf2e68ccdccd9\"},\"headline\":\"opo TOP, viikko4: Tilinteko\",\"datePublished\":\"2014-02-01T07:36:08+00:00\",\"dateModified\":\"2014-02-04T09:47:16+00:00\",\"mainEntityOfPage\":{\"@id\":\"https:\\\/\\\/blogit.gradia.fi\\\/raksalla\\\/2014\\\/02\\\/01\\\/opo-top-viikko4-tilinteko\\\/\"},\"wordCount\":1464,\"commentCount\":0,\"image\":{\"@id\":\"https:\\\/\\\/blogit.gradia.fi\\\/raksalla\\\/2014\\\/02\\\/01\\\/opo-top-viikko4-tilinteko\\\/#primaryimage\"},\"thumbnailUrl\":\"https:\\\/\\\/blogit.gradia.fi\\\/raksalla\\\/wp-content\\\/uploads\\\/sites\\\/108\\\/2014\\\/02\\\/f5-300x225.jpg\",\"inLanguage\":\"fi\",\"potentialAction\":[{\"@type\":\"CommentAction\",\"name\":\"Comment\",\"target\":[\"https:\\\/\\\/blogit.gradia.fi\\\/raksalla\\\/2014\\\/02\\\/01\\\/opo-top-viikko4-tilinteko\\\/#respond\"]}]},{\"@type\":\"WebPage\",\"@id\":\"https:\\\/\\\/blogit.gradia.fi\\\/raksalla\\\/2014\\\/02\\\/01\\\/opo-top-viikko4-tilinteko\\\/\",\"url\":\"https:\\\/\\\/blogit.gradia.fi\\\/raksalla\\\/2014\\\/02\\\/01\\\/opo-top-viikko4-tilinteko\\\/\",\"name\":\"opo TOP, viikko4: Tilinteko - Raksalla\",\"isPartOf\":{\"@id\":\"https:\\\/\\\/blogit.gradia.fi\\\/raksalla\\\/#website\"},\"primaryImageOfPage\":{\"@id\":\"https:\\\/\\\/blogit.gradia.fi\\\/raksalla\\\/2014\\\/02\\\/01\\\/opo-top-viikko4-tilinteko\\\/#primaryimage\"},\"image\":{\"@id\":\"https:\\\/\\\/blogit.gradia.fi\\\/raksalla\\\/2014\\\/02\\\/01\\\/opo-top-viikko4-tilinteko\\\/#primaryimage\"},\"thumbnailUrl\":\"https:\\\/\\\/blogit.gradia.fi\\\/raksalla\\\/wp-content\\\/uploads\\\/sites\\\/108\\\/2014\\\/02\\\/f5-300x225.jpg\",\"datePublished\":\"2014-02-01T07:36:08+00:00\",\"dateModified\":\"2014-02-04T09:47:16+00:00\",\"author\":{\"@id\":\"https:\\\/\\\/blogit.gradia.fi\\\/raksalla\\\/#\\\/schema\\\/person\\\/cf3b10a23a75a63d7e0cf2e68ccdccd9\"},\"inLanguage\":\"fi\",\"potentialAction\":[{\"@type\":\"ReadAction\",\"target\":[\"https:\\\/\\\/blogit.gradia.fi\\\/raksalla\\\/2014\\\/02\\\/01\\\/opo-top-viikko4-tilinteko\\\/\"]}]},{\"@type\":\"ImageObject\",\"inLanguage\":\"fi\",\"@id\":\"https:\\\/\\\/blogit.gradia.fi\\\/raksalla\\\/2014\\\/02\\\/01\\\/opo-top-viikko4-tilinteko\\\/#primaryimage\",\"url\":\"https:\\\/\\\/blogit.gradia.fi\\\/raksalla\\\/wp-content\\\/uploads\\\/sites\\\/108\\\/2014\\\/02\\\/f5.jpg\",\"contentUrl\":\"https:\\\/\\\/blogit.gradia.fi\\\/raksalla\\\/wp-content\\\/uploads\\\/sites\\\/108\\\/2014\\\/02\\\/f5.jpg\",\"width\":1632,\"height\":1224},{\"@type\":\"WebSite\",\"@id\":\"https:\\\/\\\/blogit.gradia.fi\\\/raksalla\\\/#website\",\"url\":\"https:\\\/\\\/blogit.gradia.fi\\\/raksalla\\\/\",\"name\":\"Raksalla\",\"description\":\"Tervetuloa rakennusalan blogiin!\",\"potentialAction\":[{\"@type\":\"SearchAction\",\"target\":{\"@type\":\"EntryPoint\",\"urlTemplate\":\"https:\\\/\\\/blogit.gradia.fi\\\/raksalla\\\/?s={search_term_string}\"},\"query-input\":{\"@type\":\"PropertyValueSpecification\",\"valueRequired\":true,\"valueName\":\"search_term_string\"}}],\"inLanguage\":\"fi\"},{\"@type\":\"Person\",\"@id\":\"https:\\\/\\\/blogit.gradia.fi\\\/raksalla\\\/#\\\/schema\\\/person\\\/cf3b10a23a75a63d7e0cf2e68ccdccd9\",\"name\":\"Anne Seilonen\",\"image\":{\"@type\":\"ImageObject\",\"inLanguage\":\"fi\",\"@id\":\"https:\\\/\\\/secure.gravatar.com\\\/avatar\\\/428c3c256ee6f468a4c4b0776817a0fecc90119095f9ec1cffba4df2953e74ed?s=96&d=mm&r=g\",\"url\":\"https:\\\/\\\/secure.gravatar.com\\\/avatar\\\/428c3c256ee6f468a4c4b0776817a0fecc90119095f9ec1cffba4df2953e74ed?s=96&d=mm&r=g\",\"contentUrl\":\"https:\\\/\\\/secure.gravatar.com\\\/avatar\\\/428c3c256ee6f468a4c4b0776817a0fecc90119095f9ec1cffba4df2953e74ed?s=96&d=mm&r=g\",\"caption\":\"Anne Seilonen\"},\"url\":\"https:\\\/\\\/blogit.gradia.fi\\\/raksalla\\\/author\\\/seiloann\\\/\"}]}<\/script>\n<!-- \/ Yoast SEO plugin. -->","yoast_head_json":{"title":"opo TOP, viikko4: Tilinteko - Raksalla","robots":{"index":"index","follow":"follow","max-snippet":"max-snippet:-1","max-image-preview":"max-image-preview:large","max-video-preview":"max-video-preview:-1"},"canonical":"https:\/\/blogit.gradia.fi\/raksalla\/2014\/02\/01\/opo-top-viikko4-tilinteko\/","og_locale":"fi_FI","og_type":"article","og_title":"opo TOP, viikko4: Tilinteko - Raksalla","og_description":"Kerrostaloty\u00f6maa oli nelj\u00e4nnen ty\u00f6el\u00e4m\u00e4jaksoviikkoni kohde. Alueelle rakentuu kolme senioreille suunnattua kerrostaloa; vuokratalo, asumisoikeustalo ja omistustalo. Kaikki kerrostalot olivat hieman eri vaiheissa, joten p\u00e4\u00e4sin tutustumaan monenlaiseen hommaan. Yhdess\u00e4 taloista oli jo kalusteasennukset menossa. Maalattavien seinien v\u00e4ri oli turvallisesti maalarin valkoinen. Kylpyhuoneet ja saunat olivat tulleet valmiina elementtein\u00e4. Tulevat asukkaat p\u00e4\u00e4sev\u00e4t rakennusvaiheessa viel\u00e4 itsekin vaikuttamaan mm. v\u00e4liseiniin &hellip; Jatka lukemista opo TOP, viikko4: Tilinteko &rarr;","og_url":"https:\/\/blogit.gradia.fi\/raksalla\/2014\/02\/01\/opo-top-viikko4-tilinteko\/","og_site_name":"Raksalla","article_published_time":"2014-02-01T07:36:08+00:00","article_modified_time":"2014-02-04T09:47:16+00:00","og_image":[{"url":"https:\/\/blogit.gradia.fi\/raksalla\/wp-content\/uploads\/sites\/108\/2014\/02\/f5-300x225.jpg","type":"","width":"","height":""}],"author":"Anne Seilonen","twitter_card":"summary_large_image","twitter_misc":{"Kirjoittanut":"Anne Seilonen","Arvioitu lukuaika":"7 minuuttia"},"schema":{"@context":"https:\/\/schema.org","@graph":[{"@type":"Article","@id":"https:\/\/blogit.gradia.fi\/raksalla\/2014\/02\/01\/opo-top-viikko4-tilinteko\/#article","isPartOf":{"@id":"https:\/\/blogit.gradia.fi\/raksalla\/2014\/02\/01\/opo-top-viikko4-tilinteko\/"},"author":{"name":"Anne Seilonen","@id":"https:\/\/blogit.gradia.fi\/raksalla\/#\/schema\/person\/cf3b10a23a75a63d7e0cf2e68ccdccd9"},"headline":"opo TOP, viikko4: Tilinteko","datePublished":"2014-02-01T07:36:08+00:00","dateModified":"2014-02-04T09:47:16+00:00","mainEntityOfPage":{"@id":"https:\/\/blogit.gradia.fi\/raksalla\/2014\/02\/01\/opo-top-viikko4-tilinteko\/"},"wordCount":1464,"commentCount":0,"image":{"@id":"https:\/\/blogit.gradia.fi\/raksalla\/2014\/02\/01\/opo-top-viikko4-tilinteko\/#primaryimage"},"thumbnailUrl":"https:\/\/blogit.gradia.fi\/raksalla\/wp-content\/uploads\/sites\/108\/2014\/02\/f5-300x225.jpg","inLanguage":"fi","potentialAction":[{"@type":"CommentAction","name":"Comment","target":["https:\/\/blogit.gradia.fi\/raksalla\/2014\/02\/01\/opo-top-viikko4-tilinteko\/#respond"]}]},{"@type":"WebPage","@id":"https:\/\/blogit.gradia.fi\/raksalla\/2014\/02\/01\/opo-top-viikko4-tilinteko\/","url":"https:\/\/blogit.gradia.fi\/raksalla\/2014\/02\/01\/opo-top-viikko4-tilinteko\/","name":"opo TOP, viikko4: Tilinteko - Raksalla","isPartOf":{"@id":"https:\/\/blogit.gradia.fi\/raksalla\/#website"},"primaryImageOfPage":{"@id":"https:\/\/blogit.gradia.fi\/raksalla\/2014\/02\/01\/opo-top-viikko4-tilinteko\/#primaryimage"},"image":{"@id":"https:\/\/blogit.gradia.fi\/raksalla\/2014\/02\/01\/opo-top-viikko4-tilinteko\/#primaryimage"},"thumbnailUrl":"https:\/\/blogit.gradia.fi\/raksalla\/wp-content\/uploads\/sites\/108\/2014\/02\/f5-300x225.jpg","datePublished":"2014-02-01T07:36:08+00:00","dateModified":"2014-02-04T09:47:16+00:00","author":{"@id":"https:\/\/blogit.gradia.fi\/raksalla\/#\/schema\/person\/cf3b10a23a75a63d7e0cf2e68ccdccd9"},"inLanguage":"fi","potentialAction":[{"@type":"ReadAction","target":["https:\/\/blogit.gradia.fi\/raksalla\/2014\/02\/01\/opo-top-viikko4-tilinteko\/"]}]},{"@type":"ImageObject","inLanguage":"fi","@id":"https:\/\/blogit.gradia.fi\/raksalla\/2014\/02\/01\/opo-top-viikko4-tilinteko\/#primaryimage","url":"https:\/\/blogit.gradia.fi\/raksalla\/wp-content\/uploads\/sites\/108\/2014\/02\/f5.jpg","contentUrl":"https:\/\/blogit.gradia.fi\/raksalla\/wp-content\/uploads\/sites\/108\/2014\/02\/f5.jpg","width":1632,"height":1224},{"@type":"WebSite","@id":"https:\/\/blogit.gradia.fi\/raksalla\/#website","url":"https:\/\/blogit.gradia.fi\/raksalla\/","name":"Raksalla","description":"Tervetuloa rakennusalan blogiin!","potentialAction":[{"@type":"SearchAction","target":{"@type":"EntryPoint","urlTemplate":"https:\/\/blogit.gradia.fi\/raksalla\/?s={search_term_string}"},"query-input":{"@type":"PropertyValueSpecification","valueRequired":true,"valueName":"search_term_string"}}],"inLanguage":"fi"},{"@type":"Person","@id":"https:\/\/blogit.gradia.fi\/raksalla\/#\/schema\/person\/cf3b10a23a75a63d7e0cf2e68ccdccd9","name":"Anne Seilonen","image":{"@type":"ImageObject","inLanguage":"fi","@id":"https:\/\/secure.gravatar.com\/avatar\/428c3c256ee6f468a4c4b0776817a0fecc90119095f9ec1cffba4df2953e74ed?s=96&d=mm&r=g","url":"https:\/\/secure.gravatar.com\/avatar\/428c3c256ee6f468a4c4b0776817a0fecc90119095f9ec1cffba4df2953e74ed?s=96&d=mm&r=g","contentUrl":"https:\/\/secure.gravatar.com\/avatar\/428c3c256ee6f468a4c4b0776817a0fecc90119095f9ec1cffba4df2953e74ed?s=96&d=mm&r=g","caption":"Anne Seilonen"},"url":"https:\/\/blogit.gradia.fi\/raksalla\/author\/seiloann\/"}]}},"uagb_featured_image_src":{"full":false,"thumbnail":false,"medium":false,"medium_large":false,"large":false,"1536x1536":false,"2048x2048":false,"post-thumbnail":false},"uagb_author_info":{"display_name":"Anne Seilonen","author_link":"https:\/\/blogit.gradia.fi\/raksalla\/author\/seiloann\/"},"uagb_comment_info":0,"uagb_excerpt":"Kerrostaloty\u00f6maa oli nelj\u00e4nnen ty\u00f6el\u00e4m\u00e4jaksoviikkoni kohde. Alueelle rakentuu kolme senioreille suunnattua kerrostaloa; vuokratalo, asumisoikeustalo ja omistustalo. Kaikki kerrostalot olivat hieman eri vaiheissa, joten p\u00e4\u00e4sin tutustumaan monenlaiseen hommaan. Yhdess\u00e4 taloista oli jo kalusteasennukset menossa. Maalattavien seinien v\u00e4ri oli turvallisesti maalarin valkoinen. Kylpyhuoneet ja saunat olivat tulleet valmiina elementtein\u00e4. Tulevat asukkaat p\u00e4\u00e4sev\u00e4t rakennusvaiheessa viel\u00e4 itsekin vaikuttamaan mm. v\u00e4liseiniin&hellip;","_links":{"self":[{"href":"https:\/\/blogit.gradia.fi\/raksalla\/wp-json\/wp\/v2\/posts\/124","targetHints":{"allow":["GET"]}}],"collection":[{"href":"https:\/\/blogit.gradia.fi\/raksalla\/wp-json\/wp\/v2\/posts"}],"about":[{"href":"https:\/\/blogit.gradia.fi\/raksalla\/wp-json\/wp\/v2\/types\/post"}],"author":[{"embeddable":true,"href":"https:\/\/blogit.gradia.fi\/raksalla\/wp-json\/wp\/v2\/users\/607"}],"replies":[{"embeddable":true,"href":"https:\/\/blogit.gradia.fi\/raksalla\/wp-json\/wp\/v2\/comments?post=124"}],"version-history":[{"count":0,"href":"https:\/\/blogit.gradia.fi\/raksalla\/wp-json\/wp\/v2\/posts\/124\/revisions"}],"wp:attachment":[{"href":"https:\/\/blogit.gradia.fi\/raksalla\/wp-json\/wp\/v2\/media?parent=124"}],"wp:term":[{"taxonomy":"category","embeddable":true,"href":"https:\/\/blogit.gradia.fi\/raksalla\/wp-json\/wp\/v2\/categories?post=124"},{"taxonomy":"post_tag","embeddable":true,"href":"https:\/\/blogit.gradia.fi\/raksalla\/wp-json\/wp\/v2\/tags?post=124"}],"curies":[{"name":"wp","href":"https:\/\/api.w.org\/{rel}","templated":true}]}}