{"id":97,"date":"2022-02-18T16:58:17","date_gmt":"2022-02-18T14:58:17","guid":{"rendered":"https:\/\/blogit.gradia.fi\/puhallinorkesteri\/?p=97"},"modified":"2022-09-28T09:34:20","modified_gmt":"2022-09-28T06:34:20","slug":"maakunnallinen-puhallinorkesteri-kajautti-ilmoille-mahtavat-soundit","status":"publish","type":"post","link":"https:\/\/blogit.gradia.fi\/puhallinorkesteri\/2022\/02\/18\/maakunnallinen-puhallinorkesteri-kajautti-ilmoille-mahtavat-soundit\/","title":{"rendered":"Maakunnallinen puhallinorkesteri kajautti 12.2.2022 ilmoille mahtavat soundit!"},"content":{"rendered":"\n<figure class=\"wp-block-image size-large\"><img loading=\"lazy\" decoding=\"async\" width=\"1024\" height=\"343\" src=\"https:\/\/blogit.gradia.fi\/puhallinorkesteri\/wp-content\/uploads\/sites\/267\/2022\/08\/KSL-logo-1024x343.png\" alt=\"\" class=\"wp-image-295\" srcset=\"https:\/\/blogit.gradia.fi\/puhallinorkesteri\/wp-content\/uploads\/sites\/267\/2022\/08\/KSL-logo-1024x343.png 1024w, https:\/\/blogit.gradia.fi\/puhallinorkesteri\/wp-content\/uploads\/sites\/267\/2022\/08\/KSL-logo-300x100.png 300w, https:\/\/blogit.gradia.fi\/puhallinorkesteri\/wp-content\/uploads\/sites\/267\/2022\/08\/KSL-logo-768x257.png 768w, https:\/\/blogit.gradia.fi\/puhallinorkesteri\/wp-content\/uploads\/sites\/267\/2022\/08\/KSL-logo.png 1422w\" sizes=\"auto, (max-width: 1024px) 100vw, 1024px\" \/><\/figure>\n\n\n\n<p>Ensimm\u00e4iset maakunnallisten puhallinorkesterien konsertit l\u00e4hestyv\u00e4t huimaa vauhtia. Alkuvuoden ajan jokainen soittaja on harjoitellut esitett\u00e4vi\u00e4 kappaleita oman orkesterinsa ja opettajansa johdolla ja lauantaina 12.2. saimme j\u00e4lleen kokoontua yhteisiin harjoituksiin. Harjoittelimme molempien orkestereiden kanssa sek\u00e4 yhdess\u00e4 ett\u00e4 erikseen stemmaharjoitusten muodossa. Aikataulu oli tiivis, mutta silti ihan jokainen nuorimmistakin soittajista jaksoi keskitty\u00e4 todella hyvin. Opettajia oli mukana ohjaamassa tai soittamassa yhteens\u00e4 seitsem\u00e4n.<\/p>\n\n\n\n<p><strong><u>Vire-orkesteri&nbsp;<\/u><\/strong>(mukana oli 27 jyv\u00e4skyl\u00e4l\u00e4ist\u00e4, 7 keuruulaista ja 3 j\u00e4ms\u00e4l\u00e4ist\u00e4 soittajaa)<\/p>\n\n\n\n<p>10.00-11.30&nbsp;yhteisharjoitus<\/p>\n\n\n\n<p>11.30-13.00&nbsp;lounas&nbsp;(ravintola Taide, Seminaarinkatu 15, B-rakennus)<strong>&nbsp;<\/strong><\/p>\n\n\n\n<p>13.00-14.15&nbsp;stemmikset&nbsp;<\/p>\n\n\n\n<p>14.15-14.45&nbsp;v\u00e4lipala&nbsp;<\/p>\n\n\n\n<p>14.45-15.45&nbsp;yhteisharjoitus&nbsp;<\/p>\n\n\n\n<p><\/p>\n\n\n\n<p><strong><u>Puhuri<\/u>-orkesteri<\/strong> (mukana oli 22 jyv\u00e4skyl\u00e4l\u00e4ist\u00e4, 3 keuruulaista ja 3 j\u00e4ms\u00e4l\u00e4ist\u00e4 soittajaa)<\/p>\n\n\n\n<p>10.00-12.00&nbsp;stemmikset&nbsp;<\/p>\n\n\n\n<p>12.00-13.00&nbsp;lounas&nbsp;(ravintola Taide, Seminaarinkatu 15, B-rakennus)&nbsp;<\/p>\n\n\n\n<p>13.00-14.30&nbsp;yhteisharjoitus&nbsp;<\/p>\n\n\n\n<p>14.30-15.00&nbsp;v\u00e4lipala&nbsp;<\/p>\n\n\n\n<p>15.00-16.00&nbsp;yhteisharjoitus<\/p>\n\n\n\n<p><\/p>\n\n\n\n<p>Seuraavissa kuvissa harjoitusp\u00e4iv\u00e4n tunnelmia. <\/p>\n\n\n\n<figure class=\"wp-block-image size-large\"><img loading=\"lazy\" decoding=\"async\" width=\"960\" height=\"1024\" src=\"https:\/\/blogit.gradia.fi\/puhallinorkesteri\/wp-content\/uploads\/sites\/267\/2022\/02\/IMG_9232-1-1-960x1024.jpg\" alt=\"\" class=\"wp-image-99\" srcset=\"https:\/\/blogit.gradia.fi\/puhallinorkesteri\/wp-content\/uploads\/sites\/267\/2022\/02\/IMG_9232-1-1-960x1024.jpg 960w, https:\/\/blogit.gradia.fi\/puhallinorkesteri\/wp-content\/uploads\/sites\/267\/2022\/02\/IMG_9232-1-1-281x300.jpg 281w, https:\/\/blogit.gradia.fi\/puhallinorkesteri\/wp-content\/uploads\/sites\/267\/2022\/02\/IMG_9232-1-1-768x819.jpg 768w, https:\/\/blogit.gradia.fi\/puhallinorkesteri\/wp-content\/uploads\/sites\/267\/2022\/02\/IMG_9232-1-1-1440x1536.jpg 1440w, https:\/\/blogit.gradia.fi\/puhallinorkesteri\/wp-content\/uploads\/sites\/267\/2022\/02\/IMG_9232-1-1-1921x2048.jpg 1921w, https:\/\/blogit.gradia.fi\/puhallinorkesteri\/wp-content\/uploads\/sites\/267\/2022\/02\/IMG_9232-1-1-1568x1672.jpg 1568w\" sizes=\"auto, (max-width: 960px) 100vw, 960px\" \/><figcaption>Harjoitusp\u00e4iv\u00e4n aikana sai j\u00e4nnitt\u00e4\u00e4, miten suomalaiset p\u00e4rj\u00e4\u00e4v\u00e4t olympialaduilla.<\/figcaption><\/figure>\n\n\n\n<figure class=\"wp-block-image size-large\"><img loading=\"lazy\" decoding=\"async\" width=\"1024\" height=\"486\" src=\"https:\/\/blogit.gradia.fi\/puhallinorkesteri\/wp-content\/uploads\/sites\/267\/2022\/02\/IMG_9233-1024x486.jpg\" alt=\"\" class=\"wp-image-100\" srcset=\"https:\/\/blogit.gradia.fi\/puhallinorkesteri\/wp-content\/uploads\/sites\/267\/2022\/02\/IMG_9233-1024x486.jpg 1024w, https:\/\/blogit.gradia.fi\/puhallinorkesteri\/wp-content\/uploads\/sites\/267\/2022\/02\/IMG_9233-300x143.jpg 300w, https:\/\/blogit.gradia.fi\/puhallinorkesteri\/wp-content\/uploads\/sites\/267\/2022\/02\/IMG_9233-768x365.jpg 768w, https:\/\/blogit.gradia.fi\/puhallinorkesteri\/wp-content\/uploads\/sites\/267\/2022\/02\/IMG_9233-1536x730.jpg 1536w, https:\/\/blogit.gradia.fi\/puhallinorkesteri\/wp-content\/uploads\/sites\/267\/2022\/02\/IMG_9233-2048x973.jpg 2048w, https:\/\/blogit.gradia.fi\/puhallinorkesteri\/wp-content\/uploads\/sites\/267\/2022\/02\/IMG_9233-1568x745.jpg 1568w\" sizes=\"auto, (max-width: 1024px) 100vw, 1024px\" \/><figcaption>Vire-orkesteri aloitti p\u00e4iv\u00e4n yhteisharjoituksella.<\/figcaption><\/figure>\n\n\n\n<figure class=\"wp-block-image size-large\"><img loading=\"lazy\" decoding=\"async\" width=\"1024\" height=\"552\" src=\"https:\/\/blogit.gradia.fi\/puhallinorkesteri\/wp-content\/uploads\/sites\/267\/2022\/02\/Puhurin-vasket-1024x552.jpg\" alt=\"\" class=\"wp-image-101\" srcset=\"https:\/\/blogit.gradia.fi\/puhallinorkesteri\/wp-content\/uploads\/sites\/267\/2022\/02\/Puhurin-vasket-1024x552.jpg 1024w, https:\/\/blogit.gradia.fi\/puhallinorkesteri\/wp-content\/uploads\/sites\/267\/2022\/02\/Puhurin-vasket-300x162.jpg 300w, https:\/\/blogit.gradia.fi\/puhallinorkesteri\/wp-content\/uploads\/sites\/267\/2022\/02\/Puhurin-vasket-768x414.jpg 768w, https:\/\/blogit.gradia.fi\/puhallinorkesteri\/wp-content\/uploads\/sites\/267\/2022\/02\/Puhurin-vasket-1536x828.jpg 1536w, https:\/\/blogit.gradia.fi\/puhallinorkesteri\/wp-content\/uploads\/sites\/267\/2022\/02\/Puhurin-vasket-2048x1104.jpg 2048w, https:\/\/blogit.gradia.fi\/puhallinorkesteri\/wp-content\/uploads\/sites\/267\/2022\/02\/Puhurin-vasket-1568x846.jpg 1568w\" sizes=\"auto, (max-width: 1024px) 100vw, 1024px\" \/><figcaption>Samaan aikaan toisaalla: Puhurin vaskisoittajat hiovat keikkakuntoaan Lassi Takasen johdolla.<\/figcaption><\/figure>\n\n\n\n<figure class=\"wp-block-image size-large\"><img loading=\"lazy\" decoding=\"async\" width=\"1024\" height=\"768\" src=\"https:\/\/blogit.gradia.fi\/puhallinorkesteri\/wp-content\/uploads\/sites\/267\/2022\/02\/Puhurin-klarat-1024x768.jpg\" alt=\"\" class=\"wp-image-102\" srcset=\"https:\/\/blogit.gradia.fi\/puhallinorkesteri\/wp-content\/uploads\/sites\/267\/2022\/02\/Puhurin-klarat-1024x768.jpg 1024w, https:\/\/blogit.gradia.fi\/puhallinorkesteri\/wp-content\/uploads\/sites\/267\/2022\/02\/Puhurin-klarat-300x225.jpg 300w, https:\/\/blogit.gradia.fi\/puhallinorkesteri\/wp-content\/uploads\/sites\/267\/2022\/02\/Puhurin-klarat-768x576.jpg 768w, https:\/\/blogit.gradia.fi\/puhallinorkesteri\/wp-content\/uploads\/sites\/267\/2022\/02\/Puhurin-klarat-1536x1152.jpg 1536w, https:\/\/blogit.gradia.fi\/puhallinorkesteri\/wp-content\/uploads\/sites\/267\/2022\/02\/Puhurin-klarat-2048x1536.jpg 2048w, https:\/\/blogit.gradia.fi\/puhallinorkesteri\/wp-content\/uploads\/sites\/267\/2022\/02\/Puhurin-klarat-1568x1176.jpg 1568w\" sizes=\"auto, (max-width: 1024px) 100vw, 1024px\" \/><figcaption>Puhurin klarinetistit ja saksofonistit p\u00e4\u00e4siv\u00e4t L\u00e4ntisen Keski-Suomen musiikkiopiston opettaja Tiiu Tuomisen ohjaukseen.<\/figcaption><\/figure>\n\n\n\n<figure class=\"wp-block-image size-large\"><img loading=\"lazy\" decoding=\"async\" width=\"1024\" height=\"768\" src=\"https:\/\/blogit.gradia.fi\/puhallinorkesteri\/wp-content\/uploads\/sites\/267\/2022\/02\/Puhurin-huilistit-1024x768.jpg\" alt=\"\" class=\"wp-image-103\" srcset=\"https:\/\/blogit.gradia.fi\/puhallinorkesteri\/wp-content\/uploads\/sites\/267\/2022\/02\/Puhurin-huilistit-1024x768.jpg 1024w, https:\/\/blogit.gradia.fi\/puhallinorkesteri\/wp-content\/uploads\/sites\/267\/2022\/02\/Puhurin-huilistit-300x225.jpg 300w, https:\/\/blogit.gradia.fi\/puhallinorkesteri\/wp-content\/uploads\/sites\/267\/2022\/02\/Puhurin-huilistit-768x576.jpg 768w, https:\/\/blogit.gradia.fi\/puhallinorkesteri\/wp-content\/uploads\/sites\/267\/2022\/02\/Puhurin-huilistit-1536x1152.jpg 1536w, https:\/\/blogit.gradia.fi\/puhallinorkesteri\/wp-content\/uploads\/sites\/267\/2022\/02\/Puhurin-huilistit-2048x1536.jpg 2048w, https:\/\/blogit.gradia.fi\/puhallinorkesteri\/wp-content\/uploads\/sites\/267\/2022\/02\/Puhurin-huilistit-1568x1176.jpg 1568w\" sizes=\"auto, (max-width: 1024px) 100vw, 1024px\" \/><figcaption>Puhurin huilisteissa J\u00e4ms\u00e4 oli hyvin edustettuna: 2 soittajaa oli J\u00e4ms\u00e4st\u00e4 ja viel\u00e4 heid\u00e4n opettajansa Janne Pajarikin oli mukana. <\/figcaption><\/figure>\n\n\n\n<p>Palautteiden perusteella toinen harjoitusp\u00e4iv\u00e4mme onnistui hyvin ja n\u00e4kyip\u00e4 siell\u00e4 jo uusia kaverisuhteitakin muodostuvan maakunnasta tulleiden soittajien ja jyv\u00e4skyl\u00e4l\u00e4isten v\u00e4lille. T\u00e4m\u00e4 juuri on orkesterisoiton yksi mahtavimmista jutuista, ja t\u00e4m\u00e4 oli my\u00f6s hankkeen tavoitteena.<\/p>\n\n\n\n<figure class=\"wp-block-image size-large\"><img loading=\"lazy\" decoding=\"async\" width=\"1024\" height=\"768\" src=\"https:\/\/blogit.gradia.fi\/puhallinorkesteri\/wp-content\/uploads\/sites\/267\/2022\/02\/Vire-tauolla1-1024x768.jpg\" alt=\"\" class=\"wp-image-106\" srcset=\"https:\/\/blogit.gradia.fi\/puhallinorkesteri\/wp-content\/uploads\/sites\/267\/2022\/02\/Vire-tauolla1-1024x768.jpg 1024w, https:\/\/blogit.gradia.fi\/puhallinorkesteri\/wp-content\/uploads\/sites\/267\/2022\/02\/Vire-tauolla1-300x225.jpg 300w, https:\/\/blogit.gradia.fi\/puhallinorkesteri\/wp-content\/uploads\/sites\/267\/2022\/02\/Vire-tauolla1-768x576.jpg 768w, https:\/\/blogit.gradia.fi\/puhallinorkesteri\/wp-content\/uploads\/sites\/267\/2022\/02\/Vire-tauolla1-1536x1152.jpg 1536w, https:\/\/blogit.gradia.fi\/puhallinorkesteri\/wp-content\/uploads\/sites\/267\/2022\/02\/Vire-tauolla1-2048x1536.jpg 2048w, https:\/\/blogit.gradia.fi\/puhallinorkesteri\/wp-content\/uploads\/sites\/267\/2022\/02\/Vire-tauolla1-1568x1176.jpg 1568w\" sizes=\"auto, (max-width: 1024px) 100vw, 1024px\" \/><figcaption>Ensimm\u00e4isell\u00e4 tauolla viel\u00e4 oma \u00e4lypuhelin kiinnosti, mutta&#8230;.<\/figcaption><\/figure>\n\n\n\n<figure class=\"wp-block-image size-large\"><img loading=\"lazy\" decoding=\"async\" width=\"1024\" height=\"768\" src=\"https:\/\/blogit.gradia.fi\/puhallinorkesteri\/wp-content\/uploads\/sites\/267\/2022\/02\/vire-tauolla2-1024x768.jpg\" alt=\"\" class=\"wp-image-107\" srcset=\"https:\/\/blogit.gradia.fi\/puhallinorkesteri\/wp-content\/uploads\/sites\/267\/2022\/02\/vire-tauolla2-1024x768.jpg 1024w, https:\/\/blogit.gradia.fi\/puhallinorkesteri\/wp-content\/uploads\/sites\/267\/2022\/02\/vire-tauolla2-300x225.jpg 300w, https:\/\/blogit.gradia.fi\/puhallinorkesteri\/wp-content\/uploads\/sites\/267\/2022\/02\/vire-tauolla2-768x576.jpg 768w, https:\/\/blogit.gradia.fi\/puhallinorkesteri\/wp-content\/uploads\/sites\/267\/2022\/02\/vire-tauolla2-1536x1152.jpg 1536w, https:\/\/blogit.gradia.fi\/puhallinorkesteri\/wp-content\/uploads\/sites\/267\/2022\/02\/vire-tauolla2-2048x1536.jpg 2048w, https:\/\/blogit.gradia.fi\/puhallinorkesteri\/wp-content\/uploads\/sites\/267\/2022\/02\/vire-tauolla2-1568x1176.jpg 1568w\" sizes=\"auto, (max-width: 1024px) 100vw, 1024px\" \/><figcaption>toisella tauolla kokoonnuttiin jo yhdess\u00e4 \u00e4lytelkkarin \u00e4\u00e4reen.<\/figcaption><\/figure>\n\n\n\n<figure class=\"wp-block-image size-large\"><img loading=\"lazy\" decoding=\"async\" width=\"1024\" height=\"768\" src=\"https:\/\/blogit.gradia.fi\/puhallinorkesteri\/wp-content\/uploads\/sites\/267\/2022\/02\/oboisti-huilisti-1024x768.jpg\" alt=\"\" class=\"wp-image-108\" srcset=\"https:\/\/blogit.gradia.fi\/puhallinorkesteri\/wp-content\/uploads\/sites\/267\/2022\/02\/oboisti-huilisti-1024x768.jpg 1024w, https:\/\/blogit.gradia.fi\/puhallinorkesteri\/wp-content\/uploads\/sites\/267\/2022\/02\/oboisti-huilisti-300x225.jpg 300w, https:\/\/blogit.gradia.fi\/puhallinorkesteri\/wp-content\/uploads\/sites\/267\/2022\/02\/oboisti-huilisti-768x576.jpg 768w, https:\/\/blogit.gradia.fi\/puhallinorkesteri\/wp-content\/uploads\/sites\/267\/2022\/02\/oboisti-huilisti-1536x1152.jpg 1536w, https:\/\/blogit.gradia.fi\/puhallinorkesteri\/wp-content\/uploads\/sites\/267\/2022\/02\/oboisti-huilisti-2048x1536.jpg 2048w, https:\/\/blogit.gradia.fi\/puhallinorkesteri\/wp-content\/uploads\/sites\/267\/2022\/02\/oboisti-huilisti-1568x1176.jpg 1568w\" sizes=\"auto, (max-width: 1024px) 100vw, 1024px\" \/><figcaption>Jyv\u00e4skyl\u00e4n oboistilla ja Keuruun huilistilla oli tauolla omat juttunsa. <\/figcaption><\/figure>\n\n\n\n<figure class=\"wp-block-image size-large\"><img loading=\"lazy\" decoding=\"async\" width=\"768\" height=\"1024\" src=\"https:\/\/blogit.gradia.fi\/puhallinorkesteri\/wp-content\/uploads\/sites\/267\/2022\/02\/kornistit-768x1024.jpg\" alt=\"\" class=\"wp-image-115\" srcset=\"https:\/\/blogit.gradia.fi\/puhallinorkesteri\/wp-content\/uploads\/sites\/267\/2022\/02\/kornistit-768x1024.jpg 768w, https:\/\/blogit.gradia.fi\/puhallinorkesteri\/wp-content\/uploads\/sites\/267\/2022\/02\/kornistit-225x300.jpg 225w, https:\/\/blogit.gradia.fi\/puhallinorkesteri\/wp-content\/uploads\/sites\/267\/2022\/02\/kornistit-1152x1536.jpg 1152w, https:\/\/blogit.gradia.fi\/puhallinorkesteri\/wp-content\/uploads\/sites\/267\/2022\/02\/kornistit-1536x2048.jpg 1536w, https:\/\/blogit.gradia.fi\/puhallinorkesteri\/wp-content\/uploads\/sites\/267\/2022\/02\/kornistit-1568x2091.jpg 1568w, https:\/\/blogit.gradia.fi\/puhallinorkesteri\/wp-content\/uploads\/sites\/267\/2022\/02\/kornistit-scaled.jpg 1920w\" sizes=\"auto, (max-width: 768px) 100vw, 768px\" \/><figcaption>Jyv\u00e4skyl\u00e4n ja Keuruun kornistipojat l\u00f6ysiv\u00e4t heti yhteisen s\u00e4velen. (kuva: Saara Siltala)<\/figcaption><\/figure>\n\n\n\n<p> Hankerahan turvin soittajat saivat ruuan harjoitusp\u00e4iv\u00e4n yhteydess\u00e4. K\u00e4vimme sy\u00f6m\u00e4ss\u00e4 Jyv\u00e4skyl\u00e4n yliopiston kirjastolla. Ai ett\u00e4 muuten makaronilaatikko maistui. V\u00e4lipala tarjoiltiin harjoitusten lomassa.<\/p>\n\n\n\n<figure class=\"wp-block-image size-large\"><img loading=\"lazy\" decoding=\"async\" width=\"768\" height=\"1024\" src=\"https:\/\/blogit.gradia.fi\/puhallinorkesteri\/wp-content\/uploads\/sites\/267\/2022\/02\/Ilona_syC3B6-768x1024.jpg\" alt=\"\" class=\"wp-image-112\" srcset=\"https:\/\/blogit.gradia.fi\/puhallinorkesteri\/wp-content\/uploads\/sites\/267\/2022\/02\/Ilona_syC3B6-768x1024.jpg 768w, https:\/\/blogit.gradia.fi\/puhallinorkesteri\/wp-content\/uploads\/sites\/267\/2022\/02\/Ilona_syC3B6-225x300.jpg 225w, https:\/\/blogit.gradia.fi\/puhallinorkesteri\/wp-content\/uploads\/sites\/267\/2022\/02\/Ilona_syC3B6-1152x1536.jpg 1152w, https:\/\/blogit.gradia.fi\/puhallinorkesteri\/wp-content\/uploads\/sites\/267\/2022\/02\/Ilona_syC3B6-1536x2048.jpg 1536w, https:\/\/blogit.gradia.fi\/puhallinorkesteri\/wp-content\/uploads\/sites\/267\/2022\/02\/Ilona_syC3B6-1568x2091.jpg 1568w, https:\/\/blogit.gradia.fi\/puhallinorkesteri\/wp-content\/uploads\/sites\/267\/2022\/02\/Ilona_syC3B6-scaled.jpg 1920w\" sizes=\"auto, (max-width: 768px) 100vw, 768px\" \/><figcaption>Ravintola Taide ja lounasaika. (Kuva: Saara Siltala)<\/figcaption><\/figure>\n\n\n\n<figure class=\"wp-block-image size-large\"><img loading=\"lazy\" decoding=\"async\" width=\"789\" height=\"1024\" src=\"https:\/\/blogit.gradia.fi\/puhallinorkesteri\/wp-content\/uploads\/sites\/267\/2022\/02\/valipala-2-789x1024.jpg\" alt=\"\" class=\"wp-image-114\" srcset=\"https:\/\/blogit.gradia.fi\/puhallinorkesteri\/wp-content\/uploads\/sites\/267\/2022\/02\/valipala-2-789x1024.jpg 789w, https:\/\/blogit.gradia.fi\/puhallinorkesteri\/wp-content\/uploads\/sites\/267\/2022\/02\/valipala-2-231x300.jpg 231w, https:\/\/blogit.gradia.fi\/puhallinorkesteri\/wp-content\/uploads\/sites\/267\/2022\/02\/valipala-2-768x996.jpg 768w, https:\/\/blogit.gradia.fi\/puhallinorkesteri\/wp-content\/uploads\/sites\/267\/2022\/02\/valipala-2-1184x1536.jpg 1184w, https:\/\/blogit.gradia.fi\/puhallinorkesteri\/wp-content\/uploads\/sites\/267\/2022\/02\/valipala-2-1578x2048.jpg 1578w, https:\/\/blogit.gradia.fi\/puhallinorkesteri\/wp-content\/uploads\/sites\/267\/2022\/02\/valipala-2-1568x2034.jpg 1568w, https:\/\/blogit.gradia.fi\/puhallinorkesteri\/wp-content\/uploads\/sites\/267\/2022\/02\/valipala-2-scaled.jpg 1973w\" sizes=\"auto, (max-width: 789px) 100vw, 789px\" \/><figcaption>Terveellist\u00e4 v\u00e4lipalaa tarjolla. <\/figcaption><\/figure>\n\n\n\n<p>Korona on kummitellut koko hankkeen ajan taustalla ja kaikessa suunnittelussa on oltu eritt\u00e4in varovaisia. Olemme onneksi saaneet toteuttaa kaiken suunnitellusti koronasta huolimatta. Seuraamme luonnollisesti koko ajan tarkkaan voimassa olevia suosituksia ja ohjeistamme soittajia. Onneksi k\u00e4yt\u00f6ss\u00e4mme on isot, hyvin ilmastoidut tilat, mik\u00e4 helpottaa turvav\u00e4lien pit\u00e4mist\u00e4.<\/p>\n\n\n\n<figure class=\"wp-block-image size-large\"><img loading=\"lazy\" decoding=\"async\" width=\"1024\" height=\"768\" src=\"https:\/\/blogit.gradia.fi\/puhallinorkesteri\/wp-content\/uploads\/sites\/267\/2022\/02\/puuhuri-1024x768.jpg\" alt=\"\" class=\"wp-image-117\" srcset=\"https:\/\/blogit.gradia.fi\/puhallinorkesteri\/wp-content\/uploads\/sites\/267\/2022\/02\/puuhuri-1024x768.jpg 1024w, https:\/\/blogit.gradia.fi\/puhallinorkesteri\/wp-content\/uploads\/sites\/267\/2022\/02\/puuhuri-300x225.jpg 300w, https:\/\/blogit.gradia.fi\/puhallinorkesteri\/wp-content\/uploads\/sites\/267\/2022\/02\/puuhuri-768x576.jpg 768w, https:\/\/blogit.gradia.fi\/puhallinorkesteri\/wp-content\/uploads\/sites\/267\/2022\/02\/puuhuri-1536x1152.jpg 1536w, https:\/\/blogit.gradia.fi\/puhallinorkesteri\/wp-content\/uploads\/sites\/267\/2022\/02\/puuhuri-2048x1536.jpg 2048w, https:\/\/blogit.gradia.fi\/puhallinorkesteri\/wp-content\/uploads\/sites\/267\/2022\/02\/puuhuri-1568x1176.jpg 1568w\" sizes=\"auto, (max-width: 1024px) 100vw, 1024px\" \/><figcaption>Puhuri treenaa koko orkesterin voimin.<\/figcaption><\/figure>\n\n\n\n<figure class=\"wp-block-image size-large\"><img loading=\"lazy\" decoding=\"async\" width=\"1024\" height=\"768\" src=\"https:\/\/blogit.gradia.fi\/puhallinorkesteri\/wp-content\/uploads\/sites\/267\/2022\/02\/Vireen-klarat-1024x768.jpg\" alt=\"\" class=\"wp-image-118\" srcset=\"https:\/\/blogit.gradia.fi\/puhallinorkesteri\/wp-content\/uploads\/sites\/267\/2022\/02\/Vireen-klarat-1024x768.jpg 1024w, https:\/\/blogit.gradia.fi\/puhallinorkesteri\/wp-content\/uploads\/sites\/267\/2022\/02\/Vireen-klarat-300x225.jpg 300w, https:\/\/blogit.gradia.fi\/puhallinorkesteri\/wp-content\/uploads\/sites\/267\/2022\/02\/Vireen-klarat-768x576.jpg 768w, https:\/\/blogit.gradia.fi\/puhallinorkesteri\/wp-content\/uploads\/sites\/267\/2022\/02\/Vireen-klarat-1536x1152.jpg 1536w, https:\/\/blogit.gradia.fi\/puhallinorkesteri\/wp-content\/uploads\/sites\/267\/2022\/02\/Vireen-klarat-2048x1536.jpg 2048w, https:\/\/blogit.gradia.fi\/puhallinorkesteri\/wp-content\/uploads\/sites\/267\/2022\/02\/Vireen-klarat-1568x1176.jpg 1568w\" sizes=\"auto, (max-width: 1024px) 100vw, 1024px\" \/><figcaption>Samaan aikaan Vireen klarinetistit harjoittelevat Tanja J\u00e4rvel\u00e4n johdolla. <\/figcaption><\/figure>\n\n\n\n<figure class=\"wp-block-image size-large\"><img loading=\"lazy\" decoding=\"async\" width=\"1024\" height=\"768\" src=\"https:\/\/blogit.gradia.fi\/puhallinorkesteri\/wp-content\/uploads\/sites\/267\/2022\/02\/Vireen-huilut-1024x768.jpg\" alt=\"\" class=\"wp-image-119\" srcset=\"https:\/\/blogit.gradia.fi\/puhallinorkesteri\/wp-content\/uploads\/sites\/267\/2022\/02\/Vireen-huilut-1024x768.jpg 1024w, https:\/\/blogit.gradia.fi\/puhallinorkesteri\/wp-content\/uploads\/sites\/267\/2022\/02\/Vireen-huilut-300x225.jpg 300w, https:\/\/blogit.gradia.fi\/puhallinorkesteri\/wp-content\/uploads\/sites\/267\/2022\/02\/Vireen-huilut-768x576.jpg 768w, https:\/\/blogit.gradia.fi\/puhallinorkesteri\/wp-content\/uploads\/sites\/267\/2022\/02\/Vireen-huilut-1536x1152.jpg 1536w, https:\/\/blogit.gradia.fi\/puhallinorkesteri\/wp-content\/uploads\/sites\/267\/2022\/02\/Vireen-huilut-2048x1536.jpg 2048w, https:\/\/blogit.gradia.fi\/puhallinorkesteri\/wp-content\/uploads\/sites\/267\/2022\/02\/Vireen-huilut-1568x1176.jpg 1568w\" sizes=\"auto, (max-width: 1024px) 100vw, 1024px\" \/><figcaption>Vireen huilut ja oboet saavat Sirpa Bergilt\u00e4 tiukkoja ohjeita mm. artikulatioon.<\/figcaption><\/figure>\n\n\n\n<figure class=\"wp-block-image size-large\"><img loading=\"lazy\" decoding=\"async\" width=\"1024\" height=\"862\" src=\"https:\/\/blogit.gradia.fi\/puhallinorkesteri\/wp-content\/uploads\/sites\/267\/2022\/02\/Vireen-vasket-1024x862.jpg\" alt=\"\" class=\"wp-image-120\" srcset=\"https:\/\/blogit.gradia.fi\/puhallinorkesteri\/wp-content\/uploads\/sites\/267\/2022\/02\/Vireen-vasket-1024x862.jpg 1024w, https:\/\/blogit.gradia.fi\/puhallinorkesteri\/wp-content\/uploads\/sites\/267\/2022\/02\/Vireen-vasket-300x253.jpg 300w, https:\/\/blogit.gradia.fi\/puhallinorkesteri\/wp-content\/uploads\/sites\/267\/2022\/02\/Vireen-vasket-768x647.jpg 768w, https:\/\/blogit.gradia.fi\/puhallinorkesteri\/wp-content\/uploads\/sites\/267\/2022\/02\/Vireen-vasket-1536x1293.jpg 1536w, https:\/\/blogit.gradia.fi\/puhallinorkesteri\/wp-content\/uploads\/sites\/267\/2022\/02\/Vireen-vasket-2048x1724.jpg 2048w, https:\/\/blogit.gradia.fi\/puhallinorkesteri\/wp-content\/uploads\/sites\/267\/2022\/02\/Vireen-vasket-1568x1320.jpg 1568w\" sizes=\"auto, (max-width: 1024px) 100vw, 1024px\" \/><figcaption>Vireen vaskisoittajat harjoittelevat kappaleitaan omissa stemmaharjoituksissaan apulaiskapellimestari Lassi Takasen johdolla. <\/figcaption><\/figure>\n\n\n\n<p>T\u00e4ll\u00e4 kertaa soittajat eiv\u00e4t saaneet kotiin viemiseksi herkkuja vaan Puhallinp\u00e4ivien julisteita, joita he lupasivat laittaa omalle l\u00e4hiseudulleen n\u00e4kyville. Maakunnallisten puhallinorkesterien konsertit ovat osa Puhallinp\u00e4ivien ohjelmaa. Tulethan sin\u00e4kin kuuntelemaan soivaa lopputulosta 18.3. ja 20.3.&nbsp;<\/p>\n\n\n\n<figure class=\"wp-block-image size-large\"><img loading=\"lazy\" decoding=\"async\" width=\"1006\" height=\"1024\" src=\"https:\/\/blogit.gradia.fi\/puhallinorkesteri\/wp-content\/uploads\/sites\/267\/2022\/02\/julisteet-1-1006x1024.jpg\" alt=\"\" class=\"wp-image-124\" srcset=\"https:\/\/blogit.gradia.fi\/puhallinorkesteri\/wp-content\/uploads\/sites\/267\/2022\/02\/julisteet-1-1006x1024.jpg 1006w, https:\/\/blogit.gradia.fi\/puhallinorkesteri\/wp-content\/uploads\/sites\/267\/2022\/02\/julisteet-1-295x300.jpg 295w, https:\/\/blogit.gradia.fi\/puhallinorkesteri\/wp-content\/uploads\/sites\/267\/2022\/02\/julisteet-1-768x781.jpg 768w, https:\/\/blogit.gradia.fi\/puhallinorkesteri\/wp-content\/uploads\/sites\/267\/2022\/02\/julisteet-1-1510x1536.jpg 1510w, https:\/\/blogit.gradia.fi\/puhallinorkesteri\/wp-content\/uploads\/sites\/267\/2022\/02\/julisteet-1-2013x2048.jpg 2013w, https:\/\/blogit.gradia.fi\/puhallinorkesteri\/wp-content\/uploads\/sites\/267\/2022\/02\/julisteet-1-1568x1595.jpg 1568w\" sizes=\"auto, (max-width: 1006px) 100vw, 1006px\" \/><figcaption>Puhallinp\u00e4ivien juliste.&nbsp;<\/figcaption><\/figure>\n\n\n\n<figure class=\"wp-block-image size-large\"><img loading=\"lazy\" decoding=\"async\" width=\"768\" height=\"1024\" src=\"https:\/\/blogit.gradia.fi\/puhallinorkesteri\/wp-content\/uploads\/sites\/267\/2022\/02\/tervetuloa-1-768x1024.jpg\" alt=\"\" class=\"wp-image-126\" srcset=\"https:\/\/blogit.gradia.fi\/puhallinorkesteri\/wp-content\/uploads\/sites\/267\/2022\/02\/tervetuloa-1-768x1024.jpg 768w, https:\/\/blogit.gradia.fi\/puhallinorkesteri\/wp-content\/uploads\/sites\/267\/2022\/02\/tervetuloa-1-225x300.jpg 225w, https:\/\/blogit.gradia.fi\/puhallinorkesteri\/wp-content\/uploads\/sites\/267\/2022\/02\/tervetuloa-1-1152x1536.jpg 1152w, https:\/\/blogit.gradia.fi\/puhallinorkesteri\/wp-content\/uploads\/sites\/267\/2022\/02\/tervetuloa-1-1536x2048.jpg 1536w, https:\/\/blogit.gradia.fi\/puhallinorkesteri\/wp-content\/uploads\/sites\/267\/2022\/02\/tervetuloa-1-1568x2091.jpg 1568w, https:\/\/blogit.gradia.fi\/puhallinorkesteri\/wp-content\/uploads\/sites\/267\/2022\/02\/tervetuloa-1-scaled.jpg 1920w\" sizes=\"auto, (max-width: 768px) 100vw, 768px\" \/><figcaption>Pasunistit Elisa Jyv\u00e4skyl\u00e4st\u00e4 ja Simo J\u00e4ms\u00e4st\u00e4 toivottavat kaikki tervetulleiksi Suomalaiselle Musiikkikampukselle.&nbsp;<\/figcaption><\/figure>\n","protected":false},"excerpt":{"rendered":"<p>Ensimm\u00e4iset maakunnallisten puhallinorkesterien konsertit l\u00e4hestyv\u00e4t huimaa vauhtia. Alkuvuoden ajan jokainen soittaja on harjoitellut esitett\u00e4vi\u00e4 kappaleita oman orkesterinsa ja opettajansa johdolla ja lauantaina 12.2. saimme j\u00e4lleen kokoontua yhteisiin harjoituksiin. Harjoittelimme molempien orkestereiden kanssa sek\u00e4 yhdess\u00e4 ett\u00e4 erikseen stemmaharjoitusten muodossa. Aikataulu oli tiivis, mutta silti ihan jokainen nuorimmistakin soittajista jaksoi keskitty\u00e4 todella hyvin. Opettajia oli mukana ohjaamassa&hellip; <a class=\"more-link\" href=\"https:\/\/blogit.gradia.fi\/puhallinorkesteri\/2022\/02\/18\/maakunnallinen-puhallinorkesteri-kajautti-ilmoille-mahtavat-soundit\/\">Jatka lukemista <span class=\"screen-reader-text\">Maakunnallinen puhallinorkesteri kajautti 12.2.2022 ilmoille mahtavat soundit!<\/span><\/a><\/p>\n","protected":false},"author":805,"featured_media":0,"comment_status":"open","ping_status":"open","sticky":false,"template":"","format":"standard","meta":{"_uag_custom_page_level_css":"","footnotes":""},"categories":[1],"tags":[],"class_list":["post-97","post","type-post","status-publish","format-standard","hentry","category-yleinen","entry"],"yoast_head":"<!-- This site is optimized with the Yoast SEO plugin v27.5 - https:\/\/yoast.com\/product\/yoast-seo-wordpress\/ -->\n<title>Maakunnallinen puhallinorkesteri kajautti 12.2.2022 ilmoille mahtavat soundit! - Maakunnallista puhallinorkesteritoimintaa taiteen perusopetuksessa<\/title>\n<meta name=\"robots\" content=\"index, follow, max-snippet:-1, max-image-preview:large, max-video-preview:-1\" \/>\n<link rel=\"canonical\" href=\"https:\/\/blogit.gradia.fi\/puhallinorkesteri\/2022\/02\/18\/maakunnallinen-puhallinorkesteri-kajautti-ilmoille-mahtavat-soundit\/\" \/>\n<meta property=\"og:locale\" content=\"fi_FI\" \/>\n<meta property=\"og:type\" content=\"article\" \/>\n<meta property=\"og:title\" content=\"Maakunnallinen puhallinorkesteri kajautti 12.2.2022 ilmoille mahtavat soundit! - Maakunnallista puhallinorkesteritoimintaa taiteen perusopetuksessa\" \/>\n<meta property=\"og:description\" content=\"Ensimm\u00e4iset maakunnallisten puhallinorkesterien konsertit l\u00e4hestyv\u00e4t huimaa vauhtia. Alkuvuoden ajan jokainen soittaja on harjoitellut esitett\u00e4vi\u00e4 kappaleita oman orkesterinsa ja opettajansa johdolla ja lauantaina 12.2. saimme j\u00e4lleen kokoontua yhteisiin harjoituksiin. Harjoittelimme molempien orkestereiden kanssa sek\u00e4 yhdess\u00e4 ett\u00e4 erikseen stemmaharjoitusten muodossa. Aikataulu oli tiivis, mutta silti ihan jokainen nuorimmistakin soittajista jaksoi keskitty\u00e4 todella hyvin. Opettajia oli mukana ohjaamassa&hellip; Jatka lukemista Maakunnallinen puhallinorkesteri kajautti 12.2.2022 ilmoille mahtavat soundit!\" \/>\n<meta property=\"og:url\" content=\"https:\/\/blogit.gradia.fi\/puhallinorkesteri\/2022\/02\/18\/maakunnallinen-puhallinorkesteri-kajautti-ilmoille-mahtavat-soundit\/\" \/>\n<meta property=\"og:site_name\" content=\"Maakunnallista puhallinorkesteritoimintaa taiteen perusopetuksessa\" \/>\n<meta property=\"article:published_time\" content=\"2022-02-18T14:58:17+00:00\" \/>\n<meta property=\"article:modified_time\" content=\"2022-09-28T06:34:20+00:00\" \/>\n<meta property=\"og:image\" content=\"https:\/\/blogit.gradia.fi\/puhallinorkesteri\/wp-content\/uploads\/sites\/267\/2022\/08\/KSL-logo-1024x343.png\" \/>\n<meta name=\"author\" content=\"Niina Sapattinen\" \/>\n<meta name=\"twitter:card\" content=\"summary_large_image\" \/>\n<meta name=\"twitter:label1\" content=\"Kirjoittanut\" \/>\n\t<meta name=\"twitter:data1\" content=\"Niina Sapattinen\" \/>\n\t<meta name=\"twitter:label2\" content=\"Arvioitu lukuaika\" \/>\n\t<meta name=\"twitter:data2\" content=\"7 minuuttia\" \/>\n<script type=\"application\/ld+json\" class=\"yoast-schema-graph\">{\"@context\":\"https:\\\/\\\/schema.org\",\"@graph\":[{\"@type\":\"Article\",\"@id\":\"https:\\\/\\\/blogit.gradia.fi\\\/puhallinorkesteri\\\/2022\\\/02\\\/18\\\/maakunnallinen-puhallinorkesteri-kajautti-ilmoille-mahtavat-soundit\\\/#article\",\"isPartOf\":{\"@id\":\"https:\\\/\\\/blogit.gradia.fi\\\/puhallinorkesteri\\\/2022\\\/02\\\/18\\\/maakunnallinen-puhallinorkesteri-kajautti-ilmoille-mahtavat-soundit\\\/\"},\"author\":{\"name\":\"Niina Sapattinen\",\"@id\":\"https:\\\/\\\/blogit.gradia.fi\\\/puhallinorkesteri\\\/#\\\/schema\\\/person\\\/e13b134d48e82e9653cc868c43f32b9b\"},\"headline\":\"Maakunnallinen puhallinorkesteri kajautti 12.2.2022 ilmoille mahtavat soundit!\",\"datePublished\":\"2022-02-18T14:58:17+00:00\",\"dateModified\":\"2022-09-28T06:34:20+00:00\",\"mainEntityOfPage\":{\"@id\":\"https:\\\/\\\/blogit.gradia.fi\\\/puhallinorkesteri\\\/2022\\\/02\\\/18\\\/maakunnallinen-puhallinorkesteri-kajautti-ilmoille-mahtavat-soundit\\\/\"},\"wordCount\":490,\"commentCount\":0,\"image\":{\"@id\":\"https:\\\/\\\/blogit.gradia.fi\\\/puhallinorkesteri\\\/2022\\\/02\\\/18\\\/maakunnallinen-puhallinorkesteri-kajautti-ilmoille-mahtavat-soundit\\\/#primaryimage\"},\"thumbnailUrl\":\"https:\\\/\\\/blogit.gradia.fi\\\/puhallinorkesteri\\\/wp-content\\\/uploads\\\/sites\\\/267\\\/2022\\\/08\\\/KSL-logo-1024x343.png\",\"inLanguage\":\"fi\",\"potentialAction\":[{\"@type\":\"CommentAction\",\"name\":\"Comment\",\"target\":[\"https:\\\/\\\/blogit.gradia.fi\\\/puhallinorkesteri\\\/2022\\\/02\\\/18\\\/maakunnallinen-puhallinorkesteri-kajautti-ilmoille-mahtavat-soundit\\\/#respond\"]}]},{\"@type\":\"WebPage\",\"@id\":\"https:\\\/\\\/blogit.gradia.fi\\\/puhallinorkesteri\\\/2022\\\/02\\\/18\\\/maakunnallinen-puhallinorkesteri-kajautti-ilmoille-mahtavat-soundit\\\/\",\"url\":\"https:\\\/\\\/blogit.gradia.fi\\\/puhallinorkesteri\\\/2022\\\/02\\\/18\\\/maakunnallinen-puhallinorkesteri-kajautti-ilmoille-mahtavat-soundit\\\/\",\"name\":\"Maakunnallinen puhallinorkesteri kajautti 12.2.2022 ilmoille mahtavat soundit! - Maakunnallista puhallinorkesteritoimintaa taiteen perusopetuksessa\",\"isPartOf\":{\"@id\":\"https:\\\/\\\/blogit.gradia.fi\\\/puhallinorkesteri\\\/#website\"},\"primaryImageOfPage\":{\"@id\":\"https:\\\/\\\/blogit.gradia.fi\\\/puhallinorkesteri\\\/2022\\\/02\\\/18\\\/maakunnallinen-puhallinorkesteri-kajautti-ilmoille-mahtavat-soundit\\\/#primaryimage\"},\"image\":{\"@id\":\"https:\\\/\\\/blogit.gradia.fi\\\/puhallinorkesteri\\\/2022\\\/02\\\/18\\\/maakunnallinen-puhallinorkesteri-kajautti-ilmoille-mahtavat-soundit\\\/#primaryimage\"},\"thumbnailUrl\":\"https:\\\/\\\/blogit.gradia.fi\\\/puhallinorkesteri\\\/wp-content\\\/uploads\\\/sites\\\/267\\\/2022\\\/08\\\/KSL-logo-1024x343.png\",\"datePublished\":\"2022-02-18T14:58:17+00:00\",\"dateModified\":\"2022-09-28T06:34:20+00:00\",\"author\":{\"@id\":\"https:\\\/\\\/blogit.gradia.fi\\\/puhallinorkesteri\\\/#\\\/schema\\\/person\\\/e13b134d48e82e9653cc868c43f32b9b\"},\"breadcrumb\":{\"@id\":\"https:\\\/\\\/blogit.gradia.fi\\\/puhallinorkesteri\\\/2022\\\/02\\\/18\\\/maakunnallinen-puhallinorkesteri-kajautti-ilmoille-mahtavat-soundit\\\/#breadcrumb\"},\"inLanguage\":\"fi\",\"potentialAction\":[{\"@type\":\"ReadAction\",\"target\":[\"https:\\\/\\\/blogit.gradia.fi\\\/puhallinorkesteri\\\/2022\\\/02\\\/18\\\/maakunnallinen-puhallinorkesteri-kajautti-ilmoille-mahtavat-soundit\\\/\"]}]},{\"@type\":\"ImageObject\",\"inLanguage\":\"fi\",\"@id\":\"https:\\\/\\\/blogit.gradia.fi\\\/puhallinorkesteri\\\/2022\\\/02\\\/18\\\/maakunnallinen-puhallinorkesteri-kajautti-ilmoille-mahtavat-soundit\\\/#primaryimage\",\"url\":\"https:\\\/\\\/blogit.gradia.fi\\\/puhallinorkesteri\\\/wp-content\\\/uploads\\\/sites\\\/267\\\/2022\\\/08\\\/KSL-logo.png\",\"contentUrl\":\"https:\\\/\\\/blogit.gradia.fi\\\/puhallinorkesteri\\\/wp-content\\\/uploads\\\/sites\\\/267\\\/2022\\\/08\\\/KSL-logo.png\",\"width\":1422,\"height\":476},{\"@type\":\"BreadcrumbList\",\"@id\":\"https:\\\/\\\/blogit.gradia.fi\\\/puhallinorkesteri\\\/2022\\\/02\\\/18\\\/maakunnallinen-puhallinorkesteri-kajautti-ilmoille-mahtavat-soundit\\\/#breadcrumb\",\"itemListElement\":[{\"@type\":\"ListItem\",\"position\":1,\"name\":\"Etusivu\",\"item\":\"https:\\\/\\\/blogit.gradia.fi\\\/puhallinorkesteri\\\/\"},{\"@type\":\"ListItem\",\"position\":2,\"name\":\"Maakunnallinen puhallinorkesteri kajautti 12.2.2022 ilmoille mahtavat soundit!\"}]},{\"@type\":\"WebSite\",\"@id\":\"https:\\\/\\\/blogit.gradia.fi\\\/puhallinorkesteri\\\/#website\",\"url\":\"https:\\\/\\\/blogit.gradia.fi\\\/puhallinorkesteri\\\/\",\"name\":\"Maakunnallista puhallinorkesteritoimintaa taiteen perusopetuksessa\",\"description\":\"Uusi Gradia-blogit-sivustot -sivusto\",\"potentialAction\":[{\"@type\":\"SearchAction\",\"target\":{\"@type\":\"EntryPoint\",\"urlTemplate\":\"https:\\\/\\\/blogit.gradia.fi\\\/puhallinorkesteri\\\/?s={search_term_string}\"},\"query-input\":{\"@type\":\"PropertyValueSpecification\",\"valueRequired\":true,\"valueName\":\"search_term_string\"}}],\"inLanguage\":\"fi\"},{\"@type\":\"Person\",\"@id\":\"https:\\\/\\\/blogit.gradia.fi\\\/puhallinorkesteri\\\/#\\\/schema\\\/person\\\/e13b134d48e82e9653cc868c43f32b9b\",\"name\":\"Niina Sapattinen\",\"image\":{\"@type\":\"ImageObject\",\"inLanguage\":\"fi\",\"@id\":\"https:\\\/\\\/secure.gravatar.com\\\/avatar\\\/cfe3808d481255b6eeaed93b8a4c7c34e9e376fcfd3f41b0a7ea590c0277f406?s=96&d=mm&r=g\",\"url\":\"https:\\\/\\\/secure.gravatar.com\\\/avatar\\\/cfe3808d481255b6eeaed93b8a4c7c34e9e376fcfd3f41b0a7ea590c0277f406?s=96&d=mm&r=g\",\"contentUrl\":\"https:\\\/\\\/secure.gravatar.com\\\/avatar\\\/cfe3808d481255b6eeaed93b8a4c7c34e9e376fcfd3f41b0a7ea590c0277f406?s=96&d=mm&r=g\",\"caption\":\"Niina Sapattinen\"},\"url\":\"https:\\\/\\\/blogit.gradia.fi\\\/puhallinorkesteri\\\/author\\\/sapatnii\\\/\"}]}<\/script>\n<!-- \/ Yoast SEO plugin. -->","yoast_head_json":{"title":"Maakunnallinen puhallinorkesteri kajautti 12.2.2022 ilmoille mahtavat soundit! - Maakunnallista puhallinorkesteritoimintaa taiteen perusopetuksessa","robots":{"index":"index","follow":"follow","max-snippet":"max-snippet:-1","max-image-preview":"max-image-preview:large","max-video-preview":"max-video-preview:-1"},"canonical":"https:\/\/blogit.gradia.fi\/puhallinorkesteri\/2022\/02\/18\/maakunnallinen-puhallinorkesteri-kajautti-ilmoille-mahtavat-soundit\/","og_locale":"fi_FI","og_type":"article","og_title":"Maakunnallinen puhallinorkesteri kajautti 12.2.2022 ilmoille mahtavat soundit! - Maakunnallista puhallinorkesteritoimintaa taiteen perusopetuksessa","og_description":"Ensimm\u00e4iset maakunnallisten puhallinorkesterien konsertit l\u00e4hestyv\u00e4t huimaa vauhtia. Alkuvuoden ajan jokainen soittaja on harjoitellut esitett\u00e4vi\u00e4 kappaleita oman orkesterinsa ja opettajansa johdolla ja lauantaina 12.2. saimme j\u00e4lleen kokoontua yhteisiin harjoituksiin. Harjoittelimme molempien orkestereiden kanssa sek\u00e4 yhdess\u00e4 ett\u00e4 erikseen stemmaharjoitusten muodossa. Aikataulu oli tiivis, mutta silti ihan jokainen nuorimmistakin soittajista jaksoi keskitty\u00e4 todella hyvin. Opettajia oli mukana ohjaamassa&hellip; Jatka lukemista Maakunnallinen puhallinorkesteri kajautti 12.2.2022 ilmoille mahtavat soundit!","og_url":"https:\/\/blogit.gradia.fi\/puhallinorkesteri\/2022\/02\/18\/maakunnallinen-puhallinorkesteri-kajautti-ilmoille-mahtavat-soundit\/","og_site_name":"Maakunnallista puhallinorkesteritoimintaa taiteen perusopetuksessa","article_published_time":"2022-02-18T14:58:17+00:00","article_modified_time":"2022-09-28T06:34:20+00:00","og_image":[{"url":"https:\/\/blogit.gradia.fi\/puhallinorkesteri\/wp-content\/uploads\/sites\/267\/2022\/08\/KSL-logo-1024x343.png","type":"","width":"","height":""}],"author":"Niina Sapattinen","twitter_card":"summary_large_image","twitter_misc":{"Kirjoittanut":"Niina Sapattinen","Arvioitu lukuaika":"7 minuuttia"},"schema":{"@context":"https:\/\/schema.org","@graph":[{"@type":"Article","@id":"https:\/\/blogit.gradia.fi\/puhallinorkesteri\/2022\/02\/18\/maakunnallinen-puhallinorkesteri-kajautti-ilmoille-mahtavat-soundit\/#article","isPartOf":{"@id":"https:\/\/blogit.gradia.fi\/puhallinorkesteri\/2022\/02\/18\/maakunnallinen-puhallinorkesteri-kajautti-ilmoille-mahtavat-soundit\/"},"author":{"name":"Niina Sapattinen","@id":"https:\/\/blogit.gradia.fi\/puhallinorkesteri\/#\/schema\/person\/e13b134d48e82e9653cc868c43f32b9b"},"headline":"Maakunnallinen puhallinorkesteri kajautti 12.2.2022 ilmoille mahtavat soundit!","datePublished":"2022-02-18T14:58:17+00:00","dateModified":"2022-09-28T06:34:20+00:00","mainEntityOfPage":{"@id":"https:\/\/blogit.gradia.fi\/puhallinorkesteri\/2022\/02\/18\/maakunnallinen-puhallinorkesteri-kajautti-ilmoille-mahtavat-soundit\/"},"wordCount":490,"commentCount":0,"image":{"@id":"https:\/\/blogit.gradia.fi\/puhallinorkesteri\/2022\/02\/18\/maakunnallinen-puhallinorkesteri-kajautti-ilmoille-mahtavat-soundit\/#primaryimage"},"thumbnailUrl":"https:\/\/blogit.gradia.fi\/puhallinorkesteri\/wp-content\/uploads\/sites\/267\/2022\/08\/KSL-logo-1024x343.png","inLanguage":"fi","potentialAction":[{"@type":"CommentAction","name":"Comment","target":["https:\/\/blogit.gradia.fi\/puhallinorkesteri\/2022\/02\/18\/maakunnallinen-puhallinorkesteri-kajautti-ilmoille-mahtavat-soundit\/#respond"]}]},{"@type":"WebPage","@id":"https:\/\/blogit.gradia.fi\/puhallinorkesteri\/2022\/02\/18\/maakunnallinen-puhallinorkesteri-kajautti-ilmoille-mahtavat-soundit\/","url":"https:\/\/blogit.gradia.fi\/puhallinorkesteri\/2022\/02\/18\/maakunnallinen-puhallinorkesteri-kajautti-ilmoille-mahtavat-soundit\/","name":"Maakunnallinen puhallinorkesteri kajautti 12.2.2022 ilmoille mahtavat soundit! - Maakunnallista puhallinorkesteritoimintaa taiteen perusopetuksessa","isPartOf":{"@id":"https:\/\/blogit.gradia.fi\/puhallinorkesteri\/#website"},"primaryImageOfPage":{"@id":"https:\/\/blogit.gradia.fi\/puhallinorkesteri\/2022\/02\/18\/maakunnallinen-puhallinorkesteri-kajautti-ilmoille-mahtavat-soundit\/#primaryimage"},"image":{"@id":"https:\/\/blogit.gradia.fi\/puhallinorkesteri\/2022\/02\/18\/maakunnallinen-puhallinorkesteri-kajautti-ilmoille-mahtavat-soundit\/#primaryimage"},"thumbnailUrl":"https:\/\/blogit.gradia.fi\/puhallinorkesteri\/wp-content\/uploads\/sites\/267\/2022\/08\/KSL-logo-1024x343.png","datePublished":"2022-02-18T14:58:17+00:00","dateModified":"2022-09-28T06:34:20+00:00","author":{"@id":"https:\/\/blogit.gradia.fi\/puhallinorkesteri\/#\/schema\/person\/e13b134d48e82e9653cc868c43f32b9b"},"breadcrumb":{"@id":"https:\/\/blogit.gradia.fi\/puhallinorkesteri\/2022\/02\/18\/maakunnallinen-puhallinorkesteri-kajautti-ilmoille-mahtavat-soundit\/#breadcrumb"},"inLanguage":"fi","potentialAction":[{"@type":"ReadAction","target":["https:\/\/blogit.gradia.fi\/puhallinorkesteri\/2022\/02\/18\/maakunnallinen-puhallinorkesteri-kajautti-ilmoille-mahtavat-soundit\/"]}]},{"@type":"ImageObject","inLanguage":"fi","@id":"https:\/\/blogit.gradia.fi\/puhallinorkesteri\/2022\/02\/18\/maakunnallinen-puhallinorkesteri-kajautti-ilmoille-mahtavat-soundit\/#primaryimage","url":"https:\/\/blogit.gradia.fi\/puhallinorkesteri\/wp-content\/uploads\/sites\/267\/2022\/08\/KSL-logo.png","contentUrl":"https:\/\/blogit.gradia.fi\/puhallinorkesteri\/wp-content\/uploads\/sites\/267\/2022\/08\/KSL-logo.png","width":1422,"height":476},{"@type":"BreadcrumbList","@id":"https:\/\/blogit.gradia.fi\/puhallinorkesteri\/2022\/02\/18\/maakunnallinen-puhallinorkesteri-kajautti-ilmoille-mahtavat-soundit\/#breadcrumb","itemListElement":[{"@type":"ListItem","position":1,"name":"Etusivu","item":"https:\/\/blogit.gradia.fi\/puhallinorkesteri\/"},{"@type":"ListItem","position":2,"name":"Maakunnallinen puhallinorkesteri kajautti 12.2.2022 ilmoille mahtavat soundit!"}]},{"@type":"WebSite","@id":"https:\/\/blogit.gradia.fi\/puhallinorkesteri\/#website","url":"https:\/\/blogit.gradia.fi\/puhallinorkesteri\/","name":"Maakunnallista puhallinorkesteritoimintaa taiteen perusopetuksessa","description":"Uusi Gradia-blogit-sivustot -sivusto","potentialAction":[{"@type":"SearchAction","target":{"@type":"EntryPoint","urlTemplate":"https:\/\/blogit.gradia.fi\/puhallinorkesteri\/?s={search_term_string}"},"query-input":{"@type":"PropertyValueSpecification","valueRequired":true,"valueName":"search_term_string"}}],"inLanguage":"fi"},{"@type":"Person","@id":"https:\/\/blogit.gradia.fi\/puhallinorkesteri\/#\/schema\/person\/e13b134d48e82e9653cc868c43f32b9b","name":"Niina Sapattinen","image":{"@type":"ImageObject","inLanguage":"fi","@id":"https:\/\/secure.gravatar.com\/avatar\/cfe3808d481255b6eeaed93b8a4c7c34e9e376fcfd3f41b0a7ea590c0277f406?s=96&d=mm&r=g","url":"https:\/\/secure.gravatar.com\/avatar\/cfe3808d481255b6eeaed93b8a4c7c34e9e376fcfd3f41b0a7ea590c0277f406?s=96&d=mm&r=g","contentUrl":"https:\/\/secure.gravatar.com\/avatar\/cfe3808d481255b6eeaed93b8a4c7c34e9e376fcfd3f41b0a7ea590c0277f406?s=96&d=mm&r=g","caption":"Niina Sapattinen"},"url":"https:\/\/blogit.gradia.fi\/puhallinorkesteri\/author\/sapatnii\/"}]}},"uagb_featured_image_src":{"full":false,"thumbnail":false,"medium":false,"medium_large":false,"large":false,"1536x1536":false,"2048x2048":false,"post-thumbnail":false},"uagb_author_info":{"display_name":"Niina Sapattinen","author_link":"https:\/\/blogit.gradia.fi\/puhallinorkesteri\/author\/sapatnii\/"},"uagb_comment_info":0,"uagb_excerpt":"Ensimm\u00e4iset maakunnallisten puhallinorkesterien konsertit l\u00e4hestyv\u00e4t huimaa vauhtia. Alkuvuoden ajan jokainen soittaja on harjoitellut esitett\u00e4vi\u00e4 kappaleita oman orkesterinsa ja opettajansa johdolla ja lauantaina 12.2. saimme j\u00e4lleen kokoontua yhteisiin harjoituksiin. Harjoittelimme molempien orkestereiden kanssa sek\u00e4 yhdess\u00e4 ett\u00e4 erikseen stemmaharjoitusten muodossa. Aikataulu oli tiivis, mutta silti ihan jokainen nuorimmistakin soittajista jaksoi keskitty\u00e4 todella hyvin. Opettajia oli mukana ohjaamassa&hellip;&hellip;","_links":{"self":[{"href":"https:\/\/blogit.gradia.fi\/puhallinorkesteri\/wp-json\/wp\/v2\/posts\/97","targetHints":{"allow":["GET"]}}],"collection":[{"href":"https:\/\/blogit.gradia.fi\/puhallinorkesteri\/wp-json\/wp\/v2\/posts"}],"about":[{"href":"https:\/\/blogit.gradia.fi\/puhallinorkesteri\/wp-json\/wp\/v2\/types\/post"}],"author":[{"embeddable":true,"href":"https:\/\/blogit.gradia.fi\/puhallinorkesteri\/wp-json\/wp\/v2\/users\/805"}],"replies":[{"embeddable":true,"href":"https:\/\/blogit.gradia.fi\/puhallinorkesteri\/wp-json\/wp\/v2\/comments?post=97"}],"version-history":[{"count":14,"href":"https:\/\/blogit.gradia.fi\/puhallinorkesteri\/wp-json\/wp\/v2\/posts\/97\/revisions"}],"predecessor-version":[{"id":311,"href":"https:\/\/blogit.gradia.fi\/puhallinorkesteri\/wp-json\/wp\/v2\/posts\/97\/revisions\/311"}],"wp:attachment":[{"href":"https:\/\/blogit.gradia.fi\/puhallinorkesteri\/wp-json\/wp\/v2\/media?parent=97"}],"wp:term":[{"taxonomy":"category","embeddable":true,"href":"https:\/\/blogit.gradia.fi\/puhallinorkesteri\/wp-json\/wp\/v2\/categories?post=97"},{"taxonomy":"post_tag","embeddable":true,"href":"https:\/\/blogit.gradia.fi\/puhallinorkesteri\/wp-json\/wp\/v2\/tags?post=97"}],"curies":[{"name":"wp","href":"https:\/\/api.w.org\/{rel}","templated":true}]}}