{"id":93,"date":"2022-01-21T17:56:11","date_gmt":"2022-01-21T15:56:11","guid":{"rendered":"https:\/\/blogit.gradia.fi\/puhallinorkesteri\/?p=93"},"modified":"2022-09-28T09:37:38","modified_gmt":"2022-09-28T06:37:38","slug":"uuden-vuoden-puhallukset","status":"publish","type":"post","link":"https:\/\/blogit.gradia.fi\/puhallinorkesteri\/2022\/01\/21\/uuden-vuoden-puhallukset\/","title":{"rendered":"Uuden vuoden puhallukset"},"content":{"rendered":"\n<figure class=\"wp-block-image size-large\"><img loading=\"lazy\" decoding=\"async\" width=\"1024\" height=\"343\" src=\"https:\/\/blogit.gradia.fi\/puhallinorkesteri\/wp-content\/uploads\/sites\/267\/2022\/08\/KSL-logo-1024x343.png\" alt=\"\" class=\"wp-image-295\" srcset=\"https:\/\/blogit.gradia.fi\/puhallinorkesteri\/wp-content\/uploads\/sites\/267\/2022\/08\/KSL-logo-1024x343.png 1024w, https:\/\/blogit.gradia.fi\/puhallinorkesteri\/wp-content\/uploads\/sites\/267\/2022\/08\/KSL-logo-300x100.png 300w, https:\/\/blogit.gradia.fi\/puhallinorkesteri\/wp-content\/uploads\/sites\/267\/2022\/08\/KSL-logo-768x257.png 768w, https:\/\/blogit.gradia.fi\/puhallinorkesteri\/wp-content\/uploads\/sites\/267\/2022\/08\/KSL-logo.png 1422w\" sizes=\"auto, (max-width: 1024px) 100vw, 1024px\" \/><\/figure>\n\n\n\n<p>Vuosi 2022 alkoi hankkeen osalta rauhallisissa merkeiss\u00e4, mutta pian p\u00e4\u00e4semme j\u00e4lleen tositoimiin. Hankkeessa mukana olevat soittajat saivat joulul\u00e4ksyiksi kuunnella kaikkia konserteissa esitett\u00e4vi\u00e4 kappaleita nettilinkkien kautta, jotta ne pysyisiv\u00e4t hyvin mieless\u00e4 my\u00f6s joulutauon aikana. <\/p>\n\n\n\n<p>Konserttien mainostaminen on my\u00f6s jo aloitettu. Konserteista kerrotaan tarkemmin esim. Puhallinp\u00e4ivien virallisella <a href=\"https:\/\/app.puhapp.fi\/\" target=\"_blank\" rel=\"noreferrer noopener\">puhapp.fi<\/a> -sivustolla, josta l\u00f6ytyy jo lis\u00e4tietoja konserteista. <\/p>\n\n\n\n<p>Konserteissa seikkailevat mm. Mesik\u00e4mmen, Iloinen mets\u00e4mies, Valssaava valas ja Konstaapeli Hantti-Fantti. He saapuvat laivalla myrsky\u00e4v\u00e4n meren l\u00e4pi Chicagon Navy Pieriin, josta vaeltavat l\u00e4pi auringon ja sateen kohti Karhulinnaa. Taitaapa osa heist\u00e4 eksy\u00e4 Ruotsin V\u00e4rmlantiin, jossa voi kohdata mm. Suutarin em\u00e4nn\u00e4n. Tulethan sin\u00e4kin kuuntelemaan t\u00e4t\u00e4 h\u00e4ik\u00e4isev\u00e4\u00e4, fantastista kokonaisuutta, jota urheat orkkamme ovat harjoitelleet elokuusta 2021 saakka. <\/p>\n\n\n\n<p class=\"has-text-align-center\"><strong>Alkeispuhallinorkesteri Vire ja maakunnan soittajat<\/strong> <\/p>\n\n\n\n<p>su 20.3.2022 klo 13 Hannikaisalissa (Pitk\u00e4katu 18-22, Jyv\u00e4skyl\u00e4)<\/p>\n\n\n\n<p class=\"has-text-align-center\"><strong>Puhallinorkesteri Puhuri ja maakunnan soittajat <\/strong><\/p>\n\n\n\n<p>pe 18.3. klo 18 Hannikaissalissa  (Pitk\u00e4katu 18-22, Jyv\u00e4skyl\u00e4) <\/p>\n\n\n\n<p class=\"has-text-align-center\"> <img loading=\"lazy\" decoding=\"async\" width=\"312\" height=\"442\" class=\"wp-image-94\" style=\"width: 150px\" src=\"https:\/\/blogit.gradia.fi\/puhallinorkesteri\/wp-content\/uploads\/sites\/267\/2022\/01\/Kuva1.jpg\" alt=\"\" srcset=\"https:\/\/blogit.gradia.fi\/puhallinorkesteri\/wp-content\/uploads\/sites\/267\/2022\/01\/Kuva1.jpg 312w, https:\/\/blogit.gradia.fi\/puhallinorkesteri\/wp-content\/uploads\/sites\/267\/2022\/01\/Kuva1-212x300.jpg 212w\" sizes=\"auto, (max-width: 312px) 100vw, 312px\" \/><\/p>\n","protected":false},"excerpt":{"rendered":"<p>Vuosi 2022 alkoi hankkeen osalta rauhallisissa merkeiss\u00e4, mutta pian p\u00e4\u00e4semme j\u00e4lleen tositoimiin. Hankkeessa mukana olevat soittajat saivat joulul\u00e4ksyiksi kuunnella kaikkia konserteissa esitett\u00e4vi\u00e4 kappaleita nettilinkkien kautta, jotta ne pysyisiv\u00e4t hyvin mieless\u00e4 my\u00f6s joulutauon aikana. Konserttien mainostaminen on my\u00f6s jo aloitettu. Konserteista kerrotaan tarkemmin esim. Puhallinp\u00e4ivien virallisella puhapp.fi -sivustolla, josta l\u00f6ytyy jo lis\u00e4tietoja konserteista. Konserteissa seikkailevat mm.&hellip; <a class=\"more-link\" href=\"https:\/\/blogit.gradia.fi\/puhallinorkesteri\/2022\/01\/21\/uuden-vuoden-puhallukset\/\">Jatka lukemista <span class=\"screen-reader-text\">Uuden vuoden puhallukset<\/span><\/a><\/p>\n","protected":false},"author":805,"featured_media":0,"comment_status":"open","ping_status":"open","sticky":false,"template":"","format":"standard","meta":{"_uag_custom_page_level_css":"","footnotes":""},"categories":[1],"tags":[],"class_list":["post-93","post","type-post","status-publish","format-standard","hentry","category-yleinen","entry"],"yoast_head":"<!-- This site is optimized with the Yoast SEO plugin v27.5 - https:\/\/yoast.com\/product\/yoast-seo-wordpress\/ -->\n<title>Uuden vuoden puhallukset - Maakunnallista puhallinorkesteritoimintaa taiteen perusopetuksessa<\/title>\n<meta name=\"robots\" content=\"index, follow, max-snippet:-1, max-image-preview:large, max-video-preview:-1\" \/>\n<link rel=\"canonical\" href=\"https:\/\/blogit.gradia.fi\/puhallinorkesteri\/2022\/01\/21\/uuden-vuoden-puhallukset\/\" \/>\n<meta property=\"og:locale\" content=\"fi_FI\" \/>\n<meta property=\"og:type\" content=\"article\" \/>\n<meta property=\"og:title\" content=\"Uuden vuoden puhallukset - Maakunnallista puhallinorkesteritoimintaa taiteen perusopetuksessa\" \/>\n<meta property=\"og:description\" content=\"Vuosi 2022 alkoi hankkeen osalta rauhallisissa merkeiss\u00e4, mutta pian p\u00e4\u00e4semme j\u00e4lleen tositoimiin. Hankkeessa mukana olevat soittajat saivat joulul\u00e4ksyiksi kuunnella kaikkia konserteissa esitett\u00e4vi\u00e4 kappaleita nettilinkkien kautta, jotta ne pysyisiv\u00e4t hyvin mieless\u00e4 my\u00f6s joulutauon aikana. Konserttien mainostaminen on my\u00f6s jo aloitettu. Konserteista kerrotaan tarkemmin esim. Puhallinp\u00e4ivien virallisella puhapp.fi -sivustolla, josta l\u00f6ytyy jo lis\u00e4tietoja konserteista. Konserteissa seikkailevat mm.&hellip; Jatka lukemista Uuden vuoden puhallukset\" \/>\n<meta property=\"og:url\" content=\"https:\/\/blogit.gradia.fi\/puhallinorkesteri\/2022\/01\/21\/uuden-vuoden-puhallukset\/\" \/>\n<meta property=\"og:site_name\" content=\"Maakunnallista puhallinorkesteritoimintaa taiteen perusopetuksessa\" \/>\n<meta property=\"article:published_time\" content=\"2022-01-21T15:56:11+00:00\" \/>\n<meta property=\"article:modified_time\" content=\"2022-09-28T06:37:38+00:00\" \/>\n<meta property=\"og:image\" content=\"https:\/\/blogit.gradia.fi\/puhallinorkesteri\/wp-content\/uploads\/sites\/267\/2022\/08\/KSL-logo-1024x343.png\" \/>\n<meta name=\"author\" content=\"Niina Sapattinen\" \/>\n<meta name=\"twitter:card\" content=\"summary_large_image\" \/>\n<meta name=\"twitter:label1\" content=\"Kirjoittanut\" \/>\n\t<meta name=\"twitter:data1\" content=\"Niina Sapattinen\" \/>\n\t<meta name=\"twitter:label2\" content=\"Arvioitu lukuaika\" \/>\n\t<meta name=\"twitter:data2\" content=\"2 minuuttia\" \/>\n<script type=\"application\/ld+json\" class=\"yoast-schema-graph\">{\"@context\":\"https:\\\/\\\/schema.org\",\"@graph\":[{\"@type\":\"Article\",\"@id\":\"https:\\\/\\\/blogit.gradia.fi\\\/puhallinorkesteri\\\/2022\\\/01\\\/21\\\/uuden-vuoden-puhallukset\\\/#article\",\"isPartOf\":{\"@id\":\"https:\\\/\\\/blogit.gradia.fi\\\/puhallinorkesteri\\\/2022\\\/01\\\/21\\\/uuden-vuoden-puhallukset\\\/\"},\"author\":{\"name\":\"Niina Sapattinen\",\"@id\":\"https:\\\/\\\/blogit.gradia.fi\\\/puhallinorkesteri\\\/#\\\/schema\\\/person\\\/e13b134d48e82e9653cc868c43f32b9b\"},\"headline\":\"Uuden vuoden puhallukset\",\"datePublished\":\"2022-01-21T15:56:11+00:00\",\"dateModified\":\"2022-09-28T06:37:38+00:00\",\"mainEntityOfPage\":{\"@id\":\"https:\\\/\\\/blogit.gradia.fi\\\/puhallinorkesteri\\\/2022\\\/01\\\/21\\\/uuden-vuoden-puhallukset\\\/\"},\"wordCount\":158,\"commentCount\":0,\"image\":{\"@id\":\"https:\\\/\\\/blogit.gradia.fi\\\/puhallinorkesteri\\\/2022\\\/01\\\/21\\\/uuden-vuoden-puhallukset\\\/#primaryimage\"},\"thumbnailUrl\":\"https:\\\/\\\/blogit.gradia.fi\\\/puhallinorkesteri\\\/wp-content\\\/uploads\\\/sites\\\/267\\\/2022\\\/08\\\/KSL-logo-1024x343.png\",\"inLanguage\":\"fi\",\"potentialAction\":[{\"@type\":\"CommentAction\",\"name\":\"Comment\",\"target\":[\"https:\\\/\\\/blogit.gradia.fi\\\/puhallinorkesteri\\\/2022\\\/01\\\/21\\\/uuden-vuoden-puhallukset\\\/#respond\"]}]},{\"@type\":\"WebPage\",\"@id\":\"https:\\\/\\\/blogit.gradia.fi\\\/puhallinorkesteri\\\/2022\\\/01\\\/21\\\/uuden-vuoden-puhallukset\\\/\",\"url\":\"https:\\\/\\\/blogit.gradia.fi\\\/puhallinorkesteri\\\/2022\\\/01\\\/21\\\/uuden-vuoden-puhallukset\\\/\",\"name\":\"Uuden vuoden puhallukset - Maakunnallista puhallinorkesteritoimintaa taiteen perusopetuksessa\",\"isPartOf\":{\"@id\":\"https:\\\/\\\/blogit.gradia.fi\\\/puhallinorkesteri\\\/#website\"},\"primaryImageOfPage\":{\"@id\":\"https:\\\/\\\/blogit.gradia.fi\\\/puhallinorkesteri\\\/2022\\\/01\\\/21\\\/uuden-vuoden-puhallukset\\\/#primaryimage\"},\"image\":{\"@id\":\"https:\\\/\\\/blogit.gradia.fi\\\/puhallinorkesteri\\\/2022\\\/01\\\/21\\\/uuden-vuoden-puhallukset\\\/#primaryimage\"},\"thumbnailUrl\":\"https:\\\/\\\/blogit.gradia.fi\\\/puhallinorkesteri\\\/wp-content\\\/uploads\\\/sites\\\/267\\\/2022\\\/08\\\/KSL-logo-1024x343.png\",\"datePublished\":\"2022-01-21T15:56:11+00:00\",\"dateModified\":\"2022-09-28T06:37:38+00:00\",\"author\":{\"@id\":\"https:\\\/\\\/blogit.gradia.fi\\\/puhallinorkesteri\\\/#\\\/schema\\\/person\\\/e13b134d48e82e9653cc868c43f32b9b\"},\"breadcrumb\":{\"@id\":\"https:\\\/\\\/blogit.gradia.fi\\\/puhallinorkesteri\\\/2022\\\/01\\\/21\\\/uuden-vuoden-puhallukset\\\/#breadcrumb\"},\"inLanguage\":\"fi\",\"potentialAction\":[{\"@type\":\"ReadAction\",\"target\":[\"https:\\\/\\\/blogit.gradia.fi\\\/puhallinorkesteri\\\/2022\\\/01\\\/21\\\/uuden-vuoden-puhallukset\\\/\"]}]},{\"@type\":\"ImageObject\",\"inLanguage\":\"fi\",\"@id\":\"https:\\\/\\\/blogit.gradia.fi\\\/puhallinorkesteri\\\/2022\\\/01\\\/21\\\/uuden-vuoden-puhallukset\\\/#primaryimage\",\"url\":\"https:\\\/\\\/blogit.gradia.fi\\\/puhallinorkesteri\\\/wp-content\\\/uploads\\\/sites\\\/267\\\/2022\\\/08\\\/KSL-logo.png\",\"contentUrl\":\"https:\\\/\\\/blogit.gradia.fi\\\/puhallinorkesteri\\\/wp-content\\\/uploads\\\/sites\\\/267\\\/2022\\\/08\\\/KSL-logo.png\",\"width\":1422,\"height\":476},{\"@type\":\"BreadcrumbList\",\"@id\":\"https:\\\/\\\/blogit.gradia.fi\\\/puhallinorkesteri\\\/2022\\\/01\\\/21\\\/uuden-vuoden-puhallukset\\\/#breadcrumb\",\"itemListElement\":[{\"@type\":\"ListItem\",\"position\":1,\"name\":\"Etusivu\",\"item\":\"https:\\\/\\\/blogit.gradia.fi\\\/puhallinorkesteri\\\/\"},{\"@type\":\"ListItem\",\"position\":2,\"name\":\"Uuden vuoden puhallukset\"}]},{\"@type\":\"WebSite\",\"@id\":\"https:\\\/\\\/blogit.gradia.fi\\\/puhallinorkesteri\\\/#website\",\"url\":\"https:\\\/\\\/blogit.gradia.fi\\\/puhallinorkesteri\\\/\",\"name\":\"Maakunnallista puhallinorkesteritoimintaa taiteen perusopetuksessa\",\"description\":\"Uusi Gradia-blogit-sivustot -sivusto\",\"potentialAction\":[{\"@type\":\"SearchAction\",\"target\":{\"@type\":\"EntryPoint\",\"urlTemplate\":\"https:\\\/\\\/blogit.gradia.fi\\\/puhallinorkesteri\\\/?s={search_term_string}\"},\"query-input\":{\"@type\":\"PropertyValueSpecification\",\"valueRequired\":true,\"valueName\":\"search_term_string\"}}],\"inLanguage\":\"fi\"},{\"@type\":\"Person\",\"@id\":\"https:\\\/\\\/blogit.gradia.fi\\\/puhallinorkesteri\\\/#\\\/schema\\\/person\\\/e13b134d48e82e9653cc868c43f32b9b\",\"name\":\"Niina Sapattinen\",\"image\":{\"@type\":\"ImageObject\",\"inLanguage\":\"fi\",\"@id\":\"https:\\\/\\\/secure.gravatar.com\\\/avatar\\\/cfe3808d481255b6eeaed93b8a4c7c34e9e376fcfd3f41b0a7ea590c0277f406?s=96&d=mm&r=g\",\"url\":\"https:\\\/\\\/secure.gravatar.com\\\/avatar\\\/cfe3808d481255b6eeaed93b8a4c7c34e9e376fcfd3f41b0a7ea590c0277f406?s=96&d=mm&r=g\",\"contentUrl\":\"https:\\\/\\\/secure.gravatar.com\\\/avatar\\\/cfe3808d481255b6eeaed93b8a4c7c34e9e376fcfd3f41b0a7ea590c0277f406?s=96&d=mm&r=g\",\"caption\":\"Niina Sapattinen\"},\"url\":\"https:\\\/\\\/blogit.gradia.fi\\\/puhallinorkesteri\\\/author\\\/sapatnii\\\/\"}]}<\/script>\n<!-- \/ Yoast SEO plugin. -->","yoast_head_json":{"title":"Uuden vuoden puhallukset - Maakunnallista puhallinorkesteritoimintaa taiteen perusopetuksessa","robots":{"index":"index","follow":"follow","max-snippet":"max-snippet:-1","max-image-preview":"max-image-preview:large","max-video-preview":"max-video-preview:-1"},"canonical":"https:\/\/blogit.gradia.fi\/puhallinorkesteri\/2022\/01\/21\/uuden-vuoden-puhallukset\/","og_locale":"fi_FI","og_type":"article","og_title":"Uuden vuoden puhallukset - Maakunnallista puhallinorkesteritoimintaa taiteen perusopetuksessa","og_description":"Vuosi 2022 alkoi hankkeen osalta rauhallisissa merkeiss\u00e4, mutta pian p\u00e4\u00e4semme j\u00e4lleen tositoimiin. Hankkeessa mukana olevat soittajat saivat joulul\u00e4ksyiksi kuunnella kaikkia konserteissa esitett\u00e4vi\u00e4 kappaleita nettilinkkien kautta, jotta ne pysyisiv\u00e4t hyvin mieless\u00e4 my\u00f6s joulutauon aikana. Konserttien mainostaminen on my\u00f6s jo aloitettu. Konserteista kerrotaan tarkemmin esim. Puhallinp\u00e4ivien virallisella puhapp.fi -sivustolla, josta l\u00f6ytyy jo lis\u00e4tietoja konserteista. Konserteissa seikkailevat mm.&hellip; Jatka lukemista Uuden vuoden puhallukset","og_url":"https:\/\/blogit.gradia.fi\/puhallinorkesteri\/2022\/01\/21\/uuden-vuoden-puhallukset\/","og_site_name":"Maakunnallista puhallinorkesteritoimintaa taiteen perusopetuksessa","article_published_time":"2022-01-21T15:56:11+00:00","article_modified_time":"2022-09-28T06:37:38+00:00","og_image":[{"url":"https:\/\/blogit.gradia.fi\/puhallinorkesteri\/wp-content\/uploads\/sites\/267\/2022\/08\/KSL-logo-1024x343.png","type":"","width":"","height":""}],"author":"Niina Sapattinen","twitter_card":"summary_large_image","twitter_misc":{"Kirjoittanut":"Niina Sapattinen","Arvioitu lukuaika":"2 minuuttia"},"schema":{"@context":"https:\/\/schema.org","@graph":[{"@type":"Article","@id":"https:\/\/blogit.gradia.fi\/puhallinorkesteri\/2022\/01\/21\/uuden-vuoden-puhallukset\/#article","isPartOf":{"@id":"https:\/\/blogit.gradia.fi\/puhallinorkesteri\/2022\/01\/21\/uuden-vuoden-puhallukset\/"},"author":{"name":"Niina Sapattinen","@id":"https:\/\/blogit.gradia.fi\/puhallinorkesteri\/#\/schema\/person\/e13b134d48e82e9653cc868c43f32b9b"},"headline":"Uuden vuoden puhallukset","datePublished":"2022-01-21T15:56:11+00:00","dateModified":"2022-09-28T06:37:38+00:00","mainEntityOfPage":{"@id":"https:\/\/blogit.gradia.fi\/puhallinorkesteri\/2022\/01\/21\/uuden-vuoden-puhallukset\/"},"wordCount":158,"commentCount":0,"image":{"@id":"https:\/\/blogit.gradia.fi\/puhallinorkesteri\/2022\/01\/21\/uuden-vuoden-puhallukset\/#primaryimage"},"thumbnailUrl":"https:\/\/blogit.gradia.fi\/puhallinorkesteri\/wp-content\/uploads\/sites\/267\/2022\/08\/KSL-logo-1024x343.png","inLanguage":"fi","potentialAction":[{"@type":"CommentAction","name":"Comment","target":["https:\/\/blogit.gradia.fi\/puhallinorkesteri\/2022\/01\/21\/uuden-vuoden-puhallukset\/#respond"]}]},{"@type":"WebPage","@id":"https:\/\/blogit.gradia.fi\/puhallinorkesteri\/2022\/01\/21\/uuden-vuoden-puhallukset\/","url":"https:\/\/blogit.gradia.fi\/puhallinorkesteri\/2022\/01\/21\/uuden-vuoden-puhallukset\/","name":"Uuden vuoden puhallukset - Maakunnallista puhallinorkesteritoimintaa taiteen perusopetuksessa","isPartOf":{"@id":"https:\/\/blogit.gradia.fi\/puhallinorkesteri\/#website"},"primaryImageOfPage":{"@id":"https:\/\/blogit.gradia.fi\/puhallinorkesteri\/2022\/01\/21\/uuden-vuoden-puhallukset\/#primaryimage"},"image":{"@id":"https:\/\/blogit.gradia.fi\/puhallinorkesteri\/2022\/01\/21\/uuden-vuoden-puhallukset\/#primaryimage"},"thumbnailUrl":"https:\/\/blogit.gradia.fi\/puhallinorkesteri\/wp-content\/uploads\/sites\/267\/2022\/08\/KSL-logo-1024x343.png","datePublished":"2022-01-21T15:56:11+00:00","dateModified":"2022-09-28T06:37:38+00:00","author":{"@id":"https:\/\/blogit.gradia.fi\/puhallinorkesteri\/#\/schema\/person\/e13b134d48e82e9653cc868c43f32b9b"},"breadcrumb":{"@id":"https:\/\/blogit.gradia.fi\/puhallinorkesteri\/2022\/01\/21\/uuden-vuoden-puhallukset\/#breadcrumb"},"inLanguage":"fi","potentialAction":[{"@type":"ReadAction","target":["https:\/\/blogit.gradia.fi\/puhallinorkesteri\/2022\/01\/21\/uuden-vuoden-puhallukset\/"]}]},{"@type":"ImageObject","inLanguage":"fi","@id":"https:\/\/blogit.gradia.fi\/puhallinorkesteri\/2022\/01\/21\/uuden-vuoden-puhallukset\/#primaryimage","url":"https:\/\/blogit.gradia.fi\/puhallinorkesteri\/wp-content\/uploads\/sites\/267\/2022\/08\/KSL-logo.png","contentUrl":"https:\/\/blogit.gradia.fi\/puhallinorkesteri\/wp-content\/uploads\/sites\/267\/2022\/08\/KSL-logo.png","width":1422,"height":476},{"@type":"BreadcrumbList","@id":"https:\/\/blogit.gradia.fi\/puhallinorkesteri\/2022\/01\/21\/uuden-vuoden-puhallukset\/#breadcrumb","itemListElement":[{"@type":"ListItem","position":1,"name":"Etusivu","item":"https:\/\/blogit.gradia.fi\/puhallinorkesteri\/"},{"@type":"ListItem","position":2,"name":"Uuden vuoden puhallukset"}]},{"@type":"WebSite","@id":"https:\/\/blogit.gradia.fi\/puhallinorkesteri\/#website","url":"https:\/\/blogit.gradia.fi\/puhallinorkesteri\/","name":"Maakunnallista puhallinorkesteritoimintaa taiteen perusopetuksessa","description":"Uusi Gradia-blogit-sivustot -sivusto","potentialAction":[{"@type":"SearchAction","target":{"@type":"EntryPoint","urlTemplate":"https:\/\/blogit.gradia.fi\/puhallinorkesteri\/?s={search_term_string}"},"query-input":{"@type":"PropertyValueSpecification","valueRequired":true,"valueName":"search_term_string"}}],"inLanguage":"fi"},{"@type":"Person","@id":"https:\/\/blogit.gradia.fi\/puhallinorkesteri\/#\/schema\/person\/e13b134d48e82e9653cc868c43f32b9b","name":"Niina Sapattinen","image":{"@type":"ImageObject","inLanguage":"fi","@id":"https:\/\/secure.gravatar.com\/avatar\/cfe3808d481255b6eeaed93b8a4c7c34e9e376fcfd3f41b0a7ea590c0277f406?s=96&d=mm&r=g","url":"https:\/\/secure.gravatar.com\/avatar\/cfe3808d481255b6eeaed93b8a4c7c34e9e376fcfd3f41b0a7ea590c0277f406?s=96&d=mm&r=g","contentUrl":"https:\/\/secure.gravatar.com\/avatar\/cfe3808d481255b6eeaed93b8a4c7c34e9e376fcfd3f41b0a7ea590c0277f406?s=96&d=mm&r=g","caption":"Niina Sapattinen"},"url":"https:\/\/blogit.gradia.fi\/puhallinorkesteri\/author\/sapatnii\/"}]}},"uagb_featured_image_src":{"full":false,"thumbnail":false,"medium":false,"medium_large":false,"large":false,"1536x1536":false,"2048x2048":false,"post-thumbnail":false},"uagb_author_info":{"display_name":"Niina Sapattinen","author_link":"https:\/\/blogit.gradia.fi\/puhallinorkesteri\/author\/sapatnii\/"},"uagb_comment_info":0,"uagb_excerpt":"Vuosi 2022 alkoi hankkeen osalta rauhallisissa merkeiss\u00e4, mutta pian p\u00e4\u00e4semme j\u00e4lleen tositoimiin. Hankkeessa mukana olevat soittajat saivat joulul\u00e4ksyiksi kuunnella kaikkia konserteissa esitett\u00e4vi\u00e4 kappaleita nettilinkkien kautta, jotta ne pysyisiv\u00e4t hyvin mieless\u00e4 my\u00f6s joulutauon aikana. Konserttien mainostaminen on my\u00f6s jo aloitettu. Konserteista kerrotaan tarkemmin esim. Puhallinp\u00e4ivien virallisella puhapp.fi -sivustolla, josta l\u00f6ytyy jo lis\u00e4tietoja konserteista. Konserteissa seikkailevat mm.&hellip;&hellip;","_links":{"self":[{"href":"https:\/\/blogit.gradia.fi\/puhallinorkesteri\/wp-json\/wp\/v2\/posts\/93","targetHints":{"allow":["GET"]}}],"collection":[{"href":"https:\/\/blogit.gradia.fi\/puhallinorkesteri\/wp-json\/wp\/v2\/posts"}],"about":[{"href":"https:\/\/blogit.gradia.fi\/puhallinorkesteri\/wp-json\/wp\/v2\/types\/post"}],"author":[{"embeddable":true,"href":"https:\/\/blogit.gradia.fi\/puhallinorkesteri\/wp-json\/wp\/v2\/users\/805"}],"replies":[{"embeddable":true,"href":"https:\/\/blogit.gradia.fi\/puhallinorkesteri\/wp-json\/wp\/v2\/comments?post=93"}],"version-history":[{"count":4,"href":"https:\/\/blogit.gradia.fi\/puhallinorkesteri\/wp-json\/wp\/v2\/posts\/93\/revisions"}],"predecessor-version":[{"id":314,"href":"https:\/\/blogit.gradia.fi\/puhallinorkesteri\/wp-json\/wp\/v2\/posts\/93\/revisions\/314"}],"wp:attachment":[{"href":"https:\/\/blogit.gradia.fi\/puhallinorkesteri\/wp-json\/wp\/v2\/media?parent=93"}],"wp:term":[{"taxonomy":"category","embeddable":true,"href":"https:\/\/blogit.gradia.fi\/puhallinorkesteri\/wp-json\/wp\/v2\/categories?post=93"},{"taxonomy":"post_tag","embeddable":true,"href":"https:\/\/blogit.gradia.fi\/puhallinorkesteri\/wp-json\/wp\/v2\/tags?post=93"}],"curies":[{"name":"wp","href":"https:\/\/api.w.org\/{rel}","templated":true}]}}