{"id":73,"date":"2021-11-23T15:02:13","date_gmt":"2021-11-23T13:02:13","guid":{"rendered":"https:\/\/blogit.gradia.fi\/puhallinorkesteri\/?p=73"},"modified":"2022-09-28T09:35:17","modified_gmt":"2022-09-28T06:35:17","slug":"hankkeen-esittelya-lehdissa-ja-tilaisuuksissa","status":"publish","type":"post","link":"https:\/\/blogit.gradia.fi\/puhallinorkesteri\/2021\/11\/23\/hankkeen-esittelya-lehdissa-ja-tilaisuuksissa\/","title":{"rendered":"Hankkeen esittely\u00e4 lehdiss\u00e4 ja tilaisuuksissa"},"content":{"rendered":"\n<figure class=\"wp-block-image size-large\"><img loading=\"lazy\" decoding=\"async\" width=\"1024\" height=\"343\" src=\"https:\/\/blogit.gradia.fi\/puhallinorkesteri\/wp-content\/uploads\/sites\/267\/2022\/08\/KSL-logo-1024x343.png\" alt=\"\" class=\"wp-image-295\" srcset=\"https:\/\/blogit.gradia.fi\/puhallinorkesteri\/wp-content\/uploads\/sites\/267\/2022\/08\/KSL-logo-1024x343.png 1024w, https:\/\/blogit.gradia.fi\/puhallinorkesteri\/wp-content\/uploads\/sites\/267\/2022\/08\/KSL-logo-300x100.png 300w, https:\/\/blogit.gradia.fi\/puhallinorkesteri\/wp-content\/uploads\/sites\/267\/2022\/08\/KSL-logo-768x257.png 768w, https:\/\/blogit.gradia.fi\/puhallinorkesteri\/wp-content\/uploads\/sites\/267\/2022\/08\/KSL-logo.png 1422w\" sizes=\"auto, (max-width: 1024px) 100vw, 1024px\" \/><\/figure>\n\n\n\n<p>Hanke on saanut n\u00e4kyvyytt\u00e4 t\u00e4ll\u00e4 viikolla runsaasti. Hankkeesta on juttu uusimmassa Puhallinorkesteri-lehdess\u00e4, joka l\u00f6ytyy <a href=\"https:\/\/spolli.com\/sites\/default\/files\/pdflehdet\/SPOL_lehti_04_2021.pdf\" target=\"_blank\" rel=\"noreferrer noopener\">t\u00e4\u00e4lt\u00e4.<\/a> Lehti ilmestyi 22.11.2021.<\/p>\n\n\n\n<p>23.11.2021 sain kunnian esitell\u00e4 hanketta Suomalaisen Musiikkikampuksen 20-vuotisjuhlassa.<\/p>\n\n\n\n<p><\/p>\n\n\n\n<figure class=\"wp-block-image size-large\"><img loading=\"lazy\" decoding=\"async\" width=\"721\" height=\"1024\" src=\"https:\/\/blogit.gradia.fi\/puhallinorkesteri\/wp-content\/uploads\/sites\/267\/2021\/11\/Nayttokuva-153-721x1024.png\" alt=\"\" class=\"wp-image-79\" srcset=\"https:\/\/blogit.gradia.fi\/puhallinorkesteri\/wp-content\/uploads\/sites\/267\/2021\/11\/Nayttokuva-153-721x1024.png 721w, https:\/\/blogit.gradia.fi\/puhallinorkesteri\/wp-content\/uploads\/sites\/267\/2021\/11\/Nayttokuva-153-211x300.png 211w, https:\/\/blogit.gradia.fi\/puhallinorkesteri\/wp-content\/uploads\/sites\/267\/2021\/11\/Nayttokuva-153.png 760w\" sizes=\"auto, (max-width: 721px) 100vw, 721px\" \/><figcaption>Esittelin hanketta Suomalaisen Musiikkikampuksen 20-vuotisjuhlassa.<\/figcaption><\/figure>\n\n\n\n<figure class=\"wp-block-image size-large\"><img loading=\"lazy\" decoding=\"async\" width=\"1024\" height=\"683\" src=\"https:\/\/blogit.gradia.fi\/puhallinorkesteri\/wp-content\/uploads\/sites\/267\/2021\/12\/DSF0074-1024x683.jpg\" alt=\"\" class=\"wp-image-85\" srcset=\"https:\/\/blogit.gradia.fi\/puhallinorkesteri\/wp-content\/uploads\/sites\/267\/2021\/12\/DSF0074-1024x683.jpg 1024w, https:\/\/blogit.gradia.fi\/puhallinorkesteri\/wp-content\/uploads\/sites\/267\/2021\/12\/DSF0074-300x200.jpg 300w, https:\/\/blogit.gradia.fi\/puhallinorkesteri\/wp-content\/uploads\/sites\/267\/2021\/12\/DSF0074-768x512.jpg 768w, https:\/\/blogit.gradia.fi\/puhallinorkesteri\/wp-content\/uploads\/sites\/267\/2021\/12\/DSF0074-1536x1024.jpg 1536w, https:\/\/blogit.gradia.fi\/puhallinorkesteri\/wp-content\/uploads\/sites\/267\/2021\/12\/DSF0074-2048x1365.jpg 2048w, https:\/\/blogit.gradia.fi\/puhallinorkesteri\/wp-content\/uploads\/sites\/267\/2021\/12\/DSF0074-1568x1045.jpg 1568w\" sizes=\"auto, (max-width: 1024px) 100vw, 1024px\" \/><figcaption>(Kuva: Juho Virinkoski)<\/figcaption><\/figure>\n\n\n\n<p>T\u00e4\u00e4lt\u00e4 p\u00e4\u00e4set lukemaan esityksen. <\/p>\n\n\n\n<div class=\"wp-block-file\"><a href=\"https:\/\/blogit.gradia.fi\/puhallinorkesteri\/wp-content\/uploads\/sites\/267\/2022\/01\/Hanke-esittely.pdf\">Hanke-esittely<\/a><a href=\"https:\/\/blogit.gradia.fi\/puhallinorkesteri\/wp-content\/uploads\/sites\/267\/2022\/01\/Hanke-esittely.pdf\" class=\"wp-block-file__button\" download>Lataa<\/a><\/div>\n\n\n\n<p><\/p>\n","protected":false},"excerpt":{"rendered":"<p>Hanke on saanut n\u00e4kyvyytt\u00e4 t\u00e4ll\u00e4 viikolla runsaasti. Hankkeesta on juttu uusimmassa Puhallinorkesteri-lehdess\u00e4, joka l\u00f6ytyy t\u00e4\u00e4lt\u00e4. Lehti ilmestyi 22.11.2021. 23.11.2021 sain kunnian esitell\u00e4 hanketta Suomalaisen Musiikkikampuksen 20-vuotisjuhlassa. T\u00e4\u00e4lt\u00e4 p\u00e4\u00e4set lukemaan esityksen.<\/p>\n","protected":false},"author":805,"featured_media":0,"comment_status":"open","ping_status":"open","sticky":false,"template":"","format":"standard","meta":{"_uag_custom_page_level_css":"","footnotes":""},"categories":[1],"tags":[],"class_list":["post-73","post","type-post","status-publish","format-standard","hentry","category-yleinen","entry"],"yoast_head":"<!-- This site is optimized with the Yoast SEO plugin v27.5 - https:\/\/yoast.com\/product\/yoast-seo-wordpress\/ -->\n<title>Hankkeen esittely\u00e4 lehdiss\u00e4 ja tilaisuuksissa - Maakunnallista puhallinorkesteritoimintaa taiteen perusopetuksessa<\/title>\n<meta name=\"robots\" content=\"index, follow, max-snippet:-1, max-image-preview:large, max-video-preview:-1\" \/>\n<link rel=\"canonical\" href=\"https:\/\/blogit.gradia.fi\/puhallinorkesteri\/2021\/11\/23\/hankkeen-esittelya-lehdissa-ja-tilaisuuksissa\/\" \/>\n<meta property=\"og:locale\" content=\"fi_FI\" \/>\n<meta property=\"og:type\" content=\"article\" \/>\n<meta property=\"og:title\" content=\"Hankkeen esittely\u00e4 lehdiss\u00e4 ja tilaisuuksissa - Maakunnallista puhallinorkesteritoimintaa taiteen perusopetuksessa\" \/>\n<meta property=\"og:description\" content=\"Hanke on saanut n\u00e4kyvyytt\u00e4 t\u00e4ll\u00e4 viikolla runsaasti. Hankkeesta on juttu uusimmassa Puhallinorkesteri-lehdess\u00e4, joka l\u00f6ytyy t\u00e4\u00e4lt\u00e4. Lehti ilmestyi 22.11.2021. 23.11.2021 sain kunnian esitell\u00e4 hanketta Suomalaisen Musiikkikampuksen 20-vuotisjuhlassa. T\u00e4\u00e4lt\u00e4 p\u00e4\u00e4set lukemaan esityksen.\" \/>\n<meta property=\"og:url\" content=\"https:\/\/blogit.gradia.fi\/puhallinorkesteri\/2021\/11\/23\/hankkeen-esittelya-lehdissa-ja-tilaisuuksissa\/\" \/>\n<meta property=\"og:site_name\" content=\"Maakunnallista puhallinorkesteritoimintaa taiteen perusopetuksessa\" \/>\n<meta property=\"article:published_time\" content=\"2021-11-23T13:02:13+00:00\" \/>\n<meta property=\"article:modified_time\" content=\"2022-09-28T06:35:17+00:00\" \/>\n<meta property=\"og:image\" content=\"https:\/\/blogit.gradia.fi\/puhallinorkesteri\/wp-content\/uploads\/sites\/267\/2022\/08\/KSL-logo-1024x343.png\" \/>\n<meta name=\"author\" content=\"Niina Sapattinen\" \/>\n<meta name=\"twitter:card\" content=\"summary_large_image\" \/>\n<meta name=\"twitter:label1\" content=\"Kirjoittanut\" \/>\n\t<meta name=\"twitter:data1\" content=\"Niina Sapattinen\" \/>\n\t<meta name=\"twitter:label2\" content=\"Arvioitu lukuaika\" \/>\n\t<meta name=\"twitter:data2\" content=\"1 minuutti\" \/>\n<script type=\"application\/ld+json\" class=\"yoast-schema-graph\">{\"@context\":\"https:\\\/\\\/schema.org\",\"@graph\":[{\"@type\":\"Article\",\"@id\":\"https:\\\/\\\/blogit.gradia.fi\\\/puhallinorkesteri\\\/2021\\\/11\\\/23\\\/hankkeen-esittelya-lehdissa-ja-tilaisuuksissa\\\/#article\",\"isPartOf\":{\"@id\":\"https:\\\/\\\/blogit.gradia.fi\\\/puhallinorkesteri\\\/2021\\\/11\\\/23\\\/hankkeen-esittelya-lehdissa-ja-tilaisuuksissa\\\/\"},\"author\":{\"name\":\"Niina Sapattinen\",\"@id\":\"https:\\\/\\\/blogit.gradia.fi\\\/puhallinorkesteri\\\/#\\\/schema\\\/person\\\/e13b134d48e82e9653cc868c43f32b9b\"},\"headline\":\"Hankkeen esittely\u00e4 lehdiss\u00e4 ja tilaisuuksissa\",\"datePublished\":\"2021-11-23T13:02:13+00:00\",\"dateModified\":\"2022-09-28T06:35:17+00:00\",\"mainEntityOfPage\":{\"@id\":\"https:\\\/\\\/blogit.gradia.fi\\\/puhallinorkesteri\\\/2021\\\/11\\\/23\\\/hankkeen-esittelya-lehdissa-ja-tilaisuuksissa\\\/\"},\"wordCount\":49,\"commentCount\":0,\"image\":{\"@id\":\"https:\\\/\\\/blogit.gradia.fi\\\/puhallinorkesteri\\\/2021\\\/11\\\/23\\\/hankkeen-esittelya-lehdissa-ja-tilaisuuksissa\\\/#primaryimage\"},\"thumbnailUrl\":\"https:\\\/\\\/blogit.gradia.fi\\\/puhallinorkesteri\\\/wp-content\\\/uploads\\\/sites\\\/267\\\/2022\\\/08\\\/KSL-logo-1024x343.png\",\"inLanguage\":\"fi\",\"potentialAction\":[{\"@type\":\"CommentAction\",\"name\":\"Comment\",\"target\":[\"https:\\\/\\\/blogit.gradia.fi\\\/puhallinorkesteri\\\/2021\\\/11\\\/23\\\/hankkeen-esittelya-lehdissa-ja-tilaisuuksissa\\\/#respond\"]}]},{\"@type\":\"WebPage\",\"@id\":\"https:\\\/\\\/blogit.gradia.fi\\\/puhallinorkesteri\\\/2021\\\/11\\\/23\\\/hankkeen-esittelya-lehdissa-ja-tilaisuuksissa\\\/\",\"url\":\"https:\\\/\\\/blogit.gradia.fi\\\/puhallinorkesteri\\\/2021\\\/11\\\/23\\\/hankkeen-esittelya-lehdissa-ja-tilaisuuksissa\\\/\",\"name\":\"Hankkeen esittely\u00e4 lehdiss\u00e4 ja tilaisuuksissa - Maakunnallista puhallinorkesteritoimintaa taiteen perusopetuksessa\",\"isPartOf\":{\"@id\":\"https:\\\/\\\/blogit.gradia.fi\\\/puhallinorkesteri\\\/#website\"},\"primaryImageOfPage\":{\"@id\":\"https:\\\/\\\/blogit.gradia.fi\\\/puhallinorkesteri\\\/2021\\\/11\\\/23\\\/hankkeen-esittelya-lehdissa-ja-tilaisuuksissa\\\/#primaryimage\"},\"image\":{\"@id\":\"https:\\\/\\\/blogit.gradia.fi\\\/puhallinorkesteri\\\/2021\\\/11\\\/23\\\/hankkeen-esittelya-lehdissa-ja-tilaisuuksissa\\\/#primaryimage\"},\"thumbnailUrl\":\"https:\\\/\\\/blogit.gradia.fi\\\/puhallinorkesteri\\\/wp-content\\\/uploads\\\/sites\\\/267\\\/2022\\\/08\\\/KSL-logo-1024x343.png\",\"datePublished\":\"2021-11-23T13:02:13+00:00\",\"dateModified\":\"2022-09-28T06:35:17+00:00\",\"author\":{\"@id\":\"https:\\\/\\\/blogit.gradia.fi\\\/puhallinorkesteri\\\/#\\\/schema\\\/person\\\/e13b134d48e82e9653cc868c43f32b9b\"},\"breadcrumb\":{\"@id\":\"https:\\\/\\\/blogit.gradia.fi\\\/puhallinorkesteri\\\/2021\\\/11\\\/23\\\/hankkeen-esittelya-lehdissa-ja-tilaisuuksissa\\\/#breadcrumb\"},\"inLanguage\":\"fi\",\"potentialAction\":[{\"@type\":\"ReadAction\",\"target\":[\"https:\\\/\\\/blogit.gradia.fi\\\/puhallinorkesteri\\\/2021\\\/11\\\/23\\\/hankkeen-esittelya-lehdissa-ja-tilaisuuksissa\\\/\"]}]},{\"@type\":\"ImageObject\",\"inLanguage\":\"fi\",\"@id\":\"https:\\\/\\\/blogit.gradia.fi\\\/puhallinorkesteri\\\/2021\\\/11\\\/23\\\/hankkeen-esittelya-lehdissa-ja-tilaisuuksissa\\\/#primaryimage\",\"url\":\"https:\\\/\\\/blogit.gradia.fi\\\/puhallinorkesteri\\\/wp-content\\\/uploads\\\/sites\\\/267\\\/2022\\\/08\\\/KSL-logo.png\",\"contentUrl\":\"https:\\\/\\\/blogit.gradia.fi\\\/puhallinorkesteri\\\/wp-content\\\/uploads\\\/sites\\\/267\\\/2022\\\/08\\\/KSL-logo.png\",\"width\":1422,\"height\":476},{\"@type\":\"BreadcrumbList\",\"@id\":\"https:\\\/\\\/blogit.gradia.fi\\\/puhallinorkesteri\\\/2021\\\/11\\\/23\\\/hankkeen-esittelya-lehdissa-ja-tilaisuuksissa\\\/#breadcrumb\",\"itemListElement\":[{\"@type\":\"ListItem\",\"position\":1,\"name\":\"Etusivu\",\"item\":\"https:\\\/\\\/blogit.gradia.fi\\\/puhallinorkesteri\\\/\"},{\"@type\":\"ListItem\",\"position\":2,\"name\":\"Hankkeen esittely\u00e4 lehdiss\u00e4 ja tilaisuuksissa\"}]},{\"@type\":\"WebSite\",\"@id\":\"https:\\\/\\\/blogit.gradia.fi\\\/puhallinorkesteri\\\/#website\",\"url\":\"https:\\\/\\\/blogit.gradia.fi\\\/puhallinorkesteri\\\/\",\"name\":\"Maakunnallista puhallinorkesteritoimintaa taiteen perusopetuksessa\",\"description\":\"Uusi Gradia-blogit-sivustot -sivusto\",\"potentialAction\":[{\"@type\":\"SearchAction\",\"target\":{\"@type\":\"EntryPoint\",\"urlTemplate\":\"https:\\\/\\\/blogit.gradia.fi\\\/puhallinorkesteri\\\/?s={search_term_string}\"},\"query-input\":{\"@type\":\"PropertyValueSpecification\",\"valueRequired\":true,\"valueName\":\"search_term_string\"}}],\"inLanguage\":\"fi\"},{\"@type\":\"Person\",\"@id\":\"https:\\\/\\\/blogit.gradia.fi\\\/puhallinorkesteri\\\/#\\\/schema\\\/person\\\/e13b134d48e82e9653cc868c43f32b9b\",\"name\":\"Niina Sapattinen\",\"image\":{\"@type\":\"ImageObject\",\"inLanguage\":\"fi\",\"@id\":\"https:\\\/\\\/secure.gravatar.com\\\/avatar\\\/cfe3808d481255b6eeaed93b8a4c7c34e9e376fcfd3f41b0a7ea590c0277f406?s=96&d=mm&r=g\",\"url\":\"https:\\\/\\\/secure.gravatar.com\\\/avatar\\\/cfe3808d481255b6eeaed93b8a4c7c34e9e376fcfd3f41b0a7ea590c0277f406?s=96&d=mm&r=g\",\"contentUrl\":\"https:\\\/\\\/secure.gravatar.com\\\/avatar\\\/cfe3808d481255b6eeaed93b8a4c7c34e9e376fcfd3f41b0a7ea590c0277f406?s=96&d=mm&r=g\",\"caption\":\"Niina Sapattinen\"},\"url\":\"https:\\\/\\\/blogit.gradia.fi\\\/puhallinorkesteri\\\/author\\\/sapatnii\\\/\"}]}<\/script>\n<!-- \/ Yoast SEO plugin. -->","yoast_head_json":{"title":"Hankkeen esittely\u00e4 lehdiss\u00e4 ja tilaisuuksissa - Maakunnallista puhallinorkesteritoimintaa taiteen perusopetuksessa","robots":{"index":"index","follow":"follow","max-snippet":"max-snippet:-1","max-image-preview":"max-image-preview:large","max-video-preview":"max-video-preview:-1"},"canonical":"https:\/\/blogit.gradia.fi\/puhallinorkesteri\/2021\/11\/23\/hankkeen-esittelya-lehdissa-ja-tilaisuuksissa\/","og_locale":"fi_FI","og_type":"article","og_title":"Hankkeen esittely\u00e4 lehdiss\u00e4 ja tilaisuuksissa - Maakunnallista puhallinorkesteritoimintaa taiteen perusopetuksessa","og_description":"Hanke on saanut n\u00e4kyvyytt\u00e4 t\u00e4ll\u00e4 viikolla runsaasti. Hankkeesta on juttu uusimmassa Puhallinorkesteri-lehdess\u00e4, joka l\u00f6ytyy t\u00e4\u00e4lt\u00e4. Lehti ilmestyi 22.11.2021. 23.11.2021 sain kunnian esitell\u00e4 hanketta Suomalaisen Musiikkikampuksen 20-vuotisjuhlassa. T\u00e4\u00e4lt\u00e4 p\u00e4\u00e4set lukemaan esityksen.","og_url":"https:\/\/blogit.gradia.fi\/puhallinorkesteri\/2021\/11\/23\/hankkeen-esittelya-lehdissa-ja-tilaisuuksissa\/","og_site_name":"Maakunnallista puhallinorkesteritoimintaa taiteen perusopetuksessa","article_published_time":"2021-11-23T13:02:13+00:00","article_modified_time":"2022-09-28T06:35:17+00:00","og_image":[{"url":"https:\/\/blogit.gradia.fi\/puhallinorkesteri\/wp-content\/uploads\/sites\/267\/2022\/08\/KSL-logo-1024x343.png","type":"","width":"","height":""}],"author":"Niina Sapattinen","twitter_card":"summary_large_image","twitter_misc":{"Kirjoittanut":"Niina Sapattinen","Arvioitu lukuaika":"1 minuutti"},"schema":{"@context":"https:\/\/schema.org","@graph":[{"@type":"Article","@id":"https:\/\/blogit.gradia.fi\/puhallinorkesteri\/2021\/11\/23\/hankkeen-esittelya-lehdissa-ja-tilaisuuksissa\/#article","isPartOf":{"@id":"https:\/\/blogit.gradia.fi\/puhallinorkesteri\/2021\/11\/23\/hankkeen-esittelya-lehdissa-ja-tilaisuuksissa\/"},"author":{"name":"Niina Sapattinen","@id":"https:\/\/blogit.gradia.fi\/puhallinorkesteri\/#\/schema\/person\/e13b134d48e82e9653cc868c43f32b9b"},"headline":"Hankkeen esittely\u00e4 lehdiss\u00e4 ja tilaisuuksissa","datePublished":"2021-11-23T13:02:13+00:00","dateModified":"2022-09-28T06:35:17+00:00","mainEntityOfPage":{"@id":"https:\/\/blogit.gradia.fi\/puhallinorkesteri\/2021\/11\/23\/hankkeen-esittelya-lehdissa-ja-tilaisuuksissa\/"},"wordCount":49,"commentCount":0,"image":{"@id":"https:\/\/blogit.gradia.fi\/puhallinorkesteri\/2021\/11\/23\/hankkeen-esittelya-lehdissa-ja-tilaisuuksissa\/#primaryimage"},"thumbnailUrl":"https:\/\/blogit.gradia.fi\/puhallinorkesteri\/wp-content\/uploads\/sites\/267\/2022\/08\/KSL-logo-1024x343.png","inLanguage":"fi","potentialAction":[{"@type":"CommentAction","name":"Comment","target":["https:\/\/blogit.gradia.fi\/puhallinorkesteri\/2021\/11\/23\/hankkeen-esittelya-lehdissa-ja-tilaisuuksissa\/#respond"]}]},{"@type":"WebPage","@id":"https:\/\/blogit.gradia.fi\/puhallinorkesteri\/2021\/11\/23\/hankkeen-esittelya-lehdissa-ja-tilaisuuksissa\/","url":"https:\/\/blogit.gradia.fi\/puhallinorkesteri\/2021\/11\/23\/hankkeen-esittelya-lehdissa-ja-tilaisuuksissa\/","name":"Hankkeen esittely\u00e4 lehdiss\u00e4 ja tilaisuuksissa - Maakunnallista puhallinorkesteritoimintaa taiteen perusopetuksessa","isPartOf":{"@id":"https:\/\/blogit.gradia.fi\/puhallinorkesteri\/#website"},"primaryImageOfPage":{"@id":"https:\/\/blogit.gradia.fi\/puhallinorkesteri\/2021\/11\/23\/hankkeen-esittelya-lehdissa-ja-tilaisuuksissa\/#primaryimage"},"image":{"@id":"https:\/\/blogit.gradia.fi\/puhallinorkesteri\/2021\/11\/23\/hankkeen-esittelya-lehdissa-ja-tilaisuuksissa\/#primaryimage"},"thumbnailUrl":"https:\/\/blogit.gradia.fi\/puhallinorkesteri\/wp-content\/uploads\/sites\/267\/2022\/08\/KSL-logo-1024x343.png","datePublished":"2021-11-23T13:02:13+00:00","dateModified":"2022-09-28T06:35:17+00:00","author":{"@id":"https:\/\/blogit.gradia.fi\/puhallinorkesteri\/#\/schema\/person\/e13b134d48e82e9653cc868c43f32b9b"},"breadcrumb":{"@id":"https:\/\/blogit.gradia.fi\/puhallinorkesteri\/2021\/11\/23\/hankkeen-esittelya-lehdissa-ja-tilaisuuksissa\/#breadcrumb"},"inLanguage":"fi","potentialAction":[{"@type":"ReadAction","target":["https:\/\/blogit.gradia.fi\/puhallinorkesteri\/2021\/11\/23\/hankkeen-esittelya-lehdissa-ja-tilaisuuksissa\/"]}]},{"@type":"ImageObject","inLanguage":"fi","@id":"https:\/\/blogit.gradia.fi\/puhallinorkesteri\/2021\/11\/23\/hankkeen-esittelya-lehdissa-ja-tilaisuuksissa\/#primaryimage","url":"https:\/\/blogit.gradia.fi\/puhallinorkesteri\/wp-content\/uploads\/sites\/267\/2022\/08\/KSL-logo.png","contentUrl":"https:\/\/blogit.gradia.fi\/puhallinorkesteri\/wp-content\/uploads\/sites\/267\/2022\/08\/KSL-logo.png","width":1422,"height":476},{"@type":"BreadcrumbList","@id":"https:\/\/blogit.gradia.fi\/puhallinorkesteri\/2021\/11\/23\/hankkeen-esittelya-lehdissa-ja-tilaisuuksissa\/#breadcrumb","itemListElement":[{"@type":"ListItem","position":1,"name":"Etusivu","item":"https:\/\/blogit.gradia.fi\/puhallinorkesteri\/"},{"@type":"ListItem","position":2,"name":"Hankkeen esittely\u00e4 lehdiss\u00e4 ja tilaisuuksissa"}]},{"@type":"WebSite","@id":"https:\/\/blogit.gradia.fi\/puhallinorkesteri\/#website","url":"https:\/\/blogit.gradia.fi\/puhallinorkesteri\/","name":"Maakunnallista puhallinorkesteritoimintaa taiteen perusopetuksessa","description":"Uusi Gradia-blogit-sivustot -sivusto","potentialAction":[{"@type":"SearchAction","target":{"@type":"EntryPoint","urlTemplate":"https:\/\/blogit.gradia.fi\/puhallinorkesteri\/?s={search_term_string}"},"query-input":{"@type":"PropertyValueSpecification","valueRequired":true,"valueName":"search_term_string"}}],"inLanguage":"fi"},{"@type":"Person","@id":"https:\/\/blogit.gradia.fi\/puhallinorkesteri\/#\/schema\/person\/e13b134d48e82e9653cc868c43f32b9b","name":"Niina Sapattinen","image":{"@type":"ImageObject","inLanguage":"fi","@id":"https:\/\/secure.gravatar.com\/avatar\/cfe3808d481255b6eeaed93b8a4c7c34e9e376fcfd3f41b0a7ea590c0277f406?s=96&d=mm&r=g","url":"https:\/\/secure.gravatar.com\/avatar\/cfe3808d481255b6eeaed93b8a4c7c34e9e376fcfd3f41b0a7ea590c0277f406?s=96&d=mm&r=g","contentUrl":"https:\/\/secure.gravatar.com\/avatar\/cfe3808d481255b6eeaed93b8a4c7c34e9e376fcfd3f41b0a7ea590c0277f406?s=96&d=mm&r=g","caption":"Niina Sapattinen"},"url":"https:\/\/blogit.gradia.fi\/puhallinorkesteri\/author\/sapatnii\/"}]}},"uagb_featured_image_src":{"full":false,"thumbnail":false,"medium":false,"medium_large":false,"large":false,"1536x1536":false,"2048x2048":false,"post-thumbnail":false},"uagb_author_info":{"display_name":"Niina Sapattinen","author_link":"https:\/\/blogit.gradia.fi\/puhallinorkesteri\/author\/sapatnii\/"},"uagb_comment_info":0,"uagb_excerpt":"Hanke on saanut n\u00e4kyvyytt\u00e4 t\u00e4ll\u00e4 viikolla runsaasti. Hankkeesta on juttu uusimmassa Puhallinorkesteri-lehdess\u00e4, joka l\u00f6ytyy t\u00e4\u00e4lt\u00e4. Lehti ilmestyi 22.11.2021. 23.11.2021 sain kunnian esitell\u00e4 hanketta Suomalaisen Musiikkikampuksen 20-vuotisjuhlassa. T\u00e4\u00e4lt\u00e4 p\u00e4\u00e4set lukemaan esityksen.","_links":{"self":[{"href":"https:\/\/blogit.gradia.fi\/puhallinorkesteri\/wp-json\/wp\/v2\/posts\/73","targetHints":{"allow":["GET"]}}],"collection":[{"href":"https:\/\/blogit.gradia.fi\/puhallinorkesteri\/wp-json\/wp\/v2\/posts"}],"about":[{"href":"https:\/\/blogit.gradia.fi\/puhallinorkesteri\/wp-json\/wp\/v2\/types\/post"}],"author":[{"embeddable":true,"href":"https:\/\/blogit.gradia.fi\/puhallinorkesteri\/wp-json\/wp\/v2\/users\/805"}],"replies":[{"embeddable":true,"href":"https:\/\/blogit.gradia.fi\/puhallinorkesteri\/wp-json\/wp\/v2\/comments?post=73"}],"version-history":[{"count":9,"href":"https:\/\/blogit.gradia.fi\/puhallinorkesteri\/wp-json\/wp\/v2\/posts\/73\/revisions"}],"predecessor-version":[{"id":313,"href":"https:\/\/blogit.gradia.fi\/puhallinorkesteri\/wp-json\/wp\/v2\/posts\/73\/revisions\/313"}],"wp:attachment":[{"href":"https:\/\/blogit.gradia.fi\/puhallinorkesteri\/wp-json\/wp\/v2\/media?parent=73"}],"wp:term":[{"taxonomy":"category","embeddable":true,"href":"https:\/\/blogit.gradia.fi\/puhallinorkesteri\/wp-json\/wp\/v2\/categories?post=73"},{"taxonomy":"post_tag","embeddable":true,"href":"https:\/\/blogit.gradia.fi\/puhallinorkesteri\/wp-json\/wp\/v2\/tags?post=73"}],"curies":[{"name":"wp","href":"https:\/\/api.w.org\/{rel}","templated":true}]}}