{"id":6,"date":"2021-11-17T16:44:30","date_gmt":"2021-11-17T14:44:30","guid":{"rendered":"https:\/\/blogit.gradia.fi\/puhallinorkesteri\/?p=6"},"modified":"2021-11-24T11:13:12","modified_gmt":"2021-11-24T09:13:12","slug":"maakunnallisen-puhallinorkesterin-alkufanfaarit","status":"publish","type":"post","link":"https:\/\/blogit.gradia.fi\/puhallinorkesteri\/2021\/11\/17\/maakunnallisen-puhallinorkesterin-alkufanfaarit\/","title":{"rendered":"Maakunnallisen puhallinorkesterin alkufanfaarit"},"content":{"rendered":"\n<div class=\"wp-block-group\"><div class=\"wp-block-group__inner-container is-layout-flow wp-block-group-is-layout-flow\">\n<p class=\"has-drop-cap\">Maakunnallisen puhallinorkesteritoiminnan kehitt\u00e4minen taiteen perusopetuksessa -hanke on ollut nyt k\u00e4ynniss\u00e4 muutaman kuukauden ajan. Kerron t\u00e4ss\u00e4, mik\u00e4 on hankkeen p\u00e4\u00e4tavoite ja mit\u00e4 kaikkea t\u00e4h\u00e4n menness\u00e4 on tapahtunut.<\/p>\n\n\n\n<p><\/p>\n<\/div><\/div>\n\n\n\n<figure class=\"wp-block-image size-large is-style-default\"><img loading=\"lazy\" decoding=\"async\" width=\"1024\" height=\"343\" src=\"https:\/\/blogit.gradia.fi\/puhallinorkesteri\/wp-content\/uploads\/sites\/267\/2021\/11\/KSL-logo-1024x343.png\" alt=\"\" class=\"wp-image-18\" title=\"K-S liiton logo\" srcset=\"https:\/\/blogit.gradia.fi\/puhallinorkesteri\/wp-content\/uploads\/sites\/267\/2021\/11\/KSL-logo-1024x343.png 1024w, https:\/\/blogit.gradia.fi\/puhallinorkesteri\/wp-content\/uploads\/sites\/267\/2021\/11\/KSL-logo-300x100.png 300w, https:\/\/blogit.gradia.fi\/puhallinorkesteri\/wp-content\/uploads\/sites\/267\/2021\/11\/KSL-logo-768x257.png 768w, https:\/\/blogit.gradia.fi\/puhallinorkesteri\/wp-content\/uploads\/sites\/267\/2021\/11\/KSL-logo.png 1422w\" sizes=\"auto, (max-width: 1024px) 100vw, 1024px\" \/><\/figure>\n\n\n\n<h2 class=\"wp-block-heading\"><strong>Yleistietoa hankkeesta\u200b<\/strong><\/h2>\n\n\n\n<p><\/p>\n\n\n\n<div class=\"wp-block-columns is-layout-flex wp-container-core-columns-is-layout-9d6595d7 wp-block-columns-is-layout-flex\">\n<div class=\"wp-block-column is-layout-flow wp-block-column-is-layout-flow\" style=\"flex-basis:100%\">\n<div class=\"wp-block-group\"><div class=\"wp-block-group__inner-container is-layout-flow wp-block-group-is-layout-flow\">\n<ul class=\"wp-block-list\"><li>Rahoittaja: Keski-Suomen kehitt\u00e4misrahasto&nbsp;(Keski-Suomen liitto)\u200b<\/li><li>Ajankohta 1.8.2021-31.5.2022\u200b<\/li><li>Hankkeessa mukana olevat oppilaitokset\u200b<ul><li>P\u00e4\u00e4toteuttaja:&nbsp;Gradia&nbsp;Jyv\u00e4skyl\u00e4, taiteen&nbsp;perusopetus, musiikki&nbsp;\u200b<\/li><li>Mukana ilman rahoitusosuutta: L\u00e4ntisen&nbsp;Keski-Suomen musiikkiopisto,&nbsp;J\u00e4ms\u00e4njokilaakson&nbsp;musiikkiopisto, Ala-Keiteleen musiikkiopisto\u200b<\/li><\/ul><\/li><\/ul>\n<\/div><\/div>\n<\/div>\n<\/div>\n\n\n\n<h2 class=\"wp-block-heading\"><strong>Hankkeen tavoitteet<\/strong><\/h2>\n\n\n\n<p><\/p>\n\n\n\n<div class=\"wp-block-columns is-layout-flex wp-container-core-columns-is-layout-9d6595d7 wp-block-columns-is-layout-flex\">\n<div class=\"wp-block-column is-layout-flow wp-block-column-is-layout-flow\" style=\"flex-basis:100%\">\n<div class=\"wp-block-group\"><div class=\"wp-block-group__inner-container is-layout-flow wp-block-group-is-layout-flow\">\n<ul class=\"wp-block-list\"><li>kehitt\u00e4\u00e4 uusia yhteisty\u00f6muotoja&nbsp;maakunnan puhallinsoittajien v\u00e4lille\u200b<\/li><li>luoda toimintamalli maakunnallista&nbsp;puhallinorkesteritoimintaa varten ja\u200b<\/li><li>laatia suunnitelmat pysyv\u00e4st\u00e4&nbsp;yhteisty\u00f6st\u00e4 tuleville vuosille.\u200b<\/li><\/ul>\n<\/div><\/div>\n<\/div>\n<\/div>\n\n\n\n<p>Hankkeen tuloksena&nbsp;syntyy maakunnallisen puhallinorkesteritoiminnan yhteisty\u00f6n malli, jota voidaan hy\u00f6dynt\u00e4\u00e4 tulevina vuosina. T\u00e4ll\u00e4 tarkoitetaan k\u00e4yt\u00e4nn\u00f6ss\u00e4&nbsp;oman <strong>puhallinsoittajien tapahtuman<\/strong> luomista&nbsp;Keski-Suomeen. Keski-Suomessa toimii jo piano-&nbsp;sek\u00e4 jousisoitintapahtuma, mutta puhallinsoittajille ei ole omaa tapahtumaa.&nbsp;Tarkoitus on&nbsp;luoda&nbsp;Keski-Suomeen&nbsp;viikonlopputapahtuma,&nbsp;joka j\u00e4rjestet\u00e4\u00e4n&nbsp;1-2&nbsp;vuoden v\u00e4lein&nbsp;ja&nbsp;joka on&nbsp;p\u00e4\u00e4s\u00e4\u00e4nt\u00f6isesti suunnattu keskisuomalaisille puhallin- ja ly\u00f6m\u00e4soittajille.&nbsp;Suunnitelmat tulevista tapahtumista on tarkoitus saada tehty\u00e4 mahdollisimman valmiiksi hankkeen aikana.&nbsp;<\/p>\n\n\n\n<p>Hankkeella on tavoitteena saada musiikin perusopetukselle uudentyyppist\u00e4&nbsp;maakunnallista <strong>n\u00e4kyvyytt\u00e4<\/strong>&nbsp;konserttien ja tapahtumien muodossa&nbsp;sek\u00e4 luoda uudenlaisia yhteisty\u00f6muotoja&nbsp;musiikin taiteen perusopetusta tarjoavien&nbsp;oppilaitosten v\u00e4lille.&nbsp;Toivomme, ett\u00e4 n\u00e4in saadaan <strong>uusia harrastajia<\/strong> musiikin perusopetuksen piiriin. T\u00e4m\u00e4 on t\u00e4rke\u00e4\u00e4, koska&nbsp;ainakin puhallinsoittajien m\u00e4\u00e4r\u00e4 taiteen perusopetuksessa on laskenut koronan vuoksi koko maakunnassa.&nbsp;<\/p>\n\n\n\n<p>Lasten ja nuorten harrastustoiminta on k\u00e4rsinyt koronasta paljon, ja t\u00e4ss\u00e4 haluamme nostaa esille&nbsp;puhallinorkesteritoiminnan&nbsp;vaikuttavuutta <strong>lasten ja nuorten hyvinvointiin<\/strong>.&nbsp;Maakunnan lapset ja nuoret, jotka ovat saman harrastuksen parissa, saavat tutustua toisiinsa ja luoda uusia kaverisuhteita yli kuntarajojen.&nbsp;Lapset ja nuoret saavat kokea, millaista on soittaa isossa orkesterissa, ja t\u00e4ll\u00e4 voi olla positiivista vaikutusta soittoharrastuksen jatkumiseen.&nbsp;&nbsp;Hankkeen avulla&nbsp;tuodaan&nbsp;lapsille ja nuorille erilaisia&nbsp;<strong>oppimisen kokemuksia<\/strong> ja mahdollistetaan&nbsp;yhteenkuuluvuuden tunne yli oppilaitosrajojen samanhenkisten, saman harrastuksen parissa toimivien lasten ja nuorten kanssa.&nbsp;<\/p>\n\n\n\n<p>Omien <strong>instrumenttitaitojen<\/strong> kehitt\u00e4minen,&nbsp;itsevarmuuden ja&nbsp;k\u00e4rsiv\u00e4llisyyden parantaminen, kehittyminen esiintyj\u00e4n\u00e4 ja ihmisen\u00e4, toisten kunnioittaminen ja erilaisuuden hyv\u00e4ksyminen&nbsp;sek\u00e4 <strong>tiimity\u00f6skentelytaidot <\/strong>ovat esimerkkej\u00e4 asioista, joita orkesterissa opitaan ja joita t\u00e4m\u00e4nkin hankkeen aikana lapset ja&nbsp;nuoret saavat kokea.&nbsp;&nbsp;Hanke tuo lapsille ja nuorille lis\u00e4\u00e4&nbsp;<strong>harjoittelumotivaatiota<\/strong>&nbsp;soittoharrastukseensa&nbsp;ja siten&nbsp;uusia&nbsp;tavoitteita omaan el\u00e4m\u00e4\u00e4n.&nbsp;&nbsp;<\/p>\n\n\n\n<p>Toivomme, ett\u00e4 hanke lis\u00e4\u00e4 maakunnan puhallinsoitinten&nbsp;opettajien ammattitaitoa yhteistoiminnallisen oppimisen&nbsp;ja <strong>osaamisen jakamisen<\/strong>&nbsp;kautta.&nbsp;Yhdess\u00e4 laaditut&nbsp;toimintamallit&nbsp;kulkeutuvat&nbsp;maakunnan opettajien mukana laajasti koko maakuntaan, jolloin&nbsp;niist\u00e4 hy\u00f6tyv\u00e4t maakunnan puhallinsoittoa harrastavat lapset ja nuoret. Lis\u00e4ksi&nbsp;hankkeen aikana maakunnan puhallinmusiikin parissa toimivat opettajat tekev\u00e4t tiiviisti yhteisty\u00f6t\u00e4 ja n\u00e4in ollen hankkeen j\u00e4lkeen yhteisty\u00f6t\u00e4 on helppo jatkaa tuttujen yhteisty\u00f6kumppaneiden ja ihmisten kanssa.&nbsp;<\/p>\n\n\n\n<p>Hanke vaikuttaa my\u00f6s laajemmin <strong>kulttuurialan elpymiseen<\/strong> koronasta.&nbsp;Hankkeessa ostetaan palveluita paikallisilta kulttuurialan toimijoilta (esim. konserttien striimaus, \u00e4\u00e4nity\u00f6t ym.).&nbsp;Kulttuurialan toimijoiden ahdinko my\u00f6s Keski-Suomessa on todellista koronavuoden j\u00e4lkeen, joten&nbsp;pienikin mahdollisuus k\u00e4ytt\u00e4\u00e4 maakunnan kulttuuriosaajien palveluita&nbsp;voi&nbsp;auttaa&nbsp;kulttuurialan yritt\u00e4ji\u00e4 jatkamaan yritystoimintaansa.&nbsp;&nbsp;<\/p>\n\n\n\n<p>Lapsille ja&nbsp;nuorille&nbsp;esitell\u00e4\u00e4n&nbsp;harjoitusviikonloppujen ja tapahtuman yhteydess\u00e4&nbsp;my\u00f6s&nbsp;Gradian, Jyv\u00e4skyl\u00e4n ammattikorkeakoulun ja Jyv\u00e4skyl\u00e4n yliopiston&nbsp;musiikkialan koulutusta, erilaisia opintopolkuja&nbsp;ja&nbsp;<strong>Suomalaisen musiikkikampuksen <\/strong>toimintaa jatko-opiskelumahdollisuuksineen.&nbsp;Taiteen perusopetus, johon t\u00e4m\u00e4 hanke kohdistuu, kasvattaa tulevaisuuden osaajia kulttuurialalle. Hyvin toimiva ruohojuuritason ty\u00f6 tuottaa tulevaisuuden ty\u00f6ntekij\u00f6it\u00e4 Suomalaiselle musiikkikampukselle \u2013 <strong>osaajat j\u00e4\u00e4v\u00e4t omaan maakuntaan.&nbsp;&nbsp;<\/strong><\/p>\n\n\n\n<p>Olisiko t\u00e4ss\u00e4 tavoitteita riitt\u00e4v\u00e4sti?<\/p>\n\n\n\n<h2 class=\"wp-block-heading\"><strong>Hankkeen toteutus<\/strong><\/h2>\n\n\n\n<p>Maakunnallisen puhallinorkesteritoiminnan l\u00e4ht\u00f6laukaus tapahtuu\u202fmaakunnallisena\u202fyhteisty\u00f6n\u00e4 j\u00e4rjestett\u00e4vien harjoitusviikonloppujen\u202fja konserttien muodossa lukuvuonna\u202f2021-2022. Harjoitukset pidet\u00e4\u00e4n&nbsp;Jyv\u00e4skyl\u00e4ss\u00e4&nbsp;loka- helmi- ja maaliskuussa ja konsertit maaliskuussa\u202fValtakunnallisten Puhallinp\u00e4ivien yhteydess\u00e4\u202fJyv\u00e4skyl\u00e4ss\u00e4\u202f18.-20.3.2022\u202fsek\u00e4 my\u00f6hemmin muualla maakunnassa erikseen sovittavina ajankohtina.\u202f&nbsp;&nbsp;&nbsp;<\/p>\n\n\n\n<p>Puhallinp\u00e4ivien&nbsp;konserttien lis\u00e4ksi hankkeen aikana rakennetaan yhteisty\u00f6malli&nbsp;tulevaisuuden&nbsp;maakunnalliselle puhallinorkesteritoiminnalle.\u202f Suunnitelmat tulevista tapahtumista ajankohtineen, vastuineen, rahoituksineen ym. on tarkoitus saada tehty\u00e4 mahdollisimman valmiiksi hankkeen aikana.&nbsp;<\/p>\n\n\n\n<p><strong>Elokuu 2021<\/strong><\/p>\n\n\n\n<p>Kun puhallin- ja ly\u00f6m\u00e4soittajat palailivat kes\u00e4laitumilta omiin musiikkiopistoihinsa, alettiin etsi\u00e4 heid\u00e4n joukostaan soittajia maakunnalliseen puhallinorkesteriin. Olin yhteydess\u00e4 tiiviisti kaikkiin puhallinopettajiin L\u00e4ntisen Keski-Suomen, J\u00e4ms\u00e4njokilaakson ja Ala-Keiteleen musiikkiopistoissa ja kerroin hankkeen etenemisest\u00e4. Sit\u00e4 mukaa kun kustantajat l\u00e4hettiv\u00e4t nuotteja, v\u00e4litin niit\u00e4 eteenp\u00e4in yhteisty\u00f6oppilaitoksiin, jotta opettajat p\u00e4\u00e4siv\u00e4t tutustumaan niihin oppilaidensa kanssa. <\/p>\n\n\n\n<p><strong>Syyskuu 2021<\/strong><\/p>\n\n\n\n<p>Syyskuussa kaikenlaiset ensimm\u00e4isen harjoitusviikonlopun k\u00e4yt\u00e4nn\u00f6nj\u00e4rjestelyt veiv\u00e4t aikaa (tilavaraukset, kouluttajien hankinta, solistien etsiminen ym.). Luonnollisesti my\u00f6s yhteydenpito yhteisty\u00f6oppilaitoksiin oli aktiivista, jotta mahdollisimman moni soittaja saataisiin maakunnasta mukaan. <\/p>\n\n\n\n<p>Syyskuun t\u00e4rkein tapaaminen tulevaisuutta ajatellen oli Keski-Suomen musiikin edist\u00e4miss\u00e4\u00e4ti\u00f6n hallituksen puheenjohtaja Anneli Rahnin tapaaminen. Keskustelimme muun muassa siit\u00e4, miksi Keski-Suomeen pit\u00e4isi saada pysyv\u00e4 tapahtuma my\u00f6s puhallinsoittajille. Kuvasin hanketta ja tuloksena syntyv\u00e4\u00e4 mallia, tapahtumasuunnitelmaa tuleville vuosille. Teht\u00e4v\u00e4kseni j\u00e4i laatia budjetti tulevien vuosien tapahtumalle. T\u00e4h\u00e4n palaan my\u00f6hemmin.<\/p>\n\n\n\n<p><strong>Lokakuu 2021<\/strong><\/p>\n\n\n\n<p>Lokakuun alussa minulla oli tiedossani soittajat, jotka tulevat mukaan jo syksyst\u00e4 alkaen t\u00e4h\u00e4n mahtavaan maakunnalliseen puhallinorkesteriin. Pohjana\u00a0maakunnalliselle puhallinorkesterille\u00a0toimivat\u00a0Gradian\u00a0omat kaksi puhallinorkesteria, Vire ja Puhuri, joihin molempiin saatiin soittajia muualta maakunnasta. Vireen soittajat ovat soittaneet noin 1-4 vuotta ja ovat p\u00e4\u00e4asiassa alakoululaisia. Puhurissa taas soittokokemusta on usealla jo enemm\u00e4n, ja Puhurin soittajat ovat p\u00e4\u00e4asiallisesti yl\u00e4koululaisia tai lukiolaisia. L\u00e4ntisen Keski-Suomen musiikkioppilaitoksesta ilmoittautui mukaan 11 soittajaa ja J\u00e4ms\u00e4njokilaakson musiikkiopistosta 9 soittajaa. Harmiksemme emme saaneet ket\u00e4\u00e4n mukaan Ala-Keiteleen musiikkiopistosta. <\/p>\n\n\n\n<p>Soittajien kokonaism\u00e4\u00e4r\u00e4 olisi voinut olla suurempi, mutta osittain koronakin vaikuttaa viel\u00e4 taustalla vahvasti, joten t\u00e4ytyy olla tyytyv\u00e4isi\u00e4 t\u00e4llaiseen m\u00e4\u00e4r\u00e4\u00e4n. Uskon, ett\u00e4 kev\u00e4\u00e4ll\u00e4 saadaan viel\u00e4 muutamia soittajia lis\u00e4\u00e4. Tulevien vuosien viikonlopputapahtumaan odotamme luonnollisesti moninkertaista osallistujam\u00e4\u00e4r\u00e4\u00e4, koska kyseess\u00e4 on yhden viikonlopun mittainen tapahtuma ja mukaan tulee my\u00f6s alkeistaso. Alkeistason soittajia on runsaasti, joten my\u00f6s heille on tarjolla tulevina vuosina sopivantasoinen orkesteri. <\/p>\n\n\n\n<p>Ennen harjoitusviikonloppua oli kilpailutuksen kautta hoidettava soittajille muun muassa ruokailut ja kuljetukset. Lis\u00e4ksi nuottien kopiointi satap\u00e4iselle soittajajoukolle on valtava urakka! <\/p>\n\n\n\n<p><strong>Ensimm\u00e4inen maakunnallisen puhallinorkesterin harjoitusp\u00e4iv\u00e4 30.10.2021<\/strong><\/p>\n\n\n\n<figure class=\"wp-block-image size-large\"><img loading=\"lazy\" decoding=\"async\" width=\"768\" height=\"1024\" src=\"https:\/\/blogit.gradia.fi\/puhallinorkesteri\/wp-content\/uploads\/sites\/267\/2021\/11\/nuotit-768x1024.jpg\" alt=\"\" class=\"wp-image-12\" srcset=\"https:\/\/blogit.gradia.fi\/puhallinorkesteri\/wp-content\/uploads\/sites\/267\/2021\/11\/nuotit-768x1024.jpg 768w, https:\/\/blogit.gradia.fi\/puhallinorkesteri\/wp-content\/uploads\/sites\/267\/2021\/11\/nuotit-225x300.jpg 225w, https:\/\/blogit.gradia.fi\/puhallinorkesteri\/wp-content\/uploads\/sites\/267\/2021\/11\/nuotit-1152x1536.jpg 1152w, https:\/\/blogit.gradia.fi\/puhallinorkesteri\/wp-content\/uploads\/sites\/267\/2021\/11\/nuotit.jpg 1536w\" sizes=\"auto, (max-width: 768px) 100vw, 768px\" \/><\/figure>\n\n\n\n<p>Perjantaip\u00e4iv\u00e4n roudaukset, nuottien kopioinnit soittajille ja stemmaharjoitusten vet\u00e4jille, opasteiden teko, v\u00e4lipalojen hankinta ym. Valmista tuli! Lauantaiaamuna ensimm\u00e4iset iloiset soittajat saapuivat bussikuljetuksellla Keuruulta Suomalaiselle Musiikkikampukselle. Oi sit\u00e4 j\u00e4nnityst\u00e4, mik\u00e4 ilmassa olikaan! <\/p>\n\n\n\n<p>Lauantai eteni t\u00e4llaisen ohjelman mukaan:<\/p>\n\n\n\n<p>VIRE-orkesteri (C-tason nuorempien orkesteri)<\/p>\n\n\n\n<ul class=\"wp-block-list\"><li>10-12 yhteisharjoitus Siltasalissa<\/li><li>12-13 ruokailu Lozzilla Seminaarinm\u00e4ell\u00e4 <\/li><li>13-15 stemmaharjoitukset<\/li><li>15-16 yhteisharjoitus Siltasalissa<\/li><\/ul>\n\n\n\n<figure class=\"wp-block-image size-large\"><img loading=\"lazy\" decoding=\"async\" width=\"1024\" height=\"553\" src=\"https:\/\/blogit.gradia.fi\/puhallinorkesteri\/wp-content\/uploads\/sites\/267\/2021\/11\/Vire-edesta-2-1024x553.jpeg\" alt=\"\" class=\"wp-image-13\" srcset=\"https:\/\/blogit.gradia.fi\/puhallinorkesteri\/wp-content\/uploads\/sites\/267\/2021\/11\/Vire-edesta-2-1024x553.jpeg 1024w, https:\/\/blogit.gradia.fi\/puhallinorkesteri\/wp-content\/uploads\/sites\/267\/2021\/11\/Vire-edesta-2-300x162.jpeg 300w, https:\/\/blogit.gradia.fi\/puhallinorkesteri\/wp-content\/uploads\/sites\/267\/2021\/11\/Vire-edesta-2-768x415.jpeg 768w, https:\/\/blogit.gradia.fi\/puhallinorkesteri\/wp-content\/uploads\/sites\/267\/2021\/11\/Vire-edesta-2-1536x830.jpeg 1536w, https:\/\/blogit.gradia.fi\/puhallinorkesteri\/wp-content\/uploads\/sites\/267\/2021\/11\/Vire-edesta-2-2048x1106.jpeg 2048w, https:\/\/blogit.gradia.fi\/puhallinorkesteri\/wp-content\/uploads\/sites\/267\/2021\/11\/Vire-edesta-2-1568x847.jpeg 1568w\" sizes=\"auto, (max-width: 1024px) 100vw, 1024px\" \/><figcaption>Vire-orkesterin yhteisharjoitus.<\/figcaption><\/figure>\n\n\n\n<figure class=\"wp-block-image size-large\"><img loading=\"lazy\" decoding=\"async\" width=\"1024\" height=\"768\" src=\"https:\/\/blogit.gradia.fi\/puhallinorkesteri\/wp-content\/uploads\/sites\/267\/2021\/11\/Tanjan-stemmikset-Vire-1024x768.jpg\" alt=\"\" class=\"wp-image-26\" srcset=\"https:\/\/blogit.gradia.fi\/puhallinorkesteri\/wp-content\/uploads\/sites\/267\/2021\/11\/Tanjan-stemmikset-Vire-1024x768.jpg 1024w, https:\/\/blogit.gradia.fi\/puhallinorkesteri\/wp-content\/uploads\/sites\/267\/2021\/11\/Tanjan-stemmikset-Vire-300x225.jpg 300w, https:\/\/blogit.gradia.fi\/puhallinorkesteri\/wp-content\/uploads\/sites\/267\/2021\/11\/Tanjan-stemmikset-Vire-768x576.jpg 768w, https:\/\/blogit.gradia.fi\/puhallinorkesteri\/wp-content\/uploads\/sites\/267\/2021\/11\/Tanjan-stemmikset-Vire-1536x1152.jpg 1536w, https:\/\/blogit.gradia.fi\/puhallinorkesteri\/wp-content\/uploads\/sites\/267\/2021\/11\/Tanjan-stemmikset-Vire-2048x1536.jpg 2048w, https:\/\/blogit.gradia.fi\/puhallinorkesteri\/wp-content\/uploads\/sites\/267\/2021\/11\/Tanjan-stemmikset-Vire-1568x1176.jpg 1568w\" sizes=\"auto, (max-width: 1024px) 100vw, 1024px\" \/><figcaption>Tanja J\u00e4rvel\u00e4 ohjaa Vireen stemmiksiss\u00e4 klarinetteja ja saksofonistia.<\/figcaption><\/figure>\n\n\n\n<figure class=\"wp-block-image size-full\"><img loading=\"lazy\" decoding=\"async\" width=\"750\" height=\"722\" src=\"https:\/\/blogit.gradia.fi\/puhallinorkesteri\/wp-content\/uploads\/sites\/267\/2021\/11\/pollo-Elisa.jpg\" alt=\"\" class=\"wp-image-20\" srcset=\"https:\/\/blogit.gradia.fi\/puhallinorkesteri\/wp-content\/uploads\/sites\/267\/2021\/11\/pollo-Elisa.jpg 750w, https:\/\/blogit.gradia.fi\/puhallinorkesteri\/wp-content\/uploads\/sites\/267\/2021\/11\/pollo-Elisa-300x289.jpg 300w\" sizes=\"auto, (max-width: 750px) 100vw, 750px\" \/><figcaption>&#8221;Mist\u00e4 t\u00e4m\u00e4 mahtava musiikki kuuluu?&#8221; ihmetteli p\u00f6ll\u00f6, joka kuunteli ikkunan takana pitk\u00e4n tovin orkestereiden soittoa. <\/figcaption><\/figure>\n\n\n\n<figure class=\"wp-block-image size-large\"><img loading=\"lazy\" decoding=\"async\" width=\"768\" height=\"1024\" src=\"https:\/\/blogit.gradia.fi\/puhallinorkesteri\/wp-content\/uploads\/sites\/267\/2021\/11\/Lozzi-768x1024.jpg\" alt=\"\" class=\"wp-image-21\" srcset=\"https:\/\/blogit.gradia.fi\/puhallinorkesteri\/wp-content\/uploads\/sites\/267\/2021\/11\/Lozzi-768x1024.jpg 768w, https:\/\/blogit.gradia.fi\/puhallinorkesteri\/wp-content\/uploads\/sites\/267\/2021\/11\/Lozzi-225x300.jpg 225w, https:\/\/blogit.gradia.fi\/puhallinorkesteri\/wp-content\/uploads\/sites\/267\/2021\/11\/Lozzi-1152x1536.jpg 1152w, https:\/\/blogit.gradia.fi\/puhallinorkesteri\/wp-content\/uploads\/sites\/267\/2021\/11\/Lozzi.jpg 1536w\" sizes=\"auto, (max-width: 768px) 100vw, 768px\" \/><figcaption>Pieni happihyppely ruokapaikkaan Lozzille oli p\u00e4iv\u00e4n kohokohta. (Kuva: Elisa Soikkeli)<\/figcaption><\/figure>\n\n\n\n<p>PUHURI (B-tason isompien orkesteri)<\/p>\n\n\n\n<ul class=\"wp-block-list\"><li>10-12 stemmaharjoitukset&nbsp;<\/li><li>12-13 ruokailu Lozzilla <\/li><li>13-16 yhteisharjoitus Hannikaissalissa<\/li><\/ul>\n\n\n\n<figure class=\"wp-block-image size-large\"><img loading=\"lazy\" decoding=\"async\" width=\"1024\" height=\"768\" src=\"https:\/\/blogit.gradia.fi\/puhallinorkesteri\/wp-content\/uploads\/sites\/267\/2021\/11\/Sirpan-stemmikset-Puhuri-1024x768.jpg\" alt=\"\" class=\"wp-image-11\" srcset=\"https:\/\/blogit.gradia.fi\/puhallinorkesteri\/wp-content\/uploads\/sites\/267\/2021\/11\/Sirpan-stemmikset-Puhuri-1024x768.jpg 1024w, https:\/\/blogit.gradia.fi\/puhallinorkesteri\/wp-content\/uploads\/sites\/267\/2021\/11\/Sirpan-stemmikset-Puhuri-300x225.jpg 300w, https:\/\/blogit.gradia.fi\/puhallinorkesteri\/wp-content\/uploads\/sites\/267\/2021\/11\/Sirpan-stemmikset-Puhuri-768x576.jpg 768w, https:\/\/blogit.gradia.fi\/puhallinorkesteri\/wp-content\/uploads\/sites\/267\/2021\/11\/Sirpan-stemmikset-Puhuri-1536x1152.jpg 1536w, https:\/\/blogit.gradia.fi\/puhallinorkesteri\/wp-content\/uploads\/sites\/267\/2021\/11\/Sirpan-stemmikset-Puhuri-2048x1536.jpg 2048w, https:\/\/blogit.gradia.fi\/puhallinorkesteri\/wp-content\/uploads\/sites\/267\/2021\/11\/Sirpan-stemmikset-Puhuri-1568x1176.jpg 1568w\" sizes=\"auto, (max-width: 1024px) 100vw, 1024px\" \/><figcaption>Sirpa Berg ohjeistaa stemmiksiss\u00e4 Puhurin huilisteja.<\/figcaption><\/figure>\n\n\n\n<figure class=\"wp-block-image size-large\"><img loading=\"lazy\" decoding=\"async\" width=\"1024\" height=\"768\" src=\"https:\/\/blogit.gradia.fi\/puhallinorkesteri\/wp-content\/uploads\/sites\/267\/2021\/11\/Lassin-stemmikset-Puhuri-1024x768.jpg\" alt=\"\" class=\"wp-image-14\" srcset=\"https:\/\/blogit.gradia.fi\/puhallinorkesteri\/wp-content\/uploads\/sites\/267\/2021\/11\/Lassin-stemmikset-Puhuri-1024x768.jpg 1024w, https:\/\/blogit.gradia.fi\/puhallinorkesteri\/wp-content\/uploads\/sites\/267\/2021\/11\/Lassin-stemmikset-Puhuri-300x225.jpg 300w, https:\/\/blogit.gradia.fi\/puhallinorkesteri\/wp-content\/uploads\/sites\/267\/2021\/11\/Lassin-stemmikset-Puhuri-768x576.jpg 768w, https:\/\/blogit.gradia.fi\/puhallinorkesteri\/wp-content\/uploads\/sites\/267\/2021\/11\/Lassin-stemmikset-Puhuri-1536x1152.jpg 1536w, https:\/\/blogit.gradia.fi\/puhallinorkesteri\/wp-content\/uploads\/sites\/267\/2021\/11\/Lassin-stemmikset-Puhuri-2048x1536.jpg 2048w, https:\/\/blogit.gradia.fi\/puhallinorkesteri\/wp-content\/uploads\/sites\/267\/2021\/11\/Lassin-stemmikset-Puhuri-1568x1176.jpg 1568w\" sizes=\"auto, (max-width: 1024px) 100vw, 1024px\" \/><figcaption>Lassi Takasen stemmikset Puhurin vaskisoittajille.<\/figcaption><\/figure>\n\n\n\n<figure class=\"wp-block-image size-large\"><img loading=\"lazy\" decoding=\"async\" width=\"1024\" height=\"768\" src=\"https:\/\/blogit.gradia.fi\/puhallinorkesteri\/wp-content\/uploads\/sites\/267\/2021\/11\/Tiiun-stemmikset-Puhuri-1024x768.jpg\" alt=\"\" class=\"wp-image-15\" srcset=\"https:\/\/blogit.gradia.fi\/puhallinorkesteri\/wp-content\/uploads\/sites\/267\/2021\/11\/Tiiun-stemmikset-Puhuri-1024x768.jpg 1024w, https:\/\/blogit.gradia.fi\/puhallinorkesteri\/wp-content\/uploads\/sites\/267\/2021\/11\/Tiiun-stemmikset-Puhuri-300x225.jpg 300w, https:\/\/blogit.gradia.fi\/puhallinorkesteri\/wp-content\/uploads\/sites\/267\/2021\/11\/Tiiun-stemmikset-Puhuri-768x576.jpg 768w, https:\/\/blogit.gradia.fi\/puhallinorkesteri\/wp-content\/uploads\/sites\/267\/2021\/11\/Tiiun-stemmikset-Puhuri-1536x1152.jpg 1536w, https:\/\/blogit.gradia.fi\/puhallinorkesteri\/wp-content\/uploads\/sites\/267\/2021\/11\/Tiiun-stemmikset-Puhuri-2048x1536.jpg 2048w, https:\/\/blogit.gradia.fi\/puhallinorkesteri\/wp-content\/uploads\/sites\/267\/2021\/11\/Tiiun-stemmikset-Puhuri-1568x1176.jpg 1568w\" sizes=\"auto, (max-width: 1024px) 100vw, 1024px\" \/><figcaption>Tiiu Tuominen ohjaamassa Puhurin klarinetisteja ja fonisteja.<\/figcaption><\/figure>\n\n\n\n<figure class=\"wp-block-image size-large\"><img loading=\"lazy\" decoding=\"async\" width=\"1024\" height=\"612\" src=\"https:\/\/blogit.gradia.fi\/puhallinorkesteri\/wp-content\/uploads\/sites\/267\/2021\/11\/Puhuri-edesta-2-1024x612.jpeg\" alt=\"\" class=\"wp-image-16\" srcset=\"https:\/\/blogit.gradia.fi\/puhallinorkesteri\/wp-content\/uploads\/sites\/267\/2021\/11\/Puhuri-edesta-2-1024x612.jpeg 1024w, https:\/\/blogit.gradia.fi\/puhallinorkesteri\/wp-content\/uploads\/sites\/267\/2021\/11\/Puhuri-edesta-2-300x179.jpeg 300w, https:\/\/blogit.gradia.fi\/puhallinorkesteri\/wp-content\/uploads\/sites\/267\/2021\/11\/Puhuri-edesta-2-768x459.jpeg 768w, https:\/\/blogit.gradia.fi\/puhallinorkesteri\/wp-content\/uploads\/sites\/267\/2021\/11\/Puhuri-edesta-2-1536x918.jpeg 1536w, https:\/\/blogit.gradia.fi\/puhallinorkesteri\/wp-content\/uploads\/sites\/267\/2021\/11\/Puhuri-edesta-2-2048x1224.jpeg 2048w, https:\/\/blogit.gradia.fi\/puhallinorkesteri\/wp-content\/uploads\/sites\/267\/2021\/11\/Puhuri-edesta-2-1568x937.jpeg 1568w\" sizes=\"auto, (max-width: 1024px) 100vw, 1024px\" \/><figcaption>Puhurin yhteisharjoitus.<\/figcaption><\/figure>\n\n\n\n<p>P\u00e4iv\u00e4 sujui rattoisasti puhallinsoiton merkeiss\u00e4. My\u00f6s pienimm\u00e4t soittajat jaksoivat hyvin pitk\u00e4n p\u00e4iv\u00e4n ja kaikki harjoitukset. Molemmilla orkesterilla on 11 kappaletta harjoiteltavana, joten puuhaa riitt\u00e4\u00e4. <\/p>\n\n\n\n<p>Hankerahan turvin&nbsp;pystyimme&nbsp;j\u00e4rjest\u00e4m\u00e4\u00e4n maakunnan soittajille&nbsp;kuljetukset&nbsp;ja&nbsp;ruokailut. Pidimme&nbsp;yhteisharjoitusten lis\u00e4ksi&nbsp;my\u00f6s&nbsp;stemmikset&nbsp;jokaiselle soitinryhm\u00e4lle: t\u00e4h\u00e4n tarvittiin yhteens\u00e4 seitsem\u00e4n opettajan ty\u00f6panosta. Ensimm\u00e4isen harjoitusviikonlopun j\u00e4lkeen voidaan&nbsp;todeta, ett\u00e4 t\u00e4llaiselle yhteisty\u00f6lle oli Keski-Suomessa tilausta.&nbsp;Maakunnan soittajat sujahtivat orkestereihin mukaan aivan kuin olisivat aina soittaneet&nbsp;juuri t\u00e4ss\u00e4 orkesterissa.&nbsp;Soittamisen ilo n\u00e4kyi ja kuului kauas.<\/p>\n\n\n\n<figure class=\"wp-block-image size-large\"><img loading=\"lazy\" decoding=\"async\" width=\"869\" height=\"1024\" src=\"https:\/\/blogit.gradia.fi\/puhallinorkesteri\/wp-content\/uploads\/sites\/267\/2021\/11\/leivokset-869x1024.jpg\" alt=\"\" class=\"wp-image-68\" srcset=\"https:\/\/blogit.gradia.fi\/puhallinorkesteri\/wp-content\/uploads\/sites\/267\/2021\/11\/leivokset-869x1024.jpg 869w, https:\/\/blogit.gradia.fi\/puhallinorkesteri\/wp-content\/uploads\/sites\/267\/2021\/11\/leivokset-255x300.jpg 255w, https:\/\/blogit.gradia.fi\/puhallinorkesteri\/wp-content\/uploads\/sites\/267\/2021\/11\/leivokset-768x905.jpg 768w, https:\/\/blogit.gradia.fi\/puhallinorkesteri\/wp-content\/uploads\/sites\/267\/2021\/11\/leivokset-1304x1536.jpg 1304w, https:\/\/blogit.gradia.fi\/puhallinorkesteri\/wp-content\/uploads\/sites\/267\/2021\/11\/leivokset-1738x2048.jpg 1738w, https:\/\/blogit.gradia.fi\/puhallinorkesteri\/wp-content\/uploads\/sites\/267\/2021\/11\/leivokset-1568x1847.jpg 1568w\" sizes=\"auto, (max-width: 869px) 100vw, 869px\" \/><figcaption>Jokainen soittaja sai harjoitusp\u00e4iv\u00e4n p\u00e4\u00e4tteeksi ev\u00e4\u00e4ksi kotimatkalle Uponnut kaupunki -leivokset. (Kuva: Juho Virinkoski)<\/figcaption><\/figure>\n\n\n\n<p>Ennen joulua laadin tarkat suunnitelmat ja aikataulut kev\u00e4\u00e4lle sek\u00e4 annan soittajille joulun ajaksi teht\u00e4vi\u00e4, jotka valmistavat seuraavia harjoituksia. N\u00e4ihin palataan my\u00f6hemmin.<\/p>\n\n\n\n<figure class=\"wp-block-image size-full\"><img loading=\"lazy\" decoding=\"async\" width=\"210\" height=\"315\" src=\"https:\/\/blogit.gradia.fi\/puhallinorkesteri\/wp-content\/uploads\/sites\/267\/2021\/11\/sapattinen_niina_opettaja1-1.jpg\" alt=\"\" class=\"wp-image-64\" srcset=\"https:\/\/blogit.gradia.fi\/puhallinorkesteri\/wp-content\/uploads\/sites\/267\/2021\/11\/sapattinen_niina_opettaja1-1.jpg 210w, https:\/\/blogit.gradia.fi\/puhallinorkesteri\/wp-content\/uploads\/sites\/267\/2021\/11\/sapattinen_niina_opettaja1-1-200x300.jpg 200w\" sizes=\"auto, (max-width: 210px) 100vw, 210px\" \/><figcaption>Niina Sapattinen, projektip\u00e4\u00e4llikk\u00f6, niina.sapattinen@gradia.fi, 040 341 5878<\/figcaption><\/figure>\n\n\n\n<p><\/p>\n\n\n\n<p><\/p>\n","protected":false},"excerpt":{"rendered":"<p>Maakunnallisen puhallinorkesteritoiminnan kehitt\u00e4minen taiteen perusopetuksessa -hanke on ollut nyt k\u00e4ynniss\u00e4 muutaman kuukauden ajan. Kerron t\u00e4ss\u00e4, mik\u00e4 on hankkeen p\u00e4\u00e4tavoite ja mit\u00e4 kaikkea t\u00e4h\u00e4n menness\u00e4 on tapahtunut. Yleistietoa hankkeesta\u200b Rahoittaja: Keski-Suomen kehitt\u00e4misrahasto&nbsp;(Keski-Suomen liitto)\u200b Ajankohta 1.8.2021-31.5.2022\u200b Hankkeessa mukana olevat oppilaitokset\u200b P\u00e4\u00e4toteuttaja:&nbsp;Gradia&nbsp;Jyv\u00e4skyl\u00e4, taiteen&nbsp;perusopetus, musiikki&nbsp;\u200b Mukana ilman rahoitusosuutta: L\u00e4ntisen&nbsp;Keski-Suomen musiikkiopisto,&nbsp;J\u00e4ms\u00e4njokilaakson&nbsp;musiikkiopisto, Ala-Keiteleen musiikkiopisto\u200b Hankkeen tavoitteet kehitt\u00e4\u00e4 uusia yhteisty\u00f6muotoja&nbsp;maakunnan puhallinsoittajien v\u00e4lille\u200b&hellip; <a class=\"more-link\" href=\"https:\/\/blogit.gradia.fi\/puhallinorkesteri\/2021\/11\/17\/maakunnallisen-puhallinorkesterin-alkufanfaarit\/\">Jatka lukemista <span class=\"screen-reader-text\">Maakunnallisen puhallinorkesterin alkufanfaarit<\/span><\/a><\/p>\n","protected":false},"author":805,"featured_media":0,"comment_status":"open","ping_status":"open","sticky":false,"template":"","format":"standard","meta":{"_uag_custom_page_level_css":"","footnotes":""},"categories":[1],"tags":[],"class_list":["post-6","post","type-post","status-publish","format-standard","hentry","category-yleinen","entry"],"yoast_head":"<!-- This site is optimized with the Yoast SEO plugin v27.5 - https:\/\/yoast.com\/product\/yoast-seo-wordpress\/ -->\n<title>Maakunnallisen puhallinorkesterin alkufanfaarit - Maakunnallista puhallinorkesteritoimintaa taiteen perusopetuksessa<\/title>\n<meta name=\"robots\" content=\"index, follow, max-snippet:-1, max-image-preview:large, max-video-preview:-1\" \/>\n<link rel=\"canonical\" href=\"https:\/\/blogit.gradia.fi\/puhallinorkesteri\/2021\/11\/17\/maakunnallisen-puhallinorkesterin-alkufanfaarit\/\" \/>\n<meta property=\"og:locale\" content=\"fi_FI\" \/>\n<meta property=\"og:type\" content=\"article\" \/>\n<meta property=\"og:title\" content=\"Maakunnallisen puhallinorkesterin alkufanfaarit - Maakunnallista puhallinorkesteritoimintaa taiteen perusopetuksessa\" \/>\n<meta property=\"og:description\" content=\"Maakunnallisen puhallinorkesteritoiminnan kehitt\u00e4minen taiteen perusopetuksessa -hanke on ollut nyt k\u00e4ynniss\u00e4 muutaman kuukauden ajan. Kerron t\u00e4ss\u00e4, mik\u00e4 on hankkeen p\u00e4\u00e4tavoite ja mit\u00e4 kaikkea t\u00e4h\u00e4n menness\u00e4 on tapahtunut. Yleistietoa hankkeesta\u200b Rahoittaja: Keski-Suomen kehitt\u00e4misrahasto&nbsp;(Keski-Suomen liitto)\u200b Ajankohta 1.8.2021-31.5.2022\u200b Hankkeessa mukana olevat oppilaitokset\u200b P\u00e4\u00e4toteuttaja:&nbsp;Gradia&nbsp;Jyv\u00e4skyl\u00e4, taiteen&nbsp;perusopetus, musiikki&nbsp;\u200b Mukana ilman rahoitusosuutta: L\u00e4ntisen&nbsp;Keski-Suomen musiikkiopisto,&nbsp;J\u00e4ms\u00e4njokilaakson&nbsp;musiikkiopisto, Ala-Keiteleen musiikkiopisto\u200b Hankkeen tavoitteet kehitt\u00e4\u00e4 uusia yhteisty\u00f6muotoja&nbsp;maakunnan puhallinsoittajien v\u00e4lille\u200b&hellip; Jatka lukemista Maakunnallisen puhallinorkesterin alkufanfaarit\" \/>\n<meta property=\"og:url\" content=\"https:\/\/blogit.gradia.fi\/puhallinorkesteri\/2021\/11\/17\/maakunnallisen-puhallinorkesterin-alkufanfaarit\/\" \/>\n<meta property=\"og:site_name\" content=\"Maakunnallista puhallinorkesteritoimintaa taiteen perusopetuksessa\" \/>\n<meta property=\"article:published_time\" content=\"2021-11-17T14:44:30+00:00\" \/>\n<meta property=\"article:modified_time\" content=\"2021-11-24T09:13:12+00:00\" \/>\n<meta property=\"og:image\" content=\"https:\/\/blogit.gradia.fi\/puhallinorkesteri\/wp-content\/uploads\/sites\/267\/2021\/11\/KSL-logo-1024x343.png\" \/>\n<meta name=\"author\" content=\"Niina Sapattinen\" \/>\n<meta name=\"twitter:card\" content=\"summary_large_image\" \/>\n<meta name=\"twitter:label1\" content=\"Kirjoittanut\" \/>\n\t<meta name=\"twitter:data1\" content=\"Niina Sapattinen\" \/>\n\t<meta name=\"twitter:label2\" content=\"Arvioitu lukuaika\" \/>\n\t<meta name=\"twitter:data2\" content=\"7 minuuttia\" \/>\n<script type=\"application\/ld+json\" class=\"yoast-schema-graph\">{\"@context\":\"https:\\\/\\\/schema.org\",\"@graph\":[{\"@type\":\"Article\",\"@id\":\"https:\\\/\\\/blogit.gradia.fi\\\/puhallinorkesteri\\\/2021\\\/11\\\/17\\\/maakunnallisen-puhallinorkesterin-alkufanfaarit\\\/#article\",\"isPartOf\":{\"@id\":\"https:\\\/\\\/blogit.gradia.fi\\\/puhallinorkesteri\\\/2021\\\/11\\\/17\\\/maakunnallisen-puhallinorkesterin-alkufanfaarit\\\/\"},\"author\":{\"name\":\"Niina Sapattinen\",\"@id\":\"https:\\\/\\\/blogit.gradia.fi\\\/puhallinorkesteri\\\/#\\\/schema\\\/person\\\/e13b134d48e82e9653cc868c43f32b9b\"},\"headline\":\"Maakunnallisen puhallinorkesterin alkufanfaarit\",\"datePublished\":\"2021-11-17T14:44:30+00:00\",\"dateModified\":\"2021-11-24T09:13:12+00:00\",\"mainEntityOfPage\":{\"@id\":\"https:\\\/\\\/blogit.gradia.fi\\\/puhallinorkesteri\\\/2021\\\/11\\\/17\\\/maakunnallisen-puhallinorkesterin-alkufanfaarit\\\/\"},\"wordCount\":1347,\"commentCount\":0,\"image\":{\"@id\":\"https:\\\/\\\/blogit.gradia.fi\\\/puhallinorkesteri\\\/2021\\\/11\\\/17\\\/maakunnallisen-puhallinorkesterin-alkufanfaarit\\\/#primaryimage\"},\"thumbnailUrl\":\"https:\\\/\\\/blogit.gradia.fi\\\/puhallinorkesteri\\\/wp-content\\\/uploads\\\/sites\\\/267\\\/2021\\\/11\\\/KSL-logo-1024x343.png\",\"inLanguage\":\"fi\",\"potentialAction\":[{\"@type\":\"CommentAction\",\"name\":\"Comment\",\"target\":[\"https:\\\/\\\/blogit.gradia.fi\\\/puhallinorkesteri\\\/2021\\\/11\\\/17\\\/maakunnallisen-puhallinorkesterin-alkufanfaarit\\\/#respond\"]}]},{\"@type\":\"WebPage\",\"@id\":\"https:\\\/\\\/blogit.gradia.fi\\\/puhallinorkesteri\\\/2021\\\/11\\\/17\\\/maakunnallisen-puhallinorkesterin-alkufanfaarit\\\/\",\"url\":\"https:\\\/\\\/blogit.gradia.fi\\\/puhallinorkesteri\\\/2021\\\/11\\\/17\\\/maakunnallisen-puhallinorkesterin-alkufanfaarit\\\/\",\"name\":\"Maakunnallisen puhallinorkesterin alkufanfaarit - Maakunnallista puhallinorkesteritoimintaa taiteen perusopetuksessa\",\"isPartOf\":{\"@id\":\"https:\\\/\\\/blogit.gradia.fi\\\/puhallinorkesteri\\\/#website\"},\"primaryImageOfPage\":{\"@id\":\"https:\\\/\\\/blogit.gradia.fi\\\/puhallinorkesteri\\\/2021\\\/11\\\/17\\\/maakunnallisen-puhallinorkesterin-alkufanfaarit\\\/#primaryimage\"},\"image\":{\"@id\":\"https:\\\/\\\/blogit.gradia.fi\\\/puhallinorkesteri\\\/2021\\\/11\\\/17\\\/maakunnallisen-puhallinorkesterin-alkufanfaarit\\\/#primaryimage\"},\"thumbnailUrl\":\"https:\\\/\\\/blogit.gradia.fi\\\/puhallinorkesteri\\\/wp-content\\\/uploads\\\/sites\\\/267\\\/2021\\\/11\\\/KSL-logo-1024x343.png\",\"datePublished\":\"2021-11-17T14:44:30+00:00\",\"dateModified\":\"2021-11-24T09:13:12+00:00\",\"author\":{\"@id\":\"https:\\\/\\\/blogit.gradia.fi\\\/puhallinorkesteri\\\/#\\\/schema\\\/person\\\/e13b134d48e82e9653cc868c43f32b9b\"},\"breadcrumb\":{\"@id\":\"https:\\\/\\\/blogit.gradia.fi\\\/puhallinorkesteri\\\/2021\\\/11\\\/17\\\/maakunnallisen-puhallinorkesterin-alkufanfaarit\\\/#breadcrumb\"},\"inLanguage\":\"fi\",\"potentialAction\":[{\"@type\":\"ReadAction\",\"target\":[\"https:\\\/\\\/blogit.gradia.fi\\\/puhallinorkesteri\\\/2021\\\/11\\\/17\\\/maakunnallisen-puhallinorkesterin-alkufanfaarit\\\/\"]}]},{\"@type\":\"ImageObject\",\"inLanguage\":\"fi\",\"@id\":\"https:\\\/\\\/blogit.gradia.fi\\\/puhallinorkesteri\\\/2021\\\/11\\\/17\\\/maakunnallisen-puhallinorkesterin-alkufanfaarit\\\/#primaryimage\",\"url\":\"https:\\\/\\\/blogit.gradia.fi\\\/puhallinorkesteri\\\/wp-content\\\/uploads\\\/sites\\\/267\\\/2021\\\/11\\\/KSL-logo.png\",\"contentUrl\":\"https:\\\/\\\/blogit.gradia.fi\\\/puhallinorkesteri\\\/wp-content\\\/uploads\\\/sites\\\/267\\\/2021\\\/11\\\/KSL-logo.png\",\"width\":1422,\"height\":476},{\"@type\":\"BreadcrumbList\",\"@id\":\"https:\\\/\\\/blogit.gradia.fi\\\/puhallinorkesteri\\\/2021\\\/11\\\/17\\\/maakunnallisen-puhallinorkesterin-alkufanfaarit\\\/#breadcrumb\",\"itemListElement\":[{\"@type\":\"ListItem\",\"position\":1,\"name\":\"Etusivu\",\"item\":\"https:\\\/\\\/blogit.gradia.fi\\\/puhallinorkesteri\\\/\"},{\"@type\":\"ListItem\",\"position\":2,\"name\":\"Maakunnallisen puhallinorkesterin alkufanfaarit\"}]},{\"@type\":\"WebSite\",\"@id\":\"https:\\\/\\\/blogit.gradia.fi\\\/puhallinorkesteri\\\/#website\",\"url\":\"https:\\\/\\\/blogit.gradia.fi\\\/puhallinorkesteri\\\/\",\"name\":\"Maakunnallista puhallinorkesteritoimintaa taiteen perusopetuksessa\",\"description\":\"Uusi Gradia-blogit-sivustot -sivusto\",\"potentialAction\":[{\"@type\":\"SearchAction\",\"target\":{\"@type\":\"EntryPoint\",\"urlTemplate\":\"https:\\\/\\\/blogit.gradia.fi\\\/puhallinorkesteri\\\/?s={search_term_string}\"},\"query-input\":{\"@type\":\"PropertyValueSpecification\",\"valueRequired\":true,\"valueName\":\"search_term_string\"}}],\"inLanguage\":\"fi\"},{\"@type\":\"Person\",\"@id\":\"https:\\\/\\\/blogit.gradia.fi\\\/puhallinorkesteri\\\/#\\\/schema\\\/person\\\/e13b134d48e82e9653cc868c43f32b9b\",\"name\":\"Niina Sapattinen\",\"image\":{\"@type\":\"ImageObject\",\"inLanguage\":\"fi\",\"@id\":\"https:\\\/\\\/secure.gravatar.com\\\/avatar\\\/cfe3808d481255b6eeaed93b8a4c7c34e9e376fcfd3f41b0a7ea590c0277f406?s=96&d=mm&r=g\",\"url\":\"https:\\\/\\\/secure.gravatar.com\\\/avatar\\\/cfe3808d481255b6eeaed93b8a4c7c34e9e376fcfd3f41b0a7ea590c0277f406?s=96&d=mm&r=g\",\"contentUrl\":\"https:\\\/\\\/secure.gravatar.com\\\/avatar\\\/cfe3808d481255b6eeaed93b8a4c7c34e9e376fcfd3f41b0a7ea590c0277f406?s=96&d=mm&r=g\",\"caption\":\"Niina Sapattinen\"},\"url\":\"https:\\\/\\\/blogit.gradia.fi\\\/puhallinorkesteri\\\/author\\\/sapatnii\\\/\"}]}<\/script>\n<!-- \/ Yoast SEO plugin. -->","yoast_head_json":{"title":"Maakunnallisen puhallinorkesterin alkufanfaarit - Maakunnallista puhallinorkesteritoimintaa taiteen perusopetuksessa","robots":{"index":"index","follow":"follow","max-snippet":"max-snippet:-1","max-image-preview":"max-image-preview:large","max-video-preview":"max-video-preview:-1"},"canonical":"https:\/\/blogit.gradia.fi\/puhallinorkesteri\/2021\/11\/17\/maakunnallisen-puhallinorkesterin-alkufanfaarit\/","og_locale":"fi_FI","og_type":"article","og_title":"Maakunnallisen puhallinorkesterin alkufanfaarit - Maakunnallista puhallinorkesteritoimintaa taiteen perusopetuksessa","og_description":"Maakunnallisen puhallinorkesteritoiminnan kehitt\u00e4minen taiteen perusopetuksessa -hanke on ollut nyt k\u00e4ynniss\u00e4 muutaman kuukauden ajan. Kerron t\u00e4ss\u00e4, mik\u00e4 on hankkeen p\u00e4\u00e4tavoite ja mit\u00e4 kaikkea t\u00e4h\u00e4n menness\u00e4 on tapahtunut. Yleistietoa hankkeesta\u200b Rahoittaja: Keski-Suomen kehitt\u00e4misrahasto&nbsp;(Keski-Suomen liitto)\u200b Ajankohta 1.8.2021-31.5.2022\u200b Hankkeessa mukana olevat oppilaitokset\u200b P\u00e4\u00e4toteuttaja:&nbsp;Gradia&nbsp;Jyv\u00e4skyl\u00e4, taiteen&nbsp;perusopetus, musiikki&nbsp;\u200b Mukana ilman rahoitusosuutta: L\u00e4ntisen&nbsp;Keski-Suomen musiikkiopisto,&nbsp;J\u00e4ms\u00e4njokilaakson&nbsp;musiikkiopisto, Ala-Keiteleen musiikkiopisto\u200b Hankkeen tavoitteet kehitt\u00e4\u00e4 uusia yhteisty\u00f6muotoja&nbsp;maakunnan puhallinsoittajien v\u00e4lille\u200b&hellip; Jatka lukemista Maakunnallisen puhallinorkesterin alkufanfaarit","og_url":"https:\/\/blogit.gradia.fi\/puhallinorkesteri\/2021\/11\/17\/maakunnallisen-puhallinorkesterin-alkufanfaarit\/","og_site_name":"Maakunnallista puhallinorkesteritoimintaa taiteen perusopetuksessa","article_published_time":"2021-11-17T14:44:30+00:00","article_modified_time":"2021-11-24T09:13:12+00:00","og_image":[{"url":"https:\/\/blogit.gradia.fi\/puhallinorkesteri\/wp-content\/uploads\/sites\/267\/2021\/11\/KSL-logo-1024x343.png","type":"","width":"","height":""}],"author":"Niina Sapattinen","twitter_card":"summary_large_image","twitter_misc":{"Kirjoittanut":"Niina Sapattinen","Arvioitu lukuaika":"7 minuuttia"},"schema":{"@context":"https:\/\/schema.org","@graph":[{"@type":"Article","@id":"https:\/\/blogit.gradia.fi\/puhallinorkesteri\/2021\/11\/17\/maakunnallisen-puhallinorkesterin-alkufanfaarit\/#article","isPartOf":{"@id":"https:\/\/blogit.gradia.fi\/puhallinorkesteri\/2021\/11\/17\/maakunnallisen-puhallinorkesterin-alkufanfaarit\/"},"author":{"name":"Niina Sapattinen","@id":"https:\/\/blogit.gradia.fi\/puhallinorkesteri\/#\/schema\/person\/e13b134d48e82e9653cc868c43f32b9b"},"headline":"Maakunnallisen puhallinorkesterin alkufanfaarit","datePublished":"2021-11-17T14:44:30+00:00","dateModified":"2021-11-24T09:13:12+00:00","mainEntityOfPage":{"@id":"https:\/\/blogit.gradia.fi\/puhallinorkesteri\/2021\/11\/17\/maakunnallisen-puhallinorkesterin-alkufanfaarit\/"},"wordCount":1347,"commentCount":0,"image":{"@id":"https:\/\/blogit.gradia.fi\/puhallinorkesteri\/2021\/11\/17\/maakunnallisen-puhallinorkesterin-alkufanfaarit\/#primaryimage"},"thumbnailUrl":"https:\/\/blogit.gradia.fi\/puhallinorkesteri\/wp-content\/uploads\/sites\/267\/2021\/11\/KSL-logo-1024x343.png","inLanguage":"fi","potentialAction":[{"@type":"CommentAction","name":"Comment","target":["https:\/\/blogit.gradia.fi\/puhallinorkesteri\/2021\/11\/17\/maakunnallisen-puhallinorkesterin-alkufanfaarit\/#respond"]}]},{"@type":"WebPage","@id":"https:\/\/blogit.gradia.fi\/puhallinorkesteri\/2021\/11\/17\/maakunnallisen-puhallinorkesterin-alkufanfaarit\/","url":"https:\/\/blogit.gradia.fi\/puhallinorkesteri\/2021\/11\/17\/maakunnallisen-puhallinorkesterin-alkufanfaarit\/","name":"Maakunnallisen puhallinorkesterin alkufanfaarit - Maakunnallista puhallinorkesteritoimintaa taiteen perusopetuksessa","isPartOf":{"@id":"https:\/\/blogit.gradia.fi\/puhallinorkesteri\/#website"},"primaryImageOfPage":{"@id":"https:\/\/blogit.gradia.fi\/puhallinorkesteri\/2021\/11\/17\/maakunnallisen-puhallinorkesterin-alkufanfaarit\/#primaryimage"},"image":{"@id":"https:\/\/blogit.gradia.fi\/puhallinorkesteri\/2021\/11\/17\/maakunnallisen-puhallinorkesterin-alkufanfaarit\/#primaryimage"},"thumbnailUrl":"https:\/\/blogit.gradia.fi\/puhallinorkesteri\/wp-content\/uploads\/sites\/267\/2021\/11\/KSL-logo-1024x343.png","datePublished":"2021-11-17T14:44:30+00:00","dateModified":"2021-11-24T09:13:12+00:00","author":{"@id":"https:\/\/blogit.gradia.fi\/puhallinorkesteri\/#\/schema\/person\/e13b134d48e82e9653cc868c43f32b9b"},"breadcrumb":{"@id":"https:\/\/blogit.gradia.fi\/puhallinorkesteri\/2021\/11\/17\/maakunnallisen-puhallinorkesterin-alkufanfaarit\/#breadcrumb"},"inLanguage":"fi","potentialAction":[{"@type":"ReadAction","target":["https:\/\/blogit.gradia.fi\/puhallinorkesteri\/2021\/11\/17\/maakunnallisen-puhallinorkesterin-alkufanfaarit\/"]}]},{"@type":"ImageObject","inLanguage":"fi","@id":"https:\/\/blogit.gradia.fi\/puhallinorkesteri\/2021\/11\/17\/maakunnallisen-puhallinorkesterin-alkufanfaarit\/#primaryimage","url":"https:\/\/blogit.gradia.fi\/puhallinorkesteri\/wp-content\/uploads\/sites\/267\/2021\/11\/KSL-logo.png","contentUrl":"https:\/\/blogit.gradia.fi\/puhallinorkesteri\/wp-content\/uploads\/sites\/267\/2021\/11\/KSL-logo.png","width":1422,"height":476},{"@type":"BreadcrumbList","@id":"https:\/\/blogit.gradia.fi\/puhallinorkesteri\/2021\/11\/17\/maakunnallisen-puhallinorkesterin-alkufanfaarit\/#breadcrumb","itemListElement":[{"@type":"ListItem","position":1,"name":"Etusivu","item":"https:\/\/blogit.gradia.fi\/puhallinorkesteri\/"},{"@type":"ListItem","position":2,"name":"Maakunnallisen puhallinorkesterin alkufanfaarit"}]},{"@type":"WebSite","@id":"https:\/\/blogit.gradia.fi\/puhallinorkesteri\/#website","url":"https:\/\/blogit.gradia.fi\/puhallinorkesteri\/","name":"Maakunnallista puhallinorkesteritoimintaa taiteen perusopetuksessa","description":"Uusi Gradia-blogit-sivustot -sivusto","potentialAction":[{"@type":"SearchAction","target":{"@type":"EntryPoint","urlTemplate":"https:\/\/blogit.gradia.fi\/puhallinorkesteri\/?s={search_term_string}"},"query-input":{"@type":"PropertyValueSpecification","valueRequired":true,"valueName":"search_term_string"}}],"inLanguage":"fi"},{"@type":"Person","@id":"https:\/\/blogit.gradia.fi\/puhallinorkesteri\/#\/schema\/person\/e13b134d48e82e9653cc868c43f32b9b","name":"Niina Sapattinen","image":{"@type":"ImageObject","inLanguage":"fi","@id":"https:\/\/secure.gravatar.com\/avatar\/cfe3808d481255b6eeaed93b8a4c7c34e9e376fcfd3f41b0a7ea590c0277f406?s=96&d=mm&r=g","url":"https:\/\/secure.gravatar.com\/avatar\/cfe3808d481255b6eeaed93b8a4c7c34e9e376fcfd3f41b0a7ea590c0277f406?s=96&d=mm&r=g","contentUrl":"https:\/\/secure.gravatar.com\/avatar\/cfe3808d481255b6eeaed93b8a4c7c34e9e376fcfd3f41b0a7ea590c0277f406?s=96&d=mm&r=g","caption":"Niina Sapattinen"},"url":"https:\/\/blogit.gradia.fi\/puhallinorkesteri\/author\/sapatnii\/"}]}},"uagb_featured_image_src":{"full":false,"thumbnail":false,"medium":false,"medium_large":false,"large":false,"1536x1536":false,"2048x2048":false,"post-thumbnail":false},"uagb_author_info":{"display_name":"Niina Sapattinen","author_link":"https:\/\/blogit.gradia.fi\/puhallinorkesteri\/author\/sapatnii\/"},"uagb_comment_info":0,"uagb_excerpt":"Maakunnallisen puhallinorkesteritoiminnan kehitt\u00e4minen taiteen perusopetuksessa -hanke on ollut nyt k\u00e4ynniss\u00e4 muutaman kuukauden ajan. Kerron t\u00e4ss\u00e4, mik\u00e4 on hankkeen p\u00e4\u00e4tavoite ja mit\u00e4 kaikkea t\u00e4h\u00e4n menness\u00e4 on tapahtunut. Yleistietoa hankkeesta\u200b Rahoittaja: Keski-Suomen kehitt\u00e4misrahasto&nbsp;(Keski-Suomen liitto)\u200b Ajankohta 1.8.2021-31.5.2022\u200b Hankkeessa mukana olevat oppilaitokset\u200b P\u00e4\u00e4toteuttaja:&nbsp;Gradia&nbsp;Jyv\u00e4skyl\u00e4, taiteen&nbsp;perusopetus, musiikki&nbsp;\u200b Mukana ilman rahoitusosuutta: L\u00e4ntisen&nbsp;Keski-Suomen musiikkiopisto,&nbsp;J\u00e4ms\u00e4njokilaakson&nbsp;musiikkiopisto, Ala-Keiteleen musiikkiopisto\u200b Hankkeen tavoitteet kehitt\u00e4\u00e4 uusia yhteisty\u00f6muotoja&nbsp;maakunnan puhallinsoittajien v\u00e4lille\u200b&hellip;&hellip;","_links":{"self":[{"href":"https:\/\/blogit.gradia.fi\/puhallinorkesteri\/wp-json\/wp\/v2\/posts\/6","targetHints":{"allow":["GET"]}}],"collection":[{"href":"https:\/\/blogit.gradia.fi\/puhallinorkesteri\/wp-json\/wp\/v2\/posts"}],"about":[{"href":"https:\/\/blogit.gradia.fi\/puhallinorkesteri\/wp-json\/wp\/v2\/types\/post"}],"author":[{"embeddable":true,"href":"https:\/\/blogit.gradia.fi\/puhallinorkesteri\/wp-json\/wp\/v2\/users\/805"}],"replies":[{"embeddable":true,"href":"https:\/\/blogit.gradia.fi\/puhallinorkesteri\/wp-json\/wp\/v2\/comments?post=6"}],"version-history":[{"count":30,"href":"https:\/\/blogit.gradia.fi\/puhallinorkesteri\/wp-json\/wp\/v2\/posts\/6\/revisions"}],"predecessor-version":[{"id":78,"href":"https:\/\/blogit.gradia.fi\/puhallinorkesteri\/wp-json\/wp\/v2\/posts\/6\/revisions\/78"}],"wp:attachment":[{"href":"https:\/\/blogit.gradia.fi\/puhallinorkesteri\/wp-json\/wp\/v2\/media?parent=6"}],"wp:term":[{"taxonomy":"category","embeddable":true,"href":"https:\/\/blogit.gradia.fi\/puhallinorkesteri\/wp-json\/wp\/v2\/categories?post=6"},{"taxonomy":"post_tag","embeddable":true,"href":"https:\/\/blogit.gradia.fi\/puhallinorkesteri\/wp-json\/wp\/v2\/tags?post=6"}],"curies":[{"name":"wp","href":"https:\/\/api.w.org\/{rel}","templated":true}]}}