{"id":316,"date":"2023-10-04T11:05:43","date_gmt":"2023-10-04T08:05:43","guid":{"rendered":"https:\/\/blogit.gradia.fi\/puhallinorkesteri\/?p=316"},"modified":"2023-10-04T11:05:45","modified_gmt":"2023-10-04T08:05:45","slug":"peltojen-pirteista-kaupunkien-kamareihin-keski-suomi-all-stars-6-8-10-2023","status":"publish","type":"post","link":"https:\/\/blogit.gradia.fi\/puhallinorkesteri\/2023\/10\/04\/peltojen-pirteista-kaupunkien-kamareihin-keski-suomi-all-stars-6-8-10-2023\/","title":{"rendered":"Peltojen pirteist\u00e4 kaupunkien kamareihin &#8211; Keski-Suomi All Stars 6.-8.10.2023"},"content":{"rendered":"\n<p><strong>Suomalainen musiikkikampus soi 230 soittajan voimalla Peltojen pirteist\u00e4 kaupunkien kamareihin -tapahtumassa lokakuun alussa<\/strong>.<\/p>\n\n\n\n<p>Orivesi All Stars -pelimannikollektiivin kanssa yhteisty\u00f6ss\u00e4 j\u00e4rjestett\u00e4v\u00e4 Peltojen pirteist\u00e4 kaupunkien kamareihin -koulutusviikonloppu j\u00e4rjestet\u00e4\u00e4n 6.-8.10.2023 Jyv\u00e4skyl\u00e4ss\u00e4 Suomalaisella musiikkikampuksella. <\/p>\n\n\n\n<p>Kun edellinen maakunnallinen projekti saatiin p\u00e4\u00e4t\u00f6kseen, uuden tapahtuman suunnittelu oli t\u00e4ydess\u00e4 vauhdissa. L\u00e4ht\u00f6s\u00e4velet uudelle maakunnallliselle tapahtumalle luotiin Valtakunnallisten puhallinp\u00e4ivien yhteydess\u00e4 Jyv\u00e4skyl\u00e4ss\u00e4 18.3.2022. Kokoonnuimme pienell\u00e4 porukalla ja p\u00e4\u00e4timme, ett\u00e4 seuraava yhteinen tapahtuma pidett\u00e4isiin syksyll\u00e4 2023 yhteisty\u00f6ss\u00e4 Orivesi All Stars -pelimannikollektiivin kanssa. <\/p>\n\n\n\n<p>Tapahtumaa suunniteltiin koko lukuvuosi 2022-2023 siten, ett\u00e4 palavereita pidettiin noin kerran kuussa. Paikalla oli joka kerta edustus Gradialta, L\u00e4ntisen Keski-Suomen musiikkiopistosta, Ala-Keiteleen musiikkiopistosta ja J\u00e4ms\u00e4njokilaakson musiikkiopistosta.<\/p>\n\n\n\n<p>Apurahoja tapahtuman j\u00e4rjest\u00e4miseen haettiin usealta taholta ja lopulta apurahaa saatiin kasaan sen verran, ett\u00e4 tapahtuma saadaan j\u00e4rkev\u00e4sti toteutettua. Keski-Suomen liiton ja Sivistysliitto Kansalaisfoorumin taloudellinen tuki mahdollistavat maakunnan musiikkia harrastavien lasten ja nuorten osallistumisen tapahtumaan, ja apurahoilla saadaan maksettua mm. kuljetuksia, ruokailuja ja kouluttajien palkkoja.<\/p>\n\n\n\n<p>Tapahtuman vastuullisena j\u00e4rjest\u00e4j\u00e4n\u00e4 toimii Kampuksen \u00e4\u00e4ni ry. Viikonlopun aikana muodostettava Keski-Suomi All Stars -orkesteri ylitt\u00e4\u00e4 kunta- ja oppilaitosrajat sek\u00e4 eri musiikkityylien tiukat normit. Yhteisty\u00f6n tuloksena syntyy monipuolinen ja monitasoinen oppimisymp\u00e4rist\u00f6, joka yhdist\u00e4\u00e4 pelimannimusiikin, kaverilta oppimisen, mestarit ja kis\u00e4llit ja avaa n\u00e4in uusia musiikillisia ja pedagogisia ovia kaikille osallistujille.\u00a0<\/p>\n\n\n\n<p>Orivesi All Stars -tapahtumat ovat avoimia kaikille yhteismusisoinnista kiinnostuneille. Jyv\u00e4skyl\u00e4n viikonlopun ainutlaatuisessa kokoonpanossa on mukana nelj\u00e4n keskisuomalaisen musiikkiopiston taiteen perusopetuksen oppilaita, opettajia sek\u00e4 Suomalaisen musiikkikampuksen opiskelijoita yhteens\u00e4 190. Lis\u00e4ksi mukaan saadaan 40 Orivesi All Stars -yhdistyksen j\u00e4sent\u00e4 ymp\u00e4ri Suomea. Nuorin mukana oleva soittaja on 5-vuotias ja pelimanneista kokeneimmat ovat jopa 80-vuotiaita.&nbsp;<\/p>\n\n\n\n<p>Tapahtumaan koottava pelimanniorkesteri tuo monenlaisia soittajia yhteen. Yhdess\u00e4 tekemisen riemu ja hyv\u00e4ksyv\u00e4 ymp\u00e4rist\u00f6 tarjoavat uuden tavan oppia yhteissoittoa. Jokainen soittaja tarvitseekin yhteissoittoa kehitty\u00e4kseen oman instrumenttinsa taitajaksi. Hypp\u00e4ys pois omalta mukavuusalueelta voi my\u00f6s kannustaa uudenlaiseen luovuuteen ja rohkeuteen musiikin opiskelussa. T\u00e4m\u00e4n yhteisen el\u00e4mysretken \u00e4\u00e4rell\u00e4 lapsille ja nuorille avautuu mahdollisuus luoda uusia kaverisuhteita musiikkiharrastuksensa ymp\u00e4rille yli kuntarajojen.&nbsp;<\/p>\n\n\n\n<p>Tapahtuman p\u00e4\u00e4t\u00f6skonsertti pidet\u00e4\u00e4n su 8.10.23 klo 14.00 Suomalaisen musiikkikampuksen Hannikaissalissa. Konsertissa kuullaan my\u00f6s maakuntamme oman pelimannin Ville Ojasen teokset Pirates of Pylk\u00f6nm\u00e4ki sek\u00e4 Saarij\u00e4rven juhannuskisat uusina sovituksina suurelle orkesterille. Orkesteria johtavat Antti J\u00e4rvel\u00e4, Elias Frig\u00e5rd ja Veera Kuisma Orivesi All Stars -kansanmusiikkikollektiivista. T\u00e4ss\u00e4 ainutlaatuisessa tapahtumassa syntyy foorumi niin musiikin harrastajille kuin ammattilaisillekin kohdata toisensa ja jakaa ajatuksia pedagogiikasta ja yhteissoitosta.\u00a0<\/p>\n\n\n\n<figure class=\"wp-block-image size-large\"><img loading=\"lazy\" decoding=\"async\" width=\"1024\" height=\"724\" src=\"https:\/\/blogit.gradia.fi\/puhallinorkesteri\/wp-content\/uploads\/sites\/267\/2023\/10\/KS-AllStars_juliste_FINAL-1024x724.jpg\" alt=\"\" class=\"wp-image-317\" srcset=\"https:\/\/blogit.gradia.fi\/puhallinorkesteri\/wp-content\/uploads\/sites\/267\/2023\/10\/KS-AllStars_juliste_FINAL-1024x724.jpg 1024w, https:\/\/blogit.gradia.fi\/puhallinorkesteri\/wp-content\/uploads\/sites\/267\/2023\/10\/KS-AllStars_juliste_FINAL-300x212.jpg 300w, https:\/\/blogit.gradia.fi\/puhallinorkesteri\/wp-content\/uploads\/sites\/267\/2023\/10\/KS-AllStars_juliste_FINAL-768x543.jpg 768w, https:\/\/blogit.gradia.fi\/puhallinorkesteri\/wp-content\/uploads\/sites\/267\/2023\/10\/KS-AllStars_juliste_FINAL.jpg 1191w\" sizes=\"auto, (max-width: 1024px) 100vw, 1024px\" \/><\/figure>\n","protected":false},"excerpt":{"rendered":"<p>Suomalainen musiikkikampus soi 230 soittajan voimalla Peltojen pirteist\u00e4 kaupunkien kamareihin -tapahtumassa lokakuun alussa. Orivesi All Stars -pelimannikollektiivin kanssa yhteisty\u00f6ss\u00e4 j\u00e4rjestett\u00e4v\u00e4 Peltojen pirteist\u00e4 kaupunkien kamareihin -koulutusviikonloppu j\u00e4rjestet\u00e4\u00e4n 6.-8.10.2023 Jyv\u00e4skyl\u00e4ss\u00e4 Suomalaisella musiikkikampuksella. Kun edellinen maakunnallinen projekti saatiin p\u00e4\u00e4t\u00f6kseen, uuden tapahtuman suunnittelu oli t\u00e4ydess\u00e4 vauhdissa. L\u00e4ht\u00f6s\u00e4velet uudelle maakunnallliselle tapahtumalle luotiin Valtakunnallisten puhallinp\u00e4ivien yhteydess\u00e4 Jyv\u00e4skyl\u00e4ss\u00e4 18.3.2022. Kokoonnuimme pienell\u00e4 porukalla&hellip; <a class=\"more-link\" href=\"https:\/\/blogit.gradia.fi\/puhallinorkesteri\/2023\/10\/04\/peltojen-pirteista-kaupunkien-kamareihin-keski-suomi-all-stars-6-8-10-2023\/\">Jatka lukemista <span class=\"screen-reader-text\">Peltojen pirteist\u00e4 kaupunkien kamareihin &#8211; Keski-Suomi All Stars 6.-8.10.2023<\/span><\/a><\/p>\n","protected":false},"author":805,"featured_media":0,"comment_status":"open","ping_status":"open","sticky":false,"template":"","format":"standard","meta":{"_uag_custom_page_level_css":"","footnotes":""},"categories":[1],"tags":[],"class_list":["post-316","post","type-post","status-publish","format-standard","hentry","category-yleinen","entry"],"yoast_head":"<!-- This site is optimized with the Yoast SEO plugin v27.5 - https:\/\/yoast.com\/product\/yoast-seo-wordpress\/ -->\n<title>Peltojen pirteist\u00e4 kaupunkien kamareihin - Keski-Suomi All Stars 6.-8.10.2023 - Maakunnallista puhallinorkesteritoimintaa taiteen perusopetuksessa<\/title>\n<meta name=\"robots\" content=\"index, follow, max-snippet:-1, max-image-preview:large, max-video-preview:-1\" \/>\n<link rel=\"canonical\" href=\"https:\/\/blogit.gradia.fi\/puhallinorkesteri\/2023\/10\/04\/peltojen-pirteista-kaupunkien-kamareihin-keski-suomi-all-stars-6-8-10-2023\/\" \/>\n<meta property=\"og:locale\" content=\"fi_FI\" \/>\n<meta property=\"og:type\" content=\"article\" \/>\n<meta property=\"og:title\" content=\"Peltojen pirteist\u00e4 kaupunkien kamareihin - Keski-Suomi All Stars 6.-8.10.2023 - Maakunnallista puhallinorkesteritoimintaa taiteen perusopetuksessa\" \/>\n<meta property=\"og:description\" content=\"Suomalainen musiikkikampus soi 230 soittajan voimalla Peltojen pirteist\u00e4 kaupunkien kamareihin -tapahtumassa lokakuun alussa. Orivesi All Stars -pelimannikollektiivin kanssa yhteisty\u00f6ss\u00e4 j\u00e4rjestett\u00e4v\u00e4 Peltojen pirteist\u00e4 kaupunkien kamareihin -koulutusviikonloppu j\u00e4rjestet\u00e4\u00e4n 6.-8.10.2023 Jyv\u00e4skyl\u00e4ss\u00e4 Suomalaisella musiikkikampuksella. Kun edellinen maakunnallinen projekti saatiin p\u00e4\u00e4t\u00f6kseen, uuden tapahtuman suunnittelu oli t\u00e4ydess\u00e4 vauhdissa. L\u00e4ht\u00f6s\u00e4velet uudelle maakunnallliselle tapahtumalle luotiin Valtakunnallisten puhallinp\u00e4ivien yhteydess\u00e4 Jyv\u00e4skyl\u00e4ss\u00e4 18.3.2022. Kokoonnuimme pienell\u00e4 porukalla&hellip; Jatka lukemista Peltojen pirteist\u00e4 kaupunkien kamareihin &#8211; Keski-Suomi All Stars 6.-8.10.2023\" \/>\n<meta property=\"og:url\" content=\"https:\/\/blogit.gradia.fi\/puhallinorkesteri\/2023\/10\/04\/peltojen-pirteista-kaupunkien-kamareihin-keski-suomi-all-stars-6-8-10-2023\/\" \/>\n<meta property=\"og:site_name\" content=\"Maakunnallista puhallinorkesteritoimintaa taiteen perusopetuksessa\" \/>\n<meta property=\"article:published_time\" content=\"2023-10-04T08:05:43+00:00\" \/>\n<meta property=\"article:modified_time\" content=\"2023-10-04T08:05:45+00:00\" \/>\n<meta property=\"og:image\" content=\"https:\/\/blogit.gradia.fi\/puhallinorkesteri\/wp-content\/uploads\/sites\/267\/2023\/10\/KS-AllStars_juliste_FINAL-1024x724.jpg\" \/>\n<meta name=\"author\" content=\"Niina Sapattinen\" \/>\n<meta name=\"twitter:card\" content=\"summary_large_image\" \/>\n<meta name=\"twitter:label1\" content=\"Kirjoittanut\" \/>\n\t<meta name=\"twitter:data1\" content=\"Niina Sapattinen\" \/>\n\t<meta name=\"twitter:label2\" content=\"Arvioitu lukuaika\" \/>\n\t<meta name=\"twitter:data2\" content=\"3 minuuttia\" \/>\n<script type=\"application\/ld+json\" class=\"yoast-schema-graph\">{\"@context\":\"https:\\\/\\\/schema.org\",\"@graph\":[{\"@type\":\"Article\",\"@id\":\"https:\\\/\\\/blogit.gradia.fi\\\/puhallinorkesteri\\\/2023\\\/10\\\/04\\\/peltojen-pirteista-kaupunkien-kamareihin-keski-suomi-all-stars-6-8-10-2023\\\/#article\",\"isPartOf\":{\"@id\":\"https:\\\/\\\/blogit.gradia.fi\\\/puhallinorkesteri\\\/2023\\\/10\\\/04\\\/peltojen-pirteista-kaupunkien-kamareihin-keski-suomi-all-stars-6-8-10-2023\\\/\"},\"author\":{\"name\":\"Niina Sapattinen\",\"@id\":\"https:\\\/\\\/blogit.gradia.fi\\\/puhallinorkesteri\\\/#\\\/schema\\\/person\\\/e13b134d48e82e9653cc868c43f32b9b\"},\"headline\":\"Peltojen pirteist\u00e4 kaupunkien kamareihin &#8211; Keski-Suomi All Stars 6.-8.10.2023\",\"datePublished\":\"2023-10-04T08:05:43+00:00\",\"dateModified\":\"2023-10-04T08:05:45+00:00\",\"mainEntityOfPage\":{\"@id\":\"https:\\\/\\\/blogit.gradia.fi\\\/puhallinorkesteri\\\/2023\\\/10\\\/04\\\/peltojen-pirteista-kaupunkien-kamareihin-keski-suomi-all-stars-6-8-10-2023\\\/\"},\"wordCount\":416,\"commentCount\":0,\"image\":{\"@id\":\"https:\\\/\\\/blogit.gradia.fi\\\/puhallinorkesteri\\\/2023\\\/10\\\/04\\\/peltojen-pirteista-kaupunkien-kamareihin-keski-suomi-all-stars-6-8-10-2023\\\/#primaryimage\"},\"thumbnailUrl\":\"https:\\\/\\\/blogit.gradia.fi\\\/puhallinorkesteri\\\/wp-content\\\/uploads\\\/sites\\\/267\\\/2023\\\/10\\\/KS-AllStars_juliste_FINAL-1024x724.jpg\",\"inLanguage\":\"fi\",\"potentialAction\":[{\"@type\":\"CommentAction\",\"name\":\"Comment\",\"target\":[\"https:\\\/\\\/blogit.gradia.fi\\\/puhallinorkesteri\\\/2023\\\/10\\\/04\\\/peltojen-pirteista-kaupunkien-kamareihin-keski-suomi-all-stars-6-8-10-2023\\\/#respond\"]}]},{\"@type\":\"WebPage\",\"@id\":\"https:\\\/\\\/blogit.gradia.fi\\\/puhallinorkesteri\\\/2023\\\/10\\\/04\\\/peltojen-pirteista-kaupunkien-kamareihin-keski-suomi-all-stars-6-8-10-2023\\\/\",\"url\":\"https:\\\/\\\/blogit.gradia.fi\\\/puhallinorkesteri\\\/2023\\\/10\\\/04\\\/peltojen-pirteista-kaupunkien-kamareihin-keski-suomi-all-stars-6-8-10-2023\\\/\",\"name\":\"Peltojen pirteist\u00e4 kaupunkien kamareihin - Keski-Suomi All Stars 6.-8.10.2023 - Maakunnallista puhallinorkesteritoimintaa taiteen perusopetuksessa\",\"isPartOf\":{\"@id\":\"https:\\\/\\\/blogit.gradia.fi\\\/puhallinorkesteri\\\/#website\"},\"primaryImageOfPage\":{\"@id\":\"https:\\\/\\\/blogit.gradia.fi\\\/puhallinorkesteri\\\/2023\\\/10\\\/04\\\/peltojen-pirteista-kaupunkien-kamareihin-keski-suomi-all-stars-6-8-10-2023\\\/#primaryimage\"},\"image\":{\"@id\":\"https:\\\/\\\/blogit.gradia.fi\\\/puhallinorkesteri\\\/2023\\\/10\\\/04\\\/peltojen-pirteista-kaupunkien-kamareihin-keski-suomi-all-stars-6-8-10-2023\\\/#primaryimage\"},\"thumbnailUrl\":\"https:\\\/\\\/blogit.gradia.fi\\\/puhallinorkesteri\\\/wp-content\\\/uploads\\\/sites\\\/267\\\/2023\\\/10\\\/KS-AllStars_juliste_FINAL-1024x724.jpg\",\"datePublished\":\"2023-10-04T08:05:43+00:00\",\"dateModified\":\"2023-10-04T08:05:45+00:00\",\"author\":{\"@id\":\"https:\\\/\\\/blogit.gradia.fi\\\/puhallinorkesteri\\\/#\\\/schema\\\/person\\\/e13b134d48e82e9653cc868c43f32b9b\"},\"breadcrumb\":{\"@id\":\"https:\\\/\\\/blogit.gradia.fi\\\/puhallinorkesteri\\\/2023\\\/10\\\/04\\\/peltojen-pirteista-kaupunkien-kamareihin-keski-suomi-all-stars-6-8-10-2023\\\/#breadcrumb\"},\"inLanguage\":\"fi\",\"potentialAction\":[{\"@type\":\"ReadAction\",\"target\":[\"https:\\\/\\\/blogit.gradia.fi\\\/puhallinorkesteri\\\/2023\\\/10\\\/04\\\/peltojen-pirteista-kaupunkien-kamareihin-keski-suomi-all-stars-6-8-10-2023\\\/\"]}]},{\"@type\":\"ImageObject\",\"inLanguage\":\"fi\",\"@id\":\"https:\\\/\\\/blogit.gradia.fi\\\/puhallinorkesteri\\\/2023\\\/10\\\/04\\\/peltojen-pirteista-kaupunkien-kamareihin-keski-suomi-all-stars-6-8-10-2023\\\/#primaryimage\",\"url\":\"https:\\\/\\\/blogit.gradia.fi\\\/puhallinorkesteri\\\/wp-content\\\/uploads\\\/sites\\\/267\\\/2023\\\/10\\\/KS-AllStars_juliste_FINAL.jpg\",\"contentUrl\":\"https:\\\/\\\/blogit.gradia.fi\\\/puhallinorkesteri\\\/wp-content\\\/uploads\\\/sites\\\/267\\\/2023\\\/10\\\/KS-AllStars_juliste_FINAL.jpg\",\"width\":1191,\"height\":842},{\"@type\":\"BreadcrumbList\",\"@id\":\"https:\\\/\\\/blogit.gradia.fi\\\/puhallinorkesteri\\\/2023\\\/10\\\/04\\\/peltojen-pirteista-kaupunkien-kamareihin-keski-suomi-all-stars-6-8-10-2023\\\/#breadcrumb\",\"itemListElement\":[{\"@type\":\"ListItem\",\"position\":1,\"name\":\"Etusivu\",\"item\":\"https:\\\/\\\/blogit.gradia.fi\\\/puhallinorkesteri\\\/\"},{\"@type\":\"ListItem\",\"position\":2,\"name\":\"Peltojen pirteist\u00e4 kaupunkien kamareihin &#8211; Keski-Suomi All Stars 6.-8.10.2023\"}]},{\"@type\":\"WebSite\",\"@id\":\"https:\\\/\\\/blogit.gradia.fi\\\/puhallinorkesteri\\\/#website\",\"url\":\"https:\\\/\\\/blogit.gradia.fi\\\/puhallinorkesteri\\\/\",\"name\":\"Maakunnallista puhallinorkesteritoimintaa taiteen perusopetuksessa\",\"description\":\"Uusi Gradia-blogit-sivustot -sivusto\",\"potentialAction\":[{\"@type\":\"SearchAction\",\"target\":{\"@type\":\"EntryPoint\",\"urlTemplate\":\"https:\\\/\\\/blogit.gradia.fi\\\/puhallinorkesteri\\\/?s={search_term_string}\"},\"query-input\":{\"@type\":\"PropertyValueSpecification\",\"valueRequired\":true,\"valueName\":\"search_term_string\"}}],\"inLanguage\":\"fi\"},{\"@type\":\"Person\",\"@id\":\"https:\\\/\\\/blogit.gradia.fi\\\/puhallinorkesteri\\\/#\\\/schema\\\/person\\\/e13b134d48e82e9653cc868c43f32b9b\",\"name\":\"Niina Sapattinen\",\"image\":{\"@type\":\"ImageObject\",\"inLanguage\":\"fi\",\"@id\":\"https:\\\/\\\/secure.gravatar.com\\\/avatar\\\/cfe3808d481255b6eeaed93b8a4c7c34e9e376fcfd3f41b0a7ea590c0277f406?s=96&d=mm&r=g\",\"url\":\"https:\\\/\\\/secure.gravatar.com\\\/avatar\\\/cfe3808d481255b6eeaed93b8a4c7c34e9e376fcfd3f41b0a7ea590c0277f406?s=96&d=mm&r=g\",\"contentUrl\":\"https:\\\/\\\/secure.gravatar.com\\\/avatar\\\/cfe3808d481255b6eeaed93b8a4c7c34e9e376fcfd3f41b0a7ea590c0277f406?s=96&d=mm&r=g\",\"caption\":\"Niina Sapattinen\"},\"url\":\"https:\\\/\\\/blogit.gradia.fi\\\/puhallinorkesteri\\\/author\\\/sapatnii\\\/\"}]}<\/script>\n<!-- \/ Yoast SEO plugin. -->","yoast_head_json":{"title":"Peltojen pirteist\u00e4 kaupunkien kamareihin - Keski-Suomi All Stars 6.-8.10.2023 - Maakunnallista puhallinorkesteritoimintaa taiteen perusopetuksessa","robots":{"index":"index","follow":"follow","max-snippet":"max-snippet:-1","max-image-preview":"max-image-preview:large","max-video-preview":"max-video-preview:-1"},"canonical":"https:\/\/blogit.gradia.fi\/puhallinorkesteri\/2023\/10\/04\/peltojen-pirteista-kaupunkien-kamareihin-keski-suomi-all-stars-6-8-10-2023\/","og_locale":"fi_FI","og_type":"article","og_title":"Peltojen pirteist\u00e4 kaupunkien kamareihin - Keski-Suomi All Stars 6.-8.10.2023 - Maakunnallista puhallinorkesteritoimintaa taiteen perusopetuksessa","og_description":"Suomalainen musiikkikampus soi 230 soittajan voimalla Peltojen pirteist\u00e4 kaupunkien kamareihin -tapahtumassa lokakuun alussa. Orivesi All Stars -pelimannikollektiivin kanssa yhteisty\u00f6ss\u00e4 j\u00e4rjestett\u00e4v\u00e4 Peltojen pirteist\u00e4 kaupunkien kamareihin -koulutusviikonloppu j\u00e4rjestet\u00e4\u00e4n 6.-8.10.2023 Jyv\u00e4skyl\u00e4ss\u00e4 Suomalaisella musiikkikampuksella. Kun edellinen maakunnallinen projekti saatiin p\u00e4\u00e4t\u00f6kseen, uuden tapahtuman suunnittelu oli t\u00e4ydess\u00e4 vauhdissa. L\u00e4ht\u00f6s\u00e4velet uudelle maakunnallliselle tapahtumalle luotiin Valtakunnallisten puhallinp\u00e4ivien yhteydess\u00e4 Jyv\u00e4skyl\u00e4ss\u00e4 18.3.2022. Kokoonnuimme pienell\u00e4 porukalla&hellip; Jatka lukemista Peltojen pirteist\u00e4 kaupunkien kamareihin &#8211; Keski-Suomi All Stars 6.-8.10.2023","og_url":"https:\/\/blogit.gradia.fi\/puhallinorkesteri\/2023\/10\/04\/peltojen-pirteista-kaupunkien-kamareihin-keski-suomi-all-stars-6-8-10-2023\/","og_site_name":"Maakunnallista puhallinorkesteritoimintaa taiteen perusopetuksessa","article_published_time":"2023-10-04T08:05:43+00:00","article_modified_time":"2023-10-04T08:05:45+00:00","og_image":[{"url":"https:\/\/blogit.gradia.fi\/puhallinorkesteri\/wp-content\/uploads\/sites\/267\/2023\/10\/KS-AllStars_juliste_FINAL-1024x724.jpg","type":"","width":"","height":""}],"author":"Niina Sapattinen","twitter_card":"summary_large_image","twitter_misc":{"Kirjoittanut":"Niina Sapattinen","Arvioitu lukuaika":"3 minuuttia"},"schema":{"@context":"https:\/\/schema.org","@graph":[{"@type":"Article","@id":"https:\/\/blogit.gradia.fi\/puhallinorkesteri\/2023\/10\/04\/peltojen-pirteista-kaupunkien-kamareihin-keski-suomi-all-stars-6-8-10-2023\/#article","isPartOf":{"@id":"https:\/\/blogit.gradia.fi\/puhallinorkesteri\/2023\/10\/04\/peltojen-pirteista-kaupunkien-kamareihin-keski-suomi-all-stars-6-8-10-2023\/"},"author":{"name":"Niina Sapattinen","@id":"https:\/\/blogit.gradia.fi\/puhallinorkesteri\/#\/schema\/person\/e13b134d48e82e9653cc868c43f32b9b"},"headline":"Peltojen pirteist\u00e4 kaupunkien kamareihin &#8211; Keski-Suomi All Stars 6.-8.10.2023","datePublished":"2023-10-04T08:05:43+00:00","dateModified":"2023-10-04T08:05:45+00:00","mainEntityOfPage":{"@id":"https:\/\/blogit.gradia.fi\/puhallinorkesteri\/2023\/10\/04\/peltojen-pirteista-kaupunkien-kamareihin-keski-suomi-all-stars-6-8-10-2023\/"},"wordCount":416,"commentCount":0,"image":{"@id":"https:\/\/blogit.gradia.fi\/puhallinorkesteri\/2023\/10\/04\/peltojen-pirteista-kaupunkien-kamareihin-keski-suomi-all-stars-6-8-10-2023\/#primaryimage"},"thumbnailUrl":"https:\/\/blogit.gradia.fi\/puhallinorkesteri\/wp-content\/uploads\/sites\/267\/2023\/10\/KS-AllStars_juliste_FINAL-1024x724.jpg","inLanguage":"fi","potentialAction":[{"@type":"CommentAction","name":"Comment","target":["https:\/\/blogit.gradia.fi\/puhallinorkesteri\/2023\/10\/04\/peltojen-pirteista-kaupunkien-kamareihin-keski-suomi-all-stars-6-8-10-2023\/#respond"]}]},{"@type":"WebPage","@id":"https:\/\/blogit.gradia.fi\/puhallinorkesteri\/2023\/10\/04\/peltojen-pirteista-kaupunkien-kamareihin-keski-suomi-all-stars-6-8-10-2023\/","url":"https:\/\/blogit.gradia.fi\/puhallinorkesteri\/2023\/10\/04\/peltojen-pirteista-kaupunkien-kamareihin-keski-suomi-all-stars-6-8-10-2023\/","name":"Peltojen pirteist\u00e4 kaupunkien kamareihin - Keski-Suomi All Stars 6.-8.10.2023 - Maakunnallista puhallinorkesteritoimintaa taiteen perusopetuksessa","isPartOf":{"@id":"https:\/\/blogit.gradia.fi\/puhallinorkesteri\/#website"},"primaryImageOfPage":{"@id":"https:\/\/blogit.gradia.fi\/puhallinorkesteri\/2023\/10\/04\/peltojen-pirteista-kaupunkien-kamareihin-keski-suomi-all-stars-6-8-10-2023\/#primaryimage"},"image":{"@id":"https:\/\/blogit.gradia.fi\/puhallinorkesteri\/2023\/10\/04\/peltojen-pirteista-kaupunkien-kamareihin-keski-suomi-all-stars-6-8-10-2023\/#primaryimage"},"thumbnailUrl":"https:\/\/blogit.gradia.fi\/puhallinorkesteri\/wp-content\/uploads\/sites\/267\/2023\/10\/KS-AllStars_juliste_FINAL-1024x724.jpg","datePublished":"2023-10-04T08:05:43+00:00","dateModified":"2023-10-04T08:05:45+00:00","author":{"@id":"https:\/\/blogit.gradia.fi\/puhallinorkesteri\/#\/schema\/person\/e13b134d48e82e9653cc868c43f32b9b"},"breadcrumb":{"@id":"https:\/\/blogit.gradia.fi\/puhallinorkesteri\/2023\/10\/04\/peltojen-pirteista-kaupunkien-kamareihin-keski-suomi-all-stars-6-8-10-2023\/#breadcrumb"},"inLanguage":"fi","potentialAction":[{"@type":"ReadAction","target":["https:\/\/blogit.gradia.fi\/puhallinorkesteri\/2023\/10\/04\/peltojen-pirteista-kaupunkien-kamareihin-keski-suomi-all-stars-6-8-10-2023\/"]}]},{"@type":"ImageObject","inLanguage":"fi","@id":"https:\/\/blogit.gradia.fi\/puhallinorkesteri\/2023\/10\/04\/peltojen-pirteista-kaupunkien-kamareihin-keski-suomi-all-stars-6-8-10-2023\/#primaryimage","url":"https:\/\/blogit.gradia.fi\/puhallinorkesteri\/wp-content\/uploads\/sites\/267\/2023\/10\/KS-AllStars_juliste_FINAL.jpg","contentUrl":"https:\/\/blogit.gradia.fi\/puhallinorkesteri\/wp-content\/uploads\/sites\/267\/2023\/10\/KS-AllStars_juliste_FINAL.jpg","width":1191,"height":842},{"@type":"BreadcrumbList","@id":"https:\/\/blogit.gradia.fi\/puhallinorkesteri\/2023\/10\/04\/peltojen-pirteista-kaupunkien-kamareihin-keski-suomi-all-stars-6-8-10-2023\/#breadcrumb","itemListElement":[{"@type":"ListItem","position":1,"name":"Etusivu","item":"https:\/\/blogit.gradia.fi\/puhallinorkesteri\/"},{"@type":"ListItem","position":2,"name":"Peltojen pirteist\u00e4 kaupunkien kamareihin &#8211; Keski-Suomi All Stars 6.-8.10.2023"}]},{"@type":"WebSite","@id":"https:\/\/blogit.gradia.fi\/puhallinorkesteri\/#website","url":"https:\/\/blogit.gradia.fi\/puhallinorkesteri\/","name":"Maakunnallista puhallinorkesteritoimintaa taiteen perusopetuksessa","description":"Uusi Gradia-blogit-sivustot -sivusto","potentialAction":[{"@type":"SearchAction","target":{"@type":"EntryPoint","urlTemplate":"https:\/\/blogit.gradia.fi\/puhallinorkesteri\/?s={search_term_string}"},"query-input":{"@type":"PropertyValueSpecification","valueRequired":true,"valueName":"search_term_string"}}],"inLanguage":"fi"},{"@type":"Person","@id":"https:\/\/blogit.gradia.fi\/puhallinorkesteri\/#\/schema\/person\/e13b134d48e82e9653cc868c43f32b9b","name":"Niina Sapattinen","image":{"@type":"ImageObject","inLanguage":"fi","@id":"https:\/\/secure.gravatar.com\/avatar\/cfe3808d481255b6eeaed93b8a4c7c34e9e376fcfd3f41b0a7ea590c0277f406?s=96&d=mm&r=g","url":"https:\/\/secure.gravatar.com\/avatar\/cfe3808d481255b6eeaed93b8a4c7c34e9e376fcfd3f41b0a7ea590c0277f406?s=96&d=mm&r=g","contentUrl":"https:\/\/secure.gravatar.com\/avatar\/cfe3808d481255b6eeaed93b8a4c7c34e9e376fcfd3f41b0a7ea590c0277f406?s=96&d=mm&r=g","caption":"Niina Sapattinen"},"url":"https:\/\/blogit.gradia.fi\/puhallinorkesteri\/author\/sapatnii\/"}]}},"uagb_featured_image_src":{"full":false,"thumbnail":false,"medium":false,"medium_large":false,"large":false,"1536x1536":false,"2048x2048":false,"post-thumbnail":false},"uagb_author_info":{"display_name":"Niina Sapattinen","author_link":"https:\/\/blogit.gradia.fi\/puhallinorkesteri\/author\/sapatnii\/"},"uagb_comment_info":0,"uagb_excerpt":"Suomalainen musiikkikampus soi 230 soittajan voimalla Peltojen pirteist\u00e4 kaupunkien kamareihin -tapahtumassa lokakuun alussa. Orivesi All Stars -pelimannikollektiivin kanssa yhteisty\u00f6ss\u00e4 j\u00e4rjestett\u00e4v\u00e4 Peltojen pirteist\u00e4 kaupunkien kamareihin -koulutusviikonloppu j\u00e4rjestet\u00e4\u00e4n 6.-8.10.2023 Jyv\u00e4skyl\u00e4ss\u00e4 Suomalaisella musiikkikampuksella. Kun edellinen maakunnallinen projekti saatiin p\u00e4\u00e4t\u00f6kseen, uuden tapahtuman suunnittelu oli t\u00e4ydess\u00e4 vauhdissa. L\u00e4ht\u00f6s\u00e4velet uudelle maakunnallliselle tapahtumalle luotiin Valtakunnallisten puhallinp\u00e4ivien yhteydess\u00e4 Jyv\u00e4skyl\u00e4ss\u00e4 18.3.2022. Kokoonnuimme pienell\u00e4 porukalla&hellip;&hellip;","_links":{"self":[{"href":"https:\/\/blogit.gradia.fi\/puhallinorkesteri\/wp-json\/wp\/v2\/posts\/316","targetHints":{"allow":["GET"]}}],"collection":[{"href":"https:\/\/blogit.gradia.fi\/puhallinorkesteri\/wp-json\/wp\/v2\/posts"}],"about":[{"href":"https:\/\/blogit.gradia.fi\/puhallinorkesteri\/wp-json\/wp\/v2\/types\/post"}],"author":[{"embeddable":true,"href":"https:\/\/blogit.gradia.fi\/puhallinorkesteri\/wp-json\/wp\/v2\/users\/805"}],"replies":[{"embeddable":true,"href":"https:\/\/blogit.gradia.fi\/puhallinorkesteri\/wp-json\/wp\/v2\/comments?post=316"}],"version-history":[{"count":1,"href":"https:\/\/blogit.gradia.fi\/puhallinorkesteri\/wp-json\/wp\/v2\/posts\/316\/revisions"}],"predecessor-version":[{"id":318,"href":"https:\/\/blogit.gradia.fi\/puhallinorkesteri\/wp-json\/wp\/v2\/posts\/316\/revisions\/318"}],"wp:attachment":[{"href":"https:\/\/blogit.gradia.fi\/puhallinorkesteri\/wp-json\/wp\/v2\/media?parent=316"}],"wp:term":[{"taxonomy":"category","embeddable":true,"href":"https:\/\/blogit.gradia.fi\/puhallinorkesteri\/wp-json\/wp\/v2\/categories?post=316"},{"taxonomy":"post_tag","embeddable":true,"href":"https:\/\/blogit.gradia.fi\/puhallinorkesteri\/wp-json\/wp\/v2\/tags?post=316"}],"curies":[{"name":"wp","href":"https:\/\/api.w.org\/{rel}","templated":true}]}}