{"id":279,"date":"2022-08-08T11:58:44","date_gmt":"2022-08-08T08:58:44","guid":{"rendered":"https:\/\/blogit.gradia.fi\/puhallinorkesteri\/?p=279"},"modified":"2022-09-28T09:30:15","modified_gmt":"2022-09-28T06:30:15","slug":"maakunnallinen-puhallinorkesteri-coda","status":"publish","type":"post","link":"https:\/\/blogit.gradia.fi\/puhallinorkesteri\/2022\/08\/08\/maakunnallinen-puhallinorkesteri-coda\/","title":{"rendered":"Maakunnallinen puhallinorkesteri: coda"},"content":{"rendered":"\n<figure class=\"wp-block-image size-large\"><img loading=\"lazy\" decoding=\"async\" width=\"1024\" height=\"343\" src=\"https:\/\/blogit.gradia.fi\/puhallinorkesteri\/wp-content\/uploads\/sites\/267\/2022\/08\/KSL-logo-1024x343.png\" alt=\"\" class=\"wp-image-295\" srcset=\"https:\/\/blogit.gradia.fi\/puhallinorkesteri\/wp-content\/uploads\/sites\/267\/2022\/08\/KSL-logo-1024x343.png 1024w, https:\/\/blogit.gradia.fi\/puhallinorkesteri\/wp-content\/uploads\/sites\/267\/2022\/08\/KSL-logo-300x100.png 300w, https:\/\/blogit.gradia.fi\/puhallinorkesteri\/wp-content\/uploads\/sites\/267\/2022\/08\/KSL-logo-768x257.png 768w, https:\/\/blogit.gradia.fi\/puhallinorkesteri\/wp-content\/uploads\/sites\/267\/2022\/08\/KSL-logo.png 1422w\" sizes=\"auto, (max-width: 1024px) 100vw, 1024px\" \/><\/figure>\n\n\n\n<p>Soittajalapset ja -nuoret kirmasivat toukokuussa kes\u00e4laitumille ja viettiv\u00e4t todenn\u00e4k\u00f6isesti ihanan rentouttavan kes\u00e4n. Toivottavasti he ajattelivat my\u00f6s kulunutta vuotta mukavine konsertteineen ja kohtaamisineen puhallinorkesterihankkeen parissa. Ehk\u00e4p\u00e4 joku konsertissa kuulijana ollut lapsi miettii juuri nyt kuumeisesti soittoharrastuksen aloittamista. On hankkeen loppuraportoinnin aika. <\/p>\n\n\n\n<figure class=\"wp-block-image size-large\"><img loading=\"lazy\" decoding=\"async\" width=\"1024\" height=\"683\" src=\"https:\/\/blogit.gradia.fi\/puhallinorkesteri\/wp-content\/uploads\/sites\/267\/2022\/08\/34e84a51-7616-409c-9247-8dc51fd49b0d-1024x683.jpg\" alt=\"\" class=\"wp-image-283\" srcset=\"https:\/\/blogit.gradia.fi\/puhallinorkesteri\/wp-content\/uploads\/sites\/267\/2022\/08\/34e84a51-7616-409c-9247-8dc51fd49b0d-1024x683.jpg 1024w, https:\/\/blogit.gradia.fi\/puhallinorkesteri\/wp-content\/uploads\/sites\/267\/2022\/08\/34e84a51-7616-409c-9247-8dc51fd49b0d-300x200.jpg 300w, https:\/\/blogit.gradia.fi\/puhallinorkesteri\/wp-content\/uploads\/sites\/267\/2022\/08\/34e84a51-7616-409c-9247-8dc51fd49b0d-768x512.jpg 768w, https:\/\/blogit.gradia.fi\/puhallinorkesteri\/wp-content\/uploads\/sites\/267\/2022\/08\/34e84a51-7616-409c-9247-8dc51fd49b0d-1536x1024.jpg 1536w, https:\/\/blogit.gradia.fi\/puhallinorkesteri\/wp-content\/uploads\/sites\/267\/2022\/08\/34e84a51-7616-409c-9247-8dc51fd49b0d-1568x1046.jpg 1568w, https:\/\/blogit.gradia.fi\/puhallinorkesteri\/wp-content\/uploads\/sites\/267\/2022\/08\/34e84a51-7616-409c-9247-8dc51fd49b0d.jpg 1600w\" sizes=\"auto, (max-width: 1024px) 100vw, 1024px\" \/><figcaption>(kuva: Helena Minkkil\u00e4)<\/figcaption><\/figure>\n\n\n\n<p><strong>Hankkeen tavoitteiden toteutuminen<\/strong><\/p>\n\n\n\n<p>K\u00e4yn seuraavassa lyhyesti l\u00e4pi, miten hankkeen tavoitteet toteutuivat.<\/p>\n\n\n\n<p><strong>Tavoite 1: Maakunnallisen puhallinorkesteritoiminnan aloittaminen<\/strong>&nbsp;<\/p>\n\n\n\n<p>Hankkeeseen saatiin mukaan soittajia L\u00e4ntisen Keski-Suomen ja J\u00e4ms\u00e4njokilaakson musiikkiopistoista, Jyv\u00e4skyl\u00e4n kansalaisopistosta, Jyv\u00e4skyl\u00e4n yliopistosta ja Jyv\u00e4skyl\u00e4n ammattikorkeakoulusta sek\u00e4 harrastelijapuhallinorkesteri Jyv\u00e4skyl\u00e4n puhallinorkesterista. Parhaimmillaan Gradian ulkopuolisia soittajia maakunnasta mukana oli 32. Koska mukaan saatiin muitakin kuin virallisten yhteisty\u00f6oppilaitosten soittajia, voidaan katsoa, ett\u00e4 hanke her\u00e4tti puhallinorkesteripiireiss\u00e4 laajaa huomiota ja n\u00e4in ollen tavoite 1 t\u00e4yttyi hyvin. Koska puhallinsoittajat ymp\u00e4ri maakuntaa tulivat tutuiksi, toimintaa on helppo jatkaa my\u00f6s tulevaisuudessa.&nbsp;<\/p>\n\n\n\n<p><strong>Tavoite 2: Maakunnallisen n\u00e4kyvyyden lis\u00e4\u00e4minen<\/strong>&nbsp;<\/p>\n\n\n\n<p>Maakunnallisten puhallinorkestereiden kuudessa konsertissa oli paikalla live-yleis\u00f6\u00e4 yhteens\u00e4 noin 850 henkil\u00f6\u00e4. Lis\u00e4ksi nelj\u00e4 konserttia striimattiin ja konsertit olivat n\u00e4ht\u00e4vill\u00e4 YouTubessa kaksi viikkoa. Striimin kautta konsertteja katsottiin yhteens\u00e4 2129 kertaa. Vaikka osa n\u00e4ist\u00e4 on varmasti samoja henkil\u00f6it\u00e4, jotka ovat olleet sek\u00e4 paikan p\u00e4\u00e4ll\u00e4 ett\u00e4 katsoneet konsertin striimin kautta my\u00f6hemmin ja osa on voinut katsoa konsertin useamman kerran, voidaan karkeasti arvioida, ett\u00e4 konsertit tavoittivat yhteens\u00e4 l\u00e4hemm\u00e4s 3000 katselijaa. Koska kaksi konserteista pidettiin valtakunnallisen tapahtuman yhteydess\u00e4, osa yleis\u00f6st\u00e4 tuli my\u00f6s maakunnan ulkopuolelta eli hanke sai t\u00e4t\u00e4 kautta my\u00f6s valtakunnallista n\u00e4kyvyytt\u00e4 ja tunnettavuutta. Hankerahoituksen vuoksi mihink\u00e4\u00e4n konserttiin ei ollut p\u00e4\u00e4symaksuja, vaan ne olivat avoimia kaikille keskisuomalaisille ja my\u00f6s muualta paikan p\u00e4\u00e4lle saapuneille konserttivieraille. Suur-Keuruu -lehti julkaisi lehdess\u00e4\u00e4n etusivun jutun hankkeesta ja konsertistamme Keuruulla. Lis\u00e4ksi valtakunnallinen Puhallinorkesteri-lehti julkaisi jutun hankkeesta. N\u00e4ihin argumentteihin pohjautuen voitaneen katsoa tavoitteen kaksi t\u00e4yttyneen.&nbsp;&nbsp;<\/p>\n\n\n\n<p><strong>Tavoite 3: Uusien harrastajien saaminen taiteen (musiikin) perusopetuksen piiriin<\/strong>&nbsp;<\/p>\n\n\n\n<p>Toistaiseksi on vaikea sanoa, toteutuiko t\u00e4m\u00e4 tavoite, mutta ainakin koululaiskonserteissa oli kuultavissa lasten suusta ihailua ja aitoa kiinnostusta soittoharrastusta kohtaan. On toivottavaa, ett\u00e4 yh\u00e4 enemm\u00e4n lapsia hakeutuisi konserttien innoittamana syksyll\u00e4 soittoharrastuksen pariin niin Jyv\u00e4skyl\u00e4ss\u00e4, J\u00e4ms\u00e4ss\u00e4 kuin Keuruullakin. Ainakin Jyv\u00e4skyl\u00e4ss\u00e4 hakijoita on ollut enemm\u00e4n koronavuosiin verrattuna.&nbsp;&nbsp;<\/p>\n\n\n\n<p>Keuruulla saimme kunnian olla ensimm\u00e4inen ulkopuolinen vierailija koulussa koronavuosien sulun j\u00e4lkeen. Kuulimme lasten suusta ihastuneita huudahduksia soittomme aikana, ja opettajatkin olivat sit\u00e4 mielt\u00e4, ett\u00e4 juuri t\u00e4llaista lapset kaipasivat. Opettajat uskoivat my\u00f6s kiinnostuksen soittoharrastukseen lis\u00e4\u00e4ntyv\u00e4n konserttimme my\u00f6t\u00e4. Kaikenlaisen n\u00e4kyvyyden lis\u00e4\u00e4ntymisen my\u00f6t\u00e4 my\u00f6s soittajien m\u00e4\u00e4r\u00e4 kasvaa, mik\u00e4 on ensiarvoisen t\u00e4rke\u00e4\u00e4 orkesteritoiminnan yll\u00e4pit\u00e4misess\u00e4. Erityisesti pienill\u00e4 paikkakunnilla t\u00e4llainen vierailu voi olla merkitt\u00e4v\u00e4, kun lapset pohtivat harrastuksiaan \u2013 etenkin kun harrastusmahdollisuuksia pienemm\u00e4ll\u00e4 paikkakunnalla on v\u00e4hemm\u00e4n. J\u00e4ms\u00e4nkoskella puolestaan kapellimestarimme ja soittajat olivat t\u00e4hti\u00e4, koska koulun oppilaat eiv\u00e4t tienneet, ett\u00e4 heid\u00e4n opettajansa, joka on samalla my\u00f6s kapellimestarimme, osaa my\u00f6s johtaa orkesteria.&nbsp; T\u00e4ss\u00e4 vain esimerkkin\u00e4 pari pient\u00e4 seikkaa, joilla voi olla merkitt\u00e4v\u00e4 vaikutus uusien harrastajien l\u00f6ytymiseen.&nbsp;&nbsp;<\/p>\n\n\n\n<p>My\u00f6s soittajien vanhemmat saivat konkreettista n\u00e4ytt\u00f6\u00e4 siit\u00e4, mit\u00e4 puhallinorkesteritoiminta voi parhaimmillaan olla ja miten se sitouttaa lapsia soittoharrastuksen pariin. Moni lapsi sai uusia yst\u00e4vi\u00e4 yli kuntarajojen ja se helpottaa tietysti tulevien vuosien yhteisty\u00f6kuvioita. Pienempien lasten vanhempia oli mukana konserttimatkoilla ja he n\u00e4kiv\u00e4t n\u00e4in ollen l\u00e4helt\u00e4, mit\u00e4 orkesterissa soittaminen tarjoaa lapsille. Vanhemmat my\u00f6s aktivoituivat k\u00e4ym\u00e4\u00e4n konserteissa pitk\u00e4n koronatauon j\u00e4lkeen ja kokivat n\u00e4in p\u00e4\u00e4sev\u00e4ns\u00e4 soittoharrastuksen ytimeen. Vanhempien tuki soittoharrastuksessa on \u00e4\u00e4rimm\u00e4isen t\u00e4rke\u00e4, koska kotiharjoittelun merkitys kehityksen kannalta on merkitt\u00e4v\u00e4.&nbsp;<\/p>\n\n\n\n<figure class=\"wp-block-image size-large\"><img loading=\"lazy\" decoding=\"async\" width=\"1024\" height=\"768\" src=\"https:\/\/blogit.gradia.fi\/puhallinorkesteri\/wp-content\/uploads\/sites\/267\/2022\/08\/IMG_0172-1024x768.jpg\" alt=\"\" class=\"wp-image-284\" srcset=\"https:\/\/blogit.gradia.fi\/puhallinorkesteri\/wp-content\/uploads\/sites\/267\/2022\/08\/IMG_0172-1024x768.jpg 1024w, https:\/\/blogit.gradia.fi\/puhallinorkesteri\/wp-content\/uploads\/sites\/267\/2022\/08\/IMG_0172-300x225.jpg 300w, https:\/\/blogit.gradia.fi\/puhallinorkesteri\/wp-content\/uploads\/sites\/267\/2022\/08\/IMG_0172-768x576.jpg 768w, https:\/\/blogit.gradia.fi\/puhallinorkesteri\/wp-content\/uploads\/sites\/267\/2022\/08\/IMG_0172-1536x1152.jpg 1536w, https:\/\/blogit.gradia.fi\/puhallinorkesteri\/wp-content\/uploads\/sites\/267\/2022\/08\/IMG_0172-2048x1536.jpg 2048w, https:\/\/blogit.gradia.fi\/puhallinorkesteri\/wp-content\/uploads\/sites\/267\/2022\/08\/IMG_0172-1568x1176.jpg 1568w\" sizes=\"auto, (max-width: 1024px) 100vw, 1024px\" \/><figcaption>Keuruulla Kivel\u00e4n koulussa soittajia hymyilytti, koska vastaanotto oli niin mahtava! (kuva: Niina Sapattinen)<\/figcaption><\/figure>\n\n\n\n<p><strong>Tavoite 4: Kulttuurialan elpyminen koronan j\u00e4lkeen<\/strong>&nbsp;<\/p>\n\n\n\n<p>Hankkeessa ostettiin palveluja keskisuomalaisilta toimijoilta muun muassa \u00e4\u00e4nentoistoon, kuljetuksiin ja ruokailuihin liittyen. Juuri n\u00e4m\u00e4 alat k\u00e4rsiv\u00e4t korona-ajasta paljon, koska tapahtumia ei j\u00e4rjestetty, ihmiset eiv\u00e4t liikkuneet niin paljoa ja ravintolat olivat kiinni tai auki hyvin rajoitetusti. Hankerahoilla ostettiin palveluja juuri n\u00e4ilt\u00e4 aloilta, mik\u00e4 vaikutti pienen siivun verran niin kulttuurialan yritt\u00e4jien kuin kuljetus- ja ravintola-alankin elpymiseen. Kaikki ostopalvelut hankittiin keskisuomalaisilta toimijoilta.&nbsp;&nbsp;<\/p>\n\n\n\n<p>Lis\u00e4ksi hankkeen avulla saatiin ihmisi\u00e4 takaisin kulttuuritapahtumien pariin. Konserttiyleis\u00f6 l\u00f6ysi hyvin takaisin konserttisaleihin rajoitetun korona-ajan j\u00e4lkeen. Ilman t\u00e4llaista hankerahan turvin aikaan saatua ylim\u00e4\u00e4r\u00e4ist\u00e4 n\u00e4kyvyytt\u00e4, tilanne voisi olla todella huono. Vaikka korona-ajan varovaisuutta oli viel\u00e4 n\u00e4ht\u00e4viss\u00e4, saimme kuitenkin konsertteihin salit l\u00e4hes t\u00e4yteen.&nbsp;&nbsp;<\/p>\n\n\n\n<p><strong>Tavoite 5: <\/strong><strong>Maakunnan strategioiden ja selviytymissuunnitelman toteutuminen<\/strong>&nbsp;<\/p>\n\n\n\n<p>Kuten hankehakemuksessa todettiin, t\u00e4ll\u00e4 hankkeella voidaan jollain tavoin edist\u00e4\u00e4 my\u00f6s maakunnan strategioiden toteutumista. Strategiassa todetaan ett\u00e4 \u201dkoulutusorganisaatioiden tulee tarjota tehokkaampia ja monimuotoisempia oppimismahdollisuuksia ja -tapoja\u201d.<em> <\/em>T\u00e4ss\u00e4 hankkeessa puhallinmusiikkiin liittyv\u00e4\u00e4 osaamista hy\u00f6dynnettiin maakunnallisesti ja tarjottiin etenkin Keuruun ja J\u00e4ms\u00e4n soittajille sellaisia mahdollisuuksia, joihin heill\u00e4 ei omassa musiikkioppilaitoksessaan ole mahdollisuuksia. Lis\u00e4ksi strategiassa korostetaan ett\u00e4 \u201dKeski-Suomi s\u00e4ilytt\u00e4\u00e4 ja vahvistaa asemaansa valtakunnallisesti ja kansainv\u00e4lisesti nuorten arvostamana maakuntana. Kulttuuri- ja liikuntaharrastukset tukevat yhteis\u00f6llisyytt\u00e4 ja sosiaalista p\u00e4\u00e4omaa sek\u00e4 toimivat terveellisten el\u00e4m\u00e4ntapojen edist\u00e4jin\u00e4\u201d. T\u00e4m\u00e4n hankkeen avulla elvytettiin koronan vuoksi k\u00e4rsinytt\u00e4 taiteen perusopetuksen piiriss\u00e4 tapahtuvaa puhallinorkesteritoimintaa, jolla on Suomessa pitk\u00e4t perinteet ja joka tutkitusti edist\u00e4 lasten ja nuorten hyvinvointia.\u202fLapset ja nuoret saivat tutustua toisiin saman harrastuksen parissa oleviin soittajiin ja kaverisuhteita luotiinkin n\u00e4in ollen yli kuntarajojen. T\u00e4m\u00e4 luo hedelm\u00e4llist\u00e4 maaper\u00e4\u00e4 tulevia maakunnallisia tapahtumia ajatellen.&nbsp;&nbsp;<\/p>\n\n\n\n<p><strong>Tavoite 6: Uusien yhteisty\u00f6muotojen luominen maakunnan puhallinsoittajien ja koulutusorganisaatioiden v\u00e4lille<\/strong>&nbsp;<\/p>\n\n\n\n<p>Uusien yhteisty\u00f6muotojen luomisesta parhaimpana saavutuksena voitaneen pit\u00e4\u00e4 hankkeen innoittamana perustettua uutta yhdistyst\u00e4 Kampuksen \u00e4\u00e4ni ry, jonka tarkoituksena on edist\u00e4\u00e4 ja kehitt\u00e4\u00e4 maakunnallisesti opiskelijoiden ja oppilaiden mahdollisuuksia oppia, kehitty\u00e4, esiinty\u00e4 ja tulla tunnetuksi. Keskeiset kehitt\u00e4miskohteet ovat orkesteritoiminta, verkostoituminen muiden oppilaitosten, musiikintekij\u00f6iden ja tapahtumaj\u00e4rjest\u00e4jien kanssa. Toiminnalla on tarkoitus tavoittaa uusia yleis\u00f6j\u00e4 ja tarjota heille monipuolisia ja korkeatasoisia musiikkiel\u00e4myksi\u00e4. Toiminta-alueena on ensisijaisesti Keski-Suomi, keskuspaikkana Jyv\u00e4skyl\u00e4. Tavoitteena on, ett\u00e4 verkostot laajentuvat valtakunnallisiksi ja kansainv\u00e4lisiksi.&nbsp;&nbsp;<\/p>\n\n\n\n<p>Kampuksen \u00e4\u00e4ni -yhdistys voi hakea tukea muun muassa erilaisiin maakunnallisiin puhallinorkesteritapahtumiin ja sen tarkoituksena on nimenomaan toimia maakunnan orkestereiden yhteisen\u00e4 tukiyhdistyksen\u00e4. Yhdistyksen hallituksessa on mukana edustajia niin musiikkioppilaitoksista taiteen perusopetuksen puolelta, ammattikorkeakoulusta (JAMK ja HUMAK) kuin yliopistoltakin. T\u00e4ll\u00e4 tavoin yhteisty\u00f6n eri koulutusorganisaatioiden v\u00e4lill\u00e4 toivotaan entisest\u00e4\u00e4n lis\u00e4\u00e4ntyv\u00e4n. T\u00e4h\u00e4n luo hyv\u00e4n pohjan Jyv\u00e4skyl\u00e4n Suomalainen Musiikkikampus, jossa jo nyt ihan k\u00e4yt\u00e4nn\u00f6n tasolla toimitaan yli koulutusasteiden rajojen, yhteisty\u00f6ss\u00e4, ja tuotetaan erilaisia produktioita.&nbsp;<\/p>\n\n\n\n<figure class=\"wp-block-image size-large\"><img loading=\"lazy\" decoding=\"async\" width=\"1920\" height=\"2560\" src=\"https:\/\/blogit.gradia.fi\/puhallinorkesteri\/wp-content\/uploads\/sites\/267\/2022\/08\/IMG_9339-edited-scaled.jpg\" alt=\"\" class=\"wp-image-290\" srcset=\"https:\/\/blogit.gradia.fi\/puhallinorkesteri\/wp-content\/uploads\/sites\/267\/2022\/08\/IMG_9339-edited-scaled.jpg 1920w, https:\/\/blogit.gradia.fi\/puhallinorkesteri\/wp-content\/uploads\/sites\/267\/2022\/08\/IMG_9339-edited-225x300.jpg 225w, https:\/\/blogit.gradia.fi\/puhallinorkesteri\/wp-content\/uploads\/sites\/267\/2022\/08\/IMG_9339-edited-768x1024.jpg 768w, https:\/\/blogit.gradia.fi\/puhallinorkesteri\/wp-content\/uploads\/sites\/267\/2022\/08\/IMG_9339-edited-1152x1536.jpg 1152w, https:\/\/blogit.gradia.fi\/puhallinorkesteri\/wp-content\/uploads\/sites\/267\/2022\/08\/IMG_9339-edited-1536x2048.jpg 1536w, https:\/\/blogit.gradia.fi\/puhallinorkesteri\/wp-content\/uploads\/sites\/267\/2022\/08\/IMG_9339-edited-1568x2091.jpg 1568w\" sizes=\"auto, (max-width: 1920px) 100vw, 1920px\" \/><figcaption>Yhteisty\u00f6ss\u00e4 on voimaa: Lassi Takanan (JYU), Sirpa Berg (Gradia ja Suomen puhallinorkesteriliitto), Tiiu Tuominen (L\u00e4ntisen Keski-Suomen musiikkiopisto) ja min\u00e4. N\u00e4iden henkil\u00f6iden kanssa yhteisty\u00f6 jatkuu my\u00f6s tulevina vuosina. (kuva: Ilpo Soikkeli)<\/figcaption><\/figure>\n\n\n\n<p><strong>Tavoite 7: Toimintamallin luominen maakunnalliselle puhallinorkesteritoiminnalle<\/strong>&nbsp;<\/p>\n\n\n\n<p>Hankkeen aikana ker\u00e4ttyjen kokemusten perusteella voidaan todeta, ett\u00e4 maakunnalliselle puhallinorkesteritoiminnalle on tarvetta tulevaisuudessa. Tulevaisuuden toimintamalliksi muotoutui viikonlopputapahtuma, joka pidet\u00e4\u00e4n kahden vuoden v\u00e4lein. Ensimm\u00e4inen t\u00e4llainen tapahtuma j\u00e4rjestet\u00e4\u00e4n syksyll\u00e4 2023 ja tapahtumaa aletaan suunnitella syksyll\u00e4 2022. Suunnittelua varten muodostettiin ydinryhm\u00e4, joka hahmottelee tapahtumaa ja tekee suunnitelmat lukuvuoden 2022-2023 aikana. Ensimm\u00e4inen palaveriaika ydinryhm\u00e4lle sovittiin pidett\u00e4v\u00e4ksi 6.9.2022 klo 10 Zoomissa eli varsin konkreettisesti saadaan syksyll\u00e4 suunnittelu py\u00f6rim\u00e4\u00e4n. Tulevassa vuoden 2023 tapahtumassa on tarkoitus hy\u00f6dynt\u00e4\u00e4 valmista konseptia, joka kulkee t\u00e4ll\u00e4 hetkell\u00e4 nimell\u00e4 \u201dOrivesi All Stars\u201d (<a href=\"http:\/\/orivesiallstars.fi\/\" target=\"_blank\" rel=\"noreferrer noopener\">http:\/\/orivesiallstars.fi\/<\/a>). Nimi tullaan muokkaamaan Keski-Suomi All Stars -muotoon tai vastaavaan Keski-Suomeen sopivaan nimeen. Tulevina vuosina, eli seuraavan kerran vuonna 2025, konsepti on taas toisenlainen. Tapahtuma tullaan rahoittamaan avustuksilla, osallistumismaksuilla ja lipputuloilla. My\u00f6s jokainen j\u00e4rjest\u00e4v\u00e4 oppilaitos, t\u00e4ll\u00e4 hetkell\u00e4 siis Gradia Jyv\u00e4skyl\u00e4, L\u00e4ntisen Keski-Suomen musiikkiopisto, J\u00e4ms\u00e4njokilaakson musiikkiopisto ja Ala-Keiteleen musiikkiopisto, ovat kukin mukana omalla panoksellaan, joka tullaan m\u00e4\u00e4rittelem\u00e4\u00e4n tapahtuman suunnitelmien edetess\u00e4.&nbsp;&nbsp;<\/p>\n\n\n\n<p><strong>Mit\u00e4 opimme?<\/strong><\/p>\n\n\n\n<p>Jotta hankkeen aikana luodut hyv\u00e4t k\u00e4yt\u00e4nteet jatkuisivat, on huomioitava erityisesti seuraavia asioita:<\/p>\n\n\n\n<p>-vastuunjako tulevien tapahtumien suunnittelussa laajemmalle porukalle, jotta saadaan lis\u00e4\u00e4 soittajia mukaan eik\u00e4 vastuu tapahtumasta j\u00e4\u00e4 yksitt\u00e4isten ihmisien harteille<\/p>\n\n\n\n<p>-resurssien selvitt\u00e4minen heti suunnittelun alkumetreill\u00e4<\/p>\n\n\n\n<p>-panostus avoimeen tiedottamiseen hyviss\u00e4 ajoin sek\u00e4 kunkin j\u00e4rjest\u00e4v\u00e4n tahon sis\u00e4ll\u00e4 ett\u00e4 maakunnallisesti<\/p>\n\n\n\n<p>Jos suunnitelmat toteutuvat vuonna 2023 suunnitellulla Orivesi All Stars mallilla, p\u00e4\u00e4sev\u00e4t my\u00f6s jousisoittajat osallistumaan tapahtumaan. Rahoituksen saannin vuoksi lienee ainakin toistaiseksi j\u00e4rkev\u00e4\u00e4 yhdist\u00e4\u00e4 voimat jousi-, kosketin- ja kielisoittajien kanssa, jotta mahdollisimman moni lapsi ja nuori p\u00e4\u00e4see mukaan instrumentista riippumatta. T\u00e4m\u00e4kin asia tuli pilotoitua hankeen aikana, kun harjoittelimme jousiorkesterin kanssa kaksi yhteist\u00e4 kappaletta viimeiseen konserttiin.&nbsp;&nbsp;<\/p>\n\n\n\n<p>Lopuksi todettakoon viel\u00e4, ett\u00e4 ilman hankerahoitusta emme olisi voineet toteuttaa viikonloppuharjoituksia saatika esiintymismatkoja edes omaan maakuntaan. Hanke mahdollisti maakunnan puhallinsoittajille jotain sellaista, jota ei ilman hankerahaa olisi voitu tehd\u00e4 ainakaan n\u00e4in laajamittaisesti. Soittajille ja yleis\u00f6lle kaikki oli ilmaista, mik\u00e4 mahdollisti kaikkien tasavertaisen osallistumisen. Hankkeessa mukana olevilla lapsilla ja nuorilla oli hauskaa ja mukana olevat opettajat kokivat my\u00f6s hankkeen antoisaksi ja asioita eteenp\u00e4in viev\u00e4ksi. Vihdoinkin jotain uutta ja erilaista t\u00e4ll\u00e4 saralla!&nbsp;<\/p>\n\n\n\n<figure class=\"wp-block-image size-large\"><img loading=\"lazy\" decoding=\"async\" width=\"1923\" height=\"2560\" src=\"https:\/\/blogit.gradia.fi\/puhallinorkesteri\/wp-content\/uploads\/sites\/267\/2022\/08\/IMG_0212-edited-scaled.jpg\" alt=\"\" class=\"wp-image-292\" srcset=\"https:\/\/blogit.gradia.fi\/puhallinorkesteri\/wp-content\/uploads\/sites\/267\/2022\/08\/IMG_0212-edited-scaled.jpg 1923w, https:\/\/blogit.gradia.fi\/puhallinorkesteri\/wp-content\/uploads\/sites\/267\/2022\/08\/IMG_0212-edited-225x300.jpg 225w, https:\/\/blogit.gradia.fi\/puhallinorkesteri\/wp-content\/uploads\/sites\/267\/2022\/08\/IMG_0212-edited-769x1024.jpg 769w, https:\/\/blogit.gradia.fi\/puhallinorkesteri\/wp-content\/uploads\/sites\/267\/2022\/08\/IMG_0212-edited-768x1022.jpg 768w, https:\/\/blogit.gradia.fi\/puhallinorkesteri\/wp-content\/uploads\/sites\/267\/2022\/08\/IMG_0212-edited-1154x1536.jpg 1154w, https:\/\/blogit.gradia.fi\/puhallinorkesteri\/wp-content\/uploads\/sites\/267\/2022\/08\/IMG_0212-edited-1539x2048.jpg 1539w, https:\/\/blogit.gradia.fi\/puhallinorkesteri\/wp-content\/uploads\/sites\/267\/2022\/08\/IMG_0212-edited-1568x2087.jpg 1568w\" sizes=\"auto, (max-width: 1923px) 100vw, 1923px\" \/><figcaption>Aina matkalla jonnekin: projektip\u00e4\u00e4llik\u00f6ll\u00e4 on syyt\u00e4 hymyyn toivottavasti my\u00f6s tulevaisuudessa. (kuva: Niina Sapattinen)<\/figcaption><\/figure>\n\n\n\n<figure class=\"wp-block-image size-large\"><img loading=\"lazy\" decoding=\"async\" width=\"1024\" height=\"343\" src=\"https:\/\/blogit.gradia.fi\/puhallinorkesteri\/wp-content\/uploads\/sites\/267\/2022\/08\/KSL-logo-1024x343.png\" alt=\"\" class=\"wp-image-295\" srcset=\"https:\/\/blogit.gradia.fi\/puhallinorkesteri\/wp-content\/uploads\/sites\/267\/2022\/08\/KSL-logo-1024x343.png 1024w, https:\/\/blogit.gradia.fi\/puhallinorkesteri\/wp-content\/uploads\/sites\/267\/2022\/08\/KSL-logo-300x100.png 300w, https:\/\/blogit.gradia.fi\/puhallinorkesteri\/wp-content\/uploads\/sites\/267\/2022\/08\/KSL-logo-768x257.png 768w, https:\/\/blogit.gradia.fi\/puhallinorkesteri\/wp-content\/uploads\/sites\/267\/2022\/08\/KSL-logo.png 1422w\" sizes=\"auto, (max-width: 1024px) 100vw, 1024px\" \/><\/figure>\n\n\n","protected":false},"excerpt":{"rendered":"<p>Soittajalapset ja -nuoret kirmasivat toukokuussa kes\u00e4laitumille ja viettiv\u00e4t todenn\u00e4k\u00f6isesti ihanan rentouttavan kes\u00e4n. Toivottavasti he ajattelivat my\u00f6s kulunutta vuotta mukavine konsertteineen ja kohtaamisineen puhallinorkesterihankkeen parissa. Ehk\u00e4p\u00e4 joku konsertissa kuulijana ollut lapsi miettii juuri nyt kuumeisesti soittoharrastuksen aloittamista. On hankkeen loppuraportoinnin aika. Hankkeen tavoitteiden toteutuminen K\u00e4yn seuraavassa lyhyesti l\u00e4pi, miten hankkeen tavoitteet toteutuivat. Tavoite 1: Maakunnallisen puhallinorkesteritoiminnan&hellip; <a class=\"more-link\" href=\"https:\/\/blogit.gradia.fi\/puhallinorkesteri\/2022\/08\/08\/maakunnallinen-puhallinorkesteri-coda\/\">Jatka lukemista <span class=\"screen-reader-text\">Maakunnallinen puhallinorkesteri: coda<\/span><\/a><\/p>\n","protected":false},"author":805,"featured_media":0,"comment_status":"open","ping_status":"open","sticky":false,"template":"","format":"standard","meta":{"_uag_custom_page_level_css":"","footnotes":""},"categories":[1],"tags":[],"class_list":["post-279","post","type-post","status-publish","format-standard","hentry","category-yleinen","entry"],"yoast_head":"<!-- This site is optimized with the Yoast SEO plugin v27.5 - https:\/\/yoast.com\/product\/yoast-seo-wordpress\/ -->\n<title>Maakunnallinen puhallinorkesteri: coda - Maakunnallista puhallinorkesteritoimintaa taiteen perusopetuksessa<\/title>\n<meta name=\"robots\" content=\"index, follow, max-snippet:-1, max-image-preview:large, max-video-preview:-1\" \/>\n<link rel=\"canonical\" href=\"https:\/\/blogit.gradia.fi\/puhallinorkesteri\/2022\/08\/08\/maakunnallinen-puhallinorkesteri-coda\/\" \/>\n<meta property=\"og:locale\" content=\"fi_FI\" \/>\n<meta property=\"og:type\" content=\"article\" \/>\n<meta property=\"og:title\" content=\"Maakunnallinen puhallinorkesteri: coda - Maakunnallista puhallinorkesteritoimintaa taiteen perusopetuksessa\" \/>\n<meta property=\"og:description\" content=\"Soittajalapset ja -nuoret kirmasivat toukokuussa kes\u00e4laitumille ja viettiv\u00e4t todenn\u00e4k\u00f6isesti ihanan rentouttavan kes\u00e4n. Toivottavasti he ajattelivat my\u00f6s kulunutta vuotta mukavine konsertteineen ja kohtaamisineen puhallinorkesterihankkeen parissa. Ehk\u00e4p\u00e4 joku konsertissa kuulijana ollut lapsi miettii juuri nyt kuumeisesti soittoharrastuksen aloittamista. On hankkeen loppuraportoinnin aika. Hankkeen tavoitteiden toteutuminen K\u00e4yn seuraavassa lyhyesti l\u00e4pi, miten hankkeen tavoitteet toteutuivat. Tavoite 1: Maakunnallisen puhallinorkesteritoiminnan&hellip; Jatka lukemista Maakunnallinen puhallinorkesteri: coda\" \/>\n<meta property=\"og:url\" content=\"https:\/\/blogit.gradia.fi\/puhallinorkesteri\/2022\/08\/08\/maakunnallinen-puhallinorkesteri-coda\/\" \/>\n<meta property=\"og:site_name\" content=\"Maakunnallista puhallinorkesteritoimintaa taiteen perusopetuksessa\" \/>\n<meta property=\"article:published_time\" content=\"2022-08-08T08:58:44+00:00\" \/>\n<meta property=\"article:modified_time\" content=\"2022-09-28T06:30:15+00:00\" \/>\n<meta property=\"og:image\" content=\"https:\/\/blogit.gradia.fi\/puhallinorkesteri\/wp-content\/uploads\/sites\/267\/2022\/08\/KSL-logo-1024x343.png\" \/>\n<meta name=\"author\" content=\"Niina Sapattinen\" \/>\n<meta name=\"twitter:card\" content=\"summary_large_image\" \/>\n<meta name=\"twitter:label1\" content=\"Kirjoittanut\" \/>\n\t<meta name=\"twitter:data1\" content=\"Niina Sapattinen\" \/>\n\t<meta name=\"twitter:label2\" content=\"Arvioitu lukuaika\" \/>\n\t<meta name=\"twitter:data2\" content=\"10 minuuttia\" \/>\n<script type=\"application\/ld+json\" class=\"yoast-schema-graph\">{\"@context\":\"https:\\\/\\\/schema.org\",\"@graph\":[{\"@type\":\"Article\",\"@id\":\"https:\\\/\\\/blogit.gradia.fi\\\/puhallinorkesteri\\\/2022\\\/08\\\/08\\\/maakunnallinen-puhallinorkesteri-coda\\\/#article\",\"isPartOf\":{\"@id\":\"https:\\\/\\\/blogit.gradia.fi\\\/puhallinorkesteri\\\/2022\\\/08\\\/08\\\/maakunnallinen-puhallinorkesteri-coda\\\/\"},\"author\":{\"name\":\"Niina Sapattinen\",\"@id\":\"https:\\\/\\\/blogit.gradia.fi\\\/puhallinorkesteri\\\/#\\\/schema\\\/person\\\/e13b134d48e82e9653cc868c43f32b9b\"},\"headline\":\"Maakunnallinen puhallinorkesteri: coda\",\"datePublished\":\"2022-08-08T08:58:44+00:00\",\"dateModified\":\"2022-09-28T06:30:15+00:00\",\"mainEntityOfPage\":{\"@id\":\"https:\\\/\\\/blogit.gradia.fi\\\/puhallinorkesteri\\\/2022\\\/08\\\/08\\\/maakunnallinen-puhallinorkesteri-coda\\\/\"},\"wordCount\":1506,\"commentCount\":0,\"image\":{\"@id\":\"https:\\\/\\\/blogit.gradia.fi\\\/puhallinorkesteri\\\/2022\\\/08\\\/08\\\/maakunnallinen-puhallinorkesteri-coda\\\/#primaryimage\"},\"thumbnailUrl\":\"https:\\\/\\\/blogit.gradia.fi\\\/puhallinorkesteri\\\/wp-content\\\/uploads\\\/sites\\\/267\\\/2022\\\/08\\\/KSL-logo-1024x343.png\",\"inLanguage\":\"fi\",\"potentialAction\":[{\"@type\":\"CommentAction\",\"name\":\"Comment\",\"target\":[\"https:\\\/\\\/blogit.gradia.fi\\\/puhallinorkesteri\\\/2022\\\/08\\\/08\\\/maakunnallinen-puhallinorkesteri-coda\\\/#respond\"]}]},{\"@type\":\"WebPage\",\"@id\":\"https:\\\/\\\/blogit.gradia.fi\\\/puhallinorkesteri\\\/2022\\\/08\\\/08\\\/maakunnallinen-puhallinorkesteri-coda\\\/\",\"url\":\"https:\\\/\\\/blogit.gradia.fi\\\/puhallinorkesteri\\\/2022\\\/08\\\/08\\\/maakunnallinen-puhallinorkesteri-coda\\\/\",\"name\":\"Maakunnallinen puhallinorkesteri: coda - Maakunnallista puhallinorkesteritoimintaa taiteen perusopetuksessa\",\"isPartOf\":{\"@id\":\"https:\\\/\\\/blogit.gradia.fi\\\/puhallinorkesteri\\\/#website\"},\"primaryImageOfPage\":{\"@id\":\"https:\\\/\\\/blogit.gradia.fi\\\/puhallinorkesteri\\\/2022\\\/08\\\/08\\\/maakunnallinen-puhallinorkesteri-coda\\\/#primaryimage\"},\"image\":{\"@id\":\"https:\\\/\\\/blogit.gradia.fi\\\/puhallinorkesteri\\\/2022\\\/08\\\/08\\\/maakunnallinen-puhallinorkesteri-coda\\\/#primaryimage\"},\"thumbnailUrl\":\"https:\\\/\\\/blogit.gradia.fi\\\/puhallinorkesteri\\\/wp-content\\\/uploads\\\/sites\\\/267\\\/2022\\\/08\\\/KSL-logo-1024x343.png\",\"datePublished\":\"2022-08-08T08:58:44+00:00\",\"dateModified\":\"2022-09-28T06:30:15+00:00\",\"author\":{\"@id\":\"https:\\\/\\\/blogit.gradia.fi\\\/puhallinorkesteri\\\/#\\\/schema\\\/person\\\/e13b134d48e82e9653cc868c43f32b9b\"},\"breadcrumb\":{\"@id\":\"https:\\\/\\\/blogit.gradia.fi\\\/puhallinorkesteri\\\/2022\\\/08\\\/08\\\/maakunnallinen-puhallinorkesteri-coda\\\/#breadcrumb\"},\"inLanguage\":\"fi\",\"potentialAction\":[{\"@type\":\"ReadAction\",\"target\":[\"https:\\\/\\\/blogit.gradia.fi\\\/puhallinorkesteri\\\/2022\\\/08\\\/08\\\/maakunnallinen-puhallinorkesteri-coda\\\/\"]}]},{\"@type\":\"ImageObject\",\"inLanguage\":\"fi\",\"@id\":\"https:\\\/\\\/blogit.gradia.fi\\\/puhallinorkesteri\\\/2022\\\/08\\\/08\\\/maakunnallinen-puhallinorkesteri-coda\\\/#primaryimage\",\"url\":\"https:\\\/\\\/blogit.gradia.fi\\\/puhallinorkesteri\\\/wp-content\\\/uploads\\\/sites\\\/267\\\/2022\\\/08\\\/KSL-logo.png\",\"contentUrl\":\"https:\\\/\\\/blogit.gradia.fi\\\/puhallinorkesteri\\\/wp-content\\\/uploads\\\/sites\\\/267\\\/2022\\\/08\\\/KSL-logo.png\",\"width\":1422,\"height\":476},{\"@type\":\"BreadcrumbList\",\"@id\":\"https:\\\/\\\/blogit.gradia.fi\\\/puhallinorkesteri\\\/2022\\\/08\\\/08\\\/maakunnallinen-puhallinorkesteri-coda\\\/#breadcrumb\",\"itemListElement\":[{\"@type\":\"ListItem\",\"position\":1,\"name\":\"Etusivu\",\"item\":\"https:\\\/\\\/blogit.gradia.fi\\\/puhallinorkesteri\\\/\"},{\"@type\":\"ListItem\",\"position\":2,\"name\":\"Maakunnallinen puhallinorkesteri: coda\"}]},{\"@type\":\"WebSite\",\"@id\":\"https:\\\/\\\/blogit.gradia.fi\\\/puhallinorkesteri\\\/#website\",\"url\":\"https:\\\/\\\/blogit.gradia.fi\\\/puhallinorkesteri\\\/\",\"name\":\"Maakunnallista puhallinorkesteritoimintaa taiteen perusopetuksessa\",\"description\":\"Uusi Gradia-blogit-sivustot -sivusto\",\"potentialAction\":[{\"@type\":\"SearchAction\",\"target\":{\"@type\":\"EntryPoint\",\"urlTemplate\":\"https:\\\/\\\/blogit.gradia.fi\\\/puhallinorkesteri\\\/?s={search_term_string}\"},\"query-input\":{\"@type\":\"PropertyValueSpecification\",\"valueRequired\":true,\"valueName\":\"search_term_string\"}}],\"inLanguage\":\"fi\"},{\"@type\":\"Person\",\"@id\":\"https:\\\/\\\/blogit.gradia.fi\\\/puhallinorkesteri\\\/#\\\/schema\\\/person\\\/e13b134d48e82e9653cc868c43f32b9b\",\"name\":\"Niina Sapattinen\",\"image\":{\"@type\":\"ImageObject\",\"inLanguage\":\"fi\",\"@id\":\"https:\\\/\\\/secure.gravatar.com\\\/avatar\\\/cfe3808d481255b6eeaed93b8a4c7c34e9e376fcfd3f41b0a7ea590c0277f406?s=96&d=mm&r=g\",\"url\":\"https:\\\/\\\/secure.gravatar.com\\\/avatar\\\/cfe3808d481255b6eeaed93b8a4c7c34e9e376fcfd3f41b0a7ea590c0277f406?s=96&d=mm&r=g\",\"contentUrl\":\"https:\\\/\\\/secure.gravatar.com\\\/avatar\\\/cfe3808d481255b6eeaed93b8a4c7c34e9e376fcfd3f41b0a7ea590c0277f406?s=96&d=mm&r=g\",\"caption\":\"Niina Sapattinen\"},\"url\":\"https:\\\/\\\/blogit.gradia.fi\\\/puhallinorkesteri\\\/author\\\/sapatnii\\\/\"}]}<\/script>\n<!-- \/ Yoast SEO plugin. -->","yoast_head_json":{"title":"Maakunnallinen puhallinorkesteri: coda - Maakunnallista puhallinorkesteritoimintaa taiteen perusopetuksessa","robots":{"index":"index","follow":"follow","max-snippet":"max-snippet:-1","max-image-preview":"max-image-preview:large","max-video-preview":"max-video-preview:-1"},"canonical":"https:\/\/blogit.gradia.fi\/puhallinorkesteri\/2022\/08\/08\/maakunnallinen-puhallinorkesteri-coda\/","og_locale":"fi_FI","og_type":"article","og_title":"Maakunnallinen puhallinorkesteri: coda - Maakunnallista puhallinorkesteritoimintaa taiteen perusopetuksessa","og_description":"Soittajalapset ja -nuoret kirmasivat toukokuussa kes\u00e4laitumille ja viettiv\u00e4t todenn\u00e4k\u00f6isesti ihanan rentouttavan kes\u00e4n. Toivottavasti he ajattelivat my\u00f6s kulunutta vuotta mukavine konsertteineen ja kohtaamisineen puhallinorkesterihankkeen parissa. Ehk\u00e4p\u00e4 joku konsertissa kuulijana ollut lapsi miettii juuri nyt kuumeisesti soittoharrastuksen aloittamista. On hankkeen loppuraportoinnin aika. Hankkeen tavoitteiden toteutuminen K\u00e4yn seuraavassa lyhyesti l\u00e4pi, miten hankkeen tavoitteet toteutuivat. Tavoite 1: Maakunnallisen puhallinorkesteritoiminnan&hellip; Jatka lukemista Maakunnallinen puhallinorkesteri: coda","og_url":"https:\/\/blogit.gradia.fi\/puhallinorkesteri\/2022\/08\/08\/maakunnallinen-puhallinorkesteri-coda\/","og_site_name":"Maakunnallista puhallinorkesteritoimintaa taiteen perusopetuksessa","article_published_time":"2022-08-08T08:58:44+00:00","article_modified_time":"2022-09-28T06:30:15+00:00","og_image":[{"url":"https:\/\/blogit.gradia.fi\/puhallinorkesteri\/wp-content\/uploads\/sites\/267\/2022\/08\/KSL-logo-1024x343.png","type":"","width":"","height":""}],"author":"Niina Sapattinen","twitter_card":"summary_large_image","twitter_misc":{"Kirjoittanut":"Niina Sapattinen","Arvioitu lukuaika":"10 minuuttia"},"schema":{"@context":"https:\/\/schema.org","@graph":[{"@type":"Article","@id":"https:\/\/blogit.gradia.fi\/puhallinorkesteri\/2022\/08\/08\/maakunnallinen-puhallinorkesteri-coda\/#article","isPartOf":{"@id":"https:\/\/blogit.gradia.fi\/puhallinorkesteri\/2022\/08\/08\/maakunnallinen-puhallinorkesteri-coda\/"},"author":{"name":"Niina Sapattinen","@id":"https:\/\/blogit.gradia.fi\/puhallinorkesteri\/#\/schema\/person\/e13b134d48e82e9653cc868c43f32b9b"},"headline":"Maakunnallinen puhallinorkesteri: coda","datePublished":"2022-08-08T08:58:44+00:00","dateModified":"2022-09-28T06:30:15+00:00","mainEntityOfPage":{"@id":"https:\/\/blogit.gradia.fi\/puhallinorkesteri\/2022\/08\/08\/maakunnallinen-puhallinorkesteri-coda\/"},"wordCount":1506,"commentCount":0,"image":{"@id":"https:\/\/blogit.gradia.fi\/puhallinorkesteri\/2022\/08\/08\/maakunnallinen-puhallinorkesteri-coda\/#primaryimage"},"thumbnailUrl":"https:\/\/blogit.gradia.fi\/puhallinorkesteri\/wp-content\/uploads\/sites\/267\/2022\/08\/KSL-logo-1024x343.png","inLanguage":"fi","potentialAction":[{"@type":"CommentAction","name":"Comment","target":["https:\/\/blogit.gradia.fi\/puhallinorkesteri\/2022\/08\/08\/maakunnallinen-puhallinorkesteri-coda\/#respond"]}]},{"@type":"WebPage","@id":"https:\/\/blogit.gradia.fi\/puhallinorkesteri\/2022\/08\/08\/maakunnallinen-puhallinorkesteri-coda\/","url":"https:\/\/blogit.gradia.fi\/puhallinorkesteri\/2022\/08\/08\/maakunnallinen-puhallinorkesteri-coda\/","name":"Maakunnallinen puhallinorkesteri: coda - Maakunnallista puhallinorkesteritoimintaa taiteen perusopetuksessa","isPartOf":{"@id":"https:\/\/blogit.gradia.fi\/puhallinorkesteri\/#website"},"primaryImageOfPage":{"@id":"https:\/\/blogit.gradia.fi\/puhallinorkesteri\/2022\/08\/08\/maakunnallinen-puhallinorkesteri-coda\/#primaryimage"},"image":{"@id":"https:\/\/blogit.gradia.fi\/puhallinorkesteri\/2022\/08\/08\/maakunnallinen-puhallinorkesteri-coda\/#primaryimage"},"thumbnailUrl":"https:\/\/blogit.gradia.fi\/puhallinorkesteri\/wp-content\/uploads\/sites\/267\/2022\/08\/KSL-logo-1024x343.png","datePublished":"2022-08-08T08:58:44+00:00","dateModified":"2022-09-28T06:30:15+00:00","author":{"@id":"https:\/\/blogit.gradia.fi\/puhallinorkesteri\/#\/schema\/person\/e13b134d48e82e9653cc868c43f32b9b"},"breadcrumb":{"@id":"https:\/\/blogit.gradia.fi\/puhallinorkesteri\/2022\/08\/08\/maakunnallinen-puhallinorkesteri-coda\/#breadcrumb"},"inLanguage":"fi","potentialAction":[{"@type":"ReadAction","target":["https:\/\/blogit.gradia.fi\/puhallinorkesteri\/2022\/08\/08\/maakunnallinen-puhallinorkesteri-coda\/"]}]},{"@type":"ImageObject","inLanguage":"fi","@id":"https:\/\/blogit.gradia.fi\/puhallinorkesteri\/2022\/08\/08\/maakunnallinen-puhallinorkesteri-coda\/#primaryimage","url":"https:\/\/blogit.gradia.fi\/puhallinorkesteri\/wp-content\/uploads\/sites\/267\/2022\/08\/KSL-logo.png","contentUrl":"https:\/\/blogit.gradia.fi\/puhallinorkesteri\/wp-content\/uploads\/sites\/267\/2022\/08\/KSL-logo.png","width":1422,"height":476},{"@type":"BreadcrumbList","@id":"https:\/\/blogit.gradia.fi\/puhallinorkesteri\/2022\/08\/08\/maakunnallinen-puhallinorkesteri-coda\/#breadcrumb","itemListElement":[{"@type":"ListItem","position":1,"name":"Etusivu","item":"https:\/\/blogit.gradia.fi\/puhallinorkesteri\/"},{"@type":"ListItem","position":2,"name":"Maakunnallinen puhallinorkesteri: coda"}]},{"@type":"WebSite","@id":"https:\/\/blogit.gradia.fi\/puhallinorkesteri\/#website","url":"https:\/\/blogit.gradia.fi\/puhallinorkesteri\/","name":"Maakunnallista puhallinorkesteritoimintaa taiteen perusopetuksessa","description":"Uusi Gradia-blogit-sivustot -sivusto","potentialAction":[{"@type":"SearchAction","target":{"@type":"EntryPoint","urlTemplate":"https:\/\/blogit.gradia.fi\/puhallinorkesteri\/?s={search_term_string}"},"query-input":{"@type":"PropertyValueSpecification","valueRequired":true,"valueName":"search_term_string"}}],"inLanguage":"fi"},{"@type":"Person","@id":"https:\/\/blogit.gradia.fi\/puhallinorkesteri\/#\/schema\/person\/e13b134d48e82e9653cc868c43f32b9b","name":"Niina Sapattinen","image":{"@type":"ImageObject","inLanguage":"fi","@id":"https:\/\/secure.gravatar.com\/avatar\/cfe3808d481255b6eeaed93b8a4c7c34e9e376fcfd3f41b0a7ea590c0277f406?s=96&d=mm&r=g","url":"https:\/\/secure.gravatar.com\/avatar\/cfe3808d481255b6eeaed93b8a4c7c34e9e376fcfd3f41b0a7ea590c0277f406?s=96&d=mm&r=g","contentUrl":"https:\/\/secure.gravatar.com\/avatar\/cfe3808d481255b6eeaed93b8a4c7c34e9e376fcfd3f41b0a7ea590c0277f406?s=96&d=mm&r=g","caption":"Niina Sapattinen"},"url":"https:\/\/blogit.gradia.fi\/puhallinorkesteri\/author\/sapatnii\/"}]}},"uagb_featured_image_src":{"full":false,"thumbnail":false,"medium":false,"medium_large":false,"large":false,"1536x1536":false,"2048x2048":false,"post-thumbnail":false},"uagb_author_info":{"display_name":"Niina Sapattinen","author_link":"https:\/\/blogit.gradia.fi\/puhallinorkesteri\/author\/sapatnii\/"},"uagb_comment_info":0,"uagb_excerpt":"Soittajalapset ja -nuoret kirmasivat toukokuussa kes\u00e4laitumille ja viettiv\u00e4t todenn\u00e4k\u00f6isesti ihanan rentouttavan kes\u00e4n. Toivottavasti he ajattelivat my\u00f6s kulunutta vuotta mukavine konsertteineen ja kohtaamisineen puhallinorkesterihankkeen parissa. Ehk\u00e4p\u00e4 joku konsertissa kuulijana ollut lapsi miettii juuri nyt kuumeisesti soittoharrastuksen aloittamista. On hankkeen loppuraportoinnin aika. Hankkeen tavoitteiden toteutuminen K\u00e4yn seuraavassa lyhyesti l\u00e4pi, miten hankkeen tavoitteet toteutuivat. Tavoite 1: Maakunnallisen puhallinorkesteritoiminnan&hellip;&hellip;","_links":{"self":[{"href":"https:\/\/blogit.gradia.fi\/puhallinorkesteri\/wp-json\/wp\/v2\/posts\/279","targetHints":{"allow":["GET"]}}],"collection":[{"href":"https:\/\/blogit.gradia.fi\/puhallinorkesteri\/wp-json\/wp\/v2\/posts"}],"about":[{"href":"https:\/\/blogit.gradia.fi\/puhallinorkesteri\/wp-json\/wp\/v2\/types\/post"}],"author":[{"embeddable":true,"href":"https:\/\/blogit.gradia.fi\/puhallinorkesteri\/wp-json\/wp\/v2\/users\/805"}],"replies":[{"embeddable":true,"href":"https:\/\/blogit.gradia.fi\/puhallinorkesteri\/wp-json\/wp\/v2\/comments?post=279"}],"version-history":[{"count":8,"href":"https:\/\/blogit.gradia.fi\/puhallinorkesteri\/wp-json\/wp\/v2\/posts\/279\/revisions"}],"predecessor-version":[{"id":305,"href":"https:\/\/blogit.gradia.fi\/puhallinorkesteri\/wp-json\/wp\/v2\/posts\/279\/revisions\/305"}],"wp:attachment":[{"href":"https:\/\/blogit.gradia.fi\/puhallinorkesteri\/wp-json\/wp\/v2\/media?parent=279"}],"wp:term":[{"taxonomy":"category","embeddable":true,"href":"https:\/\/blogit.gradia.fi\/puhallinorkesteri\/wp-json\/wp\/v2\/categories?post=279"},{"taxonomy":"post_tag","embeddable":true,"href":"https:\/\/blogit.gradia.fi\/puhallinorkesteri\/wp-json\/wp\/v2\/tags?post=279"}],"curies":[{"name":"wp","href":"https:\/\/api.w.org\/{rel}","templated":true}]}}