{"id":216,"date":"2022-04-08T07:51:15","date_gmt":"2022-04-08T04:51:15","guid":{"rendered":"https:\/\/blogit.gradia.fi\/puhallinorkesteri\/?p=216"},"modified":"2022-09-28T09:31:17","modified_gmt":"2022-09-28T06:31:17","slug":"maakunnallinen-puhallinorkesteri-puhuri-konsertoimassa-jamsassa-7-4-2022","status":"publish","type":"post","link":"https:\/\/blogit.gradia.fi\/puhallinorkesteri\/2022\/04\/08\/maakunnallinen-puhallinorkesteri-puhuri-konsertoimassa-jamsassa-7-4-2022\/","title":{"rendered":"Maakunnallinen puhallinorkesteri Puhuri konsertoimassa J\u00e4ms\u00e4ss\u00e4 7.4.2022"},"content":{"rendered":"\n<figure class=\"wp-block-image size-large\"><img loading=\"lazy\" decoding=\"async\" width=\"1024\" height=\"343\" src=\"https:\/\/blogit.gradia.fi\/puhallinorkesteri\/wp-content\/uploads\/sites\/267\/2022\/08\/KSL-logo-1024x343.png\" alt=\"\" class=\"wp-image-295\" srcset=\"https:\/\/blogit.gradia.fi\/puhallinorkesteri\/wp-content\/uploads\/sites\/267\/2022\/08\/KSL-logo-1024x343.png 1024w, https:\/\/blogit.gradia.fi\/puhallinorkesteri\/wp-content\/uploads\/sites\/267\/2022\/08\/KSL-logo-300x100.png 300w, https:\/\/blogit.gradia.fi\/puhallinorkesteri\/wp-content\/uploads\/sites\/267\/2022\/08\/KSL-logo-768x257.png 768w, https:\/\/blogit.gradia.fi\/puhallinorkesteri\/wp-content\/uploads\/sites\/267\/2022\/08\/KSL-logo.png 1422w\" sizes=\"auto, (max-width: 1024px) 100vw, 1024px\" \/><\/figure>\n\n\n\n<p>Vanhempien soittajien orkesteri starttasi torstaina 7.4. bussilla kohti J\u00e4ms\u00e4nkoskea, jossa orkesterimme kapellimestari Ilpo Soikkeli odotteli meit\u00e4 omalla ty\u00f6paikallaan J\u00e4ms\u00e4nkosken yhten\u00e4iskoululla. <\/p>\n\n\n\n<figure class=\"wp-block-image size-large\"><img loading=\"lazy\" decoding=\"async\" width=\"1024\" height=\"768\" src=\"https:\/\/blogit.gradia.fi\/puhallinorkesteri\/wp-content\/uploads\/sites\/267\/2022\/04\/IMG_0350-1024x768.jpg\" alt=\"\" class=\"wp-image-217\" srcset=\"https:\/\/blogit.gradia.fi\/puhallinorkesteri\/wp-content\/uploads\/sites\/267\/2022\/04\/IMG_0350-1024x768.jpg 1024w, https:\/\/blogit.gradia.fi\/puhallinorkesteri\/wp-content\/uploads\/sites\/267\/2022\/04\/IMG_0350-300x225.jpg 300w, https:\/\/blogit.gradia.fi\/puhallinorkesteri\/wp-content\/uploads\/sites\/267\/2022\/04\/IMG_0350-768x576.jpg 768w, https:\/\/blogit.gradia.fi\/puhallinorkesteri\/wp-content\/uploads\/sites\/267\/2022\/04\/IMG_0350-1536x1152.jpg 1536w, https:\/\/blogit.gradia.fi\/puhallinorkesteri\/wp-content\/uploads\/sites\/267\/2022\/04\/IMG_0350-2048x1536.jpg 2048w, https:\/\/blogit.gradia.fi\/puhallinorkesteri\/wp-content\/uploads\/sites\/267\/2022\/04\/IMG_0350-1568x1176.jpg 1568w\" sizes=\"auto, (max-width: 1024px) 100vw, 1024px\" \/><figcaption>Lassi Takanen valmiina reissuun. (kuva: Niina Sapattinen)<\/figcaption><\/figure>\n\n\n\n<figure class=\"wp-block-image size-large\"><img loading=\"lazy\" decoding=\"async\" width=\"1024\" height=\"768\" src=\"https:\/\/blogit.gradia.fi\/puhallinorkesteri\/wp-content\/uploads\/sites\/267\/2022\/04\/IMG_0360-1024x768.jpg\" alt=\"\" class=\"wp-image-218\" srcset=\"https:\/\/blogit.gradia.fi\/puhallinorkesteri\/wp-content\/uploads\/sites\/267\/2022\/04\/IMG_0360-1024x768.jpg 1024w, https:\/\/blogit.gradia.fi\/puhallinorkesteri\/wp-content\/uploads\/sites\/267\/2022\/04\/IMG_0360-300x225.jpg 300w, https:\/\/blogit.gradia.fi\/puhallinorkesteri\/wp-content\/uploads\/sites\/267\/2022\/04\/IMG_0360-768x576.jpg 768w, https:\/\/blogit.gradia.fi\/puhallinorkesteri\/wp-content\/uploads\/sites\/267\/2022\/04\/IMG_0360-1536x1152.jpg 1536w, https:\/\/blogit.gradia.fi\/puhallinorkesteri\/wp-content\/uploads\/sites\/267\/2022\/04\/IMG_0360-2048x1536.jpg 2048w, https:\/\/blogit.gradia.fi\/puhallinorkesteri\/wp-content\/uploads\/sites\/267\/2022\/04\/IMG_0360-1568x1176.jpg 1568w\" sizes=\"auto, (max-width: 1024px) 100vw, 1024px\" \/><figcaption>Saavuttuamme paikalle pidimme ensin treenit.  (kuva: Niina Sapattinen) <\/figcaption><\/figure>\n\n\n\n<p>Koulun rehtori kertoi, ett\u00e4 koulussa ei ole k\u00e4ynyt vierailijoita yli kahteen vuoteen koronan takia, joten saimme kunnian olla ensimm\u00e4isi\u00e4 ulkopuolisia, jotka tarjoilivat kulttuuria koululaisille. Meid\u00e4t otettiin siis t\u00e4ll\u00e4kin koululla avosylin vastaan ja tarjottu kouluruoka maistui kaikille. Olipa opettajakunnassa monia tuttujakin, entisi\u00e4 puhallinmuusikoita, joiden j\u00e4lleenn\u00e4keminen aiheutti suurta iloa. <\/p>\n\n\n\n<p>Konserttia saapui kuuntelemaan kaikki koulun 3.-7. luokkalaiset. Tunnelma konsertissa oli mieleenpainuvan upea: yleis\u00f6 oli hiiren hiljaa koko konsertin ajan ja kuunteli haltioituneena kaunista soittoamme. Kukaan ei haukotellut, huokaillut tai muutenkaan yritt\u00e4nyt h\u00e4irit\u00e4 mitenk\u00e4\u00e4n. Isot aplodit t\u00e4lle yleis\u00f6lle!<\/p>\n\n\n\n<figure class=\"wp-block-image size-large\"><img loading=\"lazy\" decoding=\"async\" width=\"1920\" height=\"2560\" src=\"https:\/\/blogit.gradia.fi\/puhallinorkesteri\/wp-content\/uploads\/sites\/267\/2022\/04\/IMG_0394-edited-scaled.jpg\" alt=\"\" class=\"wp-image-220\" srcset=\"https:\/\/blogit.gradia.fi\/puhallinorkesteri\/wp-content\/uploads\/sites\/267\/2022\/04\/IMG_0394-edited-scaled.jpg 1920w, https:\/\/blogit.gradia.fi\/puhallinorkesteri\/wp-content\/uploads\/sites\/267\/2022\/04\/IMG_0394-edited-225x300.jpg 225w, https:\/\/blogit.gradia.fi\/puhallinorkesteri\/wp-content\/uploads\/sites\/267\/2022\/04\/IMG_0394-edited-768x1024.jpg 768w, https:\/\/blogit.gradia.fi\/puhallinorkesteri\/wp-content\/uploads\/sites\/267\/2022\/04\/IMG_0394-edited-1152x1536.jpg 1152w, https:\/\/blogit.gradia.fi\/puhallinorkesteri\/wp-content\/uploads\/sites\/267\/2022\/04\/IMG_0394-edited-1536x2048.jpg 1536w, https:\/\/blogit.gradia.fi\/puhallinorkesteri\/wp-content\/uploads\/sites\/267\/2022\/04\/IMG_0394-edited-1568x2091.jpg 1568w\" sizes=\"auto, (max-width: 1920px) 100vw, 1920px\" \/><figcaption>Esittelyss\u00e4 tuuba.  (kuva: Niina Sapattinen) <\/figcaption><\/figure>\n\n\n\n<figure class=\"wp-block-image size-large\"><img loading=\"lazy\" decoding=\"async\" width=\"1920\" height=\"2560\" src=\"https:\/\/blogit.gradia.fi\/puhallinorkesteri\/wp-content\/uploads\/sites\/267\/2022\/04\/IMG_0390-edited-scaled.jpg\" alt=\"\" class=\"wp-image-222\" srcset=\"https:\/\/blogit.gradia.fi\/puhallinorkesteri\/wp-content\/uploads\/sites\/267\/2022\/04\/IMG_0390-edited-scaled.jpg 1920w, https:\/\/blogit.gradia.fi\/puhallinorkesteri\/wp-content\/uploads\/sites\/267\/2022\/04\/IMG_0390-edited-225x300.jpg 225w, https:\/\/blogit.gradia.fi\/puhallinorkesteri\/wp-content\/uploads\/sites\/267\/2022\/04\/IMG_0390-edited-768x1024.jpg 768w, https:\/\/blogit.gradia.fi\/puhallinorkesteri\/wp-content\/uploads\/sites\/267\/2022\/04\/IMG_0390-edited-1152x1536.jpg 1152w, https:\/\/blogit.gradia.fi\/puhallinorkesteri\/wp-content\/uploads\/sites\/267\/2022\/04\/IMG_0390-edited-1536x2048.jpg 1536w, https:\/\/blogit.gradia.fi\/puhallinorkesteri\/wp-content\/uploads\/sites\/267\/2022\/04\/IMG_0390-edited-1568x2091.jpg 1568w\" sizes=\"auto, (max-width: 1920px) 100vw, 1920px\" \/><figcaption>Pidimme samalla my\u00f6s soitinesittely\u00e4, mik\u00e4 her\u00e4tti monessa koululaisessa innostusta: noinko hienoja ja hauskoja \u00e4\u00e4ni\u00e4 soittimista l\u00e4htee.  (kuva: Niina Sapattinen) <\/figcaption><\/figure>\n\n\n\n<p>T\u00e4m\u00e4nkin koululaiskonsertin j\u00e4lkeen toivottavasti moni koululainen innostuu aloittamaan soittoharrastuksen ja saamme tulevien vuosien maakunnallisiin tapahtumiin paljon soittajia. <\/p>\n\n\n\n<figure class=\"wp-block-image size-large\"><img loading=\"lazy\" decoding=\"async\" width=\"1024\" height=\"768\" src=\"https:\/\/blogit.gradia.fi\/puhallinorkesteri\/wp-content\/uploads\/sites\/267\/2022\/04\/IMG_0401-1024x768.jpg\" alt=\"\" class=\"wp-image-223\" srcset=\"https:\/\/blogit.gradia.fi\/puhallinorkesteri\/wp-content\/uploads\/sites\/267\/2022\/04\/IMG_0401-1024x768.jpg 1024w, https:\/\/blogit.gradia.fi\/puhallinorkesteri\/wp-content\/uploads\/sites\/267\/2022\/04\/IMG_0401-300x225.jpg 300w, https:\/\/blogit.gradia.fi\/puhallinorkesteri\/wp-content\/uploads\/sites\/267\/2022\/04\/IMG_0401-768x576.jpg 768w, https:\/\/blogit.gradia.fi\/puhallinorkesteri\/wp-content\/uploads\/sites\/267\/2022\/04\/IMG_0401-1536x1152.jpg 1536w, https:\/\/blogit.gradia.fi\/puhallinorkesteri\/wp-content\/uploads\/sites\/267\/2022\/04\/IMG_0401-2048x1536.jpg 2048w, https:\/\/blogit.gradia.fi\/puhallinorkesteri\/wp-content\/uploads\/sites\/267\/2022\/04\/IMG_0401-1568x1176.jpg 1568w\" sizes=\"auto, (max-width: 1024px) 100vw, 1024px\" \/><figcaption>Salissa oli hieno akustiikka, mik\u00e4 sai soiton kuulostamaan entist\u00e4 paremmalta.  (kuva: Niina Sapattinen) <\/figcaption><\/figure>\n\n\n\n<figure class=\"wp-block-image size-large\"><img loading=\"lazy\" decoding=\"async\" width=\"1920\" height=\"2560\" src=\"https:\/\/blogit.gradia.fi\/puhallinorkesteri\/wp-content\/uploads\/sites\/267\/2022\/04\/IMG_0411-edited-scaled.jpg\" alt=\"\" class=\"wp-image-225\" srcset=\"https:\/\/blogit.gradia.fi\/puhallinorkesteri\/wp-content\/uploads\/sites\/267\/2022\/04\/IMG_0411-edited-scaled.jpg 1920w, https:\/\/blogit.gradia.fi\/puhallinorkesteri\/wp-content\/uploads\/sites\/267\/2022\/04\/IMG_0411-edited-225x300.jpg 225w, https:\/\/blogit.gradia.fi\/puhallinorkesteri\/wp-content\/uploads\/sites\/267\/2022\/04\/IMG_0411-edited-768x1024.jpg 768w, https:\/\/blogit.gradia.fi\/puhallinorkesteri\/wp-content\/uploads\/sites\/267\/2022\/04\/IMG_0411-edited-1152x1536.jpg 1152w, https:\/\/blogit.gradia.fi\/puhallinorkesteri\/wp-content\/uploads\/sites\/267\/2022\/04\/IMG_0411-edited-1536x2048.jpg 1536w, https:\/\/blogit.gradia.fi\/puhallinorkesteri\/wp-content\/uploads\/sites\/267\/2022\/04\/IMG_0411-edited-1568x2091.jpg 1568w\" sizes=\"auto, (max-width: 1920px) 100vw, 1920px\" \/><figcaption>Koulun oppilaat antoivat omalle opettajalleen, kapellimestari Ilpolle my\u00f6s kukkia. Varmasti monelle oli yll\u00e4tys, mit\u00e4 kaikkea Ilpo-ope puuhaa koulun j\u00e4lkeen musiikin parissa.  (kuva: Niina Sapattinen)  <\/figcaption><\/figure>\n\n\n\n<figure class=\"wp-block-image size-large\"><img loading=\"lazy\" decoding=\"async\" width=\"1920\" height=\"2560\" src=\"https:\/\/blogit.gradia.fi\/puhallinorkesteri\/wp-content\/uploads\/sites\/267\/2022\/04\/IMG_0421-edited-scaled.jpg\" alt=\"\" class=\"wp-image-228\" srcset=\"https:\/\/blogit.gradia.fi\/puhallinorkesteri\/wp-content\/uploads\/sites\/267\/2022\/04\/IMG_0421-edited-scaled.jpg 1920w, https:\/\/blogit.gradia.fi\/puhallinorkesteri\/wp-content\/uploads\/sites\/267\/2022\/04\/IMG_0421-edited-225x300.jpg 225w, https:\/\/blogit.gradia.fi\/puhallinorkesteri\/wp-content\/uploads\/sites\/267\/2022\/04\/IMG_0421-edited-768x1024.jpg 768w, https:\/\/blogit.gradia.fi\/puhallinorkesteri\/wp-content\/uploads\/sites\/267\/2022\/04\/IMG_0421-edited-1152x1536.jpg 1152w, https:\/\/blogit.gradia.fi\/puhallinorkesteri\/wp-content\/uploads\/sites\/267\/2022\/04\/IMG_0421-edited-1536x2048.jpg 1536w, https:\/\/blogit.gradia.fi\/puhallinorkesteri\/wp-content\/uploads\/sites\/267\/2022\/04\/IMG_0421-edited-1568x2091.jpg 1568w\" sizes=\"auto, (max-width: 1920px) 100vw, 1920px\" \/><figcaption>Kamat kasaan ja kotimatkalle.  (kuva: Niina Sapattinen)  <\/figcaption><\/figure>\n\n\n\n<figure class=\"wp-block-image size-large\"><img loading=\"lazy\" decoding=\"async\" width=\"1024\" height=\"768\" src=\"https:\/\/blogit.gradia.fi\/puhallinorkesteri\/wp-content\/uploads\/sites\/267\/2022\/04\/IMG_0424-1-1024x768.jpg\" alt=\"\" class=\"wp-image-227\" srcset=\"https:\/\/blogit.gradia.fi\/puhallinorkesteri\/wp-content\/uploads\/sites\/267\/2022\/04\/IMG_0424-1-1024x768.jpg 1024w, https:\/\/blogit.gradia.fi\/puhallinorkesteri\/wp-content\/uploads\/sites\/267\/2022\/04\/IMG_0424-1-300x225.jpg 300w, https:\/\/blogit.gradia.fi\/puhallinorkesteri\/wp-content\/uploads\/sites\/267\/2022\/04\/IMG_0424-1-768x576.jpg 768w, https:\/\/blogit.gradia.fi\/puhallinorkesteri\/wp-content\/uploads\/sites\/267\/2022\/04\/IMG_0424-1-1536x1152.jpg 1536w, https:\/\/blogit.gradia.fi\/puhallinorkesteri\/wp-content\/uploads\/sites\/267\/2022\/04\/IMG_0424-1-2048x1536.jpg 2048w, https:\/\/blogit.gradia.fi\/puhallinorkesteri\/wp-content\/uploads\/sites\/267\/2022\/04\/IMG_0424-1-1568x1176.jpg 1568w\" sizes=\"auto, (max-width: 1024px) 100vw, 1024px\" \/><figcaption>Roudauskin sujuu jo ammattimaisesti.  (kuva: Niina Sapattinen)  <\/figcaption><\/figure>\n","protected":false},"excerpt":{"rendered":"<p>Vanhempien soittajien orkesteri starttasi torstaina 7.4. bussilla kohti J\u00e4ms\u00e4nkoskea, jossa orkesterimme kapellimestari Ilpo Soikkeli odotteli meit\u00e4 omalla ty\u00f6paikallaan J\u00e4ms\u00e4nkosken yhten\u00e4iskoululla. Koulun rehtori kertoi, ett\u00e4 koulussa ei ole k\u00e4ynyt vierailijoita yli kahteen vuoteen koronan takia, joten saimme kunnian olla ensimm\u00e4isi\u00e4 ulkopuolisia, jotka tarjoilivat kulttuuria koululaisille. Meid\u00e4t otettiin siis t\u00e4ll\u00e4kin koululla avosylin vastaan ja tarjottu kouluruoka maistui&hellip; <a class=\"more-link\" href=\"https:\/\/blogit.gradia.fi\/puhallinorkesteri\/2022\/04\/08\/maakunnallinen-puhallinorkesteri-puhuri-konsertoimassa-jamsassa-7-4-2022\/\">Jatka lukemista <span class=\"screen-reader-text\">Maakunnallinen puhallinorkesteri Puhuri konsertoimassa J\u00e4ms\u00e4ss\u00e4 7.4.2022<\/span><\/a><\/p>\n","protected":false},"author":805,"featured_media":0,"comment_status":"open","ping_status":"open","sticky":false,"template":"","format":"standard","meta":{"_uag_custom_page_level_css":"","footnotes":""},"categories":[1],"tags":[],"class_list":["post-216","post","type-post","status-publish","format-standard","hentry","category-yleinen","entry"],"yoast_head":"<!-- This site is optimized with the Yoast SEO plugin v27.5 - https:\/\/yoast.com\/product\/yoast-seo-wordpress\/ -->\n<title>Maakunnallinen puhallinorkesteri Puhuri konsertoimassa J\u00e4ms\u00e4ss\u00e4 7.4.2022 - Maakunnallista puhallinorkesteritoimintaa taiteen perusopetuksessa<\/title>\n<meta name=\"robots\" content=\"index, follow, max-snippet:-1, max-image-preview:large, max-video-preview:-1\" \/>\n<link rel=\"canonical\" href=\"https:\/\/blogit.gradia.fi\/puhallinorkesteri\/2022\/04\/08\/maakunnallinen-puhallinorkesteri-puhuri-konsertoimassa-jamsassa-7-4-2022\/\" \/>\n<meta property=\"og:locale\" content=\"fi_FI\" \/>\n<meta property=\"og:type\" content=\"article\" \/>\n<meta property=\"og:title\" content=\"Maakunnallinen puhallinorkesteri Puhuri konsertoimassa J\u00e4ms\u00e4ss\u00e4 7.4.2022 - Maakunnallista puhallinorkesteritoimintaa taiteen perusopetuksessa\" \/>\n<meta property=\"og:description\" content=\"Vanhempien soittajien orkesteri starttasi torstaina 7.4. bussilla kohti J\u00e4ms\u00e4nkoskea, jossa orkesterimme kapellimestari Ilpo Soikkeli odotteli meit\u00e4 omalla ty\u00f6paikallaan J\u00e4ms\u00e4nkosken yhten\u00e4iskoululla. Koulun rehtori kertoi, ett\u00e4 koulussa ei ole k\u00e4ynyt vierailijoita yli kahteen vuoteen koronan takia, joten saimme kunnian olla ensimm\u00e4isi\u00e4 ulkopuolisia, jotka tarjoilivat kulttuuria koululaisille. Meid\u00e4t otettiin siis t\u00e4ll\u00e4kin koululla avosylin vastaan ja tarjottu kouluruoka maistui&hellip; Jatka lukemista Maakunnallinen puhallinorkesteri Puhuri konsertoimassa J\u00e4ms\u00e4ss\u00e4 7.4.2022\" \/>\n<meta property=\"og:url\" content=\"https:\/\/blogit.gradia.fi\/puhallinorkesteri\/2022\/04\/08\/maakunnallinen-puhallinorkesteri-puhuri-konsertoimassa-jamsassa-7-4-2022\/\" \/>\n<meta property=\"og:site_name\" content=\"Maakunnallista puhallinorkesteritoimintaa taiteen perusopetuksessa\" \/>\n<meta property=\"article:published_time\" content=\"2022-04-08T04:51:15+00:00\" \/>\n<meta property=\"article:modified_time\" content=\"2022-09-28T06:31:17+00:00\" \/>\n<meta property=\"og:image\" content=\"https:\/\/blogit.gradia.fi\/puhallinorkesteri\/wp-content\/uploads\/sites\/267\/2022\/08\/KSL-logo-1024x343.png\" \/>\n<meta name=\"author\" content=\"Niina Sapattinen\" \/>\n<meta name=\"twitter:card\" content=\"summary_large_image\" \/>\n<meta name=\"twitter:label1\" content=\"Kirjoittanut\" \/>\n\t<meta name=\"twitter:data1\" content=\"Niina Sapattinen\" \/>\n\t<meta name=\"twitter:label2\" content=\"Arvioitu lukuaika\" \/>\n\t<meta name=\"twitter:data2\" content=\"4 minuuttia\" \/>\n<script type=\"application\/ld+json\" class=\"yoast-schema-graph\">{\"@context\":\"https:\\\/\\\/schema.org\",\"@graph\":[{\"@type\":\"Article\",\"@id\":\"https:\\\/\\\/blogit.gradia.fi\\\/puhallinorkesteri\\\/2022\\\/04\\\/08\\\/maakunnallinen-puhallinorkesteri-puhuri-konsertoimassa-jamsassa-7-4-2022\\\/#article\",\"isPartOf\":{\"@id\":\"https:\\\/\\\/blogit.gradia.fi\\\/puhallinorkesteri\\\/2022\\\/04\\\/08\\\/maakunnallinen-puhallinorkesteri-puhuri-konsertoimassa-jamsassa-7-4-2022\\\/\"},\"author\":{\"name\":\"Niina Sapattinen\",\"@id\":\"https:\\\/\\\/blogit.gradia.fi\\\/puhallinorkesteri\\\/#\\\/schema\\\/person\\\/e13b134d48e82e9653cc868c43f32b9b\"},\"headline\":\"Maakunnallinen puhallinorkesteri Puhuri konsertoimassa J\u00e4ms\u00e4ss\u00e4 7.4.2022\",\"datePublished\":\"2022-04-08T04:51:15+00:00\",\"dateModified\":\"2022-09-28T06:31:17+00:00\",\"mainEntityOfPage\":{\"@id\":\"https:\\\/\\\/blogit.gradia.fi\\\/puhallinorkesteri\\\/2022\\\/04\\\/08\\\/maakunnallinen-puhallinorkesteri-puhuri-konsertoimassa-jamsassa-7-4-2022\\\/\"},\"wordCount\":244,\"commentCount\":0,\"image\":{\"@id\":\"https:\\\/\\\/blogit.gradia.fi\\\/puhallinorkesteri\\\/2022\\\/04\\\/08\\\/maakunnallinen-puhallinorkesteri-puhuri-konsertoimassa-jamsassa-7-4-2022\\\/#primaryimage\"},\"thumbnailUrl\":\"https:\\\/\\\/blogit.gradia.fi\\\/puhallinorkesteri\\\/wp-content\\\/uploads\\\/sites\\\/267\\\/2022\\\/08\\\/KSL-logo-1024x343.png\",\"inLanguage\":\"fi\",\"potentialAction\":[{\"@type\":\"CommentAction\",\"name\":\"Comment\",\"target\":[\"https:\\\/\\\/blogit.gradia.fi\\\/puhallinorkesteri\\\/2022\\\/04\\\/08\\\/maakunnallinen-puhallinorkesteri-puhuri-konsertoimassa-jamsassa-7-4-2022\\\/#respond\"]}]},{\"@type\":\"WebPage\",\"@id\":\"https:\\\/\\\/blogit.gradia.fi\\\/puhallinorkesteri\\\/2022\\\/04\\\/08\\\/maakunnallinen-puhallinorkesteri-puhuri-konsertoimassa-jamsassa-7-4-2022\\\/\",\"url\":\"https:\\\/\\\/blogit.gradia.fi\\\/puhallinorkesteri\\\/2022\\\/04\\\/08\\\/maakunnallinen-puhallinorkesteri-puhuri-konsertoimassa-jamsassa-7-4-2022\\\/\",\"name\":\"Maakunnallinen puhallinorkesteri Puhuri konsertoimassa J\u00e4ms\u00e4ss\u00e4 7.4.2022 - Maakunnallista puhallinorkesteritoimintaa taiteen perusopetuksessa\",\"isPartOf\":{\"@id\":\"https:\\\/\\\/blogit.gradia.fi\\\/puhallinorkesteri\\\/#website\"},\"primaryImageOfPage\":{\"@id\":\"https:\\\/\\\/blogit.gradia.fi\\\/puhallinorkesteri\\\/2022\\\/04\\\/08\\\/maakunnallinen-puhallinorkesteri-puhuri-konsertoimassa-jamsassa-7-4-2022\\\/#primaryimage\"},\"image\":{\"@id\":\"https:\\\/\\\/blogit.gradia.fi\\\/puhallinorkesteri\\\/2022\\\/04\\\/08\\\/maakunnallinen-puhallinorkesteri-puhuri-konsertoimassa-jamsassa-7-4-2022\\\/#primaryimage\"},\"thumbnailUrl\":\"https:\\\/\\\/blogit.gradia.fi\\\/puhallinorkesteri\\\/wp-content\\\/uploads\\\/sites\\\/267\\\/2022\\\/08\\\/KSL-logo-1024x343.png\",\"datePublished\":\"2022-04-08T04:51:15+00:00\",\"dateModified\":\"2022-09-28T06:31:17+00:00\",\"author\":{\"@id\":\"https:\\\/\\\/blogit.gradia.fi\\\/puhallinorkesteri\\\/#\\\/schema\\\/person\\\/e13b134d48e82e9653cc868c43f32b9b\"},\"breadcrumb\":{\"@id\":\"https:\\\/\\\/blogit.gradia.fi\\\/puhallinorkesteri\\\/2022\\\/04\\\/08\\\/maakunnallinen-puhallinorkesteri-puhuri-konsertoimassa-jamsassa-7-4-2022\\\/#breadcrumb\"},\"inLanguage\":\"fi\",\"potentialAction\":[{\"@type\":\"ReadAction\",\"target\":[\"https:\\\/\\\/blogit.gradia.fi\\\/puhallinorkesteri\\\/2022\\\/04\\\/08\\\/maakunnallinen-puhallinorkesteri-puhuri-konsertoimassa-jamsassa-7-4-2022\\\/\"]}]},{\"@type\":\"ImageObject\",\"inLanguage\":\"fi\",\"@id\":\"https:\\\/\\\/blogit.gradia.fi\\\/puhallinorkesteri\\\/2022\\\/04\\\/08\\\/maakunnallinen-puhallinorkesteri-puhuri-konsertoimassa-jamsassa-7-4-2022\\\/#primaryimage\",\"url\":\"https:\\\/\\\/blogit.gradia.fi\\\/puhallinorkesteri\\\/wp-content\\\/uploads\\\/sites\\\/267\\\/2022\\\/08\\\/KSL-logo.png\",\"contentUrl\":\"https:\\\/\\\/blogit.gradia.fi\\\/puhallinorkesteri\\\/wp-content\\\/uploads\\\/sites\\\/267\\\/2022\\\/08\\\/KSL-logo.png\",\"width\":1422,\"height\":476},{\"@type\":\"BreadcrumbList\",\"@id\":\"https:\\\/\\\/blogit.gradia.fi\\\/puhallinorkesteri\\\/2022\\\/04\\\/08\\\/maakunnallinen-puhallinorkesteri-puhuri-konsertoimassa-jamsassa-7-4-2022\\\/#breadcrumb\",\"itemListElement\":[{\"@type\":\"ListItem\",\"position\":1,\"name\":\"Etusivu\",\"item\":\"https:\\\/\\\/blogit.gradia.fi\\\/puhallinorkesteri\\\/\"},{\"@type\":\"ListItem\",\"position\":2,\"name\":\"Maakunnallinen puhallinorkesteri Puhuri konsertoimassa J\u00e4ms\u00e4ss\u00e4 7.4.2022\"}]},{\"@type\":\"WebSite\",\"@id\":\"https:\\\/\\\/blogit.gradia.fi\\\/puhallinorkesteri\\\/#website\",\"url\":\"https:\\\/\\\/blogit.gradia.fi\\\/puhallinorkesteri\\\/\",\"name\":\"Maakunnallista puhallinorkesteritoimintaa taiteen perusopetuksessa\",\"description\":\"Uusi Gradia-blogit-sivustot -sivusto\",\"potentialAction\":[{\"@type\":\"SearchAction\",\"target\":{\"@type\":\"EntryPoint\",\"urlTemplate\":\"https:\\\/\\\/blogit.gradia.fi\\\/puhallinorkesteri\\\/?s={search_term_string}\"},\"query-input\":{\"@type\":\"PropertyValueSpecification\",\"valueRequired\":true,\"valueName\":\"search_term_string\"}}],\"inLanguage\":\"fi\"},{\"@type\":\"Person\",\"@id\":\"https:\\\/\\\/blogit.gradia.fi\\\/puhallinorkesteri\\\/#\\\/schema\\\/person\\\/e13b134d48e82e9653cc868c43f32b9b\",\"name\":\"Niina Sapattinen\",\"image\":{\"@type\":\"ImageObject\",\"inLanguage\":\"fi\",\"@id\":\"https:\\\/\\\/secure.gravatar.com\\\/avatar\\\/cfe3808d481255b6eeaed93b8a4c7c34e9e376fcfd3f41b0a7ea590c0277f406?s=96&d=mm&r=g\",\"url\":\"https:\\\/\\\/secure.gravatar.com\\\/avatar\\\/cfe3808d481255b6eeaed93b8a4c7c34e9e376fcfd3f41b0a7ea590c0277f406?s=96&d=mm&r=g\",\"contentUrl\":\"https:\\\/\\\/secure.gravatar.com\\\/avatar\\\/cfe3808d481255b6eeaed93b8a4c7c34e9e376fcfd3f41b0a7ea590c0277f406?s=96&d=mm&r=g\",\"caption\":\"Niina Sapattinen\"},\"url\":\"https:\\\/\\\/blogit.gradia.fi\\\/puhallinorkesteri\\\/author\\\/sapatnii\\\/\"}]}<\/script>\n<!-- \/ Yoast SEO plugin. -->","yoast_head_json":{"title":"Maakunnallinen puhallinorkesteri Puhuri konsertoimassa J\u00e4ms\u00e4ss\u00e4 7.4.2022 - Maakunnallista puhallinorkesteritoimintaa taiteen perusopetuksessa","robots":{"index":"index","follow":"follow","max-snippet":"max-snippet:-1","max-image-preview":"max-image-preview:large","max-video-preview":"max-video-preview:-1"},"canonical":"https:\/\/blogit.gradia.fi\/puhallinorkesteri\/2022\/04\/08\/maakunnallinen-puhallinorkesteri-puhuri-konsertoimassa-jamsassa-7-4-2022\/","og_locale":"fi_FI","og_type":"article","og_title":"Maakunnallinen puhallinorkesteri Puhuri konsertoimassa J\u00e4ms\u00e4ss\u00e4 7.4.2022 - Maakunnallista puhallinorkesteritoimintaa taiteen perusopetuksessa","og_description":"Vanhempien soittajien orkesteri starttasi torstaina 7.4. bussilla kohti J\u00e4ms\u00e4nkoskea, jossa orkesterimme kapellimestari Ilpo Soikkeli odotteli meit\u00e4 omalla ty\u00f6paikallaan J\u00e4ms\u00e4nkosken yhten\u00e4iskoululla. Koulun rehtori kertoi, ett\u00e4 koulussa ei ole k\u00e4ynyt vierailijoita yli kahteen vuoteen koronan takia, joten saimme kunnian olla ensimm\u00e4isi\u00e4 ulkopuolisia, jotka tarjoilivat kulttuuria koululaisille. Meid\u00e4t otettiin siis t\u00e4ll\u00e4kin koululla avosylin vastaan ja tarjottu kouluruoka maistui&hellip; Jatka lukemista Maakunnallinen puhallinorkesteri Puhuri konsertoimassa J\u00e4ms\u00e4ss\u00e4 7.4.2022","og_url":"https:\/\/blogit.gradia.fi\/puhallinorkesteri\/2022\/04\/08\/maakunnallinen-puhallinorkesteri-puhuri-konsertoimassa-jamsassa-7-4-2022\/","og_site_name":"Maakunnallista puhallinorkesteritoimintaa taiteen perusopetuksessa","article_published_time":"2022-04-08T04:51:15+00:00","article_modified_time":"2022-09-28T06:31:17+00:00","og_image":[{"url":"https:\/\/blogit.gradia.fi\/puhallinorkesteri\/wp-content\/uploads\/sites\/267\/2022\/08\/KSL-logo-1024x343.png","type":"","width":"","height":""}],"author":"Niina Sapattinen","twitter_card":"summary_large_image","twitter_misc":{"Kirjoittanut":"Niina Sapattinen","Arvioitu lukuaika":"4 minuuttia"},"schema":{"@context":"https:\/\/schema.org","@graph":[{"@type":"Article","@id":"https:\/\/blogit.gradia.fi\/puhallinorkesteri\/2022\/04\/08\/maakunnallinen-puhallinorkesteri-puhuri-konsertoimassa-jamsassa-7-4-2022\/#article","isPartOf":{"@id":"https:\/\/blogit.gradia.fi\/puhallinorkesteri\/2022\/04\/08\/maakunnallinen-puhallinorkesteri-puhuri-konsertoimassa-jamsassa-7-4-2022\/"},"author":{"name":"Niina Sapattinen","@id":"https:\/\/blogit.gradia.fi\/puhallinorkesteri\/#\/schema\/person\/e13b134d48e82e9653cc868c43f32b9b"},"headline":"Maakunnallinen puhallinorkesteri Puhuri konsertoimassa J\u00e4ms\u00e4ss\u00e4 7.4.2022","datePublished":"2022-04-08T04:51:15+00:00","dateModified":"2022-09-28T06:31:17+00:00","mainEntityOfPage":{"@id":"https:\/\/blogit.gradia.fi\/puhallinorkesteri\/2022\/04\/08\/maakunnallinen-puhallinorkesteri-puhuri-konsertoimassa-jamsassa-7-4-2022\/"},"wordCount":244,"commentCount":0,"image":{"@id":"https:\/\/blogit.gradia.fi\/puhallinorkesteri\/2022\/04\/08\/maakunnallinen-puhallinorkesteri-puhuri-konsertoimassa-jamsassa-7-4-2022\/#primaryimage"},"thumbnailUrl":"https:\/\/blogit.gradia.fi\/puhallinorkesteri\/wp-content\/uploads\/sites\/267\/2022\/08\/KSL-logo-1024x343.png","inLanguage":"fi","potentialAction":[{"@type":"CommentAction","name":"Comment","target":["https:\/\/blogit.gradia.fi\/puhallinorkesteri\/2022\/04\/08\/maakunnallinen-puhallinorkesteri-puhuri-konsertoimassa-jamsassa-7-4-2022\/#respond"]}]},{"@type":"WebPage","@id":"https:\/\/blogit.gradia.fi\/puhallinorkesteri\/2022\/04\/08\/maakunnallinen-puhallinorkesteri-puhuri-konsertoimassa-jamsassa-7-4-2022\/","url":"https:\/\/blogit.gradia.fi\/puhallinorkesteri\/2022\/04\/08\/maakunnallinen-puhallinorkesteri-puhuri-konsertoimassa-jamsassa-7-4-2022\/","name":"Maakunnallinen puhallinorkesteri Puhuri konsertoimassa J\u00e4ms\u00e4ss\u00e4 7.4.2022 - Maakunnallista puhallinorkesteritoimintaa taiteen perusopetuksessa","isPartOf":{"@id":"https:\/\/blogit.gradia.fi\/puhallinorkesteri\/#website"},"primaryImageOfPage":{"@id":"https:\/\/blogit.gradia.fi\/puhallinorkesteri\/2022\/04\/08\/maakunnallinen-puhallinorkesteri-puhuri-konsertoimassa-jamsassa-7-4-2022\/#primaryimage"},"image":{"@id":"https:\/\/blogit.gradia.fi\/puhallinorkesteri\/2022\/04\/08\/maakunnallinen-puhallinorkesteri-puhuri-konsertoimassa-jamsassa-7-4-2022\/#primaryimage"},"thumbnailUrl":"https:\/\/blogit.gradia.fi\/puhallinorkesteri\/wp-content\/uploads\/sites\/267\/2022\/08\/KSL-logo-1024x343.png","datePublished":"2022-04-08T04:51:15+00:00","dateModified":"2022-09-28T06:31:17+00:00","author":{"@id":"https:\/\/blogit.gradia.fi\/puhallinorkesteri\/#\/schema\/person\/e13b134d48e82e9653cc868c43f32b9b"},"breadcrumb":{"@id":"https:\/\/blogit.gradia.fi\/puhallinorkesteri\/2022\/04\/08\/maakunnallinen-puhallinorkesteri-puhuri-konsertoimassa-jamsassa-7-4-2022\/#breadcrumb"},"inLanguage":"fi","potentialAction":[{"@type":"ReadAction","target":["https:\/\/blogit.gradia.fi\/puhallinorkesteri\/2022\/04\/08\/maakunnallinen-puhallinorkesteri-puhuri-konsertoimassa-jamsassa-7-4-2022\/"]}]},{"@type":"ImageObject","inLanguage":"fi","@id":"https:\/\/blogit.gradia.fi\/puhallinorkesteri\/2022\/04\/08\/maakunnallinen-puhallinorkesteri-puhuri-konsertoimassa-jamsassa-7-4-2022\/#primaryimage","url":"https:\/\/blogit.gradia.fi\/puhallinorkesteri\/wp-content\/uploads\/sites\/267\/2022\/08\/KSL-logo.png","contentUrl":"https:\/\/blogit.gradia.fi\/puhallinorkesteri\/wp-content\/uploads\/sites\/267\/2022\/08\/KSL-logo.png","width":1422,"height":476},{"@type":"BreadcrumbList","@id":"https:\/\/blogit.gradia.fi\/puhallinorkesteri\/2022\/04\/08\/maakunnallinen-puhallinorkesteri-puhuri-konsertoimassa-jamsassa-7-4-2022\/#breadcrumb","itemListElement":[{"@type":"ListItem","position":1,"name":"Etusivu","item":"https:\/\/blogit.gradia.fi\/puhallinorkesteri\/"},{"@type":"ListItem","position":2,"name":"Maakunnallinen puhallinorkesteri Puhuri konsertoimassa J\u00e4ms\u00e4ss\u00e4 7.4.2022"}]},{"@type":"WebSite","@id":"https:\/\/blogit.gradia.fi\/puhallinorkesteri\/#website","url":"https:\/\/blogit.gradia.fi\/puhallinorkesteri\/","name":"Maakunnallista puhallinorkesteritoimintaa taiteen perusopetuksessa","description":"Uusi Gradia-blogit-sivustot -sivusto","potentialAction":[{"@type":"SearchAction","target":{"@type":"EntryPoint","urlTemplate":"https:\/\/blogit.gradia.fi\/puhallinorkesteri\/?s={search_term_string}"},"query-input":{"@type":"PropertyValueSpecification","valueRequired":true,"valueName":"search_term_string"}}],"inLanguage":"fi"},{"@type":"Person","@id":"https:\/\/blogit.gradia.fi\/puhallinorkesteri\/#\/schema\/person\/e13b134d48e82e9653cc868c43f32b9b","name":"Niina Sapattinen","image":{"@type":"ImageObject","inLanguage":"fi","@id":"https:\/\/secure.gravatar.com\/avatar\/cfe3808d481255b6eeaed93b8a4c7c34e9e376fcfd3f41b0a7ea590c0277f406?s=96&d=mm&r=g","url":"https:\/\/secure.gravatar.com\/avatar\/cfe3808d481255b6eeaed93b8a4c7c34e9e376fcfd3f41b0a7ea590c0277f406?s=96&d=mm&r=g","contentUrl":"https:\/\/secure.gravatar.com\/avatar\/cfe3808d481255b6eeaed93b8a4c7c34e9e376fcfd3f41b0a7ea590c0277f406?s=96&d=mm&r=g","caption":"Niina Sapattinen"},"url":"https:\/\/blogit.gradia.fi\/puhallinorkesteri\/author\/sapatnii\/"}]}},"uagb_featured_image_src":{"full":false,"thumbnail":false,"medium":false,"medium_large":false,"large":false,"1536x1536":false,"2048x2048":false,"post-thumbnail":false},"uagb_author_info":{"display_name":"Niina Sapattinen","author_link":"https:\/\/blogit.gradia.fi\/puhallinorkesteri\/author\/sapatnii\/"},"uagb_comment_info":0,"uagb_excerpt":"Vanhempien soittajien orkesteri starttasi torstaina 7.4. bussilla kohti J\u00e4ms\u00e4nkoskea, jossa orkesterimme kapellimestari Ilpo Soikkeli odotteli meit\u00e4 omalla ty\u00f6paikallaan J\u00e4ms\u00e4nkosken yhten\u00e4iskoululla. Koulun rehtori kertoi, ett\u00e4 koulussa ei ole k\u00e4ynyt vierailijoita yli kahteen vuoteen koronan takia, joten saimme kunnian olla ensimm\u00e4isi\u00e4 ulkopuolisia, jotka tarjoilivat kulttuuria koululaisille. Meid\u00e4t otettiin siis t\u00e4ll\u00e4kin koululla avosylin vastaan ja tarjottu kouluruoka maistui&hellip;&hellip;","_links":{"self":[{"href":"https:\/\/blogit.gradia.fi\/puhallinorkesteri\/wp-json\/wp\/v2\/posts\/216","targetHints":{"allow":["GET"]}}],"collection":[{"href":"https:\/\/blogit.gradia.fi\/puhallinorkesteri\/wp-json\/wp\/v2\/posts"}],"about":[{"href":"https:\/\/blogit.gradia.fi\/puhallinorkesteri\/wp-json\/wp\/v2\/types\/post"}],"author":[{"embeddable":true,"href":"https:\/\/blogit.gradia.fi\/puhallinorkesteri\/wp-json\/wp\/v2\/users\/805"}],"replies":[{"embeddable":true,"href":"https:\/\/blogit.gradia.fi\/puhallinorkesteri\/wp-json\/wp\/v2\/comments?post=216"}],"version-history":[{"count":3,"href":"https:\/\/blogit.gradia.fi\/puhallinorkesteri\/wp-json\/wp\/v2\/posts\/216\/revisions"}],"predecessor-version":[{"id":307,"href":"https:\/\/blogit.gradia.fi\/puhallinorkesteri\/wp-json\/wp\/v2\/posts\/216\/revisions\/307"}],"wp:attachment":[{"href":"https:\/\/blogit.gradia.fi\/puhallinorkesteri\/wp-json\/wp\/v2\/media?parent=216"}],"wp:term":[{"taxonomy":"category","embeddable":true,"href":"https:\/\/blogit.gradia.fi\/puhallinorkesteri\/wp-json\/wp\/v2\/categories?post=216"},{"taxonomy":"post_tag","embeddable":true,"href":"https:\/\/blogit.gradia.fi\/puhallinorkesteri\/wp-json\/wp\/v2\/tags?post=216"}],"curies":[{"name":"wp","href":"https:\/\/api.w.org\/{rel}","templated":true}]}}