{"id":192,"date":"2022-04-06T11:32:43","date_gmt":"2022-04-06T08:32:43","guid":{"rendered":"https:\/\/blogit.gradia.fi\/puhallinorkesteri\/?p=192"},"modified":"2022-09-28T09:31:51","modified_gmt":"2022-09-28T06:31:51","slug":"maakunnallinen-puhallinorkesteri-vire-konserttimatkalla-keuruulla-suur-keuruun-etusivun-juttu","status":"publish","type":"post","link":"https:\/\/blogit.gradia.fi\/puhallinorkesteri\/2022\/04\/06\/maakunnallinen-puhallinorkesteri-vire-konserttimatkalla-keuruulla-suur-keuruun-etusivun-juttu\/","title":{"rendered":"Maakunnallinen puhallinorkesteri Vire konserttimatkalla Keuruulla 31.3.2022 &#8211; Suur-Keuruun etusivun juttu"},"content":{"rendered":"\n<figure class=\"wp-block-image size-large\"><img loading=\"lazy\" decoding=\"async\" width=\"1024\" height=\"343\" src=\"https:\/\/blogit.gradia.fi\/puhallinorkesteri\/wp-content\/uploads\/sites\/267\/2022\/08\/KSL-logo-1024x343.png\" alt=\"\" class=\"wp-image-295\" srcset=\"https:\/\/blogit.gradia.fi\/puhallinorkesteri\/wp-content\/uploads\/sites\/267\/2022\/08\/KSL-logo-1024x343.png 1024w, https:\/\/blogit.gradia.fi\/puhallinorkesteri\/wp-content\/uploads\/sites\/267\/2022\/08\/KSL-logo-300x100.png 300w, https:\/\/blogit.gradia.fi\/puhallinorkesteri\/wp-content\/uploads\/sites\/267\/2022\/08\/KSL-logo-768x257.png 768w, https:\/\/blogit.gradia.fi\/puhallinorkesteri\/wp-content\/uploads\/sites\/267\/2022\/08\/KSL-logo.png 1422w\" sizes=\"auto, (max-width: 1024px) 100vw, 1024px\" \/><\/figure>\n\n\n\n<p>Torstaina 31.3. koitti j\u00e4nn\u00e4 p\u00e4iv\u00e4 Vireen soittajille: moni p\u00e4\u00e4si ensimm\u00e4iselle orkesterinmatkalleen. Vireen soittajille j\u00e4rjestettiin koululaiskonsertti Keuruulle Kivel\u00e4n koululle, koska suunnitelmien mukaan maakunnallisen orkesterin tulee konsertoida my\u00f6s Jyv\u00e4skyl\u00e4n ulkopuolella. Keuruu valikoitui paikaksi sen takia, ett\u00e4 Vireess\u00e4 on ollut hankkeen ajan yli 10 soittajaa Keuruulta. P\u00e4iv\u00e4 eteni seuraavan aikataulun mukaan:<\/p>\n\n\n\n<ul class=\"wp-block-list\"><li>9.00 bussi l\u00e4htee Pitk\u00e4kadulta kohti Keuruuta<\/li><li>10.00 saapuminen Keuruulle, jolloin my\u00f6s Keuruun ja J\u00e4ms\u00e4n soittajat paikalle<\/li><li>10-11 harjoitukset Kivel\u00e4n koululla<\/li><li>11.20-12.00 konsertti Kivel\u00e4n koululla<\/li><li>12.00-12.30 ruokailu Kivel\u00e4n koululla<\/li><li>13.00 Jyv\u00e4skyl\u00e4n soittajien bussi l\u00e4htee takaisin<\/li><\/ul>\n\n\n\n<figure class=\"wp-block-image size-large\"><img loading=\"lazy\" decoding=\"async\" width=\"894\" height=\"1024\" src=\"https:\/\/blogit.gradia.fi\/puhallinorkesteri\/wp-content\/uploads\/sites\/267\/2022\/04\/IMG_0154-2-894x1024.jpg\" alt=\"\" class=\"wp-image-197\" srcset=\"https:\/\/blogit.gradia.fi\/puhallinorkesteri\/wp-content\/uploads\/sites\/267\/2022\/04\/IMG_0154-2-894x1024.jpg 894w, https:\/\/blogit.gradia.fi\/puhallinorkesteri\/wp-content\/uploads\/sites\/267\/2022\/04\/IMG_0154-2-262x300.jpg 262w, https:\/\/blogit.gradia.fi\/puhallinorkesteri\/wp-content\/uploads\/sites\/267\/2022\/04\/IMG_0154-2-768x879.jpg 768w, https:\/\/blogit.gradia.fi\/puhallinorkesteri\/wp-content\/uploads\/sites\/267\/2022\/04\/IMG_0154-2-1342x1536.jpg 1342w, https:\/\/blogit.gradia.fi\/puhallinorkesteri\/wp-content\/uploads\/sites\/267\/2022\/04\/IMG_0154-2-1789x2048.jpg 1789w, https:\/\/blogit.gradia.fi\/puhallinorkesteri\/wp-content\/uploads\/sites\/267\/2022\/04\/IMG_0154-2-1568x1795.jpg 1568w\" sizes=\"auto, (max-width: 894px) 100vw, 894px\" \/><figcaption> Linja-autossa ompi tunnelmaa. Kapellimestarimme Lassi Takanen ja oboesolistit Selma ja Sohvi.  (kuva: Niina Sapattinen) <\/figcaption><\/figure>\n\n\n\n<figure class=\"wp-block-image size-large\"><img loading=\"lazy\" decoding=\"async\" width=\"1024\" height=\"768\" src=\"https:\/\/blogit.gradia.fi\/puhallinorkesteri\/wp-content\/uploads\/sites\/267\/2022\/04\/IMG_0172-1024x768.jpg\" alt=\"\" class=\"wp-image-200\" srcset=\"https:\/\/blogit.gradia.fi\/puhallinorkesteri\/wp-content\/uploads\/sites\/267\/2022\/04\/IMG_0172-1024x768.jpg 1024w, https:\/\/blogit.gradia.fi\/puhallinorkesteri\/wp-content\/uploads\/sites\/267\/2022\/04\/IMG_0172-300x225.jpg 300w, https:\/\/blogit.gradia.fi\/puhallinorkesteri\/wp-content\/uploads\/sites\/267\/2022\/04\/IMG_0172-768x576.jpg 768w, https:\/\/blogit.gradia.fi\/puhallinorkesteri\/wp-content\/uploads\/sites\/267\/2022\/04\/IMG_0172-1536x1152.jpg 1536w, https:\/\/blogit.gradia.fi\/puhallinorkesteri\/wp-content\/uploads\/sites\/267\/2022\/04\/IMG_0172-2048x1536.jpg 2048w, https:\/\/blogit.gradia.fi\/puhallinorkesteri\/wp-content\/uploads\/sites\/267\/2022\/04\/IMG_0172-1568x1176.jpg 1568w\" sizes=\"auto, (max-width: 1024px) 100vw, 1024px\" \/><figcaption>Treeneiss\u00e4 oli hauskaa.  (kuva: Niina Sapattinen) <\/figcaption><\/figure>\n\n\n\n<figure class=\"wp-block-image size-large\"><img loading=\"lazy\" decoding=\"async\" width=\"1024\" height=\"768\" src=\"https:\/\/blogit.gradia.fi\/puhallinorkesteri\/wp-content\/uploads\/sites\/267\/2022\/04\/IMG_0180-1024x768.jpg\" alt=\"\" class=\"wp-image-201\" srcset=\"https:\/\/blogit.gradia.fi\/puhallinorkesteri\/wp-content\/uploads\/sites\/267\/2022\/04\/IMG_0180-1024x768.jpg 1024w, https:\/\/blogit.gradia.fi\/puhallinorkesteri\/wp-content\/uploads\/sites\/267\/2022\/04\/IMG_0180-300x225.jpg 300w, https:\/\/blogit.gradia.fi\/puhallinorkesteri\/wp-content\/uploads\/sites\/267\/2022\/04\/IMG_0180-768x576.jpg 768w, https:\/\/blogit.gradia.fi\/puhallinorkesteri\/wp-content\/uploads\/sites\/267\/2022\/04\/IMG_0180-1536x1152.jpg 1536w, https:\/\/blogit.gradia.fi\/puhallinorkesteri\/wp-content\/uploads\/sites\/267\/2022\/04\/IMG_0180-2048x1536.jpg 2048w, https:\/\/blogit.gradia.fi\/puhallinorkesteri\/wp-content\/uploads\/sites\/267\/2022\/04\/IMG_0180-1568x1176.jpg 1568w\" sizes=\"auto, (max-width: 1024px) 100vw, 1024px\" \/><figcaption>Orkesteri oli niin iso, ett\u00e4 sit\u00e4 oli vaikea saada mahtumaan kuvaan.  (kuva: Niina Sapattinen) <\/figcaption><\/figure>\n\n\n\n<figure class=\"wp-block-image size-large\"><img loading=\"lazy\" decoding=\"async\" width=\"1024\" height=\"768\" src=\"https:\/\/blogit.gradia.fi\/puhallinorkesteri\/wp-content\/uploads\/sites\/267\/2022\/04\/IMG_0186-1024x768.jpg\" alt=\"\" class=\"wp-image-202\" srcset=\"https:\/\/blogit.gradia.fi\/puhallinorkesteri\/wp-content\/uploads\/sites\/267\/2022\/04\/IMG_0186-1024x768.jpg 1024w, https:\/\/blogit.gradia.fi\/puhallinorkesteri\/wp-content\/uploads\/sites\/267\/2022\/04\/IMG_0186-300x225.jpg 300w, https:\/\/blogit.gradia.fi\/puhallinorkesteri\/wp-content\/uploads\/sites\/267\/2022\/04\/IMG_0186-768x576.jpg 768w, https:\/\/blogit.gradia.fi\/puhallinorkesteri\/wp-content\/uploads\/sites\/267\/2022\/04\/IMG_0186-1536x1152.jpg 1536w, https:\/\/blogit.gradia.fi\/puhallinorkesteri\/wp-content\/uploads\/sites\/267\/2022\/04\/IMG_0186-2048x1536.jpg 2048w, https:\/\/blogit.gradia.fi\/puhallinorkesteri\/wp-content\/uploads\/sites\/267\/2022\/04\/IMG_0186-1568x1176.jpg 1568w\" sizes=\"auto, (max-width: 1024px) 100vw, 1024px\" \/><figcaption> (kuva: Niina Sapattinen) <\/figcaption><\/figure>\n\n\n\n<figure class=\"wp-block-image size-large\"><img loading=\"lazy\" decoding=\"async\" width=\"1024\" height=\"768\" src=\"https:\/\/blogit.gradia.fi\/puhallinorkesteri\/wp-content\/uploads\/sites\/267\/2022\/04\/b1a6cd1a-2217-43e0-b7c3-f3989ca3b6bf-1024x768.jpg\" alt=\"\" class=\"wp-image-203\" srcset=\"https:\/\/blogit.gradia.fi\/puhallinorkesteri\/wp-content\/uploads\/sites\/267\/2022\/04\/b1a6cd1a-2217-43e0-b7c3-f3989ca3b6bf-1024x768.jpg 1024w, https:\/\/blogit.gradia.fi\/puhallinorkesteri\/wp-content\/uploads\/sites\/267\/2022\/04\/b1a6cd1a-2217-43e0-b7c3-f3989ca3b6bf-300x225.jpg 300w, https:\/\/blogit.gradia.fi\/puhallinorkesteri\/wp-content\/uploads\/sites\/267\/2022\/04\/b1a6cd1a-2217-43e0-b7c3-f3989ca3b6bf-768x576.jpg 768w, https:\/\/blogit.gradia.fi\/puhallinorkesteri\/wp-content\/uploads\/sites\/267\/2022\/04\/b1a6cd1a-2217-43e0-b7c3-f3989ca3b6bf-1536x1152.jpg 1536w, https:\/\/blogit.gradia.fi\/puhallinorkesteri\/wp-content\/uploads\/sites\/267\/2022\/04\/b1a6cd1a-2217-43e0-b7c3-f3989ca3b6bf-1568x1176.jpg 1568w, https:\/\/blogit.gradia.fi\/puhallinorkesteri\/wp-content\/uploads\/sites\/267\/2022\/04\/b1a6cd1a-2217-43e0-b7c3-f3989ca3b6bf.jpg 1600w\" sizes=\"auto, (max-width: 1024px) 100vw, 1024px\" \/><figcaption>Konsertin juonsi L\u00e4ntisen Keski-Suomen musiikkiopiston apulaisrehtori Tiiu Tuominen, joka samalla esitteli kaikki soittimet ja kertoi taustatietoja teoksista.  (kuva: Niina Sapattinen) <\/figcaption><\/figure>\n\n\n\n<figure class=\"wp-block-image size-large\"><img loading=\"lazy\" decoding=\"async\" width=\"1024\" height=\"768\" src=\"https:\/\/blogit.gradia.fi\/puhallinorkesteri\/wp-content\/uploads\/sites\/267\/2022\/04\/IMG_0185-1024x768.jpg\" alt=\"\" class=\"wp-image-199\" srcset=\"https:\/\/blogit.gradia.fi\/puhallinorkesteri\/wp-content\/uploads\/sites\/267\/2022\/04\/IMG_0185-1024x768.jpg 1024w, https:\/\/blogit.gradia.fi\/puhallinorkesteri\/wp-content\/uploads\/sites\/267\/2022\/04\/IMG_0185-300x225.jpg 300w, https:\/\/blogit.gradia.fi\/puhallinorkesteri\/wp-content\/uploads\/sites\/267\/2022\/04\/IMG_0185-768x576.jpg 768w, https:\/\/blogit.gradia.fi\/puhallinorkesteri\/wp-content\/uploads\/sites\/267\/2022\/04\/IMG_0185-1536x1152.jpg 1536w, https:\/\/blogit.gradia.fi\/puhallinorkesteri\/wp-content\/uploads\/sites\/267\/2022\/04\/IMG_0185-2048x1536.jpg 2048w, https:\/\/blogit.gradia.fi\/puhallinorkesteri\/wp-content\/uploads\/sites\/267\/2022\/04\/IMG_0185-1568x1176.jpg 1568w\" sizes=\"auto, (max-width: 1024px) 100vw, 1024px\" \/><figcaption>Vastaanotto Keuruulla oli upea: saimme soittaa t\u00e4ydelle salille ja palautteista p\u00e4\u00e4tellen moni yleis\u00f6n joukosta kiinnostui soittoharrastuksen aloittamisesta konsertin my\u00f6t\u00e4.  (kuva: Niina Sapattinen) <\/figcaption><\/figure>\n\n\n\n<figure class=\"wp-block-image size-large\"><img loading=\"lazy\" decoding=\"async\" width=\"1024\" height=\"768\" src=\"https:\/\/blogit.gradia.fi\/puhallinorkesteri\/wp-content\/uploads\/sites\/267\/2022\/04\/IMG_0195-1024x768.jpg\" alt=\"\" class=\"wp-image-206\" srcset=\"https:\/\/blogit.gradia.fi\/puhallinorkesteri\/wp-content\/uploads\/sites\/267\/2022\/04\/IMG_0195-1024x768.jpg 1024w, https:\/\/blogit.gradia.fi\/puhallinorkesteri\/wp-content\/uploads\/sites\/267\/2022\/04\/IMG_0195-300x225.jpg 300w, https:\/\/blogit.gradia.fi\/puhallinorkesteri\/wp-content\/uploads\/sites\/267\/2022\/04\/IMG_0195-768x576.jpg 768w, https:\/\/blogit.gradia.fi\/puhallinorkesteri\/wp-content\/uploads\/sites\/267\/2022\/04\/IMG_0195-1536x1152.jpg 1536w, https:\/\/blogit.gradia.fi\/puhallinorkesteri\/wp-content\/uploads\/sites\/267\/2022\/04\/IMG_0195-2048x1536.jpg 2048w, https:\/\/blogit.gradia.fi\/puhallinorkesteri\/wp-content\/uploads\/sites\/267\/2022\/04\/IMG_0195-1568x1176.jpg 1568w\" sizes=\"auto, (max-width: 1024px) 100vw, 1024px\" \/><figcaption>Ruokailu koululla konsertin j\u00e4lkeen kruunasi yhteisen konserttiel\u00e4myksen.  (kuva: Niina Sapattinen) <\/figcaption><\/figure>\n\n\n\n<figure class=\"wp-block-image size-large\"><img loading=\"lazy\" decoding=\"async\" width=\"1024\" height=\"768\" src=\"https:\/\/blogit.gradia.fi\/puhallinorkesteri\/wp-content\/uploads\/sites\/267\/2022\/04\/IMG_0205-1024x768.jpg\" alt=\"\" class=\"wp-image-207\" srcset=\"https:\/\/blogit.gradia.fi\/puhallinorkesteri\/wp-content\/uploads\/sites\/267\/2022\/04\/IMG_0205-1024x768.jpg 1024w, https:\/\/blogit.gradia.fi\/puhallinorkesteri\/wp-content\/uploads\/sites\/267\/2022\/04\/IMG_0205-300x225.jpg 300w, https:\/\/blogit.gradia.fi\/puhallinorkesteri\/wp-content\/uploads\/sites\/267\/2022\/04\/IMG_0205-768x576.jpg 768w, https:\/\/blogit.gradia.fi\/puhallinorkesteri\/wp-content\/uploads\/sites\/267\/2022\/04\/IMG_0205-1536x1152.jpg 1536w, https:\/\/blogit.gradia.fi\/puhallinorkesteri\/wp-content\/uploads\/sites\/267\/2022\/04\/IMG_0205-2048x1536.jpg 2048w, https:\/\/blogit.gradia.fi\/puhallinorkesteri\/wp-content\/uploads\/sites\/267\/2022\/04\/IMG_0205-1568x1176.jpg 1568w\" sizes=\"auto, (max-width: 1024px) 100vw, 1024px\" \/><figcaption>Halit Keuruun kaverille ja bussiin. (kuva: Niina Sapattinen)<\/figcaption><\/figure>\n\n\n\n<div class=\"wp-block-file\"><a href=\"https:\/\/blogit.gradia.fi\/puhallinorkesteri\/wp-content\/uploads\/sites\/267\/2022\/04\/Sivu-1-_-5.4.2022-_-Suur-Keuruu.pdf\">Sivu-1-_-5.4.2022-_-Suur-Keuruu<\/a><a href=\"https:\/\/blogit.gradia.fi\/puhallinorkesteri\/wp-content\/uploads\/sites\/267\/2022\/04\/Sivu-1-_-5.4.2022-_-Suur-Keuruu.pdf\" class=\"wp-block-file__button\" download>Lataa<\/a><\/div>\n\n\n\n<div class=\"wp-block-file\"><a href=\"https:\/\/blogit.gradia.fi\/puhallinorkesteri\/wp-content\/uploads\/sites\/267\/2022\/04\/Sivu-6-_-5.4.2022-_-Suur-Keuruu.pdf\">Sivu-6-_-5.4.2022-_-Suur-Keuruu<\/a><a href=\"https:\/\/blogit.gradia.fi\/puhallinorkesteri\/wp-content\/uploads\/sites\/267\/2022\/04\/Sivu-6-_-5.4.2022-_-Suur-Keuruu.pdf\" class=\"wp-block-file__button\" download>Lataa<\/a><\/div>\n\n\n\n<p>Suur-Keuruu julkaisi jutun 5.4.2022 etusivullaan t\u00e4st\u00e4 maakunnallisen puhallinorkesterin konsertista. Tavoitimme t\u00e4ll\u00e4 Keuruun konsertilla n\u00e4in ollen hurjan m\u00e4\u00e4r\u00e4n ihmisi\u00e4 ja hanke sai laajaa n\u00e4kyvyytt\u00e4. T\u00e4t\u00e4 kautta yksi hankkeen tavoitteista, harrastajam\u00e4\u00e4rien lis\u00e4\u00e4minen, toteutunee hyvin. Saimme Kivel\u00e4n koulun opettajista my\u00f6s hyvi\u00e4 yhteisty\u00f6kumppaneita tulevia vuosia ajatellen. <\/p>\n","protected":false},"excerpt":{"rendered":"<p>Torstaina 31.3. koitti j\u00e4nn\u00e4 p\u00e4iv\u00e4 Vireen soittajille: moni p\u00e4\u00e4si ensimm\u00e4iselle orkesterinmatkalleen. Vireen soittajille j\u00e4rjestettiin koululaiskonsertti Keuruulle Kivel\u00e4n koululle, koska suunnitelmien mukaan maakunnallisen orkesterin tulee konsertoida my\u00f6s Jyv\u00e4skyl\u00e4n ulkopuolella. Keuruu valikoitui paikaksi sen takia, ett\u00e4 Vireess\u00e4 on ollut hankkeen ajan yli 10 soittajaa Keuruulta. P\u00e4iv\u00e4 eteni seuraavan aikataulun mukaan: 9.00 bussi l\u00e4htee Pitk\u00e4kadulta kohti Keuruuta 10.00&hellip; <a class=\"more-link\" href=\"https:\/\/blogit.gradia.fi\/puhallinorkesteri\/2022\/04\/06\/maakunnallinen-puhallinorkesteri-vire-konserttimatkalla-keuruulla-suur-keuruun-etusivun-juttu\/\">Jatka lukemista <span class=\"screen-reader-text\">Maakunnallinen puhallinorkesteri Vire konserttimatkalla Keuruulla 31.3.2022 &#8211; Suur-Keuruun etusivun juttu<\/span><\/a><\/p>\n","protected":false},"author":805,"featured_media":0,"comment_status":"open","ping_status":"open","sticky":false,"template":"","format":"standard","meta":{"_uag_custom_page_level_css":"","footnotes":""},"categories":[1],"tags":[],"class_list":["post-192","post","type-post","status-publish","format-standard","hentry","category-yleinen","entry"],"yoast_head":"<!-- This site is optimized with the Yoast SEO plugin v27.5 - https:\/\/yoast.com\/product\/yoast-seo-wordpress\/ -->\n<title>Maakunnallinen puhallinorkesteri Vire konserttimatkalla Keuruulla 31.3.2022 - Suur-Keuruun etusivun juttu - Maakunnallista puhallinorkesteritoimintaa taiteen perusopetuksessa<\/title>\n<meta name=\"robots\" content=\"index, follow, max-snippet:-1, max-image-preview:large, max-video-preview:-1\" \/>\n<link rel=\"canonical\" href=\"https:\/\/blogit.gradia.fi\/puhallinorkesteri\/2022\/04\/06\/maakunnallinen-puhallinorkesteri-vire-konserttimatkalla-keuruulla-suur-keuruun-etusivun-juttu\/\" \/>\n<meta property=\"og:locale\" content=\"fi_FI\" \/>\n<meta property=\"og:type\" content=\"article\" \/>\n<meta property=\"og:title\" content=\"Maakunnallinen puhallinorkesteri Vire konserttimatkalla Keuruulla 31.3.2022 - Suur-Keuruun etusivun juttu - Maakunnallista puhallinorkesteritoimintaa taiteen perusopetuksessa\" \/>\n<meta property=\"og:description\" content=\"Torstaina 31.3. koitti j\u00e4nn\u00e4 p\u00e4iv\u00e4 Vireen soittajille: moni p\u00e4\u00e4si ensimm\u00e4iselle orkesterinmatkalleen. Vireen soittajille j\u00e4rjestettiin koululaiskonsertti Keuruulle Kivel\u00e4n koululle, koska suunnitelmien mukaan maakunnallisen orkesterin tulee konsertoida my\u00f6s Jyv\u00e4skyl\u00e4n ulkopuolella. Keuruu valikoitui paikaksi sen takia, ett\u00e4 Vireess\u00e4 on ollut hankkeen ajan yli 10 soittajaa Keuruulta. P\u00e4iv\u00e4 eteni seuraavan aikataulun mukaan: 9.00 bussi l\u00e4htee Pitk\u00e4kadulta kohti Keuruuta 10.00&hellip; Jatka lukemista Maakunnallinen puhallinorkesteri Vire konserttimatkalla Keuruulla 31.3.2022 &#8211; Suur-Keuruun etusivun juttu\" \/>\n<meta property=\"og:url\" content=\"https:\/\/blogit.gradia.fi\/puhallinorkesteri\/2022\/04\/06\/maakunnallinen-puhallinorkesteri-vire-konserttimatkalla-keuruulla-suur-keuruun-etusivun-juttu\/\" \/>\n<meta property=\"og:site_name\" content=\"Maakunnallista puhallinorkesteritoimintaa taiteen perusopetuksessa\" \/>\n<meta property=\"article:published_time\" content=\"2022-04-06T08:32:43+00:00\" \/>\n<meta property=\"article:modified_time\" content=\"2022-09-28T06:31:51+00:00\" \/>\n<meta property=\"og:image\" content=\"https:\/\/blogit.gradia.fi\/puhallinorkesteri\/wp-content\/uploads\/sites\/267\/2022\/08\/KSL-logo-1024x343.png\" \/>\n<meta name=\"author\" content=\"Niina Sapattinen\" \/>\n<meta name=\"twitter:card\" content=\"summary_large_image\" \/>\n<meta name=\"twitter:label1\" content=\"Kirjoittanut\" \/>\n\t<meta name=\"twitter:data1\" content=\"Niina Sapattinen\" \/>\n\t<meta name=\"twitter:label2\" content=\"Arvioitu lukuaika\" \/>\n\t<meta name=\"twitter:data2\" content=\"4 minuuttia\" \/>\n<script type=\"application\/ld+json\" class=\"yoast-schema-graph\">{\"@context\":\"https:\\\/\\\/schema.org\",\"@graph\":[{\"@type\":\"Article\",\"@id\":\"https:\\\/\\\/blogit.gradia.fi\\\/puhallinorkesteri\\\/2022\\\/04\\\/06\\\/maakunnallinen-puhallinorkesteri-vire-konserttimatkalla-keuruulla-suur-keuruun-etusivun-juttu\\\/#article\",\"isPartOf\":{\"@id\":\"https:\\\/\\\/blogit.gradia.fi\\\/puhallinorkesteri\\\/2022\\\/04\\\/06\\\/maakunnallinen-puhallinorkesteri-vire-konserttimatkalla-keuruulla-suur-keuruun-etusivun-juttu\\\/\"},\"author\":{\"name\":\"Niina Sapattinen\",\"@id\":\"https:\\\/\\\/blogit.gradia.fi\\\/puhallinorkesteri\\\/#\\\/schema\\\/person\\\/e13b134d48e82e9653cc868c43f32b9b\"},\"headline\":\"Maakunnallinen puhallinorkesteri Vire konserttimatkalla Keuruulla 31.3.2022 &#8211; Suur-Keuruun etusivun juttu\",\"datePublished\":\"2022-04-06T08:32:43+00:00\",\"dateModified\":\"2022-09-28T06:31:51+00:00\",\"mainEntityOfPage\":{\"@id\":\"https:\\\/\\\/blogit.gradia.fi\\\/puhallinorkesteri\\\/2022\\\/04\\\/06\\\/maakunnallinen-puhallinorkesteri-vire-konserttimatkalla-keuruulla-suur-keuruun-etusivun-juttu\\\/\"},\"wordCount\":276,\"commentCount\":0,\"image\":{\"@id\":\"https:\\\/\\\/blogit.gradia.fi\\\/puhallinorkesteri\\\/2022\\\/04\\\/06\\\/maakunnallinen-puhallinorkesteri-vire-konserttimatkalla-keuruulla-suur-keuruun-etusivun-juttu\\\/#primaryimage\"},\"thumbnailUrl\":\"https:\\\/\\\/blogit.gradia.fi\\\/puhallinorkesteri\\\/wp-content\\\/uploads\\\/sites\\\/267\\\/2022\\\/08\\\/KSL-logo-1024x343.png\",\"inLanguage\":\"fi\",\"potentialAction\":[{\"@type\":\"CommentAction\",\"name\":\"Comment\",\"target\":[\"https:\\\/\\\/blogit.gradia.fi\\\/puhallinorkesteri\\\/2022\\\/04\\\/06\\\/maakunnallinen-puhallinorkesteri-vire-konserttimatkalla-keuruulla-suur-keuruun-etusivun-juttu\\\/#respond\"]}]},{\"@type\":\"WebPage\",\"@id\":\"https:\\\/\\\/blogit.gradia.fi\\\/puhallinorkesteri\\\/2022\\\/04\\\/06\\\/maakunnallinen-puhallinorkesteri-vire-konserttimatkalla-keuruulla-suur-keuruun-etusivun-juttu\\\/\",\"url\":\"https:\\\/\\\/blogit.gradia.fi\\\/puhallinorkesteri\\\/2022\\\/04\\\/06\\\/maakunnallinen-puhallinorkesteri-vire-konserttimatkalla-keuruulla-suur-keuruun-etusivun-juttu\\\/\",\"name\":\"Maakunnallinen puhallinorkesteri Vire konserttimatkalla Keuruulla 31.3.2022 - Suur-Keuruun etusivun juttu - Maakunnallista puhallinorkesteritoimintaa taiteen perusopetuksessa\",\"isPartOf\":{\"@id\":\"https:\\\/\\\/blogit.gradia.fi\\\/puhallinorkesteri\\\/#website\"},\"primaryImageOfPage\":{\"@id\":\"https:\\\/\\\/blogit.gradia.fi\\\/puhallinorkesteri\\\/2022\\\/04\\\/06\\\/maakunnallinen-puhallinorkesteri-vire-konserttimatkalla-keuruulla-suur-keuruun-etusivun-juttu\\\/#primaryimage\"},\"image\":{\"@id\":\"https:\\\/\\\/blogit.gradia.fi\\\/puhallinorkesteri\\\/2022\\\/04\\\/06\\\/maakunnallinen-puhallinorkesteri-vire-konserttimatkalla-keuruulla-suur-keuruun-etusivun-juttu\\\/#primaryimage\"},\"thumbnailUrl\":\"https:\\\/\\\/blogit.gradia.fi\\\/puhallinorkesteri\\\/wp-content\\\/uploads\\\/sites\\\/267\\\/2022\\\/08\\\/KSL-logo-1024x343.png\",\"datePublished\":\"2022-04-06T08:32:43+00:00\",\"dateModified\":\"2022-09-28T06:31:51+00:00\",\"author\":{\"@id\":\"https:\\\/\\\/blogit.gradia.fi\\\/puhallinorkesteri\\\/#\\\/schema\\\/person\\\/e13b134d48e82e9653cc868c43f32b9b\"},\"breadcrumb\":{\"@id\":\"https:\\\/\\\/blogit.gradia.fi\\\/puhallinorkesteri\\\/2022\\\/04\\\/06\\\/maakunnallinen-puhallinorkesteri-vire-konserttimatkalla-keuruulla-suur-keuruun-etusivun-juttu\\\/#breadcrumb\"},\"inLanguage\":\"fi\",\"potentialAction\":[{\"@type\":\"ReadAction\",\"target\":[\"https:\\\/\\\/blogit.gradia.fi\\\/puhallinorkesteri\\\/2022\\\/04\\\/06\\\/maakunnallinen-puhallinorkesteri-vire-konserttimatkalla-keuruulla-suur-keuruun-etusivun-juttu\\\/\"]}]},{\"@type\":\"ImageObject\",\"inLanguage\":\"fi\",\"@id\":\"https:\\\/\\\/blogit.gradia.fi\\\/puhallinorkesteri\\\/2022\\\/04\\\/06\\\/maakunnallinen-puhallinorkesteri-vire-konserttimatkalla-keuruulla-suur-keuruun-etusivun-juttu\\\/#primaryimage\",\"url\":\"https:\\\/\\\/blogit.gradia.fi\\\/puhallinorkesteri\\\/wp-content\\\/uploads\\\/sites\\\/267\\\/2022\\\/08\\\/KSL-logo.png\",\"contentUrl\":\"https:\\\/\\\/blogit.gradia.fi\\\/puhallinorkesteri\\\/wp-content\\\/uploads\\\/sites\\\/267\\\/2022\\\/08\\\/KSL-logo.png\",\"width\":1422,\"height\":476},{\"@type\":\"BreadcrumbList\",\"@id\":\"https:\\\/\\\/blogit.gradia.fi\\\/puhallinorkesteri\\\/2022\\\/04\\\/06\\\/maakunnallinen-puhallinorkesteri-vire-konserttimatkalla-keuruulla-suur-keuruun-etusivun-juttu\\\/#breadcrumb\",\"itemListElement\":[{\"@type\":\"ListItem\",\"position\":1,\"name\":\"Etusivu\",\"item\":\"https:\\\/\\\/blogit.gradia.fi\\\/puhallinorkesteri\\\/\"},{\"@type\":\"ListItem\",\"position\":2,\"name\":\"Maakunnallinen puhallinorkesteri Vire konserttimatkalla Keuruulla 31.3.2022 &#8211; Suur-Keuruun etusivun juttu\"}]},{\"@type\":\"WebSite\",\"@id\":\"https:\\\/\\\/blogit.gradia.fi\\\/puhallinorkesteri\\\/#website\",\"url\":\"https:\\\/\\\/blogit.gradia.fi\\\/puhallinorkesteri\\\/\",\"name\":\"Maakunnallista puhallinorkesteritoimintaa taiteen perusopetuksessa\",\"description\":\"Uusi Gradia-blogit-sivustot -sivusto\",\"potentialAction\":[{\"@type\":\"SearchAction\",\"target\":{\"@type\":\"EntryPoint\",\"urlTemplate\":\"https:\\\/\\\/blogit.gradia.fi\\\/puhallinorkesteri\\\/?s={search_term_string}\"},\"query-input\":{\"@type\":\"PropertyValueSpecification\",\"valueRequired\":true,\"valueName\":\"search_term_string\"}}],\"inLanguage\":\"fi\"},{\"@type\":\"Person\",\"@id\":\"https:\\\/\\\/blogit.gradia.fi\\\/puhallinorkesteri\\\/#\\\/schema\\\/person\\\/e13b134d48e82e9653cc868c43f32b9b\",\"name\":\"Niina Sapattinen\",\"image\":{\"@type\":\"ImageObject\",\"inLanguage\":\"fi\",\"@id\":\"https:\\\/\\\/secure.gravatar.com\\\/avatar\\\/cfe3808d481255b6eeaed93b8a4c7c34e9e376fcfd3f41b0a7ea590c0277f406?s=96&d=mm&r=g\",\"url\":\"https:\\\/\\\/secure.gravatar.com\\\/avatar\\\/cfe3808d481255b6eeaed93b8a4c7c34e9e376fcfd3f41b0a7ea590c0277f406?s=96&d=mm&r=g\",\"contentUrl\":\"https:\\\/\\\/secure.gravatar.com\\\/avatar\\\/cfe3808d481255b6eeaed93b8a4c7c34e9e376fcfd3f41b0a7ea590c0277f406?s=96&d=mm&r=g\",\"caption\":\"Niina Sapattinen\"},\"url\":\"https:\\\/\\\/blogit.gradia.fi\\\/puhallinorkesteri\\\/author\\\/sapatnii\\\/\"}]}<\/script>\n<!-- \/ Yoast SEO plugin. -->","yoast_head_json":{"title":"Maakunnallinen puhallinorkesteri Vire konserttimatkalla Keuruulla 31.3.2022 - Suur-Keuruun etusivun juttu - Maakunnallista puhallinorkesteritoimintaa taiteen perusopetuksessa","robots":{"index":"index","follow":"follow","max-snippet":"max-snippet:-1","max-image-preview":"max-image-preview:large","max-video-preview":"max-video-preview:-1"},"canonical":"https:\/\/blogit.gradia.fi\/puhallinorkesteri\/2022\/04\/06\/maakunnallinen-puhallinorkesteri-vire-konserttimatkalla-keuruulla-suur-keuruun-etusivun-juttu\/","og_locale":"fi_FI","og_type":"article","og_title":"Maakunnallinen puhallinorkesteri Vire konserttimatkalla Keuruulla 31.3.2022 - Suur-Keuruun etusivun juttu - Maakunnallista puhallinorkesteritoimintaa taiteen perusopetuksessa","og_description":"Torstaina 31.3. koitti j\u00e4nn\u00e4 p\u00e4iv\u00e4 Vireen soittajille: moni p\u00e4\u00e4si ensimm\u00e4iselle orkesterinmatkalleen. Vireen soittajille j\u00e4rjestettiin koululaiskonsertti Keuruulle Kivel\u00e4n koululle, koska suunnitelmien mukaan maakunnallisen orkesterin tulee konsertoida my\u00f6s Jyv\u00e4skyl\u00e4n ulkopuolella. Keuruu valikoitui paikaksi sen takia, ett\u00e4 Vireess\u00e4 on ollut hankkeen ajan yli 10 soittajaa Keuruulta. P\u00e4iv\u00e4 eteni seuraavan aikataulun mukaan: 9.00 bussi l\u00e4htee Pitk\u00e4kadulta kohti Keuruuta 10.00&hellip; Jatka lukemista Maakunnallinen puhallinorkesteri Vire konserttimatkalla Keuruulla 31.3.2022 &#8211; Suur-Keuruun etusivun juttu","og_url":"https:\/\/blogit.gradia.fi\/puhallinorkesteri\/2022\/04\/06\/maakunnallinen-puhallinorkesteri-vire-konserttimatkalla-keuruulla-suur-keuruun-etusivun-juttu\/","og_site_name":"Maakunnallista puhallinorkesteritoimintaa taiteen perusopetuksessa","article_published_time":"2022-04-06T08:32:43+00:00","article_modified_time":"2022-09-28T06:31:51+00:00","og_image":[{"url":"https:\/\/blogit.gradia.fi\/puhallinorkesteri\/wp-content\/uploads\/sites\/267\/2022\/08\/KSL-logo-1024x343.png","type":"","width":"","height":""}],"author":"Niina Sapattinen","twitter_card":"summary_large_image","twitter_misc":{"Kirjoittanut":"Niina Sapattinen","Arvioitu lukuaika":"4 minuuttia"},"schema":{"@context":"https:\/\/schema.org","@graph":[{"@type":"Article","@id":"https:\/\/blogit.gradia.fi\/puhallinorkesteri\/2022\/04\/06\/maakunnallinen-puhallinorkesteri-vire-konserttimatkalla-keuruulla-suur-keuruun-etusivun-juttu\/#article","isPartOf":{"@id":"https:\/\/blogit.gradia.fi\/puhallinorkesteri\/2022\/04\/06\/maakunnallinen-puhallinorkesteri-vire-konserttimatkalla-keuruulla-suur-keuruun-etusivun-juttu\/"},"author":{"name":"Niina Sapattinen","@id":"https:\/\/blogit.gradia.fi\/puhallinorkesteri\/#\/schema\/person\/e13b134d48e82e9653cc868c43f32b9b"},"headline":"Maakunnallinen puhallinorkesteri Vire konserttimatkalla Keuruulla 31.3.2022 &#8211; Suur-Keuruun etusivun juttu","datePublished":"2022-04-06T08:32:43+00:00","dateModified":"2022-09-28T06:31:51+00:00","mainEntityOfPage":{"@id":"https:\/\/blogit.gradia.fi\/puhallinorkesteri\/2022\/04\/06\/maakunnallinen-puhallinorkesteri-vire-konserttimatkalla-keuruulla-suur-keuruun-etusivun-juttu\/"},"wordCount":276,"commentCount":0,"image":{"@id":"https:\/\/blogit.gradia.fi\/puhallinorkesteri\/2022\/04\/06\/maakunnallinen-puhallinorkesteri-vire-konserttimatkalla-keuruulla-suur-keuruun-etusivun-juttu\/#primaryimage"},"thumbnailUrl":"https:\/\/blogit.gradia.fi\/puhallinorkesteri\/wp-content\/uploads\/sites\/267\/2022\/08\/KSL-logo-1024x343.png","inLanguage":"fi","potentialAction":[{"@type":"CommentAction","name":"Comment","target":["https:\/\/blogit.gradia.fi\/puhallinorkesteri\/2022\/04\/06\/maakunnallinen-puhallinorkesteri-vire-konserttimatkalla-keuruulla-suur-keuruun-etusivun-juttu\/#respond"]}]},{"@type":"WebPage","@id":"https:\/\/blogit.gradia.fi\/puhallinorkesteri\/2022\/04\/06\/maakunnallinen-puhallinorkesteri-vire-konserttimatkalla-keuruulla-suur-keuruun-etusivun-juttu\/","url":"https:\/\/blogit.gradia.fi\/puhallinorkesteri\/2022\/04\/06\/maakunnallinen-puhallinorkesteri-vire-konserttimatkalla-keuruulla-suur-keuruun-etusivun-juttu\/","name":"Maakunnallinen puhallinorkesteri Vire konserttimatkalla Keuruulla 31.3.2022 - Suur-Keuruun etusivun juttu - Maakunnallista puhallinorkesteritoimintaa taiteen perusopetuksessa","isPartOf":{"@id":"https:\/\/blogit.gradia.fi\/puhallinorkesteri\/#website"},"primaryImageOfPage":{"@id":"https:\/\/blogit.gradia.fi\/puhallinorkesteri\/2022\/04\/06\/maakunnallinen-puhallinorkesteri-vire-konserttimatkalla-keuruulla-suur-keuruun-etusivun-juttu\/#primaryimage"},"image":{"@id":"https:\/\/blogit.gradia.fi\/puhallinorkesteri\/2022\/04\/06\/maakunnallinen-puhallinorkesteri-vire-konserttimatkalla-keuruulla-suur-keuruun-etusivun-juttu\/#primaryimage"},"thumbnailUrl":"https:\/\/blogit.gradia.fi\/puhallinorkesteri\/wp-content\/uploads\/sites\/267\/2022\/08\/KSL-logo-1024x343.png","datePublished":"2022-04-06T08:32:43+00:00","dateModified":"2022-09-28T06:31:51+00:00","author":{"@id":"https:\/\/blogit.gradia.fi\/puhallinorkesteri\/#\/schema\/person\/e13b134d48e82e9653cc868c43f32b9b"},"breadcrumb":{"@id":"https:\/\/blogit.gradia.fi\/puhallinorkesteri\/2022\/04\/06\/maakunnallinen-puhallinorkesteri-vire-konserttimatkalla-keuruulla-suur-keuruun-etusivun-juttu\/#breadcrumb"},"inLanguage":"fi","potentialAction":[{"@type":"ReadAction","target":["https:\/\/blogit.gradia.fi\/puhallinorkesteri\/2022\/04\/06\/maakunnallinen-puhallinorkesteri-vire-konserttimatkalla-keuruulla-suur-keuruun-etusivun-juttu\/"]}]},{"@type":"ImageObject","inLanguage":"fi","@id":"https:\/\/blogit.gradia.fi\/puhallinorkesteri\/2022\/04\/06\/maakunnallinen-puhallinorkesteri-vire-konserttimatkalla-keuruulla-suur-keuruun-etusivun-juttu\/#primaryimage","url":"https:\/\/blogit.gradia.fi\/puhallinorkesteri\/wp-content\/uploads\/sites\/267\/2022\/08\/KSL-logo.png","contentUrl":"https:\/\/blogit.gradia.fi\/puhallinorkesteri\/wp-content\/uploads\/sites\/267\/2022\/08\/KSL-logo.png","width":1422,"height":476},{"@type":"BreadcrumbList","@id":"https:\/\/blogit.gradia.fi\/puhallinorkesteri\/2022\/04\/06\/maakunnallinen-puhallinorkesteri-vire-konserttimatkalla-keuruulla-suur-keuruun-etusivun-juttu\/#breadcrumb","itemListElement":[{"@type":"ListItem","position":1,"name":"Etusivu","item":"https:\/\/blogit.gradia.fi\/puhallinorkesteri\/"},{"@type":"ListItem","position":2,"name":"Maakunnallinen puhallinorkesteri Vire konserttimatkalla Keuruulla 31.3.2022 &#8211; Suur-Keuruun etusivun juttu"}]},{"@type":"WebSite","@id":"https:\/\/blogit.gradia.fi\/puhallinorkesteri\/#website","url":"https:\/\/blogit.gradia.fi\/puhallinorkesteri\/","name":"Maakunnallista puhallinorkesteritoimintaa taiteen perusopetuksessa","description":"Uusi Gradia-blogit-sivustot -sivusto","potentialAction":[{"@type":"SearchAction","target":{"@type":"EntryPoint","urlTemplate":"https:\/\/blogit.gradia.fi\/puhallinorkesteri\/?s={search_term_string}"},"query-input":{"@type":"PropertyValueSpecification","valueRequired":true,"valueName":"search_term_string"}}],"inLanguage":"fi"},{"@type":"Person","@id":"https:\/\/blogit.gradia.fi\/puhallinorkesteri\/#\/schema\/person\/e13b134d48e82e9653cc868c43f32b9b","name":"Niina Sapattinen","image":{"@type":"ImageObject","inLanguage":"fi","@id":"https:\/\/secure.gravatar.com\/avatar\/cfe3808d481255b6eeaed93b8a4c7c34e9e376fcfd3f41b0a7ea590c0277f406?s=96&d=mm&r=g","url":"https:\/\/secure.gravatar.com\/avatar\/cfe3808d481255b6eeaed93b8a4c7c34e9e376fcfd3f41b0a7ea590c0277f406?s=96&d=mm&r=g","contentUrl":"https:\/\/secure.gravatar.com\/avatar\/cfe3808d481255b6eeaed93b8a4c7c34e9e376fcfd3f41b0a7ea590c0277f406?s=96&d=mm&r=g","caption":"Niina Sapattinen"},"url":"https:\/\/blogit.gradia.fi\/puhallinorkesteri\/author\/sapatnii\/"}]}},"uagb_featured_image_src":{"full":false,"thumbnail":false,"medium":false,"medium_large":false,"large":false,"1536x1536":false,"2048x2048":false,"post-thumbnail":false},"uagb_author_info":{"display_name":"Niina Sapattinen","author_link":"https:\/\/blogit.gradia.fi\/puhallinorkesteri\/author\/sapatnii\/"},"uagb_comment_info":0,"uagb_excerpt":"Torstaina 31.3. koitti j\u00e4nn\u00e4 p\u00e4iv\u00e4 Vireen soittajille: moni p\u00e4\u00e4si ensimm\u00e4iselle orkesterinmatkalleen. Vireen soittajille j\u00e4rjestettiin koululaiskonsertti Keuruulle Kivel\u00e4n koululle, koska suunnitelmien mukaan maakunnallisen orkesterin tulee konsertoida my\u00f6s Jyv\u00e4skyl\u00e4n ulkopuolella. Keuruu valikoitui paikaksi sen takia, ett\u00e4 Vireess\u00e4 on ollut hankkeen ajan yli 10 soittajaa Keuruulta. P\u00e4iv\u00e4 eteni seuraavan aikataulun mukaan: 9.00 bussi l\u00e4htee Pitk\u00e4kadulta kohti Keuruuta 10.00&hellip;&hellip;","_links":{"self":[{"href":"https:\/\/blogit.gradia.fi\/puhallinorkesteri\/wp-json\/wp\/v2\/posts\/192","targetHints":{"allow":["GET"]}}],"collection":[{"href":"https:\/\/blogit.gradia.fi\/puhallinorkesteri\/wp-json\/wp\/v2\/posts"}],"about":[{"href":"https:\/\/blogit.gradia.fi\/puhallinorkesteri\/wp-json\/wp\/v2\/types\/post"}],"author":[{"embeddable":true,"href":"https:\/\/blogit.gradia.fi\/puhallinorkesteri\/wp-json\/wp\/v2\/users\/805"}],"replies":[{"embeddable":true,"href":"https:\/\/blogit.gradia.fi\/puhallinorkesteri\/wp-json\/wp\/v2\/comments?post=192"}],"version-history":[{"count":8,"href":"https:\/\/blogit.gradia.fi\/puhallinorkesteri\/wp-json\/wp\/v2\/posts\/192\/revisions"}],"predecessor-version":[{"id":308,"href":"https:\/\/blogit.gradia.fi\/puhallinorkesteri\/wp-json\/wp\/v2\/posts\/192\/revisions\/308"}],"wp:attachment":[{"href":"https:\/\/blogit.gradia.fi\/puhallinorkesteri\/wp-json\/wp\/v2\/media?parent=192"}],"wp:term":[{"taxonomy":"category","embeddable":true,"href":"https:\/\/blogit.gradia.fi\/puhallinorkesteri\/wp-json\/wp\/v2\/categories?post=192"},{"taxonomy":"post_tag","embeddable":true,"href":"https:\/\/blogit.gradia.fi\/puhallinorkesteri\/wp-json\/wp\/v2\/tags?post=192"}],"curies":[{"name":"wp","href":"https:\/\/api.w.org\/{rel}","templated":true}]}}