{"id":138,"date":"2022-03-16T14:56:58","date_gmt":"2022-03-16T12:56:58","guid":{"rendered":"https:\/\/blogit.gradia.fi\/puhallinorkesteri\/?p=138"},"modified":"2022-09-28T09:33:51","modified_gmt":"2022-09-28T06:33:51","slug":"kohti-konsertteja-kenraaliharjoitusviikonlopun-tunnelmia","status":"publish","type":"post","link":"https:\/\/blogit.gradia.fi\/puhallinorkesteri\/2022\/03\/16\/kohti-konsertteja-kenraaliharjoitusviikonlopun-tunnelmia\/","title":{"rendered":"Kohti konsertteja &#8211; kenraaliharjoitusviikonlopun tunnelmia 12.3.2022"},"content":{"rendered":"\n<figure class=\"wp-block-image size-large\"><img loading=\"lazy\" decoding=\"async\" width=\"1024\" height=\"343\" src=\"https:\/\/blogit.gradia.fi\/puhallinorkesteri\/wp-content\/uploads\/sites\/267\/2022\/08\/KSL-logo-1024x343.png\" alt=\"\" class=\"wp-image-295\" srcset=\"https:\/\/blogit.gradia.fi\/puhallinorkesteri\/wp-content\/uploads\/sites\/267\/2022\/08\/KSL-logo-1024x343.png 1024w, https:\/\/blogit.gradia.fi\/puhallinorkesteri\/wp-content\/uploads\/sites\/267\/2022\/08\/KSL-logo-300x100.png 300w, https:\/\/blogit.gradia.fi\/puhallinorkesteri\/wp-content\/uploads\/sites\/267\/2022\/08\/KSL-logo-768x257.png 768w, https:\/\/blogit.gradia.fi\/puhallinorkesteri\/wp-content\/uploads\/sites\/267\/2022\/08\/KSL-logo.png 1422w\" sizes=\"auto, (max-width: 1024px) 100vw, 1024px\" \/><\/figure>\n\n\n\n<p>Lauantaina 12.3. kokoonnuimme harjoittelemaan maakunnallisen puhallinorkesterin kanssa viimeist\u00e4 kertaa. Konsertteja on toki tulossa, mutta nyt on kappaleet harjoitella ja on aika suunnata kohti konsertteja. <\/p>\n\n\n\n<p>Tunnelma harjoituksissa oli iloinen ja j\u00e4lleen opittiin paljon uutta. Yst\u00e4vyyssuhteet yli kuntarajojen syveniv\u00e4t entisest\u00e4\u00e4n ja saatiin konserttikokonaisuus hienosti harjoiteltua valmiiksi. <\/p>\n\n\n\n<p>P\u00e4iv\u00e4 sis\u00e4lsi niin stemmiksi\u00e4, yhteisharjoituksia kuin konserttik\u00e4ytt\u00e4ytymisen opettelua. Spagetti ja jauhelihakastike maistuivat yliopiston kirjaston Taide-ruokalassa ja karkkipussit rapisivat taukojen aikana. <\/p>\n\n\n\n<p>Seuraavassa tunnelmia harjoitusviikonlopulta:<\/p>\n\n\n\n<figure class=\"wp-block-image size-large\"><img loading=\"lazy\" decoding=\"async\" width=\"1024\" height=\"768\" src=\"https:\/\/blogit.gradia.fi\/puhallinorkesteri\/wp-content\/uploads\/sites\/267\/2022\/03\/IMG_9895-1024x768.jpg\" alt=\"\" class=\"wp-image-140\" srcset=\"https:\/\/blogit.gradia.fi\/puhallinorkesteri\/wp-content\/uploads\/sites\/267\/2022\/03\/IMG_9895-1024x768.jpg 1024w, https:\/\/blogit.gradia.fi\/puhallinorkesteri\/wp-content\/uploads\/sites\/267\/2022\/03\/IMG_9895-300x225.jpg 300w, https:\/\/blogit.gradia.fi\/puhallinorkesteri\/wp-content\/uploads\/sites\/267\/2022\/03\/IMG_9895-768x576.jpg 768w, https:\/\/blogit.gradia.fi\/puhallinorkesteri\/wp-content\/uploads\/sites\/267\/2022\/03\/IMG_9895-1536x1152.jpg 1536w, https:\/\/blogit.gradia.fi\/puhallinorkesteri\/wp-content\/uploads\/sites\/267\/2022\/03\/IMG_9895-2048x1536.jpg 2048w, https:\/\/blogit.gradia.fi\/puhallinorkesteri\/wp-content\/uploads\/sites\/267\/2022\/03\/IMG_9895-1568x1176.jpg 1568w\" sizes=\"auto, (max-width: 1024px) 100vw, 1024px\" \/><figcaption>Puhuri-orkesteri harjoittelee solistinaan Olavi Marttio, klarinetti  (kuva: Niina Sapattinen) <\/figcaption><\/figure>\n\n\n\n<figure class=\"wp-block-image size-large is-resized\"><img loading=\"lazy\" decoding=\"async\" src=\"https:\/\/blogit.gradia.fi\/puhallinorkesteri\/wp-content\/uploads\/sites\/267\/2022\/03\/IMG_9855-1024x768.jpg\" alt=\"\" class=\"wp-image-141\" width=\"605\" height=\"453\" srcset=\"https:\/\/blogit.gradia.fi\/puhallinorkesteri\/wp-content\/uploads\/sites\/267\/2022\/03\/IMG_9855-1024x768.jpg 1024w, https:\/\/blogit.gradia.fi\/puhallinorkesteri\/wp-content\/uploads\/sites\/267\/2022\/03\/IMG_9855-300x225.jpg 300w, https:\/\/blogit.gradia.fi\/puhallinorkesteri\/wp-content\/uploads\/sites\/267\/2022\/03\/IMG_9855-768x576.jpg 768w, https:\/\/blogit.gradia.fi\/puhallinorkesteri\/wp-content\/uploads\/sites\/267\/2022\/03\/IMG_9855-1536x1152.jpg 1536w, https:\/\/blogit.gradia.fi\/puhallinorkesteri\/wp-content\/uploads\/sites\/267\/2022\/03\/IMG_9855-2048x1536.jpg 2048w, https:\/\/blogit.gradia.fi\/puhallinorkesteri\/wp-content\/uploads\/sites\/267\/2022\/03\/IMG_9855-1568x1176.jpg 1568w\" sizes=\"auto, (max-width: 605px) 100vw, 605px\" \/><figcaption>Vire-orkesteri harjoittelee solisteinaan Selma Syd\u00e4nmaa ja Sohvi P\u00f6l\u00f6nen, oboe  (kuva: Niina Sapattinen) <\/figcaption><\/figure>\n\n\n\n<figure class=\"wp-block-image size-large\"><img loading=\"lazy\" decoding=\"async\" width=\"1024\" height=\"768\" src=\"https:\/\/blogit.gradia.fi\/puhallinorkesteri\/wp-content\/uploads\/sites\/267\/2022\/03\/Sirpan-P-stemmikset-1024x768.jpg\" alt=\"\" class=\"wp-image-142\" srcset=\"https:\/\/blogit.gradia.fi\/puhallinorkesteri\/wp-content\/uploads\/sites\/267\/2022\/03\/Sirpan-P-stemmikset-1024x768.jpg 1024w, https:\/\/blogit.gradia.fi\/puhallinorkesteri\/wp-content\/uploads\/sites\/267\/2022\/03\/Sirpan-P-stemmikset-300x225.jpg 300w, https:\/\/blogit.gradia.fi\/puhallinorkesteri\/wp-content\/uploads\/sites\/267\/2022\/03\/Sirpan-P-stemmikset-768x576.jpg 768w, https:\/\/blogit.gradia.fi\/puhallinorkesteri\/wp-content\/uploads\/sites\/267\/2022\/03\/Sirpan-P-stemmikset-1536x1152.jpg 1536w, https:\/\/blogit.gradia.fi\/puhallinorkesteri\/wp-content\/uploads\/sites\/267\/2022\/03\/Sirpan-P-stemmikset-2048x1536.jpg 2048w, https:\/\/blogit.gradia.fi\/puhallinorkesteri\/wp-content\/uploads\/sites\/267\/2022\/03\/Sirpan-P-stemmikset-1568x1176.jpg 1568w\" sizes=\"auto, (max-width: 1024px) 100vw, 1024px\" \/><figcaption>Sirpa Bergin vet\u00e4miss\u00e4 stemmaharjoituksissa puupuhaltajat harjoittelivat mm. intonaatioon ja artikulaatioon liittyvi\u00e4 asioita.  (kuva: Niina Sapattinen) <\/figcaption><\/figure>\n\n\n\n<figure class=\"wp-block-image size-large\"><img loading=\"lazy\" decoding=\"async\" width=\"1024\" height=\"768\" src=\"https:\/\/blogit.gradia.fi\/puhallinorkesteri\/wp-content\/uploads\/sites\/267\/2022\/03\/vasket-1024x768.jpg\" alt=\"\" class=\"wp-image-143\" srcset=\"https:\/\/blogit.gradia.fi\/puhallinorkesteri\/wp-content\/uploads\/sites\/267\/2022\/03\/vasket-1024x768.jpg 1024w, https:\/\/blogit.gradia.fi\/puhallinorkesteri\/wp-content\/uploads\/sites\/267\/2022\/03\/vasket-300x225.jpg 300w, https:\/\/blogit.gradia.fi\/puhallinorkesteri\/wp-content\/uploads\/sites\/267\/2022\/03\/vasket-768x576.jpg 768w, https:\/\/blogit.gradia.fi\/puhallinorkesteri\/wp-content\/uploads\/sites\/267\/2022\/03\/vasket-1536x1152.jpg 1536w, https:\/\/blogit.gradia.fi\/puhallinorkesteri\/wp-content\/uploads\/sites\/267\/2022\/03\/vasket-2048x1536.jpg 2048w, https:\/\/blogit.gradia.fi\/puhallinorkesteri\/wp-content\/uploads\/sites\/267\/2022\/03\/vasket-1568x1176.jpg 1568w\" sizes=\"auto, (max-width: 1024px) 100vw, 1024px\" \/><figcaption>Lassi Takasen stemmaharjoituksissa vaskisoittajat treenasivat omia osuuksiaan. Mataliin vaskiin olemme saaneet vahvistusta mm. Jyv\u00e4skyl\u00e4n puhallinorkesterista. Orkestereissa soittaa useita aikuisia, mik\u00e4 luo mukavaa yhteishenke\u00e4 eri-ik\u00e4isten soittajien v\u00e4lille.  (kuva: Niina Sapattinen) <\/figcaption><\/figure>\n\n\n\n<figure class=\"wp-block-image size-large\"><img loading=\"lazy\" decoding=\"async\" width=\"1024\" height=\"772\" src=\"https:\/\/blogit.gradia.fi\/puhallinorkesteri\/wp-content\/uploads\/sites\/267\/2022\/03\/IMG_9877-2-1024x772.jpg\" alt=\"\" class=\"wp-image-146\" srcset=\"https:\/\/blogit.gradia.fi\/puhallinorkesteri\/wp-content\/uploads\/sites\/267\/2022\/03\/IMG_9877-2-1024x772.jpg 1024w, https:\/\/blogit.gradia.fi\/puhallinorkesteri\/wp-content\/uploads\/sites\/267\/2022\/03\/IMG_9877-2-300x226.jpg 300w, https:\/\/blogit.gradia.fi\/puhallinorkesteri\/wp-content\/uploads\/sites\/267\/2022\/03\/IMG_9877-2-768x579.jpg 768w, https:\/\/blogit.gradia.fi\/puhallinorkesteri\/wp-content\/uploads\/sites\/267\/2022\/03\/IMG_9877-2-1536x1159.jpg 1536w, https:\/\/blogit.gradia.fi\/puhallinorkesteri\/wp-content\/uploads\/sites\/267\/2022\/03\/IMG_9877-2-2048x1545.jpg 2048w, https:\/\/blogit.gradia.fi\/puhallinorkesteri\/wp-content\/uploads\/sites\/267\/2022\/03\/IMG_9877-2-1568x1183.jpg 1568w\" sizes=\"auto, (max-width: 1024px) 100vw, 1024px\" \/><figcaption>T\u00e4rkeint\u00e4 harjoitusp\u00e4ivien aikana on se, ett\u00e4 saa olla kavereiden kanssa, yhteisen harrastuksen parissa ja vaikka sitten sy\u00f6d\u00e4 tauolla karkkia.  (kuva: Niina Sapattinen) <\/figcaption><\/figure>\n\n\n\n<figure class=\"wp-block-image size-large\"><img loading=\"lazy\" decoding=\"async\" width=\"1024\" height=\"768\" src=\"https:\/\/blogit.gradia.fi\/puhallinorkesteri\/wp-content\/uploads\/sites\/267\/2022\/03\/IMG_9884-1024x768.jpg\" alt=\"\" class=\"wp-image-147\" srcset=\"https:\/\/blogit.gradia.fi\/puhallinorkesteri\/wp-content\/uploads\/sites\/267\/2022\/03\/IMG_9884-1024x768.jpg 1024w, https:\/\/blogit.gradia.fi\/puhallinorkesteri\/wp-content\/uploads\/sites\/267\/2022\/03\/IMG_9884-300x225.jpg 300w, https:\/\/blogit.gradia.fi\/puhallinorkesteri\/wp-content\/uploads\/sites\/267\/2022\/03\/IMG_9884-768x576.jpg 768w, https:\/\/blogit.gradia.fi\/puhallinorkesteri\/wp-content\/uploads\/sites\/267\/2022\/03\/IMG_9884-1536x1152.jpg 1536w, https:\/\/blogit.gradia.fi\/puhallinorkesteri\/wp-content\/uploads\/sites\/267\/2022\/03\/IMG_9884-2048x1536.jpg 2048w, https:\/\/blogit.gradia.fi\/puhallinorkesteri\/wp-content\/uploads\/sites\/267\/2022\/03\/IMG_9884-1568x1176.jpg 1568w\" sizes=\"auto, (max-width: 1024px) 100vw, 1024px\" \/><figcaption>Puhurin klarinetisteja ja fonisteja tauolla.  (kuva: Niina Sapattinen) <\/figcaption><\/figure>\n\n\n\n<figure class=\"wp-block-image size-large\"><img loading=\"lazy\" decoding=\"async\" width=\"1024\" height=\"768\" src=\"https:\/\/blogit.gradia.fi\/puhallinorkesteri\/wp-content\/uploads\/sites\/267\/2022\/03\/IMG_9888-1024x768.jpg\" alt=\"\" class=\"wp-image-148\" srcset=\"https:\/\/blogit.gradia.fi\/puhallinorkesteri\/wp-content\/uploads\/sites\/267\/2022\/03\/IMG_9888-1024x768.jpg 1024w, https:\/\/blogit.gradia.fi\/puhallinorkesteri\/wp-content\/uploads\/sites\/267\/2022\/03\/IMG_9888-300x225.jpg 300w, https:\/\/blogit.gradia.fi\/puhallinorkesteri\/wp-content\/uploads\/sites\/267\/2022\/03\/IMG_9888-768x576.jpg 768w, https:\/\/blogit.gradia.fi\/puhallinorkesteri\/wp-content\/uploads\/sites\/267\/2022\/03\/IMG_9888-1536x1152.jpg 1536w, https:\/\/blogit.gradia.fi\/puhallinorkesteri\/wp-content\/uploads\/sites\/267\/2022\/03\/IMG_9888-2048x1536.jpg 2048w, https:\/\/blogit.gradia.fi\/puhallinorkesteri\/wp-content\/uploads\/sites\/267\/2022\/03\/IMG_9888-1568x1176.jpg 1568w\" sizes=\"auto, (max-width: 1024px) 100vw, 1024px\" \/><figcaption>J\u00e4ms\u00e4 ja Jyv\u00e4skyl\u00e4 pit\u00e4v\u00e4t palaveriaan. Mit\u00e4h\u00e4n soittajilla lie mieless\u00e4?  (kuva: Niina Sapattinen) <\/figcaption><\/figure>\n\n\n\n<figure class=\"wp-block-image size-full\"><img loading=\"lazy\" decoding=\"async\" width=\"1024\" height=\"769\" src=\"https:\/\/blogit.gradia.fi\/puhallinorkesteri\/wp-content\/uploads\/sites\/267\/2022\/03\/5302a9ee-e5a2-4686-99e4-35969108fcc91.jpg\" alt=\"\" class=\"wp-image-149\" srcset=\"https:\/\/blogit.gradia.fi\/puhallinorkesteri\/wp-content\/uploads\/sites\/267\/2022\/03\/5302a9ee-e5a2-4686-99e4-35969108fcc91.jpg 1024w, https:\/\/blogit.gradia.fi\/puhallinorkesteri\/wp-content\/uploads\/sites\/267\/2022\/03\/5302a9ee-e5a2-4686-99e4-35969108fcc91-300x225.jpg 300w, https:\/\/blogit.gradia.fi\/puhallinorkesteri\/wp-content\/uploads\/sites\/267\/2022\/03\/5302a9ee-e5a2-4686-99e4-35969108fcc91-768x577.jpg 768w\" sizes=\"auto, (max-width: 1024px) 100vw, 1024px\" \/><figcaption>Konserteissa n\u00e4hd\u00e4\u00e4n!<\/figcaption><\/figure>\n\n\n\n<figure class=\"wp-block-image size-large\"><img loading=\"lazy\" decoding=\"async\" width=\"1024\" height=\"854\" src=\"https:\/\/blogit.gradia.fi\/puhallinorkesteri\/wp-content\/uploads\/sites\/267\/2022\/03\/lehti-versio-lopullinen-1024x854.png\" alt=\"\" class=\"wp-image-151\" srcset=\"https:\/\/blogit.gradia.fi\/puhallinorkesteri\/wp-content\/uploads\/sites\/267\/2022\/03\/lehti-versio-lopullinen-1024x854.png 1024w, https:\/\/blogit.gradia.fi\/puhallinorkesteri\/wp-content\/uploads\/sites\/267\/2022\/03\/lehti-versio-lopullinen-300x250.png 300w, https:\/\/blogit.gradia.fi\/puhallinorkesteri\/wp-content\/uploads\/sites\/267\/2022\/03\/lehti-versio-lopullinen-768x641.png 768w, https:\/\/blogit.gradia.fi\/puhallinorkesteri\/wp-content\/uploads\/sites\/267\/2022\/03\/lehti-versio-lopullinen.png 1259w\" sizes=\"auto, (max-width: 1024px) 100vw, 1024px\" \/><figcaption>Hankkeen rahoituksella laitettiin Keskisuomalaiseen mainos konserteista. <\/figcaption><\/figure>\n","protected":false},"excerpt":{"rendered":"<p>Lauantaina 12.3. kokoonnuimme harjoittelemaan maakunnallisen puhallinorkesterin kanssa viimeist\u00e4 kertaa. Konsertteja on toki tulossa, mutta nyt on kappaleet harjoitella ja on aika suunnata kohti konsertteja. Tunnelma harjoituksissa oli iloinen ja j\u00e4lleen opittiin paljon uutta. Yst\u00e4vyyssuhteet yli kuntarajojen syveniv\u00e4t entisest\u00e4\u00e4n ja saatiin konserttikokonaisuus hienosti harjoiteltua valmiiksi. P\u00e4iv\u00e4 sis\u00e4lsi niin stemmiksi\u00e4, yhteisharjoituksia kuin konserttik\u00e4ytt\u00e4ytymisen opettelua. Spagetti ja jauhelihakastike&hellip; <a class=\"more-link\" href=\"https:\/\/blogit.gradia.fi\/puhallinorkesteri\/2022\/03\/16\/kohti-konsertteja-kenraaliharjoitusviikonlopun-tunnelmia\/\">Jatka lukemista <span class=\"screen-reader-text\">Kohti konsertteja &#8211; kenraaliharjoitusviikonlopun tunnelmia 12.3.2022<\/span><\/a><\/p>\n","protected":false},"author":805,"featured_media":0,"comment_status":"open","ping_status":"open","sticky":false,"template":"","format":"standard","meta":{"_uag_custom_page_level_css":"","footnotes":""},"categories":[1],"tags":[],"class_list":["post-138","post","type-post","status-publish","format-standard","hentry","category-yleinen","entry"],"yoast_head":"<!-- This site is optimized with the Yoast SEO plugin v27.5 - https:\/\/yoast.com\/product\/yoast-seo-wordpress\/ -->\n<title>Kohti konsertteja - kenraaliharjoitusviikonlopun tunnelmia 12.3.2022 - Maakunnallista puhallinorkesteritoimintaa taiteen perusopetuksessa<\/title>\n<meta name=\"robots\" content=\"index, follow, max-snippet:-1, max-image-preview:large, max-video-preview:-1\" \/>\n<link rel=\"canonical\" href=\"https:\/\/blogit.gradia.fi\/puhallinorkesteri\/2022\/03\/16\/kohti-konsertteja-kenraaliharjoitusviikonlopun-tunnelmia\/\" \/>\n<meta property=\"og:locale\" content=\"fi_FI\" \/>\n<meta property=\"og:type\" content=\"article\" \/>\n<meta property=\"og:title\" content=\"Kohti konsertteja - kenraaliharjoitusviikonlopun tunnelmia 12.3.2022 - Maakunnallista puhallinorkesteritoimintaa taiteen perusopetuksessa\" \/>\n<meta property=\"og:description\" content=\"Lauantaina 12.3. kokoonnuimme harjoittelemaan maakunnallisen puhallinorkesterin kanssa viimeist\u00e4 kertaa. Konsertteja on toki tulossa, mutta nyt on kappaleet harjoitella ja on aika suunnata kohti konsertteja. Tunnelma harjoituksissa oli iloinen ja j\u00e4lleen opittiin paljon uutta. Yst\u00e4vyyssuhteet yli kuntarajojen syveniv\u00e4t entisest\u00e4\u00e4n ja saatiin konserttikokonaisuus hienosti harjoiteltua valmiiksi. P\u00e4iv\u00e4 sis\u00e4lsi niin stemmiksi\u00e4, yhteisharjoituksia kuin konserttik\u00e4ytt\u00e4ytymisen opettelua. Spagetti ja jauhelihakastike&hellip; Jatka lukemista Kohti konsertteja &#8211; kenraaliharjoitusviikonlopun tunnelmia 12.3.2022\" \/>\n<meta property=\"og:url\" content=\"https:\/\/blogit.gradia.fi\/puhallinorkesteri\/2022\/03\/16\/kohti-konsertteja-kenraaliharjoitusviikonlopun-tunnelmia\/\" \/>\n<meta property=\"og:site_name\" content=\"Maakunnallista puhallinorkesteritoimintaa taiteen perusopetuksessa\" \/>\n<meta property=\"article:published_time\" content=\"2022-03-16T12:56:58+00:00\" \/>\n<meta property=\"article:modified_time\" content=\"2022-09-28T06:33:51+00:00\" \/>\n<meta property=\"og:image\" content=\"https:\/\/blogit.gradia.fi\/puhallinorkesteri\/wp-content\/uploads\/sites\/267\/2022\/08\/KSL-logo-1024x343.png\" \/>\n<meta name=\"author\" content=\"Niina Sapattinen\" \/>\n<meta name=\"twitter:card\" content=\"summary_large_image\" \/>\n<meta name=\"twitter:label1\" content=\"Kirjoittanut\" \/>\n\t<meta name=\"twitter:data1\" content=\"Niina Sapattinen\" \/>\n\t<meta name=\"twitter:label2\" content=\"Arvioitu lukuaika\" \/>\n\t<meta name=\"twitter:data2\" content=\"4 minuuttia\" \/>\n<script type=\"application\/ld+json\" class=\"yoast-schema-graph\">{\"@context\":\"https:\\\/\\\/schema.org\",\"@graph\":[{\"@type\":\"Article\",\"@id\":\"https:\\\/\\\/blogit.gradia.fi\\\/puhallinorkesteri\\\/2022\\\/03\\\/16\\\/kohti-konsertteja-kenraaliharjoitusviikonlopun-tunnelmia\\\/#article\",\"isPartOf\":{\"@id\":\"https:\\\/\\\/blogit.gradia.fi\\\/puhallinorkesteri\\\/2022\\\/03\\\/16\\\/kohti-konsertteja-kenraaliharjoitusviikonlopun-tunnelmia\\\/\"},\"author\":{\"name\":\"Niina Sapattinen\",\"@id\":\"https:\\\/\\\/blogit.gradia.fi\\\/puhallinorkesteri\\\/#\\\/schema\\\/person\\\/e13b134d48e82e9653cc868c43f32b9b\"},\"headline\":\"Kohti konsertteja &#8211; kenraaliharjoitusviikonlopun tunnelmia 12.3.2022\",\"datePublished\":\"2022-03-16T12:56:58+00:00\",\"dateModified\":\"2022-09-28T06:33:51+00:00\",\"mainEntityOfPage\":{\"@id\":\"https:\\\/\\\/blogit.gradia.fi\\\/puhallinorkesteri\\\/2022\\\/03\\\/16\\\/kohti-konsertteja-kenraaliharjoitusviikonlopun-tunnelmia\\\/\"},\"wordCount\":213,\"commentCount\":0,\"image\":{\"@id\":\"https:\\\/\\\/blogit.gradia.fi\\\/puhallinorkesteri\\\/2022\\\/03\\\/16\\\/kohti-konsertteja-kenraaliharjoitusviikonlopun-tunnelmia\\\/#primaryimage\"},\"thumbnailUrl\":\"https:\\\/\\\/blogit.gradia.fi\\\/puhallinorkesteri\\\/wp-content\\\/uploads\\\/sites\\\/267\\\/2022\\\/08\\\/KSL-logo-1024x343.png\",\"inLanguage\":\"fi\",\"potentialAction\":[{\"@type\":\"CommentAction\",\"name\":\"Comment\",\"target\":[\"https:\\\/\\\/blogit.gradia.fi\\\/puhallinorkesteri\\\/2022\\\/03\\\/16\\\/kohti-konsertteja-kenraaliharjoitusviikonlopun-tunnelmia\\\/#respond\"]}]},{\"@type\":\"WebPage\",\"@id\":\"https:\\\/\\\/blogit.gradia.fi\\\/puhallinorkesteri\\\/2022\\\/03\\\/16\\\/kohti-konsertteja-kenraaliharjoitusviikonlopun-tunnelmia\\\/\",\"url\":\"https:\\\/\\\/blogit.gradia.fi\\\/puhallinorkesteri\\\/2022\\\/03\\\/16\\\/kohti-konsertteja-kenraaliharjoitusviikonlopun-tunnelmia\\\/\",\"name\":\"Kohti konsertteja - kenraaliharjoitusviikonlopun tunnelmia 12.3.2022 - Maakunnallista puhallinorkesteritoimintaa taiteen perusopetuksessa\",\"isPartOf\":{\"@id\":\"https:\\\/\\\/blogit.gradia.fi\\\/puhallinorkesteri\\\/#website\"},\"primaryImageOfPage\":{\"@id\":\"https:\\\/\\\/blogit.gradia.fi\\\/puhallinorkesteri\\\/2022\\\/03\\\/16\\\/kohti-konsertteja-kenraaliharjoitusviikonlopun-tunnelmia\\\/#primaryimage\"},\"image\":{\"@id\":\"https:\\\/\\\/blogit.gradia.fi\\\/puhallinorkesteri\\\/2022\\\/03\\\/16\\\/kohti-konsertteja-kenraaliharjoitusviikonlopun-tunnelmia\\\/#primaryimage\"},\"thumbnailUrl\":\"https:\\\/\\\/blogit.gradia.fi\\\/puhallinorkesteri\\\/wp-content\\\/uploads\\\/sites\\\/267\\\/2022\\\/08\\\/KSL-logo-1024x343.png\",\"datePublished\":\"2022-03-16T12:56:58+00:00\",\"dateModified\":\"2022-09-28T06:33:51+00:00\",\"author\":{\"@id\":\"https:\\\/\\\/blogit.gradia.fi\\\/puhallinorkesteri\\\/#\\\/schema\\\/person\\\/e13b134d48e82e9653cc868c43f32b9b\"},\"breadcrumb\":{\"@id\":\"https:\\\/\\\/blogit.gradia.fi\\\/puhallinorkesteri\\\/2022\\\/03\\\/16\\\/kohti-konsertteja-kenraaliharjoitusviikonlopun-tunnelmia\\\/#breadcrumb\"},\"inLanguage\":\"fi\",\"potentialAction\":[{\"@type\":\"ReadAction\",\"target\":[\"https:\\\/\\\/blogit.gradia.fi\\\/puhallinorkesteri\\\/2022\\\/03\\\/16\\\/kohti-konsertteja-kenraaliharjoitusviikonlopun-tunnelmia\\\/\"]}]},{\"@type\":\"ImageObject\",\"inLanguage\":\"fi\",\"@id\":\"https:\\\/\\\/blogit.gradia.fi\\\/puhallinorkesteri\\\/2022\\\/03\\\/16\\\/kohti-konsertteja-kenraaliharjoitusviikonlopun-tunnelmia\\\/#primaryimage\",\"url\":\"https:\\\/\\\/blogit.gradia.fi\\\/puhallinorkesteri\\\/wp-content\\\/uploads\\\/sites\\\/267\\\/2022\\\/08\\\/KSL-logo.png\",\"contentUrl\":\"https:\\\/\\\/blogit.gradia.fi\\\/puhallinorkesteri\\\/wp-content\\\/uploads\\\/sites\\\/267\\\/2022\\\/08\\\/KSL-logo.png\",\"width\":1422,\"height\":476},{\"@type\":\"BreadcrumbList\",\"@id\":\"https:\\\/\\\/blogit.gradia.fi\\\/puhallinorkesteri\\\/2022\\\/03\\\/16\\\/kohti-konsertteja-kenraaliharjoitusviikonlopun-tunnelmia\\\/#breadcrumb\",\"itemListElement\":[{\"@type\":\"ListItem\",\"position\":1,\"name\":\"Etusivu\",\"item\":\"https:\\\/\\\/blogit.gradia.fi\\\/puhallinorkesteri\\\/\"},{\"@type\":\"ListItem\",\"position\":2,\"name\":\"Kohti konsertteja &#8211; kenraaliharjoitusviikonlopun tunnelmia 12.3.2022\"}]},{\"@type\":\"WebSite\",\"@id\":\"https:\\\/\\\/blogit.gradia.fi\\\/puhallinorkesteri\\\/#website\",\"url\":\"https:\\\/\\\/blogit.gradia.fi\\\/puhallinorkesteri\\\/\",\"name\":\"Maakunnallista puhallinorkesteritoimintaa taiteen perusopetuksessa\",\"description\":\"Uusi Gradia-blogit-sivustot -sivusto\",\"potentialAction\":[{\"@type\":\"SearchAction\",\"target\":{\"@type\":\"EntryPoint\",\"urlTemplate\":\"https:\\\/\\\/blogit.gradia.fi\\\/puhallinorkesteri\\\/?s={search_term_string}\"},\"query-input\":{\"@type\":\"PropertyValueSpecification\",\"valueRequired\":true,\"valueName\":\"search_term_string\"}}],\"inLanguage\":\"fi\"},{\"@type\":\"Person\",\"@id\":\"https:\\\/\\\/blogit.gradia.fi\\\/puhallinorkesteri\\\/#\\\/schema\\\/person\\\/e13b134d48e82e9653cc868c43f32b9b\",\"name\":\"Niina Sapattinen\",\"image\":{\"@type\":\"ImageObject\",\"inLanguage\":\"fi\",\"@id\":\"https:\\\/\\\/secure.gravatar.com\\\/avatar\\\/cfe3808d481255b6eeaed93b8a4c7c34e9e376fcfd3f41b0a7ea590c0277f406?s=96&d=mm&r=g\",\"url\":\"https:\\\/\\\/secure.gravatar.com\\\/avatar\\\/cfe3808d481255b6eeaed93b8a4c7c34e9e376fcfd3f41b0a7ea590c0277f406?s=96&d=mm&r=g\",\"contentUrl\":\"https:\\\/\\\/secure.gravatar.com\\\/avatar\\\/cfe3808d481255b6eeaed93b8a4c7c34e9e376fcfd3f41b0a7ea590c0277f406?s=96&d=mm&r=g\",\"caption\":\"Niina Sapattinen\"},\"url\":\"https:\\\/\\\/blogit.gradia.fi\\\/puhallinorkesteri\\\/author\\\/sapatnii\\\/\"}]}<\/script>\n<!-- \/ Yoast SEO plugin. -->","yoast_head_json":{"title":"Kohti konsertteja - kenraaliharjoitusviikonlopun tunnelmia 12.3.2022 - Maakunnallista puhallinorkesteritoimintaa taiteen perusopetuksessa","robots":{"index":"index","follow":"follow","max-snippet":"max-snippet:-1","max-image-preview":"max-image-preview:large","max-video-preview":"max-video-preview:-1"},"canonical":"https:\/\/blogit.gradia.fi\/puhallinorkesteri\/2022\/03\/16\/kohti-konsertteja-kenraaliharjoitusviikonlopun-tunnelmia\/","og_locale":"fi_FI","og_type":"article","og_title":"Kohti konsertteja - kenraaliharjoitusviikonlopun tunnelmia 12.3.2022 - Maakunnallista puhallinorkesteritoimintaa taiteen perusopetuksessa","og_description":"Lauantaina 12.3. kokoonnuimme harjoittelemaan maakunnallisen puhallinorkesterin kanssa viimeist\u00e4 kertaa. Konsertteja on toki tulossa, mutta nyt on kappaleet harjoitella ja on aika suunnata kohti konsertteja. Tunnelma harjoituksissa oli iloinen ja j\u00e4lleen opittiin paljon uutta. Yst\u00e4vyyssuhteet yli kuntarajojen syveniv\u00e4t entisest\u00e4\u00e4n ja saatiin konserttikokonaisuus hienosti harjoiteltua valmiiksi. P\u00e4iv\u00e4 sis\u00e4lsi niin stemmiksi\u00e4, yhteisharjoituksia kuin konserttik\u00e4ytt\u00e4ytymisen opettelua. Spagetti ja jauhelihakastike&hellip; Jatka lukemista Kohti konsertteja &#8211; kenraaliharjoitusviikonlopun tunnelmia 12.3.2022","og_url":"https:\/\/blogit.gradia.fi\/puhallinorkesteri\/2022\/03\/16\/kohti-konsertteja-kenraaliharjoitusviikonlopun-tunnelmia\/","og_site_name":"Maakunnallista puhallinorkesteritoimintaa taiteen perusopetuksessa","article_published_time":"2022-03-16T12:56:58+00:00","article_modified_time":"2022-09-28T06:33:51+00:00","og_image":[{"url":"https:\/\/blogit.gradia.fi\/puhallinorkesteri\/wp-content\/uploads\/sites\/267\/2022\/08\/KSL-logo-1024x343.png","type":"","width":"","height":""}],"author":"Niina Sapattinen","twitter_card":"summary_large_image","twitter_misc":{"Kirjoittanut":"Niina Sapattinen","Arvioitu lukuaika":"4 minuuttia"},"schema":{"@context":"https:\/\/schema.org","@graph":[{"@type":"Article","@id":"https:\/\/blogit.gradia.fi\/puhallinorkesteri\/2022\/03\/16\/kohti-konsertteja-kenraaliharjoitusviikonlopun-tunnelmia\/#article","isPartOf":{"@id":"https:\/\/blogit.gradia.fi\/puhallinorkesteri\/2022\/03\/16\/kohti-konsertteja-kenraaliharjoitusviikonlopun-tunnelmia\/"},"author":{"name":"Niina Sapattinen","@id":"https:\/\/blogit.gradia.fi\/puhallinorkesteri\/#\/schema\/person\/e13b134d48e82e9653cc868c43f32b9b"},"headline":"Kohti konsertteja &#8211; kenraaliharjoitusviikonlopun tunnelmia 12.3.2022","datePublished":"2022-03-16T12:56:58+00:00","dateModified":"2022-09-28T06:33:51+00:00","mainEntityOfPage":{"@id":"https:\/\/blogit.gradia.fi\/puhallinorkesteri\/2022\/03\/16\/kohti-konsertteja-kenraaliharjoitusviikonlopun-tunnelmia\/"},"wordCount":213,"commentCount":0,"image":{"@id":"https:\/\/blogit.gradia.fi\/puhallinorkesteri\/2022\/03\/16\/kohti-konsertteja-kenraaliharjoitusviikonlopun-tunnelmia\/#primaryimage"},"thumbnailUrl":"https:\/\/blogit.gradia.fi\/puhallinorkesteri\/wp-content\/uploads\/sites\/267\/2022\/08\/KSL-logo-1024x343.png","inLanguage":"fi","potentialAction":[{"@type":"CommentAction","name":"Comment","target":["https:\/\/blogit.gradia.fi\/puhallinorkesteri\/2022\/03\/16\/kohti-konsertteja-kenraaliharjoitusviikonlopun-tunnelmia\/#respond"]}]},{"@type":"WebPage","@id":"https:\/\/blogit.gradia.fi\/puhallinorkesteri\/2022\/03\/16\/kohti-konsertteja-kenraaliharjoitusviikonlopun-tunnelmia\/","url":"https:\/\/blogit.gradia.fi\/puhallinorkesteri\/2022\/03\/16\/kohti-konsertteja-kenraaliharjoitusviikonlopun-tunnelmia\/","name":"Kohti konsertteja - kenraaliharjoitusviikonlopun tunnelmia 12.3.2022 - Maakunnallista puhallinorkesteritoimintaa taiteen perusopetuksessa","isPartOf":{"@id":"https:\/\/blogit.gradia.fi\/puhallinorkesteri\/#website"},"primaryImageOfPage":{"@id":"https:\/\/blogit.gradia.fi\/puhallinorkesteri\/2022\/03\/16\/kohti-konsertteja-kenraaliharjoitusviikonlopun-tunnelmia\/#primaryimage"},"image":{"@id":"https:\/\/blogit.gradia.fi\/puhallinorkesteri\/2022\/03\/16\/kohti-konsertteja-kenraaliharjoitusviikonlopun-tunnelmia\/#primaryimage"},"thumbnailUrl":"https:\/\/blogit.gradia.fi\/puhallinorkesteri\/wp-content\/uploads\/sites\/267\/2022\/08\/KSL-logo-1024x343.png","datePublished":"2022-03-16T12:56:58+00:00","dateModified":"2022-09-28T06:33:51+00:00","author":{"@id":"https:\/\/blogit.gradia.fi\/puhallinorkesteri\/#\/schema\/person\/e13b134d48e82e9653cc868c43f32b9b"},"breadcrumb":{"@id":"https:\/\/blogit.gradia.fi\/puhallinorkesteri\/2022\/03\/16\/kohti-konsertteja-kenraaliharjoitusviikonlopun-tunnelmia\/#breadcrumb"},"inLanguage":"fi","potentialAction":[{"@type":"ReadAction","target":["https:\/\/blogit.gradia.fi\/puhallinorkesteri\/2022\/03\/16\/kohti-konsertteja-kenraaliharjoitusviikonlopun-tunnelmia\/"]}]},{"@type":"ImageObject","inLanguage":"fi","@id":"https:\/\/blogit.gradia.fi\/puhallinorkesteri\/2022\/03\/16\/kohti-konsertteja-kenraaliharjoitusviikonlopun-tunnelmia\/#primaryimage","url":"https:\/\/blogit.gradia.fi\/puhallinorkesteri\/wp-content\/uploads\/sites\/267\/2022\/08\/KSL-logo.png","contentUrl":"https:\/\/blogit.gradia.fi\/puhallinorkesteri\/wp-content\/uploads\/sites\/267\/2022\/08\/KSL-logo.png","width":1422,"height":476},{"@type":"BreadcrumbList","@id":"https:\/\/blogit.gradia.fi\/puhallinorkesteri\/2022\/03\/16\/kohti-konsertteja-kenraaliharjoitusviikonlopun-tunnelmia\/#breadcrumb","itemListElement":[{"@type":"ListItem","position":1,"name":"Etusivu","item":"https:\/\/blogit.gradia.fi\/puhallinorkesteri\/"},{"@type":"ListItem","position":2,"name":"Kohti konsertteja &#8211; kenraaliharjoitusviikonlopun tunnelmia 12.3.2022"}]},{"@type":"WebSite","@id":"https:\/\/blogit.gradia.fi\/puhallinorkesteri\/#website","url":"https:\/\/blogit.gradia.fi\/puhallinorkesteri\/","name":"Maakunnallista puhallinorkesteritoimintaa taiteen perusopetuksessa","description":"Uusi Gradia-blogit-sivustot -sivusto","potentialAction":[{"@type":"SearchAction","target":{"@type":"EntryPoint","urlTemplate":"https:\/\/blogit.gradia.fi\/puhallinorkesteri\/?s={search_term_string}"},"query-input":{"@type":"PropertyValueSpecification","valueRequired":true,"valueName":"search_term_string"}}],"inLanguage":"fi"},{"@type":"Person","@id":"https:\/\/blogit.gradia.fi\/puhallinorkesteri\/#\/schema\/person\/e13b134d48e82e9653cc868c43f32b9b","name":"Niina Sapattinen","image":{"@type":"ImageObject","inLanguage":"fi","@id":"https:\/\/secure.gravatar.com\/avatar\/cfe3808d481255b6eeaed93b8a4c7c34e9e376fcfd3f41b0a7ea590c0277f406?s=96&d=mm&r=g","url":"https:\/\/secure.gravatar.com\/avatar\/cfe3808d481255b6eeaed93b8a4c7c34e9e376fcfd3f41b0a7ea590c0277f406?s=96&d=mm&r=g","contentUrl":"https:\/\/secure.gravatar.com\/avatar\/cfe3808d481255b6eeaed93b8a4c7c34e9e376fcfd3f41b0a7ea590c0277f406?s=96&d=mm&r=g","caption":"Niina Sapattinen"},"url":"https:\/\/blogit.gradia.fi\/puhallinorkesteri\/author\/sapatnii\/"}]}},"uagb_featured_image_src":{"full":false,"thumbnail":false,"medium":false,"medium_large":false,"large":false,"1536x1536":false,"2048x2048":false,"post-thumbnail":false},"uagb_author_info":{"display_name":"Niina Sapattinen","author_link":"https:\/\/blogit.gradia.fi\/puhallinorkesteri\/author\/sapatnii\/"},"uagb_comment_info":0,"uagb_excerpt":"Lauantaina 12.3. kokoonnuimme harjoittelemaan maakunnallisen puhallinorkesterin kanssa viimeist\u00e4 kertaa. Konsertteja on toki tulossa, mutta nyt on kappaleet harjoitella ja on aika suunnata kohti konsertteja. Tunnelma harjoituksissa oli iloinen ja j\u00e4lleen opittiin paljon uutta. Yst\u00e4vyyssuhteet yli kuntarajojen syveniv\u00e4t entisest\u00e4\u00e4n ja saatiin konserttikokonaisuus hienosti harjoiteltua valmiiksi. P\u00e4iv\u00e4 sis\u00e4lsi niin stemmiksi\u00e4, yhteisharjoituksia kuin konserttik\u00e4ytt\u00e4ytymisen opettelua. Spagetti ja jauhelihakastike&hellip;&hellip;","_links":{"self":[{"href":"https:\/\/blogit.gradia.fi\/puhallinorkesteri\/wp-json\/wp\/v2\/posts\/138","targetHints":{"allow":["GET"]}}],"collection":[{"href":"https:\/\/blogit.gradia.fi\/puhallinorkesteri\/wp-json\/wp\/v2\/posts"}],"about":[{"href":"https:\/\/blogit.gradia.fi\/puhallinorkesteri\/wp-json\/wp\/v2\/types\/post"}],"author":[{"embeddable":true,"href":"https:\/\/blogit.gradia.fi\/puhallinorkesteri\/wp-json\/wp\/v2\/users\/805"}],"replies":[{"embeddable":true,"href":"https:\/\/blogit.gradia.fi\/puhallinorkesteri\/wp-json\/wp\/v2\/comments?post=138"}],"version-history":[{"count":8,"href":"https:\/\/blogit.gradia.fi\/puhallinorkesteri\/wp-json\/wp\/v2\/posts\/138\/revisions"}],"predecessor-version":[{"id":310,"href":"https:\/\/blogit.gradia.fi\/puhallinorkesteri\/wp-json\/wp\/v2\/posts\/138\/revisions\/310"}],"wp:attachment":[{"href":"https:\/\/blogit.gradia.fi\/puhallinorkesteri\/wp-json\/wp\/v2\/media?parent=138"}],"wp:term":[{"taxonomy":"category","embeddable":true,"href":"https:\/\/blogit.gradia.fi\/puhallinorkesteri\/wp-json\/wp\/v2\/categories?post=138"},{"taxonomy":"post_tag","embeddable":true,"href":"https:\/\/blogit.gradia.fi\/puhallinorkesteri\/wp-json\/wp\/v2\/tags?post=138"}],"curies":[{"name":"wp","href":"https:\/\/api.w.org\/{rel}","templated":true}]}}