{"id":482,"date":"2017-05-05T08:48:27","date_gmt":"2017-05-05T05:48:27","guid":{"rendered":"https:\/\/blogit.gradia.fi\/parastaosaamista\/?p=482"},"modified":"2017-05-05T13:31:09","modified_gmt":"2017-05-05T10:31:09","slug":"kuulumisia-vaasasta","status":"publish","type":"post","link":"https:\/\/blogit.gradia.fi\/parastaosaamista\/2017\/05\/05\/kuulumisia-vaasasta\/","title":{"rendered":"Kuulumisia Vaasasta"},"content":{"rendered":"<p><img loading=\"lazy\" decoding=\"async\" class=\"size-medium wp-image-483 alignright\" src=\"https:\/\/blogit.gradia.fi\/parastaosaamista\/wp-content\/uploads\/sites\/19\/2017\/05\/Vaasasta-300x130.png\" alt=\"\" width=\"300\" height=\"130\" srcset=\"https:\/\/blogit.gradia.fi\/parastaosaamista\/wp-content\/uploads\/sites\/19\/2017\/05\/Vaasasta-300x130.png 300w, https:\/\/blogit.gradia.fi\/parastaosaamista\/wp-content\/uploads\/sites\/19\/2017\/05\/Vaasasta.png 545w\" sizes=\"auto, (max-width: 300px) 100vw, 300px\" \/>Saimme Sisko M\u00e4llisen kanssa 2.5 mahdollisuuden osallistua Yrkesakademin I \u00d6sterbotten kehitysp\u00e4iv\u00e4\u00e4n. Teemana olivat muutokset opettajuus ja miten osaamisperusteisuutta tullaan YA!:ssa tulevaisuudessa toteuttamaan. Ilmapiiri oli innovatiivinen ja yhteis\u00f6llinen, mink\u00e4 tuloksena yli kymmenen ryhm\u00e4\u00e4 esitteli oman osaamisensa sek\u00e4 kehitt\u00e4mistoiveensa!<\/p>\n<p>Ilahduttavaa oli lis\u00e4ksi havaita vilpit\u00f6n innostuneisuus aiheeseen, mist\u00e4 kertoo muun muassa halukkuus kuulla meid\u00e4n TAMK:n edustajien n\u00e4kemyksi\u00e4 muutoksista ja tulevaisuuden haasteista sek\u00e4 mahdollisuuksista. Vierailu oli mielest\u00e4mme mit\u00e4 mainioin ja viel\u00e4 t\u00e4n\u00e4\u00e4nkin ajatuksissa py\u00f6ri huomiot joita YA!:n opetushenkil\u00f6lunta esitti. Parasta osaamista -verkostohanke vaikuttaa k\u00e4ynnistyneen juuri oikeaan aikaan, sill\u00e4 reformi todellakin mietitytt\u00e4\u00e4 ja puhututtaa!<\/p>\n<p>Kiitos viel\u00e4 kerran mahdollisuudesta p\u00e4\u00e4st\u00e4 tutustumaan YA!:n toimintaan ja upeisiin tiloihin jotka teill\u00e4 siell\u00e4 Vaasassa on! Har en trevliga v\u00e5r!<\/p>\n<p>Lauri Virtanen, TAMK, ammattipedagoginen TKI<\/p>\n","protected":false},"excerpt":{"rendered":"<p>Saimme Sisko M\u00e4llisen kanssa 2.5 mahdollisuuden osallistua Yrkesakademin I \u00d6sterbotten kehitysp\u00e4iv\u00e4\u00e4n. Teemana olivat muutokset opettajuus ja miten osaamisperusteisuutta tullaan YA!:ssa tulevaisuudessa toteuttamaan. Ilmapiiri oli innovatiivinen ja yhteis\u00f6llinen, mink\u00e4 tuloksena yli kymmenen ryhm\u00e4\u00e4 esitteli oman&#46;&#46;&#46;<\/p>\n","protected":false},"author":1388,"featured_media":483,"comment_status":"open","ping_status":"open","sticky":false,"template":"","format":"standard","meta":{"_uag_custom_page_level_css":"","footnotes":""},"categories":[9,23,1],"tags":[],"class_list":["post-482","post","type-post","status-publish","format-standard","has-post-thumbnail","hentry","category-tamk","category-ya","category-yleinen-allman"],"yoast_head":"<!-- This site is optimized with the Yoast SEO plugin v27.5 - https:\/\/yoast.com\/product\/yoast-seo-wordpress\/ -->\n<title>Kuulumisia Vaasasta - Parasta osaamista -verkostohanke - B\u00e4sta kunnande -n\u00e4tverksprojektet Blogisivusto<\/title>\n<meta name=\"robots\" content=\"index, follow, max-snippet:-1, max-image-preview:large, max-video-preview:-1\" \/>\n<link rel=\"canonical\" href=\"https:\/\/blogit.gradia.fi\/parastaosaamista\/2017\/05\/05\/kuulumisia-vaasasta\/\" \/>\n<meta property=\"og:locale\" content=\"fi_FI\" \/>\n<meta property=\"og:type\" content=\"article\" \/>\n<meta property=\"og:title\" content=\"Kuulumisia Vaasasta - Parasta osaamista -verkostohanke - B\u00e4sta kunnande -n\u00e4tverksprojektet Blogisivusto\" \/>\n<meta property=\"og:description\" content=\"Saimme Sisko M\u00e4llisen kanssa 2.5 mahdollisuuden osallistua Yrkesakademin I \u00d6sterbotten kehitysp\u00e4iv\u00e4\u00e4n. Teemana olivat muutokset opettajuus ja miten osaamisperusteisuutta tullaan YA!:ssa tulevaisuudessa toteuttamaan. Ilmapiiri oli innovatiivinen ja yhteis\u00f6llinen, mink\u00e4 tuloksena yli kymmenen ryhm\u00e4\u00e4 esitteli oman&#046;&#046;&#046;\" \/>\n<meta property=\"og:url\" content=\"https:\/\/blogit.gradia.fi\/parastaosaamista\/2017\/05\/05\/kuulumisia-vaasasta\/\" \/>\n<meta property=\"og:site_name\" content=\"Parasta osaamista -verkostohanke - B\u00e4sta kunnande -n\u00e4tverksprojektet Blogisivusto\" \/>\n<meta property=\"article:published_time\" content=\"2017-05-05T05:48:27+00:00\" \/>\n<meta property=\"article:modified_time\" content=\"2017-05-05T10:31:09+00:00\" \/>\n<meta property=\"og:image\" content=\"https:\/\/blogit.gradia.fi\/parastaosaamista\/wp-content\/uploads\/sites\/19\/2017\/05\/Vaasasta.png\" \/>\n\t<meta property=\"og:image:width\" content=\"545\" \/>\n\t<meta property=\"og:image:height\" content=\"237\" \/>\n\t<meta property=\"og:image:type\" content=\"image\/png\" \/>\n<meta name=\"twitter:card\" content=\"summary_large_image\" \/>\n<meta name=\"twitter:label1\" content=\"Kirjoittanut\" \/>\n\t<meta name=\"twitter:data1\" content=\"\" \/>\n\t<meta name=\"twitter:label2\" content=\"Arvioitu lukuaika\" \/>\n\t<meta name=\"twitter:data2\" content=\"1 minuutti\" \/>\n<script type=\"application\/ld+json\" class=\"yoast-schema-graph\">{\"@context\":\"https:\\\/\\\/schema.org\",\"@graph\":[{\"@type\":\"Article\",\"@id\":\"https:\\\/\\\/blogit.gradia.fi\\\/parastaosaamista\\\/2017\\\/05\\\/05\\\/kuulumisia-vaasasta\\\/#article\",\"isPartOf\":{\"@id\":\"https:\\\/\\\/blogit.gradia.fi\\\/parastaosaamista\\\/2017\\\/05\\\/05\\\/kuulumisia-vaasasta\\\/\"},\"author\":{\"name\":\"\",\"@id\":\"\"},\"headline\":\"Kuulumisia Vaasasta\",\"datePublished\":\"2017-05-05T05:48:27+00:00\",\"dateModified\":\"2017-05-05T10:31:09+00:00\",\"mainEntityOfPage\":{\"@id\":\"https:\\\/\\\/blogit.gradia.fi\\\/parastaosaamista\\\/2017\\\/05\\\/05\\\/kuulumisia-vaasasta\\\/\"},\"wordCount\":136,\"commentCount\":0,\"image\":{\"@id\":\"https:\\\/\\\/blogit.gradia.fi\\\/parastaosaamista\\\/2017\\\/05\\\/05\\\/kuulumisia-vaasasta\\\/#primaryimage\"},\"thumbnailUrl\":\"https:\\\/\\\/blogit.gradia.fi\\\/parastaosaamista\\\/wp-content\\\/uploads\\\/sites\\\/19\\\/2017\\\/05\\\/Vaasasta.png\",\"articleSection\":[\"TAMK\",\"YA\",\"Yleinen - Allm\u00e4n\"],\"inLanguage\":\"fi\",\"potentialAction\":[{\"@type\":\"CommentAction\",\"name\":\"Comment\",\"target\":[\"https:\\\/\\\/blogit.gradia.fi\\\/parastaosaamista\\\/2017\\\/05\\\/05\\\/kuulumisia-vaasasta\\\/#respond\"]}]},{\"@type\":\"WebPage\",\"@id\":\"https:\\\/\\\/blogit.gradia.fi\\\/parastaosaamista\\\/2017\\\/05\\\/05\\\/kuulumisia-vaasasta\\\/\",\"url\":\"https:\\\/\\\/blogit.gradia.fi\\\/parastaosaamista\\\/2017\\\/05\\\/05\\\/kuulumisia-vaasasta\\\/\",\"name\":\"Kuulumisia Vaasasta - Parasta osaamista -verkostohanke - B\u00e4sta kunnande -n\u00e4tverksprojektet Blogisivusto\",\"isPartOf\":{\"@id\":\"https:\\\/\\\/blogit.gradia.fi\\\/parastaosaamista\\\/#website\"},\"primaryImageOfPage\":{\"@id\":\"https:\\\/\\\/blogit.gradia.fi\\\/parastaosaamista\\\/2017\\\/05\\\/05\\\/kuulumisia-vaasasta\\\/#primaryimage\"},\"image\":{\"@id\":\"https:\\\/\\\/blogit.gradia.fi\\\/parastaosaamista\\\/2017\\\/05\\\/05\\\/kuulumisia-vaasasta\\\/#primaryimage\"},\"thumbnailUrl\":\"https:\\\/\\\/blogit.gradia.fi\\\/parastaosaamista\\\/wp-content\\\/uploads\\\/sites\\\/19\\\/2017\\\/05\\\/Vaasasta.png\",\"datePublished\":\"2017-05-05T05:48:27+00:00\",\"dateModified\":\"2017-05-05T10:31:09+00:00\",\"author\":{\"@id\":\"\"},\"inLanguage\":\"fi\",\"potentialAction\":[{\"@type\":\"ReadAction\",\"target\":[\"https:\\\/\\\/blogit.gradia.fi\\\/parastaosaamista\\\/2017\\\/05\\\/05\\\/kuulumisia-vaasasta\\\/\"]}]},{\"@type\":\"ImageObject\",\"inLanguage\":\"fi\",\"@id\":\"https:\\\/\\\/blogit.gradia.fi\\\/parastaosaamista\\\/2017\\\/05\\\/05\\\/kuulumisia-vaasasta\\\/#primaryimage\",\"url\":\"https:\\\/\\\/blogit.gradia.fi\\\/parastaosaamista\\\/wp-content\\\/uploads\\\/sites\\\/19\\\/2017\\\/05\\\/Vaasasta.png\",\"contentUrl\":\"https:\\\/\\\/blogit.gradia.fi\\\/parastaosaamista\\\/wp-content\\\/uploads\\\/sites\\\/19\\\/2017\\\/05\\\/Vaasasta.png\",\"width\":545,\"height\":237},{\"@type\":\"WebSite\",\"@id\":\"https:\\\/\\\/blogit.gradia.fi\\\/parastaosaamista\\\/#website\",\"url\":\"https:\\\/\\\/blogit.gradia.fi\\\/parastaosaamista\\\/\",\"name\":\"Parasta osaamista -verkostohanke - B\u00e4sta kunnande -n\u00e4tverksprojektet Blogisivusto\",\"description\":\"\",\"potentialAction\":[{\"@type\":\"SearchAction\",\"target\":{\"@type\":\"EntryPoint\",\"urlTemplate\":\"https:\\\/\\\/blogit.gradia.fi\\\/parastaosaamista\\\/?s={search_term_string}\"},\"query-input\":{\"@type\":\"PropertyValueSpecification\",\"valueRequired\":true,\"valueName\":\"search_term_string\"}}],\"inLanguage\":\"fi\"},{\"@type\":\"Person\",\"@id\":\"\",\"url\":\"https:\\\/\\\/blogit.gradia.fi\\\/parastaosaamista\\\/author\\\/\"}]}<\/script>\n<!-- \/ Yoast SEO plugin. -->","yoast_head_json":{"title":"Kuulumisia Vaasasta - Parasta osaamista -verkostohanke - B\u00e4sta kunnande -n\u00e4tverksprojektet Blogisivusto","robots":{"index":"index","follow":"follow","max-snippet":"max-snippet:-1","max-image-preview":"max-image-preview:large","max-video-preview":"max-video-preview:-1"},"canonical":"https:\/\/blogit.gradia.fi\/parastaosaamista\/2017\/05\/05\/kuulumisia-vaasasta\/","og_locale":"fi_FI","og_type":"article","og_title":"Kuulumisia Vaasasta - Parasta osaamista -verkostohanke - B\u00e4sta kunnande -n\u00e4tverksprojektet Blogisivusto","og_description":"Saimme Sisko M\u00e4llisen kanssa 2.5 mahdollisuuden osallistua Yrkesakademin I \u00d6sterbotten kehitysp\u00e4iv\u00e4\u00e4n. Teemana olivat muutokset opettajuus ja miten osaamisperusteisuutta tullaan YA!:ssa tulevaisuudessa toteuttamaan. Ilmapiiri oli innovatiivinen ja yhteis\u00f6llinen, mink\u00e4 tuloksena yli kymmenen ryhm\u00e4\u00e4 esitteli oman&#46;&#46;&#46;","og_url":"https:\/\/blogit.gradia.fi\/parastaosaamista\/2017\/05\/05\/kuulumisia-vaasasta\/","og_site_name":"Parasta osaamista -verkostohanke - B\u00e4sta kunnande -n\u00e4tverksprojektet Blogisivusto","article_published_time":"2017-05-05T05:48:27+00:00","article_modified_time":"2017-05-05T10:31:09+00:00","og_image":[{"width":545,"height":237,"url":"https:\/\/blogit.gradia.fi\/parastaosaamista\/wp-content\/uploads\/sites\/19\/2017\/05\/Vaasasta.png","type":"image\/png"}],"twitter_card":"summary_large_image","twitter_misc":{"Kirjoittanut":"","Arvioitu lukuaika":"1 minuutti"},"schema":{"@context":"https:\/\/schema.org","@graph":[{"@type":"Article","@id":"https:\/\/blogit.gradia.fi\/parastaosaamista\/2017\/05\/05\/kuulumisia-vaasasta\/#article","isPartOf":{"@id":"https:\/\/blogit.gradia.fi\/parastaosaamista\/2017\/05\/05\/kuulumisia-vaasasta\/"},"author":{"name":"","@id":""},"headline":"Kuulumisia Vaasasta","datePublished":"2017-05-05T05:48:27+00:00","dateModified":"2017-05-05T10:31:09+00:00","mainEntityOfPage":{"@id":"https:\/\/blogit.gradia.fi\/parastaosaamista\/2017\/05\/05\/kuulumisia-vaasasta\/"},"wordCount":136,"commentCount":0,"image":{"@id":"https:\/\/blogit.gradia.fi\/parastaosaamista\/2017\/05\/05\/kuulumisia-vaasasta\/#primaryimage"},"thumbnailUrl":"https:\/\/blogit.gradia.fi\/parastaosaamista\/wp-content\/uploads\/sites\/19\/2017\/05\/Vaasasta.png","articleSection":["TAMK","YA","Yleinen - Allm\u00e4n"],"inLanguage":"fi","potentialAction":[{"@type":"CommentAction","name":"Comment","target":["https:\/\/blogit.gradia.fi\/parastaosaamista\/2017\/05\/05\/kuulumisia-vaasasta\/#respond"]}]},{"@type":"WebPage","@id":"https:\/\/blogit.gradia.fi\/parastaosaamista\/2017\/05\/05\/kuulumisia-vaasasta\/","url":"https:\/\/blogit.gradia.fi\/parastaosaamista\/2017\/05\/05\/kuulumisia-vaasasta\/","name":"Kuulumisia Vaasasta - Parasta osaamista -verkostohanke - B\u00e4sta kunnande -n\u00e4tverksprojektet Blogisivusto","isPartOf":{"@id":"https:\/\/blogit.gradia.fi\/parastaosaamista\/#website"},"primaryImageOfPage":{"@id":"https:\/\/blogit.gradia.fi\/parastaosaamista\/2017\/05\/05\/kuulumisia-vaasasta\/#primaryimage"},"image":{"@id":"https:\/\/blogit.gradia.fi\/parastaosaamista\/2017\/05\/05\/kuulumisia-vaasasta\/#primaryimage"},"thumbnailUrl":"https:\/\/blogit.gradia.fi\/parastaosaamista\/wp-content\/uploads\/sites\/19\/2017\/05\/Vaasasta.png","datePublished":"2017-05-05T05:48:27+00:00","dateModified":"2017-05-05T10:31:09+00:00","author":{"@id":""},"inLanguage":"fi","potentialAction":[{"@type":"ReadAction","target":["https:\/\/blogit.gradia.fi\/parastaosaamista\/2017\/05\/05\/kuulumisia-vaasasta\/"]}]},{"@type":"ImageObject","inLanguage":"fi","@id":"https:\/\/blogit.gradia.fi\/parastaosaamista\/2017\/05\/05\/kuulumisia-vaasasta\/#primaryimage","url":"https:\/\/blogit.gradia.fi\/parastaosaamista\/wp-content\/uploads\/sites\/19\/2017\/05\/Vaasasta.png","contentUrl":"https:\/\/blogit.gradia.fi\/parastaosaamista\/wp-content\/uploads\/sites\/19\/2017\/05\/Vaasasta.png","width":545,"height":237},{"@type":"WebSite","@id":"https:\/\/blogit.gradia.fi\/parastaosaamista\/#website","url":"https:\/\/blogit.gradia.fi\/parastaosaamista\/","name":"Parasta osaamista -verkostohanke - B\u00e4sta kunnande -n\u00e4tverksprojektet Blogisivusto","description":"","potentialAction":[{"@type":"SearchAction","target":{"@type":"EntryPoint","urlTemplate":"https:\/\/blogit.gradia.fi\/parastaosaamista\/?s={search_term_string}"},"query-input":{"@type":"PropertyValueSpecification","valueRequired":true,"valueName":"search_term_string"}}],"inLanguage":"fi"},{"@type":"Person","@id":"","url":"https:\/\/blogit.gradia.fi\/parastaosaamista\/author\/"}]}},"uagb_featured_image_src":{"full":["https:\/\/blogit.gradia.fi\/parastaosaamista\/wp-content\/uploads\/sites\/19\/2017\/05\/Vaasasta.png",545,237,false],"thumbnail":["https:\/\/blogit.gradia.fi\/parastaosaamista\/wp-content\/uploads\/sites\/19\/2017\/05\/Vaasasta-150x150.png",150,150,true],"medium":["https:\/\/blogit.gradia.fi\/parastaosaamista\/wp-content\/uploads\/sites\/19\/2017\/05\/Vaasasta-300x130.png",300,130,true],"medium_large":["https:\/\/blogit.gradia.fi\/parastaosaamista\/wp-content\/uploads\/sites\/19\/2017\/05\/Vaasasta.png",545,237,false],"large":["https:\/\/blogit.gradia.fi\/parastaosaamista\/wp-content\/uploads\/sites\/19\/2017\/05\/Vaasasta.png",545,237,false],"1536x1536":["https:\/\/blogit.gradia.fi\/parastaosaamista\/wp-content\/uploads\/sites\/19\/2017\/05\/Vaasasta.png",545,237,false],"2048x2048":["https:\/\/blogit.gradia.fi\/parastaosaamista\/wp-content\/uploads\/sites\/19\/2017\/05\/Vaasasta.png",545,237,false],"thumb-small":["https:\/\/blogit.gradia.fi\/parastaosaamista\/wp-content\/uploads\/sites\/19\/2017\/05\/Vaasasta-160x160.png",80,80,true],"thumb-standard":["https:\/\/blogit.gradia.fi\/parastaosaamista\/wp-content\/uploads\/sites\/19\/2017\/05\/Vaasasta-320x320.png",320,320,true],"thumb-medium":["https:\/\/blogit.gradia.fi\/parastaosaamista\/wp-content\/uploads\/sites\/19\/2017\/05\/Vaasasta-520x245.png",520,245,true],"thumb-large":["https:\/\/blogit.gradia.fi\/parastaosaamista\/wp-content\/uploads\/sites\/19\/2017\/05\/Vaasasta-720x340.png",720,340,true],"thumb-xlarge":["https:\/\/blogit.gradia.fi\/parastaosaamista\/wp-content\/uploads\/sites\/19\/2017\/05\/Vaasasta.png",545,237,false],"thumb-xxlarge":["https:\/\/blogit.gradia.fi\/parastaosaamista\/wp-content\/uploads\/sites\/19\/2017\/05\/Vaasasta.png",545,237,false]},"uagb_author_info":{"display_name":"","author_link":"https:\/\/blogit.gradia.fi\/parastaosaamista\/author\/"},"uagb_comment_info":0,"uagb_excerpt":"Saimme Sisko M\u00e4llisen kanssa 2.5 mahdollisuuden osallistua Yrkesakademin I \u00d6sterbotten kehitysp\u00e4iv\u00e4\u00e4n. Teemana olivat muutokset opettajuus ja miten osaamisperusteisuutta tullaan YA!:ssa tulevaisuudessa toteuttamaan. Ilmapiiri oli innovatiivinen ja yhteis\u00f6llinen, mink\u00e4 tuloksena yli kymmenen ryhm\u00e4\u00e4 esitteli oman&#46;&#46;&#46;","_links":{"self":[{"href":"https:\/\/blogit.gradia.fi\/parastaosaamista\/wp-json\/wp\/v2\/posts\/482","targetHints":{"allow":["GET"]}}],"collection":[{"href":"https:\/\/blogit.gradia.fi\/parastaosaamista\/wp-json\/wp\/v2\/posts"}],"about":[{"href":"https:\/\/blogit.gradia.fi\/parastaosaamista\/wp-json\/wp\/v2\/types\/post"}],"author":[{"embeddable":true,"href":"https:\/\/blogit.gradia.fi\/parastaosaamista\/wp-json\/wp\/v2\/users\/1388"}],"replies":[{"embeddable":true,"href":"https:\/\/blogit.gradia.fi\/parastaosaamista\/wp-json\/wp\/v2\/comments?post=482"}],"version-history":[{"count":0,"href":"https:\/\/blogit.gradia.fi\/parastaosaamista\/wp-json\/wp\/v2\/posts\/482\/revisions"}],"wp:featuredmedia":[{"embeddable":true,"href":"https:\/\/blogit.gradia.fi\/parastaosaamista\/wp-json\/wp\/v2\/media\/483"}],"wp:attachment":[{"href":"https:\/\/blogit.gradia.fi\/parastaosaamista\/wp-json\/wp\/v2\/media?parent=482"}],"wp:term":[{"taxonomy":"category","embeddable":true,"href":"https:\/\/blogit.gradia.fi\/parastaosaamista\/wp-json\/wp\/v2\/categories?post=482"},{"taxonomy":"post_tag","embeddable":true,"href":"https:\/\/blogit.gradia.fi\/parastaosaamista\/wp-json\/wp\/v2\/tags?post=482"}],"curies":[{"name":"wp","href":"https:\/\/api.w.org\/{rel}","templated":true}]}}