{"id":86,"date":"2013-09-05T16:18:49","date_gmt":"2013-09-05T13:18:49","guid":{"rendered":"https:\/\/blogit.gradia.fi\/mobiilitohjaajat\/?p=86"},"modified":"2014-11-12T00:10:03","modified_gmt":"2014-11-11T22:10:03","slug":"kaupan-kokeiluja-viime-kevaalta-seka-elokuulta-2013","status":"publish","type":"post","link":"https:\/\/blogit.gradia.fi\/mobiilitohjaajat\/kaupan-kokeiluja-viime-kevaalta-seka-elokuulta-2013\/","title":{"rendered":"Kaupan kokeiluja viime kev\u00e4\u00e4lt\u00e4 sek\u00e4 elokuulta 2013"},"content":{"rendered":"<p>Projektikokeilumme ohjausblogi l\u00f6ytyy osoitteesta<\/p>\n<p><a href=\"https:\/\/blogit.gradia.fi\/visu\/\">https:\/\/blogit.gradia.fi\/visu\/<\/a><\/p>\n<p>T\u00e4st\u00e4 blogista l\u00f6ytyy tarkempia kuvauksia ja kokemuksiamme t\u00e4h\u00e4n hankkeeseen\u00a0viime kev\u00e4\u00e4n\u00e4 sek\u00e4 nyt elokuussa toteutetuista kokeiluista.<\/p>\n<p>Olemme mm. testanneet k\u00e4\u00e4nteist\u00e4 luokkahuonetta tekem\u00e4ll\u00e4 valmiin luennon explain everything:ll\u00e4 oppilaille etuk\u00e4teen tutustuttavaksi. Aiheena oli mallinuken pukeminen:<\/p>\n<p>https:\/\/www.youtube.com\/watch?v=qsuRGRplnQ8<\/p>\n<p><a href=\"https:\/\/blogit.gradia.fi\/visu\/2013\/08\/15\/torstai-15-8-2013-ensimmainen-etapaiva\/\" target=\"_blank\">AdobeConnect Pro-et\u00e4luentoa<\/a> testasimme 15.8.2013.<\/p>\n<p>&nbsp;<\/p>\n<p>Ensimm\u00e4isi\u00e4 yhteiskirjoittamalla toteutettuja teht\u00e4vi\u00e4 varten teimme my\u00f6s <a href=\"https:\/\/blogit.gradia.fi\/visu\/2013\/08\/14\/ohje-google-driven-kayttoon\/\" target=\"_blank\">pikaohjeet GoogleDriven k\u00e4ytt\u00f6\u00f6n<\/a>.<\/p>\n<p>Seuraava et\u00e4p\u00e4iv\u00e4 on 19.9. ja ensi viikolla yrit\u00e4mme kokeilla oppitunneille\u00a0valmiiksi screen-o-matic -ohjelmalla tuotettuja ohjeita sek\u00e4 uuden aiheen k\u00e4sittely\u00e4. T\u00e4m\u00e4 mahdollistaa opiskelijoiden oma aikaisen etenemisen.<\/p>\n<p>&nbsp;<\/p>\n","protected":false},"excerpt":{"rendered":"<p>Projektikokeilumme ohjausblogi l\u00f6ytyy osoitteesta https:\/\/blogit.gradia.fi\/visu\/ T\u00e4st\u00e4 blogista l\u00f6ytyy tarkempia kuvauksia ja kokemuksiamme t\u00e4h\u00e4n hankkeeseen\u00a0viime kev\u00e4\u00e4n\u00e4 sek\u00e4 nyt elokuussa toteutetuista kokeiluista. Olemme mm. testanneet k\u00e4\u00e4nteist\u00e4 luokkahuonetta tekem\u00e4ll\u00e4 valmiin luennon explain everything:ll\u00e4 oppilaille etuk\u00e4teen tutustuttavaksi. Aiheena oli mallinuken pukeminen: https:\/\/www.youtube.com\/watch?v=qsuRGRplnQ8 AdobeConnect Pro-et\u00e4luentoa testasimme 15.8.2013. &nbsp; Ensimm\u00e4isi\u00e4 yhteiskirjoittamalla toteutettuja teht\u00e4vi\u00e4 varten teimme my\u00f6s pikaohjeet GoogleDriven k\u00e4ytt\u00f6\u00f6n. Seuraava et\u00e4p\u00e4iv\u00e4 &hellip; <a href=\"https:\/\/blogit.gradia.fi\/mobiilitohjaajat\/kaupan-kokeiluja-viime-kevaalta-seka-elokuulta-2013\/\" class=\"more-link\">Jatka lukemista <span class=\"screen-reader-text\">Kaupan kokeiluja viime kev\u00e4\u00e4lt\u00e4 sek\u00e4 elokuulta 2013<\/span> <span class=\"meta-nav\">&rarr;<\/span><\/a><\/p>\n","protected":false},"author":165,"featured_media":0,"comment_status":"open","ping_status":"open","sticky":false,"template":"","format":"standard","meta":{"_uag_custom_page_level_css":"","footnotes":""},"categories":[19,26,29,14,1],"tags":[],"class_list":["post-86","post","type-post","status-publish","format-standard","hentry","category-etaohjaus","category-kauppa","category-flippedclassroom","category-ryhmablogi","category-yleinen"],"yoast_head":"<!-- This site is optimized with the Yoast SEO plugin v27.5 - https:\/\/yoast.com\/product\/yoast-seo-wordpress\/ -->\n<title>Kaupan kokeiluja viime kev\u00e4\u00e4lt\u00e4 sek\u00e4 elokuulta 2013 - Mobiilit ohjaajat<\/title>\n<meta name=\"robots\" content=\"index, follow, max-snippet:-1, max-image-preview:large, max-video-preview:-1\" \/>\n<link rel=\"canonical\" href=\"https:\/\/blogit.gradia.fi\/mobiilitohjaajat\/kaupan-kokeiluja-viime-kevaalta-seka-elokuulta-2013\/\" \/>\n<meta property=\"og:locale\" content=\"fi_FI\" \/>\n<meta property=\"og:type\" content=\"article\" \/>\n<meta property=\"og:title\" content=\"Kaupan kokeiluja viime kev\u00e4\u00e4lt\u00e4 sek\u00e4 elokuulta 2013 - Mobiilit ohjaajat\" \/>\n<meta property=\"og:description\" content=\"Projektikokeilumme ohjausblogi l\u00f6ytyy osoitteesta https:\/\/blogit.gradia.fi\/visu\/ T\u00e4st\u00e4 blogista l\u00f6ytyy tarkempia kuvauksia ja kokemuksiamme t\u00e4h\u00e4n hankkeeseen\u00a0viime kev\u00e4\u00e4n\u00e4 sek\u00e4 nyt elokuussa toteutetuista kokeiluista. Olemme mm. testanneet k\u00e4\u00e4nteist\u00e4 luokkahuonetta tekem\u00e4ll\u00e4 valmiin luennon explain everything:ll\u00e4 oppilaille etuk\u00e4teen tutustuttavaksi. Aiheena oli mallinuken pukeminen: https:\/\/www.youtube.com\/watch?v=qsuRGRplnQ8 AdobeConnect Pro-et\u00e4luentoa testasimme 15.8.2013. &nbsp; Ensimm\u00e4isi\u00e4 yhteiskirjoittamalla toteutettuja teht\u00e4vi\u00e4 varten teimme my\u00f6s pikaohjeet GoogleDriven k\u00e4ytt\u00f6\u00f6n. Seuraava et\u00e4p\u00e4iv\u00e4 &hellip; Jatka lukemista Kaupan kokeiluja viime kev\u00e4\u00e4lt\u00e4 sek\u00e4 elokuulta 2013 &rarr;\" \/>\n<meta property=\"og:url\" content=\"https:\/\/blogit.gradia.fi\/mobiilitohjaajat\/kaupan-kokeiluja-viime-kevaalta-seka-elokuulta-2013\/\" \/>\n<meta property=\"og:site_name\" content=\"Mobiilit ohjaajat\" \/>\n<meta property=\"article:published_time\" content=\"2013-09-05T13:18:49+00:00\" \/>\n<meta property=\"article:modified_time\" content=\"2014-11-11T22:10:03+00:00\" \/>\n<meta name=\"author\" content=\"Heini Pennanen\" \/>\n<meta name=\"twitter:card\" content=\"summary_large_image\" \/>\n<meta name=\"twitter:label1\" content=\"Kirjoittanut\" \/>\n\t<meta name=\"twitter:data1\" content=\"Heini Pennanen\" \/>\n\t<meta name=\"twitter:label2\" content=\"Arvioitu lukuaika\" \/>\n\t<meta name=\"twitter:data2\" content=\"1 minuutti\" \/>\n<script type=\"application\/ld+json\" class=\"yoast-schema-graph\">{\"@context\":\"https:\\\/\\\/schema.org\",\"@graph\":[{\"@type\":\"Article\",\"@id\":\"https:\\\/\\\/blogit.gradia.fi\\\/mobiilitohjaajat\\\/kaupan-kokeiluja-viime-kevaalta-seka-elokuulta-2013\\\/#article\",\"isPartOf\":{\"@id\":\"https:\\\/\\\/blogit.gradia.fi\\\/mobiilitohjaajat\\\/kaupan-kokeiluja-viime-kevaalta-seka-elokuulta-2013\\\/\"},\"author\":{\"name\":\"Heini Pennanen\",\"@id\":\"https:\\\/\\\/blogit.gradia.fi\\\/mobiilitohjaajat\\\/#\\\/schema\\\/person\\\/d0b1cfd74c104683772b3edeac4e49ee\"},\"headline\":\"Kaupan kokeiluja viime kev\u00e4\u00e4lt\u00e4 sek\u00e4 elokuulta 2013\",\"datePublished\":\"2013-09-05T13:18:49+00:00\",\"dateModified\":\"2014-11-11T22:10:03+00:00\",\"mainEntityOfPage\":{\"@id\":\"https:\\\/\\\/blogit.gradia.fi\\\/mobiilitohjaajat\\\/kaupan-kokeiluja-viime-kevaalta-seka-elokuulta-2013\\\/\"},\"wordCount\":116,\"commentCount\":0,\"articleSection\":[\"Et\u00e4ohjauksen menetelm\u00e4t\",\"Kauppa ja palvelut\",\"K\u00e4\u00e4nteinen luokkahuone -ajattelu\",\"Ryhm\u00e4blogi ohjauksessa\"],\"inLanguage\":\"fi\",\"potentialAction\":[{\"@type\":\"CommentAction\",\"name\":\"Comment\",\"target\":[\"https:\\\/\\\/blogit.gradia.fi\\\/mobiilitohjaajat\\\/kaupan-kokeiluja-viime-kevaalta-seka-elokuulta-2013\\\/#respond\"]}]},{\"@type\":\"WebPage\",\"@id\":\"https:\\\/\\\/blogit.gradia.fi\\\/mobiilitohjaajat\\\/kaupan-kokeiluja-viime-kevaalta-seka-elokuulta-2013\\\/\",\"url\":\"https:\\\/\\\/blogit.gradia.fi\\\/mobiilitohjaajat\\\/kaupan-kokeiluja-viime-kevaalta-seka-elokuulta-2013\\\/\",\"name\":\"Kaupan kokeiluja viime kev\u00e4\u00e4lt\u00e4 sek\u00e4 elokuulta 2013 - Mobiilit ohjaajat\",\"isPartOf\":{\"@id\":\"https:\\\/\\\/blogit.gradia.fi\\\/mobiilitohjaajat\\\/#website\"},\"datePublished\":\"2013-09-05T13:18:49+00:00\",\"dateModified\":\"2014-11-11T22:10:03+00:00\",\"author\":{\"@id\":\"https:\\\/\\\/blogit.gradia.fi\\\/mobiilitohjaajat\\\/#\\\/schema\\\/person\\\/d0b1cfd74c104683772b3edeac4e49ee\"},\"inLanguage\":\"fi\",\"potentialAction\":[{\"@type\":\"ReadAction\",\"target\":[\"https:\\\/\\\/blogit.gradia.fi\\\/mobiilitohjaajat\\\/kaupan-kokeiluja-viime-kevaalta-seka-elokuulta-2013\\\/\"]}]},{\"@type\":\"WebSite\",\"@id\":\"https:\\\/\\\/blogit.gradia.fi\\\/mobiilitohjaajat\\\/#website\",\"url\":\"https:\\\/\\\/blogit.gradia.fi\\\/mobiilitohjaajat\\\/\",\"name\":\"Mobiilit ohjaajat\",\"description\":\"Opetushallituksen rahoittaman Mobiilit ohjaajat -hankkeen sivusto\",\"potentialAction\":[{\"@type\":\"SearchAction\",\"target\":{\"@type\":\"EntryPoint\",\"urlTemplate\":\"https:\\\/\\\/blogit.gradia.fi\\\/mobiilitohjaajat\\\/?s={search_term_string}\"},\"query-input\":{\"@type\":\"PropertyValueSpecification\",\"valueRequired\":true,\"valueName\":\"search_term_string\"}}],\"inLanguage\":\"fi\"},{\"@type\":\"Person\",\"@id\":\"https:\\\/\\\/blogit.gradia.fi\\\/mobiilitohjaajat\\\/#\\\/schema\\\/person\\\/d0b1cfd74c104683772b3edeac4e49ee\",\"name\":\"Heini Pennanen\",\"image\":{\"@type\":\"ImageObject\",\"inLanguage\":\"fi\",\"@id\":\"https:\\\/\\\/secure.gravatar.com\\\/avatar\\\/3df99d3b29e3db1417790cce1fb1d33fa9a76bb7f8318326848fa7c14b5a086a?s=96&d=mm&r=g\",\"url\":\"https:\\\/\\\/secure.gravatar.com\\\/avatar\\\/3df99d3b29e3db1417790cce1fb1d33fa9a76bb7f8318326848fa7c14b5a086a?s=96&d=mm&r=g\",\"contentUrl\":\"https:\\\/\\\/secure.gravatar.com\\\/avatar\\\/3df99d3b29e3db1417790cce1fb1d33fa9a76bb7f8318326848fa7c14b5a086a?s=96&d=mm&r=g\",\"caption\":\"Heini Pennanen\"},\"url\":\"https:\\\/\\\/blogit.gradia.fi\\\/mobiilitohjaajat\\\/author\\\/pennahei\\\/\"}]}<\/script>\n<!-- \/ Yoast SEO plugin. -->","yoast_head_json":{"title":"Kaupan kokeiluja viime kev\u00e4\u00e4lt\u00e4 sek\u00e4 elokuulta 2013 - Mobiilit ohjaajat","robots":{"index":"index","follow":"follow","max-snippet":"max-snippet:-1","max-image-preview":"max-image-preview:large","max-video-preview":"max-video-preview:-1"},"canonical":"https:\/\/blogit.gradia.fi\/mobiilitohjaajat\/kaupan-kokeiluja-viime-kevaalta-seka-elokuulta-2013\/","og_locale":"fi_FI","og_type":"article","og_title":"Kaupan kokeiluja viime kev\u00e4\u00e4lt\u00e4 sek\u00e4 elokuulta 2013 - Mobiilit ohjaajat","og_description":"Projektikokeilumme ohjausblogi l\u00f6ytyy osoitteesta https:\/\/blogit.gradia.fi\/visu\/ T\u00e4st\u00e4 blogista l\u00f6ytyy tarkempia kuvauksia ja kokemuksiamme t\u00e4h\u00e4n hankkeeseen\u00a0viime kev\u00e4\u00e4n\u00e4 sek\u00e4 nyt elokuussa toteutetuista kokeiluista. Olemme mm. testanneet k\u00e4\u00e4nteist\u00e4 luokkahuonetta tekem\u00e4ll\u00e4 valmiin luennon explain everything:ll\u00e4 oppilaille etuk\u00e4teen tutustuttavaksi. Aiheena oli mallinuken pukeminen: https:\/\/www.youtube.com\/watch?v=qsuRGRplnQ8 AdobeConnect Pro-et\u00e4luentoa testasimme 15.8.2013. &nbsp; Ensimm\u00e4isi\u00e4 yhteiskirjoittamalla toteutettuja teht\u00e4vi\u00e4 varten teimme my\u00f6s pikaohjeet GoogleDriven k\u00e4ytt\u00f6\u00f6n. Seuraava et\u00e4p\u00e4iv\u00e4 &hellip; Jatka lukemista Kaupan kokeiluja viime kev\u00e4\u00e4lt\u00e4 sek\u00e4 elokuulta 2013 &rarr;","og_url":"https:\/\/blogit.gradia.fi\/mobiilitohjaajat\/kaupan-kokeiluja-viime-kevaalta-seka-elokuulta-2013\/","og_site_name":"Mobiilit ohjaajat","article_published_time":"2013-09-05T13:18:49+00:00","article_modified_time":"2014-11-11T22:10:03+00:00","author":"Heini Pennanen","twitter_card":"summary_large_image","twitter_misc":{"Kirjoittanut":"Heini Pennanen","Arvioitu lukuaika":"1 minuutti"},"schema":{"@context":"https:\/\/schema.org","@graph":[{"@type":"Article","@id":"https:\/\/blogit.gradia.fi\/mobiilitohjaajat\/kaupan-kokeiluja-viime-kevaalta-seka-elokuulta-2013\/#article","isPartOf":{"@id":"https:\/\/blogit.gradia.fi\/mobiilitohjaajat\/kaupan-kokeiluja-viime-kevaalta-seka-elokuulta-2013\/"},"author":{"name":"Heini Pennanen","@id":"https:\/\/blogit.gradia.fi\/mobiilitohjaajat\/#\/schema\/person\/d0b1cfd74c104683772b3edeac4e49ee"},"headline":"Kaupan kokeiluja viime kev\u00e4\u00e4lt\u00e4 sek\u00e4 elokuulta 2013","datePublished":"2013-09-05T13:18:49+00:00","dateModified":"2014-11-11T22:10:03+00:00","mainEntityOfPage":{"@id":"https:\/\/blogit.gradia.fi\/mobiilitohjaajat\/kaupan-kokeiluja-viime-kevaalta-seka-elokuulta-2013\/"},"wordCount":116,"commentCount":0,"articleSection":["Et\u00e4ohjauksen menetelm\u00e4t","Kauppa ja palvelut","K\u00e4\u00e4nteinen luokkahuone -ajattelu","Ryhm\u00e4blogi ohjauksessa"],"inLanguage":"fi","potentialAction":[{"@type":"CommentAction","name":"Comment","target":["https:\/\/blogit.gradia.fi\/mobiilitohjaajat\/kaupan-kokeiluja-viime-kevaalta-seka-elokuulta-2013\/#respond"]}]},{"@type":"WebPage","@id":"https:\/\/blogit.gradia.fi\/mobiilitohjaajat\/kaupan-kokeiluja-viime-kevaalta-seka-elokuulta-2013\/","url":"https:\/\/blogit.gradia.fi\/mobiilitohjaajat\/kaupan-kokeiluja-viime-kevaalta-seka-elokuulta-2013\/","name":"Kaupan kokeiluja viime kev\u00e4\u00e4lt\u00e4 sek\u00e4 elokuulta 2013 - Mobiilit ohjaajat","isPartOf":{"@id":"https:\/\/blogit.gradia.fi\/mobiilitohjaajat\/#website"},"datePublished":"2013-09-05T13:18:49+00:00","dateModified":"2014-11-11T22:10:03+00:00","author":{"@id":"https:\/\/blogit.gradia.fi\/mobiilitohjaajat\/#\/schema\/person\/d0b1cfd74c104683772b3edeac4e49ee"},"inLanguage":"fi","potentialAction":[{"@type":"ReadAction","target":["https:\/\/blogit.gradia.fi\/mobiilitohjaajat\/kaupan-kokeiluja-viime-kevaalta-seka-elokuulta-2013\/"]}]},{"@type":"WebSite","@id":"https:\/\/blogit.gradia.fi\/mobiilitohjaajat\/#website","url":"https:\/\/blogit.gradia.fi\/mobiilitohjaajat\/","name":"Mobiilit ohjaajat","description":"Opetushallituksen rahoittaman Mobiilit ohjaajat -hankkeen sivusto","potentialAction":[{"@type":"SearchAction","target":{"@type":"EntryPoint","urlTemplate":"https:\/\/blogit.gradia.fi\/mobiilitohjaajat\/?s={search_term_string}"},"query-input":{"@type":"PropertyValueSpecification","valueRequired":true,"valueName":"search_term_string"}}],"inLanguage":"fi"},{"@type":"Person","@id":"https:\/\/blogit.gradia.fi\/mobiilitohjaajat\/#\/schema\/person\/d0b1cfd74c104683772b3edeac4e49ee","name":"Heini Pennanen","image":{"@type":"ImageObject","inLanguage":"fi","@id":"https:\/\/secure.gravatar.com\/avatar\/3df99d3b29e3db1417790cce1fb1d33fa9a76bb7f8318326848fa7c14b5a086a?s=96&d=mm&r=g","url":"https:\/\/secure.gravatar.com\/avatar\/3df99d3b29e3db1417790cce1fb1d33fa9a76bb7f8318326848fa7c14b5a086a?s=96&d=mm&r=g","contentUrl":"https:\/\/secure.gravatar.com\/avatar\/3df99d3b29e3db1417790cce1fb1d33fa9a76bb7f8318326848fa7c14b5a086a?s=96&d=mm&r=g","caption":"Heini Pennanen"},"url":"https:\/\/blogit.gradia.fi\/mobiilitohjaajat\/author\/pennahei\/"}]}},"uagb_featured_image_src":{"full":false,"thumbnail":false,"medium":false,"medium_large":false,"large":false,"1536x1536":false,"2048x2048":false,"post-thumbnail":false},"uagb_author_info":{"display_name":"Heini Pennanen","author_link":"https:\/\/blogit.gradia.fi\/mobiilitohjaajat\/author\/pennahei\/"},"uagb_comment_info":0,"uagb_excerpt":"Projektikokeilumme ohjausblogi l\u00f6ytyy osoitteesta https:\/\/blogit.gradia.fi\/visu\/ T\u00e4st\u00e4 blogista l\u00f6ytyy tarkempia kuvauksia ja kokemuksiamme t\u00e4h\u00e4n hankkeeseen\u00a0viime kev\u00e4\u00e4n\u00e4 sek\u00e4 nyt elokuussa toteutetuista kokeiluista. Olemme mm. testanneet k\u00e4\u00e4nteist\u00e4 luokkahuonetta tekem\u00e4ll\u00e4 valmiin luennon explain everything:ll\u00e4 oppilaille etuk\u00e4teen tutustuttavaksi. Aiheena oli mallinuken pukeminen: https:\/\/www.youtube.com\/watch?v=qsuRGRplnQ8 AdobeConnect Pro-et\u00e4luentoa testasimme 15.8.2013. &nbsp; Ensimm\u00e4isi\u00e4 yhteiskirjoittamalla toteutettuja teht\u00e4vi\u00e4 varten teimme my\u00f6s pikaohjeet GoogleDriven k\u00e4ytt\u00f6\u00f6n. Seuraava et\u00e4p\u00e4iv\u00e4&hellip;","_links":{"self":[{"href":"https:\/\/blogit.gradia.fi\/mobiilitohjaajat\/wp-json\/wp\/v2\/posts\/86","targetHints":{"allow":["GET"]}}],"collection":[{"href":"https:\/\/blogit.gradia.fi\/mobiilitohjaajat\/wp-json\/wp\/v2\/posts"}],"about":[{"href":"https:\/\/blogit.gradia.fi\/mobiilitohjaajat\/wp-json\/wp\/v2\/types\/post"}],"author":[{"embeddable":true,"href":"https:\/\/blogit.gradia.fi\/mobiilitohjaajat\/wp-json\/wp\/v2\/users\/165"}],"replies":[{"embeddable":true,"href":"https:\/\/blogit.gradia.fi\/mobiilitohjaajat\/wp-json\/wp\/v2\/comments?post=86"}],"version-history":[{"count":0,"href":"https:\/\/blogit.gradia.fi\/mobiilitohjaajat\/wp-json\/wp\/v2\/posts\/86\/revisions"}],"wp:attachment":[{"href":"https:\/\/blogit.gradia.fi\/mobiilitohjaajat\/wp-json\/wp\/v2\/media?parent=86"}],"wp:term":[{"taxonomy":"category","embeddable":true,"href":"https:\/\/blogit.gradia.fi\/mobiilitohjaajat\/wp-json\/wp\/v2\/categories?post=86"},{"taxonomy":"post_tag","embeddable":true,"href":"https:\/\/blogit.gradia.fi\/mobiilitohjaajat\/wp-json\/wp\/v2\/tags?post=86"}],"curies":[{"name":"wp","href":"https:\/\/api.w.org\/{rel}","templated":true}]}}