{"id":575,"date":"2014-11-17T13:11:26","date_gmt":"2014-11-17T11:11:26","guid":{"rendered":"https:\/\/blogit.gradia.fi\/mobiilitohjaajat\/?p=575"},"modified":"2014-11-17T13:11:26","modified_gmt":"2014-11-17T11:11:26","slug":"mobiilia-ohjausta-ammatillisella","status":"publish","type":"post","link":"https:\/\/blogit.gradia.fi\/mobiilitohjaajat\/mobiilia-ohjausta-ammatillisella\/","title":{"rendered":"Mobiilia ohjausta ammatillisella"},"content":{"rendered":"<p>Mobiilit ohjaajat -hankkeen tulosten esittely\u00e4 toiminnallisessa ty\u00f6pajassa <a href=\"http:\/\/www.jamk.fi\/fi\/Koulutus\/Ammatillinen-opettajakorkeakoulu\/iloa\/etusivu\/\" target=\"_blank\">Iloa oppimiseen kaikkialla<\/a> -seminaarissa:<\/p>\n<p><iframe loading=\"lazy\" title=\"N\u00e4k\u00f6kulmia mobiiliin ohjaukseen ammatillisella\" src=\"https:\/\/www.slideshare.net\/slideshow\/embed_code\/key\/A9XZ6visvJxgY0\" width=\"427\" height=\"356\" frameborder=\"0\" marginwidth=\"0\" marginheight=\"0\" scrolling=\"no\" style=\"border:1px solid #CCC; border-width:1px; margin-bottom:5px; max-width: 100%;\" allowfullscreen> <\/iframe> <\/p>\n<div style=\"margin-bottom:5px\"> <strong> <a href=\"https:\/\/www.slideshare.net\/iloa_kaikkialla\/nkkulmia-mobiiliin-ohjaukseen-ammatillisella\" title=\"N\u00e4k\u00f6kulmia mobiiliin ohjaukseen ammatillisella\" target=\"_blank\">N\u00e4k\u00f6kulmia mobiiliin ohjaukseen ammatillisella<\/a> <\/strong> from <strong><a href=\"https:\/\/www.slideshare.net\/iloa_kaikkialla\" target=\"_blank\">iloa_kaikkialla<\/a><\/strong> <\/div>\n","protected":false},"excerpt":{"rendered":"<p>Mobiilit ohjaajat -hankkeen tulosten esittely\u00e4 toiminnallisessa ty\u00f6pajassa Iloa oppimiseen kaikkialla -seminaarissa: N\u00e4k\u00f6kulmia mobiiliin ohjaukseen ammatillisella from iloa_kaikkialla<\/p>\n","protected":false},"author":161,"featured_media":0,"comment_status":"open","ping_status":"open","sticky":false,"template":"","format":"standard","meta":{"_uag_custom_page_level_css":"","footnotes":""},"categories":[12,13,19,4,26,29,18,30,14,28,23,24,25,9,64,1],"tags":[70,21],"class_list":["post-575","post","type-post","status-publish","format-standard","hentry","category-blogioppimispaivakirjana","category-blogiportfoliona","category-etaohjaus","category-facebook-ohjaus","category-kauppa","category-flippedclassroom","category-opejaoppilaat","category-ple","category-ryhmablogi","category-sote","category-sahko","category-tietoliikenne","category-vaatetus","category-videotopetuksessa","category-valiraportit","category-yleinen","tag-mobiili-ohjaus","tag-mobiilioppiminen"],"yoast_head":"<!-- This site is optimized with the Yoast SEO plugin v27.5 - https:\/\/yoast.com\/product\/yoast-seo-wordpress\/ -->\n<title>Mobiilia ohjausta ammatillisella - Mobiilit ohjaajat<\/title>\n<meta name=\"robots\" content=\"index, follow, max-snippet:-1, max-image-preview:large, max-video-preview:-1\" \/>\n<link rel=\"canonical\" href=\"https:\/\/blogit.gradia.fi\/mobiilitohjaajat\/mobiilia-ohjausta-ammatillisella\/\" \/>\n<meta property=\"og:locale\" content=\"fi_FI\" \/>\n<meta property=\"og:type\" content=\"article\" \/>\n<meta property=\"og:title\" content=\"Mobiilia ohjausta ammatillisella - Mobiilit ohjaajat\" \/>\n<meta property=\"og:description\" content=\"Mobiilit ohjaajat -hankkeen tulosten esittely\u00e4 toiminnallisessa ty\u00f6pajassa Iloa oppimiseen kaikkialla -seminaarissa: N\u00e4k\u00f6kulmia mobiiliin ohjaukseen ammatillisella from iloa_kaikkialla\" \/>\n<meta property=\"og:url\" content=\"https:\/\/blogit.gradia.fi\/mobiilitohjaajat\/mobiilia-ohjausta-ammatillisella\/\" \/>\n<meta property=\"og:site_name\" content=\"Mobiilit ohjaajat\" \/>\n<meta property=\"article:published_time\" content=\"2014-11-17T11:11:26+00:00\" \/>\n<meta name=\"author\" content=\"Hanna Frilander\" \/>\n<meta name=\"twitter:card\" content=\"summary_large_image\" \/>\n<meta name=\"twitter:label1\" content=\"Kirjoittanut\" \/>\n\t<meta name=\"twitter:data1\" content=\"Hanna Frilander\" \/>\n<script type=\"application\/ld+json\" class=\"yoast-schema-graph\">{\"@context\":\"https:\\\/\\\/schema.org\",\"@graph\":[{\"@type\":\"Article\",\"@id\":\"https:\\\/\\\/blogit.gradia.fi\\\/mobiilitohjaajat\\\/mobiilia-ohjausta-ammatillisella\\\/#article\",\"isPartOf\":{\"@id\":\"https:\\\/\\\/blogit.gradia.fi\\\/mobiilitohjaajat\\\/mobiilia-ohjausta-ammatillisella\\\/\"},\"author\":{\"name\":\"Hanna Frilander\",\"@id\":\"https:\\\/\\\/blogit.gradia.fi\\\/mobiilitohjaajat\\\/#\\\/schema\\\/person\\\/dc29d090d6c7ce0ae6dc14792568b9fe\"},\"headline\":\"Mobiilia ohjausta ammatillisella\",\"datePublished\":\"2014-11-17T11:11:26+00:00\",\"mainEntityOfPage\":{\"@id\":\"https:\\\/\\\/blogit.gradia.fi\\\/mobiilitohjaajat\\\/mobiilia-ohjausta-ammatillisella\\\/\"},\"wordCount\":22,\"commentCount\":0,\"keywords\":[\"mobiili ohjaus\",\"mobiilioppiminen\"],\"articleSection\":[\"Blogi oppimisp\u00e4iv\u00e4kirjana\",\"Blogi portfoliona\",\"Et\u00e4ohjauksen menetelm\u00e4t\",\"Facebook-ohjaus\",\"Kauppa ja palvelut\",\"K\u00e4\u00e4nteinen luokkahuone -ajattelu\",\"Ope ja oppilaat materiaalin tuottajina\",\"PLE - henkil\u00f6kohtainen oppimisymp\u00e4rist\u00f6\",\"Ryhm\u00e4blogi ohjauksessa\",\"Sosiaali- ja terveysala\",\"S\u00e4hk\u00f6\",\"Tietoliikenne\",\"Vaatetus\",\"Videot opetuksessa\",\"V\u00e4liraportit\"],\"inLanguage\":\"fi\",\"potentialAction\":[{\"@type\":\"CommentAction\",\"name\":\"Comment\",\"target\":[\"https:\\\/\\\/blogit.gradia.fi\\\/mobiilitohjaajat\\\/mobiilia-ohjausta-ammatillisella\\\/#respond\"]}]},{\"@type\":\"WebPage\",\"@id\":\"https:\\\/\\\/blogit.gradia.fi\\\/mobiilitohjaajat\\\/mobiilia-ohjausta-ammatillisella\\\/\",\"url\":\"https:\\\/\\\/blogit.gradia.fi\\\/mobiilitohjaajat\\\/mobiilia-ohjausta-ammatillisella\\\/\",\"name\":\"Mobiilia ohjausta ammatillisella - Mobiilit ohjaajat\",\"isPartOf\":{\"@id\":\"https:\\\/\\\/blogit.gradia.fi\\\/mobiilitohjaajat\\\/#website\"},\"datePublished\":\"2014-11-17T11:11:26+00:00\",\"author\":{\"@id\":\"https:\\\/\\\/blogit.gradia.fi\\\/mobiilitohjaajat\\\/#\\\/schema\\\/person\\\/dc29d090d6c7ce0ae6dc14792568b9fe\"},\"inLanguage\":\"fi\",\"potentialAction\":[{\"@type\":\"ReadAction\",\"target\":[\"https:\\\/\\\/blogit.gradia.fi\\\/mobiilitohjaajat\\\/mobiilia-ohjausta-ammatillisella\\\/\"]}]},{\"@type\":\"WebSite\",\"@id\":\"https:\\\/\\\/blogit.gradia.fi\\\/mobiilitohjaajat\\\/#website\",\"url\":\"https:\\\/\\\/blogit.gradia.fi\\\/mobiilitohjaajat\\\/\",\"name\":\"Mobiilit ohjaajat\",\"description\":\"Opetushallituksen rahoittaman Mobiilit ohjaajat -hankkeen sivusto\",\"potentialAction\":[{\"@type\":\"SearchAction\",\"target\":{\"@type\":\"EntryPoint\",\"urlTemplate\":\"https:\\\/\\\/blogit.gradia.fi\\\/mobiilitohjaajat\\\/?s={search_term_string}\"},\"query-input\":{\"@type\":\"PropertyValueSpecification\",\"valueRequired\":true,\"valueName\":\"search_term_string\"}}],\"inLanguage\":\"fi\"},{\"@type\":\"Person\",\"@id\":\"https:\\\/\\\/blogit.gradia.fi\\\/mobiilitohjaajat\\\/#\\\/schema\\\/person\\\/dc29d090d6c7ce0ae6dc14792568b9fe\",\"name\":\"Hanna Frilander\",\"image\":{\"@type\":\"ImageObject\",\"inLanguage\":\"fi\",\"@id\":\"https:\\\/\\\/secure.gravatar.com\\\/avatar\\\/c529bc03d9c1b3586a541c9e44b82c099e1a1c4d27b9465882eae9f68a5ca5f8?s=96&d=mm&r=g\",\"url\":\"https:\\\/\\\/secure.gravatar.com\\\/avatar\\\/c529bc03d9c1b3586a541c9e44b82c099e1a1c4d27b9465882eae9f68a5ca5f8?s=96&d=mm&r=g\",\"contentUrl\":\"https:\\\/\\\/secure.gravatar.com\\\/avatar\\\/c529bc03d9c1b3586a541c9e44b82c099e1a1c4d27b9465882eae9f68a5ca5f8?s=96&d=mm&r=g\",\"caption\":\"Hanna Frilander\"},\"url\":\"https:\\\/\\\/blogit.gradia.fi\\\/mobiilitohjaajat\\\/author\\\/frilahan\\\/\"}]}<\/script>\n<!-- \/ Yoast SEO plugin. -->","yoast_head_json":{"title":"Mobiilia ohjausta ammatillisella - Mobiilit ohjaajat","robots":{"index":"index","follow":"follow","max-snippet":"max-snippet:-1","max-image-preview":"max-image-preview:large","max-video-preview":"max-video-preview:-1"},"canonical":"https:\/\/blogit.gradia.fi\/mobiilitohjaajat\/mobiilia-ohjausta-ammatillisella\/","og_locale":"fi_FI","og_type":"article","og_title":"Mobiilia ohjausta ammatillisella - Mobiilit ohjaajat","og_description":"Mobiilit ohjaajat -hankkeen tulosten esittely\u00e4 toiminnallisessa ty\u00f6pajassa Iloa oppimiseen kaikkialla -seminaarissa: N\u00e4k\u00f6kulmia mobiiliin ohjaukseen ammatillisella from iloa_kaikkialla","og_url":"https:\/\/blogit.gradia.fi\/mobiilitohjaajat\/mobiilia-ohjausta-ammatillisella\/","og_site_name":"Mobiilit ohjaajat","article_published_time":"2014-11-17T11:11:26+00:00","author":"Hanna Frilander","twitter_card":"summary_large_image","twitter_misc":{"Kirjoittanut":"Hanna Frilander"},"schema":{"@context":"https:\/\/schema.org","@graph":[{"@type":"Article","@id":"https:\/\/blogit.gradia.fi\/mobiilitohjaajat\/mobiilia-ohjausta-ammatillisella\/#article","isPartOf":{"@id":"https:\/\/blogit.gradia.fi\/mobiilitohjaajat\/mobiilia-ohjausta-ammatillisella\/"},"author":{"name":"Hanna Frilander","@id":"https:\/\/blogit.gradia.fi\/mobiilitohjaajat\/#\/schema\/person\/dc29d090d6c7ce0ae6dc14792568b9fe"},"headline":"Mobiilia ohjausta ammatillisella","datePublished":"2014-11-17T11:11:26+00:00","mainEntityOfPage":{"@id":"https:\/\/blogit.gradia.fi\/mobiilitohjaajat\/mobiilia-ohjausta-ammatillisella\/"},"wordCount":22,"commentCount":0,"keywords":["mobiili ohjaus","mobiilioppiminen"],"articleSection":["Blogi oppimisp\u00e4iv\u00e4kirjana","Blogi portfoliona","Et\u00e4ohjauksen menetelm\u00e4t","Facebook-ohjaus","Kauppa ja palvelut","K\u00e4\u00e4nteinen luokkahuone -ajattelu","Ope ja oppilaat materiaalin tuottajina","PLE - henkil\u00f6kohtainen oppimisymp\u00e4rist\u00f6","Ryhm\u00e4blogi ohjauksessa","Sosiaali- ja terveysala","S\u00e4hk\u00f6","Tietoliikenne","Vaatetus","Videot opetuksessa","V\u00e4liraportit"],"inLanguage":"fi","potentialAction":[{"@type":"CommentAction","name":"Comment","target":["https:\/\/blogit.gradia.fi\/mobiilitohjaajat\/mobiilia-ohjausta-ammatillisella\/#respond"]}]},{"@type":"WebPage","@id":"https:\/\/blogit.gradia.fi\/mobiilitohjaajat\/mobiilia-ohjausta-ammatillisella\/","url":"https:\/\/blogit.gradia.fi\/mobiilitohjaajat\/mobiilia-ohjausta-ammatillisella\/","name":"Mobiilia ohjausta ammatillisella - Mobiilit ohjaajat","isPartOf":{"@id":"https:\/\/blogit.gradia.fi\/mobiilitohjaajat\/#website"},"datePublished":"2014-11-17T11:11:26+00:00","author":{"@id":"https:\/\/blogit.gradia.fi\/mobiilitohjaajat\/#\/schema\/person\/dc29d090d6c7ce0ae6dc14792568b9fe"},"inLanguage":"fi","potentialAction":[{"@type":"ReadAction","target":["https:\/\/blogit.gradia.fi\/mobiilitohjaajat\/mobiilia-ohjausta-ammatillisella\/"]}]},{"@type":"WebSite","@id":"https:\/\/blogit.gradia.fi\/mobiilitohjaajat\/#website","url":"https:\/\/blogit.gradia.fi\/mobiilitohjaajat\/","name":"Mobiilit ohjaajat","description":"Opetushallituksen rahoittaman Mobiilit ohjaajat -hankkeen sivusto","potentialAction":[{"@type":"SearchAction","target":{"@type":"EntryPoint","urlTemplate":"https:\/\/blogit.gradia.fi\/mobiilitohjaajat\/?s={search_term_string}"},"query-input":{"@type":"PropertyValueSpecification","valueRequired":true,"valueName":"search_term_string"}}],"inLanguage":"fi"},{"@type":"Person","@id":"https:\/\/blogit.gradia.fi\/mobiilitohjaajat\/#\/schema\/person\/dc29d090d6c7ce0ae6dc14792568b9fe","name":"Hanna Frilander","image":{"@type":"ImageObject","inLanguage":"fi","@id":"https:\/\/secure.gravatar.com\/avatar\/c529bc03d9c1b3586a541c9e44b82c099e1a1c4d27b9465882eae9f68a5ca5f8?s=96&d=mm&r=g","url":"https:\/\/secure.gravatar.com\/avatar\/c529bc03d9c1b3586a541c9e44b82c099e1a1c4d27b9465882eae9f68a5ca5f8?s=96&d=mm&r=g","contentUrl":"https:\/\/secure.gravatar.com\/avatar\/c529bc03d9c1b3586a541c9e44b82c099e1a1c4d27b9465882eae9f68a5ca5f8?s=96&d=mm&r=g","caption":"Hanna Frilander"},"url":"https:\/\/blogit.gradia.fi\/mobiilitohjaajat\/author\/frilahan\/"}]}},"uagb_featured_image_src":{"full":false,"thumbnail":false,"medium":false,"medium_large":false,"large":false,"1536x1536":false,"2048x2048":false,"post-thumbnail":false},"uagb_author_info":{"display_name":"Hanna Frilander","author_link":"https:\/\/blogit.gradia.fi\/mobiilitohjaajat\/author\/frilahan\/"},"uagb_comment_info":6,"uagb_excerpt":"Mobiilit ohjaajat -hankkeen tulosten esittely\u00e4 toiminnallisessa ty\u00f6pajassa Iloa oppimiseen kaikkialla -seminaarissa: N\u00e4k\u00f6kulmia mobiiliin ohjaukseen ammatillisella from iloa_kaikkialla","_links":{"self":[{"href":"https:\/\/blogit.gradia.fi\/mobiilitohjaajat\/wp-json\/wp\/v2\/posts\/575","targetHints":{"allow":["GET"]}}],"collection":[{"href":"https:\/\/blogit.gradia.fi\/mobiilitohjaajat\/wp-json\/wp\/v2\/posts"}],"about":[{"href":"https:\/\/blogit.gradia.fi\/mobiilitohjaajat\/wp-json\/wp\/v2\/types\/post"}],"author":[{"embeddable":true,"href":"https:\/\/blogit.gradia.fi\/mobiilitohjaajat\/wp-json\/wp\/v2\/users\/161"}],"replies":[{"embeddable":true,"href":"https:\/\/blogit.gradia.fi\/mobiilitohjaajat\/wp-json\/wp\/v2\/comments?post=575"}],"version-history":[{"count":0,"href":"https:\/\/blogit.gradia.fi\/mobiilitohjaajat\/wp-json\/wp\/v2\/posts\/575\/revisions"}],"wp:attachment":[{"href":"https:\/\/blogit.gradia.fi\/mobiilitohjaajat\/wp-json\/wp\/v2\/media?parent=575"}],"wp:term":[{"taxonomy":"category","embeddable":true,"href":"https:\/\/blogit.gradia.fi\/mobiilitohjaajat\/wp-json\/wp\/v2\/categories?post=575"},{"taxonomy":"post_tag","embeddable":true,"href":"https:\/\/blogit.gradia.fi\/mobiilitohjaajat\/wp-json\/wp\/v2\/tags?post=575"}],"curies":[{"name":"wp","href":"https:\/\/api.w.org\/{rel}","templated":true}]}}