{"id":564,"date":"2014-10-07T10:39:50","date_gmt":"2014-10-07T07:39:50","guid":{"rendered":"https:\/\/blogit.gradia.fi\/mobiilitohjaajat\/?p=564"},"modified":"2014-10-07T10:41:48","modified_gmt":"2014-10-07T07:41:48","slug":"opettaja-blogimuotoisen-oppimispaivakirjan-ohjaajana","status":"publish","type":"post","link":"https:\/\/blogit.gradia.fi\/mobiilitohjaajat\/opettaja-blogimuotoisen-oppimispaivakirjan-ohjaajana\/","title":{"rendered":"Opettaja blogimuotoisen oppimisp\u00e4iv\u00e4kirjan ohjaajana"},"content":{"rendered":"<p>Innostuin sosiaalisen media v\u00e4lineist\u00e4 <strong>Verkkooppimisymp\u00e4rist\u00f6jen kehitt\u00e4miskoulutuksessa<\/strong>, jonka aikana tutustuin my\u00f6s blogity\u00f6skentelyyn. Aloitin ensimm\u00e4iset blogikokeilut oppilaitteni kanssa vuonna 2009, jolloin nelj\u00e4 innokasta ilmoittautui testiajoon mukaan. Muutama heist\u00e4 oli kirjoitellut blogia jo aiemmin.<\/p>\n<p>Jyv\u00e4skyl\u00e4n ammattiopiston vaatetusalan <strong>opetussuunnitelmaan<\/strong> on sis\u00e4llytetty yhten\u00e4 oppimisteht\u00e4v\u00e4n\u00e4 portfolion ty\u00f6st\u00e4minen. K\u00e4ynnistysvaiheessa keskusteltiin paremminkin portfolion toteuttamisesta joko digitaaliseesti tai manuaalisesti, ei niink\u00e4\u00e4n blogity\u00f6skentelyst\u00e4. L\u00e4ht\u00f6kohtana oli, ett\u00e4 blogi olisi julkinen.<\/p>\n<p>Annon oppilaille melko vapaat k\u00e4det <strong>blogialustan valintaan<\/strong>. Useimmille heist\u00e4 oli selv\u00e4\u00e4, ett\u00e4 he toteuttaisivat kokonaisuudet joko Bloggeriin tai Weeblyyn, sill\u00e4 oppilailla oli kokemuksia n\u00e4ist\u00e4 molemmista. Alustoja vertailtiin yhdess\u00e4. My\u00f6hemmin k\u00e4ytt\u00f6\u00f6n otettiin my\u00f6s oppilaitoksen tarjoama WordPress-alusta.<\/p>\n<p>Oppilaat saivat suunnitella <strong>blogin visuaalisen ilmeen<\/strong> omien mieltymystens\u00e4 mukaan, mutta kuitenkin niin, ett\u00e4 se kuvaisi jotenkin vaatetusalaa. Visuaalista ilmett\u00e4 on muokattu matkan varrella useampaan kertaan, joten maisema muuttuu matkaa teht\u00e4ess\u00e4. Haasteellisinta blogin luomisessa oli sopivan nimen keksiminen. Nimen pit\u00e4isi olla yksil\u00f6iv\u00e4, mutta silti napakka ja ammattialaan liittyv\u00e4. Vaihtoehtoisia nimiehdotuksia kannattaa mietti\u00e4 jo etuk\u00e4teen, sill\u00e4 esimerkiksi suositummissa blogipalveluissa yleisimm\u00e4t nimet ovat jo varattuja.<\/p>\n<p>Blogin perustamisen j\u00e4lkeen alkoi <strong>sis\u00e4ll\u00f6n tuottaminen<\/strong>. Kovin v\u00e4h\u00e4n oli k\u00e4tt\u00e4 pidemp\u00e4\u00e4 k\u00e4ytett\u00e4viss\u00e4 eik\u00e4 netist\u00e4k\u00e4\u00e4n l\u00f6ytynyt soveltuvaa aineistoa. Loppujen lopuksi valitsin l\u00e4ht\u00f6kohdaksi vaatetuksen toteutussuunnitelman, josta m\u00e4\u00e4ritin ne kokonaisuudet, joista p\u00e4ivitys toteutettaisiin. Selkeit\u00e4 kokonaisuuksia ensimm\u00e4isen opintovuoden aikana olivat pientuote, hame, pusero, puvustusprojekti, korjausompelu ja ty\u00f6ss\u00e4oppiminen.<\/p>\n<p>Blogip\u00e4ivitys integroitiin osaksi tuotteiden palautusaikataulua. Koostin oppilaille kokonaisuudesta seuraavan monisteen:<a href=\"https:\/\/blogit.gradia.fi\/mobiilitohjaajat\/wp-content\/uploads\/sites\/18\/2013\/09\/Nimet\u00f6n.jpg\"><img loading=\"lazy\" decoding=\"async\" class=\"alignnone size-full wp-image-107\" alt=\"Nimet\u00f6n\" src=\"https:\/\/blogit.gradia.fi\/mobiilitohjaajat\/wp-content\/uploads\/sites\/18\/2013\/09\/Nimet\u00f6n.jpg\" width=\"1023\" height=\"660\" \/><\/a><\/p>\n<p><strong>Blogien sis\u00e4lt\u00f6<\/strong> koostuu testist\u00e4 ja kuvista sek\u00e4 diaesityksist\u00e4, joiden toteuttamisen Weebly mahdollisti. Edell\u00e4 mainittujen tuotteiden valmistus kest\u00e4\u00e4 useita viikkoja, joten opiskelijoita piti muistutella eri ty\u00f6vaiheiden valokuvaamisesta, jotta aineistoa olisi riitt\u00e4v\u00e4sti tarjolla blogip\u00e4ivityst\u00e4 varten. Oppilaita oli my\u00f6s opastettava verkkoaineistojen tekij\u00e4noikeuksiin liittyvist\u00e4 seikoista, sill\u00e4 etenkin alussa useilla opiskelijoilla oli taipumus ladata netist\u00e4 my\u00f6s muita kuin itse ottamiaan kuvia, logoja ym. materiaalia.<\/p>\n<p>Teht\u00e4vien edetess\u00e4, mieless\u00e4 alkoi rullata ajatus siit\u00e4, miten blogiohjaus sujahtaisi sujuvaksi osaksi perusarkea. Ohjaus ei saisi viel\u00e4 paljon lis\u00e4aikaa etenk\u00e4\u00e4n silloin, kun ohjattavia on paljon. Nopean mindmappauksen j\u00e4lkeen sain tiivistetty\u00e4 ohjauksesta seuraavaan kuvaan:<\/p>\n<p><a href=\"https:\/\/blogit.gradia.fi\/mobiilitohjaajat\/wp-content\/uploads\/sites\/18\/2014\/10\/ohjaus21.jpg\"><img loading=\"lazy\" decoding=\"async\" class=\"wp-image-562 aligncenter\" style=\"width: 363px\" alt=\"ohjaus2\" src=\"https:\/\/blogit.gradia.fi\/mobiilitohjaajat\/wp-content\/uploads\/sites\/18\/2014\/10\/ohjaus21-300x236.jpg\" width=\"300\" height=\"288\" \/><\/a><\/p>\n<p>&nbsp;<\/p>\n<ul>\n<li>Yksi luonteva ohjaustilanne on tuotteen valmistuminen. Palautteen yhteydess\u00e4\u00a0on n\u00e4pp\u00e4r\u00e4\u00a0vilkaista my\u00f6s blogia oppilaan kanssa.<\/li>\n<li>Toiseksi blogeja voidaan katsoa luokassa aina teeman vaihtuessa, ja nostaa esiin toimivia k\u00e4yt\u00e4nteit\u00e4 ja toteutustapoja. Opiskelija voisi vaikkapa esitell\u00e4 oman p\u00e4ivityksen koko ryhm\u00e4lle.<\/li>\n<li>Kolmanneksi nostaisin esiin vertaisarvioinnin. Oppilaat voisivat tutustua toistensa blogeihin ja kommentoida niit\u00e4 kannustavassa hengess\u00e4 esimerkiksi pareittain.<\/li>\n<li>Nelj\u00e4s ohjaustilanne liittyy blogin palautukseen ensimm\u00e4isen, toisen ja kolmannen opiskeluvuoden lopussa. Silloin on luontevaa antaa palaute koko blogin sis\u00e4ll\u00f6st\u00e4 eli l\u00e4hinn\u00e4 siit\u00e4, miten blogity\u00f6skentely on kehittynyt, ja toisaalta siit\u00e4, miten sis\u00e4lt\u00f6 saataisiin viel\u00e4kin toimivammaksi.<\/li>\n<\/ul>\n<p>Henkil\u00f6kohtaista palautetta annoin l\u00e4hinn\u00e4 tuotteen palautuksen yhteydess\u00e4. Lis\u00e4ksi blogeja katseltiin luokassa, ja oppilaat antoivat palautetta toisilleen. Opiskelija voi my\u00f6s esitell\u00e4 itse postauksensa koko ryhm\u00e4lle. Ohjaus tutuisi luonnistuvan parhaiten niiss\u00e4 tilanteissa, kun annan palautetta muutoinkin oppimisesta ja osaamisesta. Blogeja voidaan katsoa my\u00f6s yhdess\u00e4 aina teeman vaihtuessa, ja nostaa esiin toimivia k\u00e4yt\u00e4nteit\u00e4 ja toteutustapoja. Blogien tarjoamaa kommentointimahdollisuutta ei juuri k\u00e4ytetty, vaikka sekin tarjoaisi yhden vaihtoehdon vertaispalautteen antamiselle.<\/p>\n<p>Vaatetusalan opiskelijat \u201dpalauttavat\u201d blogi ensimm\u00e4isen, toisen ja kolmannen opiskeluvuoden lopussa, jolloin on luontevaa hetki antaa palaute koko blogin sis\u00e4ll\u00f6st\u00e4. Esimerkiksi siit\u00e4, miten blogity\u00f6skentely on kehittynyt, ja toisaalta siit\u00e4, miten sis\u00e4lt\u00f6 saataisiin viel\u00e4kin toimivammaksi. Kaiken tavoitteena on, ett\u00e4 viimeisen vuoden blogi on ammatilliselta sis\u00e4ll\u00f6lt\u00e4\u00e4n kompakti, esittelyvalmis kokonaisuus, jota opiskelija voi hy\u00f6dynt\u00e4\u00e4 jatko-opintoihin hakeutuessaan tai ty\u00f6paikkaa hakiessaan. Osa valmistuneista opiskelijoita on jatkanut blogin ty\u00f6nt\u00e4mist\u00e4 my\u00f6s opintojen j\u00e4lkeen.<\/p>\n<p>Blogi voi my\u00f6s\u00a0integroida opintokokonaisuuksia toisiinsa, ja siten edist\u00e4\u00e4 luontevaa, eri ammattialoja edustavien opettajien ja oppilaiden v\u00e4list\u00e4 yhteisty\u00f6t\u00e4. Jatkavat opiskelijat voivat tutoroida aloittavien ryhmien opiskelijoita blogien luomisessa. Samoin opettajat voivat tutoroida tosiaan.<\/p>\n<p><strong>Eri ammattialojen v\u00e4linen yhteisty\u00f6<\/strong> korostuu erilaisissa projekteissa, teemap\u00e4iviss\u00e4 ja muissa tapahtumissa, joista voidaan tuottaa monialaisia, n\u00e4ytt\u00e4vi\u00e4 p\u00e4ivityksi\u00e4 blogeihin. Opettajat voisivat my\u00f6s valita oman alansa parhaan postauksen kuukausittain ja linkitt\u00e4\u00e4 aineoston esimerkiksi alansa yhteiseen blogiin. Lis\u00e4ksi voitaisiin valita ala- tai osastokohtaisesti esimerkiksi vuoden paras blogi.<\/p>\n<p>Blogity\u00f6skentelyn <strong>yhdist\u00e4minen valinnaisiin opintoihin<\/strong> ja atto-aineisiin laajentaa blogin k\u00e4ytett\u00e4vyytt\u00e4. Esimerkiksi \u00e4idinkielen opinnoissa voitaisiin tarkastella blogin kieliasua, kielten opinnoissa tuottaa vaikkapa henkil\u00f6kohtainen esittely englanniksi ja ruotsiksi, matematiikan opinnoissa pohtia tuotteiden hinnoittelua eri n\u00e4k\u00f6kulmista jne. Blogi taipuu siis moneen.<\/p>\n<p>Sirpa Vauhkala<\/p>\n","protected":false},"excerpt":{"rendered":"<p>Innostuin sosiaalisen media v\u00e4lineist\u00e4 Verkkooppimisymp\u00e4rist\u00f6jen kehitt\u00e4miskoulutuksessa, jonka aikana tutustuin my\u00f6s blogity\u00f6skentelyyn. Aloitin ensimm\u00e4iset blogikokeilut oppilaitteni kanssa vuonna 2009, jolloin nelj\u00e4 innokasta ilmoittautui testiajoon mukaan. Muutama heist\u00e4 oli kirjoitellut blogia jo aiemmin. Jyv\u00e4skyl\u00e4n ammattiopiston vaatetusalan opetussuunnitelmaan on sis\u00e4llytetty yhten\u00e4 oppimisteht\u00e4v\u00e4n\u00e4 portfolion ty\u00f6st\u00e4minen. K\u00e4ynnistysvaiheessa keskusteltiin paremminkin portfolion toteuttamisesta joko digitaaliseesti tai manuaalisesti, ei niink\u00e4\u00e4n blogity\u00f6skentelyst\u00e4. L\u00e4ht\u00f6kohtana oli, &hellip; <a href=\"https:\/\/blogit.gradia.fi\/mobiilitohjaajat\/opettaja-blogimuotoisen-oppimispaivakirjan-ohjaajana\/\" class=\"more-link\">Jatka lukemista <span class=\"screen-reader-text\">Opettaja blogimuotoisen oppimisp\u00e4iv\u00e4kirjan ohjaajana<\/span> <span class=\"meta-nav\">&rarr;<\/span><\/a><\/p>\n","protected":false},"author":166,"featured_media":0,"comment_status":"open","ping_status":"open","sticky":false,"template":"","format":"standard","meta":{"_uag_custom_page_level_css":"","footnotes":""},"categories":[12,13,30,25],"tags":[],"class_list":["post-564","post","type-post","status-publish","format-standard","hentry","category-blogioppimispaivakirjana","category-blogiportfoliona","category-ple","category-vaatetus"],"yoast_head":"<!-- This site is optimized with the Yoast SEO plugin v27.5 - https:\/\/yoast.com\/product\/yoast-seo-wordpress\/ -->\n<title>Opettaja blogimuotoisen oppimisp\u00e4iv\u00e4kirjan ohjaajana - Mobiilit ohjaajat<\/title>\n<meta name=\"robots\" content=\"index, follow, max-snippet:-1, max-image-preview:large, max-video-preview:-1\" \/>\n<link rel=\"canonical\" href=\"https:\/\/blogit.gradia.fi\/mobiilitohjaajat\/opettaja-blogimuotoisen-oppimispaivakirjan-ohjaajana\/\" \/>\n<meta property=\"og:locale\" content=\"fi_FI\" \/>\n<meta property=\"og:type\" content=\"article\" \/>\n<meta property=\"og:title\" content=\"Opettaja blogimuotoisen oppimisp\u00e4iv\u00e4kirjan ohjaajana - Mobiilit ohjaajat\" \/>\n<meta property=\"og:description\" content=\"Innostuin sosiaalisen media v\u00e4lineist\u00e4 Verkkooppimisymp\u00e4rist\u00f6jen kehitt\u00e4miskoulutuksessa, jonka aikana tutustuin my\u00f6s blogity\u00f6skentelyyn. Aloitin ensimm\u00e4iset blogikokeilut oppilaitteni kanssa vuonna 2009, jolloin nelj\u00e4 innokasta ilmoittautui testiajoon mukaan. Muutama heist\u00e4 oli kirjoitellut blogia jo aiemmin. Jyv\u00e4skyl\u00e4n ammattiopiston vaatetusalan opetussuunnitelmaan on sis\u00e4llytetty yhten\u00e4 oppimisteht\u00e4v\u00e4n\u00e4 portfolion ty\u00f6st\u00e4minen. K\u00e4ynnistysvaiheessa keskusteltiin paremminkin portfolion toteuttamisesta joko digitaaliseesti tai manuaalisesti, ei niink\u00e4\u00e4n blogity\u00f6skentelyst\u00e4. L\u00e4ht\u00f6kohtana oli, &hellip; Jatka lukemista Opettaja blogimuotoisen oppimisp\u00e4iv\u00e4kirjan ohjaajana &rarr;\" \/>\n<meta property=\"og:url\" content=\"https:\/\/blogit.gradia.fi\/mobiilitohjaajat\/opettaja-blogimuotoisen-oppimispaivakirjan-ohjaajana\/\" \/>\n<meta property=\"og:site_name\" content=\"Mobiilit ohjaajat\" \/>\n<meta property=\"article:published_time\" content=\"2014-10-07T07:39:50+00:00\" \/>\n<meta property=\"article:modified_time\" content=\"2014-10-07T07:41:48+00:00\" \/>\n<meta property=\"og:image\" content=\"https:\/\/blogit.gradia.fi\/mobiilitohjaajat\/wp-content\/uploads\/sites\/18\/2013\/09\/Nimet\u00f6n.jpg\" \/>\n<meta name=\"author\" content=\"Sirpa Vauhkala\" \/>\n<meta name=\"twitter:card\" content=\"summary_large_image\" \/>\n<meta name=\"twitter:label1\" content=\"Kirjoittanut\" \/>\n\t<meta name=\"twitter:data1\" content=\"Sirpa Vauhkala\" \/>\n\t<meta name=\"twitter:label2\" content=\"Arvioitu lukuaika\" \/>\n\t<meta name=\"twitter:data2\" content=\"4 minuuttia\" \/>\n<script type=\"application\/ld+json\" class=\"yoast-schema-graph\">{\"@context\":\"https:\\\/\\\/schema.org\",\"@graph\":[{\"@type\":\"Article\",\"@id\":\"https:\\\/\\\/blogit.gradia.fi\\\/mobiilitohjaajat\\\/opettaja-blogimuotoisen-oppimispaivakirjan-ohjaajana\\\/#article\",\"isPartOf\":{\"@id\":\"https:\\\/\\\/blogit.gradia.fi\\\/mobiilitohjaajat\\\/opettaja-blogimuotoisen-oppimispaivakirjan-ohjaajana\\\/\"},\"author\":{\"name\":\"Sirpa Vauhkala\",\"@id\":\"https:\\\/\\\/blogit.gradia.fi\\\/mobiilitohjaajat\\\/#\\\/schema\\\/person\\\/af47f873bbb62a6a80c8178d8c589fa8\"},\"headline\":\"Opettaja blogimuotoisen oppimisp\u00e4iv\u00e4kirjan ohjaajana\",\"datePublished\":\"2014-10-07T07:39:50+00:00\",\"dateModified\":\"2014-10-07T07:41:48+00:00\",\"mainEntityOfPage\":{\"@id\":\"https:\\\/\\\/blogit.gradia.fi\\\/mobiilitohjaajat\\\/opettaja-blogimuotoisen-oppimispaivakirjan-ohjaajana\\\/\"},\"wordCount\":757,\"commentCount\":0,\"image\":{\"@id\":\"https:\\\/\\\/blogit.gradia.fi\\\/mobiilitohjaajat\\\/opettaja-blogimuotoisen-oppimispaivakirjan-ohjaajana\\\/#primaryimage\"},\"thumbnailUrl\":\"https:\\\/\\\/blogit.gradia.fi\\\/mobiilitohjaajat\\\/wp-content\\\/uploads\\\/sites\\\/18\\\/2014\\\/10\\\/ohjaus21-300x236.jpg\",\"articleSection\":[\"Blogi oppimisp\u00e4iv\u00e4kirjana\",\"Blogi portfoliona\",\"PLE - henkil\u00f6kohtainen oppimisymp\u00e4rist\u00f6\",\"Vaatetus\"],\"inLanguage\":\"fi\",\"potentialAction\":[{\"@type\":\"CommentAction\",\"name\":\"Comment\",\"target\":[\"https:\\\/\\\/blogit.gradia.fi\\\/mobiilitohjaajat\\\/opettaja-blogimuotoisen-oppimispaivakirjan-ohjaajana\\\/#respond\"]}]},{\"@type\":\"WebPage\",\"@id\":\"https:\\\/\\\/blogit.gradia.fi\\\/mobiilitohjaajat\\\/opettaja-blogimuotoisen-oppimispaivakirjan-ohjaajana\\\/\",\"url\":\"https:\\\/\\\/blogit.gradia.fi\\\/mobiilitohjaajat\\\/opettaja-blogimuotoisen-oppimispaivakirjan-ohjaajana\\\/\",\"name\":\"Opettaja blogimuotoisen oppimisp\u00e4iv\u00e4kirjan ohjaajana - Mobiilit ohjaajat\",\"isPartOf\":{\"@id\":\"https:\\\/\\\/blogit.gradia.fi\\\/mobiilitohjaajat\\\/#website\"},\"primaryImageOfPage\":{\"@id\":\"https:\\\/\\\/blogit.gradia.fi\\\/mobiilitohjaajat\\\/opettaja-blogimuotoisen-oppimispaivakirjan-ohjaajana\\\/#primaryimage\"},\"image\":{\"@id\":\"https:\\\/\\\/blogit.gradia.fi\\\/mobiilitohjaajat\\\/opettaja-blogimuotoisen-oppimispaivakirjan-ohjaajana\\\/#primaryimage\"},\"thumbnailUrl\":\"https:\\\/\\\/blogit.gradia.fi\\\/mobiilitohjaajat\\\/wp-content\\\/uploads\\\/sites\\\/18\\\/2014\\\/10\\\/ohjaus21-300x236.jpg\",\"datePublished\":\"2014-10-07T07:39:50+00:00\",\"dateModified\":\"2014-10-07T07:41:48+00:00\",\"author\":{\"@id\":\"https:\\\/\\\/blogit.gradia.fi\\\/mobiilitohjaajat\\\/#\\\/schema\\\/person\\\/af47f873bbb62a6a80c8178d8c589fa8\"},\"inLanguage\":\"fi\",\"potentialAction\":[{\"@type\":\"ReadAction\",\"target\":[\"https:\\\/\\\/blogit.gradia.fi\\\/mobiilitohjaajat\\\/opettaja-blogimuotoisen-oppimispaivakirjan-ohjaajana\\\/\"]}]},{\"@type\":\"ImageObject\",\"inLanguage\":\"fi\",\"@id\":\"https:\\\/\\\/blogit.gradia.fi\\\/mobiilitohjaajat\\\/opettaja-blogimuotoisen-oppimispaivakirjan-ohjaajana\\\/#primaryimage\",\"url\":\"https:\\\/\\\/blogit.gradia.fi\\\/mobiilitohjaajat\\\/wp-content\\\/uploads\\\/sites\\\/18\\\/2014\\\/10\\\/ohjaus21.jpg\",\"contentUrl\":\"https:\\\/\\\/blogit.gradia.fi\\\/mobiilitohjaajat\\\/wp-content\\\/uploads\\\/sites\\\/18\\\/2014\\\/10\\\/ohjaus21.jpg\",\"width\":732,\"height\":578},{\"@type\":\"WebSite\",\"@id\":\"https:\\\/\\\/blogit.gradia.fi\\\/mobiilitohjaajat\\\/#website\",\"url\":\"https:\\\/\\\/blogit.gradia.fi\\\/mobiilitohjaajat\\\/\",\"name\":\"Mobiilit ohjaajat\",\"description\":\"Opetushallituksen rahoittaman Mobiilit ohjaajat -hankkeen sivusto\",\"potentialAction\":[{\"@type\":\"SearchAction\",\"target\":{\"@type\":\"EntryPoint\",\"urlTemplate\":\"https:\\\/\\\/blogit.gradia.fi\\\/mobiilitohjaajat\\\/?s={search_term_string}\"},\"query-input\":{\"@type\":\"PropertyValueSpecification\",\"valueRequired\":true,\"valueName\":\"search_term_string\"}}],\"inLanguage\":\"fi\"},{\"@type\":\"Person\",\"@id\":\"https:\\\/\\\/blogit.gradia.fi\\\/mobiilitohjaajat\\\/#\\\/schema\\\/person\\\/af47f873bbb62a6a80c8178d8c589fa8\",\"name\":\"Sirpa Vauhkala\",\"image\":{\"@type\":\"ImageObject\",\"inLanguage\":\"fi\",\"@id\":\"https:\\\/\\\/secure.gravatar.com\\\/avatar\\\/dc07e6ef6ce853424587fd89ca0e92f890818c11be4a7c8db1cebecdd9fbb85e?s=96&d=mm&r=g\",\"url\":\"https:\\\/\\\/secure.gravatar.com\\\/avatar\\\/dc07e6ef6ce853424587fd89ca0e92f890818c11be4a7c8db1cebecdd9fbb85e?s=96&d=mm&r=g\",\"contentUrl\":\"https:\\\/\\\/secure.gravatar.com\\\/avatar\\\/dc07e6ef6ce853424587fd89ca0e92f890818c11be4a7c8db1cebecdd9fbb85e?s=96&d=mm&r=g\",\"caption\":\"Sirpa Vauhkala\"},\"url\":\"https:\\\/\\\/blogit.gradia.fi\\\/mobiilitohjaajat\\\/author\\\/vauhksir\\\/\"}]}<\/script>\n<!-- \/ Yoast SEO plugin. -->","yoast_head_json":{"title":"Opettaja blogimuotoisen oppimisp\u00e4iv\u00e4kirjan ohjaajana - Mobiilit ohjaajat","robots":{"index":"index","follow":"follow","max-snippet":"max-snippet:-1","max-image-preview":"max-image-preview:large","max-video-preview":"max-video-preview:-1"},"canonical":"https:\/\/blogit.gradia.fi\/mobiilitohjaajat\/opettaja-blogimuotoisen-oppimispaivakirjan-ohjaajana\/","og_locale":"fi_FI","og_type":"article","og_title":"Opettaja blogimuotoisen oppimisp\u00e4iv\u00e4kirjan ohjaajana - Mobiilit ohjaajat","og_description":"Innostuin sosiaalisen media v\u00e4lineist\u00e4 Verkkooppimisymp\u00e4rist\u00f6jen kehitt\u00e4miskoulutuksessa, jonka aikana tutustuin my\u00f6s blogity\u00f6skentelyyn. Aloitin ensimm\u00e4iset blogikokeilut oppilaitteni kanssa vuonna 2009, jolloin nelj\u00e4 innokasta ilmoittautui testiajoon mukaan. Muutama heist\u00e4 oli kirjoitellut blogia jo aiemmin. Jyv\u00e4skyl\u00e4n ammattiopiston vaatetusalan opetussuunnitelmaan on sis\u00e4llytetty yhten\u00e4 oppimisteht\u00e4v\u00e4n\u00e4 portfolion ty\u00f6st\u00e4minen. K\u00e4ynnistysvaiheessa keskusteltiin paremminkin portfolion toteuttamisesta joko digitaaliseesti tai manuaalisesti, ei niink\u00e4\u00e4n blogity\u00f6skentelyst\u00e4. L\u00e4ht\u00f6kohtana oli, &hellip; Jatka lukemista Opettaja blogimuotoisen oppimisp\u00e4iv\u00e4kirjan ohjaajana &rarr;","og_url":"https:\/\/blogit.gradia.fi\/mobiilitohjaajat\/opettaja-blogimuotoisen-oppimispaivakirjan-ohjaajana\/","og_site_name":"Mobiilit ohjaajat","article_published_time":"2014-10-07T07:39:50+00:00","article_modified_time":"2014-10-07T07:41:48+00:00","og_image":[{"url":"https:\/\/blogit.gradia.fi\/mobiilitohjaajat\/wp-content\/uploads\/sites\/18\/2013\/09\/Nimet\u00f6n.jpg","type":"","width":"","height":""}],"author":"Sirpa Vauhkala","twitter_card":"summary_large_image","twitter_misc":{"Kirjoittanut":"Sirpa Vauhkala","Arvioitu lukuaika":"4 minuuttia"},"schema":{"@context":"https:\/\/schema.org","@graph":[{"@type":"Article","@id":"https:\/\/blogit.gradia.fi\/mobiilitohjaajat\/opettaja-blogimuotoisen-oppimispaivakirjan-ohjaajana\/#article","isPartOf":{"@id":"https:\/\/blogit.gradia.fi\/mobiilitohjaajat\/opettaja-blogimuotoisen-oppimispaivakirjan-ohjaajana\/"},"author":{"name":"Sirpa Vauhkala","@id":"https:\/\/blogit.gradia.fi\/mobiilitohjaajat\/#\/schema\/person\/af47f873bbb62a6a80c8178d8c589fa8"},"headline":"Opettaja blogimuotoisen oppimisp\u00e4iv\u00e4kirjan ohjaajana","datePublished":"2014-10-07T07:39:50+00:00","dateModified":"2014-10-07T07:41:48+00:00","mainEntityOfPage":{"@id":"https:\/\/blogit.gradia.fi\/mobiilitohjaajat\/opettaja-blogimuotoisen-oppimispaivakirjan-ohjaajana\/"},"wordCount":757,"commentCount":0,"image":{"@id":"https:\/\/blogit.gradia.fi\/mobiilitohjaajat\/opettaja-blogimuotoisen-oppimispaivakirjan-ohjaajana\/#primaryimage"},"thumbnailUrl":"https:\/\/blogit.gradia.fi\/mobiilitohjaajat\/wp-content\/uploads\/sites\/18\/2014\/10\/ohjaus21-300x236.jpg","articleSection":["Blogi oppimisp\u00e4iv\u00e4kirjana","Blogi portfoliona","PLE - henkil\u00f6kohtainen oppimisymp\u00e4rist\u00f6","Vaatetus"],"inLanguage":"fi","potentialAction":[{"@type":"CommentAction","name":"Comment","target":["https:\/\/blogit.gradia.fi\/mobiilitohjaajat\/opettaja-blogimuotoisen-oppimispaivakirjan-ohjaajana\/#respond"]}]},{"@type":"WebPage","@id":"https:\/\/blogit.gradia.fi\/mobiilitohjaajat\/opettaja-blogimuotoisen-oppimispaivakirjan-ohjaajana\/","url":"https:\/\/blogit.gradia.fi\/mobiilitohjaajat\/opettaja-blogimuotoisen-oppimispaivakirjan-ohjaajana\/","name":"Opettaja blogimuotoisen oppimisp\u00e4iv\u00e4kirjan ohjaajana - Mobiilit ohjaajat","isPartOf":{"@id":"https:\/\/blogit.gradia.fi\/mobiilitohjaajat\/#website"},"primaryImageOfPage":{"@id":"https:\/\/blogit.gradia.fi\/mobiilitohjaajat\/opettaja-blogimuotoisen-oppimispaivakirjan-ohjaajana\/#primaryimage"},"image":{"@id":"https:\/\/blogit.gradia.fi\/mobiilitohjaajat\/opettaja-blogimuotoisen-oppimispaivakirjan-ohjaajana\/#primaryimage"},"thumbnailUrl":"https:\/\/blogit.gradia.fi\/mobiilitohjaajat\/wp-content\/uploads\/sites\/18\/2014\/10\/ohjaus21-300x236.jpg","datePublished":"2014-10-07T07:39:50+00:00","dateModified":"2014-10-07T07:41:48+00:00","author":{"@id":"https:\/\/blogit.gradia.fi\/mobiilitohjaajat\/#\/schema\/person\/af47f873bbb62a6a80c8178d8c589fa8"},"inLanguage":"fi","potentialAction":[{"@type":"ReadAction","target":["https:\/\/blogit.gradia.fi\/mobiilitohjaajat\/opettaja-blogimuotoisen-oppimispaivakirjan-ohjaajana\/"]}]},{"@type":"ImageObject","inLanguage":"fi","@id":"https:\/\/blogit.gradia.fi\/mobiilitohjaajat\/opettaja-blogimuotoisen-oppimispaivakirjan-ohjaajana\/#primaryimage","url":"https:\/\/blogit.gradia.fi\/mobiilitohjaajat\/wp-content\/uploads\/sites\/18\/2014\/10\/ohjaus21.jpg","contentUrl":"https:\/\/blogit.gradia.fi\/mobiilitohjaajat\/wp-content\/uploads\/sites\/18\/2014\/10\/ohjaus21.jpg","width":732,"height":578},{"@type":"WebSite","@id":"https:\/\/blogit.gradia.fi\/mobiilitohjaajat\/#website","url":"https:\/\/blogit.gradia.fi\/mobiilitohjaajat\/","name":"Mobiilit ohjaajat","description":"Opetushallituksen rahoittaman Mobiilit ohjaajat -hankkeen sivusto","potentialAction":[{"@type":"SearchAction","target":{"@type":"EntryPoint","urlTemplate":"https:\/\/blogit.gradia.fi\/mobiilitohjaajat\/?s={search_term_string}"},"query-input":{"@type":"PropertyValueSpecification","valueRequired":true,"valueName":"search_term_string"}}],"inLanguage":"fi"},{"@type":"Person","@id":"https:\/\/blogit.gradia.fi\/mobiilitohjaajat\/#\/schema\/person\/af47f873bbb62a6a80c8178d8c589fa8","name":"Sirpa Vauhkala","image":{"@type":"ImageObject","inLanguage":"fi","@id":"https:\/\/secure.gravatar.com\/avatar\/dc07e6ef6ce853424587fd89ca0e92f890818c11be4a7c8db1cebecdd9fbb85e?s=96&d=mm&r=g","url":"https:\/\/secure.gravatar.com\/avatar\/dc07e6ef6ce853424587fd89ca0e92f890818c11be4a7c8db1cebecdd9fbb85e?s=96&d=mm&r=g","contentUrl":"https:\/\/secure.gravatar.com\/avatar\/dc07e6ef6ce853424587fd89ca0e92f890818c11be4a7c8db1cebecdd9fbb85e?s=96&d=mm&r=g","caption":"Sirpa Vauhkala"},"url":"https:\/\/blogit.gradia.fi\/mobiilitohjaajat\/author\/vauhksir\/"}]}},"uagb_featured_image_src":{"full":false,"thumbnail":false,"medium":false,"medium_large":false,"large":false,"1536x1536":false,"2048x2048":false,"post-thumbnail":false},"uagb_author_info":{"display_name":"Sirpa Vauhkala","author_link":"https:\/\/blogit.gradia.fi\/mobiilitohjaajat\/author\/vauhksir\/"},"uagb_comment_info":30,"uagb_excerpt":"Innostuin sosiaalisen media v\u00e4lineist\u00e4 Verkkooppimisymp\u00e4rist\u00f6jen kehitt\u00e4miskoulutuksessa, jonka aikana tutustuin my\u00f6s blogity\u00f6skentelyyn. Aloitin ensimm\u00e4iset blogikokeilut oppilaitteni kanssa vuonna 2009, jolloin nelj\u00e4 innokasta ilmoittautui testiajoon mukaan. Muutama heist\u00e4 oli kirjoitellut blogia jo aiemmin. Jyv\u00e4skyl\u00e4n ammattiopiston vaatetusalan opetussuunnitelmaan on sis\u00e4llytetty yhten\u00e4 oppimisteht\u00e4v\u00e4n\u00e4 portfolion ty\u00f6st\u00e4minen. K\u00e4ynnistysvaiheessa keskusteltiin paremminkin portfolion toteuttamisesta joko digitaaliseesti tai manuaalisesti, ei niink\u00e4\u00e4n blogity\u00f6skentelyst\u00e4. L\u00e4ht\u00f6kohtana oli,&hellip;","_links":{"self":[{"href":"https:\/\/blogit.gradia.fi\/mobiilitohjaajat\/wp-json\/wp\/v2\/posts\/564","targetHints":{"allow":["GET"]}}],"collection":[{"href":"https:\/\/blogit.gradia.fi\/mobiilitohjaajat\/wp-json\/wp\/v2\/posts"}],"about":[{"href":"https:\/\/blogit.gradia.fi\/mobiilitohjaajat\/wp-json\/wp\/v2\/types\/post"}],"author":[{"embeddable":true,"href":"https:\/\/blogit.gradia.fi\/mobiilitohjaajat\/wp-json\/wp\/v2\/users\/166"}],"replies":[{"embeddable":true,"href":"https:\/\/blogit.gradia.fi\/mobiilitohjaajat\/wp-json\/wp\/v2\/comments?post=564"}],"version-history":[{"count":0,"href":"https:\/\/blogit.gradia.fi\/mobiilitohjaajat\/wp-json\/wp\/v2\/posts\/564\/revisions"}],"wp:attachment":[{"href":"https:\/\/blogit.gradia.fi\/mobiilitohjaajat\/wp-json\/wp\/v2\/media?parent=564"}],"wp:term":[{"taxonomy":"category","embeddable":true,"href":"https:\/\/blogit.gradia.fi\/mobiilitohjaajat\/wp-json\/wp\/v2\/categories?post=564"},{"taxonomy":"post_tag","embeddable":true,"href":"https:\/\/blogit.gradia.fi\/mobiilitohjaajat\/wp-json\/wp\/v2\/tags?post=564"}],"curies":[{"name":"wp","href":"https:\/\/api.w.org\/{rel}","templated":true}]}}