{"id":535,"date":"2014-06-04T12:11:51","date_gmt":"2014-06-04T09:11:51","guid":{"rendered":"https:\/\/blogit.gradia.fi\/mobiilitohjaajat\/?p=535"},"modified":"2014-06-04T15:16:23","modified_gmt":"2014-06-04T12:16:23","slug":"jamsa-goes-mobile","status":"publish","type":"post","link":"https:\/\/blogit.gradia.fi\/mobiilitohjaajat\/jamsa-goes-mobile\/","title":{"rendered":"J\u00e4ms\u00e4 Goes Mobile"},"content":{"rendered":"<p>Olen t\u00e4m\u00e4n lukuvuoden toiminut J\u00e4ms\u00e4n ammattiopiston liiketalouden aikuisopiskelijoiden vastuukouluttajana. Olen heid\u00e4n ja tutkintovastaavamme kanssa yhteisty\u00f6ss\u00e4 l\u00e4htenyt kehitt\u00e4m\u00e4\u00e4n ohjausmenetelmi\u00e4mme mobiilimpaan suuntaan.<\/p>\n<h2><strong>ConnectPro ohjauksessa<\/strong><\/h2>\n<p>Aloitimme kokeilemalla ConnectProta pienryhm\u00e4ohjauksessa. T\u00e4st\u00e4 olenkin raportoinut t\u00e4nne jo aiemmin (Vihdoinkin verkossa 23.3.2014). Jatkoin ConnectPron k\u00e4ytt\u00f6\u00e4\u00a0henkil\u00f6kohtaistamiseen. \u00a0Kaksi opiskelijaa kirjautui ty\u00f6paikaltaan (he ovat\u00a0palkkaty\u00f6ss\u00e4 samassa ty\u00f6paikassa)\u00a0kokoushuoneeseeni, johon\u00a0olin ladannut valmiiksi henkil\u00f6kohtaistamislomakkeen ja eri tutkinnonosien arviointiomakkeet. Opiskelijat olivat saaneet ohjeet ensin itsen\u00e4isesti tai yhdess\u00e4\u00a0valita heille sopivia tutkinnonosia ja mietti\u00e4 jo olemassa olevaa osaamistaan. Opiskelijat olivatkin tehneet hyv\u00e4\u00e4 ty\u00f6t\u00e4, joten sessio meni mukavasti alkuhankaluuksien j\u00e4lkeen (kiitos Keijolle tuesta). Keskustellessamme tein muistiinpanoja podiin ja session j\u00e4lkeen jaoin muistiinpanoni tutkintovastaavan kanssa viem\u00e4ll\u00e4 ne suoraan podista s\u00e4hk\u00f6postiviestiin. Notes-podin voi tallentaa my\u00f6s .rtf-muotoon, jos haluaa s\u00e4ilytt\u00e4\u00e4 sen &#8221;pysyv\u00e4mmin&#8221;. Opiskelijat t\u00e4yttiv\u00e4t henkil\u00f6kohtaistamislomakkeensa loppuun sovitun mukaisesti ja toimittivat ne allekirjoitettuina minulle postitse.<\/p>\n<p>Viimeisell\u00e4 l\u00e4hiviikolla meill\u00e4 oli kaikille yhteinen ryhm\u00e4ohjaus, johon kaikki luonnollisestikaan eiv\u00e4t osallistuneet. Kutsuin poissaolleet kirjautumaan kokoushuoneeseeni sovittuna aikana. Kolme opiskelijaa vastasi kutsuuni. Keskustelimme menneest\u00e4 lukuvuodesta sek\u00e4 kes\u00e4n ja syksyn suunnitelmista noin puolen tuntia. Kaikkien kanssa yhteydet pelasivat hyvin. Kenell\u00e4k\u00e4\u00e4n opiskelijoista ei ollut kuulokemikrofonia ja yhdell\u00e4 heist\u00e4 \u00e4\u00e4ni l\u00e4hti pahasti kiert\u00e4m\u00e4\u00e4n, mutta laitoin h\u00e4nen mikrofoninsa kiinni aina, kun h\u00e4n ei puhunut ja yritin siten minimoidan ongelman.<\/p>\n<p>Video-ohjauksen ehdoton hyv\u00e4 puoli on, ett\u00e4 aika tulee k\u00e4ytetyksi tosi tehokkaasti. Videon v\u00e4lityksell\u00e4 keskustelu ei l\u00e4hde r\u00f6nsyilem\u00e4\u00e4n, vaan pysyt\u00e4\u00e4n tiukasti asiassa. K\u00e4sitelt\u00e4vien dokumenttien lataaminen kokoushuoneeseen on my\u00f6s oiva apu asiassa pysymiseen. Muistiinpanojen kirjoittaminen niin, ett\u00e4 ne n\u00e4kyv\u00e4t kaikille osallistujille auttaa my\u00f6s seuraamaan tapahtumien kulkua, vaikka \u00e4\u00e4niyhteys on huono tai \u00e4\u00e4ni kiert\u00e4\u00e4.\u00a0Mahdollisuus jakaa ne suoraan ConnectProsta s\u00e4\u00e4st\u00e4\u00e4 aikaa, kun ei tarvitse kirjoittaa samoja asioita uudelleen s\u00e4hk\u00f6postiin tai kirjoittaa k\u00e4sin kirjoitettuja muistiinpanoja erikseen puhtaaksi. Opiskelijat antoivat\u00a0my\u00f6nteist\u00e4 palautetta t\u00e4st\u00e4 &#8221;tapaamismahdollisuudesta&#8221;, me kaikki olimme videoyhteydess\u00e4 kotoa k\u00e4sin, minunkaan ei siis tarvinnut menn\u00e4 ty\u00f6paikalle (ty\u00f6matka 60 km yhteen suuntaan)\u00a0tapaamaan opiskelijoita.<\/p>\n<h2>Blogi ohjauksen ja vertaistuen v\u00e4lineen\u00e4<\/h2>\n<p>Osana omaa Ope.fi II -koulutustani aloitin aikuisopiskelijoiden kanssa blogin <a href=\"https:\/\/blogit.gradia.fi\/aikuistenoikeesti\/\">https:\/\/blogit.gradia.fi\/aikuistenoikeesti\/<\/a>. Tarkoitukseni on ollut rohkaista aikuisopiskelijoita &#8221;tuulettamaan&#8221; tuntemuksiaan ja ajatuksiaan aikuisopiskelusta yhteisell\u00e4 foorumilla. Blogi on l\u00e4htenyt k\u00e4yntiin ihan mukavasti vaikkakaan spontaania kirjoittelua siell\u00e4 ei viel\u00e4 juuri ole n\u00e4hty. Suurin osa kirjoituksista on syntynyt pyynn\u00f6st\u00e4 ja annetusta aiheesta. Opiskelijat pit\u00e4v\u00e4t yhteytt\u00e4 toisiinsa Facebookin v\u00e4lityksell\u00e4 ja koska blogi ei ollut k\u00e4ytett\u00e4viss\u00e4 heti opintojen alusta, Facebook\u00a0otti paikan opiskelijoiden \u00a0&#8221;tuuletusventtiilin\u00e4&#8221;. Julkinen kirjoittaminen ei kaikille tule luonnostaan ja blogia viel\u00e4 arastellaan, kukaan opiskelijoista ei ole ainakaan tunnustanut pit\u00e4v\u00e4ns\u00e4 henkil\u00f6kohtaista blogia. Jatkan kuitenkin blogikokeilua syksyll\u00e4 sitke\u00e4sti ja toivon mukaan sinne kertyy viel\u00e4 spontaanistikin aiheeseen liittyvi\u00e4 kirjoituksia.<\/p>\n<h2>Optima<\/h2>\n<p>Optima toimii meill\u00e4 kaiken materiaalin tallennuspaikkana. Sinne on talletettu kaikki lomakkeet, ohjeet ja valmistavan koulutuksen materiaalit. Opiskelijoilla on siell\u00e4 omat henkil\u00f6kohtaiset kansiot, jonne he tallettavat esim. tutkinnon suorittamissuunnitelmansa. Siell\u00e4 se on tutkintovastaavan ja opettaja-arvioijan n\u00e4ht\u00e4viss\u00e4 (toivottavast) hyviss\u00e4 ajoin ennen tutkintotilaisuutta. Sinne opiskelijat kokoavat my\u00f6s mahdollisia tutkintotilaisuuksia t\u00e4ydent\u00e4vi\u00e4 dokumentteja, valmistavan koulutuksen oppimisteht\u00e4vien luonnoksia jne. Opiskelijat k\u00e4ytt\u00e4v\u00e4t Optimaa hyvin tottuneesti ja ovat oppineet etsim\u00e4\u00e4n kysymyksiins\u00e4 vastauksia ensin sielt\u00e4.<\/p>\n<p>My\u00f6s opettajilla on sek\u00e4 omia ett\u00e4 yhteisi\u00e4 kansioita samassa ty\u00f6tilassa. Yhteisess\u00e4 kansiossa sijaitsee kaikkein hy\u00f6dyllisemm\u00e4ksi osoittautunut yhteinen dokumenttimme, taulukko tutkinnon suorittajien valitsemista tutkinnonosista. Siihen min\u00e4 merkitsen valitut tutkinnonosat ja tutkintovastaava t\u00e4ydent\u00e4\u00e4 sit\u00e4 sovituilla tutkinotilaisuuksien p\u00e4iv\u00e4m\u00e4\u00e4rill\u00e4. Pysymme molemmat ajan tasalla.<\/p>\n<h2>Neuvottelupuhelut ja Skype<\/h2>\n<p>Olen k\u00e4ytt\u00e4nyt neuvottelupuhelua ja Skype\u00e4 ty\u00f6ss\u00e4ni kansainv\u00e4lisyysyhteysopettajana. Samaan aikaan samaan paikkaan l\u00e4hd\u00f6ss\u00e4 olevia opiskelijoita olen ohjannut ja tehnyt viime hetken tarkistuksia neuvottelupuhelun avulla. T\u00e4ss\u00e4 ei siis ollut n\u00e4k\u00f6yhteytt\u00e4, mutta menetelm\u00e4 on siit\u00e4 huolimatta varsin toimiva. Huonompi juttu vaan on, ett\u00e4 jouduin t\u00e4h\u00e4n k\u00e4ytt\u00e4m\u00e4\u00e4n omaa puhelintani, sill\u00e4 perusty\u00f6puhelimellani t\u00e4m\u00e4 ei onnistu.<\/p>\n<p>Samoin vaihdossa olevan opiskelijan ohjaukseen olen k\u00e4ytt\u00e4nyt Skype\u00e4. T\u00e4t\u00e4 tein yleens\u00e4 iltaisin kotisohvalta ja omalla puhelimellani. Laitoin puhelimestani datayhteyden p\u00e4\u00e4lle illalla telkkaria katsoessani, ja jos opiskelijalla sattui olemaan asiaa tai kysymyksi\u00e4, Skype-viesti kilahti luuriin. Monena iltana ch\u00e4tt\u00e4ilin opiskelijan kanssa joko puhelimellani tai tabletilla. Kuvayhteytt\u00e4 emme k\u00e4ytt\u00e4neet. Vaikka jouduin t\u00e4h\u00e4n &#8221;uhraamaan&#8221; osan v\u00e4h\u00e4ist\u00e4 vapaa-aikaani, tiesin ainakin opiskelijalla olevan kaikki hyvin.<\/p>\n<h2>Wilma &#8211; ehdoton ykk\u00f6nen<\/h2>\n<p>Kaikkien kokeilujen aikana ja niiden j\u00e4lkeen ehdoton ykk\u00f6nen on kuitenkin Wilma. Wilman pikaviestej\u00e4 tulee minulle jatkuvasti. Siis ihan koko ajan, y\u00f6t\u00e4 p\u00e4iv\u00e4\u00e4. Sek\u00e4 nuoriso- ett\u00e4 aikuisopiskelijoilta ja nuorison huoltajilta. Jos kirjaisin yl\u00f6s Wilma-viestien lukemiseen ja niihin vastaamiseen k\u00e4ytt\u00e4m\u00e4ni ajan, se olisi varmaan useampia tunteja viikossa.<\/p>\n<p>Aikuisopiskelijatkin ovat ottaneet Wilman p\u00e4\u00e4asialliseksi viestint\u00e4v\u00e4lineekseen minun kanssani. Wilman kautta minut saa kiinni joka v\u00e4litunti ja vastaan viesteihin toisinaan my\u00f6s iltaisin, kun vaikka suunnittelen oppitunteja koneen \u00e4\u00e4ress\u00e4. Ja t\u00e4st\u00e4 p\u00e4\u00e4st\u00e4\u00e4n et\u00e4ohjauksen k\u00e4\u00e4nt\u00f6puoleen: Opiskelijat odottavat pikaviesteihin my\u00f6s pikaisia vastauksia, toisinaan tuntuu, ett\u00e4 jopa ihan reaaliajassa. Siis kun viestint\u00e4 ei ole sidoksissa paikkaan, my\u00f6s sen sidonnaisuus (virka-)aikaan h\u00e4m\u00e4rtyy, sek\u00e4 minulla ett\u00e4 opiskelijoilla. Wilman avulla toki selvi\u00e4v\u00e4t sek\u00e4 isot ett\u00e4 pienet asiat, yksi kerrallaan tai kaikki yhdell\u00e4 kertaa. Mutta aikaa se vie.<\/p>\n","protected":false},"excerpt":{"rendered":"<p>Olen t\u00e4m\u00e4n lukuvuoden toiminut J\u00e4ms\u00e4n ammattiopiston liiketalouden aikuisopiskelijoiden vastuukouluttajana. Olen heid\u00e4n ja tutkintovastaavamme kanssa yhteisty\u00f6ss\u00e4 l\u00e4htenyt kehitt\u00e4m\u00e4\u00e4n ohjausmenetelmi\u00e4mme mobiilimpaan suuntaan. ConnectPro ohjauksessa Aloitimme kokeilemalla ConnectProta pienryhm\u00e4ohjauksessa. T\u00e4st\u00e4 olenkin raportoinut t\u00e4nne jo aiemmin (Vihdoinkin verkossa 23.3.2014). Jatkoin ConnectPron k\u00e4ytt\u00f6\u00e4\u00a0henkil\u00f6kohtaistamiseen. \u00a0Kaksi opiskelijaa kirjautui ty\u00f6paikaltaan (he ovat\u00a0palkkaty\u00f6ss\u00e4 samassa ty\u00f6paikassa)\u00a0kokoushuoneeseeni, johon\u00a0olin ladannut valmiiksi henkil\u00f6kohtaistamislomakkeen ja eri tutkinnonosien arviointiomakkeet. Opiskelijat &hellip; <a href=\"https:\/\/blogit.gradia.fi\/mobiilitohjaajat\/jamsa-goes-mobile\/\" class=\"more-link\">Jatka lukemista <span class=\"screen-reader-text\">J\u00e4ms\u00e4 Goes Mobile<\/span> <span class=\"meta-nav\">&rarr;<\/span><\/a><\/p>\n","protected":false},"author":162,"featured_media":0,"comment_status":"open","ping_status":"open","sticky":false,"template":"","format":"standard","meta":{"_uag_custom_page_level_css":"","footnotes":""},"categories":[19],"tags":[68,38,22],"class_list":["post-535","post","type-post","status-publish","format-standard","hentry","category-etaohjaus","tag-blogi-ohjauksen-valineena","tag-connect-pro","tag-etaohjaus-2"],"yoast_head":"<!-- This site is optimized with the Yoast SEO plugin v27.5 - https:\/\/yoast.com\/product\/yoast-seo-wordpress\/ -->\n<title>J\u00e4ms\u00e4 Goes Mobile - Mobiilit ohjaajat<\/title>\n<meta name=\"robots\" content=\"index, follow, max-snippet:-1, max-image-preview:large, max-video-preview:-1\" \/>\n<link rel=\"canonical\" href=\"https:\/\/blogit.gradia.fi\/mobiilitohjaajat\/jamsa-goes-mobile\/\" \/>\n<meta property=\"og:locale\" content=\"fi_FI\" \/>\n<meta property=\"og:type\" content=\"article\" \/>\n<meta property=\"og:title\" content=\"J\u00e4ms\u00e4 Goes Mobile - Mobiilit ohjaajat\" \/>\n<meta property=\"og:description\" content=\"Olen t\u00e4m\u00e4n lukuvuoden toiminut J\u00e4ms\u00e4n ammattiopiston liiketalouden aikuisopiskelijoiden vastuukouluttajana. Olen heid\u00e4n ja tutkintovastaavamme kanssa yhteisty\u00f6ss\u00e4 l\u00e4htenyt kehitt\u00e4m\u00e4\u00e4n ohjausmenetelmi\u00e4mme mobiilimpaan suuntaan. ConnectPro ohjauksessa Aloitimme kokeilemalla ConnectProta pienryhm\u00e4ohjauksessa. T\u00e4st\u00e4 olenkin raportoinut t\u00e4nne jo aiemmin (Vihdoinkin verkossa 23.3.2014). Jatkoin ConnectPron k\u00e4ytt\u00f6\u00e4\u00a0henkil\u00f6kohtaistamiseen. \u00a0Kaksi opiskelijaa kirjautui ty\u00f6paikaltaan (he ovat\u00a0palkkaty\u00f6ss\u00e4 samassa ty\u00f6paikassa)\u00a0kokoushuoneeseeni, johon\u00a0olin ladannut valmiiksi henkil\u00f6kohtaistamislomakkeen ja eri tutkinnonosien arviointiomakkeet. Opiskelijat &hellip; Jatka lukemista J\u00e4ms\u00e4 Goes Mobile &rarr;\" \/>\n<meta property=\"og:url\" content=\"https:\/\/blogit.gradia.fi\/mobiilitohjaajat\/jamsa-goes-mobile\/\" \/>\n<meta property=\"og:site_name\" content=\"Mobiilit ohjaajat\" \/>\n<meta property=\"article:published_time\" content=\"2014-06-04T09:11:51+00:00\" \/>\n<meta property=\"article:modified_time\" content=\"2014-06-04T12:16:23+00:00\" \/>\n<meta name=\"author\" content=\"Sari Lehtonotko\" \/>\n<meta name=\"twitter:card\" content=\"summary_large_image\" \/>\n<meta name=\"twitter:label1\" content=\"Kirjoittanut\" \/>\n\t<meta name=\"twitter:data1\" content=\"Sari Lehtonotko\" \/>\n\t<meta name=\"twitter:label2\" content=\"Arvioitu lukuaika\" \/>\n\t<meta name=\"twitter:data2\" content=\"4 minuuttia\" \/>\n<script type=\"application\/ld+json\" class=\"yoast-schema-graph\">{\"@context\":\"https:\\\/\\\/schema.org\",\"@graph\":[{\"@type\":\"Article\",\"@id\":\"https:\\\/\\\/blogit.gradia.fi\\\/mobiilitohjaajat\\\/jamsa-goes-mobile\\\/#article\",\"isPartOf\":{\"@id\":\"https:\\\/\\\/blogit.gradia.fi\\\/mobiilitohjaajat\\\/jamsa-goes-mobile\\\/\"},\"author\":{\"name\":\"Sari Lehtonotko\",\"@id\":\"https:\\\/\\\/blogit.gradia.fi\\\/mobiilitohjaajat\\\/#\\\/schema\\\/person\\\/bf97d0803258921d310ef875f8329122\"},\"headline\":\"J\u00e4ms\u00e4 Goes Mobile\",\"datePublished\":\"2014-06-04T09:11:51+00:00\",\"dateModified\":\"2014-06-04T12:16:23+00:00\",\"mainEntityOfPage\":{\"@id\":\"https:\\\/\\\/blogit.gradia.fi\\\/mobiilitohjaajat\\\/jamsa-goes-mobile\\\/\"},\"wordCount\":902,\"commentCount\":0,\"keywords\":[\"blogi ohjauksen v\u00e4lineen\u00e4\",\"connect pro\",\"et\u00e4ohjaus\"],\"articleSection\":[\"Et\u00e4ohjauksen menetelm\u00e4t\"],\"inLanguage\":\"fi\",\"potentialAction\":[{\"@type\":\"CommentAction\",\"name\":\"Comment\",\"target\":[\"https:\\\/\\\/blogit.gradia.fi\\\/mobiilitohjaajat\\\/jamsa-goes-mobile\\\/#respond\"]}]},{\"@type\":\"WebPage\",\"@id\":\"https:\\\/\\\/blogit.gradia.fi\\\/mobiilitohjaajat\\\/jamsa-goes-mobile\\\/\",\"url\":\"https:\\\/\\\/blogit.gradia.fi\\\/mobiilitohjaajat\\\/jamsa-goes-mobile\\\/\",\"name\":\"J\u00e4ms\u00e4 Goes Mobile - Mobiilit ohjaajat\",\"isPartOf\":{\"@id\":\"https:\\\/\\\/blogit.gradia.fi\\\/mobiilitohjaajat\\\/#website\"},\"datePublished\":\"2014-06-04T09:11:51+00:00\",\"dateModified\":\"2014-06-04T12:16:23+00:00\",\"author\":{\"@id\":\"https:\\\/\\\/blogit.gradia.fi\\\/mobiilitohjaajat\\\/#\\\/schema\\\/person\\\/bf97d0803258921d310ef875f8329122\"},\"inLanguage\":\"fi\",\"potentialAction\":[{\"@type\":\"ReadAction\",\"target\":[\"https:\\\/\\\/blogit.gradia.fi\\\/mobiilitohjaajat\\\/jamsa-goes-mobile\\\/\"]}]},{\"@type\":\"WebSite\",\"@id\":\"https:\\\/\\\/blogit.gradia.fi\\\/mobiilitohjaajat\\\/#website\",\"url\":\"https:\\\/\\\/blogit.gradia.fi\\\/mobiilitohjaajat\\\/\",\"name\":\"Mobiilit ohjaajat\",\"description\":\"Opetushallituksen rahoittaman Mobiilit ohjaajat -hankkeen sivusto\",\"potentialAction\":[{\"@type\":\"SearchAction\",\"target\":{\"@type\":\"EntryPoint\",\"urlTemplate\":\"https:\\\/\\\/blogit.gradia.fi\\\/mobiilitohjaajat\\\/?s={search_term_string}\"},\"query-input\":{\"@type\":\"PropertyValueSpecification\",\"valueRequired\":true,\"valueName\":\"search_term_string\"}}],\"inLanguage\":\"fi\"},{\"@type\":\"Person\",\"@id\":\"https:\\\/\\\/blogit.gradia.fi\\\/mobiilitohjaajat\\\/#\\\/schema\\\/person\\\/bf97d0803258921d310ef875f8329122\",\"name\":\"Sari Lehtonotko\",\"image\":{\"@type\":\"ImageObject\",\"inLanguage\":\"fi\",\"@id\":\"https:\\\/\\\/secure.gravatar.com\\\/avatar\\\/2f9a0f886cf9508c3ed1fce5f4c10ba459533d60788840f895eeb8d8fd005191?s=96&d=mm&r=g\",\"url\":\"https:\\\/\\\/secure.gravatar.com\\\/avatar\\\/2f9a0f886cf9508c3ed1fce5f4c10ba459533d60788840f895eeb8d8fd005191?s=96&d=mm&r=g\",\"contentUrl\":\"https:\\\/\\\/secure.gravatar.com\\\/avatar\\\/2f9a0f886cf9508c3ed1fce5f4c10ba459533d60788840f895eeb8d8fd005191?s=96&d=mm&r=g\",\"caption\":\"Sari Lehtonotko\"},\"url\":\"https:\\\/\\\/blogit.gradia.fi\\\/mobiilitohjaajat\\\/author\\\/lehtosar\\\/\"}]}<\/script>\n<!-- \/ Yoast SEO plugin. -->","yoast_head_json":{"title":"J\u00e4ms\u00e4 Goes Mobile - Mobiilit ohjaajat","robots":{"index":"index","follow":"follow","max-snippet":"max-snippet:-1","max-image-preview":"max-image-preview:large","max-video-preview":"max-video-preview:-1"},"canonical":"https:\/\/blogit.gradia.fi\/mobiilitohjaajat\/jamsa-goes-mobile\/","og_locale":"fi_FI","og_type":"article","og_title":"J\u00e4ms\u00e4 Goes Mobile - Mobiilit ohjaajat","og_description":"Olen t\u00e4m\u00e4n lukuvuoden toiminut J\u00e4ms\u00e4n ammattiopiston liiketalouden aikuisopiskelijoiden vastuukouluttajana. Olen heid\u00e4n ja tutkintovastaavamme kanssa yhteisty\u00f6ss\u00e4 l\u00e4htenyt kehitt\u00e4m\u00e4\u00e4n ohjausmenetelmi\u00e4mme mobiilimpaan suuntaan. ConnectPro ohjauksessa Aloitimme kokeilemalla ConnectProta pienryhm\u00e4ohjauksessa. T\u00e4st\u00e4 olenkin raportoinut t\u00e4nne jo aiemmin (Vihdoinkin verkossa 23.3.2014). Jatkoin ConnectPron k\u00e4ytt\u00f6\u00e4\u00a0henkil\u00f6kohtaistamiseen. \u00a0Kaksi opiskelijaa kirjautui ty\u00f6paikaltaan (he ovat\u00a0palkkaty\u00f6ss\u00e4 samassa ty\u00f6paikassa)\u00a0kokoushuoneeseeni, johon\u00a0olin ladannut valmiiksi henkil\u00f6kohtaistamislomakkeen ja eri tutkinnonosien arviointiomakkeet. Opiskelijat &hellip; Jatka lukemista J\u00e4ms\u00e4 Goes Mobile &rarr;","og_url":"https:\/\/blogit.gradia.fi\/mobiilitohjaajat\/jamsa-goes-mobile\/","og_site_name":"Mobiilit ohjaajat","article_published_time":"2014-06-04T09:11:51+00:00","article_modified_time":"2014-06-04T12:16:23+00:00","author":"Sari Lehtonotko","twitter_card":"summary_large_image","twitter_misc":{"Kirjoittanut":"Sari Lehtonotko","Arvioitu lukuaika":"4 minuuttia"},"schema":{"@context":"https:\/\/schema.org","@graph":[{"@type":"Article","@id":"https:\/\/blogit.gradia.fi\/mobiilitohjaajat\/jamsa-goes-mobile\/#article","isPartOf":{"@id":"https:\/\/blogit.gradia.fi\/mobiilitohjaajat\/jamsa-goes-mobile\/"},"author":{"name":"Sari Lehtonotko","@id":"https:\/\/blogit.gradia.fi\/mobiilitohjaajat\/#\/schema\/person\/bf97d0803258921d310ef875f8329122"},"headline":"J\u00e4ms\u00e4 Goes Mobile","datePublished":"2014-06-04T09:11:51+00:00","dateModified":"2014-06-04T12:16:23+00:00","mainEntityOfPage":{"@id":"https:\/\/blogit.gradia.fi\/mobiilitohjaajat\/jamsa-goes-mobile\/"},"wordCount":902,"commentCount":0,"keywords":["blogi ohjauksen v\u00e4lineen\u00e4","connect pro","et\u00e4ohjaus"],"articleSection":["Et\u00e4ohjauksen menetelm\u00e4t"],"inLanguage":"fi","potentialAction":[{"@type":"CommentAction","name":"Comment","target":["https:\/\/blogit.gradia.fi\/mobiilitohjaajat\/jamsa-goes-mobile\/#respond"]}]},{"@type":"WebPage","@id":"https:\/\/blogit.gradia.fi\/mobiilitohjaajat\/jamsa-goes-mobile\/","url":"https:\/\/blogit.gradia.fi\/mobiilitohjaajat\/jamsa-goes-mobile\/","name":"J\u00e4ms\u00e4 Goes Mobile - Mobiilit ohjaajat","isPartOf":{"@id":"https:\/\/blogit.gradia.fi\/mobiilitohjaajat\/#website"},"datePublished":"2014-06-04T09:11:51+00:00","dateModified":"2014-06-04T12:16:23+00:00","author":{"@id":"https:\/\/blogit.gradia.fi\/mobiilitohjaajat\/#\/schema\/person\/bf97d0803258921d310ef875f8329122"},"inLanguage":"fi","potentialAction":[{"@type":"ReadAction","target":["https:\/\/blogit.gradia.fi\/mobiilitohjaajat\/jamsa-goes-mobile\/"]}]},{"@type":"WebSite","@id":"https:\/\/blogit.gradia.fi\/mobiilitohjaajat\/#website","url":"https:\/\/blogit.gradia.fi\/mobiilitohjaajat\/","name":"Mobiilit ohjaajat","description":"Opetushallituksen rahoittaman Mobiilit ohjaajat -hankkeen sivusto","potentialAction":[{"@type":"SearchAction","target":{"@type":"EntryPoint","urlTemplate":"https:\/\/blogit.gradia.fi\/mobiilitohjaajat\/?s={search_term_string}"},"query-input":{"@type":"PropertyValueSpecification","valueRequired":true,"valueName":"search_term_string"}}],"inLanguage":"fi"},{"@type":"Person","@id":"https:\/\/blogit.gradia.fi\/mobiilitohjaajat\/#\/schema\/person\/bf97d0803258921d310ef875f8329122","name":"Sari Lehtonotko","image":{"@type":"ImageObject","inLanguage":"fi","@id":"https:\/\/secure.gravatar.com\/avatar\/2f9a0f886cf9508c3ed1fce5f4c10ba459533d60788840f895eeb8d8fd005191?s=96&d=mm&r=g","url":"https:\/\/secure.gravatar.com\/avatar\/2f9a0f886cf9508c3ed1fce5f4c10ba459533d60788840f895eeb8d8fd005191?s=96&d=mm&r=g","contentUrl":"https:\/\/secure.gravatar.com\/avatar\/2f9a0f886cf9508c3ed1fce5f4c10ba459533d60788840f895eeb8d8fd005191?s=96&d=mm&r=g","caption":"Sari Lehtonotko"},"url":"https:\/\/blogit.gradia.fi\/mobiilitohjaajat\/author\/lehtosar\/"}]}},"uagb_featured_image_src":{"full":false,"thumbnail":false,"medium":false,"medium_large":false,"large":false,"1536x1536":false,"2048x2048":false,"post-thumbnail":false},"uagb_author_info":{"display_name":"Sari Lehtonotko","author_link":"https:\/\/blogit.gradia.fi\/mobiilitohjaajat\/author\/lehtosar\/"},"uagb_comment_info":0,"uagb_excerpt":"Olen t\u00e4m\u00e4n lukuvuoden toiminut J\u00e4ms\u00e4n ammattiopiston liiketalouden aikuisopiskelijoiden vastuukouluttajana. Olen heid\u00e4n ja tutkintovastaavamme kanssa yhteisty\u00f6ss\u00e4 l\u00e4htenyt kehitt\u00e4m\u00e4\u00e4n ohjausmenetelmi\u00e4mme mobiilimpaan suuntaan. ConnectPro ohjauksessa Aloitimme kokeilemalla ConnectProta pienryhm\u00e4ohjauksessa. T\u00e4st\u00e4 olenkin raportoinut t\u00e4nne jo aiemmin (Vihdoinkin verkossa 23.3.2014). Jatkoin ConnectPron k\u00e4ytt\u00f6\u00e4\u00a0henkil\u00f6kohtaistamiseen. \u00a0Kaksi opiskelijaa kirjautui ty\u00f6paikaltaan (he ovat\u00a0palkkaty\u00f6ss\u00e4 samassa ty\u00f6paikassa)\u00a0kokoushuoneeseeni, johon\u00a0olin ladannut valmiiksi henkil\u00f6kohtaistamislomakkeen ja eri tutkinnonosien arviointiomakkeet. Opiskelijat&hellip;","_links":{"self":[{"href":"https:\/\/blogit.gradia.fi\/mobiilitohjaajat\/wp-json\/wp\/v2\/posts\/535","targetHints":{"allow":["GET"]}}],"collection":[{"href":"https:\/\/blogit.gradia.fi\/mobiilitohjaajat\/wp-json\/wp\/v2\/posts"}],"about":[{"href":"https:\/\/blogit.gradia.fi\/mobiilitohjaajat\/wp-json\/wp\/v2\/types\/post"}],"author":[{"embeddable":true,"href":"https:\/\/blogit.gradia.fi\/mobiilitohjaajat\/wp-json\/wp\/v2\/users\/162"}],"replies":[{"embeddable":true,"href":"https:\/\/blogit.gradia.fi\/mobiilitohjaajat\/wp-json\/wp\/v2\/comments?post=535"}],"version-history":[{"count":0,"href":"https:\/\/blogit.gradia.fi\/mobiilitohjaajat\/wp-json\/wp\/v2\/posts\/535\/revisions"}],"wp:attachment":[{"href":"https:\/\/blogit.gradia.fi\/mobiilitohjaajat\/wp-json\/wp\/v2\/media?parent=535"}],"wp:term":[{"taxonomy":"category","embeddable":true,"href":"https:\/\/blogit.gradia.fi\/mobiilitohjaajat\/wp-json\/wp\/v2\/categories?post=535"},{"taxonomy":"post_tag","embeddable":true,"href":"https:\/\/blogit.gradia.fi\/mobiilitohjaajat\/wp-json\/wp\/v2\/tags?post=535"}],"curies":[{"name":"wp","href":"https:\/\/api.w.org\/{rel}","templated":true}]}}