{"id":525,"date":"2014-06-02T15:48:21","date_gmt":"2014-06-02T12:48:21","guid":{"rendered":"https:\/\/blogit.gradia.fi\/mobiilitohjaajat\/?p=525"},"modified":"2014-06-02T15:56:19","modified_gmt":"2014-06-02T12:56:19","slug":"sahkopuolen-ajatuksia","status":"publish","type":"post","link":"https:\/\/blogit.gradia.fi\/mobiilitohjaajat\/sahkopuolen-ajatuksia\/","title":{"rendered":"S\u00e4hk\u00f6puolen ajatuksia"},"content":{"rendered":"<p><strong>Kokemuksia.:<\/strong><\/p>\n<p><strong>3. luokka<\/strong><\/p>\n<p>Tabletteihin tutustuminen tapahtui selvitt\u00e4m\u00e4ll\u00e4 jonkin appletin toiminta ja tekem\u00e4ll\u00e4 siit\u00e4 lyht esittely. Tablettien k\u00e4ytt\u00f6 alkoi vilkkaasti ja pyrittiin selvitt\u00e4m\u00e4\u00e4n mit\u00e4 kiinnostavaa ohjelmatarjontaa on k\u00e4ytett\u00e4viss\u00e4. Kunkin opiskelijan t\u00e4ytyi valita yksi appletti jonka toiminasta tekee esittelyn k\u00e4ytt\u00e4en tabletin ohjelmia. Alku innostuksen j\u00e4lkeen tabletin k\u00e4yt\u00f6st\u00e4 l\u00f6ytyi paljon huomautettavaa. Tallentaminen oli hankalaa, k\u00e4ytt\u00f6j\u00e4rjestem\u00e4 oli outo ja suljettu. Tablettiin olisi haluttu ladata itse ohjelmia ja k\u00e4ytt\u00e4\u00e4 niit\u00e4. Ablettien esittelyt olivat l\u00e4hes yksinomaan teksti\u00e4 yhdell\u00e4 sivulla ja muutama kuva.<\/p>\n<p>Seuraavana teht\u00e4v\u00e4n\u00e4 oli kahden hengen ryhmiss\u00e4 tehd\u00e4 videota, kuvia ja teksti\u00e4 apuna k\u00e4ytt\u00e4en selostus ADSL-modemin asennuksesta. Aikaa oli k\u00e4ytett\u00e4viss\u00e4 n. 4h. Ryhm\u00e4t tekiv\u00e4t p\u00e4\u00e4s\u00e4\u00e4nt\u00f6isesti poverpoint tyyppisen selostuksen. Vain yksi ryhm\u00e4 aloitti selostuksen tekem\u00e4ll\u00e4 jonkinmoisen k\u00e4sikirjoituksen. K\u00e4sikirjoituksen tekemisest\u00e4 oli ollut puhetta edellisell\u00e4 oppitunnilla. Vain k\u00e4sikirjoituksen tehnyt ryhm\u00e4 sai aikaan selostuksen jonka mukaan modemin asennuksen voisi suorittaa jopa maalikko. Selostuksessa k\u00e4ytettiin hyv\u00e4ksi kuvia ja videoa.\u00a0 Selostukset tuli tallentaa serverill\u00e4 olevaan kansioon. Osa opiskelijoista ei saanut ttallennusta suoritettua. Kommenttina harjoituksesta oli ett\u00e4 tabletin k\u00e4ytt\u00f6 on hankalaa ja omenalla varustettu tabletti on liian suljettu ja vaikeak\u00e4ytt\u00f6inen.<\/p>\n<p><strong>2. luokka<\/strong><\/p>\n<p>Kokeilin ADSL- modemin selostuksen tekemist\u00e4 my\u00f6s toisella luokalla olevien kanssa. Opiskelijoiden suhtautuminen tablettien k\u00e4ytt\u00f6\u00f6n oli heti alussa positiivisempi. Innostus tutkia ja selvitt\u00e4\u00e4 applettien ominaisuuksia oli suurempi. Jonkinlaisen k\u00e4sikirjoituksen \/ \u00a0suunnitelman teki melkein puolet ryhm\u00e4st\u00e4. Selostusten siirto m\u00e4\u00e4riteltyyn kansioon tuotti vaikeuksia vaikka tavallisen tietokoneen k\u00e4ytt\u00f6 oli opiskelijoille tuttu. Selostuksessa useampi ryhm\u00e4 p\u00e4\u00e4tyi k\u00e4ytt\u00e4m\u00e4\u00e4n videoa kuvien lis\u00e4ksi.<\/p>\n<p>Oppilaiden kommentteja IPADISTA<br \/>\n+ Kivan n\u00e4k\u00f6inen<br \/>\n&#8211; Kallis<br \/>\n+ Median katseluun sopiva<br \/>\n&#8211; Ei sovi suoraa Windows laitteiden kanssa<\/p>\n<p>+ Helppok\u00e4ytt\u00f6inen<br \/>\n&#8211;\u00a0 Ei k\u00e4yt\u00e4nn\u00f6llinen ( ei ty\u00f6kalu)<\/p>\n<p>+\u00a0 Paljon sovelluksia<br \/>\n&#8211; Vaikeasti k\u00e4ytett\u00e4v\u00e4 k\u00e4ytt\u00f6j\u00e4rjestelm\u00e4<\/p>\n<p>+ Matkak\u00e4ytt\u00f6\u00f6n<br \/>\n&#8211; Kalliit sovellukset<\/p>\n<p><strong>Olavi Vaarala<\/strong><\/p>\n","protected":false},"excerpt":{"rendered":"<p>Kokemuksia.: 3. luokka Tabletteihin tutustuminen tapahtui selvitt\u00e4m\u00e4ll\u00e4 jonkin appletin toiminta ja tekem\u00e4ll\u00e4 siit\u00e4 lyht esittely. Tablettien k\u00e4ytt\u00f6 alkoi vilkkaasti ja pyrittiin selvitt\u00e4m\u00e4\u00e4n mit\u00e4 kiinnostavaa ohjelmatarjontaa on k\u00e4ytett\u00e4viss\u00e4. Kunkin opiskelijan t\u00e4ytyi valita yksi appletti jonka toiminasta tekee esittelyn k\u00e4ytt\u00e4en tabletin ohjelmia. Alku innostuksen j\u00e4lkeen tabletin k\u00e4yt\u00f6st\u00e4 l\u00f6ytyi paljon huomautettavaa. Tallentaminen oli hankalaa, k\u00e4ytt\u00f6j\u00e4rjestem\u00e4 oli outo ja &hellip; <a href=\"https:\/\/blogit.gradia.fi\/mobiilitohjaajat\/sahkopuolen-ajatuksia\/\" class=\"more-link\">Jatka lukemista <span class=\"screen-reader-text\">S\u00e4hk\u00f6puolen ajatuksia<\/span> <span class=\"meta-nav\">&rarr;<\/span><\/a><\/p>\n","protected":false},"author":171,"featured_media":0,"comment_status":"open","ping_status":"open","sticky":false,"template":"","format":"standard","meta":{"_uag_custom_page_level_css":"","footnotes":""},"categories":[23,1],"tags":[],"class_list":["post-525","post","type-post","status-publish","format-standard","hentry","category-sahko","category-yleinen"],"yoast_head":"<!-- This site is optimized with the Yoast SEO plugin v27.5 - https:\/\/yoast.com\/product\/yoast-seo-wordpress\/ -->\n<title>S\u00e4hk\u00f6puolen ajatuksia - Mobiilit ohjaajat<\/title>\n<meta name=\"robots\" content=\"index, follow, max-snippet:-1, max-image-preview:large, max-video-preview:-1\" \/>\n<link rel=\"canonical\" href=\"https:\/\/blogit.gradia.fi\/mobiilitohjaajat\/sahkopuolen-ajatuksia\/\" \/>\n<meta property=\"og:locale\" content=\"fi_FI\" \/>\n<meta property=\"og:type\" content=\"article\" \/>\n<meta property=\"og:title\" content=\"S\u00e4hk\u00f6puolen ajatuksia - Mobiilit ohjaajat\" \/>\n<meta property=\"og:description\" content=\"Kokemuksia.: 3. luokka Tabletteihin tutustuminen tapahtui selvitt\u00e4m\u00e4ll\u00e4 jonkin appletin toiminta ja tekem\u00e4ll\u00e4 siit\u00e4 lyht esittely. Tablettien k\u00e4ytt\u00f6 alkoi vilkkaasti ja pyrittiin selvitt\u00e4m\u00e4\u00e4n mit\u00e4 kiinnostavaa ohjelmatarjontaa on k\u00e4ytett\u00e4viss\u00e4. Kunkin opiskelijan t\u00e4ytyi valita yksi appletti jonka toiminasta tekee esittelyn k\u00e4ytt\u00e4en tabletin ohjelmia. Alku innostuksen j\u00e4lkeen tabletin k\u00e4yt\u00f6st\u00e4 l\u00f6ytyi paljon huomautettavaa. Tallentaminen oli hankalaa, k\u00e4ytt\u00f6j\u00e4rjestem\u00e4 oli outo ja &hellip; Jatka lukemista S\u00e4hk\u00f6puolen ajatuksia &rarr;\" \/>\n<meta property=\"og:url\" content=\"https:\/\/blogit.gradia.fi\/mobiilitohjaajat\/sahkopuolen-ajatuksia\/\" \/>\n<meta property=\"og:site_name\" content=\"Mobiilit ohjaajat\" \/>\n<meta property=\"article:published_time\" content=\"2014-06-02T12:48:21+00:00\" \/>\n<meta property=\"article:modified_time\" content=\"2014-06-02T12:56:19+00:00\" \/>\n<meta name=\"author\" content=\"juhakiu\" \/>\n<meta name=\"twitter:card\" content=\"summary_large_image\" \/>\n<meta name=\"twitter:label1\" content=\"Kirjoittanut\" \/>\n\t<meta name=\"twitter:data1\" content=\"juhakiu\" \/>\n\t<meta name=\"twitter:label2\" content=\"Arvioitu lukuaika\" \/>\n\t<meta name=\"twitter:data2\" content=\"2 minuuttia\" \/>\n<script type=\"application\/ld+json\" class=\"yoast-schema-graph\">{\"@context\":\"https:\\\/\\\/schema.org\",\"@graph\":[{\"@type\":\"Article\",\"@id\":\"https:\\\/\\\/blogit.gradia.fi\\\/mobiilitohjaajat\\\/sahkopuolen-ajatuksia\\\/#article\",\"isPartOf\":{\"@id\":\"https:\\\/\\\/blogit.gradia.fi\\\/mobiilitohjaajat\\\/sahkopuolen-ajatuksia\\\/\"},\"author\":{\"name\":\"juhakiu\",\"@id\":\"https:\\\/\\\/blogit.gradia.fi\\\/mobiilitohjaajat\\\/#\\\/schema\\\/person\\\/b10ee4d91d7ce449acdfc31876195a75\"},\"headline\":\"S\u00e4hk\u00f6puolen ajatuksia\",\"datePublished\":\"2014-06-02T12:48:21+00:00\",\"dateModified\":\"2014-06-02T12:56:19+00:00\",\"mainEntityOfPage\":{\"@id\":\"https:\\\/\\\/blogit.gradia.fi\\\/mobiilitohjaajat\\\/sahkopuolen-ajatuksia\\\/\"},\"wordCount\":328,\"commentCount\":0,\"articleSection\":[\"S\u00e4hk\u00f6\"],\"inLanguage\":\"fi\",\"potentialAction\":[{\"@type\":\"CommentAction\",\"name\":\"Comment\",\"target\":[\"https:\\\/\\\/blogit.gradia.fi\\\/mobiilitohjaajat\\\/sahkopuolen-ajatuksia\\\/#respond\"]}]},{\"@type\":\"WebPage\",\"@id\":\"https:\\\/\\\/blogit.gradia.fi\\\/mobiilitohjaajat\\\/sahkopuolen-ajatuksia\\\/\",\"url\":\"https:\\\/\\\/blogit.gradia.fi\\\/mobiilitohjaajat\\\/sahkopuolen-ajatuksia\\\/\",\"name\":\"S\u00e4hk\u00f6puolen ajatuksia - Mobiilit ohjaajat\",\"isPartOf\":{\"@id\":\"https:\\\/\\\/blogit.gradia.fi\\\/mobiilitohjaajat\\\/#website\"},\"datePublished\":\"2014-06-02T12:48:21+00:00\",\"dateModified\":\"2014-06-02T12:56:19+00:00\",\"author\":{\"@id\":\"https:\\\/\\\/blogit.gradia.fi\\\/mobiilitohjaajat\\\/#\\\/schema\\\/person\\\/b10ee4d91d7ce449acdfc31876195a75\"},\"inLanguage\":\"fi\",\"potentialAction\":[{\"@type\":\"ReadAction\",\"target\":[\"https:\\\/\\\/blogit.gradia.fi\\\/mobiilitohjaajat\\\/sahkopuolen-ajatuksia\\\/\"]}]},{\"@type\":\"WebSite\",\"@id\":\"https:\\\/\\\/blogit.gradia.fi\\\/mobiilitohjaajat\\\/#website\",\"url\":\"https:\\\/\\\/blogit.gradia.fi\\\/mobiilitohjaajat\\\/\",\"name\":\"Mobiilit ohjaajat\",\"description\":\"Opetushallituksen rahoittaman Mobiilit ohjaajat -hankkeen sivusto\",\"potentialAction\":[{\"@type\":\"SearchAction\",\"target\":{\"@type\":\"EntryPoint\",\"urlTemplate\":\"https:\\\/\\\/blogit.gradia.fi\\\/mobiilitohjaajat\\\/?s={search_term_string}\"},\"query-input\":{\"@type\":\"PropertyValueSpecification\",\"valueRequired\":true,\"valueName\":\"search_term_string\"}}],\"inLanguage\":\"fi\"},{\"@type\":\"Person\",\"@id\":\"https:\\\/\\\/blogit.gradia.fi\\\/mobiilitohjaajat\\\/#\\\/schema\\\/person\\\/b10ee4d91d7ce449acdfc31876195a75\",\"name\":\"juhakiu\",\"image\":{\"@type\":\"ImageObject\",\"inLanguage\":\"fi\",\"@id\":\"https:\\\/\\\/secure.gravatar.com\\\/avatar\\\/c449c1c81b0b22fde0122535d23377df235fbf19b9ff3a937d86d800a5971557?s=96&d=mm&r=g\",\"url\":\"https:\\\/\\\/secure.gravatar.com\\\/avatar\\\/c449c1c81b0b22fde0122535d23377df235fbf19b9ff3a937d86d800a5971557?s=96&d=mm&r=g\",\"contentUrl\":\"https:\\\/\\\/secure.gravatar.com\\\/avatar\\\/c449c1c81b0b22fde0122535d23377df235fbf19b9ff3a937d86d800a5971557?s=96&d=mm&r=g\",\"caption\":\"juhakiu\"},\"url\":\"https:\\\/\\\/blogit.gradia.fi\\\/mobiilitohjaajat\\\/author\\\/juhakiu\\\/\"}]}<\/script>\n<!-- \/ Yoast SEO plugin. -->","yoast_head_json":{"title":"S\u00e4hk\u00f6puolen ajatuksia - Mobiilit ohjaajat","robots":{"index":"index","follow":"follow","max-snippet":"max-snippet:-1","max-image-preview":"max-image-preview:large","max-video-preview":"max-video-preview:-1"},"canonical":"https:\/\/blogit.gradia.fi\/mobiilitohjaajat\/sahkopuolen-ajatuksia\/","og_locale":"fi_FI","og_type":"article","og_title":"S\u00e4hk\u00f6puolen ajatuksia - Mobiilit ohjaajat","og_description":"Kokemuksia.: 3. luokka Tabletteihin tutustuminen tapahtui selvitt\u00e4m\u00e4ll\u00e4 jonkin appletin toiminta ja tekem\u00e4ll\u00e4 siit\u00e4 lyht esittely. Tablettien k\u00e4ytt\u00f6 alkoi vilkkaasti ja pyrittiin selvitt\u00e4m\u00e4\u00e4n mit\u00e4 kiinnostavaa ohjelmatarjontaa on k\u00e4ytett\u00e4viss\u00e4. Kunkin opiskelijan t\u00e4ytyi valita yksi appletti jonka toiminasta tekee esittelyn k\u00e4ytt\u00e4en tabletin ohjelmia. Alku innostuksen j\u00e4lkeen tabletin k\u00e4yt\u00f6st\u00e4 l\u00f6ytyi paljon huomautettavaa. Tallentaminen oli hankalaa, k\u00e4ytt\u00f6j\u00e4rjestem\u00e4 oli outo ja &hellip; Jatka lukemista S\u00e4hk\u00f6puolen ajatuksia &rarr;","og_url":"https:\/\/blogit.gradia.fi\/mobiilitohjaajat\/sahkopuolen-ajatuksia\/","og_site_name":"Mobiilit ohjaajat","article_published_time":"2014-06-02T12:48:21+00:00","article_modified_time":"2014-06-02T12:56:19+00:00","author":"juhakiu","twitter_card":"summary_large_image","twitter_misc":{"Kirjoittanut":"juhakiu","Arvioitu lukuaika":"2 minuuttia"},"schema":{"@context":"https:\/\/schema.org","@graph":[{"@type":"Article","@id":"https:\/\/blogit.gradia.fi\/mobiilitohjaajat\/sahkopuolen-ajatuksia\/#article","isPartOf":{"@id":"https:\/\/blogit.gradia.fi\/mobiilitohjaajat\/sahkopuolen-ajatuksia\/"},"author":{"name":"juhakiu","@id":"https:\/\/blogit.gradia.fi\/mobiilitohjaajat\/#\/schema\/person\/b10ee4d91d7ce449acdfc31876195a75"},"headline":"S\u00e4hk\u00f6puolen ajatuksia","datePublished":"2014-06-02T12:48:21+00:00","dateModified":"2014-06-02T12:56:19+00:00","mainEntityOfPage":{"@id":"https:\/\/blogit.gradia.fi\/mobiilitohjaajat\/sahkopuolen-ajatuksia\/"},"wordCount":328,"commentCount":0,"articleSection":["S\u00e4hk\u00f6"],"inLanguage":"fi","potentialAction":[{"@type":"CommentAction","name":"Comment","target":["https:\/\/blogit.gradia.fi\/mobiilitohjaajat\/sahkopuolen-ajatuksia\/#respond"]}]},{"@type":"WebPage","@id":"https:\/\/blogit.gradia.fi\/mobiilitohjaajat\/sahkopuolen-ajatuksia\/","url":"https:\/\/blogit.gradia.fi\/mobiilitohjaajat\/sahkopuolen-ajatuksia\/","name":"S\u00e4hk\u00f6puolen ajatuksia - Mobiilit ohjaajat","isPartOf":{"@id":"https:\/\/blogit.gradia.fi\/mobiilitohjaajat\/#website"},"datePublished":"2014-06-02T12:48:21+00:00","dateModified":"2014-06-02T12:56:19+00:00","author":{"@id":"https:\/\/blogit.gradia.fi\/mobiilitohjaajat\/#\/schema\/person\/b10ee4d91d7ce449acdfc31876195a75"},"inLanguage":"fi","potentialAction":[{"@type":"ReadAction","target":["https:\/\/blogit.gradia.fi\/mobiilitohjaajat\/sahkopuolen-ajatuksia\/"]}]},{"@type":"WebSite","@id":"https:\/\/blogit.gradia.fi\/mobiilitohjaajat\/#website","url":"https:\/\/blogit.gradia.fi\/mobiilitohjaajat\/","name":"Mobiilit ohjaajat","description":"Opetushallituksen rahoittaman Mobiilit ohjaajat -hankkeen sivusto","potentialAction":[{"@type":"SearchAction","target":{"@type":"EntryPoint","urlTemplate":"https:\/\/blogit.gradia.fi\/mobiilitohjaajat\/?s={search_term_string}"},"query-input":{"@type":"PropertyValueSpecification","valueRequired":true,"valueName":"search_term_string"}}],"inLanguage":"fi"},{"@type":"Person","@id":"https:\/\/blogit.gradia.fi\/mobiilitohjaajat\/#\/schema\/person\/b10ee4d91d7ce449acdfc31876195a75","name":"juhakiu","image":{"@type":"ImageObject","inLanguage":"fi","@id":"https:\/\/secure.gravatar.com\/avatar\/c449c1c81b0b22fde0122535d23377df235fbf19b9ff3a937d86d800a5971557?s=96&d=mm&r=g","url":"https:\/\/secure.gravatar.com\/avatar\/c449c1c81b0b22fde0122535d23377df235fbf19b9ff3a937d86d800a5971557?s=96&d=mm&r=g","contentUrl":"https:\/\/secure.gravatar.com\/avatar\/c449c1c81b0b22fde0122535d23377df235fbf19b9ff3a937d86d800a5971557?s=96&d=mm&r=g","caption":"juhakiu"},"url":"https:\/\/blogit.gradia.fi\/mobiilitohjaajat\/author\/juhakiu\/"}]}},"uagb_featured_image_src":{"full":false,"thumbnail":false,"medium":false,"medium_large":false,"large":false,"1536x1536":false,"2048x2048":false,"post-thumbnail":false},"uagb_author_info":{"display_name":"juhakiu","author_link":"https:\/\/blogit.gradia.fi\/mobiilitohjaajat\/author\/juhakiu\/"},"uagb_comment_info":0,"uagb_excerpt":"Kokemuksia.: 3. luokka Tabletteihin tutustuminen tapahtui selvitt\u00e4m\u00e4ll\u00e4 jonkin appletin toiminta ja tekem\u00e4ll\u00e4 siit\u00e4 lyht esittely. Tablettien k\u00e4ytt\u00f6 alkoi vilkkaasti ja pyrittiin selvitt\u00e4m\u00e4\u00e4n mit\u00e4 kiinnostavaa ohjelmatarjontaa on k\u00e4ytett\u00e4viss\u00e4. Kunkin opiskelijan t\u00e4ytyi valita yksi appletti jonka toiminasta tekee esittelyn k\u00e4ytt\u00e4en tabletin ohjelmia. Alku innostuksen j\u00e4lkeen tabletin k\u00e4yt\u00f6st\u00e4 l\u00f6ytyi paljon huomautettavaa. Tallentaminen oli hankalaa, k\u00e4ytt\u00f6j\u00e4rjestem\u00e4 oli outo ja&hellip;","_links":{"self":[{"href":"https:\/\/blogit.gradia.fi\/mobiilitohjaajat\/wp-json\/wp\/v2\/posts\/525","targetHints":{"allow":["GET"]}}],"collection":[{"href":"https:\/\/blogit.gradia.fi\/mobiilitohjaajat\/wp-json\/wp\/v2\/posts"}],"about":[{"href":"https:\/\/blogit.gradia.fi\/mobiilitohjaajat\/wp-json\/wp\/v2\/types\/post"}],"author":[{"embeddable":true,"href":"https:\/\/blogit.gradia.fi\/mobiilitohjaajat\/wp-json\/wp\/v2\/users\/171"}],"replies":[{"embeddable":true,"href":"https:\/\/blogit.gradia.fi\/mobiilitohjaajat\/wp-json\/wp\/v2\/comments?post=525"}],"version-history":[{"count":0,"href":"https:\/\/blogit.gradia.fi\/mobiilitohjaajat\/wp-json\/wp\/v2\/posts\/525\/revisions"}],"wp:attachment":[{"href":"https:\/\/blogit.gradia.fi\/mobiilitohjaajat\/wp-json\/wp\/v2\/media?parent=525"}],"wp:term":[{"taxonomy":"category","embeddable":true,"href":"https:\/\/blogit.gradia.fi\/mobiilitohjaajat\/wp-json\/wp\/v2\/categories?post=525"},{"taxonomy":"post_tag","embeddable":true,"href":"https:\/\/blogit.gradia.fi\/mobiilitohjaajat\/wp-json\/wp\/v2\/tags?post=525"}],"curies":[{"name":"wp","href":"https:\/\/api.w.org\/{rel}","templated":true}]}}