{"id":486,"date":"2014-03-24T17:35:19","date_gmt":"2014-03-24T15:35:19","guid":{"rendered":"https:\/\/blogit.gradia.fi\/mobiilitohjaajat\/?p=486"},"modified":"2014-03-24T17:35:19","modified_gmt":"2014-03-24T15:35:19","slug":"facebook-projektiapulaisena","status":"publish","type":"post","link":"https:\/\/blogit.gradia.fi\/mobiilitohjaajat\/facebook-projektiapulaisena\/","title":{"rendered":"Facebook projektiapulaisena"},"content":{"rendered":"<p>Kev\u00e4t on jo pitk\u00e4ll\u00e4 ja kokeilut ovat edenneet seuraavaan vaiheeseen. Lyseon lukion oppilaiden kanssa toteutettava puvustusprojekti sai p\u00e4iv\u00e4n valon ennen talvilomaa. N\u00e4ytelm\u00e4n p\u00e4\u00e4teemana on nuorten syrj\u00e4ytyminen, jota k\u00e4sitell\u00e4\u00e4n hieman poikkeavasti nuoren parin h\u00e4iss\u00e4. Syrj\u00e4ytymisen syihin siirryt\u00e4\u00e4n takaumina n\u00e4ytelm\u00e4n edetess\u00e4.<\/p>\n<p>Puvustusryhm\u00e4ss\u00e4 on Lyseon lukion, Jyv\u00e4skyl\u00e4n ammattiopiston ja Huoneteatterin v\u00e4ke\u00e4. Puvustuksen ideointia seuraavat my\u00f6s maskeeraajat ja kampaajat. Aiempina vuosina viestint\u00e4 on tapahtunut k\u00e4nnyn ja s\u00e4hk\u00f6postien v\u00e4lityksell\u00e4, joka on ollut melko ty\u00f6l\u00e4st\u00e4 kaikille osapuolille. Viestej\u00e4 tulee paljon ja niit\u00e4 on hankala hallita. Osa viesteist\u00e4 voi j\u00e4\u00e4d\u00e4 avaamatta ja viestint\u00e4 ontuu. Loppuvaiheessa tulee aina tulipalokiire.<\/p>\n<p><strong>Suljettu facebook-ryhm\u00e4 <\/strong>on ollut oiva apulainen t\u00e4ss\u00e4kin tapauksessa. Ryhm\u00e4n kautta sovimme mittojen otto- ja sovitusaikoja, julkaisemme idealuonnokset, kommentoimme muiden luonnoksia ja viestittelemme my\u00f6s muista k\u00e4yt\u00e4nn\u00f6n asioista. Asiat s\u00e4ilyv\u00e4t samalla alustalla, ja niihin on helppo palata my\u00f6s my\u00f6hemmin. <\/p>\n<p>Esimerkiksi seuraavaa rooliasun malli esiteltiin ryhm\u00e4ss\u00e4, ja vastauksia tuli melko rivakasti. Turha odotteluaikaa ei siis juuri tullut, joten valmistus p\u00e4\u00e4si hyv\u00e4ksynn\u00e4n j\u00e4lkeen vauhtiin. Mik\u00e4s sen motivoivampaa niin oppilaaan kuin ohjaajankin kannalta. Roolipukujen valmistus etenee vauhdikkaasti, koska palautetta tulee l\u00e4hes reaaliajassa. <\/p>\n<p><a href=\"https:\/\/blogit.gradia.fi\/mobiilitohjaajat\/wp-content\/uploads\/sites\/18\/2014\/03\/1622811_755057264513946_134039529_n.jpg\"><img loading=\"lazy\" decoding=\"async\" src=\"https:\/\/blogit.gradia.fi\/mobiilitohjaajat\/wp-content\/uploads\/sites\/18\/2014\/03\/1622811_755057264513946_134039529_n-225x300.jpg\" alt=\"1622811_755057264513946_134039529_n\" width=\"225\" height=\"300\" class=\"alignnone size-medium wp-image-488\" srcset=\"https:\/\/blogit.gradia.fi\/mobiilitohjaajat\/wp-content\/uploads\/sites\/18\/2014\/03\/1622811_755057264513946_134039529_n-225x300.jpg 225w, https:\/\/blogit.gradia.fi\/mobiilitohjaajat\/wp-content\/uploads\/sites\/18\/2014\/03\/1622811_755057264513946_134039529_n-504x672.jpg 504w, https:\/\/blogit.gradia.fi\/mobiilitohjaajat\/wp-content\/uploads\/sites\/18\/2014\/03\/1622811_755057264513946_134039529_n.jpg 720w\" sizes=\"auto, (max-width: 225px) 100vw, 225px\" \/><\/a><br \/>\nOppilaat ovat l\u00e4hes koko ajan langoilla, joten viestittely ei j\u00e4\u00e4 pelk\u00e4st\u00e4\u00e4n kouluaikaan. Huomaan my\u00f6s itse lipe\u00e4v\u00e4ni tsekkamaan puvustusryhm\u00e4n kuulumisia vapaa-aikana. Tosin t\u00e4m\u00e4 ei tunnu ty\u00f6lt\u00e4, vaan on upea seurata oppilaiden intoa, ja viestittelyn sujuvuutta. Olen enemm\u00e4n kuin tyytyv\u00e4inen t\u00e4h\u00e4n pikku apulaiseen.<br \/>\n\uf04a<br \/>\nSirpa Vauhkala<\/p>\n","protected":false},"excerpt":{"rendered":"<p>Kev\u00e4t on jo pitk\u00e4ll\u00e4 ja kokeilut ovat edenneet seuraavaan vaiheeseen. Lyseon lukion oppilaiden kanssa toteutettava puvustusprojekti sai p\u00e4iv\u00e4n valon ennen talvilomaa. N\u00e4ytelm\u00e4n p\u00e4\u00e4teemana on nuorten syrj\u00e4ytyminen, jota k\u00e4sitell\u00e4\u00e4n hieman poikkeavasti nuoren parin h\u00e4iss\u00e4. Syrj\u00e4ytymisen syihin siirryt\u00e4\u00e4n takaumina n\u00e4ytelm\u00e4n edetess\u00e4. Puvustusryhm\u00e4ss\u00e4 on Lyseon lukion, Jyv\u00e4skyl\u00e4n ammattiopiston ja Huoneteatterin v\u00e4ke\u00e4. Puvustuksen ideointia seuraavat my\u00f6s maskeeraajat ja kampaajat. &hellip; <a href=\"https:\/\/blogit.gradia.fi\/mobiilitohjaajat\/facebook-projektiapulaisena\/\" class=\"more-link\">Jatka lukemista <span class=\"screen-reader-text\">Facebook projektiapulaisena<\/span> <span class=\"meta-nav\">&rarr;<\/span><\/a><\/p>\n","protected":false},"author":166,"featured_media":0,"comment_status":"open","ping_status":"open","sticky":false,"template":"","format":"standard","meta":{"_uag_custom_page_level_css":"","footnotes":""},"categories":[4,25],"tags":[],"class_list":["post-486","post","type-post","status-publish","format-standard","hentry","category-facebook-ohjaus","category-vaatetus"],"yoast_head":"<!-- This site is optimized with the Yoast SEO plugin v27.5 - https:\/\/yoast.com\/product\/yoast-seo-wordpress\/ -->\n<title>Facebook projektiapulaisena - Mobiilit ohjaajat<\/title>\n<meta name=\"robots\" content=\"index, follow, max-snippet:-1, max-image-preview:large, max-video-preview:-1\" \/>\n<link rel=\"canonical\" href=\"https:\/\/blogit.gradia.fi\/mobiilitohjaajat\/facebook-projektiapulaisena\/\" \/>\n<meta property=\"og:locale\" content=\"fi_FI\" \/>\n<meta property=\"og:type\" content=\"article\" \/>\n<meta property=\"og:title\" content=\"Facebook projektiapulaisena - Mobiilit ohjaajat\" \/>\n<meta property=\"og:description\" content=\"Kev\u00e4t on jo pitk\u00e4ll\u00e4 ja kokeilut ovat edenneet seuraavaan vaiheeseen. Lyseon lukion oppilaiden kanssa toteutettava puvustusprojekti sai p\u00e4iv\u00e4n valon ennen talvilomaa. N\u00e4ytelm\u00e4n p\u00e4\u00e4teemana on nuorten syrj\u00e4ytyminen, jota k\u00e4sitell\u00e4\u00e4n hieman poikkeavasti nuoren parin h\u00e4iss\u00e4. Syrj\u00e4ytymisen syihin siirryt\u00e4\u00e4n takaumina n\u00e4ytelm\u00e4n edetess\u00e4. Puvustusryhm\u00e4ss\u00e4 on Lyseon lukion, Jyv\u00e4skyl\u00e4n ammattiopiston ja Huoneteatterin v\u00e4ke\u00e4. Puvustuksen ideointia seuraavat my\u00f6s maskeeraajat ja kampaajat. &hellip; Jatka lukemista Facebook projektiapulaisena &rarr;\" \/>\n<meta property=\"og:url\" content=\"https:\/\/blogit.gradia.fi\/mobiilitohjaajat\/facebook-projektiapulaisena\/\" \/>\n<meta property=\"og:site_name\" content=\"Mobiilit ohjaajat\" \/>\n<meta property=\"article:published_time\" content=\"2014-03-24T15:35:19+00:00\" \/>\n<meta property=\"og:image\" content=\"https:\/\/blogit.gradia.fi\/mobiilitohjaajat\/wp-content\/uploads\/sites\/18\/2014\/03\/1622811_755057264513946_134039529_n-225x300.jpg\" \/>\n<meta name=\"author\" content=\"Sirpa Vauhkala\" \/>\n<meta name=\"twitter:card\" content=\"summary_large_image\" \/>\n<meta name=\"twitter:label1\" content=\"Kirjoittanut\" \/>\n\t<meta name=\"twitter:data1\" content=\"Sirpa Vauhkala\" \/>\n\t<meta name=\"twitter:label2\" content=\"Arvioitu lukuaika\" \/>\n\t<meta name=\"twitter:data2\" content=\"1 minuutti\" \/>\n<script type=\"application\/ld+json\" class=\"yoast-schema-graph\">{\"@context\":\"https:\\\/\\\/schema.org\",\"@graph\":[{\"@type\":\"Article\",\"@id\":\"https:\\\/\\\/blogit.gradia.fi\\\/mobiilitohjaajat\\\/facebook-projektiapulaisena\\\/#article\",\"isPartOf\":{\"@id\":\"https:\\\/\\\/blogit.gradia.fi\\\/mobiilitohjaajat\\\/facebook-projektiapulaisena\\\/\"},\"author\":{\"name\":\"Sirpa Vauhkala\",\"@id\":\"https:\\\/\\\/blogit.gradia.fi\\\/mobiilitohjaajat\\\/#\\\/schema\\\/person\\\/af47f873bbb62a6a80c8178d8c589fa8\"},\"headline\":\"Facebook projektiapulaisena\",\"datePublished\":\"2014-03-24T15:35:19+00:00\",\"mainEntityOfPage\":{\"@id\":\"https:\\\/\\\/blogit.gradia.fi\\\/mobiilitohjaajat\\\/facebook-projektiapulaisena\\\/\"},\"wordCount\":271,\"commentCount\":0,\"image\":{\"@id\":\"https:\\\/\\\/blogit.gradia.fi\\\/mobiilitohjaajat\\\/facebook-projektiapulaisena\\\/#primaryimage\"},\"thumbnailUrl\":\"https:\\\/\\\/blogit.gradia.fi\\\/mobiilitohjaajat\\\/wp-content\\\/uploads\\\/sites\\\/18\\\/2014\\\/03\\\/1622811_755057264513946_134039529_n-225x300.jpg\",\"articleSection\":[\"Facebook-ohjaus\",\"Vaatetus\"],\"inLanguage\":\"fi\",\"potentialAction\":[{\"@type\":\"CommentAction\",\"name\":\"Comment\",\"target\":[\"https:\\\/\\\/blogit.gradia.fi\\\/mobiilitohjaajat\\\/facebook-projektiapulaisena\\\/#respond\"]}]},{\"@type\":\"WebPage\",\"@id\":\"https:\\\/\\\/blogit.gradia.fi\\\/mobiilitohjaajat\\\/facebook-projektiapulaisena\\\/\",\"url\":\"https:\\\/\\\/blogit.gradia.fi\\\/mobiilitohjaajat\\\/facebook-projektiapulaisena\\\/\",\"name\":\"Facebook projektiapulaisena - Mobiilit ohjaajat\",\"isPartOf\":{\"@id\":\"https:\\\/\\\/blogit.gradia.fi\\\/mobiilitohjaajat\\\/#website\"},\"primaryImageOfPage\":{\"@id\":\"https:\\\/\\\/blogit.gradia.fi\\\/mobiilitohjaajat\\\/facebook-projektiapulaisena\\\/#primaryimage\"},\"image\":{\"@id\":\"https:\\\/\\\/blogit.gradia.fi\\\/mobiilitohjaajat\\\/facebook-projektiapulaisena\\\/#primaryimage\"},\"thumbnailUrl\":\"https:\\\/\\\/blogit.gradia.fi\\\/mobiilitohjaajat\\\/wp-content\\\/uploads\\\/sites\\\/18\\\/2014\\\/03\\\/1622811_755057264513946_134039529_n-225x300.jpg\",\"datePublished\":\"2014-03-24T15:35:19+00:00\",\"author\":{\"@id\":\"https:\\\/\\\/blogit.gradia.fi\\\/mobiilitohjaajat\\\/#\\\/schema\\\/person\\\/af47f873bbb62a6a80c8178d8c589fa8\"},\"inLanguage\":\"fi\",\"potentialAction\":[{\"@type\":\"ReadAction\",\"target\":[\"https:\\\/\\\/blogit.gradia.fi\\\/mobiilitohjaajat\\\/facebook-projektiapulaisena\\\/\"]}]},{\"@type\":\"ImageObject\",\"inLanguage\":\"fi\",\"@id\":\"https:\\\/\\\/blogit.gradia.fi\\\/mobiilitohjaajat\\\/facebook-projektiapulaisena\\\/#primaryimage\",\"url\":\"https:\\\/\\\/blogit.gradia.fi\\\/mobiilitohjaajat\\\/wp-content\\\/uploads\\\/sites\\\/18\\\/2014\\\/03\\\/1622811_755057264513946_134039529_n.jpg\",\"contentUrl\":\"https:\\\/\\\/blogit.gradia.fi\\\/mobiilitohjaajat\\\/wp-content\\\/uploads\\\/sites\\\/18\\\/2014\\\/03\\\/1622811_755057264513946_134039529_n.jpg\",\"width\":720,\"height\":960},{\"@type\":\"WebSite\",\"@id\":\"https:\\\/\\\/blogit.gradia.fi\\\/mobiilitohjaajat\\\/#website\",\"url\":\"https:\\\/\\\/blogit.gradia.fi\\\/mobiilitohjaajat\\\/\",\"name\":\"Mobiilit ohjaajat\",\"description\":\"Opetushallituksen rahoittaman Mobiilit ohjaajat -hankkeen sivusto\",\"potentialAction\":[{\"@type\":\"SearchAction\",\"target\":{\"@type\":\"EntryPoint\",\"urlTemplate\":\"https:\\\/\\\/blogit.gradia.fi\\\/mobiilitohjaajat\\\/?s={search_term_string}\"},\"query-input\":{\"@type\":\"PropertyValueSpecification\",\"valueRequired\":true,\"valueName\":\"search_term_string\"}}],\"inLanguage\":\"fi\"},{\"@type\":\"Person\",\"@id\":\"https:\\\/\\\/blogit.gradia.fi\\\/mobiilitohjaajat\\\/#\\\/schema\\\/person\\\/af47f873bbb62a6a80c8178d8c589fa8\",\"name\":\"Sirpa Vauhkala\",\"image\":{\"@type\":\"ImageObject\",\"inLanguage\":\"fi\",\"@id\":\"https:\\\/\\\/secure.gravatar.com\\\/avatar\\\/dc07e6ef6ce853424587fd89ca0e92f890818c11be4a7c8db1cebecdd9fbb85e?s=96&d=mm&r=g\",\"url\":\"https:\\\/\\\/secure.gravatar.com\\\/avatar\\\/dc07e6ef6ce853424587fd89ca0e92f890818c11be4a7c8db1cebecdd9fbb85e?s=96&d=mm&r=g\",\"contentUrl\":\"https:\\\/\\\/secure.gravatar.com\\\/avatar\\\/dc07e6ef6ce853424587fd89ca0e92f890818c11be4a7c8db1cebecdd9fbb85e?s=96&d=mm&r=g\",\"caption\":\"Sirpa Vauhkala\"},\"url\":\"https:\\\/\\\/blogit.gradia.fi\\\/mobiilitohjaajat\\\/author\\\/vauhksir\\\/\"}]}<\/script>\n<!-- \/ Yoast SEO plugin. -->","yoast_head_json":{"title":"Facebook projektiapulaisena - Mobiilit ohjaajat","robots":{"index":"index","follow":"follow","max-snippet":"max-snippet:-1","max-image-preview":"max-image-preview:large","max-video-preview":"max-video-preview:-1"},"canonical":"https:\/\/blogit.gradia.fi\/mobiilitohjaajat\/facebook-projektiapulaisena\/","og_locale":"fi_FI","og_type":"article","og_title":"Facebook projektiapulaisena - Mobiilit ohjaajat","og_description":"Kev\u00e4t on jo pitk\u00e4ll\u00e4 ja kokeilut ovat edenneet seuraavaan vaiheeseen. Lyseon lukion oppilaiden kanssa toteutettava puvustusprojekti sai p\u00e4iv\u00e4n valon ennen talvilomaa. N\u00e4ytelm\u00e4n p\u00e4\u00e4teemana on nuorten syrj\u00e4ytyminen, jota k\u00e4sitell\u00e4\u00e4n hieman poikkeavasti nuoren parin h\u00e4iss\u00e4. Syrj\u00e4ytymisen syihin siirryt\u00e4\u00e4n takaumina n\u00e4ytelm\u00e4n edetess\u00e4. Puvustusryhm\u00e4ss\u00e4 on Lyseon lukion, Jyv\u00e4skyl\u00e4n ammattiopiston ja Huoneteatterin v\u00e4ke\u00e4. Puvustuksen ideointia seuraavat my\u00f6s maskeeraajat ja kampaajat. &hellip; Jatka lukemista Facebook projektiapulaisena &rarr;","og_url":"https:\/\/blogit.gradia.fi\/mobiilitohjaajat\/facebook-projektiapulaisena\/","og_site_name":"Mobiilit ohjaajat","article_published_time":"2014-03-24T15:35:19+00:00","og_image":[{"url":"https:\/\/blogit.gradia.fi\/mobiilitohjaajat\/wp-content\/uploads\/sites\/18\/2014\/03\/1622811_755057264513946_134039529_n-225x300.jpg","type":"","width":"","height":""}],"author":"Sirpa Vauhkala","twitter_card":"summary_large_image","twitter_misc":{"Kirjoittanut":"Sirpa Vauhkala","Arvioitu lukuaika":"1 minuutti"},"schema":{"@context":"https:\/\/schema.org","@graph":[{"@type":"Article","@id":"https:\/\/blogit.gradia.fi\/mobiilitohjaajat\/facebook-projektiapulaisena\/#article","isPartOf":{"@id":"https:\/\/blogit.gradia.fi\/mobiilitohjaajat\/facebook-projektiapulaisena\/"},"author":{"name":"Sirpa Vauhkala","@id":"https:\/\/blogit.gradia.fi\/mobiilitohjaajat\/#\/schema\/person\/af47f873bbb62a6a80c8178d8c589fa8"},"headline":"Facebook projektiapulaisena","datePublished":"2014-03-24T15:35:19+00:00","mainEntityOfPage":{"@id":"https:\/\/blogit.gradia.fi\/mobiilitohjaajat\/facebook-projektiapulaisena\/"},"wordCount":271,"commentCount":0,"image":{"@id":"https:\/\/blogit.gradia.fi\/mobiilitohjaajat\/facebook-projektiapulaisena\/#primaryimage"},"thumbnailUrl":"https:\/\/blogit.gradia.fi\/mobiilitohjaajat\/wp-content\/uploads\/sites\/18\/2014\/03\/1622811_755057264513946_134039529_n-225x300.jpg","articleSection":["Facebook-ohjaus","Vaatetus"],"inLanguage":"fi","potentialAction":[{"@type":"CommentAction","name":"Comment","target":["https:\/\/blogit.gradia.fi\/mobiilitohjaajat\/facebook-projektiapulaisena\/#respond"]}]},{"@type":"WebPage","@id":"https:\/\/blogit.gradia.fi\/mobiilitohjaajat\/facebook-projektiapulaisena\/","url":"https:\/\/blogit.gradia.fi\/mobiilitohjaajat\/facebook-projektiapulaisena\/","name":"Facebook projektiapulaisena - Mobiilit ohjaajat","isPartOf":{"@id":"https:\/\/blogit.gradia.fi\/mobiilitohjaajat\/#website"},"primaryImageOfPage":{"@id":"https:\/\/blogit.gradia.fi\/mobiilitohjaajat\/facebook-projektiapulaisena\/#primaryimage"},"image":{"@id":"https:\/\/blogit.gradia.fi\/mobiilitohjaajat\/facebook-projektiapulaisena\/#primaryimage"},"thumbnailUrl":"https:\/\/blogit.gradia.fi\/mobiilitohjaajat\/wp-content\/uploads\/sites\/18\/2014\/03\/1622811_755057264513946_134039529_n-225x300.jpg","datePublished":"2014-03-24T15:35:19+00:00","author":{"@id":"https:\/\/blogit.gradia.fi\/mobiilitohjaajat\/#\/schema\/person\/af47f873bbb62a6a80c8178d8c589fa8"},"inLanguage":"fi","potentialAction":[{"@type":"ReadAction","target":["https:\/\/blogit.gradia.fi\/mobiilitohjaajat\/facebook-projektiapulaisena\/"]}]},{"@type":"ImageObject","inLanguage":"fi","@id":"https:\/\/blogit.gradia.fi\/mobiilitohjaajat\/facebook-projektiapulaisena\/#primaryimage","url":"https:\/\/blogit.gradia.fi\/mobiilitohjaajat\/wp-content\/uploads\/sites\/18\/2014\/03\/1622811_755057264513946_134039529_n.jpg","contentUrl":"https:\/\/blogit.gradia.fi\/mobiilitohjaajat\/wp-content\/uploads\/sites\/18\/2014\/03\/1622811_755057264513946_134039529_n.jpg","width":720,"height":960},{"@type":"WebSite","@id":"https:\/\/blogit.gradia.fi\/mobiilitohjaajat\/#website","url":"https:\/\/blogit.gradia.fi\/mobiilitohjaajat\/","name":"Mobiilit ohjaajat","description":"Opetushallituksen rahoittaman Mobiilit ohjaajat -hankkeen sivusto","potentialAction":[{"@type":"SearchAction","target":{"@type":"EntryPoint","urlTemplate":"https:\/\/blogit.gradia.fi\/mobiilitohjaajat\/?s={search_term_string}"},"query-input":{"@type":"PropertyValueSpecification","valueRequired":true,"valueName":"search_term_string"}}],"inLanguage":"fi"},{"@type":"Person","@id":"https:\/\/blogit.gradia.fi\/mobiilitohjaajat\/#\/schema\/person\/af47f873bbb62a6a80c8178d8c589fa8","name":"Sirpa Vauhkala","image":{"@type":"ImageObject","inLanguage":"fi","@id":"https:\/\/secure.gravatar.com\/avatar\/dc07e6ef6ce853424587fd89ca0e92f890818c11be4a7c8db1cebecdd9fbb85e?s=96&d=mm&r=g","url":"https:\/\/secure.gravatar.com\/avatar\/dc07e6ef6ce853424587fd89ca0e92f890818c11be4a7c8db1cebecdd9fbb85e?s=96&d=mm&r=g","contentUrl":"https:\/\/secure.gravatar.com\/avatar\/dc07e6ef6ce853424587fd89ca0e92f890818c11be4a7c8db1cebecdd9fbb85e?s=96&d=mm&r=g","caption":"Sirpa Vauhkala"},"url":"https:\/\/blogit.gradia.fi\/mobiilitohjaajat\/author\/vauhksir\/"}]}},"uagb_featured_image_src":{"full":false,"thumbnail":false,"medium":false,"medium_large":false,"large":false,"1536x1536":false,"2048x2048":false,"post-thumbnail":false},"uagb_author_info":{"display_name":"Sirpa Vauhkala","author_link":"https:\/\/blogit.gradia.fi\/mobiilitohjaajat\/author\/vauhksir\/"},"uagb_comment_info":13,"uagb_excerpt":"Kev\u00e4t on jo pitk\u00e4ll\u00e4 ja kokeilut ovat edenneet seuraavaan vaiheeseen. Lyseon lukion oppilaiden kanssa toteutettava puvustusprojekti sai p\u00e4iv\u00e4n valon ennen talvilomaa. N\u00e4ytelm\u00e4n p\u00e4\u00e4teemana on nuorten syrj\u00e4ytyminen, jota k\u00e4sitell\u00e4\u00e4n hieman poikkeavasti nuoren parin h\u00e4iss\u00e4. Syrj\u00e4ytymisen syihin siirryt\u00e4\u00e4n takaumina n\u00e4ytelm\u00e4n edetess\u00e4. Puvustusryhm\u00e4ss\u00e4 on Lyseon lukion, Jyv\u00e4skyl\u00e4n ammattiopiston ja Huoneteatterin v\u00e4ke\u00e4. Puvustuksen ideointia seuraavat my\u00f6s maskeeraajat ja kampaajat.&hellip;","_links":{"self":[{"href":"https:\/\/blogit.gradia.fi\/mobiilitohjaajat\/wp-json\/wp\/v2\/posts\/486","targetHints":{"allow":["GET"]}}],"collection":[{"href":"https:\/\/blogit.gradia.fi\/mobiilitohjaajat\/wp-json\/wp\/v2\/posts"}],"about":[{"href":"https:\/\/blogit.gradia.fi\/mobiilitohjaajat\/wp-json\/wp\/v2\/types\/post"}],"author":[{"embeddable":true,"href":"https:\/\/blogit.gradia.fi\/mobiilitohjaajat\/wp-json\/wp\/v2\/users\/166"}],"replies":[{"embeddable":true,"href":"https:\/\/blogit.gradia.fi\/mobiilitohjaajat\/wp-json\/wp\/v2\/comments?post=486"}],"version-history":[{"count":0,"href":"https:\/\/blogit.gradia.fi\/mobiilitohjaajat\/wp-json\/wp\/v2\/posts\/486\/revisions"}],"wp:attachment":[{"href":"https:\/\/blogit.gradia.fi\/mobiilitohjaajat\/wp-json\/wp\/v2\/media?parent=486"}],"wp:term":[{"taxonomy":"category","embeddable":true,"href":"https:\/\/blogit.gradia.fi\/mobiilitohjaajat\/wp-json\/wp\/v2\/categories?post=486"},{"taxonomy":"post_tag","embeddable":true,"href":"https:\/\/blogit.gradia.fi\/mobiilitohjaajat\/wp-json\/wp\/v2\/tags?post=486"}],"curies":[{"name":"wp","href":"https:\/\/api.w.org\/{rel}","templated":true}]}}