{"id":480,"date":"2014-03-23T15:56:09","date_gmt":"2014-03-23T13:56:09","guid":{"rendered":"https:\/\/blogit.gradia.fi\/mobiilitohjaajat\/?p=480"},"modified":"2014-03-23T15:59:02","modified_gmt":"2014-03-23T13:59:02","slug":"vihdoinkin-verkossa","status":"publish","type":"post","link":"https:\/\/blogit.gradia.fi\/mobiilitohjaajat\/vihdoinkin-verkossa\/","title":{"rendered":"Vihdoinkin verkossa"},"content":{"rendered":"<p>Vihdoinkin uusi ja uljas aikakausi on alkanut! Kauan ja\u00a0hartaasti suunniteltu pienryhm\u00e4ohjaus, johon my\u00f6s verkon kautta osallistuminen on mahdollista on nyt testattu ja toimivaksi havaittu.<\/p>\n<p style=\"text-align: center\"><a href=\"https:\/\/blogit.gradia.fi\/aikuistenoikeesti\/wp-content\/uploads\/sites\/93\/2014\/03\/kuva003.jpg\"><img loading=\"lazy\" decoding=\"async\" class=\"aligncenter\" alt=\"Tiivistunnelmainen ohjaussessio\" src=\"https:\/\/blogit.gradia.fi\/aikuistenoikeesti\/wp-content\/uploads\/sites\/93\/2014\/03\/kuva003-300x168.jpg\" width=\"300\" height=\"168\" \/><\/a><\/p>\n<p>Valmistelin t\u00e4t\u00e4 ohjaustuokiota edellisen\u00e4 iltana tekem\u00e4ll\u00e4 Adobe Connectiin uuden layoutin. Latasin kokoushuoneeseen jo valmiiksi tapaamisemme aiheena olevan tutkinnonosan, Markkinointiviestinn\u00e4n toimenpiteiden suunnittelu ja toteutus, arviointilomakkeet, jotta osallistujien on helppo seurata isolta n\u00e4yt\u00f6lt\u00e4, mist\u00e4 keskustellaan. Kokoushuoneeseen valmiiksi ladatut dokumentit ovat n\u00e4ht\u00e4viss\u00e4 my\u00f6s et\u00e4n\u00e4 verkon kautta osallistuville tutkinnon suorittajille. Dokumenteille varatun tilan j\u00e4tin mahdollisimman suureksi, jotta niit\u00e4 tosiaan voisi my\u00f6s lukea. N\u00e4yt\u00f6lle varasin tilaa my\u00f6s muistiinpanoille ja chatille. Muistiinpanotila tosin osoittautui ainakin t\u00e4ll\u00e4 ensimm\u00e4isell\u00e4 harjoittelukerralla turhaksi. Sen sijaan tein muistiinpanoja uudenkarhealla tabletillani. Varmuuden vuoksi laitoin yhteen ruutuun my\u00f6s linkit Optimaan ja tutkinnon perusteisiin.<\/p>\n<p>Yksi rohkea tutkinnonsuorittaja osallistui keskusteluun ConnectPron kautta. Yhteys toimi p\u00e4\u00e4osin hyvin, kerran h\u00e4n putosi linjoilta, mutta yhteys onnistuttiin muodostamaan nopeasti uudelleen. Kuvayhteys toimi moitteetta. \u00c4\u00e4niyhteys pelasi meilt\u00e4 h\u00e4nelle, mutta ei toisinp\u00e4in. Niinp\u00e4 h\u00e4n kirjoitti kysymyksi\u00e4, vastauksia ja kommentteja Chat-objektiin. Jatkossa chat-ruutua t\u00e4ytyy suurentaa muistiinpanoruudun kustannuksella.<\/p>\n<p>Tunti k\u00e4ytettiin tosi tiiviisti juuri siihen, mihin oli tarkoitus. Koko tutkinnonosan arvioinnin kohteet ja kriteerit k\u00e4ytiin l\u00e4pi. Keskusteltiin erilaisista ja erikokoisista projekteista, joita ty\u00f6paikoilla toteutetaan ja joita voidaan hy\u00f6dynt\u00e4\u00e4 t\u00e4ss\u00e4 tutkinnonosassa.Valtaosa ei viel\u00e4 t\u00e4n\u00e4 kev\u00e4\u00e4n\u00e4 ole suunnittelemassa ko. tutkintotilaisuutta, mutta t\u00e4st\u00e4h\u00e4n se l\u00e4htee!<\/p>\n<p>Tapaaminen sai hyv\u00e4\u00e4 palautetta, my\u00f6s et\u00e4n\u00e4 osallistuneelta tutkinnon suorittajalta. Yhteen tutkinnonosaan keskittyv\u00e4\u00e4 pienryhm\u00e4ohjausta toivottiin lis\u00e4\u00e4. T\u00e4st\u00e4 rohkaistuneena varmasti t\u00e4m\u00e4ntyyppisi\u00e4 tilaisuuksia tulee lis\u00e4\u00e4.<\/p>\n<p>&#8221;Et\u00e4ohjatun&#8221; tutkinnon suorittajan ajatuksia <a href=\"https:\/\/blogit.gradia.fi\/aikuistenoikeesti\/jotain-aikuisopiskelusta-seka-kokemuksiani-verkko-ohjauksesta\/\">https:\/\/blogit.gradia.fi\/aikuistenoikeesti\/jotain-aikuisopiskelusta-seka-kokemuksiani-verkko-ohjauksesta\/<\/a><\/p>\n","protected":false},"excerpt":{"rendered":"<p>Vihdoinkin uusi ja uljas aikakausi on alkanut! Kauan ja\u00a0hartaasti suunniteltu pienryhm\u00e4ohjaus, johon my\u00f6s verkon kautta osallistuminen on mahdollista on nyt testattu ja toimivaksi havaittu. Valmistelin t\u00e4t\u00e4 ohjaustuokiota edellisen\u00e4 iltana tekem\u00e4ll\u00e4 Adobe Connectiin uuden layoutin. Latasin kokoushuoneeseen jo valmiiksi tapaamisemme aiheena olevan tutkinnonosan, Markkinointiviestinn\u00e4n toimenpiteiden suunnittelu ja toteutus, arviointilomakkeet, jotta osallistujien on helppo seurata isolta n\u00e4yt\u00f6lt\u00e4, &hellip; <a href=\"https:\/\/blogit.gradia.fi\/mobiilitohjaajat\/vihdoinkin-verkossa\/\" class=\"more-link\">Jatka lukemista <span class=\"screen-reader-text\">Vihdoinkin verkossa<\/span> <span class=\"meta-nav\">&rarr;<\/span><\/a><\/p>\n","protected":false},"author":162,"featured_media":0,"comment_status":"open","ping_status":"open","sticky":false,"template":"","format":"standard","meta":{"_uag_custom_page_level_css":"","footnotes":""},"categories":[19],"tags":[22],"class_list":["post-480","post","type-post","status-publish","format-standard","hentry","category-etaohjaus","tag-etaohjaus-2"],"yoast_head":"<!-- This site is optimized with the Yoast SEO plugin v27.5 - https:\/\/yoast.com\/product\/yoast-seo-wordpress\/ -->\n<title>Vihdoinkin verkossa - Mobiilit ohjaajat<\/title>\n<meta name=\"robots\" content=\"index, follow, max-snippet:-1, max-image-preview:large, max-video-preview:-1\" \/>\n<link rel=\"canonical\" href=\"https:\/\/blogit.gradia.fi\/mobiilitohjaajat\/vihdoinkin-verkossa\/\" \/>\n<meta property=\"og:locale\" content=\"fi_FI\" \/>\n<meta property=\"og:type\" content=\"article\" \/>\n<meta property=\"og:title\" content=\"Vihdoinkin verkossa - Mobiilit ohjaajat\" \/>\n<meta property=\"og:description\" content=\"Vihdoinkin uusi ja uljas aikakausi on alkanut! Kauan ja\u00a0hartaasti suunniteltu pienryhm\u00e4ohjaus, johon my\u00f6s verkon kautta osallistuminen on mahdollista on nyt testattu ja toimivaksi havaittu. Valmistelin t\u00e4t\u00e4 ohjaustuokiota edellisen\u00e4 iltana tekem\u00e4ll\u00e4 Adobe Connectiin uuden layoutin. Latasin kokoushuoneeseen jo valmiiksi tapaamisemme aiheena olevan tutkinnonosan, Markkinointiviestinn\u00e4n toimenpiteiden suunnittelu ja toteutus, arviointilomakkeet, jotta osallistujien on helppo seurata isolta n\u00e4yt\u00f6lt\u00e4, &hellip; Jatka lukemista Vihdoinkin verkossa &rarr;\" \/>\n<meta property=\"og:url\" content=\"https:\/\/blogit.gradia.fi\/mobiilitohjaajat\/vihdoinkin-verkossa\/\" \/>\n<meta property=\"og:site_name\" content=\"Mobiilit ohjaajat\" \/>\n<meta property=\"article:published_time\" content=\"2014-03-23T13:56:09+00:00\" \/>\n<meta property=\"article:modified_time\" content=\"2014-03-23T13:59:02+00:00\" \/>\n<meta property=\"og:image\" content=\"https:\/\/blogit.gradia.fi\/aikuistenoikeesti\/wp-content\/uploads\/sites\/93\/2014\/03\/kuva003-300x168.jpg\" \/>\n<meta name=\"author\" content=\"Sari Lehtonotko\" \/>\n<meta name=\"twitter:card\" content=\"summary_large_image\" \/>\n<meta name=\"twitter:label1\" content=\"Kirjoittanut\" \/>\n\t<meta name=\"twitter:data1\" content=\"Sari Lehtonotko\" \/>\n\t<meta name=\"twitter:label2\" content=\"Arvioitu lukuaika\" \/>\n\t<meta name=\"twitter:data2\" content=\"1 minuutti\" \/>\n<script type=\"application\/ld+json\" class=\"yoast-schema-graph\">{\"@context\":\"https:\\\/\\\/schema.org\",\"@graph\":[{\"@type\":\"Article\",\"@id\":\"https:\\\/\\\/blogit.gradia.fi\\\/mobiilitohjaajat\\\/vihdoinkin-verkossa\\\/#article\",\"isPartOf\":{\"@id\":\"https:\\\/\\\/blogit.gradia.fi\\\/mobiilitohjaajat\\\/vihdoinkin-verkossa\\\/\"},\"author\":{\"name\":\"Sari Lehtonotko\",\"@id\":\"https:\\\/\\\/blogit.gradia.fi\\\/mobiilitohjaajat\\\/#\\\/schema\\\/person\\\/bf97d0803258921d310ef875f8329122\"},\"headline\":\"Vihdoinkin verkossa\",\"datePublished\":\"2014-03-23T13:56:09+00:00\",\"dateModified\":\"2014-03-23T13:59:02+00:00\",\"mainEntityOfPage\":{\"@id\":\"https:\\\/\\\/blogit.gradia.fi\\\/mobiilitohjaajat\\\/vihdoinkin-verkossa\\\/\"},\"wordCount\":282,\"commentCount\":0,\"image\":{\"@id\":\"https:\\\/\\\/blogit.gradia.fi\\\/mobiilitohjaajat\\\/vihdoinkin-verkossa\\\/#primaryimage\"},\"thumbnailUrl\":\"https:\\\/\\\/blogit.gradia.fi\\\/aikuistenoikeesti\\\/wp-content\\\/uploads\\\/sites\\\/93\\\/2014\\\/03\\\/kuva003-300x168.jpg\",\"keywords\":[\"et\u00e4ohjaus\"],\"articleSection\":[\"Et\u00e4ohjauksen menetelm\u00e4t\"],\"inLanguage\":\"fi\",\"potentialAction\":[{\"@type\":\"CommentAction\",\"name\":\"Comment\",\"target\":[\"https:\\\/\\\/blogit.gradia.fi\\\/mobiilitohjaajat\\\/vihdoinkin-verkossa\\\/#respond\"]}]},{\"@type\":\"WebPage\",\"@id\":\"https:\\\/\\\/blogit.gradia.fi\\\/mobiilitohjaajat\\\/vihdoinkin-verkossa\\\/\",\"url\":\"https:\\\/\\\/blogit.gradia.fi\\\/mobiilitohjaajat\\\/vihdoinkin-verkossa\\\/\",\"name\":\"Vihdoinkin verkossa - Mobiilit ohjaajat\",\"isPartOf\":{\"@id\":\"https:\\\/\\\/blogit.gradia.fi\\\/mobiilitohjaajat\\\/#website\"},\"primaryImageOfPage\":{\"@id\":\"https:\\\/\\\/blogit.gradia.fi\\\/mobiilitohjaajat\\\/vihdoinkin-verkossa\\\/#primaryimage\"},\"image\":{\"@id\":\"https:\\\/\\\/blogit.gradia.fi\\\/mobiilitohjaajat\\\/vihdoinkin-verkossa\\\/#primaryimage\"},\"thumbnailUrl\":\"https:\\\/\\\/blogit.gradia.fi\\\/aikuistenoikeesti\\\/wp-content\\\/uploads\\\/sites\\\/93\\\/2014\\\/03\\\/kuva003-300x168.jpg\",\"datePublished\":\"2014-03-23T13:56:09+00:00\",\"dateModified\":\"2014-03-23T13:59:02+00:00\",\"author\":{\"@id\":\"https:\\\/\\\/blogit.gradia.fi\\\/mobiilitohjaajat\\\/#\\\/schema\\\/person\\\/bf97d0803258921d310ef875f8329122\"},\"inLanguage\":\"fi\",\"potentialAction\":[{\"@type\":\"ReadAction\",\"target\":[\"https:\\\/\\\/blogit.gradia.fi\\\/mobiilitohjaajat\\\/vihdoinkin-verkossa\\\/\"]}]},{\"@type\":\"ImageObject\",\"inLanguage\":\"fi\",\"@id\":\"https:\\\/\\\/blogit.gradia.fi\\\/mobiilitohjaajat\\\/vihdoinkin-verkossa\\\/#primaryimage\",\"url\":\"https:\\\/\\\/blogit.gradia.fi\\\/aikuistenoikeesti\\\/wp-content\\\/uploads\\\/sites\\\/93\\\/2014\\\/03\\\/kuva003-300x168.jpg\",\"contentUrl\":\"https:\\\/\\\/blogit.gradia.fi\\\/aikuistenoikeesti\\\/wp-content\\\/uploads\\\/sites\\\/93\\\/2014\\\/03\\\/kuva003-300x168.jpg\"},{\"@type\":\"WebSite\",\"@id\":\"https:\\\/\\\/blogit.gradia.fi\\\/mobiilitohjaajat\\\/#website\",\"url\":\"https:\\\/\\\/blogit.gradia.fi\\\/mobiilitohjaajat\\\/\",\"name\":\"Mobiilit ohjaajat\",\"description\":\"Opetushallituksen rahoittaman Mobiilit ohjaajat -hankkeen sivusto\",\"potentialAction\":[{\"@type\":\"SearchAction\",\"target\":{\"@type\":\"EntryPoint\",\"urlTemplate\":\"https:\\\/\\\/blogit.gradia.fi\\\/mobiilitohjaajat\\\/?s={search_term_string}\"},\"query-input\":{\"@type\":\"PropertyValueSpecification\",\"valueRequired\":true,\"valueName\":\"search_term_string\"}}],\"inLanguage\":\"fi\"},{\"@type\":\"Person\",\"@id\":\"https:\\\/\\\/blogit.gradia.fi\\\/mobiilitohjaajat\\\/#\\\/schema\\\/person\\\/bf97d0803258921d310ef875f8329122\",\"name\":\"Sari Lehtonotko\",\"image\":{\"@type\":\"ImageObject\",\"inLanguage\":\"fi\",\"@id\":\"https:\\\/\\\/secure.gravatar.com\\\/avatar\\\/2f9a0f886cf9508c3ed1fce5f4c10ba459533d60788840f895eeb8d8fd005191?s=96&d=mm&r=g\",\"url\":\"https:\\\/\\\/secure.gravatar.com\\\/avatar\\\/2f9a0f886cf9508c3ed1fce5f4c10ba459533d60788840f895eeb8d8fd005191?s=96&d=mm&r=g\",\"contentUrl\":\"https:\\\/\\\/secure.gravatar.com\\\/avatar\\\/2f9a0f886cf9508c3ed1fce5f4c10ba459533d60788840f895eeb8d8fd005191?s=96&d=mm&r=g\",\"caption\":\"Sari Lehtonotko\"},\"url\":\"https:\\\/\\\/blogit.gradia.fi\\\/mobiilitohjaajat\\\/author\\\/lehtosar\\\/\"}]}<\/script>\n<!-- \/ Yoast SEO plugin. -->","yoast_head_json":{"title":"Vihdoinkin verkossa - Mobiilit ohjaajat","robots":{"index":"index","follow":"follow","max-snippet":"max-snippet:-1","max-image-preview":"max-image-preview:large","max-video-preview":"max-video-preview:-1"},"canonical":"https:\/\/blogit.gradia.fi\/mobiilitohjaajat\/vihdoinkin-verkossa\/","og_locale":"fi_FI","og_type":"article","og_title":"Vihdoinkin verkossa - Mobiilit ohjaajat","og_description":"Vihdoinkin uusi ja uljas aikakausi on alkanut! Kauan ja\u00a0hartaasti suunniteltu pienryhm\u00e4ohjaus, johon my\u00f6s verkon kautta osallistuminen on mahdollista on nyt testattu ja toimivaksi havaittu. Valmistelin t\u00e4t\u00e4 ohjaustuokiota edellisen\u00e4 iltana tekem\u00e4ll\u00e4 Adobe Connectiin uuden layoutin. Latasin kokoushuoneeseen jo valmiiksi tapaamisemme aiheena olevan tutkinnonosan, Markkinointiviestinn\u00e4n toimenpiteiden suunnittelu ja toteutus, arviointilomakkeet, jotta osallistujien on helppo seurata isolta n\u00e4yt\u00f6lt\u00e4, &hellip; Jatka lukemista Vihdoinkin verkossa &rarr;","og_url":"https:\/\/blogit.gradia.fi\/mobiilitohjaajat\/vihdoinkin-verkossa\/","og_site_name":"Mobiilit ohjaajat","article_published_time":"2014-03-23T13:56:09+00:00","article_modified_time":"2014-03-23T13:59:02+00:00","og_image":[{"url":"https:\/\/blogit.gradia.fi\/aikuistenoikeesti\/wp-content\/uploads\/sites\/93\/2014\/03\/kuva003-300x168.jpg","type":"","width":"","height":""}],"author":"Sari Lehtonotko","twitter_card":"summary_large_image","twitter_misc":{"Kirjoittanut":"Sari Lehtonotko","Arvioitu lukuaika":"1 minuutti"},"schema":{"@context":"https:\/\/schema.org","@graph":[{"@type":"Article","@id":"https:\/\/blogit.gradia.fi\/mobiilitohjaajat\/vihdoinkin-verkossa\/#article","isPartOf":{"@id":"https:\/\/blogit.gradia.fi\/mobiilitohjaajat\/vihdoinkin-verkossa\/"},"author":{"name":"Sari Lehtonotko","@id":"https:\/\/blogit.gradia.fi\/mobiilitohjaajat\/#\/schema\/person\/bf97d0803258921d310ef875f8329122"},"headline":"Vihdoinkin verkossa","datePublished":"2014-03-23T13:56:09+00:00","dateModified":"2014-03-23T13:59:02+00:00","mainEntityOfPage":{"@id":"https:\/\/blogit.gradia.fi\/mobiilitohjaajat\/vihdoinkin-verkossa\/"},"wordCount":282,"commentCount":0,"image":{"@id":"https:\/\/blogit.gradia.fi\/mobiilitohjaajat\/vihdoinkin-verkossa\/#primaryimage"},"thumbnailUrl":"https:\/\/blogit.gradia.fi\/aikuistenoikeesti\/wp-content\/uploads\/sites\/93\/2014\/03\/kuva003-300x168.jpg","keywords":["et\u00e4ohjaus"],"articleSection":["Et\u00e4ohjauksen menetelm\u00e4t"],"inLanguage":"fi","potentialAction":[{"@type":"CommentAction","name":"Comment","target":["https:\/\/blogit.gradia.fi\/mobiilitohjaajat\/vihdoinkin-verkossa\/#respond"]}]},{"@type":"WebPage","@id":"https:\/\/blogit.gradia.fi\/mobiilitohjaajat\/vihdoinkin-verkossa\/","url":"https:\/\/blogit.gradia.fi\/mobiilitohjaajat\/vihdoinkin-verkossa\/","name":"Vihdoinkin verkossa - Mobiilit ohjaajat","isPartOf":{"@id":"https:\/\/blogit.gradia.fi\/mobiilitohjaajat\/#website"},"primaryImageOfPage":{"@id":"https:\/\/blogit.gradia.fi\/mobiilitohjaajat\/vihdoinkin-verkossa\/#primaryimage"},"image":{"@id":"https:\/\/blogit.gradia.fi\/mobiilitohjaajat\/vihdoinkin-verkossa\/#primaryimage"},"thumbnailUrl":"https:\/\/blogit.gradia.fi\/aikuistenoikeesti\/wp-content\/uploads\/sites\/93\/2014\/03\/kuva003-300x168.jpg","datePublished":"2014-03-23T13:56:09+00:00","dateModified":"2014-03-23T13:59:02+00:00","author":{"@id":"https:\/\/blogit.gradia.fi\/mobiilitohjaajat\/#\/schema\/person\/bf97d0803258921d310ef875f8329122"},"inLanguage":"fi","potentialAction":[{"@type":"ReadAction","target":["https:\/\/blogit.gradia.fi\/mobiilitohjaajat\/vihdoinkin-verkossa\/"]}]},{"@type":"ImageObject","inLanguage":"fi","@id":"https:\/\/blogit.gradia.fi\/mobiilitohjaajat\/vihdoinkin-verkossa\/#primaryimage","url":"https:\/\/blogit.gradia.fi\/aikuistenoikeesti\/wp-content\/uploads\/sites\/93\/2014\/03\/kuva003-300x168.jpg","contentUrl":"https:\/\/blogit.gradia.fi\/aikuistenoikeesti\/wp-content\/uploads\/sites\/93\/2014\/03\/kuva003-300x168.jpg"},{"@type":"WebSite","@id":"https:\/\/blogit.gradia.fi\/mobiilitohjaajat\/#website","url":"https:\/\/blogit.gradia.fi\/mobiilitohjaajat\/","name":"Mobiilit ohjaajat","description":"Opetushallituksen rahoittaman Mobiilit ohjaajat -hankkeen sivusto","potentialAction":[{"@type":"SearchAction","target":{"@type":"EntryPoint","urlTemplate":"https:\/\/blogit.gradia.fi\/mobiilitohjaajat\/?s={search_term_string}"},"query-input":{"@type":"PropertyValueSpecification","valueRequired":true,"valueName":"search_term_string"}}],"inLanguage":"fi"},{"@type":"Person","@id":"https:\/\/blogit.gradia.fi\/mobiilitohjaajat\/#\/schema\/person\/bf97d0803258921d310ef875f8329122","name":"Sari Lehtonotko","image":{"@type":"ImageObject","inLanguage":"fi","@id":"https:\/\/secure.gravatar.com\/avatar\/2f9a0f886cf9508c3ed1fce5f4c10ba459533d60788840f895eeb8d8fd005191?s=96&d=mm&r=g","url":"https:\/\/secure.gravatar.com\/avatar\/2f9a0f886cf9508c3ed1fce5f4c10ba459533d60788840f895eeb8d8fd005191?s=96&d=mm&r=g","contentUrl":"https:\/\/secure.gravatar.com\/avatar\/2f9a0f886cf9508c3ed1fce5f4c10ba459533d60788840f895eeb8d8fd005191?s=96&d=mm&r=g","caption":"Sari Lehtonotko"},"url":"https:\/\/blogit.gradia.fi\/mobiilitohjaajat\/author\/lehtosar\/"}]}},"uagb_featured_image_src":{"full":false,"thumbnail":false,"medium":false,"medium_large":false,"large":false,"1536x1536":false,"2048x2048":false,"post-thumbnail":false},"uagb_author_info":{"display_name":"Sari Lehtonotko","author_link":"https:\/\/blogit.gradia.fi\/mobiilitohjaajat\/author\/lehtosar\/"},"uagb_comment_info":0,"uagb_excerpt":"Vihdoinkin uusi ja uljas aikakausi on alkanut! Kauan ja\u00a0hartaasti suunniteltu pienryhm\u00e4ohjaus, johon my\u00f6s verkon kautta osallistuminen on mahdollista on nyt testattu ja toimivaksi havaittu. Valmistelin t\u00e4t\u00e4 ohjaustuokiota edellisen\u00e4 iltana tekem\u00e4ll\u00e4 Adobe Connectiin uuden layoutin. Latasin kokoushuoneeseen jo valmiiksi tapaamisemme aiheena olevan tutkinnonosan, Markkinointiviestinn\u00e4n toimenpiteiden suunnittelu ja toteutus, arviointilomakkeet, jotta osallistujien on helppo seurata isolta n\u00e4yt\u00f6lt\u00e4,&hellip;","_links":{"self":[{"href":"https:\/\/blogit.gradia.fi\/mobiilitohjaajat\/wp-json\/wp\/v2\/posts\/480","targetHints":{"allow":["GET"]}}],"collection":[{"href":"https:\/\/blogit.gradia.fi\/mobiilitohjaajat\/wp-json\/wp\/v2\/posts"}],"about":[{"href":"https:\/\/blogit.gradia.fi\/mobiilitohjaajat\/wp-json\/wp\/v2\/types\/post"}],"author":[{"embeddable":true,"href":"https:\/\/blogit.gradia.fi\/mobiilitohjaajat\/wp-json\/wp\/v2\/users\/162"}],"replies":[{"embeddable":true,"href":"https:\/\/blogit.gradia.fi\/mobiilitohjaajat\/wp-json\/wp\/v2\/comments?post=480"}],"version-history":[{"count":0,"href":"https:\/\/blogit.gradia.fi\/mobiilitohjaajat\/wp-json\/wp\/v2\/posts\/480\/revisions"}],"wp:attachment":[{"href":"https:\/\/blogit.gradia.fi\/mobiilitohjaajat\/wp-json\/wp\/v2\/media?parent=480"}],"wp:term":[{"taxonomy":"category","embeddable":true,"href":"https:\/\/blogit.gradia.fi\/mobiilitohjaajat\/wp-json\/wp\/v2\/categories?post=480"},{"taxonomy":"post_tag","embeddable":true,"href":"https:\/\/blogit.gradia.fi\/mobiilitohjaajat\/wp-json\/wp\/v2\/tags?post=480"}],"curies":[{"name":"wp","href":"https:\/\/api.w.org\/{rel}","templated":true}]}}