{"id":470,"date":"2014-02-25T14:05:03","date_gmt":"2014-02-25T12:05:03","guid":{"rendered":"https:\/\/blogit.gradia.fi\/mobiilitohjaajat\/?p=470"},"modified":"2014-02-25T14:05:03","modified_gmt":"2014-02-25T12:05:03","slug":"viisi-pienta-ipadia","status":"publish","type":"post","link":"https:\/\/blogit.gradia.fi\/mobiilitohjaajat\/viisi-pienta-ipadia\/","title":{"rendered":"Viisi pient\u00e4 ipadia"},"content":{"rendered":"<p>Olen t\u00e4n\u00e4\u00e4n saanut k\u00e4ytt\u00f6\u00f6mme hankkeen puitteissa hankitut viisi pient\u00e4 Ipadia. Kuudes meni Sirpalle, joten h\u00e4nkin p\u00e4\u00e4see hankkeissa eteenp\u00e4in.<br \/>\nP\u00e4ivitimme ipadit k\u00e4ytt\u00f6kuntoon. N\u00e4in neitsytmatkalle varustaiduimme mm. Imovilla, facetime -yhteydell\u00e4 ja You Tube Capturella.<\/p>\n<p>Ensi viikolla on tarkoitus aloittaa vaihtoehtopedagogiat -kurssi ja siis hy\u00f6dynt\u00e4\u00e4 siin\u00e4 n\u00e4it\u00e4 uusia laitteita. Puitteet ovat hyv\u00e4t; meill\u00e4 on tiivis kaksiviikkoinen ja runsaasti ty\u00f6j\u00e4rjestyksess\u00e4 aikaa kurssia toteuttaa. Aihe on palkitseva ja ipadien k\u00e4ytt\u00f6  tukee sit\u00e4 vaihtoehtoisena toteutustapana. Opiskelijoita on yhteens\u00e4 13. He ty\u00f6skentelev\u00e4t 2-3- hengen ryhmiss\u00e4. Kukin ryhm\u00e4 saa ipadin k\u00e4ytt\u00f6\u00f6ns\u00e4.<\/p>\n<p>Tavoitteena on tietenkin ensisijaisesti tutustua eri vaihtoehtopedagogiikkoihin. Oppimismateriaalin opiskelijat tuottavat itse. Ensin he tutustuvat taustamateriaaliin netiss\u00e4, kirjallisuutta hy\u00f6dynt\u00e4en ja asiantuntijoita haastatellen. Sen j\u00e4lkeen he laativat aiheesta k\u00e4sikirjoituksen ja tuottavat pienen videon, jossa tuovat esille &#8221;oman&#8221; pedagogiikkansa perusajatukset. Kaikista mukavista sovelluksista, joihin Eskon kanssa olemme tutustuneet, p\u00e4\u00e4dyin imovien k\u00e4ytt\u00f6\u00f6n. Se tuntui turvalliselta ja selke\u00e4lt\u00e4 aloitukselta -ja mahdollisuuksia toteutukseen se kuitenkin antaa jonkin verran.<br \/>\nOsa ty\u00f6ajasta on ryhmien itsen\u00e4ist\u00e4 ty\u00f6skenty\u00e4, jolloin olen tavoitettavissa Facetime-yhteyden avulla. Valmius videoiden lataamiseen YouTubessa lis\u00e4ttiin laitteisiin my\u00f6skin.<br \/>\nValmis materiaali videoineen ja ty\u00f6skentelyraporteineen kootaan Moodleen. Videot katsotaan yhdess\u00e4 viimeisell\u00e4 kerralla sek\u00e4 arvioidaan tuotokset, oppiminen ja koko prosessi.<\/p>\n<p>Katsotaan miten k\u00e4y!<\/p>\n","protected":false},"excerpt":{"rendered":"<p>Olen t\u00e4n\u00e4\u00e4n saanut k\u00e4ytt\u00f6\u00f6mme hankkeen puitteissa hankitut viisi pient\u00e4 Ipadia. Kuudes meni Sirpalle, joten h\u00e4nkin p\u00e4\u00e4see hankkeissa eteenp\u00e4in. P\u00e4ivitimme ipadit k\u00e4ytt\u00f6kuntoon. N\u00e4in neitsytmatkalle varustaiduimme mm. Imovilla, facetime -yhteydell\u00e4 ja You Tube Capturella. Ensi viikolla on tarkoitus aloittaa vaihtoehtopedagogiat -kurssi ja siis hy\u00f6dynt\u00e4\u00e4 siin\u00e4 n\u00e4it\u00e4 uusia laitteita. Puitteet ovat hyv\u00e4t; meill\u00e4 on tiivis kaksiviikkoinen ja runsaasti &hellip; <a href=\"https:\/\/blogit.gradia.fi\/mobiilitohjaajat\/viisi-pienta-ipadia\/\" class=\"more-link\">Jatka lukemista <span class=\"screen-reader-text\">Viisi pient\u00e4 ipadia<\/span> <span class=\"meta-nav\">&rarr;<\/span><\/a><\/p>\n","protected":false},"author":169,"featured_media":0,"comment_status":"open","ping_status":"open","sticky":false,"template":"","format":"standard","meta":{"_uag_custom_page_level_css":"","footnotes":""},"categories":[1],"tags":[],"class_list":["post-470","post","type-post","status-publish","format-standard","hentry","category-yleinen"],"yoast_head":"<!-- This site is optimized with the Yoast SEO plugin v27.5 - https:\/\/yoast.com\/product\/yoast-seo-wordpress\/ -->\n<title>Viisi pient\u00e4 ipadia - Mobiilit ohjaajat<\/title>\n<meta name=\"robots\" content=\"index, follow, max-snippet:-1, max-image-preview:large, max-video-preview:-1\" \/>\n<link rel=\"canonical\" href=\"https:\/\/blogit.gradia.fi\/mobiilitohjaajat\/viisi-pienta-ipadia\/\" \/>\n<meta property=\"og:locale\" content=\"fi_FI\" \/>\n<meta property=\"og:type\" content=\"article\" \/>\n<meta property=\"og:title\" content=\"Viisi pient\u00e4 ipadia - Mobiilit ohjaajat\" \/>\n<meta property=\"og:description\" content=\"Olen t\u00e4n\u00e4\u00e4n saanut k\u00e4ytt\u00f6\u00f6mme hankkeen puitteissa hankitut viisi pient\u00e4 Ipadia. Kuudes meni Sirpalle, joten h\u00e4nkin p\u00e4\u00e4see hankkeissa eteenp\u00e4in. P\u00e4ivitimme ipadit k\u00e4ytt\u00f6kuntoon. N\u00e4in neitsytmatkalle varustaiduimme mm. Imovilla, facetime -yhteydell\u00e4 ja You Tube Capturella. Ensi viikolla on tarkoitus aloittaa vaihtoehtopedagogiat -kurssi ja siis hy\u00f6dynt\u00e4\u00e4 siin\u00e4 n\u00e4it\u00e4 uusia laitteita. Puitteet ovat hyv\u00e4t; meill\u00e4 on tiivis kaksiviikkoinen ja runsaasti &hellip; Jatka lukemista Viisi pient\u00e4 ipadia &rarr;\" \/>\n<meta property=\"og:url\" content=\"https:\/\/blogit.gradia.fi\/mobiilitohjaajat\/viisi-pienta-ipadia\/\" \/>\n<meta property=\"og:site_name\" content=\"Mobiilit ohjaajat\" \/>\n<meta property=\"article:published_time\" content=\"2014-02-25T12:05:03+00:00\" \/>\n<meta name=\"author\" content=\"Leena Nurminen\" \/>\n<meta name=\"twitter:card\" content=\"summary_large_image\" \/>\n<meta name=\"twitter:label1\" content=\"Kirjoittanut\" \/>\n\t<meta name=\"twitter:data1\" content=\"Leena Nurminen\" \/>\n\t<meta name=\"twitter:label2\" content=\"Arvioitu lukuaika\" \/>\n\t<meta name=\"twitter:data2\" content=\"1 minuutti\" \/>\n<script type=\"application\/ld+json\" class=\"yoast-schema-graph\">{\"@context\":\"https:\\\/\\\/schema.org\",\"@graph\":[{\"@type\":\"Article\",\"@id\":\"https:\\\/\\\/blogit.gradia.fi\\\/mobiilitohjaajat\\\/viisi-pienta-ipadia\\\/#article\",\"isPartOf\":{\"@id\":\"https:\\\/\\\/blogit.gradia.fi\\\/mobiilitohjaajat\\\/viisi-pienta-ipadia\\\/\"},\"author\":{\"name\":\"Leena Nurminen\",\"@id\":\"https:\\\/\\\/blogit.gradia.fi\\\/mobiilitohjaajat\\\/#\\\/schema\\\/person\\\/b2ac693fc0e5adc7e939a37b385ce990\"},\"headline\":\"Viisi pient\u00e4 ipadia\",\"datePublished\":\"2014-02-25T12:05:03+00:00\",\"mainEntityOfPage\":{\"@id\":\"https:\\\/\\\/blogit.gradia.fi\\\/mobiilitohjaajat\\\/viisi-pienta-ipadia\\\/\"},\"wordCount\":224,\"commentCount\":0,\"inLanguage\":\"fi\",\"potentialAction\":[{\"@type\":\"CommentAction\",\"name\":\"Comment\",\"target\":[\"https:\\\/\\\/blogit.gradia.fi\\\/mobiilitohjaajat\\\/viisi-pienta-ipadia\\\/#respond\"]}]},{\"@type\":\"WebPage\",\"@id\":\"https:\\\/\\\/blogit.gradia.fi\\\/mobiilitohjaajat\\\/viisi-pienta-ipadia\\\/\",\"url\":\"https:\\\/\\\/blogit.gradia.fi\\\/mobiilitohjaajat\\\/viisi-pienta-ipadia\\\/\",\"name\":\"Viisi pient\u00e4 ipadia - Mobiilit ohjaajat\",\"isPartOf\":{\"@id\":\"https:\\\/\\\/blogit.gradia.fi\\\/mobiilitohjaajat\\\/#website\"},\"datePublished\":\"2014-02-25T12:05:03+00:00\",\"author\":{\"@id\":\"https:\\\/\\\/blogit.gradia.fi\\\/mobiilitohjaajat\\\/#\\\/schema\\\/person\\\/b2ac693fc0e5adc7e939a37b385ce990\"},\"inLanguage\":\"fi\",\"potentialAction\":[{\"@type\":\"ReadAction\",\"target\":[\"https:\\\/\\\/blogit.gradia.fi\\\/mobiilitohjaajat\\\/viisi-pienta-ipadia\\\/\"]}]},{\"@type\":\"WebSite\",\"@id\":\"https:\\\/\\\/blogit.gradia.fi\\\/mobiilitohjaajat\\\/#website\",\"url\":\"https:\\\/\\\/blogit.gradia.fi\\\/mobiilitohjaajat\\\/\",\"name\":\"Mobiilit ohjaajat\",\"description\":\"Opetushallituksen rahoittaman Mobiilit ohjaajat -hankkeen sivusto\",\"potentialAction\":[{\"@type\":\"SearchAction\",\"target\":{\"@type\":\"EntryPoint\",\"urlTemplate\":\"https:\\\/\\\/blogit.gradia.fi\\\/mobiilitohjaajat\\\/?s={search_term_string}\"},\"query-input\":{\"@type\":\"PropertyValueSpecification\",\"valueRequired\":true,\"valueName\":\"search_term_string\"}}],\"inLanguage\":\"fi\"},{\"@type\":\"Person\",\"@id\":\"https:\\\/\\\/blogit.gradia.fi\\\/mobiilitohjaajat\\\/#\\\/schema\\\/person\\\/b2ac693fc0e5adc7e939a37b385ce990\",\"name\":\"Leena Nurminen\",\"image\":{\"@type\":\"ImageObject\",\"inLanguage\":\"fi\",\"@id\":\"https:\\\/\\\/secure.gravatar.com\\\/avatar\\\/1a0d894d440473584b238838b219628c1cf05a35cf672ca20a30147cd1f021b6?s=96&d=mm&r=g\",\"url\":\"https:\\\/\\\/secure.gravatar.com\\\/avatar\\\/1a0d894d440473584b238838b219628c1cf05a35cf672ca20a30147cd1f021b6?s=96&d=mm&r=g\",\"contentUrl\":\"https:\\\/\\\/secure.gravatar.com\\\/avatar\\\/1a0d894d440473584b238838b219628c1cf05a35cf672ca20a30147cd1f021b6?s=96&d=mm&r=g\",\"caption\":\"Leena Nurminen\"},\"url\":\"https:\\\/\\\/blogit.gradia.fi\\\/mobiilitohjaajat\\\/author\\\/leenanur\\\/\"}]}<\/script>\n<!-- \/ Yoast SEO plugin. -->","yoast_head_json":{"title":"Viisi pient\u00e4 ipadia - Mobiilit ohjaajat","robots":{"index":"index","follow":"follow","max-snippet":"max-snippet:-1","max-image-preview":"max-image-preview:large","max-video-preview":"max-video-preview:-1"},"canonical":"https:\/\/blogit.gradia.fi\/mobiilitohjaajat\/viisi-pienta-ipadia\/","og_locale":"fi_FI","og_type":"article","og_title":"Viisi pient\u00e4 ipadia - Mobiilit ohjaajat","og_description":"Olen t\u00e4n\u00e4\u00e4n saanut k\u00e4ytt\u00f6\u00f6mme hankkeen puitteissa hankitut viisi pient\u00e4 Ipadia. Kuudes meni Sirpalle, joten h\u00e4nkin p\u00e4\u00e4see hankkeissa eteenp\u00e4in. P\u00e4ivitimme ipadit k\u00e4ytt\u00f6kuntoon. N\u00e4in neitsytmatkalle varustaiduimme mm. Imovilla, facetime -yhteydell\u00e4 ja You Tube Capturella. Ensi viikolla on tarkoitus aloittaa vaihtoehtopedagogiat -kurssi ja siis hy\u00f6dynt\u00e4\u00e4 siin\u00e4 n\u00e4it\u00e4 uusia laitteita. Puitteet ovat hyv\u00e4t; meill\u00e4 on tiivis kaksiviikkoinen ja runsaasti &hellip; Jatka lukemista Viisi pient\u00e4 ipadia &rarr;","og_url":"https:\/\/blogit.gradia.fi\/mobiilitohjaajat\/viisi-pienta-ipadia\/","og_site_name":"Mobiilit ohjaajat","article_published_time":"2014-02-25T12:05:03+00:00","author":"Leena Nurminen","twitter_card":"summary_large_image","twitter_misc":{"Kirjoittanut":"Leena Nurminen","Arvioitu lukuaika":"1 minuutti"},"schema":{"@context":"https:\/\/schema.org","@graph":[{"@type":"Article","@id":"https:\/\/blogit.gradia.fi\/mobiilitohjaajat\/viisi-pienta-ipadia\/#article","isPartOf":{"@id":"https:\/\/blogit.gradia.fi\/mobiilitohjaajat\/viisi-pienta-ipadia\/"},"author":{"name":"Leena Nurminen","@id":"https:\/\/blogit.gradia.fi\/mobiilitohjaajat\/#\/schema\/person\/b2ac693fc0e5adc7e939a37b385ce990"},"headline":"Viisi pient\u00e4 ipadia","datePublished":"2014-02-25T12:05:03+00:00","mainEntityOfPage":{"@id":"https:\/\/blogit.gradia.fi\/mobiilitohjaajat\/viisi-pienta-ipadia\/"},"wordCount":224,"commentCount":0,"inLanguage":"fi","potentialAction":[{"@type":"CommentAction","name":"Comment","target":["https:\/\/blogit.gradia.fi\/mobiilitohjaajat\/viisi-pienta-ipadia\/#respond"]}]},{"@type":"WebPage","@id":"https:\/\/blogit.gradia.fi\/mobiilitohjaajat\/viisi-pienta-ipadia\/","url":"https:\/\/blogit.gradia.fi\/mobiilitohjaajat\/viisi-pienta-ipadia\/","name":"Viisi pient\u00e4 ipadia - Mobiilit ohjaajat","isPartOf":{"@id":"https:\/\/blogit.gradia.fi\/mobiilitohjaajat\/#website"},"datePublished":"2014-02-25T12:05:03+00:00","author":{"@id":"https:\/\/blogit.gradia.fi\/mobiilitohjaajat\/#\/schema\/person\/b2ac693fc0e5adc7e939a37b385ce990"},"inLanguage":"fi","potentialAction":[{"@type":"ReadAction","target":["https:\/\/blogit.gradia.fi\/mobiilitohjaajat\/viisi-pienta-ipadia\/"]}]},{"@type":"WebSite","@id":"https:\/\/blogit.gradia.fi\/mobiilitohjaajat\/#website","url":"https:\/\/blogit.gradia.fi\/mobiilitohjaajat\/","name":"Mobiilit ohjaajat","description":"Opetushallituksen rahoittaman Mobiilit ohjaajat -hankkeen sivusto","potentialAction":[{"@type":"SearchAction","target":{"@type":"EntryPoint","urlTemplate":"https:\/\/blogit.gradia.fi\/mobiilitohjaajat\/?s={search_term_string}"},"query-input":{"@type":"PropertyValueSpecification","valueRequired":true,"valueName":"search_term_string"}}],"inLanguage":"fi"},{"@type":"Person","@id":"https:\/\/blogit.gradia.fi\/mobiilitohjaajat\/#\/schema\/person\/b2ac693fc0e5adc7e939a37b385ce990","name":"Leena Nurminen","image":{"@type":"ImageObject","inLanguage":"fi","@id":"https:\/\/secure.gravatar.com\/avatar\/1a0d894d440473584b238838b219628c1cf05a35cf672ca20a30147cd1f021b6?s=96&d=mm&r=g","url":"https:\/\/secure.gravatar.com\/avatar\/1a0d894d440473584b238838b219628c1cf05a35cf672ca20a30147cd1f021b6?s=96&d=mm&r=g","contentUrl":"https:\/\/secure.gravatar.com\/avatar\/1a0d894d440473584b238838b219628c1cf05a35cf672ca20a30147cd1f021b6?s=96&d=mm&r=g","caption":"Leena Nurminen"},"url":"https:\/\/blogit.gradia.fi\/mobiilitohjaajat\/author\/leenanur\/"}]}},"uagb_featured_image_src":{"full":false,"thumbnail":false,"medium":false,"medium_large":false,"large":false,"1536x1536":false,"2048x2048":false,"post-thumbnail":false},"uagb_author_info":{"display_name":"Leena Nurminen","author_link":"https:\/\/blogit.gradia.fi\/mobiilitohjaajat\/author\/leenanur\/"},"uagb_comment_info":0,"uagb_excerpt":"Olen t\u00e4n\u00e4\u00e4n saanut k\u00e4ytt\u00f6\u00f6mme hankkeen puitteissa hankitut viisi pient\u00e4 Ipadia. Kuudes meni Sirpalle, joten h\u00e4nkin p\u00e4\u00e4see hankkeissa eteenp\u00e4in. P\u00e4ivitimme ipadit k\u00e4ytt\u00f6kuntoon. N\u00e4in neitsytmatkalle varustaiduimme mm. Imovilla, facetime -yhteydell\u00e4 ja You Tube Capturella. Ensi viikolla on tarkoitus aloittaa vaihtoehtopedagogiat -kurssi ja siis hy\u00f6dynt\u00e4\u00e4 siin\u00e4 n\u00e4it\u00e4 uusia laitteita. Puitteet ovat hyv\u00e4t; meill\u00e4 on tiivis kaksiviikkoinen ja runsaasti&hellip;","_links":{"self":[{"href":"https:\/\/blogit.gradia.fi\/mobiilitohjaajat\/wp-json\/wp\/v2\/posts\/470","targetHints":{"allow":["GET"]}}],"collection":[{"href":"https:\/\/blogit.gradia.fi\/mobiilitohjaajat\/wp-json\/wp\/v2\/posts"}],"about":[{"href":"https:\/\/blogit.gradia.fi\/mobiilitohjaajat\/wp-json\/wp\/v2\/types\/post"}],"author":[{"embeddable":true,"href":"https:\/\/blogit.gradia.fi\/mobiilitohjaajat\/wp-json\/wp\/v2\/users\/169"}],"replies":[{"embeddable":true,"href":"https:\/\/blogit.gradia.fi\/mobiilitohjaajat\/wp-json\/wp\/v2\/comments?post=470"}],"version-history":[{"count":0,"href":"https:\/\/blogit.gradia.fi\/mobiilitohjaajat\/wp-json\/wp\/v2\/posts\/470\/revisions"}],"wp:attachment":[{"href":"https:\/\/blogit.gradia.fi\/mobiilitohjaajat\/wp-json\/wp\/v2\/media?parent=470"}],"wp:term":[{"taxonomy":"category","embeddable":true,"href":"https:\/\/blogit.gradia.fi\/mobiilitohjaajat\/wp-json\/wp\/v2\/categories?post=470"},{"taxonomy":"post_tag","embeddable":true,"href":"https:\/\/blogit.gradia.fi\/mobiilitohjaajat\/wp-json\/wp\/v2\/tags?post=470"}],"curies":[{"name":"wp","href":"https:\/\/api.w.org\/{rel}","templated":true}]}}