{"id":441,"date":"2014-02-20T12:58:05","date_gmt":"2014-02-20T10:58:05","guid":{"rendered":"https:\/\/blogit.gradia.fi\/mobiilitohjaajat\/?p=441"},"modified":"2014-02-20T13:15:40","modified_gmt":"2014-02-20T11:15:40","slug":"mobiilia-ohjausta-ja-pedagogiikkaa-ammatillisella-kentalla","status":"publish","type":"post","link":"https:\/\/blogit.gradia.fi\/mobiilitohjaajat\/mobiilia-ohjausta-ja-pedagogiikkaa-ammatillisella-kentalla\/","title":{"rendered":"Mobiilia ohjausta ja pedagogiikkaa ammatillisella kent\u00e4ll\u00e4"},"content":{"rendered":"<p>T\u00e4ss\u00e4 esityksess\u00e4 hahmotellaan, mit\u00e4\u00a0uutta mobiilius ja mobiililaitteiden tulo\u00a0oppilaitoksiin\u00a0tuovat opetukseen ja ohjaukseen ammatillisella kent\u00e4ll\u00e4, jossa ty\u00f6ss\u00e4oppiminen on keskeisen t\u00e4rke\u00e4 opiskelun muoto. Klikkaa kuvaa ja p\u00e4\u00e4set\u00a0esitykseen:<\/p>\n<p style=\"text-align: center\"><a href=\"http:\/\/www.slideshare.net\/hannafrilander3\/mobiilit-ohjaajat-mobiiliapedagogiikkaa200114\"><img loading=\"lazy\" decoding=\"async\" class=\"aligncenter size-large wp-image-454\" alt=\"Mobiilit_ohjaajat_kuva\" src=\"https:\/\/blogit.gradia.fi\/mobiilitohjaajat\/wp-content\/uploads\/sites\/18\/2014\/02\/Mobiilit_ohjaajat_testi-888x666.jpg\" width=\"400\" height=\"300\" srcset=\"https:\/\/blogit.gradia.fi\/mobiilitohjaajat\/wp-content\/uploads\/sites\/18\/2014\/02\/Mobiilit_ohjaajat_testi-888x666.jpg 888w, https:\/\/blogit.gradia.fi\/mobiilitohjaajat\/wp-content\/uploads\/sites\/18\/2014\/02\/Mobiilit_ohjaajat_testi-300x225.jpg 300w, https:\/\/blogit.gradia.fi\/mobiilitohjaajat\/wp-content\/uploads\/sites\/18\/2014\/02\/Mobiilit_ohjaajat_testi-504x378.jpg 504w, https:\/\/blogit.gradia.fi\/mobiilitohjaajat\/wp-content\/uploads\/sites\/18\/2014\/02\/Mobiilit_ohjaajat_testi.jpg 960w\" sizes=\"auto, (max-width: 400px) 100vw, 400px\" \/><\/a><\/p>\n<p>&nbsp;<\/p>\n<p>&nbsp;<\/p>\n","protected":false},"excerpt":{"rendered":"<p>T\u00e4ss\u00e4 esityksess\u00e4 hahmotellaan, mit\u00e4\u00a0uutta mobiilius ja mobiililaitteiden tulo\u00a0oppilaitoksiin\u00a0tuovat opetukseen ja ohjaukseen ammatillisella kent\u00e4ll\u00e4, jossa ty\u00f6ss\u00e4oppiminen on keskeisen t\u00e4rke\u00e4 opiskelun muoto. Klikkaa kuvaa ja p\u00e4\u00e4set\u00a0esitykseen: &nbsp; &nbsp;<\/p>\n","protected":false},"author":161,"featured_media":0,"comment_status":"open","ping_status":"open","sticky":false,"template":"","format":"standard","meta":{"_uag_custom_page_level_css":"","footnotes":""},"categories":[12,13,19,4,6,18,14,9,64,44],"tags":[],"class_list":["post-441","post","type-post","status-publish","format-standard","hentry","category-blogioppimispaivakirjana","category-blogiportfoliona","category-etaohjaus","category-facebook-ohjaus","category-laitevertailua","category-opejaoppilaat","category-ryhmablogi","category-videotopetuksessa","category-valiraportit","category-win8tabletti"],"yoast_head":"<!-- This site is optimized with the Yoast SEO plugin v27.5 - https:\/\/yoast.com\/product\/yoast-seo-wordpress\/ -->\n<title>Mobiilia ohjausta ja pedagogiikkaa ammatillisella kent\u00e4ll\u00e4 - Mobiilit ohjaajat<\/title>\n<meta name=\"robots\" content=\"index, follow, max-snippet:-1, max-image-preview:large, max-video-preview:-1\" \/>\n<link rel=\"canonical\" href=\"https:\/\/blogit.gradia.fi\/mobiilitohjaajat\/mobiilia-ohjausta-ja-pedagogiikkaa-ammatillisella-kentalla\/\" \/>\n<meta property=\"og:locale\" content=\"fi_FI\" \/>\n<meta property=\"og:type\" content=\"article\" \/>\n<meta property=\"og:title\" content=\"Mobiilia ohjausta ja pedagogiikkaa ammatillisella kent\u00e4ll\u00e4 - Mobiilit ohjaajat\" \/>\n<meta property=\"og:description\" content=\"T\u00e4ss\u00e4 esityksess\u00e4 hahmotellaan, mit\u00e4\u00a0uutta mobiilius ja mobiililaitteiden tulo\u00a0oppilaitoksiin\u00a0tuovat opetukseen ja ohjaukseen ammatillisella kent\u00e4ll\u00e4, jossa ty\u00f6ss\u00e4oppiminen on keskeisen t\u00e4rke\u00e4 opiskelun muoto. Klikkaa kuvaa ja p\u00e4\u00e4set\u00a0esitykseen: &nbsp; &nbsp;\" \/>\n<meta property=\"og:url\" content=\"https:\/\/blogit.gradia.fi\/mobiilitohjaajat\/mobiilia-ohjausta-ja-pedagogiikkaa-ammatillisella-kentalla\/\" \/>\n<meta property=\"og:site_name\" content=\"Mobiilit ohjaajat\" \/>\n<meta property=\"article:published_time\" content=\"2014-02-20T10:58:05+00:00\" \/>\n<meta property=\"article:modified_time\" content=\"2014-02-20T11:15:40+00:00\" \/>\n<meta property=\"og:image\" content=\"https:\/\/blogit.gradia.fi\/mobiilitohjaajat\/wp-content\/uploads\/sites\/18\/2014\/02\/Mobiilit_ohjaajat_testi-888x666.jpg\" \/>\n<meta name=\"author\" content=\"Hanna Frilander\" \/>\n<meta name=\"twitter:card\" content=\"summary_large_image\" \/>\n<meta name=\"twitter:label1\" content=\"Kirjoittanut\" \/>\n\t<meta name=\"twitter:data1\" content=\"Hanna Frilander\" \/>\n<script type=\"application\/ld+json\" class=\"yoast-schema-graph\">{\"@context\":\"https:\\\/\\\/schema.org\",\"@graph\":[{\"@type\":\"Article\",\"@id\":\"https:\\\/\\\/blogit.gradia.fi\\\/mobiilitohjaajat\\\/mobiilia-ohjausta-ja-pedagogiikkaa-ammatillisella-kentalla\\\/#article\",\"isPartOf\":{\"@id\":\"https:\\\/\\\/blogit.gradia.fi\\\/mobiilitohjaajat\\\/mobiilia-ohjausta-ja-pedagogiikkaa-ammatillisella-kentalla\\\/\"},\"author\":{\"name\":\"Hanna Frilander\",\"@id\":\"https:\\\/\\\/blogit.gradia.fi\\\/mobiilitohjaajat\\\/#\\\/schema\\\/person\\\/dc29d090d6c7ce0ae6dc14792568b9fe\"},\"headline\":\"Mobiilia ohjausta ja pedagogiikkaa ammatillisella kent\u00e4ll\u00e4\",\"datePublished\":\"2014-02-20T10:58:05+00:00\",\"dateModified\":\"2014-02-20T11:15:40+00:00\",\"mainEntityOfPage\":{\"@id\":\"https:\\\/\\\/blogit.gradia.fi\\\/mobiilitohjaajat\\\/mobiilia-ohjausta-ja-pedagogiikkaa-ammatillisella-kentalla\\\/\"},\"wordCount\":43,\"commentCount\":0,\"image\":{\"@id\":\"https:\\\/\\\/blogit.gradia.fi\\\/mobiilitohjaajat\\\/mobiilia-ohjausta-ja-pedagogiikkaa-ammatillisella-kentalla\\\/#primaryimage\"},\"thumbnailUrl\":\"https:\\\/\\\/blogit.gradia.fi\\\/mobiilitohjaajat\\\/wp-content\\\/uploads\\\/sites\\\/18\\\/2014\\\/02\\\/Mobiilit_ohjaajat_testi-888x666.jpg\",\"articleSection\":[\"Blogi oppimisp\u00e4iv\u00e4kirjana\",\"Blogi portfoliona\",\"Et\u00e4ohjauksen menetelm\u00e4t\",\"Facebook-ohjaus\",\"Laitevertailua\",\"Ope ja oppilaat materiaalin tuottajina\",\"Ryhm\u00e4blogi ohjauksessa\",\"Videot opetuksessa\",\"V\u00e4liraportit\",\"Win 8 tabletti\"],\"inLanguage\":\"fi\",\"potentialAction\":[{\"@type\":\"CommentAction\",\"name\":\"Comment\",\"target\":[\"https:\\\/\\\/blogit.gradia.fi\\\/mobiilitohjaajat\\\/mobiilia-ohjausta-ja-pedagogiikkaa-ammatillisella-kentalla\\\/#respond\"]}]},{\"@type\":\"WebPage\",\"@id\":\"https:\\\/\\\/blogit.gradia.fi\\\/mobiilitohjaajat\\\/mobiilia-ohjausta-ja-pedagogiikkaa-ammatillisella-kentalla\\\/\",\"url\":\"https:\\\/\\\/blogit.gradia.fi\\\/mobiilitohjaajat\\\/mobiilia-ohjausta-ja-pedagogiikkaa-ammatillisella-kentalla\\\/\",\"name\":\"Mobiilia ohjausta ja pedagogiikkaa ammatillisella kent\u00e4ll\u00e4 - Mobiilit ohjaajat\",\"isPartOf\":{\"@id\":\"https:\\\/\\\/blogit.gradia.fi\\\/mobiilitohjaajat\\\/#website\"},\"primaryImageOfPage\":{\"@id\":\"https:\\\/\\\/blogit.gradia.fi\\\/mobiilitohjaajat\\\/mobiilia-ohjausta-ja-pedagogiikkaa-ammatillisella-kentalla\\\/#primaryimage\"},\"image\":{\"@id\":\"https:\\\/\\\/blogit.gradia.fi\\\/mobiilitohjaajat\\\/mobiilia-ohjausta-ja-pedagogiikkaa-ammatillisella-kentalla\\\/#primaryimage\"},\"thumbnailUrl\":\"https:\\\/\\\/blogit.gradia.fi\\\/mobiilitohjaajat\\\/wp-content\\\/uploads\\\/sites\\\/18\\\/2014\\\/02\\\/Mobiilit_ohjaajat_testi-888x666.jpg\",\"datePublished\":\"2014-02-20T10:58:05+00:00\",\"dateModified\":\"2014-02-20T11:15:40+00:00\",\"author\":{\"@id\":\"https:\\\/\\\/blogit.gradia.fi\\\/mobiilitohjaajat\\\/#\\\/schema\\\/person\\\/dc29d090d6c7ce0ae6dc14792568b9fe\"},\"inLanguage\":\"fi\",\"potentialAction\":[{\"@type\":\"ReadAction\",\"target\":[\"https:\\\/\\\/blogit.gradia.fi\\\/mobiilitohjaajat\\\/mobiilia-ohjausta-ja-pedagogiikkaa-ammatillisella-kentalla\\\/\"]}]},{\"@type\":\"ImageObject\",\"inLanguage\":\"fi\",\"@id\":\"https:\\\/\\\/blogit.gradia.fi\\\/mobiilitohjaajat\\\/mobiilia-ohjausta-ja-pedagogiikkaa-ammatillisella-kentalla\\\/#primaryimage\",\"url\":\"https:\\\/\\\/blogit.gradia.fi\\\/mobiilitohjaajat\\\/wp-content\\\/uploads\\\/sites\\\/18\\\/2014\\\/02\\\/Mobiilit_ohjaajat_testi.jpg\",\"contentUrl\":\"https:\\\/\\\/blogit.gradia.fi\\\/mobiilitohjaajat\\\/wp-content\\\/uploads\\\/sites\\\/18\\\/2014\\\/02\\\/Mobiilit_ohjaajat_testi.jpg\",\"width\":960,\"height\":720},{\"@type\":\"WebSite\",\"@id\":\"https:\\\/\\\/blogit.gradia.fi\\\/mobiilitohjaajat\\\/#website\",\"url\":\"https:\\\/\\\/blogit.gradia.fi\\\/mobiilitohjaajat\\\/\",\"name\":\"Mobiilit ohjaajat\",\"description\":\"Opetushallituksen rahoittaman Mobiilit ohjaajat -hankkeen sivusto\",\"potentialAction\":[{\"@type\":\"SearchAction\",\"target\":{\"@type\":\"EntryPoint\",\"urlTemplate\":\"https:\\\/\\\/blogit.gradia.fi\\\/mobiilitohjaajat\\\/?s={search_term_string}\"},\"query-input\":{\"@type\":\"PropertyValueSpecification\",\"valueRequired\":true,\"valueName\":\"search_term_string\"}}],\"inLanguage\":\"fi\"},{\"@type\":\"Person\",\"@id\":\"https:\\\/\\\/blogit.gradia.fi\\\/mobiilitohjaajat\\\/#\\\/schema\\\/person\\\/dc29d090d6c7ce0ae6dc14792568b9fe\",\"name\":\"Hanna Frilander\",\"image\":{\"@type\":\"ImageObject\",\"inLanguage\":\"fi\",\"@id\":\"https:\\\/\\\/secure.gravatar.com\\\/avatar\\\/c529bc03d9c1b3586a541c9e44b82c099e1a1c4d27b9465882eae9f68a5ca5f8?s=96&d=mm&r=g\",\"url\":\"https:\\\/\\\/secure.gravatar.com\\\/avatar\\\/c529bc03d9c1b3586a541c9e44b82c099e1a1c4d27b9465882eae9f68a5ca5f8?s=96&d=mm&r=g\",\"contentUrl\":\"https:\\\/\\\/secure.gravatar.com\\\/avatar\\\/c529bc03d9c1b3586a541c9e44b82c099e1a1c4d27b9465882eae9f68a5ca5f8?s=96&d=mm&r=g\",\"caption\":\"Hanna Frilander\"},\"url\":\"https:\\\/\\\/blogit.gradia.fi\\\/mobiilitohjaajat\\\/author\\\/frilahan\\\/\"}]}<\/script>\n<!-- \/ Yoast SEO plugin. -->","yoast_head_json":{"title":"Mobiilia ohjausta ja pedagogiikkaa ammatillisella kent\u00e4ll\u00e4 - Mobiilit ohjaajat","robots":{"index":"index","follow":"follow","max-snippet":"max-snippet:-1","max-image-preview":"max-image-preview:large","max-video-preview":"max-video-preview:-1"},"canonical":"https:\/\/blogit.gradia.fi\/mobiilitohjaajat\/mobiilia-ohjausta-ja-pedagogiikkaa-ammatillisella-kentalla\/","og_locale":"fi_FI","og_type":"article","og_title":"Mobiilia ohjausta ja pedagogiikkaa ammatillisella kent\u00e4ll\u00e4 - Mobiilit ohjaajat","og_description":"T\u00e4ss\u00e4 esityksess\u00e4 hahmotellaan, mit\u00e4\u00a0uutta mobiilius ja mobiililaitteiden tulo\u00a0oppilaitoksiin\u00a0tuovat opetukseen ja ohjaukseen ammatillisella kent\u00e4ll\u00e4, jossa ty\u00f6ss\u00e4oppiminen on keskeisen t\u00e4rke\u00e4 opiskelun muoto. Klikkaa kuvaa ja p\u00e4\u00e4set\u00a0esitykseen: &nbsp; &nbsp;","og_url":"https:\/\/blogit.gradia.fi\/mobiilitohjaajat\/mobiilia-ohjausta-ja-pedagogiikkaa-ammatillisella-kentalla\/","og_site_name":"Mobiilit ohjaajat","article_published_time":"2014-02-20T10:58:05+00:00","article_modified_time":"2014-02-20T11:15:40+00:00","og_image":[{"url":"https:\/\/blogit.gradia.fi\/mobiilitohjaajat\/wp-content\/uploads\/sites\/18\/2014\/02\/Mobiilit_ohjaajat_testi-888x666.jpg","type":"","width":"","height":""}],"author":"Hanna Frilander","twitter_card":"summary_large_image","twitter_misc":{"Kirjoittanut":"Hanna Frilander"},"schema":{"@context":"https:\/\/schema.org","@graph":[{"@type":"Article","@id":"https:\/\/blogit.gradia.fi\/mobiilitohjaajat\/mobiilia-ohjausta-ja-pedagogiikkaa-ammatillisella-kentalla\/#article","isPartOf":{"@id":"https:\/\/blogit.gradia.fi\/mobiilitohjaajat\/mobiilia-ohjausta-ja-pedagogiikkaa-ammatillisella-kentalla\/"},"author":{"name":"Hanna Frilander","@id":"https:\/\/blogit.gradia.fi\/mobiilitohjaajat\/#\/schema\/person\/dc29d090d6c7ce0ae6dc14792568b9fe"},"headline":"Mobiilia ohjausta ja pedagogiikkaa ammatillisella kent\u00e4ll\u00e4","datePublished":"2014-02-20T10:58:05+00:00","dateModified":"2014-02-20T11:15:40+00:00","mainEntityOfPage":{"@id":"https:\/\/blogit.gradia.fi\/mobiilitohjaajat\/mobiilia-ohjausta-ja-pedagogiikkaa-ammatillisella-kentalla\/"},"wordCount":43,"commentCount":0,"image":{"@id":"https:\/\/blogit.gradia.fi\/mobiilitohjaajat\/mobiilia-ohjausta-ja-pedagogiikkaa-ammatillisella-kentalla\/#primaryimage"},"thumbnailUrl":"https:\/\/blogit.gradia.fi\/mobiilitohjaajat\/wp-content\/uploads\/sites\/18\/2014\/02\/Mobiilit_ohjaajat_testi-888x666.jpg","articleSection":["Blogi oppimisp\u00e4iv\u00e4kirjana","Blogi portfoliona","Et\u00e4ohjauksen menetelm\u00e4t","Facebook-ohjaus","Laitevertailua","Ope ja oppilaat materiaalin tuottajina","Ryhm\u00e4blogi ohjauksessa","Videot opetuksessa","V\u00e4liraportit","Win 8 tabletti"],"inLanguage":"fi","potentialAction":[{"@type":"CommentAction","name":"Comment","target":["https:\/\/blogit.gradia.fi\/mobiilitohjaajat\/mobiilia-ohjausta-ja-pedagogiikkaa-ammatillisella-kentalla\/#respond"]}]},{"@type":"WebPage","@id":"https:\/\/blogit.gradia.fi\/mobiilitohjaajat\/mobiilia-ohjausta-ja-pedagogiikkaa-ammatillisella-kentalla\/","url":"https:\/\/blogit.gradia.fi\/mobiilitohjaajat\/mobiilia-ohjausta-ja-pedagogiikkaa-ammatillisella-kentalla\/","name":"Mobiilia ohjausta ja pedagogiikkaa ammatillisella kent\u00e4ll\u00e4 - Mobiilit ohjaajat","isPartOf":{"@id":"https:\/\/blogit.gradia.fi\/mobiilitohjaajat\/#website"},"primaryImageOfPage":{"@id":"https:\/\/blogit.gradia.fi\/mobiilitohjaajat\/mobiilia-ohjausta-ja-pedagogiikkaa-ammatillisella-kentalla\/#primaryimage"},"image":{"@id":"https:\/\/blogit.gradia.fi\/mobiilitohjaajat\/mobiilia-ohjausta-ja-pedagogiikkaa-ammatillisella-kentalla\/#primaryimage"},"thumbnailUrl":"https:\/\/blogit.gradia.fi\/mobiilitohjaajat\/wp-content\/uploads\/sites\/18\/2014\/02\/Mobiilit_ohjaajat_testi-888x666.jpg","datePublished":"2014-02-20T10:58:05+00:00","dateModified":"2014-02-20T11:15:40+00:00","author":{"@id":"https:\/\/blogit.gradia.fi\/mobiilitohjaajat\/#\/schema\/person\/dc29d090d6c7ce0ae6dc14792568b9fe"},"inLanguage":"fi","potentialAction":[{"@type":"ReadAction","target":["https:\/\/blogit.gradia.fi\/mobiilitohjaajat\/mobiilia-ohjausta-ja-pedagogiikkaa-ammatillisella-kentalla\/"]}]},{"@type":"ImageObject","inLanguage":"fi","@id":"https:\/\/blogit.gradia.fi\/mobiilitohjaajat\/mobiilia-ohjausta-ja-pedagogiikkaa-ammatillisella-kentalla\/#primaryimage","url":"https:\/\/blogit.gradia.fi\/mobiilitohjaajat\/wp-content\/uploads\/sites\/18\/2014\/02\/Mobiilit_ohjaajat_testi.jpg","contentUrl":"https:\/\/blogit.gradia.fi\/mobiilitohjaajat\/wp-content\/uploads\/sites\/18\/2014\/02\/Mobiilit_ohjaajat_testi.jpg","width":960,"height":720},{"@type":"WebSite","@id":"https:\/\/blogit.gradia.fi\/mobiilitohjaajat\/#website","url":"https:\/\/blogit.gradia.fi\/mobiilitohjaajat\/","name":"Mobiilit ohjaajat","description":"Opetushallituksen rahoittaman Mobiilit ohjaajat -hankkeen sivusto","potentialAction":[{"@type":"SearchAction","target":{"@type":"EntryPoint","urlTemplate":"https:\/\/blogit.gradia.fi\/mobiilitohjaajat\/?s={search_term_string}"},"query-input":{"@type":"PropertyValueSpecification","valueRequired":true,"valueName":"search_term_string"}}],"inLanguage":"fi"},{"@type":"Person","@id":"https:\/\/blogit.gradia.fi\/mobiilitohjaajat\/#\/schema\/person\/dc29d090d6c7ce0ae6dc14792568b9fe","name":"Hanna Frilander","image":{"@type":"ImageObject","inLanguage":"fi","@id":"https:\/\/secure.gravatar.com\/avatar\/c529bc03d9c1b3586a541c9e44b82c099e1a1c4d27b9465882eae9f68a5ca5f8?s=96&d=mm&r=g","url":"https:\/\/secure.gravatar.com\/avatar\/c529bc03d9c1b3586a541c9e44b82c099e1a1c4d27b9465882eae9f68a5ca5f8?s=96&d=mm&r=g","contentUrl":"https:\/\/secure.gravatar.com\/avatar\/c529bc03d9c1b3586a541c9e44b82c099e1a1c4d27b9465882eae9f68a5ca5f8?s=96&d=mm&r=g","caption":"Hanna Frilander"},"url":"https:\/\/blogit.gradia.fi\/mobiilitohjaajat\/author\/frilahan\/"}]}},"uagb_featured_image_src":{"full":false,"thumbnail":false,"medium":false,"medium_large":false,"large":false,"1536x1536":false,"2048x2048":false,"post-thumbnail":false},"uagb_author_info":{"display_name":"Hanna Frilander","author_link":"https:\/\/blogit.gradia.fi\/mobiilitohjaajat\/author\/frilahan\/"},"uagb_comment_info":0,"uagb_excerpt":"T\u00e4ss\u00e4 esityksess\u00e4 hahmotellaan, mit\u00e4\u00a0uutta mobiilius ja mobiililaitteiden tulo\u00a0oppilaitoksiin\u00a0tuovat opetukseen ja ohjaukseen ammatillisella kent\u00e4ll\u00e4, jossa ty\u00f6ss\u00e4oppiminen on keskeisen t\u00e4rke\u00e4 opiskelun muoto. Klikkaa kuvaa ja p\u00e4\u00e4set\u00a0esitykseen: &nbsp; &nbsp;","_links":{"self":[{"href":"https:\/\/blogit.gradia.fi\/mobiilitohjaajat\/wp-json\/wp\/v2\/posts\/441","targetHints":{"allow":["GET"]}}],"collection":[{"href":"https:\/\/blogit.gradia.fi\/mobiilitohjaajat\/wp-json\/wp\/v2\/posts"}],"about":[{"href":"https:\/\/blogit.gradia.fi\/mobiilitohjaajat\/wp-json\/wp\/v2\/types\/post"}],"author":[{"embeddable":true,"href":"https:\/\/blogit.gradia.fi\/mobiilitohjaajat\/wp-json\/wp\/v2\/users\/161"}],"replies":[{"embeddable":true,"href":"https:\/\/blogit.gradia.fi\/mobiilitohjaajat\/wp-json\/wp\/v2\/comments?post=441"}],"version-history":[{"count":0,"href":"https:\/\/blogit.gradia.fi\/mobiilitohjaajat\/wp-json\/wp\/v2\/posts\/441\/revisions"}],"wp:attachment":[{"href":"https:\/\/blogit.gradia.fi\/mobiilitohjaajat\/wp-json\/wp\/v2\/media?parent=441"}],"wp:term":[{"taxonomy":"category","embeddable":true,"href":"https:\/\/blogit.gradia.fi\/mobiilitohjaajat\/wp-json\/wp\/v2\/categories?post=441"},{"taxonomy":"post_tag","embeddable":true,"href":"https:\/\/blogit.gradia.fi\/mobiilitohjaajat\/wp-json\/wp\/v2\/tags?post=441"}],"curies":[{"name":"wp","href":"https:\/\/api.w.org\/{rel}","templated":true}]}}