{"id":428,"date":"2014-02-15T07:34:13","date_gmt":"2014-02-15T05:34:13","guid":{"rendered":"https:\/\/blogit.gradia.fi\/mobiilitohjaajat\/?p=428"},"modified":"2014-02-21T11:26:12","modified_gmt":"2014-02-21T09:26:12","slug":"tablettileirilla-espoosa","status":"publish","type":"post","link":"https:\/\/blogit.gradia.fi\/mobiilitohjaajat\/tablettileirilla-espoosa\/","title":{"rendered":"Tablettileirill\u00e4 Espoossa"},"content":{"rendered":"<p>Tammikuun lopussa pidettiin j\u00e4lleen yksi tabletti leiri, t\u00e4ll\u00e4 kertaa Espoossa. Inno-Omniasta varatut tilat olivat t\u00e4ynn\u00e4 innokkaita opettajia ja opetusalan ammattilaisia, jotka olivat halukkaita oppimaan uutta ja tutustumaan tablet-laitteisiin sek\u00e4 tablettien k\u00e4ytt\u00f6\u00f6n opetuksessa.<\/p>\n<p>Tablettileiri oli kaksi p\u00e4iv\u00e4inen tapahtuma, jonka aikana osallistuja sai tietoa mm. mobiilioppimisesta, videoiden, sarjakuvien, QR-koodien sek\u00e4 miellekarttaohjelmien k\u00e4ytt\u00e4misest\u00e4 opetuksessa. Ohjelma tarjosi my\u00f6s vankkaa tietoa tekij\u00e4noikeuksista. Mukana tablettileirill\u00e4 kouluttamassa olivat Pauliina Venho, Sanna Brauer, Anne-Maria Korhonen, Pete Stockley sek\u00e4 allekirjoittanut Heini Pennanen.<\/p>\n<p><a href=\"https:\/\/blogit.gradia.fi\/mobiilitohjaajat\/wp-content\/uploads\/sites\/18\/2014\/02\/image.jpg\"><img loading=\"lazy\" decoding=\"async\" class=\"alignnone size-medium wp-image-430\" alt=\"image\" src=\"https:\/\/blogit.gradia.fi\/mobiilitohjaajat\/wp-content\/uploads\/sites\/18\/2014\/02\/image-300x225.jpg\" width=\"300\" height=\"225\" srcset=\"https:\/\/blogit.gradia.fi\/mobiilitohjaajat\/wp-content\/uploads\/sites\/18\/2014\/02\/image-300x225.jpg 300w, https:\/\/blogit.gradia.fi\/mobiilitohjaajat\/wp-content\/uploads\/sites\/18\/2014\/02\/image-888x666.jpg 888w, https:\/\/blogit.gradia.fi\/mobiilitohjaajat\/wp-content\/uploads\/sites\/18\/2014\/02\/image-504x378.jpg 504w, https:\/\/blogit.gradia.fi\/mobiilitohjaajat\/wp-content\/uploads\/sites\/18\/2014\/02\/image.jpg 960w\" sizes=\"auto, (max-width: 300px) 100vw, 300px\" \/><\/a><\/p>\n<p>Itse olin kertomassa omista kokemuksistani ja ohjaamassa osallistujia QR-koodien teossa ja niiden k\u00e4yt\u00f6st\u00e4 opetuksessa. T\u00e4ss\u00e4 ty\u00f6pajassa k\u00e4vimme l\u00e4pi my\u00f6s Aurasma-sovellusta sek\u00e4 pohdimme yleens\u00e4kin lis\u00e4tyntodellisuuden hy\u00f6dynt\u00e4mist\u00e4 opetusmaailmassa.<\/p>\n<p><a href=\"https:\/\/blogit.gradia.fi\/mobiilitohjaajat\/wp-content\/uploads\/sites\/18\/2014\/02\/image1.jpg\"><img loading=\"lazy\" decoding=\"async\" class=\"alignnone size-thumbnail wp-image-432\" alt=\"image\" src=\"https:\/\/blogit.gradia.fi\/mobiilitohjaajat\/wp-content\/uploads\/sites\/18\/2014\/02\/image1-150x150.jpg\" width=\"150\" height=\"150\" srcset=\"https:\/\/blogit.gradia.fi\/mobiilitohjaajat\/wp-content\/uploads\/sites\/18\/2014\/02\/image1-150x150.jpg 150w, https:\/\/blogit.gradia.fi\/mobiilitohjaajat\/wp-content\/uploads\/sites\/18\/2014\/02\/image1-128x128.jpg 128w, https:\/\/blogit.gradia.fi\/mobiilitohjaajat\/wp-content\/uploads\/sites\/18\/2014\/02\/image1-336x336.jpg 336w\" sizes=\"auto, (max-width: 150px) 100vw, 150px\" \/><\/a> <a href=\"https:\/\/blogit.gradia.fi\/mobiilitohjaajat\/wp-content\/uploads\/sites\/18\/2014\/02\/image2.jpg\"><img loading=\"lazy\" decoding=\"async\" class=\"alignnone size-thumbnail wp-image-433\" alt=\"image\" src=\"https:\/\/blogit.gradia.fi\/mobiilitohjaajat\/wp-content\/uploads\/sites\/18\/2014\/02\/image2-150x150.jpg\" width=\"150\" height=\"150\" srcset=\"https:\/\/blogit.gradia.fi\/mobiilitohjaajat\/wp-content\/uploads\/sites\/18\/2014\/02\/image2-150x150.jpg 150w, https:\/\/blogit.gradia.fi\/mobiilitohjaajat\/wp-content\/uploads\/sites\/18\/2014\/02\/image2-128x128.jpg 128w, https:\/\/blogit.gradia.fi\/mobiilitohjaajat\/wp-content\/uploads\/sites\/18\/2014\/02\/image2-336x336.jpg 336w\" sizes=\"auto, (max-width: 150px) 100vw, 150px\" \/><\/a><\/p>\n<p>T\u00e4m\u00e4n lis\u00e4ksi osallistujat p\u00e4\u00e4siv\u00e4t tutustumaan ja kokeilemaan videoiden tekoa iPadin iMovie sovelluksella sek\u00e4 tekem\u00e4\u00e4n sarjakuvia helppok\u00e4ytt\u00f6isell\u00e4 ScriptDesign sovelluksella minun ja Mobiiliohjaaja Pauliina Venhon ty\u00f6pajassa.<\/p>\n<p>Osallistujat olivat innokkaita ja tulokset hienoja. Kiitos osallistujille ja kiitos antoisista keskusteluista!<\/p>\n<p>Lis\u00e4\u00e4 leirist\u00e4 voi lukea leirinblogista <a title=\"Tablettileirin blogi\" href=\"http:\/\/tablettileirit1314.wordpress.com\" target=\"_blank\">http:\/\/tablettileirit1314.wordpress.com<\/a><\/p>\n","protected":false},"excerpt":{"rendered":"<p>Tammikuun lopussa pidettiin j\u00e4lleen yksi tabletti leiri, t\u00e4ll\u00e4 kertaa Espoossa. Inno-Omniasta varatut tilat olivat t\u00e4ynn\u00e4 innokkaita opettajia ja opetusalan ammattilaisia, jotka olivat halukkaita oppimaan uutta ja tutustumaan tablet-laitteisiin sek\u00e4 tablettien k\u00e4ytt\u00f6\u00f6n opetuksessa. Tablettileiri oli kaksi p\u00e4iv\u00e4inen tapahtuma, jonka aikana osallistuja sai tietoa mm. mobiilioppimisesta, videoiden, sarjakuvien, QR-koodien sek\u00e4 miellekarttaohjelmien k\u00e4ytt\u00e4misest\u00e4 opetuksessa. Ohjelma tarjosi my\u00f6s vankkaa &hellip; <a href=\"https:\/\/blogit.gradia.fi\/mobiilitohjaajat\/tablettileirilla-espoosa\/\" class=\"more-link\">Jatka lukemista <span class=\"screen-reader-text\">Tablettileirill\u00e4 Espoossa<\/span> <span class=\"meta-nav\">&rarr;<\/span><\/a><\/p>\n","protected":false},"author":165,"featured_media":0,"comment_status":"open","ping_status":"open","sticky":false,"template":"","format":"standard","meta":{"_uag_custom_page_level_css":"","footnotes":""},"categories":[9,1],"tags":[],"class_list":["post-428","post","type-post","status-publish","format-standard","hentry","category-videotopetuksessa","category-yleinen"],"yoast_head":"<!-- This site is optimized with the Yoast SEO plugin v27.5 - https:\/\/yoast.com\/product\/yoast-seo-wordpress\/ -->\n<title>Tablettileirill\u00e4 Espoossa - Mobiilit ohjaajat<\/title>\n<meta name=\"robots\" content=\"index, follow, max-snippet:-1, max-image-preview:large, max-video-preview:-1\" \/>\n<link rel=\"canonical\" href=\"https:\/\/blogit.gradia.fi\/mobiilitohjaajat\/tablettileirilla-espoosa\/\" \/>\n<meta property=\"og:locale\" content=\"fi_FI\" \/>\n<meta property=\"og:type\" content=\"article\" \/>\n<meta property=\"og:title\" content=\"Tablettileirill\u00e4 Espoossa - Mobiilit ohjaajat\" \/>\n<meta property=\"og:description\" content=\"Tammikuun lopussa pidettiin j\u00e4lleen yksi tabletti leiri, t\u00e4ll\u00e4 kertaa Espoossa. Inno-Omniasta varatut tilat olivat t\u00e4ynn\u00e4 innokkaita opettajia ja opetusalan ammattilaisia, jotka olivat halukkaita oppimaan uutta ja tutustumaan tablet-laitteisiin sek\u00e4 tablettien k\u00e4ytt\u00f6\u00f6n opetuksessa. Tablettileiri oli kaksi p\u00e4iv\u00e4inen tapahtuma, jonka aikana osallistuja sai tietoa mm. mobiilioppimisesta, videoiden, sarjakuvien, QR-koodien sek\u00e4 miellekarttaohjelmien k\u00e4ytt\u00e4misest\u00e4 opetuksessa. Ohjelma tarjosi my\u00f6s vankkaa &hellip; Jatka lukemista Tablettileirill\u00e4 Espoossa &rarr;\" \/>\n<meta property=\"og:url\" content=\"https:\/\/blogit.gradia.fi\/mobiilitohjaajat\/tablettileirilla-espoosa\/\" \/>\n<meta property=\"og:site_name\" content=\"Mobiilit ohjaajat\" \/>\n<meta property=\"article:published_time\" content=\"2014-02-15T05:34:13+00:00\" \/>\n<meta property=\"article:modified_time\" content=\"2014-02-21T09:26:12+00:00\" \/>\n<meta property=\"og:image\" content=\"https:\/\/blogit.gradia.fi\/mobiilitohjaajat\/wp-content\/uploads\/sites\/18\/2014\/02\/image-300x225.jpg\" \/>\n<meta name=\"author\" content=\"Heini Pennanen\" \/>\n<meta name=\"twitter:card\" content=\"summary_large_image\" \/>\n<meta name=\"twitter:label1\" content=\"Kirjoittanut\" \/>\n\t<meta name=\"twitter:data1\" content=\"Heini Pennanen\" \/>\n\t<meta name=\"twitter:label2\" content=\"Arvioitu lukuaika\" \/>\n\t<meta name=\"twitter:data2\" content=\"1 minuutti\" \/>\n<script type=\"application\/ld+json\" class=\"yoast-schema-graph\">{\"@context\":\"https:\\\/\\\/schema.org\",\"@graph\":[{\"@type\":\"Article\",\"@id\":\"https:\\\/\\\/blogit.gradia.fi\\\/mobiilitohjaajat\\\/tablettileirilla-espoosa\\\/#article\",\"isPartOf\":{\"@id\":\"https:\\\/\\\/blogit.gradia.fi\\\/mobiilitohjaajat\\\/tablettileirilla-espoosa\\\/\"},\"author\":{\"name\":\"Heini Pennanen\",\"@id\":\"https:\\\/\\\/blogit.gradia.fi\\\/mobiilitohjaajat\\\/#\\\/schema\\\/person\\\/d0b1cfd74c104683772b3edeac4e49ee\"},\"headline\":\"Tablettileirill\u00e4 Espoossa\",\"datePublished\":\"2014-02-15T05:34:13+00:00\",\"dateModified\":\"2014-02-21T09:26:12+00:00\",\"mainEntityOfPage\":{\"@id\":\"https:\\\/\\\/blogit.gradia.fi\\\/mobiilitohjaajat\\\/tablettileirilla-espoosa\\\/\"},\"wordCount\":177,\"commentCount\":0,\"image\":{\"@id\":\"https:\\\/\\\/blogit.gradia.fi\\\/mobiilitohjaajat\\\/tablettileirilla-espoosa\\\/#primaryimage\"},\"thumbnailUrl\":\"https:\\\/\\\/blogit.gradia.fi\\\/mobiilitohjaajat\\\/wp-content\\\/uploads\\\/sites\\\/18\\\/2014\\\/02\\\/image-300x225.jpg\",\"articleSection\":[\"Videot opetuksessa\"],\"inLanguage\":\"fi\",\"potentialAction\":[{\"@type\":\"CommentAction\",\"name\":\"Comment\",\"target\":[\"https:\\\/\\\/blogit.gradia.fi\\\/mobiilitohjaajat\\\/tablettileirilla-espoosa\\\/#respond\"]}]},{\"@type\":\"WebPage\",\"@id\":\"https:\\\/\\\/blogit.gradia.fi\\\/mobiilitohjaajat\\\/tablettileirilla-espoosa\\\/\",\"url\":\"https:\\\/\\\/blogit.gradia.fi\\\/mobiilitohjaajat\\\/tablettileirilla-espoosa\\\/\",\"name\":\"Tablettileirill\u00e4 Espoossa - Mobiilit ohjaajat\",\"isPartOf\":{\"@id\":\"https:\\\/\\\/blogit.gradia.fi\\\/mobiilitohjaajat\\\/#website\"},\"primaryImageOfPage\":{\"@id\":\"https:\\\/\\\/blogit.gradia.fi\\\/mobiilitohjaajat\\\/tablettileirilla-espoosa\\\/#primaryimage\"},\"image\":{\"@id\":\"https:\\\/\\\/blogit.gradia.fi\\\/mobiilitohjaajat\\\/tablettileirilla-espoosa\\\/#primaryimage\"},\"thumbnailUrl\":\"https:\\\/\\\/blogit.gradia.fi\\\/mobiilitohjaajat\\\/wp-content\\\/uploads\\\/sites\\\/18\\\/2014\\\/02\\\/image-300x225.jpg\",\"datePublished\":\"2014-02-15T05:34:13+00:00\",\"dateModified\":\"2014-02-21T09:26:12+00:00\",\"author\":{\"@id\":\"https:\\\/\\\/blogit.gradia.fi\\\/mobiilitohjaajat\\\/#\\\/schema\\\/person\\\/d0b1cfd74c104683772b3edeac4e49ee\"},\"inLanguage\":\"fi\",\"potentialAction\":[{\"@type\":\"ReadAction\",\"target\":[\"https:\\\/\\\/blogit.gradia.fi\\\/mobiilitohjaajat\\\/tablettileirilla-espoosa\\\/\"]}]},{\"@type\":\"ImageObject\",\"inLanguage\":\"fi\",\"@id\":\"https:\\\/\\\/blogit.gradia.fi\\\/mobiilitohjaajat\\\/tablettileirilla-espoosa\\\/#primaryimage\",\"url\":\"https:\\\/\\\/blogit.gradia.fi\\\/mobiilitohjaajat\\\/wp-content\\\/uploads\\\/sites\\\/18\\\/2014\\\/02\\\/image.jpg\",\"contentUrl\":\"https:\\\/\\\/blogit.gradia.fi\\\/mobiilitohjaajat\\\/wp-content\\\/uploads\\\/sites\\\/18\\\/2014\\\/02\\\/image.jpg\",\"width\":960,\"height\":720},{\"@type\":\"WebSite\",\"@id\":\"https:\\\/\\\/blogit.gradia.fi\\\/mobiilitohjaajat\\\/#website\",\"url\":\"https:\\\/\\\/blogit.gradia.fi\\\/mobiilitohjaajat\\\/\",\"name\":\"Mobiilit ohjaajat\",\"description\":\"Opetushallituksen rahoittaman Mobiilit ohjaajat -hankkeen sivusto\",\"potentialAction\":[{\"@type\":\"SearchAction\",\"target\":{\"@type\":\"EntryPoint\",\"urlTemplate\":\"https:\\\/\\\/blogit.gradia.fi\\\/mobiilitohjaajat\\\/?s={search_term_string}\"},\"query-input\":{\"@type\":\"PropertyValueSpecification\",\"valueRequired\":true,\"valueName\":\"search_term_string\"}}],\"inLanguage\":\"fi\"},{\"@type\":\"Person\",\"@id\":\"https:\\\/\\\/blogit.gradia.fi\\\/mobiilitohjaajat\\\/#\\\/schema\\\/person\\\/d0b1cfd74c104683772b3edeac4e49ee\",\"name\":\"Heini Pennanen\",\"image\":{\"@type\":\"ImageObject\",\"inLanguage\":\"fi\",\"@id\":\"https:\\\/\\\/secure.gravatar.com\\\/avatar\\\/3df99d3b29e3db1417790cce1fb1d33fa9a76bb7f8318326848fa7c14b5a086a?s=96&d=mm&r=g\",\"url\":\"https:\\\/\\\/secure.gravatar.com\\\/avatar\\\/3df99d3b29e3db1417790cce1fb1d33fa9a76bb7f8318326848fa7c14b5a086a?s=96&d=mm&r=g\",\"contentUrl\":\"https:\\\/\\\/secure.gravatar.com\\\/avatar\\\/3df99d3b29e3db1417790cce1fb1d33fa9a76bb7f8318326848fa7c14b5a086a?s=96&d=mm&r=g\",\"caption\":\"Heini Pennanen\"},\"url\":\"https:\\\/\\\/blogit.gradia.fi\\\/mobiilitohjaajat\\\/author\\\/pennahei\\\/\"}]}<\/script>\n<!-- \/ Yoast SEO plugin. -->","yoast_head_json":{"title":"Tablettileirill\u00e4 Espoossa - Mobiilit ohjaajat","robots":{"index":"index","follow":"follow","max-snippet":"max-snippet:-1","max-image-preview":"max-image-preview:large","max-video-preview":"max-video-preview:-1"},"canonical":"https:\/\/blogit.gradia.fi\/mobiilitohjaajat\/tablettileirilla-espoosa\/","og_locale":"fi_FI","og_type":"article","og_title":"Tablettileirill\u00e4 Espoossa - Mobiilit ohjaajat","og_description":"Tammikuun lopussa pidettiin j\u00e4lleen yksi tabletti leiri, t\u00e4ll\u00e4 kertaa Espoossa. Inno-Omniasta varatut tilat olivat t\u00e4ynn\u00e4 innokkaita opettajia ja opetusalan ammattilaisia, jotka olivat halukkaita oppimaan uutta ja tutustumaan tablet-laitteisiin sek\u00e4 tablettien k\u00e4ytt\u00f6\u00f6n opetuksessa. Tablettileiri oli kaksi p\u00e4iv\u00e4inen tapahtuma, jonka aikana osallistuja sai tietoa mm. mobiilioppimisesta, videoiden, sarjakuvien, QR-koodien sek\u00e4 miellekarttaohjelmien k\u00e4ytt\u00e4misest\u00e4 opetuksessa. Ohjelma tarjosi my\u00f6s vankkaa &hellip; Jatka lukemista Tablettileirill\u00e4 Espoossa &rarr;","og_url":"https:\/\/blogit.gradia.fi\/mobiilitohjaajat\/tablettileirilla-espoosa\/","og_site_name":"Mobiilit ohjaajat","article_published_time":"2014-02-15T05:34:13+00:00","article_modified_time":"2014-02-21T09:26:12+00:00","og_image":[{"url":"https:\/\/blogit.gradia.fi\/mobiilitohjaajat\/wp-content\/uploads\/sites\/18\/2014\/02\/image-300x225.jpg","type":"","width":"","height":""}],"author":"Heini Pennanen","twitter_card":"summary_large_image","twitter_misc":{"Kirjoittanut":"Heini Pennanen","Arvioitu lukuaika":"1 minuutti"},"schema":{"@context":"https:\/\/schema.org","@graph":[{"@type":"Article","@id":"https:\/\/blogit.gradia.fi\/mobiilitohjaajat\/tablettileirilla-espoosa\/#article","isPartOf":{"@id":"https:\/\/blogit.gradia.fi\/mobiilitohjaajat\/tablettileirilla-espoosa\/"},"author":{"name":"Heini Pennanen","@id":"https:\/\/blogit.gradia.fi\/mobiilitohjaajat\/#\/schema\/person\/d0b1cfd74c104683772b3edeac4e49ee"},"headline":"Tablettileirill\u00e4 Espoossa","datePublished":"2014-02-15T05:34:13+00:00","dateModified":"2014-02-21T09:26:12+00:00","mainEntityOfPage":{"@id":"https:\/\/blogit.gradia.fi\/mobiilitohjaajat\/tablettileirilla-espoosa\/"},"wordCount":177,"commentCount":0,"image":{"@id":"https:\/\/blogit.gradia.fi\/mobiilitohjaajat\/tablettileirilla-espoosa\/#primaryimage"},"thumbnailUrl":"https:\/\/blogit.gradia.fi\/mobiilitohjaajat\/wp-content\/uploads\/sites\/18\/2014\/02\/image-300x225.jpg","articleSection":["Videot opetuksessa"],"inLanguage":"fi","potentialAction":[{"@type":"CommentAction","name":"Comment","target":["https:\/\/blogit.gradia.fi\/mobiilitohjaajat\/tablettileirilla-espoosa\/#respond"]}]},{"@type":"WebPage","@id":"https:\/\/blogit.gradia.fi\/mobiilitohjaajat\/tablettileirilla-espoosa\/","url":"https:\/\/blogit.gradia.fi\/mobiilitohjaajat\/tablettileirilla-espoosa\/","name":"Tablettileirill\u00e4 Espoossa - Mobiilit ohjaajat","isPartOf":{"@id":"https:\/\/blogit.gradia.fi\/mobiilitohjaajat\/#website"},"primaryImageOfPage":{"@id":"https:\/\/blogit.gradia.fi\/mobiilitohjaajat\/tablettileirilla-espoosa\/#primaryimage"},"image":{"@id":"https:\/\/blogit.gradia.fi\/mobiilitohjaajat\/tablettileirilla-espoosa\/#primaryimage"},"thumbnailUrl":"https:\/\/blogit.gradia.fi\/mobiilitohjaajat\/wp-content\/uploads\/sites\/18\/2014\/02\/image-300x225.jpg","datePublished":"2014-02-15T05:34:13+00:00","dateModified":"2014-02-21T09:26:12+00:00","author":{"@id":"https:\/\/blogit.gradia.fi\/mobiilitohjaajat\/#\/schema\/person\/d0b1cfd74c104683772b3edeac4e49ee"},"inLanguage":"fi","potentialAction":[{"@type":"ReadAction","target":["https:\/\/blogit.gradia.fi\/mobiilitohjaajat\/tablettileirilla-espoosa\/"]}]},{"@type":"ImageObject","inLanguage":"fi","@id":"https:\/\/blogit.gradia.fi\/mobiilitohjaajat\/tablettileirilla-espoosa\/#primaryimage","url":"https:\/\/blogit.gradia.fi\/mobiilitohjaajat\/wp-content\/uploads\/sites\/18\/2014\/02\/image.jpg","contentUrl":"https:\/\/blogit.gradia.fi\/mobiilitohjaajat\/wp-content\/uploads\/sites\/18\/2014\/02\/image.jpg","width":960,"height":720},{"@type":"WebSite","@id":"https:\/\/blogit.gradia.fi\/mobiilitohjaajat\/#website","url":"https:\/\/blogit.gradia.fi\/mobiilitohjaajat\/","name":"Mobiilit ohjaajat","description":"Opetushallituksen rahoittaman Mobiilit ohjaajat -hankkeen sivusto","potentialAction":[{"@type":"SearchAction","target":{"@type":"EntryPoint","urlTemplate":"https:\/\/blogit.gradia.fi\/mobiilitohjaajat\/?s={search_term_string}"},"query-input":{"@type":"PropertyValueSpecification","valueRequired":true,"valueName":"search_term_string"}}],"inLanguage":"fi"},{"@type":"Person","@id":"https:\/\/blogit.gradia.fi\/mobiilitohjaajat\/#\/schema\/person\/d0b1cfd74c104683772b3edeac4e49ee","name":"Heini Pennanen","image":{"@type":"ImageObject","inLanguage":"fi","@id":"https:\/\/secure.gravatar.com\/avatar\/3df99d3b29e3db1417790cce1fb1d33fa9a76bb7f8318326848fa7c14b5a086a?s=96&d=mm&r=g","url":"https:\/\/secure.gravatar.com\/avatar\/3df99d3b29e3db1417790cce1fb1d33fa9a76bb7f8318326848fa7c14b5a086a?s=96&d=mm&r=g","contentUrl":"https:\/\/secure.gravatar.com\/avatar\/3df99d3b29e3db1417790cce1fb1d33fa9a76bb7f8318326848fa7c14b5a086a?s=96&d=mm&r=g","caption":"Heini Pennanen"},"url":"https:\/\/blogit.gradia.fi\/mobiilitohjaajat\/author\/pennahei\/"}]}},"uagb_featured_image_src":{"full":false,"thumbnail":false,"medium":false,"medium_large":false,"large":false,"1536x1536":false,"2048x2048":false,"post-thumbnail":false},"uagb_author_info":{"display_name":"Heini Pennanen","author_link":"https:\/\/blogit.gradia.fi\/mobiilitohjaajat\/author\/pennahei\/"},"uagb_comment_info":0,"uagb_excerpt":"Tammikuun lopussa pidettiin j\u00e4lleen yksi tabletti leiri, t\u00e4ll\u00e4 kertaa Espoossa. Inno-Omniasta varatut tilat olivat t\u00e4ynn\u00e4 innokkaita opettajia ja opetusalan ammattilaisia, jotka olivat halukkaita oppimaan uutta ja tutustumaan tablet-laitteisiin sek\u00e4 tablettien k\u00e4ytt\u00f6\u00f6n opetuksessa. Tablettileiri oli kaksi p\u00e4iv\u00e4inen tapahtuma, jonka aikana osallistuja sai tietoa mm. mobiilioppimisesta, videoiden, sarjakuvien, QR-koodien sek\u00e4 miellekarttaohjelmien k\u00e4ytt\u00e4misest\u00e4 opetuksessa. Ohjelma tarjosi my\u00f6s vankkaa&hellip;","_links":{"self":[{"href":"https:\/\/blogit.gradia.fi\/mobiilitohjaajat\/wp-json\/wp\/v2\/posts\/428","targetHints":{"allow":["GET"]}}],"collection":[{"href":"https:\/\/blogit.gradia.fi\/mobiilitohjaajat\/wp-json\/wp\/v2\/posts"}],"about":[{"href":"https:\/\/blogit.gradia.fi\/mobiilitohjaajat\/wp-json\/wp\/v2\/types\/post"}],"author":[{"embeddable":true,"href":"https:\/\/blogit.gradia.fi\/mobiilitohjaajat\/wp-json\/wp\/v2\/users\/165"}],"replies":[{"embeddable":true,"href":"https:\/\/blogit.gradia.fi\/mobiilitohjaajat\/wp-json\/wp\/v2\/comments?post=428"}],"version-history":[{"count":0,"href":"https:\/\/blogit.gradia.fi\/mobiilitohjaajat\/wp-json\/wp\/v2\/posts\/428\/revisions"}],"wp:attachment":[{"href":"https:\/\/blogit.gradia.fi\/mobiilitohjaajat\/wp-json\/wp\/v2\/media?parent=428"}],"wp:term":[{"taxonomy":"category","embeddable":true,"href":"https:\/\/blogit.gradia.fi\/mobiilitohjaajat\/wp-json\/wp\/v2\/categories?post=428"},{"taxonomy":"post_tag","embeddable":true,"href":"https:\/\/blogit.gradia.fi\/mobiilitohjaajat\/wp-json\/wp\/v2\/tags?post=428"}],"curies":[{"name":"wp","href":"https:\/\/api.w.org\/{rel}","templated":true}]}}