{"id":421,"date":"2014-02-05T09:25:12","date_gmt":"2014-02-05T07:25:12","guid":{"rendered":"https:\/\/blogit.gradia.fi\/mobiilitohjaajat\/?p=421"},"modified":"2014-02-11T10:22:41","modified_gmt":"2014-02-11T08:22:41","slug":"kommentteja-ipadien-kaytosta-imatran-puuseppien-kanssa","status":"publish","type":"post","link":"https:\/\/blogit.gradia.fi\/mobiilitohjaajat\/kommentteja-ipadien-kaytosta-imatran-puuseppien-kanssa\/","title":{"rendered":"Kommentteja ipadien k\u00e4yt\u00f6st\u00e4 Imatran puuseppien kanssa"},"content":{"rendered":"<p>Nyt vihdoin muistin soittaa mikrotukeen ja p\u00e4\u00e4sen kirjoittelemaan kommentteja padien k\u00e4yt\u00f6st\u00e4 opetuksessa. Kiitokset Juhalle, kun olet v\u00e4litellyt tekemisi\u00e4ni.<\/p>\n<p>Enivei, yritet\u00e4\u00e4mp\u00e4 runoilla t\u00e4h\u00e4n hieman fiiliksi\u00e4 kokeiluistani n\u00e4in Runebergin p\u00e4iv\u00e4n kunniaksi.<\/p>\n<p>Mit\u00e4 on saatu aikaiseksi<\/p>\n<p>+ Oppilaat ovat itse kuvanneet videoita, muokanneet ne imoviella ja n\u00e4ist\u00e4 on tehty qr koodit <a href=\"https:\/\/blogit.gradia.fi\/mobiilitohjaajat\/puuseppien-qr-koodit\/\">(n\u00e4ist\u00e4 kooste aiemmassa artikkelissa)<\/a><\/p>\n<p>+ On kuvattu tuotteita ja tehty pienimuotoisia kuvanmuokkauksia, liitetty nuolia, teksti\u00e4 ym. kommentteja eli tuote-esittelyj\u00e4<\/p>\n<p>+ Ty\u00f6turvallisuusohjeiden tekoa vaarallisimmille ty\u00f6koneille<\/p>\n<p><a href=\"https:\/\/blogit.gradia.fi\/mobiilitohjaajat\/wp-content\/uploads\/sites\/18\/2014\/02\/IMG_0314.jpg\"><img loading=\"lazy\" decoding=\"async\" class=\"alignnone size-medium wp-image-422\" alt=\"IMG_0314\" src=\"https:\/\/blogit.gradia.fi\/mobiilitohjaajat\/wp-content\/uploads\/sites\/18\/2014\/02\/IMG_0314-300x252.jpg\" width=\"300\" height=\"252\" srcset=\"https:\/\/blogit.gradia.fi\/mobiilitohjaajat\/wp-content\/uploads\/sites\/18\/2014\/02\/IMG_0314-300x252.jpg 300w, https:\/\/blogit.gradia.fi\/mobiilitohjaajat\/wp-content\/uploads\/sites\/18\/2014\/02\/IMG_0314-888x747.jpg 888w, https:\/\/blogit.gradia.fi\/mobiilitohjaajat\/wp-content\/uploads\/sites\/18\/2014\/02\/IMG_0314-504x424.jpg 504w\" sizes=\"auto, (max-width: 300px) 100vw, 300px\" \/><\/a><\/p>\n<p>+ tutustuttu erilaisiin appseihin ja kokeiltu mit\u00e4 niill\u00e4 saisi aikaiseksi<\/p>\n<p>+ harjoiteltu\u00a0 googledocsilla kommenttien tekoa kaikille avoimena tiedostona,\u00a0 <a href=\"https:\/\/docs.google.com\/document\/d\/1wF-5nfr0zg9IcJND1DH_RnO4UGyXDqBZRv7tj1NG3C4\/edit?pli=1\">t\u00e4ss\u00e4 liite tiedostoon mist\u00e4 voi lukea oppilaiden kommentteja siit\u00e4 milt\u00e4 ipadien k\u00e4ytt\u00f6 on tuntunut<\/a><\/p>\n<p>+ Harjoiteltu pilvipalvelimien k\u00e4ytt\u00f6\u00e4 (dropbox ja drive p\u00e4\u00e4asiassa)<\/p>\n<p>Kokemukset ovat minulle opettajana olleet hyvin my\u00f6nteisi\u00e4. Oma suhtautumiseni on my\u00f6s kokenut ison harppauksen eteenp\u00e4in erilaisten appsien ja palveluiden hy\u00f6dynt\u00e4misessa. Ajatusmaailma on selke\u00e4sti laajentunut (ainakin omasta mielest\u00e4 :)). Huomaan oman tabletink\u00e4yt\u00f6n muuttuneen selke\u00e4sti siihen suuntaan mit\u00e4 yrit\u00e4n my\u00f6s opettaa. Ehk\u00e4 p\u00e4\u00e4asia omissa ajatuksissa on ollut se kuinka voi oikeasti hy\u00f6dynt\u00e4\u00e4 nykyp\u00e4iv\u00e4n tekniikoita omaksi hy\u00f6dyksi ja iloksi. Minulla tuppaa ajatukset olla v\u00e4lill\u00e4 liiankin paljon siin\u00e4 kuinka hy\u00f6dynnet\u00e4\u00e4n tekniikka\u00a0 ja tuo ilon ja huvin osuus j\u00e4\u00e4 v\u00e4hemm\u00e4lle.<\/p>\n<p>Omien kokemusten perusteella padit toisivat selke\u00e4\u00e4 vaihtelua opetukseen. Opetuksen monipuolistuminen ja padien kautta tuleva yksil\u00f6llinen liikkuvuuden mahdollisuus olisi suuri etu ja ilo p\u00e4ivitt\u00e4isess\u00e4 opetuksessa. Olenkin esitt\u00e4nyt johtoportaalle ett\u00e4 saataisiin luokallinen padeja vakituisesti k\u00e4ytt\u00f6\u00f6n. K\u00e4ytt\u00f6 helpottuisi kun tiet\u00e4isi padien olevan koska vaan otettavissa. Oppilaiden yksil\u00f6lliset opintopolut tulevat koko ajan lis\u00e4\u00e4ntym\u00e4\u00e4n ja padit olisivat oivia ty\u00f6kaluja t\u00e4m\u00e4n ajatuksen tukemiseen. Suuri hy\u00f6ty tekniikan kannalta on t\u00e4ll\u00e4 hetkell\u00e4 my\u00f6s se, ett\u00e4 padit voi ottaa nuorten kanssa opetukseen tuosta vaan ilman mit\u00e4\u00e4n k\u00e4ytt\u00f6koulutuksia. My\u00f6s negatiivisesti ajattelevat oppilaat olivat valmiita kokeilemaan padien k\u00e4ytt\u00f6\u00e4 kun ei tehnyt aloituksesta liian virallista.\u00a0Toisaalta vapaus lis\u00e4\u00e4 opettajalle haastetta siin\u00e4, ett\u00e4 teht\u00e4vien pit\u00e4\u00e4 olla selke\u00e4sti m\u00e4\u00e4ritelty mutta kuitenkin antaa vapautta tekemiseen.<\/p>\n<p>Seuraavana teht\u00e4v\u00e4n\u00e4 on omalla osastolla luoda ja k\u00e4ynnist\u00e4\u00e4 blogin tekeminen.<\/p>\n<p>&nbsp;<\/p>\n<p>&nbsp;<\/p>\n<p>&nbsp;<\/p>\n<p>&nbsp;<\/p>\n","protected":false},"excerpt":{"rendered":"<p>Nyt vihdoin muistin soittaa mikrotukeen ja p\u00e4\u00e4sen kirjoittelemaan kommentteja padien k\u00e4yt\u00f6st\u00e4 opetuksessa. Kiitokset Juhalle, kun olet v\u00e4litellyt tekemisi\u00e4ni. Enivei, yritet\u00e4\u00e4mp\u00e4 runoilla t\u00e4h\u00e4n hieman fiiliksi\u00e4 kokeiluistani n\u00e4in Runebergin p\u00e4iv\u00e4n kunniaksi. Mit\u00e4 on saatu aikaiseksi + Oppilaat ovat itse kuvanneet videoita, muokanneet ne imoviella ja n\u00e4ist\u00e4 on tehty qr koodit (n\u00e4ist\u00e4 kooste aiemmassa artikkelissa) + On kuvattu &hellip; <a href=\"https:\/\/blogit.gradia.fi\/mobiilitohjaajat\/kommentteja-ipadien-kaytosta-imatran-puuseppien-kanssa\/\" class=\"more-link\">Jatka lukemista <span class=\"screen-reader-text\">Kommentteja ipadien k\u00e4yt\u00f6st\u00e4 Imatran puuseppien kanssa<\/span> <span class=\"meta-nav\">&rarr;<\/span><\/a><\/p>\n","protected":false},"author":172,"featured_media":0,"comment_status":"open","ping_status":"open","sticky":false,"template":"","format":"standard","meta":{"_uag_custom_page_level_css":"","footnotes":""},"categories":[1],"tags":[],"class_list":["post-421","post","type-post","status-publish","format-standard","hentry","category-yleinen"],"yoast_head":"<!-- This site is optimized with the Yoast SEO plugin v27.5 - https:\/\/yoast.com\/product\/yoast-seo-wordpress\/ -->\n<title>Kommentteja ipadien k\u00e4yt\u00f6st\u00e4 Imatran puuseppien kanssa - Mobiilit ohjaajat<\/title>\n<meta name=\"robots\" content=\"index, follow, max-snippet:-1, max-image-preview:large, max-video-preview:-1\" \/>\n<link rel=\"canonical\" href=\"https:\/\/blogit.gradia.fi\/mobiilitohjaajat\/kommentteja-ipadien-kaytosta-imatran-puuseppien-kanssa\/\" \/>\n<meta property=\"og:locale\" content=\"fi_FI\" \/>\n<meta property=\"og:type\" content=\"article\" \/>\n<meta property=\"og:title\" content=\"Kommentteja ipadien k\u00e4yt\u00f6st\u00e4 Imatran puuseppien kanssa - Mobiilit ohjaajat\" \/>\n<meta property=\"og:description\" content=\"Nyt vihdoin muistin soittaa mikrotukeen ja p\u00e4\u00e4sen kirjoittelemaan kommentteja padien k\u00e4yt\u00f6st\u00e4 opetuksessa. Kiitokset Juhalle, kun olet v\u00e4litellyt tekemisi\u00e4ni. Enivei, yritet\u00e4\u00e4mp\u00e4 runoilla t\u00e4h\u00e4n hieman fiiliksi\u00e4 kokeiluistani n\u00e4in Runebergin p\u00e4iv\u00e4n kunniaksi. Mit\u00e4 on saatu aikaiseksi + Oppilaat ovat itse kuvanneet videoita, muokanneet ne imoviella ja n\u00e4ist\u00e4 on tehty qr koodit (n\u00e4ist\u00e4 kooste aiemmassa artikkelissa) + On kuvattu &hellip; Jatka lukemista Kommentteja ipadien k\u00e4yt\u00f6st\u00e4 Imatran puuseppien kanssa &rarr;\" \/>\n<meta property=\"og:url\" content=\"https:\/\/blogit.gradia.fi\/mobiilitohjaajat\/kommentteja-ipadien-kaytosta-imatran-puuseppien-kanssa\/\" \/>\n<meta property=\"og:site_name\" content=\"Mobiilit ohjaajat\" \/>\n<meta property=\"article:published_time\" content=\"2014-02-05T07:25:12+00:00\" \/>\n<meta property=\"article:modified_time\" content=\"2014-02-11T08:22:41+00:00\" \/>\n<meta property=\"og:image\" content=\"https:\/\/blogit.gradia.fi\/mobiilitohjaajat\/wp-content\/uploads\/sites\/18\/2014\/02\/IMG_0314-300x252.jpg\" \/>\n<meta name=\"author\" content=\"tonyjou\" \/>\n<meta name=\"twitter:card\" content=\"summary_large_image\" \/>\n<meta name=\"twitter:label1\" content=\"Kirjoittanut\" \/>\n\t<meta name=\"twitter:data1\" content=\"tonyjou\" \/>\n\t<meta name=\"twitter:label2\" content=\"Arvioitu lukuaika\" \/>\n\t<meta name=\"twitter:data2\" content=\"2 minuuttia\" \/>\n<script type=\"application\/ld+json\" class=\"yoast-schema-graph\">{\"@context\":\"https:\\\/\\\/schema.org\",\"@graph\":[{\"@type\":\"Article\",\"@id\":\"https:\\\/\\\/blogit.gradia.fi\\\/mobiilitohjaajat\\\/kommentteja-ipadien-kaytosta-imatran-puuseppien-kanssa\\\/#article\",\"isPartOf\":{\"@id\":\"https:\\\/\\\/blogit.gradia.fi\\\/mobiilitohjaajat\\\/kommentteja-ipadien-kaytosta-imatran-puuseppien-kanssa\\\/\"},\"author\":{\"name\":\"tonyjou\",\"@id\":\"https:\\\/\\\/blogit.gradia.fi\\\/mobiilitohjaajat\\\/#\\\/schema\\\/person\\\/014b9bf1535ba0209c0c5686d8871cd2\"},\"headline\":\"Kommentteja ipadien k\u00e4yt\u00f6st\u00e4 Imatran puuseppien kanssa\",\"datePublished\":\"2014-02-05T07:25:12+00:00\",\"dateModified\":\"2014-02-11T08:22:41+00:00\",\"mainEntityOfPage\":{\"@id\":\"https:\\\/\\\/blogit.gradia.fi\\\/mobiilitohjaajat\\\/kommentteja-ipadien-kaytosta-imatran-puuseppien-kanssa\\\/\"},\"wordCount\":380,\"commentCount\":0,\"image\":{\"@id\":\"https:\\\/\\\/blogit.gradia.fi\\\/mobiilitohjaajat\\\/kommentteja-ipadien-kaytosta-imatran-puuseppien-kanssa\\\/#primaryimage\"},\"thumbnailUrl\":\"https:\\\/\\\/blogit.gradia.fi\\\/mobiilitohjaajat\\\/wp-content\\\/uploads\\\/sites\\\/18\\\/2014\\\/02\\\/IMG_0314-300x252.jpg\",\"inLanguage\":\"fi\",\"potentialAction\":[{\"@type\":\"CommentAction\",\"name\":\"Comment\",\"target\":[\"https:\\\/\\\/blogit.gradia.fi\\\/mobiilitohjaajat\\\/kommentteja-ipadien-kaytosta-imatran-puuseppien-kanssa\\\/#respond\"]}]},{\"@type\":\"WebPage\",\"@id\":\"https:\\\/\\\/blogit.gradia.fi\\\/mobiilitohjaajat\\\/kommentteja-ipadien-kaytosta-imatran-puuseppien-kanssa\\\/\",\"url\":\"https:\\\/\\\/blogit.gradia.fi\\\/mobiilitohjaajat\\\/kommentteja-ipadien-kaytosta-imatran-puuseppien-kanssa\\\/\",\"name\":\"Kommentteja ipadien k\u00e4yt\u00f6st\u00e4 Imatran puuseppien kanssa - Mobiilit ohjaajat\",\"isPartOf\":{\"@id\":\"https:\\\/\\\/blogit.gradia.fi\\\/mobiilitohjaajat\\\/#website\"},\"primaryImageOfPage\":{\"@id\":\"https:\\\/\\\/blogit.gradia.fi\\\/mobiilitohjaajat\\\/kommentteja-ipadien-kaytosta-imatran-puuseppien-kanssa\\\/#primaryimage\"},\"image\":{\"@id\":\"https:\\\/\\\/blogit.gradia.fi\\\/mobiilitohjaajat\\\/kommentteja-ipadien-kaytosta-imatran-puuseppien-kanssa\\\/#primaryimage\"},\"thumbnailUrl\":\"https:\\\/\\\/blogit.gradia.fi\\\/mobiilitohjaajat\\\/wp-content\\\/uploads\\\/sites\\\/18\\\/2014\\\/02\\\/IMG_0314-300x252.jpg\",\"datePublished\":\"2014-02-05T07:25:12+00:00\",\"dateModified\":\"2014-02-11T08:22:41+00:00\",\"author\":{\"@id\":\"https:\\\/\\\/blogit.gradia.fi\\\/mobiilitohjaajat\\\/#\\\/schema\\\/person\\\/014b9bf1535ba0209c0c5686d8871cd2\"},\"inLanguage\":\"fi\",\"potentialAction\":[{\"@type\":\"ReadAction\",\"target\":[\"https:\\\/\\\/blogit.gradia.fi\\\/mobiilitohjaajat\\\/kommentteja-ipadien-kaytosta-imatran-puuseppien-kanssa\\\/\"]}]},{\"@type\":\"ImageObject\",\"inLanguage\":\"fi\",\"@id\":\"https:\\\/\\\/blogit.gradia.fi\\\/mobiilitohjaajat\\\/kommentteja-ipadien-kaytosta-imatran-puuseppien-kanssa\\\/#primaryimage\",\"url\":\"https:\\\/\\\/blogit.gradia.fi\\\/mobiilitohjaajat\\\/wp-content\\\/uploads\\\/sites\\\/18\\\/2014\\\/02\\\/IMG_0314.jpg\",\"contentUrl\":\"https:\\\/\\\/blogit.gradia.fi\\\/mobiilitohjaajat\\\/wp-content\\\/uploads\\\/sites\\\/18\\\/2014\\\/02\\\/IMG_0314.jpg\",\"width\":2592,\"height\":2181},{\"@type\":\"WebSite\",\"@id\":\"https:\\\/\\\/blogit.gradia.fi\\\/mobiilitohjaajat\\\/#website\",\"url\":\"https:\\\/\\\/blogit.gradia.fi\\\/mobiilitohjaajat\\\/\",\"name\":\"Mobiilit ohjaajat\",\"description\":\"Opetushallituksen rahoittaman Mobiilit ohjaajat -hankkeen sivusto\",\"potentialAction\":[{\"@type\":\"SearchAction\",\"target\":{\"@type\":\"EntryPoint\",\"urlTemplate\":\"https:\\\/\\\/blogit.gradia.fi\\\/mobiilitohjaajat\\\/?s={search_term_string}\"},\"query-input\":{\"@type\":\"PropertyValueSpecification\",\"valueRequired\":true,\"valueName\":\"search_term_string\"}}],\"inLanguage\":\"fi\"},{\"@type\":\"Person\",\"@id\":\"https:\\\/\\\/blogit.gradia.fi\\\/mobiilitohjaajat\\\/#\\\/schema\\\/person\\\/014b9bf1535ba0209c0c5686d8871cd2\",\"name\":\"tonyjou\",\"image\":{\"@type\":\"ImageObject\",\"inLanguage\":\"fi\",\"@id\":\"https:\\\/\\\/secure.gravatar.com\\\/avatar\\\/d4aaee43c744c78ba8c07f6c8a5a07e7b66a3e86b281c780c009edeb0d381e95?s=96&d=mm&r=g\",\"url\":\"https:\\\/\\\/secure.gravatar.com\\\/avatar\\\/d4aaee43c744c78ba8c07f6c8a5a07e7b66a3e86b281c780c009edeb0d381e95?s=96&d=mm&r=g\",\"contentUrl\":\"https:\\\/\\\/secure.gravatar.com\\\/avatar\\\/d4aaee43c744c78ba8c07f6c8a5a07e7b66a3e86b281c780c009edeb0d381e95?s=96&d=mm&r=g\",\"caption\":\"tonyjou\"},\"url\":\"https:\\\/\\\/blogit.gradia.fi\\\/mobiilitohjaajat\\\/author\\\/tonyjou\\\/\"}]}<\/script>\n<!-- \/ Yoast SEO plugin. -->","yoast_head_json":{"title":"Kommentteja ipadien k\u00e4yt\u00f6st\u00e4 Imatran puuseppien kanssa - Mobiilit ohjaajat","robots":{"index":"index","follow":"follow","max-snippet":"max-snippet:-1","max-image-preview":"max-image-preview:large","max-video-preview":"max-video-preview:-1"},"canonical":"https:\/\/blogit.gradia.fi\/mobiilitohjaajat\/kommentteja-ipadien-kaytosta-imatran-puuseppien-kanssa\/","og_locale":"fi_FI","og_type":"article","og_title":"Kommentteja ipadien k\u00e4yt\u00f6st\u00e4 Imatran puuseppien kanssa - Mobiilit ohjaajat","og_description":"Nyt vihdoin muistin soittaa mikrotukeen ja p\u00e4\u00e4sen kirjoittelemaan kommentteja padien k\u00e4yt\u00f6st\u00e4 opetuksessa. Kiitokset Juhalle, kun olet v\u00e4litellyt tekemisi\u00e4ni. Enivei, yritet\u00e4\u00e4mp\u00e4 runoilla t\u00e4h\u00e4n hieman fiiliksi\u00e4 kokeiluistani n\u00e4in Runebergin p\u00e4iv\u00e4n kunniaksi. Mit\u00e4 on saatu aikaiseksi + Oppilaat ovat itse kuvanneet videoita, muokanneet ne imoviella ja n\u00e4ist\u00e4 on tehty qr koodit (n\u00e4ist\u00e4 kooste aiemmassa artikkelissa) + On kuvattu &hellip; Jatka lukemista Kommentteja ipadien k\u00e4yt\u00f6st\u00e4 Imatran puuseppien kanssa &rarr;","og_url":"https:\/\/blogit.gradia.fi\/mobiilitohjaajat\/kommentteja-ipadien-kaytosta-imatran-puuseppien-kanssa\/","og_site_name":"Mobiilit ohjaajat","article_published_time":"2014-02-05T07:25:12+00:00","article_modified_time":"2014-02-11T08:22:41+00:00","og_image":[{"url":"https:\/\/blogit.gradia.fi\/mobiilitohjaajat\/wp-content\/uploads\/sites\/18\/2014\/02\/IMG_0314-300x252.jpg","type":"","width":"","height":""}],"author":"tonyjou","twitter_card":"summary_large_image","twitter_misc":{"Kirjoittanut":"tonyjou","Arvioitu lukuaika":"2 minuuttia"},"schema":{"@context":"https:\/\/schema.org","@graph":[{"@type":"Article","@id":"https:\/\/blogit.gradia.fi\/mobiilitohjaajat\/kommentteja-ipadien-kaytosta-imatran-puuseppien-kanssa\/#article","isPartOf":{"@id":"https:\/\/blogit.gradia.fi\/mobiilitohjaajat\/kommentteja-ipadien-kaytosta-imatran-puuseppien-kanssa\/"},"author":{"name":"tonyjou","@id":"https:\/\/blogit.gradia.fi\/mobiilitohjaajat\/#\/schema\/person\/014b9bf1535ba0209c0c5686d8871cd2"},"headline":"Kommentteja ipadien k\u00e4yt\u00f6st\u00e4 Imatran puuseppien kanssa","datePublished":"2014-02-05T07:25:12+00:00","dateModified":"2014-02-11T08:22:41+00:00","mainEntityOfPage":{"@id":"https:\/\/blogit.gradia.fi\/mobiilitohjaajat\/kommentteja-ipadien-kaytosta-imatran-puuseppien-kanssa\/"},"wordCount":380,"commentCount":0,"image":{"@id":"https:\/\/blogit.gradia.fi\/mobiilitohjaajat\/kommentteja-ipadien-kaytosta-imatran-puuseppien-kanssa\/#primaryimage"},"thumbnailUrl":"https:\/\/blogit.gradia.fi\/mobiilitohjaajat\/wp-content\/uploads\/sites\/18\/2014\/02\/IMG_0314-300x252.jpg","inLanguage":"fi","potentialAction":[{"@type":"CommentAction","name":"Comment","target":["https:\/\/blogit.gradia.fi\/mobiilitohjaajat\/kommentteja-ipadien-kaytosta-imatran-puuseppien-kanssa\/#respond"]}]},{"@type":"WebPage","@id":"https:\/\/blogit.gradia.fi\/mobiilitohjaajat\/kommentteja-ipadien-kaytosta-imatran-puuseppien-kanssa\/","url":"https:\/\/blogit.gradia.fi\/mobiilitohjaajat\/kommentteja-ipadien-kaytosta-imatran-puuseppien-kanssa\/","name":"Kommentteja ipadien k\u00e4yt\u00f6st\u00e4 Imatran puuseppien kanssa - Mobiilit ohjaajat","isPartOf":{"@id":"https:\/\/blogit.gradia.fi\/mobiilitohjaajat\/#website"},"primaryImageOfPage":{"@id":"https:\/\/blogit.gradia.fi\/mobiilitohjaajat\/kommentteja-ipadien-kaytosta-imatran-puuseppien-kanssa\/#primaryimage"},"image":{"@id":"https:\/\/blogit.gradia.fi\/mobiilitohjaajat\/kommentteja-ipadien-kaytosta-imatran-puuseppien-kanssa\/#primaryimage"},"thumbnailUrl":"https:\/\/blogit.gradia.fi\/mobiilitohjaajat\/wp-content\/uploads\/sites\/18\/2014\/02\/IMG_0314-300x252.jpg","datePublished":"2014-02-05T07:25:12+00:00","dateModified":"2014-02-11T08:22:41+00:00","author":{"@id":"https:\/\/blogit.gradia.fi\/mobiilitohjaajat\/#\/schema\/person\/014b9bf1535ba0209c0c5686d8871cd2"},"inLanguage":"fi","potentialAction":[{"@type":"ReadAction","target":["https:\/\/blogit.gradia.fi\/mobiilitohjaajat\/kommentteja-ipadien-kaytosta-imatran-puuseppien-kanssa\/"]}]},{"@type":"ImageObject","inLanguage":"fi","@id":"https:\/\/blogit.gradia.fi\/mobiilitohjaajat\/kommentteja-ipadien-kaytosta-imatran-puuseppien-kanssa\/#primaryimage","url":"https:\/\/blogit.gradia.fi\/mobiilitohjaajat\/wp-content\/uploads\/sites\/18\/2014\/02\/IMG_0314.jpg","contentUrl":"https:\/\/blogit.gradia.fi\/mobiilitohjaajat\/wp-content\/uploads\/sites\/18\/2014\/02\/IMG_0314.jpg","width":2592,"height":2181},{"@type":"WebSite","@id":"https:\/\/blogit.gradia.fi\/mobiilitohjaajat\/#website","url":"https:\/\/blogit.gradia.fi\/mobiilitohjaajat\/","name":"Mobiilit ohjaajat","description":"Opetushallituksen rahoittaman Mobiilit ohjaajat -hankkeen sivusto","potentialAction":[{"@type":"SearchAction","target":{"@type":"EntryPoint","urlTemplate":"https:\/\/blogit.gradia.fi\/mobiilitohjaajat\/?s={search_term_string}"},"query-input":{"@type":"PropertyValueSpecification","valueRequired":true,"valueName":"search_term_string"}}],"inLanguage":"fi"},{"@type":"Person","@id":"https:\/\/blogit.gradia.fi\/mobiilitohjaajat\/#\/schema\/person\/014b9bf1535ba0209c0c5686d8871cd2","name":"tonyjou","image":{"@type":"ImageObject","inLanguage":"fi","@id":"https:\/\/secure.gravatar.com\/avatar\/d4aaee43c744c78ba8c07f6c8a5a07e7b66a3e86b281c780c009edeb0d381e95?s=96&d=mm&r=g","url":"https:\/\/secure.gravatar.com\/avatar\/d4aaee43c744c78ba8c07f6c8a5a07e7b66a3e86b281c780c009edeb0d381e95?s=96&d=mm&r=g","contentUrl":"https:\/\/secure.gravatar.com\/avatar\/d4aaee43c744c78ba8c07f6c8a5a07e7b66a3e86b281c780c009edeb0d381e95?s=96&d=mm&r=g","caption":"tonyjou"},"url":"https:\/\/blogit.gradia.fi\/mobiilitohjaajat\/author\/tonyjou\/"}]}},"uagb_featured_image_src":{"full":false,"thumbnail":false,"medium":false,"medium_large":false,"large":false,"1536x1536":false,"2048x2048":false,"post-thumbnail":false},"uagb_author_info":{"display_name":"tonyjou","author_link":"https:\/\/blogit.gradia.fi\/mobiilitohjaajat\/author\/tonyjou\/"},"uagb_comment_info":2,"uagb_excerpt":"Nyt vihdoin muistin soittaa mikrotukeen ja p\u00e4\u00e4sen kirjoittelemaan kommentteja padien k\u00e4yt\u00f6st\u00e4 opetuksessa. Kiitokset Juhalle, kun olet v\u00e4litellyt tekemisi\u00e4ni. Enivei, yritet\u00e4\u00e4mp\u00e4 runoilla t\u00e4h\u00e4n hieman fiiliksi\u00e4 kokeiluistani n\u00e4in Runebergin p\u00e4iv\u00e4n kunniaksi. Mit\u00e4 on saatu aikaiseksi + Oppilaat ovat itse kuvanneet videoita, muokanneet ne imoviella ja n\u00e4ist\u00e4 on tehty qr koodit (n\u00e4ist\u00e4 kooste aiemmassa artikkelissa) + On kuvattu&hellip;","_links":{"self":[{"href":"https:\/\/blogit.gradia.fi\/mobiilitohjaajat\/wp-json\/wp\/v2\/posts\/421","targetHints":{"allow":["GET"]}}],"collection":[{"href":"https:\/\/blogit.gradia.fi\/mobiilitohjaajat\/wp-json\/wp\/v2\/posts"}],"about":[{"href":"https:\/\/blogit.gradia.fi\/mobiilitohjaajat\/wp-json\/wp\/v2\/types\/post"}],"author":[{"embeddable":true,"href":"https:\/\/blogit.gradia.fi\/mobiilitohjaajat\/wp-json\/wp\/v2\/users\/172"}],"replies":[{"embeddable":true,"href":"https:\/\/blogit.gradia.fi\/mobiilitohjaajat\/wp-json\/wp\/v2\/comments?post=421"}],"version-history":[{"count":0,"href":"https:\/\/blogit.gradia.fi\/mobiilitohjaajat\/wp-json\/wp\/v2\/posts\/421\/revisions"}],"wp:attachment":[{"href":"https:\/\/blogit.gradia.fi\/mobiilitohjaajat\/wp-json\/wp\/v2\/media?parent=421"}],"wp:term":[{"taxonomy":"category","embeddable":true,"href":"https:\/\/blogit.gradia.fi\/mobiilitohjaajat\/wp-json\/wp\/v2\/categories?post=421"},{"taxonomy":"post_tag","embeddable":true,"href":"https:\/\/blogit.gradia.fi\/mobiilitohjaajat\/wp-json\/wp\/v2\/tags?post=421"}],"curies":[{"name":"wp","href":"https:\/\/api.w.org\/{rel}","templated":true}]}}