{"id":408,"date":"2014-01-29T22:55:12","date_gmt":"2014-01-29T20:55:12","guid":{"rendered":"https:\/\/blogit.gradia.fi\/mobiilitohjaajat\/?p=408"},"modified":"2014-01-29T22:55:12","modified_gmt":"2014-01-29T20:55:12","slug":"kauppa-ja-palvelut-yksikon-valiraportti","status":"publish","type":"post","link":"https:\/\/blogit.gradia.fi\/mobiilitohjaajat\/kauppa-ja-palvelut-yksikon-valiraportti\/","title":{"rendered":"Kauppa ja palvelut -yksik\u00f6n v\u00e4liraportti"},"content":{"rendered":"<p>T\u00e4ss\u00e4 Jyv\u00e4skyl\u00e4n ammattiopiston Kauppa ja palvelut -yksik\u00f6n opettajien v\u00e4liraportti\u00a0ty\u00f6ss\u00e4oppimispainotteisen luokan kehitt\u00e4miseksi mobiilein ohjauksen menetelmin.<\/p>\n<p>Raportissa my\u00f6s osio, jossa opettajat ovat arvioineet WIndows 8 -tabletin k\u00e4ytt\u00f6\u00e4 opetuksessa ja ohjauksessa.<\/p>\n<p><a href=\"https:\/\/blogit.gradia.fi\/mobiilitohjaajat\/wp-content\/uploads\/sites\/18\/2014\/01\/Kaupan_valiraportti_s2013.pdf\">Kaupan_valiraportti_s2013<\/a><\/p>\n","protected":false},"excerpt":{"rendered":"<p>T\u00e4ss\u00e4 Jyv\u00e4skyl\u00e4n ammattiopiston Kauppa ja palvelut -yksik\u00f6n opettajien v\u00e4liraportti\u00a0ty\u00f6ss\u00e4oppimispainotteisen luokan kehitt\u00e4miseksi mobiilein ohjauksen menetelmin. Raportissa my\u00f6s osio, jossa opettajat ovat arvioineet WIndows 8 -tabletin k\u00e4ytt\u00f6\u00e4 opetuksessa ja ohjauksessa. Kaupan_valiraportti_s2013<\/p>\n","protected":false},"author":161,"featured_media":0,"comment_status":"open","ping_status":"open","sticky":false,"template":"","format":"standard","meta":{"_uag_custom_page_level_css":"","footnotes":""},"categories":[12,13,19,4,26,29,6,42,14,9,64,44,1],"tags":[68,67,66,65],"class_list":["post-408","post","type-post","status-publish","format-standard","hentry","category-blogioppimispaivakirjana","category-blogiportfoliona","category-etaohjaus","category-facebook-ohjaus","category-kauppa","category-flippedclassroom","category-laitevertailua","category-ohjelmat","category-ryhmablogi","category-videotopetuksessa","category-valiraportit","category-win8tabletti","category-yleinen","tag-blogi-ohjauksen-valineena","tag-blogi-oppimispaivakirjana","tag-tyopaikkaohjaus","tag-windiws-8-tabletti"],"yoast_head":"<!-- This site is optimized with the Yoast SEO plugin v27.5 - https:\/\/yoast.com\/product\/yoast-seo-wordpress\/ -->\n<title>Kauppa ja palvelut -yksik\u00f6n v\u00e4liraportti - Mobiilit ohjaajat<\/title>\n<meta name=\"robots\" content=\"index, follow, max-snippet:-1, max-image-preview:large, max-video-preview:-1\" \/>\n<link rel=\"canonical\" href=\"https:\/\/blogit.gradia.fi\/mobiilitohjaajat\/kauppa-ja-palvelut-yksikon-valiraportti\/\" \/>\n<meta property=\"og:locale\" content=\"fi_FI\" \/>\n<meta property=\"og:type\" content=\"article\" \/>\n<meta property=\"og:title\" content=\"Kauppa ja palvelut -yksik\u00f6n v\u00e4liraportti - Mobiilit ohjaajat\" \/>\n<meta property=\"og:description\" content=\"T\u00e4ss\u00e4 Jyv\u00e4skyl\u00e4n ammattiopiston Kauppa ja palvelut -yksik\u00f6n opettajien v\u00e4liraportti\u00a0ty\u00f6ss\u00e4oppimispainotteisen luokan kehitt\u00e4miseksi mobiilein ohjauksen menetelmin. Raportissa my\u00f6s osio, jossa opettajat ovat arvioineet WIndows 8 -tabletin k\u00e4ytt\u00f6\u00e4 opetuksessa ja ohjauksessa. Kaupan_valiraportti_s2013\" \/>\n<meta property=\"og:url\" content=\"https:\/\/blogit.gradia.fi\/mobiilitohjaajat\/kauppa-ja-palvelut-yksikon-valiraportti\/\" \/>\n<meta property=\"og:site_name\" content=\"Mobiilit ohjaajat\" \/>\n<meta property=\"article:published_time\" content=\"2014-01-29T20:55:12+00:00\" \/>\n<meta name=\"author\" content=\"Hanna Frilander\" \/>\n<meta name=\"twitter:card\" content=\"summary_large_image\" \/>\n<meta name=\"twitter:label1\" content=\"Kirjoittanut\" \/>\n\t<meta name=\"twitter:data1\" content=\"Hanna Frilander\" \/>\n<script type=\"application\/ld+json\" class=\"yoast-schema-graph\">{\"@context\":\"https:\\\/\\\/schema.org\",\"@graph\":[{\"@type\":\"Article\",\"@id\":\"https:\\\/\\\/blogit.gradia.fi\\\/mobiilitohjaajat\\\/kauppa-ja-palvelut-yksikon-valiraportti\\\/#article\",\"isPartOf\":{\"@id\":\"https:\\\/\\\/blogit.gradia.fi\\\/mobiilitohjaajat\\\/kauppa-ja-palvelut-yksikon-valiraportti\\\/\"},\"author\":{\"name\":\"Hanna Frilander\",\"@id\":\"https:\\\/\\\/blogit.gradia.fi\\\/mobiilitohjaajat\\\/#\\\/schema\\\/person\\\/dc29d090d6c7ce0ae6dc14792568b9fe\"},\"headline\":\"Kauppa ja palvelut -yksik\u00f6n v\u00e4liraportti\",\"datePublished\":\"2014-01-29T20:55:12+00:00\",\"mainEntityOfPage\":{\"@id\":\"https:\\\/\\\/blogit.gradia.fi\\\/mobiilitohjaajat\\\/kauppa-ja-palvelut-yksikon-valiraportti\\\/\"},\"wordCount\":48,\"commentCount\":0,\"keywords\":[\"blogi ohjauksen v\u00e4lineen\u00e4\",\"blogi oppimisp\u00e4iv\u00e4kirjana\",\"ty\u00f6paikkaohjaus\",\"windiws 8 tabletti\"],\"articleSection\":[\"Blogi oppimisp\u00e4iv\u00e4kirjana\",\"Blogi portfoliona\",\"Et\u00e4ohjauksen menetelm\u00e4t\",\"Facebook-ohjaus\",\"Kauppa ja palvelut\",\"K\u00e4\u00e4nteinen luokkahuone -ajattelu\",\"Laitevertailua\",\"Ohjelmat\",\"Ryhm\u00e4blogi ohjauksessa\",\"Videot opetuksessa\",\"V\u00e4liraportit\",\"Win 8 tabletti\"],\"inLanguage\":\"fi\",\"potentialAction\":[{\"@type\":\"CommentAction\",\"name\":\"Comment\",\"target\":[\"https:\\\/\\\/blogit.gradia.fi\\\/mobiilitohjaajat\\\/kauppa-ja-palvelut-yksikon-valiraportti\\\/#respond\"]}]},{\"@type\":\"WebPage\",\"@id\":\"https:\\\/\\\/blogit.gradia.fi\\\/mobiilitohjaajat\\\/kauppa-ja-palvelut-yksikon-valiraportti\\\/\",\"url\":\"https:\\\/\\\/blogit.gradia.fi\\\/mobiilitohjaajat\\\/kauppa-ja-palvelut-yksikon-valiraportti\\\/\",\"name\":\"Kauppa ja palvelut -yksik\u00f6n v\u00e4liraportti - Mobiilit ohjaajat\",\"isPartOf\":{\"@id\":\"https:\\\/\\\/blogit.gradia.fi\\\/mobiilitohjaajat\\\/#website\"},\"datePublished\":\"2014-01-29T20:55:12+00:00\",\"author\":{\"@id\":\"https:\\\/\\\/blogit.gradia.fi\\\/mobiilitohjaajat\\\/#\\\/schema\\\/person\\\/dc29d090d6c7ce0ae6dc14792568b9fe\"},\"inLanguage\":\"fi\",\"potentialAction\":[{\"@type\":\"ReadAction\",\"target\":[\"https:\\\/\\\/blogit.gradia.fi\\\/mobiilitohjaajat\\\/kauppa-ja-palvelut-yksikon-valiraportti\\\/\"]}]},{\"@type\":\"WebSite\",\"@id\":\"https:\\\/\\\/blogit.gradia.fi\\\/mobiilitohjaajat\\\/#website\",\"url\":\"https:\\\/\\\/blogit.gradia.fi\\\/mobiilitohjaajat\\\/\",\"name\":\"Mobiilit ohjaajat\",\"description\":\"Opetushallituksen rahoittaman Mobiilit ohjaajat -hankkeen sivusto\",\"potentialAction\":[{\"@type\":\"SearchAction\",\"target\":{\"@type\":\"EntryPoint\",\"urlTemplate\":\"https:\\\/\\\/blogit.gradia.fi\\\/mobiilitohjaajat\\\/?s={search_term_string}\"},\"query-input\":{\"@type\":\"PropertyValueSpecification\",\"valueRequired\":true,\"valueName\":\"search_term_string\"}}],\"inLanguage\":\"fi\"},{\"@type\":\"Person\",\"@id\":\"https:\\\/\\\/blogit.gradia.fi\\\/mobiilitohjaajat\\\/#\\\/schema\\\/person\\\/dc29d090d6c7ce0ae6dc14792568b9fe\",\"name\":\"Hanna Frilander\",\"image\":{\"@type\":\"ImageObject\",\"inLanguage\":\"fi\",\"@id\":\"https:\\\/\\\/secure.gravatar.com\\\/avatar\\\/c529bc03d9c1b3586a541c9e44b82c099e1a1c4d27b9465882eae9f68a5ca5f8?s=96&d=mm&r=g\",\"url\":\"https:\\\/\\\/secure.gravatar.com\\\/avatar\\\/c529bc03d9c1b3586a541c9e44b82c099e1a1c4d27b9465882eae9f68a5ca5f8?s=96&d=mm&r=g\",\"contentUrl\":\"https:\\\/\\\/secure.gravatar.com\\\/avatar\\\/c529bc03d9c1b3586a541c9e44b82c099e1a1c4d27b9465882eae9f68a5ca5f8?s=96&d=mm&r=g\",\"caption\":\"Hanna Frilander\"},\"url\":\"https:\\\/\\\/blogit.gradia.fi\\\/mobiilitohjaajat\\\/author\\\/frilahan\\\/\"}]}<\/script>\n<!-- \/ Yoast SEO plugin. -->","yoast_head_json":{"title":"Kauppa ja palvelut -yksik\u00f6n v\u00e4liraportti - Mobiilit ohjaajat","robots":{"index":"index","follow":"follow","max-snippet":"max-snippet:-1","max-image-preview":"max-image-preview:large","max-video-preview":"max-video-preview:-1"},"canonical":"https:\/\/blogit.gradia.fi\/mobiilitohjaajat\/kauppa-ja-palvelut-yksikon-valiraportti\/","og_locale":"fi_FI","og_type":"article","og_title":"Kauppa ja palvelut -yksik\u00f6n v\u00e4liraportti - Mobiilit ohjaajat","og_description":"T\u00e4ss\u00e4 Jyv\u00e4skyl\u00e4n ammattiopiston Kauppa ja palvelut -yksik\u00f6n opettajien v\u00e4liraportti\u00a0ty\u00f6ss\u00e4oppimispainotteisen luokan kehitt\u00e4miseksi mobiilein ohjauksen menetelmin. Raportissa my\u00f6s osio, jossa opettajat ovat arvioineet WIndows 8 -tabletin k\u00e4ytt\u00f6\u00e4 opetuksessa ja ohjauksessa. Kaupan_valiraportti_s2013","og_url":"https:\/\/blogit.gradia.fi\/mobiilitohjaajat\/kauppa-ja-palvelut-yksikon-valiraportti\/","og_site_name":"Mobiilit ohjaajat","article_published_time":"2014-01-29T20:55:12+00:00","author":"Hanna Frilander","twitter_card":"summary_large_image","twitter_misc":{"Kirjoittanut":"Hanna Frilander"},"schema":{"@context":"https:\/\/schema.org","@graph":[{"@type":"Article","@id":"https:\/\/blogit.gradia.fi\/mobiilitohjaajat\/kauppa-ja-palvelut-yksikon-valiraportti\/#article","isPartOf":{"@id":"https:\/\/blogit.gradia.fi\/mobiilitohjaajat\/kauppa-ja-palvelut-yksikon-valiraportti\/"},"author":{"name":"Hanna Frilander","@id":"https:\/\/blogit.gradia.fi\/mobiilitohjaajat\/#\/schema\/person\/dc29d090d6c7ce0ae6dc14792568b9fe"},"headline":"Kauppa ja palvelut -yksik\u00f6n v\u00e4liraportti","datePublished":"2014-01-29T20:55:12+00:00","mainEntityOfPage":{"@id":"https:\/\/blogit.gradia.fi\/mobiilitohjaajat\/kauppa-ja-palvelut-yksikon-valiraportti\/"},"wordCount":48,"commentCount":0,"keywords":["blogi ohjauksen v\u00e4lineen\u00e4","blogi oppimisp\u00e4iv\u00e4kirjana","ty\u00f6paikkaohjaus","windiws 8 tabletti"],"articleSection":["Blogi oppimisp\u00e4iv\u00e4kirjana","Blogi portfoliona","Et\u00e4ohjauksen menetelm\u00e4t","Facebook-ohjaus","Kauppa ja palvelut","K\u00e4\u00e4nteinen luokkahuone -ajattelu","Laitevertailua","Ohjelmat","Ryhm\u00e4blogi ohjauksessa","Videot opetuksessa","V\u00e4liraportit","Win 8 tabletti"],"inLanguage":"fi","potentialAction":[{"@type":"CommentAction","name":"Comment","target":["https:\/\/blogit.gradia.fi\/mobiilitohjaajat\/kauppa-ja-palvelut-yksikon-valiraportti\/#respond"]}]},{"@type":"WebPage","@id":"https:\/\/blogit.gradia.fi\/mobiilitohjaajat\/kauppa-ja-palvelut-yksikon-valiraportti\/","url":"https:\/\/blogit.gradia.fi\/mobiilitohjaajat\/kauppa-ja-palvelut-yksikon-valiraportti\/","name":"Kauppa ja palvelut -yksik\u00f6n v\u00e4liraportti - Mobiilit ohjaajat","isPartOf":{"@id":"https:\/\/blogit.gradia.fi\/mobiilitohjaajat\/#website"},"datePublished":"2014-01-29T20:55:12+00:00","author":{"@id":"https:\/\/blogit.gradia.fi\/mobiilitohjaajat\/#\/schema\/person\/dc29d090d6c7ce0ae6dc14792568b9fe"},"inLanguage":"fi","potentialAction":[{"@type":"ReadAction","target":["https:\/\/blogit.gradia.fi\/mobiilitohjaajat\/kauppa-ja-palvelut-yksikon-valiraportti\/"]}]},{"@type":"WebSite","@id":"https:\/\/blogit.gradia.fi\/mobiilitohjaajat\/#website","url":"https:\/\/blogit.gradia.fi\/mobiilitohjaajat\/","name":"Mobiilit ohjaajat","description":"Opetushallituksen rahoittaman Mobiilit ohjaajat -hankkeen sivusto","potentialAction":[{"@type":"SearchAction","target":{"@type":"EntryPoint","urlTemplate":"https:\/\/blogit.gradia.fi\/mobiilitohjaajat\/?s={search_term_string}"},"query-input":{"@type":"PropertyValueSpecification","valueRequired":true,"valueName":"search_term_string"}}],"inLanguage":"fi"},{"@type":"Person","@id":"https:\/\/blogit.gradia.fi\/mobiilitohjaajat\/#\/schema\/person\/dc29d090d6c7ce0ae6dc14792568b9fe","name":"Hanna Frilander","image":{"@type":"ImageObject","inLanguage":"fi","@id":"https:\/\/secure.gravatar.com\/avatar\/c529bc03d9c1b3586a541c9e44b82c099e1a1c4d27b9465882eae9f68a5ca5f8?s=96&d=mm&r=g","url":"https:\/\/secure.gravatar.com\/avatar\/c529bc03d9c1b3586a541c9e44b82c099e1a1c4d27b9465882eae9f68a5ca5f8?s=96&d=mm&r=g","contentUrl":"https:\/\/secure.gravatar.com\/avatar\/c529bc03d9c1b3586a541c9e44b82c099e1a1c4d27b9465882eae9f68a5ca5f8?s=96&d=mm&r=g","caption":"Hanna Frilander"},"url":"https:\/\/blogit.gradia.fi\/mobiilitohjaajat\/author\/frilahan\/"}]}},"uagb_featured_image_src":{"full":false,"thumbnail":false,"medium":false,"medium_large":false,"large":false,"1536x1536":false,"2048x2048":false,"post-thumbnail":false},"uagb_author_info":{"display_name":"Hanna Frilander","author_link":"https:\/\/blogit.gradia.fi\/mobiilitohjaajat\/author\/frilahan\/"},"uagb_comment_info":2,"uagb_excerpt":"T\u00e4ss\u00e4 Jyv\u00e4skyl\u00e4n ammattiopiston Kauppa ja palvelut -yksik\u00f6n opettajien v\u00e4liraportti\u00a0ty\u00f6ss\u00e4oppimispainotteisen luokan kehitt\u00e4miseksi mobiilein ohjauksen menetelmin. Raportissa my\u00f6s osio, jossa opettajat ovat arvioineet WIndows 8 -tabletin k\u00e4ytt\u00f6\u00e4 opetuksessa ja ohjauksessa. Kaupan_valiraportti_s2013","_links":{"self":[{"href":"https:\/\/blogit.gradia.fi\/mobiilitohjaajat\/wp-json\/wp\/v2\/posts\/408","targetHints":{"allow":["GET"]}}],"collection":[{"href":"https:\/\/blogit.gradia.fi\/mobiilitohjaajat\/wp-json\/wp\/v2\/posts"}],"about":[{"href":"https:\/\/blogit.gradia.fi\/mobiilitohjaajat\/wp-json\/wp\/v2\/types\/post"}],"author":[{"embeddable":true,"href":"https:\/\/blogit.gradia.fi\/mobiilitohjaajat\/wp-json\/wp\/v2\/users\/161"}],"replies":[{"embeddable":true,"href":"https:\/\/blogit.gradia.fi\/mobiilitohjaajat\/wp-json\/wp\/v2\/comments?post=408"}],"version-history":[{"count":0,"href":"https:\/\/blogit.gradia.fi\/mobiilitohjaajat\/wp-json\/wp\/v2\/posts\/408\/revisions"}],"wp:attachment":[{"href":"https:\/\/blogit.gradia.fi\/mobiilitohjaajat\/wp-json\/wp\/v2\/media?parent=408"}],"wp:term":[{"taxonomy":"category","embeddable":true,"href":"https:\/\/blogit.gradia.fi\/mobiilitohjaajat\/wp-json\/wp\/v2\/categories?post=408"},{"taxonomy":"post_tag","embeddable":true,"href":"https:\/\/blogit.gradia.fi\/mobiilitohjaajat\/wp-json\/wp\/v2\/tags?post=408"}],"curies":[{"name":"wp","href":"https:\/\/api.w.org\/{rel}","templated":true}]}}