{"id":405,"date":"2014-01-29T22:17:03","date_gmt":"2014-01-29T20:17:03","guid":{"rendered":"https:\/\/blogit.gradia.fi\/mobiilitohjaajat\/?p=405"},"modified":"2014-01-29T22:17:03","modified_gmt":"2014-01-29T20:17:03","slug":"acerin-windows-8-tabletti-tyokaytossa","status":"publish","type":"post","link":"https:\/\/blogit.gradia.fi\/mobiilitohjaajat\/acerin-windows-8-tabletti-tyokaytossa\/","title":{"rendered":"Acerin Windows 8 -tabletti ty\u00f6k\u00e4yt\u00f6ss\u00e4"},"content":{"rendered":"<p>Olemme testanneet tietohallinnon kautta tilattuja Windows 8 -tabletteja ty\u00f6k\u00e4yt\u00f6ss\u00e4 tarvittavien prosessien sujuvuuden\u00a0n\u00e4k\u00f6kulmasta.<\/p>\n<p>T\u00e4h\u00e4n dokumenttiin on koottu huomioita laitteiden asennusten ja k\u00e4ytt\u00e4jien k\u00e4ytt\u00f6\u00f6noton opastuksen suhteen opetuksen tarpeiden ja tietohallinnon vuoropuhelun tueksi:<\/p>\n<p><a href=\"https:\/\/blogit.gradia.fi\/mobiilitohjaajat\/wp-content\/uploads\/sites\/18\/2014\/01\/Acerin-Windows-8-ty\u00f6k\u00e4yt\u00f6ss\u00e4.pdf\">Acerin Windows 8 ty\u00f6k\u00e4yt\u00f6ss\u00e4<\/a><\/p>\n","protected":false},"excerpt":{"rendered":"<p>Olemme testanneet tietohallinnon kautta tilattuja Windows 8 -tabletteja ty\u00f6k\u00e4yt\u00f6ss\u00e4 tarvittavien prosessien sujuvuuden\u00a0n\u00e4k\u00f6kulmasta. T\u00e4h\u00e4n dokumenttiin on koottu huomioita laitteiden asennusten ja k\u00e4ytt\u00e4jien k\u00e4ytt\u00f6\u00f6noton opastuksen suhteen opetuksen tarpeiden ja tietohallinnon vuoropuhelun tueksi: Acerin Windows 8 ty\u00f6k\u00e4yt\u00f6ss\u00e4<\/p>\n","protected":false},"author":161,"featured_media":0,"comment_status":"open","ping_status":"open","sticky":false,"template":"","format":"standard","meta":{"_uag_custom_page_level_css":"","footnotes":""},"categories":[44,1],"tags":[63,62],"class_list":["post-405","post","type-post","status-publish","format-standard","hentry","category-win8tabletti","category-yleinen","tag-tyokaytto","tag-windows-8-tabletti"],"yoast_head":"<!-- This site is optimized with the Yoast SEO plugin v27.5 - https:\/\/yoast.com\/product\/yoast-seo-wordpress\/ -->\n<title>Acerin Windows 8 -tabletti ty\u00f6k\u00e4yt\u00f6ss\u00e4 - Mobiilit ohjaajat<\/title>\n<meta name=\"robots\" content=\"index, follow, max-snippet:-1, max-image-preview:large, max-video-preview:-1\" \/>\n<link rel=\"canonical\" href=\"https:\/\/blogit.gradia.fi\/mobiilitohjaajat\/acerin-windows-8-tabletti-tyokaytossa\/\" \/>\n<meta property=\"og:locale\" content=\"fi_FI\" \/>\n<meta property=\"og:type\" content=\"article\" \/>\n<meta property=\"og:title\" content=\"Acerin Windows 8 -tabletti ty\u00f6k\u00e4yt\u00f6ss\u00e4 - Mobiilit ohjaajat\" \/>\n<meta property=\"og:description\" content=\"Olemme testanneet tietohallinnon kautta tilattuja Windows 8 -tabletteja ty\u00f6k\u00e4yt\u00f6ss\u00e4 tarvittavien prosessien sujuvuuden\u00a0n\u00e4k\u00f6kulmasta. T\u00e4h\u00e4n dokumenttiin on koottu huomioita laitteiden asennusten ja k\u00e4ytt\u00e4jien k\u00e4ytt\u00f6\u00f6noton opastuksen suhteen opetuksen tarpeiden ja tietohallinnon vuoropuhelun tueksi: Acerin Windows 8 ty\u00f6k\u00e4yt\u00f6ss\u00e4\" \/>\n<meta property=\"og:url\" content=\"https:\/\/blogit.gradia.fi\/mobiilitohjaajat\/acerin-windows-8-tabletti-tyokaytossa\/\" \/>\n<meta property=\"og:site_name\" content=\"Mobiilit ohjaajat\" \/>\n<meta property=\"article:published_time\" content=\"2014-01-29T20:17:03+00:00\" \/>\n<meta name=\"author\" content=\"Hanna Frilander\" \/>\n<meta name=\"twitter:card\" content=\"summary_large_image\" \/>\n<meta name=\"twitter:label1\" content=\"Kirjoittanut\" \/>\n\t<meta name=\"twitter:data1\" content=\"Hanna Frilander\" \/>\n<script type=\"application\/ld+json\" class=\"yoast-schema-graph\">{\"@context\":\"https:\\\/\\\/schema.org\",\"@graph\":[{\"@type\":\"Article\",\"@id\":\"https:\\\/\\\/blogit.gradia.fi\\\/mobiilitohjaajat\\\/acerin-windows-8-tabletti-tyokaytossa\\\/#article\",\"isPartOf\":{\"@id\":\"https:\\\/\\\/blogit.gradia.fi\\\/mobiilitohjaajat\\\/acerin-windows-8-tabletti-tyokaytossa\\\/\"},\"author\":{\"name\":\"Hanna Frilander\",\"@id\":\"https:\\\/\\\/blogit.gradia.fi\\\/mobiilitohjaajat\\\/#\\\/schema\\\/person\\\/dc29d090d6c7ce0ae6dc14792568b9fe\"},\"headline\":\"Acerin Windows 8 -tabletti ty\u00f6k\u00e4yt\u00f6ss\u00e4\",\"datePublished\":\"2014-01-29T20:17:03+00:00\",\"mainEntityOfPage\":{\"@id\":\"https:\\\/\\\/blogit.gradia.fi\\\/mobiilitohjaajat\\\/acerin-windows-8-tabletti-tyokaytossa\\\/\"},\"wordCount\":54,\"commentCount\":0,\"keywords\":[\"ty\u00f6k\u00e4ytt\u00f6\",\"windows 8 tabletti\"],\"articleSection\":[\"Win 8 tabletti\"],\"inLanguage\":\"fi\",\"potentialAction\":[{\"@type\":\"CommentAction\",\"name\":\"Comment\",\"target\":[\"https:\\\/\\\/blogit.gradia.fi\\\/mobiilitohjaajat\\\/acerin-windows-8-tabletti-tyokaytossa\\\/#respond\"]}]},{\"@type\":\"WebPage\",\"@id\":\"https:\\\/\\\/blogit.gradia.fi\\\/mobiilitohjaajat\\\/acerin-windows-8-tabletti-tyokaytossa\\\/\",\"url\":\"https:\\\/\\\/blogit.gradia.fi\\\/mobiilitohjaajat\\\/acerin-windows-8-tabletti-tyokaytossa\\\/\",\"name\":\"Acerin Windows 8 -tabletti ty\u00f6k\u00e4yt\u00f6ss\u00e4 - Mobiilit ohjaajat\",\"isPartOf\":{\"@id\":\"https:\\\/\\\/blogit.gradia.fi\\\/mobiilitohjaajat\\\/#website\"},\"datePublished\":\"2014-01-29T20:17:03+00:00\",\"author\":{\"@id\":\"https:\\\/\\\/blogit.gradia.fi\\\/mobiilitohjaajat\\\/#\\\/schema\\\/person\\\/dc29d090d6c7ce0ae6dc14792568b9fe\"},\"inLanguage\":\"fi\",\"potentialAction\":[{\"@type\":\"ReadAction\",\"target\":[\"https:\\\/\\\/blogit.gradia.fi\\\/mobiilitohjaajat\\\/acerin-windows-8-tabletti-tyokaytossa\\\/\"]}]},{\"@type\":\"WebSite\",\"@id\":\"https:\\\/\\\/blogit.gradia.fi\\\/mobiilitohjaajat\\\/#website\",\"url\":\"https:\\\/\\\/blogit.gradia.fi\\\/mobiilitohjaajat\\\/\",\"name\":\"Mobiilit ohjaajat\",\"description\":\"Opetushallituksen rahoittaman Mobiilit ohjaajat -hankkeen sivusto\",\"potentialAction\":[{\"@type\":\"SearchAction\",\"target\":{\"@type\":\"EntryPoint\",\"urlTemplate\":\"https:\\\/\\\/blogit.gradia.fi\\\/mobiilitohjaajat\\\/?s={search_term_string}\"},\"query-input\":{\"@type\":\"PropertyValueSpecification\",\"valueRequired\":true,\"valueName\":\"search_term_string\"}}],\"inLanguage\":\"fi\"},{\"@type\":\"Person\",\"@id\":\"https:\\\/\\\/blogit.gradia.fi\\\/mobiilitohjaajat\\\/#\\\/schema\\\/person\\\/dc29d090d6c7ce0ae6dc14792568b9fe\",\"name\":\"Hanna Frilander\",\"image\":{\"@type\":\"ImageObject\",\"inLanguage\":\"fi\",\"@id\":\"https:\\\/\\\/secure.gravatar.com\\\/avatar\\\/c529bc03d9c1b3586a541c9e44b82c099e1a1c4d27b9465882eae9f68a5ca5f8?s=96&d=mm&r=g\",\"url\":\"https:\\\/\\\/secure.gravatar.com\\\/avatar\\\/c529bc03d9c1b3586a541c9e44b82c099e1a1c4d27b9465882eae9f68a5ca5f8?s=96&d=mm&r=g\",\"contentUrl\":\"https:\\\/\\\/secure.gravatar.com\\\/avatar\\\/c529bc03d9c1b3586a541c9e44b82c099e1a1c4d27b9465882eae9f68a5ca5f8?s=96&d=mm&r=g\",\"caption\":\"Hanna Frilander\"},\"url\":\"https:\\\/\\\/blogit.gradia.fi\\\/mobiilitohjaajat\\\/author\\\/frilahan\\\/\"}]}<\/script>\n<!-- \/ Yoast SEO plugin. -->","yoast_head_json":{"title":"Acerin Windows 8 -tabletti ty\u00f6k\u00e4yt\u00f6ss\u00e4 - Mobiilit ohjaajat","robots":{"index":"index","follow":"follow","max-snippet":"max-snippet:-1","max-image-preview":"max-image-preview:large","max-video-preview":"max-video-preview:-1"},"canonical":"https:\/\/blogit.gradia.fi\/mobiilitohjaajat\/acerin-windows-8-tabletti-tyokaytossa\/","og_locale":"fi_FI","og_type":"article","og_title":"Acerin Windows 8 -tabletti ty\u00f6k\u00e4yt\u00f6ss\u00e4 - Mobiilit ohjaajat","og_description":"Olemme testanneet tietohallinnon kautta tilattuja Windows 8 -tabletteja ty\u00f6k\u00e4yt\u00f6ss\u00e4 tarvittavien prosessien sujuvuuden\u00a0n\u00e4k\u00f6kulmasta. T\u00e4h\u00e4n dokumenttiin on koottu huomioita laitteiden asennusten ja k\u00e4ytt\u00e4jien k\u00e4ytt\u00f6\u00f6noton opastuksen suhteen opetuksen tarpeiden ja tietohallinnon vuoropuhelun tueksi: Acerin Windows 8 ty\u00f6k\u00e4yt\u00f6ss\u00e4","og_url":"https:\/\/blogit.gradia.fi\/mobiilitohjaajat\/acerin-windows-8-tabletti-tyokaytossa\/","og_site_name":"Mobiilit ohjaajat","article_published_time":"2014-01-29T20:17:03+00:00","author":"Hanna Frilander","twitter_card":"summary_large_image","twitter_misc":{"Kirjoittanut":"Hanna Frilander"},"schema":{"@context":"https:\/\/schema.org","@graph":[{"@type":"Article","@id":"https:\/\/blogit.gradia.fi\/mobiilitohjaajat\/acerin-windows-8-tabletti-tyokaytossa\/#article","isPartOf":{"@id":"https:\/\/blogit.gradia.fi\/mobiilitohjaajat\/acerin-windows-8-tabletti-tyokaytossa\/"},"author":{"name":"Hanna Frilander","@id":"https:\/\/blogit.gradia.fi\/mobiilitohjaajat\/#\/schema\/person\/dc29d090d6c7ce0ae6dc14792568b9fe"},"headline":"Acerin Windows 8 -tabletti ty\u00f6k\u00e4yt\u00f6ss\u00e4","datePublished":"2014-01-29T20:17:03+00:00","mainEntityOfPage":{"@id":"https:\/\/blogit.gradia.fi\/mobiilitohjaajat\/acerin-windows-8-tabletti-tyokaytossa\/"},"wordCount":54,"commentCount":0,"keywords":["ty\u00f6k\u00e4ytt\u00f6","windows 8 tabletti"],"articleSection":["Win 8 tabletti"],"inLanguage":"fi","potentialAction":[{"@type":"CommentAction","name":"Comment","target":["https:\/\/blogit.gradia.fi\/mobiilitohjaajat\/acerin-windows-8-tabletti-tyokaytossa\/#respond"]}]},{"@type":"WebPage","@id":"https:\/\/blogit.gradia.fi\/mobiilitohjaajat\/acerin-windows-8-tabletti-tyokaytossa\/","url":"https:\/\/blogit.gradia.fi\/mobiilitohjaajat\/acerin-windows-8-tabletti-tyokaytossa\/","name":"Acerin Windows 8 -tabletti ty\u00f6k\u00e4yt\u00f6ss\u00e4 - Mobiilit ohjaajat","isPartOf":{"@id":"https:\/\/blogit.gradia.fi\/mobiilitohjaajat\/#website"},"datePublished":"2014-01-29T20:17:03+00:00","author":{"@id":"https:\/\/blogit.gradia.fi\/mobiilitohjaajat\/#\/schema\/person\/dc29d090d6c7ce0ae6dc14792568b9fe"},"inLanguage":"fi","potentialAction":[{"@type":"ReadAction","target":["https:\/\/blogit.gradia.fi\/mobiilitohjaajat\/acerin-windows-8-tabletti-tyokaytossa\/"]}]},{"@type":"WebSite","@id":"https:\/\/blogit.gradia.fi\/mobiilitohjaajat\/#website","url":"https:\/\/blogit.gradia.fi\/mobiilitohjaajat\/","name":"Mobiilit ohjaajat","description":"Opetushallituksen rahoittaman Mobiilit ohjaajat -hankkeen sivusto","potentialAction":[{"@type":"SearchAction","target":{"@type":"EntryPoint","urlTemplate":"https:\/\/blogit.gradia.fi\/mobiilitohjaajat\/?s={search_term_string}"},"query-input":{"@type":"PropertyValueSpecification","valueRequired":true,"valueName":"search_term_string"}}],"inLanguage":"fi"},{"@type":"Person","@id":"https:\/\/blogit.gradia.fi\/mobiilitohjaajat\/#\/schema\/person\/dc29d090d6c7ce0ae6dc14792568b9fe","name":"Hanna Frilander","image":{"@type":"ImageObject","inLanguage":"fi","@id":"https:\/\/secure.gravatar.com\/avatar\/c529bc03d9c1b3586a541c9e44b82c099e1a1c4d27b9465882eae9f68a5ca5f8?s=96&d=mm&r=g","url":"https:\/\/secure.gravatar.com\/avatar\/c529bc03d9c1b3586a541c9e44b82c099e1a1c4d27b9465882eae9f68a5ca5f8?s=96&d=mm&r=g","contentUrl":"https:\/\/secure.gravatar.com\/avatar\/c529bc03d9c1b3586a541c9e44b82c099e1a1c4d27b9465882eae9f68a5ca5f8?s=96&d=mm&r=g","caption":"Hanna Frilander"},"url":"https:\/\/blogit.gradia.fi\/mobiilitohjaajat\/author\/frilahan\/"}]}},"uagb_featured_image_src":{"full":false,"thumbnail":false,"medium":false,"medium_large":false,"large":false,"1536x1536":false,"2048x2048":false,"post-thumbnail":false},"uagb_author_info":{"display_name":"Hanna Frilander","author_link":"https:\/\/blogit.gradia.fi\/mobiilitohjaajat\/author\/frilahan\/"},"uagb_comment_info":0,"uagb_excerpt":"Olemme testanneet tietohallinnon kautta tilattuja Windows 8 -tabletteja ty\u00f6k\u00e4yt\u00f6ss\u00e4 tarvittavien prosessien sujuvuuden\u00a0n\u00e4k\u00f6kulmasta. T\u00e4h\u00e4n dokumenttiin on koottu huomioita laitteiden asennusten ja k\u00e4ytt\u00e4jien k\u00e4ytt\u00f6\u00f6noton opastuksen suhteen opetuksen tarpeiden ja tietohallinnon vuoropuhelun tueksi: Acerin Windows 8 ty\u00f6k\u00e4yt\u00f6ss\u00e4","_links":{"self":[{"href":"https:\/\/blogit.gradia.fi\/mobiilitohjaajat\/wp-json\/wp\/v2\/posts\/405","targetHints":{"allow":["GET"]}}],"collection":[{"href":"https:\/\/blogit.gradia.fi\/mobiilitohjaajat\/wp-json\/wp\/v2\/posts"}],"about":[{"href":"https:\/\/blogit.gradia.fi\/mobiilitohjaajat\/wp-json\/wp\/v2\/types\/post"}],"author":[{"embeddable":true,"href":"https:\/\/blogit.gradia.fi\/mobiilitohjaajat\/wp-json\/wp\/v2\/users\/161"}],"replies":[{"embeddable":true,"href":"https:\/\/blogit.gradia.fi\/mobiilitohjaajat\/wp-json\/wp\/v2\/comments?post=405"}],"version-history":[{"count":0,"href":"https:\/\/blogit.gradia.fi\/mobiilitohjaajat\/wp-json\/wp\/v2\/posts\/405\/revisions"}],"wp:attachment":[{"href":"https:\/\/blogit.gradia.fi\/mobiilitohjaajat\/wp-json\/wp\/v2\/media?parent=405"}],"wp:term":[{"taxonomy":"category","embeddable":true,"href":"https:\/\/blogit.gradia.fi\/mobiilitohjaajat\/wp-json\/wp\/v2\/categories?post=405"},{"taxonomy":"post_tag","embeddable":true,"href":"https:\/\/blogit.gradia.fi\/mobiilitohjaajat\/wp-json\/wp\/v2\/tags?post=405"}],"curies":[{"name":"wp","href":"https:\/\/api.w.org\/{rel}","templated":true}]}}