{"id":365,"date":"2014-01-13T12:34:02","date_gmt":"2014-01-13T10:34:02","guid":{"rendered":"https:\/\/blogit.gradia.fi\/mobiilitohjaajat\/?p=365"},"modified":"2014-01-13T12:34:24","modified_gmt":"2014-01-13T10:34:24","slug":"ipadimme-imatralla-puuseppien-testattavana","status":"publish","type":"post","link":"https:\/\/blogit.gradia.fi\/mobiilitohjaajat\/ipadimme-imatralla-puuseppien-testattavana\/","title":{"rendered":"iPadimme Imatralla puuseppien testattavana"},"content":{"rendered":"<p>Seuraavassa Tonyn ensikokemuksia oppilaisen kanssa:<\/p>\n<p>=&#8212;&#8212;&#8212;<\/p>\n<p>Torstaina 9.1 vein salkullisen (16 kpl) ipadeja luokkaan. Salkun avaamisen j\u00e4lkeen sanoin, ett\u00e4 olkaa hyv\u00e4 ja alkakaa kokeilemaan mit\u00e4 kivaa l\u00f6ytyy. Mit\u00e4\u00e4n koulutusta ei oppilaille\u00a0 ipadien k\u00e4yt\u00f6st\u00e4 pidetty. Luokassa oli noin kymmenen henkil\u00f6\u00e4 ja suurin osa ottikin innokkaasti padit vastaan. Vain pari taisi sanoa ett\u00e4 mit\u00e4 he noilla tekev\u00e4t. Muutamat l\u00f6ysiv\u00e4t nopeasti garagebandin ja alle vartissa kuunneltiin ensimm\u00e4isi\u00e4 s\u00e4vellyksi\u00e4. Tunnelma oli hyvin iloinen heti alusta alkaen, poislukien muutamat ep\u00e4ilij\u00e4t. Kuitenkin n\u00e4m\u00e4 ep\u00e4ilij\u00e4tkin alkoivat my\u00f6s p\u00e4\u00e4st\u00e4 vauhtiin mukaan kun n\u00e4kiv\u00e4t muiden innostuksen, naurun ja kuuntelivat garageband s\u00e4vellyksi\u00e4.<\/p>\n<p>Olin hyvin tyytyv\u00e4inen ett\u00e4 en tehnyt aloituksesta mill\u00e4\u00e4n tavalla \u201dvanhahtavaa\u201d, virallista ja laitekoulutusmaista. Nuoret nauttivat enemm\u00e4n omasta vapaudesta, vaikka toki sanoin ett\u00e4 kokeilkaa erityyppisi\u00e4 ohjelmia ja katsokaa mit\u00e4 saatte irti laitteista.<\/p>\n<p>Parin ensimm\u00e4isen tunnin j\u00e4lkeen annoin ty\u00f6salin puolella kolmelle kahden hengen ryhm\u00e4lle selke\u00e4n teht\u00e4v\u00e4n. Heid\u00e4n tuli kuvata videot kolmen eri ty\u00f6koneen ter\u00e4nvaihdosta ja asetteen teosta. T\u00e4m\u00e4n j\u00e4lkeen videot tulisi muokata imovie ohjelmalla lis\u00e4ten hieman teksti\u00e4 ja jokunen kuva. Valmiista videoista luotiin qr koodit ja videot tallensin omalle youtube kanavalle. Tarkoituksena on luoda paljon avustavia qrkoodivideoita opetuksen tueksi. Oppilaat voisivat omalla \u00e4lypuhelimella skannata videon auki mik\u00e4li tarvitsevat muistin virkistykseksi apua, eik\u00e4 v\u00e4ltt\u00e4m\u00e4tt\u00e4 tarvitse aina pyyt\u00e4\u00e4 opettajan tai ammattimiehen apua. Tarkoituksena olisi hankkia osastolle muutama halpis tabletti joita voisivat lainat ne oppilaat joilla ei ole \u00e4lypuhelimia viel\u00e4 hankittuna.<\/p>\n<p>Liitteen\u00e4 qrkoodikuvat, mill\u00e4 saatte katsottua videot.<\/p>\n<p>Tarvitsette puhelimeen esim qrdroid ohjelman (android puhelimet ja tabletit) tai esim. qrreader tai qrafter ohjelman (iphone ja ipad)<\/p>\n<p>Ensi viikolla olisi tarkoitus kokeilla jotain muuta. Ajatuksena on ollut ett\u00e4 saisin enemm\u00e4n irti oppilaista yksil\u00f6llisi\u00e4 toteutuksia erilaisten appsien avulla. Esimerkkin\u00e4 taiteellisesti lahjakkaat pystyisiv\u00e4t hy\u00f6dynt\u00e4m\u00e4\u00e4n lahjakkuuttaan erilaisilla toteutuksilla.<\/p>\n<p>Katsotaan, mit\u00e4 seuraa\u2026..<\/p>\n<p>=&#8212;-<\/p>\n","protected":false},"excerpt":{"rendered":"<p>Seuraavassa Tonyn ensikokemuksia oppilaisen kanssa: =&#8212;&#8212;&#8212; Torstaina 9.1 vein salkullisen (16 kpl) ipadeja luokkaan. Salkun avaamisen j\u00e4lkeen sanoin, ett\u00e4 olkaa hyv\u00e4 ja alkakaa kokeilemaan mit\u00e4 kivaa l\u00f6ytyy. Mit\u00e4\u00e4n koulutusta ei oppilaille\u00a0 ipadien k\u00e4yt\u00f6st\u00e4 pidetty. Luokassa oli noin kymmenen henkil\u00f6\u00e4 ja suurin osa ottikin innokkaasti padit vastaan. Vain pari taisi sanoa ett\u00e4 mit\u00e4 he noilla tekev\u00e4t. &hellip; <a href=\"https:\/\/blogit.gradia.fi\/mobiilitohjaajat\/ipadimme-imatralla-puuseppien-testattavana\/\" class=\"more-link\">Jatka lukemista <span class=\"screen-reader-text\">iPadimme Imatralla puuseppien testattavana<\/span> <span class=\"meta-nav\">&rarr;<\/span><\/a><\/p>\n","protected":false},"author":171,"featured_media":0,"comment_status":"open","ping_status":"open","sticky":false,"template":"","format":"standard","meta":{"_uag_custom_page_level_css":"","footnotes":""},"categories":[1],"tags":[],"class_list":["post-365","post","type-post","status-publish","format-standard","hentry","category-yleinen"],"yoast_head":"<!-- This site is optimized with the Yoast SEO plugin v27.5 - https:\/\/yoast.com\/product\/yoast-seo-wordpress\/ -->\n<title>iPadimme Imatralla puuseppien testattavana - Mobiilit ohjaajat<\/title>\n<meta name=\"robots\" content=\"index, follow, max-snippet:-1, max-image-preview:large, max-video-preview:-1\" \/>\n<link rel=\"canonical\" href=\"https:\/\/blogit.gradia.fi\/mobiilitohjaajat\/ipadimme-imatralla-puuseppien-testattavana\/\" \/>\n<meta property=\"og:locale\" content=\"fi_FI\" \/>\n<meta property=\"og:type\" content=\"article\" \/>\n<meta property=\"og:title\" content=\"iPadimme Imatralla puuseppien testattavana - Mobiilit ohjaajat\" \/>\n<meta property=\"og:description\" content=\"Seuraavassa Tonyn ensikokemuksia oppilaisen kanssa: =&#8212;&#8212;&#8212; Torstaina 9.1 vein salkullisen (16 kpl) ipadeja luokkaan. Salkun avaamisen j\u00e4lkeen sanoin, ett\u00e4 olkaa hyv\u00e4 ja alkakaa kokeilemaan mit\u00e4 kivaa l\u00f6ytyy. Mit\u00e4\u00e4n koulutusta ei oppilaille\u00a0 ipadien k\u00e4yt\u00f6st\u00e4 pidetty. Luokassa oli noin kymmenen henkil\u00f6\u00e4 ja suurin osa ottikin innokkaasti padit vastaan. Vain pari taisi sanoa ett\u00e4 mit\u00e4 he noilla tekev\u00e4t. &hellip; Jatka lukemista iPadimme Imatralla puuseppien testattavana &rarr;\" \/>\n<meta property=\"og:url\" content=\"https:\/\/blogit.gradia.fi\/mobiilitohjaajat\/ipadimme-imatralla-puuseppien-testattavana\/\" \/>\n<meta property=\"og:site_name\" content=\"Mobiilit ohjaajat\" \/>\n<meta property=\"article:published_time\" content=\"2014-01-13T10:34:02+00:00\" \/>\n<meta property=\"article:modified_time\" content=\"2014-01-13T10:34:24+00:00\" \/>\n<meta name=\"author\" content=\"juhakiu\" \/>\n<meta name=\"twitter:card\" content=\"summary_large_image\" \/>\n<meta name=\"twitter:label1\" content=\"Kirjoittanut\" \/>\n\t<meta name=\"twitter:data1\" content=\"juhakiu\" \/>\n\t<meta name=\"twitter:label2\" content=\"Arvioitu lukuaika\" \/>\n\t<meta name=\"twitter:data2\" content=\"2 minuuttia\" \/>\n<script type=\"application\/ld+json\" class=\"yoast-schema-graph\">{\"@context\":\"https:\\\/\\\/schema.org\",\"@graph\":[{\"@type\":\"Article\",\"@id\":\"https:\\\/\\\/blogit.gradia.fi\\\/mobiilitohjaajat\\\/ipadimme-imatralla-puuseppien-testattavana\\\/#article\",\"isPartOf\":{\"@id\":\"https:\\\/\\\/blogit.gradia.fi\\\/mobiilitohjaajat\\\/ipadimme-imatralla-puuseppien-testattavana\\\/\"},\"author\":{\"name\":\"juhakiu\",\"@id\":\"https:\\\/\\\/blogit.gradia.fi\\\/mobiilitohjaajat\\\/#\\\/schema\\\/person\\\/b10ee4d91d7ce449acdfc31876195a75\"},\"headline\":\"iPadimme Imatralla puuseppien testattavana\",\"datePublished\":\"2014-01-13T10:34:02+00:00\",\"dateModified\":\"2014-01-13T10:34:24+00:00\",\"mainEntityOfPage\":{\"@id\":\"https:\\\/\\\/blogit.gradia.fi\\\/mobiilitohjaajat\\\/ipadimme-imatralla-puuseppien-testattavana\\\/\"},\"wordCount\":323,\"commentCount\":0,\"inLanguage\":\"fi\",\"potentialAction\":[{\"@type\":\"CommentAction\",\"name\":\"Comment\",\"target\":[\"https:\\\/\\\/blogit.gradia.fi\\\/mobiilitohjaajat\\\/ipadimme-imatralla-puuseppien-testattavana\\\/#respond\"]}]},{\"@type\":\"WebPage\",\"@id\":\"https:\\\/\\\/blogit.gradia.fi\\\/mobiilitohjaajat\\\/ipadimme-imatralla-puuseppien-testattavana\\\/\",\"url\":\"https:\\\/\\\/blogit.gradia.fi\\\/mobiilitohjaajat\\\/ipadimme-imatralla-puuseppien-testattavana\\\/\",\"name\":\"iPadimme Imatralla puuseppien testattavana - Mobiilit ohjaajat\",\"isPartOf\":{\"@id\":\"https:\\\/\\\/blogit.gradia.fi\\\/mobiilitohjaajat\\\/#website\"},\"datePublished\":\"2014-01-13T10:34:02+00:00\",\"dateModified\":\"2014-01-13T10:34:24+00:00\",\"author\":{\"@id\":\"https:\\\/\\\/blogit.gradia.fi\\\/mobiilitohjaajat\\\/#\\\/schema\\\/person\\\/b10ee4d91d7ce449acdfc31876195a75\"},\"inLanguage\":\"fi\",\"potentialAction\":[{\"@type\":\"ReadAction\",\"target\":[\"https:\\\/\\\/blogit.gradia.fi\\\/mobiilitohjaajat\\\/ipadimme-imatralla-puuseppien-testattavana\\\/\"]}]},{\"@type\":\"WebSite\",\"@id\":\"https:\\\/\\\/blogit.gradia.fi\\\/mobiilitohjaajat\\\/#website\",\"url\":\"https:\\\/\\\/blogit.gradia.fi\\\/mobiilitohjaajat\\\/\",\"name\":\"Mobiilit ohjaajat\",\"description\":\"Opetushallituksen rahoittaman Mobiilit ohjaajat -hankkeen sivusto\",\"potentialAction\":[{\"@type\":\"SearchAction\",\"target\":{\"@type\":\"EntryPoint\",\"urlTemplate\":\"https:\\\/\\\/blogit.gradia.fi\\\/mobiilitohjaajat\\\/?s={search_term_string}\"},\"query-input\":{\"@type\":\"PropertyValueSpecification\",\"valueRequired\":true,\"valueName\":\"search_term_string\"}}],\"inLanguage\":\"fi\"},{\"@type\":\"Person\",\"@id\":\"https:\\\/\\\/blogit.gradia.fi\\\/mobiilitohjaajat\\\/#\\\/schema\\\/person\\\/b10ee4d91d7ce449acdfc31876195a75\",\"name\":\"juhakiu\",\"image\":{\"@type\":\"ImageObject\",\"inLanguage\":\"fi\",\"@id\":\"https:\\\/\\\/secure.gravatar.com\\\/avatar\\\/c449c1c81b0b22fde0122535d23377df235fbf19b9ff3a937d86d800a5971557?s=96&d=mm&r=g\",\"url\":\"https:\\\/\\\/secure.gravatar.com\\\/avatar\\\/c449c1c81b0b22fde0122535d23377df235fbf19b9ff3a937d86d800a5971557?s=96&d=mm&r=g\",\"contentUrl\":\"https:\\\/\\\/secure.gravatar.com\\\/avatar\\\/c449c1c81b0b22fde0122535d23377df235fbf19b9ff3a937d86d800a5971557?s=96&d=mm&r=g\",\"caption\":\"juhakiu\"},\"url\":\"https:\\\/\\\/blogit.gradia.fi\\\/mobiilitohjaajat\\\/author\\\/juhakiu\\\/\"}]}<\/script>\n<!-- \/ Yoast SEO plugin. -->","yoast_head_json":{"title":"iPadimme Imatralla puuseppien testattavana - Mobiilit ohjaajat","robots":{"index":"index","follow":"follow","max-snippet":"max-snippet:-1","max-image-preview":"max-image-preview:large","max-video-preview":"max-video-preview:-1"},"canonical":"https:\/\/blogit.gradia.fi\/mobiilitohjaajat\/ipadimme-imatralla-puuseppien-testattavana\/","og_locale":"fi_FI","og_type":"article","og_title":"iPadimme Imatralla puuseppien testattavana - Mobiilit ohjaajat","og_description":"Seuraavassa Tonyn ensikokemuksia oppilaisen kanssa: =&#8212;&#8212;&#8212; Torstaina 9.1 vein salkullisen (16 kpl) ipadeja luokkaan. Salkun avaamisen j\u00e4lkeen sanoin, ett\u00e4 olkaa hyv\u00e4 ja alkakaa kokeilemaan mit\u00e4 kivaa l\u00f6ytyy. Mit\u00e4\u00e4n koulutusta ei oppilaille\u00a0 ipadien k\u00e4yt\u00f6st\u00e4 pidetty. Luokassa oli noin kymmenen henkil\u00f6\u00e4 ja suurin osa ottikin innokkaasti padit vastaan. Vain pari taisi sanoa ett\u00e4 mit\u00e4 he noilla tekev\u00e4t. &hellip; Jatka lukemista iPadimme Imatralla puuseppien testattavana &rarr;","og_url":"https:\/\/blogit.gradia.fi\/mobiilitohjaajat\/ipadimme-imatralla-puuseppien-testattavana\/","og_site_name":"Mobiilit ohjaajat","article_published_time":"2014-01-13T10:34:02+00:00","article_modified_time":"2014-01-13T10:34:24+00:00","author":"juhakiu","twitter_card":"summary_large_image","twitter_misc":{"Kirjoittanut":"juhakiu","Arvioitu lukuaika":"2 minuuttia"},"schema":{"@context":"https:\/\/schema.org","@graph":[{"@type":"Article","@id":"https:\/\/blogit.gradia.fi\/mobiilitohjaajat\/ipadimme-imatralla-puuseppien-testattavana\/#article","isPartOf":{"@id":"https:\/\/blogit.gradia.fi\/mobiilitohjaajat\/ipadimme-imatralla-puuseppien-testattavana\/"},"author":{"name":"juhakiu","@id":"https:\/\/blogit.gradia.fi\/mobiilitohjaajat\/#\/schema\/person\/b10ee4d91d7ce449acdfc31876195a75"},"headline":"iPadimme Imatralla puuseppien testattavana","datePublished":"2014-01-13T10:34:02+00:00","dateModified":"2014-01-13T10:34:24+00:00","mainEntityOfPage":{"@id":"https:\/\/blogit.gradia.fi\/mobiilitohjaajat\/ipadimme-imatralla-puuseppien-testattavana\/"},"wordCount":323,"commentCount":0,"inLanguage":"fi","potentialAction":[{"@type":"CommentAction","name":"Comment","target":["https:\/\/blogit.gradia.fi\/mobiilitohjaajat\/ipadimme-imatralla-puuseppien-testattavana\/#respond"]}]},{"@type":"WebPage","@id":"https:\/\/blogit.gradia.fi\/mobiilitohjaajat\/ipadimme-imatralla-puuseppien-testattavana\/","url":"https:\/\/blogit.gradia.fi\/mobiilitohjaajat\/ipadimme-imatralla-puuseppien-testattavana\/","name":"iPadimme Imatralla puuseppien testattavana - Mobiilit ohjaajat","isPartOf":{"@id":"https:\/\/blogit.gradia.fi\/mobiilitohjaajat\/#website"},"datePublished":"2014-01-13T10:34:02+00:00","dateModified":"2014-01-13T10:34:24+00:00","author":{"@id":"https:\/\/blogit.gradia.fi\/mobiilitohjaajat\/#\/schema\/person\/b10ee4d91d7ce449acdfc31876195a75"},"inLanguage":"fi","potentialAction":[{"@type":"ReadAction","target":["https:\/\/blogit.gradia.fi\/mobiilitohjaajat\/ipadimme-imatralla-puuseppien-testattavana\/"]}]},{"@type":"WebSite","@id":"https:\/\/blogit.gradia.fi\/mobiilitohjaajat\/#website","url":"https:\/\/blogit.gradia.fi\/mobiilitohjaajat\/","name":"Mobiilit ohjaajat","description":"Opetushallituksen rahoittaman Mobiilit ohjaajat -hankkeen sivusto","potentialAction":[{"@type":"SearchAction","target":{"@type":"EntryPoint","urlTemplate":"https:\/\/blogit.gradia.fi\/mobiilitohjaajat\/?s={search_term_string}"},"query-input":{"@type":"PropertyValueSpecification","valueRequired":true,"valueName":"search_term_string"}}],"inLanguage":"fi"},{"@type":"Person","@id":"https:\/\/blogit.gradia.fi\/mobiilitohjaajat\/#\/schema\/person\/b10ee4d91d7ce449acdfc31876195a75","name":"juhakiu","image":{"@type":"ImageObject","inLanguage":"fi","@id":"https:\/\/secure.gravatar.com\/avatar\/c449c1c81b0b22fde0122535d23377df235fbf19b9ff3a937d86d800a5971557?s=96&d=mm&r=g","url":"https:\/\/secure.gravatar.com\/avatar\/c449c1c81b0b22fde0122535d23377df235fbf19b9ff3a937d86d800a5971557?s=96&d=mm&r=g","contentUrl":"https:\/\/secure.gravatar.com\/avatar\/c449c1c81b0b22fde0122535d23377df235fbf19b9ff3a937d86d800a5971557?s=96&d=mm&r=g","caption":"juhakiu"},"url":"https:\/\/blogit.gradia.fi\/mobiilitohjaajat\/author\/juhakiu\/"}]}},"uagb_featured_image_src":{"full":false,"thumbnail":false,"medium":false,"medium_large":false,"large":false,"1536x1536":false,"2048x2048":false,"post-thumbnail":false},"uagb_author_info":{"display_name":"juhakiu","author_link":"https:\/\/blogit.gradia.fi\/mobiilitohjaajat\/author\/juhakiu\/"},"uagb_comment_info":1,"uagb_excerpt":"Seuraavassa Tonyn ensikokemuksia oppilaisen kanssa: =&#8212;&#8212;&#8212; Torstaina 9.1 vein salkullisen (16 kpl) ipadeja luokkaan. Salkun avaamisen j\u00e4lkeen sanoin, ett\u00e4 olkaa hyv\u00e4 ja alkakaa kokeilemaan mit\u00e4 kivaa l\u00f6ytyy. Mit\u00e4\u00e4n koulutusta ei oppilaille\u00a0 ipadien k\u00e4yt\u00f6st\u00e4 pidetty. Luokassa oli noin kymmenen henkil\u00f6\u00e4 ja suurin osa ottikin innokkaasti padit vastaan. Vain pari taisi sanoa ett\u00e4 mit\u00e4 he noilla tekev\u00e4t.&hellip;","_links":{"self":[{"href":"https:\/\/blogit.gradia.fi\/mobiilitohjaajat\/wp-json\/wp\/v2\/posts\/365","targetHints":{"allow":["GET"]}}],"collection":[{"href":"https:\/\/blogit.gradia.fi\/mobiilitohjaajat\/wp-json\/wp\/v2\/posts"}],"about":[{"href":"https:\/\/blogit.gradia.fi\/mobiilitohjaajat\/wp-json\/wp\/v2\/types\/post"}],"author":[{"embeddable":true,"href":"https:\/\/blogit.gradia.fi\/mobiilitohjaajat\/wp-json\/wp\/v2\/users\/171"}],"replies":[{"embeddable":true,"href":"https:\/\/blogit.gradia.fi\/mobiilitohjaajat\/wp-json\/wp\/v2\/comments?post=365"}],"version-history":[{"count":0,"href":"https:\/\/blogit.gradia.fi\/mobiilitohjaajat\/wp-json\/wp\/v2\/posts\/365\/revisions"}],"wp:attachment":[{"href":"https:\/\/blogit.gradia.fi\/mobiilitohjaajat\/wp-json\/wp\/v2\/media?parent=365"}],"wp:term":[{"taxonomy":"category","embeddable":true,"href":"https:\/\/blogit.gradia.fi\/mobiilitohjaajat\/wp-json\/wp\/v2\/categories?post=365"},{"taxonomy":"post_tag","embeddable":true,"href":"https:\/\/blogit.gradia.fi\/mobiilitohjaajat\/wp-json\/wp\/v2\/tags?post=365"}],"curies":[{"name":"wp","href":"https:\/\/api.w.org\/{rel}","templated":true}]}}