{"id":357,"date":"2014-01-13T12:31:28","date_gmt":"2014-01-13T10:31:28","guid":{"rendered":"https:\/\/blogit.gradia.fi\/mobiilitohjaajat\/?p=357"},"modified":"2014-01-13T12:31:28","modified_gmt":"2014-01-13T10:31:28","slug":"monilaiteympariston-hahmotelmaa","status":"publish","type":"post","link":"https:\/\/blogit.gradia.fi\/mobiilitohjaajat\/monilaiteympariston-hahmotelmaa\/","title":{"rendered":"Monilaiteymp\u00e4rist\u00f6n hahmotelmaa"},"content":{"rendered":"<p>Vierailin Saimaan Mediakeskuksessa Timo Kainulaisen luona vaihtamassa mielipiteit\u00e4 mobiileista ismeist\u00e4. Taululla oli mielenkiintoinen kuva heid\u00e4n monilaiteymp\u00e4rist\u00f6 &#8221;hankkeesta&#8221;. Eli miten saadaan eri k\u00e4ytt\u00f6j\u00e4rjestelm\u00e4\u00e4 edustavat tabletit toimimaan luokkahuoneessa.<\/p>\n<p><a href=\"https:\/\/blogit.gradia.fi\/mobiilitohjaajat\/wp-content\/uploads\/sites\/18\/2014\/01\/MoniLaiteYmparisto.gif\"><img loading=\"lazy\" decoding=\"async\" class=\"alignnone size-full wp-image-360\" alt=\"MoniLaiteYmparisto\" src=\"https:\/\/blogit.gradia.fi\/mobiilitohjaajat\/wp-content\/uploads\/sites\/18\/2014\/01\/MoniLaiteYmparisto.gif\" width=\"800\" height=\"598\" \/><\/a><\/p>\n<p>&nbsp;<\/p>\n","protected":false},"excerpt":{"rendered":"<p>Vierailin Saimaan Mediakeskuksessa Timo Kainulaisen luona vaihtamassa mielipiteit\u00e4 mobiileista ismeist\u00e4. Taululla oli mielenkiintoinen kuva heid\u00e4n monilaiteymp\u00e4rist\u00f6 &#8221;hankkeesta&#8221;. Eli miten saadaan eri k\u00e4ytt\u00f6j\u00e4rjestelm\u00e4\u00e4 edustavat tabletit toimimaan luokkahuoneessa. &nbsp;<\/p>\n","protected":false},"author":171,"featured_media":0,"comment_status":"open","ping_status":"open","sticky":false,"template":"","format":"standard","meta":{"_uag_custom_page_level_css":"","footnotes":""},"categories":[6],"tags":[],"class_list":["post-357","post","type-post","status-publish","format-standard","hentry","category-laitevertailua"],"yoast_head":"<!-- This site is optimized with the Yoast SEO plugin v27.5 - https:\/\/yoast.com\/product\/yoast-seo-wordpress\/ -->\n<title>Monilaiteymp\u00e4rist\u00f6n hahmotelmaa - Mobiilit ohjaajat<\/title>\n<meta name=\"robots\" content=\"index, follow, max-snippet:-1, max-image-preview:large, max-video-preview:-1\" \/>\n<link rel=\"canonical\" href=\"https:\/\/blogit.gradia.fi\/mobiilitohjaajat\/monilaiteympariston-hahmotelmaa\/\" \/>\n<meta property=\"og:locale\" content=\"fi_FI\" \/>\n<meta property=\"og:type\" content=\"article\" \/>\n<meta property=\"og:title\" content=\"Monilaiteymp\u00e4rist\u00f6n hahmotelmaa - Mobiilit ohjaajat\" \/>\n<meta property=\"og:description\" content=\"Vierailin Saimaan Mediakeskuksessa Timo Kainulaisen luona vaihtamassa mielipiteit\u00e4 mobiileista ismeist\u00e4. Taululla oli mielenkiintoinen kuva heid\u00e4n monilaiteymp\u00e4rist\u00f6 &#8221;hankkeesta&#8221;. Eli miten saadaan eri k\u00e4ytt\u00f6j\u00e4rjestelm\u00e4\u00e4 edustavat tabletit toimimaan luokkahuoneessa. &nbsp;\" \/>\n<meta property=\"og:url\" content=\"https:\/\/blogit.gradia.fi\/mobiilitohjaajat\/monilaiteympariston-hahmotelmaa\/\" \/>\n<meta property=\"og:site_name\" content=\"Mobiilit ohjaajat\" \/>\n<meta property=\"article:published_time\" content=\"2014-01-13T10:31:28+00:00\" \/>\n<meta property=\"og:image\" content=\"https:\/\/blogit.gradia.fi\/mobiilitohjaajat\/wp-content\/uploads\/sites\/18\/2014\/01\/MoniLaiteYmparisto.gif\" \/>\n<meta name=\"author\" content=\"juhakiu\" \/>\n<meta name=\"twitter:card\" content=\"summary_large_image\" \/>\n<meta name=\"twitter:label1\" content=\"Kirjoittanut\" \/>\n\t<meta name=\"twitter:data1\" content=\"juhakiu\" \/>\n<script type=\"application\/ld+json\" class=\"yoast-schema-graph\">{\"@context\":\"https:\\\/\\\/schema.org\",\"@graph\":[{\"@type\":\"Article\",\"@id\":\"https:\\\/\\\/blogit.gradia.fi\\\/mobiilitohjaajat\\\/monilaiteympariston-hahmotelmaa\\\/#article\",\"isPartOf\":{\"@id\":\"https:\\\/\\\/blogit.gradia.fi\\\/mobiilitohjaajat\\\/monilaiteympariston-hahmotelmaa\\\/\"},\"author\":{\"name\":\"juhakiu\",\"@id\":\"https:\\\/\\\/blogit.gradia.fi\\\/mobiilitohjaajat\\\/#\\\/schema\\\/person\\\/b10ee4d91d7ce449acdfc31876195a75\"},\"headline\":\"Monilaiteymp\u00e4rist\u00f6n hahmotelmaa\",\"datePublished\":\"2014-01-13T10:31:28+00:00\",\"mainEntityOfPage\":{\"@id\":\"https:\\\/\\\/blogit.gradia.fi\\\/mobiilitohjaajat\\\/monilaiteympariston-hahmotelmaa\\\/\"},\"wordCount\":36,\"commentCount\":0,\"image\":{\"@id\":\"https:\\\/\\\/blogit.gradia.fi\\\/mobiilitohjaajat\\\/monilaiteympariston-hahmotelmaa\\\/#primaryimage\"},\"thumbnailUrl\":\"https:\\\/\\\/blogit.gradia.fi\\\/mobiilitohjaajat\\\/wp-content\\\/uploads\\\/sites\\\/18\\\/2014\\\/01\\\/MoniLaiteYmparisto.gif\",\"articleSection\":[\"Laitevertailua\"],\"inLanguage\":\"fi\",\"potentialAction\":[{\"@type\":\"CommentAction\",\"name\":\"Comment\",\"target\":[\"https:\\\/\\\/blogit.gradia.fi\\\/mobiilitohjaajat\\\/monilaiteympariston-hahmotelmaa\\\/#respond\"]}]},{\"@type\":\"WebPage\",\"@id\":\"https:\\\/\\\/blogit.gradia.fi\\\/mobiilitohjaajat\\\/monilaiteympariston-hahmotelmaa\\\/\",\"url\":\"https:\\\/\\\/blogit.gradia.fi\\\/mobiilitohjaajat\\\/monilaiteympariston-hahmotelmaa\\\/\",\"name\":\"Monilaiteymp\u00e4rist\u00f6n hahmotelmaa - Mobiilit ohjaajat\",\"isPartOf\":{\"@id\":\"https:\\\/\\\/blogit.gradia.fi\\\/mobiilitohjaajat\\\/#website\"},\"primaryImageOfPage\":{\"@id\":\"https:\\\/\\\/blogit.gradia.fi\\\/mobiilitohjaajat\\\/monilaiteympariston-hahmotelmaa\\\/#primaryimage\"},\"image\":{\"@id\":\"https:\\\/\\\/blogit.gradia.fi\\\/mobiilitohjaajat\\\/monilaiteympariston-hahmotelmaa\\\/#primaryimage\"},\"thumbnailUrl\":\"https:\\\/\\\/blogit.gradia.fi\\\/mobiilitohjaajat\\\/wp-content\\\/uploads\\\/sites\\\/18\\\/2014\\\/01\\\/MoniLaiteYmparisto.gif\",\"datePublished\":\"2014-01-13T10:31:28+00:00\",\"author\":{\"@id\":\"https:\\\/\\\/blogit.gradia.fi\\\/mobiilitohjaajat\\\/#\\\/schema\\\/person\\\/b10ee4d91d7ce449acdfc31876195a75\"},\"inLanguage\":\"fi\",\"potentialAction\":[{\"@type\":\"ReadAction\",\"target\":[\"https:\\\/\\\/blogit.gradia.fi\\\/mobiilitohjaajat\\\/monilaiteympariston-hahmotelmaa\\\/\"]}]},{\"@type\":\"ImageObject\",\"inLanguage\":\"fi\",\"@id\":\"https:\\\/\\\/blogit.gradia.fi\\\/mobiilitohjaajat\\\/monilaiteympariston-hahmotelmaa\\\/#primaryimage\",\"url\":\"https:\\\/\\\/blogit.gradia.fi\\\/mobiilitohjaajat\\\/wp-content\\\/uploads\\\/sites\\\/18\\\/2014\\\/01\\\/MoniLaiteYmparisto.gif\",\"contentUrl\":\"https:\\\/\\\/blogit.gradia.fi\\\/mobiilitohjaajat\\\/wp-content\\\/uploads\\\/sites\\\/18\\\/2014\\\/01\\\/MoniLaiteYmparisto.gif\",\"width\":800,\"height\":598},{\"@type\":\"WebSite\",\"@id\":\"https:\\\/\\\/blogit.gradia.fi\\\/mobiilitohjaajat\\\/#website\",\"url\":\"https:\\\/\\\/blogit.gradia.fi\\\/mobiilitohjaajat\\\/\",\"name\":\"Mobiilit ohjaajat\",\"description\":\"Opetushallituksen rahoittaman Mobiilit ohjaajat -hankkeen sivusto\",\"potentialAction\":[{\"@type\":\"SearchAction\",\"target\":{\"@type\":\"EntryPoint\",\"urlTemplate\":\"https:\\\/\\\/blogit.gradia.fi\\\/mobiilitohjaajat\\\/?s={search_term_string}\"},\"query-input\":{\"@type\":\"PropertyValueSpecification\",\"valueRequired\":true,\"valueName\":\"search_term_string\"}}],\"inLanguage\":\"fi\"},{\"@type\":\"Person\",\"@id\":\"https:\\\/\\\/blogit.gradia.fi\\\/mobiilitohjaajat\\\/#\\\/schema\\\/person\\\/b10ee4d91d7ce449acdfc31876195a75\",\"name\":\"juhakiu\",\"image\":{\"@type\":\"ImageObject\",\"inLanguage\":\"fi\",\"@id\":\"https:\\\/\\\/secure.gravatar.com\\\/avatar\\\/c449c1c81b0b22fde0122535d23377df235fbf19b9ff3a937d86d800a5971557?s=96&d=mm&r=g\",\"url\":\"https:\\\/\\\/secure.gravatar.com\\\/avatar\\\/c449c1c81b0b22fde0122535d23377df235fbf19b9ff3a937d86d800a5971557?s=96&d=mm&r=g\",\"contentUrl\":\"https:\\\/\\\/secure.gravatar.com\\\/avatar\\\/c449c1c81b0b22fde0122535d23377df235fbf19b9ff3a937d86d800a5971557?s=96&d=mm&r=g\",\"caption\":\"juhakiu\"},\"url\":\"https:\\\/\\\/blogit.gradia.fi\\\/mobiilitohjaajat\\\/author\\\/juhakiu\\\/\"}]}<\/script>\n<!-- \/ Yoast SEO plugin. -->","yoast_head_json":{"title":"Monilaiteymp\u00e4rist\u00f6n hahmotelmaa - Mobiilit ohjaajat","robots":{"index":"index","follow":"follow","max-snippet":"max-snippet:-1","max-image-preview":"max-image-preview:large","max-video-preview":"max-video-preview:-1"},"canonical":"https:\/\/blogit.gradia.fi\/mobiilitohjaajat\/monilaiteympariston-hahmotelmaa\/","og_locale":"fi_FI","og_type":"article","og_title":"Monilaiteymp\u00e4rist\u00f6n hahmotelmaa - Mobiilit ohjaajat","og_description":"Vierailin Saimaan Mediakeskuksessa Timo Kainulaisen luona vaihtamassa mielipiteit\u00e4 mobiileista ismeist\u00e4. Taululla oli mielenkiintoinen kuva heid\u00e4n monilaiteymp\u00e4rist\u00f6 &#8221;hankkeesta&#8221;. Eli miten saadaan eri k\u00e4ytt\u00f6j\u00e4rjestelm\u00e4\u00e4 edustavat tabletit toimimaan luokkahuoneessa. &nbsp;","og_url":"https:\/\/blogit.gradia.fi\/mobiilitohjaajat\/monilaiteympariston-hahmotelmaa\/","og_site_name":"Mobiilit ohjaajat","article_published_time":"2014-01-13T10:31:28+00:00","og_image":[{"url":"https:\/\/blogit.gradia.fi\/mobiilitohjaajat\/wp-content\/uploads\/sites\/18\/2014\/01\/MoniLaiteYmparisto.gif","type":"","width":"","height":""}],"author":"juhakiu","twitter_card":"summary_large_image","twitter_misc":{"Kirjoittanut":"juhakiu"},"schema":{"@context":"https:\/\/schema.org","@graph":[{"@type":"Article","@id":"https:\/\/blogit.gradia.fi\/mobiilitohjaajat\/monilaiteympariston-hahmotelmaa\/#article","isPartOf":{"@id":"https:\/\/blogit.gradia.fi\/mobiilitohjaajat\/monilaiteympariston-hahmotelmaa\/"},"author":{"name":"juhakiu","@id":"https:\/\/blogit.gradia.fi\/mobiilitohjaajat\/#\/schema\/person\/b10ee4d91d7ce449acdfc31876195a75"},"headline":"Monilaiteymp\u00e4rist\u00f6n hahmotelmaa","datePublished":"2014-01-13T10:31:28+00:00","mainEntityOfPage":{"@id":"https:\/\/blogit.gradia.fi\/mobiilitohjaajat\/monilaiteympariston-hahmotelmaa\/"},"wordCount":36,"commentCount":0,"image":{"@id":"https:\/\/blogit.gradia.fi\/mobiilitohjaajat\/monilaiteympariston-hahmotelmaa\/#primaryimage"},"thumbnailUrl":"https:\/\/blogit.gradia.fi\/mobiilitohjaajat\/wp-content\/uploads\/sites\/18\/2014\/01\/MoniLaiteYmparisto.gif","articleSection":["Laitevertailua"],"inLanguage":"fi","potentialAction":[{"@type":"CommentAction","name":"Comment","target":["https:\/\/blogit.gradia.fi\/mobiilitohjaajat\/monilaiteympariston-hahmotelmaa\/#respond"]}]},{"@type":"WebPage","@id":"https:\/\/blogit.gradia.fi\/mobiilitohjaajat\/monilaiteympariston-hahmotelmaa\/","url":"https:\/\/blogit.gradia.fi\/mobiilitohjaajat\/monilaiteympariston-hahmotelmaa\/","name":"Monilaiteymp\u00e4rist\u00f6n hahmotelmaa - Mobiilit ohjaajat","isPartOf":{"@id":"https:\/\/blogit.gradia.fi\/mobiilitohjaajat\/#website"},"primaryImageOfPage":{"@id":"https:\/\/blogit.gradia.fi\/mobiilitohjaajat\/monilaiteympariston-hahmotelmaa\/#primaryimage"},"image":{"@id":"https:\/\/blogit.gradia.fi\/mobiilitohjaajat\/monilaiteympariston-hahmotelmaa\/#primaryimage"},"thumbnailUrl":"https:\/\/blogit.gradia.fi\/mobiilitohjaajat\/wp-content\/uploads\/sites\/18\/2014\/01\/MoniLaiteYmparisto.gif","datePublished":"2014-01-13T10:31:28+00:00","author":{"@id":"https:\/\/blogit.gradia.fi\/mobiilitohjaajat\/#\/schema\/person\/b10ee4d91d7ce449acdfc31876195a75"},"inLanguage":"fi","potentialAction":[{"@type":"ReadAction","target":["https:\/\/blogit.gradia.fi\/mobiilitohjaajat\/monilaiteympariston-hahmotelmaa\/"]}]},{"@type":"ImageObject","inLanguage":"fi","@id":"https:\/\/blogit.gradia.fi\/mobiilitohjaajat\/monilaiteympariston-hahmotelmaa\/#primaryimage","url":"https:\/\/blogit.gradia.fi\/mobiilitohjaajat\/wp-content\/uploads\/sites\/18\/2014\/01\/MoniLaiteYmparisto.gif","contentUrl":"https:\/\/blogit.gradia.fi\/mobiilitohjaajat\/wp-content\/uploads\/sites\/18\/2014\/01\/MoniLaiteYmparisto.gif","width":800,"height":598},{"@type":"WebSite","@id":"https:\/\/blogit.gradia.fi\/mobiilitohjaajat\/#website","url":"https:\/\/blogit.gradia.fi\/mobiilitohjaajat\/","name":"Mobiilit ohjaajat","description":"Opetushallituksen rahoittaman Mobiilit ohjaajat -hankkeen sivusto","potentialAction":[{"@type":"SearchAction","target":{"@type":"EntryPoint","urlTemplate":"https:\/\/blogit.gradia.fi\/mobiilitohjaajat\/?s={search_term_string}"},"query-input":{"@type":"PropertyValueSpecification","valueRequired":true,"valueName":"search_term_string"}}],"inLanguage":"fi"},{"@type":"Person","@id":"https:\/\/blogit.gradia.fi\/mobiilitohjaajat\/#\/schema\/person\/b10ee4d91d7ce449acdfc31876195a75","name":"juhakiu","image":{"@type":"ImageObject","inLanguage":"fi","@id":"https:\/\/secure.gravatar.com\/avatar\/c449c1c81b0b22fde0122535d23377df235fbf19b9ff3a937d86d800a5971557?s=96&d=mm&r=g","url":"https:\/\/secure.gravatar.com\/avatar\/c449c1c81b0b22fde0122535d23377df235fbf19b9ff3a937d86d800a5971557?s=96&d=mm&r=g","contentUrl":"https:\/\/secure.gravatar.com\/avatar\/c449c1c81b0b22fde0122535d23377df235fbf19b9ff3a937d86d800a5971557?s=96&d=mm&r=g","caption":"juhakiu"},"url":"https:\/\/blogit.gradia.fi\/mobiilitohjaajat\/author\/juhakiu\/"}]}},"uagb_featured_image_src":{"full":false,"thumbnail":false,"medium":false,"medium_large":false,"large":false,"1536x1536":false,"2048x2048":false,"post-thumbnail":false},"uagb_author_info":{"display_name":"juhakiu","author_link":"https:\/\/blogit.gradia.fi\/mobiilitohjaajat\/author\/juhakiu\/"},"uagb_comment_info":0,"uagb_excerpt":"Vierailin Saimaan Mediakeskuksessa Timo Kainulaisen luona vaihtamassa mielipiteit\u00e4 mobiileista ismeist\u00e4. Taululla oli mielenkiintoinen kuva heid\u00e4n monilaiteymp\u00e4rist\u00f6 &#8221;hankkeesta&#8221;. Eli miten saadaan eri k\u00e4ytt\u00f6j\u00e4rjestelm\u00e4\u00e4 edustavat tabletit toimimaan luokkahuoneessa. &nbsp;","_links":{"self":[{"href":"https:\/\/blogit.gradia.fi\/mobiilitohjaajat\/wp-json\/wp\/v2\/posts\/357","targetHints":{"allow":["GET"]}}],"collection":[{"href":"https:\/\/blogit.gradia.fi\/mobiilitohjaajat\/wp-json\/wp\/v2\/posts"}],"about":[{"href":"https:\/\/blogit.gradia.fi\/mobiilitohjaajat\/wp-json\/wp\/v2\/types\/post"}],"author":[{"embeddable":true,"href":"https:\/\/blogit.gradia.fi\/mobiilitohjaajat\/wp-json\/wp\/v2\/users\/171"}],"replies":[{"embeddable":true,"href":"https:\/\/blogit.gradia.fi\/mobiilitohjaajat\/wp-json\/wp\/v2\/comments?post=357"}],"version-history":[{"count":0,"href":"https:\/\/blogit.gradia.fi\/mobiilitohjaajat\/wp-json\/wp\/v2\/posts\/357\/revisions"}],"wp:attachment":[{"href":"https:\/\/blogit.gradia.fi\/mobiilitohjaajat\/wp-json\/wp\/v2\/media?parent=357"}],"wp:term":[{"taxonomy":"category","embeddable":true,"href":"https:\/\/blogit.gradia.fi\/mobiilitohjaajat\/wp-json\/wp\/v2\/categories?post=357"},{"taxonomy":"post_tag","embeddable":true,"href":"https:\/\/blogit.gradia.fi\/mobiilitohjaajat\/wp-json\/wp\/v2\/tags?post=357"}],"curies":[{"name":"wp","href":"https:\/\/api.w.org\/{rel}","templated":true}]}}