{"id":347,"date":"2013-12-30T10:16:43","date_gmt":"2013-12-30T08:16:43","guid":{"rendered":"https:\/\/blogit.gradia.fi\/mobiilitohjaajat\/?p=347"},"modified":"2013-12-30T10:16:43","modified_gmt":"2013-12-30T08:16:43","slug":"kuulumisia-sammosta","status":"publish","type":"post","link":"https:\/\/blogit.gradia.fi\/mobiilitohjaajat\/kuulumisia-sammosta\/","title":{"rendered":"Kuulumisia Sammosta"},"content":{"rendered":"<p>Saimme 2 mobiililuokkaa (Lebat) asennettua joulukuun pariksi viimeiseksi kouluviikoksi. Laitteet (tabletit, Airport ja AppleTV) konfiguroitiin siten iPadit kirjautuvat automaattisesti Airportin muodostamaan l\u00e4hiverkkoon, josta on yhteys koulun verkkoon ja sit\u00e4 kautta Internetiin. Tableteissa k\u00e4ytet\u00e4\u00e4n yht\u00e4 ja samaa Apple-IDt\u00e4, jolle on ostettu joukko appseja.<\/p>\n<p>Testasimme luomamme &#8217;ekosysteemin&#8217; toimintaa Merkonomi ja Datanomikoulutuksessa. Laitteet toimivat opetustilanteessa l\u00e4hes moitteetta. Jotkin iPadit hukkasivat asetuksensa (alkun\u00e4ytt\u00f6) mutta ainoa opetukseen vaikuttava ongelma tuli eteen siin\u00e4 ettemme pystyneet asentamaan Googlen s\u00e4hk\u00f6postitili\u00e4 koska Soneran tarjoama Internet -yhteys ei mahdollista palvelun asentamista koulun verkossa. Testasimme laitetta kotioloissa jossa asennus toimi normaalisti. S\u00e4hk\u00f6posti tarjoaisi oppilaille pilvipalveluiden ohella mahdollisuuden l\u00e4hett\u00e4\u00e4 harjoitusteht\u00e4v\u00e4 (esimerkiksi Numbers, Keynote) omaan s\u00e4hk\u00f6postiinsa.<\/p>\n<p>Lis\u00e4ksi asensimme yhteen luokkaan AppleTV ja testasimme AirPlayn toimivuutta. Lukuunottamatta\u00a0 puutteellista \u00e4\u00e4nen toistoa (kaiuttimet puuttuvat) iPadit saivat yhteyden. Lis\u00e4ksi AirDrive avulla iPadit pystyiv\u00e4t kopioimaan tietoa laitteesta toiselle.<\/p>\n<p>Kaiken kaikkiaan tekniikka on valmis ja mobiililuokat l\u00e4htev\u00e4t kiertoon ymp\u00e4ri Sammon eri toimipisteit\u00e4 heti tammikuun alussa. Tarkoituksena on ett\u00e4 yksi mobiililuokka on saman osaston k\u00e4yt\u00f6ss\u00e4 noin 3-4 viikkoa, jonka aikana opettajat ja opiskelijat tutustuvat luokan k\u00e4ytt\u00f6mahdollisuuksiin opetustilanteissa.<\/p>\n","protected":false},"excerpt":{"rendered":"<p>Saimme 2 mobiililuokkaa (Lebat) asennettua joulukuun pariksi viimeiseksi kouluviikoksi. Laitteet (tabletit, Airport ja AppleTV) konfiguroitiin siten iPadit kirjautuvat automaattisesti Airportin muodostamaan l\u00e4hiverkkoon, josta on yhteys koulun verkkoon ja sit\u00e4 kautta Internetiin. Tableteissa k\u00e4ytet\u00e4\u00e4n yht\u00e4 ja samaa Apple-IDt\u00e4, jolle on ostettu joukko appseja. Testasimme luomamme &#8217;ekosysteemin&#8217; toimintaa Merkonomi ja Datanomikoulutuksessa. Laitteet toimivat opetustilanteessa l\u00e4hes moitteetta. Jotkin &hellip; <a href=\"https:\/\/blogit.gradia.fi\/mobiilitohjaajat\/kuulumisia-sammosta\/\" class=\"more-link\">Jatka lukemista <span class=\"screen-reader-text\">Kuulumisia Sammosta<\/span> <span class=\"meta-nav\">&rarr;<\/span><\/a><\/p>\n","protected":false},"author":171,"featured_media":0,"comment_status":"open","ping_status":"open","sticky":false,"template":"","format":"standard","meta":{"_uag_custom_page_level_css":"","footnotes":""},"categories":[1],"tags":[],"class_list":["post-347","post","type-post","status-publish","format-standard","hentry","category-yleinen"],"yoast_head":"<!-- This site is optimized with the Yoast SEO plugin v27.5 - https:\/\/yoast.com\/product\/yoast-seo-wordpress\/ -->\n<title>Kuulumisia Sammosta - Mobiilit ohjaajat<\/title>\n<meta name=\"robots\" content=\"index, follow, max-snippet:-1, max-image-preview:large, max-video-preview:-1\" \/>\n<link rel=\"canonical\" href=\"https:\/\/blogit.gradia.fi\/mobiilitohjaajat\/kuulumisia-sammosta\/\" \/>\n<meta property=\"og:locale\" content=\"fi_FI\" \/>\n<meta property=\"og:type\" content=\"article\" \/>\n<meta property=\"og:title\" content=\"Kuulumisia Sammosta - Mobiilit ohjaajat\" \/>\n<meta property=\"og:description\" content=\"Saimme 2 mobiililuokkaa (Lebat) asennettua joulukuun pariksi viimeiseksi kouluviikoksi. Laitteet (tabletit, Airport ja AppleTV) konfiguroitiin siten iPadit kirjautuvat automaattisesti Airportin muodostamaan l\u00e4hiverkkoon, josta on yhteys koulun verkkoon ja sit\u00e4 kautta Internetiin. Tableteissa k\u00e4ytet\u00e4\u00e4n yht\u00e4 ja samaa Apple-IDt\u00e4, jolle on ostettu joukko appseja. Testasimme luomamme &#8217;ekosysteemin&#8217; toimintaa Merkonomi ja Datanomikoulutuksessa. Laitteet toimivat opetustilanteessa l\u00e4hes moitteetta. Jotkin &hellip; Jatka lukemista Kuulumisia Sammosta &rarr;\" \/>\n<meta property=\"og:url\" content=\"https:\/\/blogit.gradia.fi\/mobiilitohjaajat\/kuulumisia-sammosta\/\" \/>\n<meta property=\"og:site_name\" content=\"Mobiilit ohjaajat\" \/>\n<meta property=\"article:published_time\" content=\"2013-12-30T08:16:43+00:00\" \/>\n<meta name=\"author\" content=\"juhakiu\" \/>\n<meta name=\"twitter:card\" content=\"summary_large_image\" \/>\n<meta name=\"twitter:label1\" content=\"Kirjoittanut\" \/>\n\t<meta name=\"twitter:data1\" content=\"juhakiu\" \/>\n\t<meta name=\"twitter:label2\" content=\"Arvioitu lukuaika\" \/>\n\t<meta name=\"twitter:data2\" content=\"1 minuutti\" \/>\n<script type=\"application\/ld+json\" class=\"yoast-schema-graph\">{\"@context\":\"https:\\\/\\\/schema.org\",\"@graph\":[{\"@type\":\"Article\",\"@id\":\"https:\\\/\\\/blogit.gradia.fi\\\/mobiilitohjaajat\\\/kuulumisia-sammosta\\\/#article\",\"isPartOf\":{\"@id\":\"https:\\\/\\\/blogit.gradia.fi\\\/mobiilitohjaajat\\\/kuulumisia-sammosta\\\/\"},\"author\":{\"name\":\"juhakiu\",\"@id\":\"https:\\\/\\\/blogit.gradia.fi\\\/mobiilitohjaajat\\\/#\\\/schema\\\/person\\\/b10ee4d91d7ce449acdfc31876195a75\"},\"headline\":\"Kuulumisia Sammosta\",\"datePublished\":\"2013-12-30T08:16:43+00:00\",\"mainEntityOfPage\":{\"@id\":\"https:\\\/\\\/blogit.gradia.fi\\\/mobiilitohjaajat\\\/kuulumisia-sammosta\\\/\"},\"wordCount\":191,\"commentCount\":0,\"inLanguage\":\"fi\",\"potentialAction\":[{\"@type\":\"CommentAction\",\"name\":\"Comment\",\"target\":[\"https:\\\/\\\/blogit.gradia.fi\\\/mobiilitohjaajat\\\/kuulumisia-sammosta\\\/#respond\"]}]},{\"@type\":\"WebPage\",\"@id\":\"https:\\\/\\\/blogit.gradia.fi\\\/mobiilitohjaajat\\\/kuulumisia-sammosta\\\/\",\"url\":\"https:\\\/\\\/blogit.gradia.fi\\\/mobiilitohjaajat\\\/kuulumisia-sammosta\\\/\",\"name\":\"Kuulumisia Sammosta - Mobiilit ohjaajat\",\"isPartOf\":{\"@id\":\"https:\\\/\\\/blogit.gradia.fi\\\/mobiilitohjaajat\\\/#website\"},\"datePublished\":\"2013-12-30T08:16:43+00:00\",\"author\":{\"@id\":\"https:\\\/\\\/blogit.gradia.fi\\\/mobiilitohjaajat\\\/#\\\/schema\\\/person\\\/b10ee4d91d7ce449acdfc31876195a75\"},\"inLanguage\":\"fi\",\"potentialAction\":[{\"@type\":\"ReadAction\",\"target\":[\"https:\\\/\\\/blogit.gradia.fi\\\/mobiilitohjaajat\\\/kuulumisia-sammosta\\\/\"]}]},{\"@type\":\"WebSite\",\"@id\":\"https:\\\/\\\/blogit.gradia.fi\\\/mobiilitohjaajat\\\/#website\",\"url\":\"https:\\\/\\\/blogit.gradia.fi\\\/mobiilitohjaajat\\\/\",\"name\":\"Mobiilit ohjaajat\",\"description\":\"Opetushallituksen rahoittaman Mobiilit ohjaajat -hankkeen sivusto\",\"potentialAction\":[{\"@type\":\"SearchAction\",\"target\":{\"@type\":\"EntryPoint\",\"urlTemplate\":\"https:\\\/\\\/blogit.gradia.fi\\\/mobiilitohjaajat\\\/?s={search_term_string}\"},\"query-input\":{\"@type\":\"PropertyValueSpecification\",\"valueRequired\":true,\"valueName\":\"search_term_string\"}}],\"inLanguage\":\"fi\"},{\"@type\":\"Person\",\"@id\":\"https:\\\/\\\/blogit.gradia.fi\\\/mobiilitohjaajat\\\/#\\\/schema\\\/person\\\/b10ee4d91d7ce449acdfc31876195a75\",\"name\":\"juhakiu\",\"image\":{\"@type\":\"ImageObject\",\"inLanguage\":\"fi\",\"@id\":\"https:\\\/\\\/secure.gravatar.com\\\/avatar\\\/c449c1c81b0b22fde0122535d23377df235fbf19b9ff3a937d86d800a5971557?s=96&d=mm&r=g\",\"url\":\"https:\\\/\\\/secure.gravatar.com\\\/avatar\\\/c449c1c81b0b22fde0122535d23377df235fbf19b9ff3a937d86d800a5971557?s=96&d=mm&r=g\",\"contentUrl\":\"https:\\\/\\\/secure.gravatar.com\\\/avatar\\\/c449c1c81b0b22fde0122535d23377df235fbf19b9ff3a937d86d800a5971557?s=96&d=mm&r=g\",\"caption\":\"juhakiu\"},\"url\":\"https:\\\/\\\/blogit.gradia.fi\\\/mobiilitohjaajat\\\/author\\\/juhakiu\\\/\"}]}<\/script>\n<!-- \/ Yoast SEO plugin. -->","yoast_head_json":{"title":"Kuulumisia Sammosta - Mobiilit ohjaajat","robots":{"index":"index","follow":"follow","max-snippet":"max-snippet:-1","max-image-preview":"max-image-preview:large","max-video-preview":"max-video-preview:-1"},"canonical":"https:\/\/blogit.gradia.fi\/mobiilitohjaajat\/kuulumisia-sammosta\/","og_locale":"fi_FI","og_type":"article","og_title":"Kuulumisia Sammosta - Mobiilit ohjaajat","og_description":"Saimme 2 mobiililuokkaa (Lebat) asennettua joulukuun pariksi viimeiseksi kouluviikoksi. Laitteet (tabletit, Airport ja AppleTV) konfiguroitiin siten iPadit kirjautuvat automaattisesti Airportin muodostamaan l\u00e4hiverkkoon, josta on yhteys koulun verkkoon ja sit\u00e4 kautta Internetiin. Tableteissa k\u00e4ytet\u00e4\u00e4n yht\u00e4 ja samaa Apple-IDt\u00e4, jolle on ostettu joukko appseja. Testasimme luomamme &#8217;ekosysteemin&#8217; toimintaa Merkonomi ja Datanomikoulutuksessa. Laitteet toimivat opetustilanteessa l\u00e4hes moitteetta. Jotkin &hellip; Jatka lukemista Kuulumisia Sammosta &rarr;","og_url":"https:\/\/blogit.gradia.fi\/mobiilitohjaajat\/kuulumisia-sammosta\/","og_site_name":"Mobiilit ohjaajat","article_published_time":"2013-12-30T08:16:43+00:00","author":"juhakiu","twitter_card":"summary_large_image","twitter_misc":{"Kirjoittanut":"juhakiu","Arvioitu lukuaika":"1 minuutti"},"schema":{"@context":"https:\/\/schema.org","@graph":[{"@type":"Article","@id":"https:\/\/blogit.gradia.fi\/mobiilitohjaajat\/kuulumisia-sammosta\/#article","isPartOf":{"@id":"https:\/\/blogit.gradia.fi\/mobiilitohjaajat\/kuulumisia-sammosta\/"},"author":{"name":"juhakiu","@id":"https:\/\/blogit.gradia.fi\/mobiilitohjaajat\/#\/schema\/person\/b10ee4d91d7ce449acdfc31876195a75"},"headline":"Kuulumisia Sammosta","datePublished":"2013-12-30T08:16:43+00:00","mainEntityOfPage":{"@id":"https:\/\/blogit.gradia.fi\/mobiilitohjaajat\/kuulumisia-sammosta\/"},"wordCount":191,"commentCount":0,"inLanguage":"fi","potentialAction":[{"@type":"CommentAction","name":"Comment","target":["https:\/\/blogit.gradia.fi\/mobiilitohjaajat\/kuulumisia-sammosta\/#respond"]}]},{"@type":"WebPage","@id":"https:\/\/blogit.gradia.fi\/mobiilitohjaajat\/kuulumisia-sammosta\/","url":"https:\/\/blogit.gradia.fi\/mobiilitohjaajat\/kuulumisia-sammosta\/","name":"Kuulumisia Sammosta - Mobiilit ohjaajat","isPartOf":{"@id":"https:\/\/blogit.gradia.fi\/mobiilitohjaajat\/#website"},"datePublished":"2013-12-30T08:16:43+00:00","author":{"@id":"https:\/\/blogit.gradia.fi\/mobiilitohjaajat\/#\/schema\/person\/b10ee4d91d7ce449acdfc31876195a75"},"inLanguage":"fi","potentialAction":[{"@type":"ReadAction","target":["https:\/\/blogit.gradia.fi\/mobiilitohjaajat\/kuulumisia-sammosta\/"]}]},{"@type":"WebSite","@id":"https:\/\/blogit.gradia.fi\/mobiilitohjaajat\/#website","url":"https:\/\/blogit.gradia.fi\/mobiilitohjaajat\/","name":"Mobiilit ohjaajat","description":"Opetushallituksen rahoittaman Mobiilit ohjaajat -hankkeen sivusto","potentialAction":[{"@type":"SearchAction","target":{"@type":"EntryPoint","urlTemplate":"https:\/\/blogit.gradia.fi\/mobiilitohjaajat\/?s={search_term_string}"},"query-input":{"@type":"PropertyValueSpecification","valueRequired":true,"valueName":"search_term_string"}}],"inLanguage":"fi"},{"@type":"Person","@id":"https:\/\/blogit.gradia.fi\/mobiilitohjaajat\/#\/schema\/person\/b10ee4d91d7ce449acdfc31876195a75","name":"juhakiu","image":{"@type":"ImageObject","inLanguage":"fi","@id":"https:\/\/secure.gravatar.com\/avatar\/c449c1c81b0b22fde0122535d23377df235fbf19b9ff3a937d86d800a5971557?s=96&d=mm&r=g","url":"https:\/\/secure.gravatar.com\/avatar\/c449c1c81b0b22fde0122535d23377df235fbf19b9ff3a937d86d800a5971557?s=96&d=mm&r=g","contentUrl":"https:\/\/secure.gravatar.com\/avatar\/c449c1c81b0b22fde0122535d23377df235fbf19b9ff3a937d86d800a5971557?s=96&d=mm&r=g","caption":"juhakiu"},"url":"https:\/\/blogit.gradia.fi\/mobiilitohjaajat\/author\/juhakiu\/"}]}},"uagb_featured_image_src":{"full":false,"thumbnail":false,"medium":false,"medium_large":false,"large":false,"1536x1536":false,"2048x2048":false,"post-thumbnail":false},"uagb_author_info":{"display_name":"juhakiu","author_link":"https:\/\/blogit.gradia.fi\/mobiilitohjaajat\/author\/juhakiu\/"},"uagb_comment_info":0,"uagb_excerpt":"Saimme 2 mobiililuokkaa (Lebat) asennettua joulukuun pariksi viimeiseksi kouluviikoksi. Laitteet (tabletit, Airport ja AppleTV) konfiguroitiin siten iPadit kirjautuvat automaattisesti Airportin muodostamaan l\u00e4hiverkkoon, josta on yhteys koulun verkkoon ja sit\u00e4 kautta Internetiin. Tableteissa k\u00e4ytet\u00e4\u00e4n yht\u00e4 ja samaa Apple-IDt\u00e4, jolle on ostettu joukko appseja. Testasimme luomamme &#8217;ekosysteemin&#8217; toimintaa Merkonomi ja Datanomikoulutuksessa. Laitteet toimivat opetustilanteessa l\u00e4hes moitteetta. Jotkin&hellip;","_links":{"self":[{"href":"https:\/\/blogit.gradia.fi\/mobiilitohjaajat\/wp-json\/wp\/v2\/posts\/347","targetHints":{"allow":["GET"]}}],"collection":[{"href":"https:\/\/blogit.gradia.fi\/mobiilitohjaajat\/wp-json\/wp\/v2\/posts"}],"about":[{"href":"https:\/\/blogit.gradia.fi\/mobiilitohjaajat\/wp-json\/wp\/v2\/types\/post"}],"author":[{"embeddable":true,"href":"https:\/\/blogit.gradia.fi\/mobiilitohjaajat\/wp-json\/wp\/v2\/users\/171"}],"replies":[{"embeddable":true,"href":"https:\/\/blogit.gradia.fi\/mobiilitohjaajat\/wp-json\/wp\/v2\/comments?post=347"}],"version-history":[{"count":0,"href":"https:\/\/blogit.gradia.fi\/mobiilitohjaajat\/wp-json\/wp\/v2\/posts\/347\/revisions"}],"wp:attachment":[{"href":"https:\/\/blogit.gradia.fi\/mobiilitohjaajat\/wp-json\/wp\/v2\/media?parent=347"}],"wp:term":[{"taxonomy":"category","embeddable":true,"href":"https:\/\/blogit.gradia.fi\/mobiilitohjaajat\/wp-json\/wp\/v2\/categories?post=347"},{"taxonomy":"post_tag","embeddable":true,"href":"https:\/\/blogit.gradia.fi\/mobiilitohjaajat\/wp-json\/wp\/v2\/tags?post=347"}],"curies":[{"name":"wp","href":"https:\/\/api.w.org\/{rel}","templated":true}]}}