{"id":342,"date":"2013-12-18T18:36:22","date_gmt":"2013-12-18T16:36:22","guid":{"rendered":"https:\/\/blogit.gradia.fi\/mobiilitohjaajat\/?p=342"},"modified":"2013-12-18T18:36:22","modified_gmt":"2013-12-18T16:36:22","slug":"syksyn-videosatoa","status":"publish","type":"post","link":"https:\/\/blogit.gradia.fi\/mobiilitohjaajat\/syksyn-videosatoa\/","title":{"rendered":"Syksyn videosatoa"},"content":{"rendered":"<p>P\u00e4\u00e4tin testailla oppilaiden kanssa Facebookin ja blogien lis\u00e4ksi videointia. Osallistuin viime kev\u00e4\u00e4n\u00e4 Ope.fi 2-tason koulutukseen, jossa yhten\u00e4 oppimisteht\u00e4v\u00e4n\u00e4 oli videon tuottaminen. Olin siis jonkin verran k\u00e4rryill\u00e4 videon tuottamisen vaiheista, joten ihan tyhj\u00e4n p\u00e4\u00e4lt\u00e4 en matkaan singahtanut. Toisaalta nyth\u00e4n tarjoutui mahdollisuus oppia oppilaiden kanssa lis\u00e4\u00e4.<\/p>\n<p>Pohdin syksyn alkumetreill\u00e4 sit\u00e4, mit\u00e4 kannattaisi videoida, koska hankkeen puitteissa oli mahdollisuus saada koek\u00e4ytt\u00f6\u00f6n kolme Ipadia. P\u00e4\u00e4tin nostaa videoinnin avulla, joitain <b>olennaisia oppisis\u00e4lt\u00f6j\u00e4<\/b> esiin. Ykk\u00f6svuoden syksyn oppisis\u00e4ll\u00f6ist\u00e4 valitsin <b>mittojen ottamisen<\/b> ja <b>n\u00e4yt\u00f6n<\/b> dokumentointi.<\/p>\n<p>Teimme kokeilut 2-3 hengen ryhmiss\u00e4. Aluksi valokuvasimme mittojen oton ja n\u00e4yt\u00f6n eri vaiheet, ja sen j\u00e4lkeen koostimme still-kuvista kokonaisuuden. Jokaisessa ryhm\u00e4ss\u00e4 oli ainakin yksi, joka oli k\u00e4ytt\u00e4nyt Ipadia aiemmin. Pienen esittelyn j\u00e4lkeen oppilaat ty\u00f6stiv\u00e4t kokonaisuudet melko itsen\u00e4isesti. Apua kaivattiin l\u00e4hinn\u00e4 tekstin tai \u00e4\u00e4nen lis\u00e4\u00e4miseksi videoon.<\/p>\n<p>Lopuksi videot katseltiin yhdess\u00e4 l\u00e4pi, ja samalla pohdittiin sit\u00e4, mik\u00e4 videossa onnistui hyvin, ja miss\u00e4 olisi viel\u00e4 kehitt\u00e4misen varaa. Etenkin mittojen oton videointi oli erityisen onnistunut oppimisteht\u00e4v\u00e4, koska mittausvirheet n\u00e4kyiv\u00e4t selv\u00e4sti videoilta. N\u00e4yt\u00f6n vaiheiden videointi oli my\u00f6s kohtuullisen toimiva kokeilu, mutta\u00a0edelliseen verrattuna melko erilainen, sill\u00e4\u00a0siin\u00e4 korostui valmistusprosessi.\u00a0N\u00e4ytt\u00f6n\u00e4 valmistettiin turvaliivej\u00e4.<\/p>\n<p><a href=\"https:\/\/blogit.gradia.fi\/mobiilitohjaajat\/wp-content\/uploads\/sites\/18\/2013\/12\/Phototastic-2013-12-02-14-33-42.jpg\"><img loading=\"lazy\" decoding=\"async\" class=\"size-full wp-image-343 aligncenter\" alt=\"Phototastic-2013-12-02-14-33-42\" src=\"https:\/\/blogit.gradia.fi\/mobiilitohjaajat\/wp-content\/uploads\/sites\/18\/2013\/12\/Phototastic-2013-12-02-14-33-42.jpg\" width=\"320\" height=\"320\" \/><\/a><\/p>\n<p>N\u00e4iden muutamien kokeilujen j\u00e4lkeen uskon, ett\u00e4 videointi syvent\u00e4\u00e4 oppimista, koska k\u00e4sitelt\u00e4v\u00e4t asiat j\u00e4sennet\u00e4\u00e4n ja kootaan loogisesti etenev\u00e4ksi kokonaisuudeksi. Lis\u00e4ksi\u00a0olennaiset oppisis\u00e4ll\u00f6t tulee kerrattua useamman kerran.\u00a0Onnistumisen kannalta ilmeist\u00e4 onkin se, ett\u00e4 poimii\u00a0oppimista tukevat, olennaiset\u00a0oppisis\u00e4ll\u00f6t. Tuskinpa ihan kaikkea tarvitsee videoida.<\/p>\n<p>Kunhan saan oppilaiden suostumuksen, niin linkit\u00e4n t\u00e4nne jokin kokeiluista.<\/p>\n<p>Sirpa Vauhkala<\/p>\n","protected":false},"excerpt":{"rendered":"<p>P\u00e4\u00e4tin testailla oppilaiden kanssa Facebookin ja blogien lis\u00e4ksi videointia. Osallistuin viime kev\u00e4\u00e4n\u00e4 Ope.fi 2-tason koulutukseen, jossa yhten\u00e4 oppimisteht\u00e4v\u00e4n\u00e4 oli videon tuottaminen. Olin siis jonkin verran k\u00e4rryill\u00e4 videon tuottamisen vaiheista, joten ihan tyhj\u00e4n p\u00e4\u00e4lt\u00e4 en matkaan singahtanut. Toisaalta nyth\u00e4n tarjoutui mahdollisuus oppia oppilaiden kanssa lis\u00e4\u00e4. Pohdin syksyn alkumetreill\u00e4 sit\u00e4, mit\u00e4 kannattaisi videoida, koska hankkeen puitteissa oli &hellip; <a href=\"https:\/\/blogit.gradia.fi\/mobiilitohjaajat\/syksyn-videosatoa\/\" class=\"more-link\">Jatka lukemista <span class=\"screen-reader-text\">Syksyn videosatoa<\/span> <span class=\"meta-nav\">&rarr;<\/span><\/a><\/p>\n","protected":false},"author":166,"featured_media":0,"comment_status":"open","ping_status":"open","sticky":false,"template":"","format":"standard","meta":{"_uag_custom_page_level_css":"","footnotes":""},"categories":[25,9],"tags":[57,56,55],"class_list":["post-342","post","type-post","status-publish","format-standard","hentry","category-vaatetus","category-videotopetuksessa","tag-naytto","tag-opisisalto","tag-video"],"yoast_head":"<!-- This site is optimized with the Yoast SEO plugin v27.5 - https:\/\/yoast.com\/product\/yoast-seo-wordpress\/ -->\n<title>Syksyn videosatoa - Mobiilit ohjaajat<\/title>\n<meta name=\"robots\" content=\"index, follow, max-snippet:-1, max-image-preview:large, max-video-preview:-1\" \/>\n<link rel=\"canonical\" href=\"https:\/\/blogit.gradia.fi\/mobiilitohjaajat\/syksyn-videosatoa\/\" \/>\n<meta property=\"og:locale\" content=\"fi_FI\" \/>\n<meta property=\"og:type\" content=\"article\" \/>\n<meta property=\"og:title\" content=\"Syksyn videosatoa - Mobiilit ohjaajat\" \/>\n<meta property=\"og:description\" content=\"P\u00e4\u00e4tin testailla oppilaiden kanssa Facebookin ja blogien lis\u00e4ksi videointia. Osallistuin viime kev\u00e4\u00e4n\u00e4 Ope.fi 2-tason koulutukseen, jossa yhten\u00e4 oppimisteht\u00e4v\u00e4n\u00e4 oli videon tuottaminen. Olin siis jonkin verran k\u00e4rryill\u00e4 videon tuottamisen vaiheista, joten ihan tyhj\u00e4n p\u00e4\u00e4lt\u00e4 en matkaan singahtanut. Toisaalta nyth\u00e4n tarjoutui mahdollisuus oppia oppilaiden kanssa lis\u00e4\u00e4. Pohdin syksyn alkumetreill\u00e4 sit\u00e4, mit\u00e4 kannattaisi videoida, koska hankkeen puitteissa oli &hellip; Jatka lukemista Syksyn videosatoa &rarr;\" \/>\n<meta property=\"og:url\" content=\"https:\/\/blogit.gradia.fi\/mobiilitohjaajat\/syksyn-videosatoa\/\" \/>\n<meta property=\"og:site_name\" content=\"Mobiilit ohjaajat\" \/>\n<meta property=\"article:published_time\" content=\"2013-12-18T16:36:22+00:00\" \/>\n<meta property=\"og:image\" content=\"https:\/\/blogit.gradia.fi\/mobiilitohjaajat\/wp-content\/uploads\/sites\/18\/2013\/12\/Phototastic-2013-12-02-14-33-42.jpg\" \/>\n<meta name=\"author\" content=\"Sirpa Vauhkala\" \/>\n<meta name=\"twitter:card\" content=\"summary_large_image\" \/>\n<meta name=\"twitter:label1\" content=\"Kirjoittanut\" \/>\n\t<meta name=\"twitter:data1\" content=\"Sirpa Vauhkala\" \/>\n\t<meta name=\"twitter:label2\" content=\"Arvioitu lukuaika\" \/>\n\t<meta name=\"twitter:data2\" content=\"1 minuutti\" \/>\n<script type=\"application\/ld+json\" class=\"yoast-schema-graph\">{\"@context\":\"https:\\\/\\\/schema.org\",\"@graph\":[{\"@type\":\"Article\",\"@id\":\"https:\\\/\\\/blogit.gradia.fi\\\/mobiilitohjaajat\\\/syksyn-videosatoa\\\/#article\",\"isPartOf\":{\"@id\":\"https:\\\/\\\/blogit.gradia.fi\\\/mobiilitohjaajat\\\/syksyn-videosatoa\\\/\"},\"author\":{\"name\":\"Sirpa Vauhkala\",\"@id\":\"https:\\\/\\\/blogit.gradia.fi\\\/mobiilitohjaajat\\\/#\\\/schema\\\/person\\\/af47f873bbb62a6a80c8178d8c589fa8\"},\"headline\":\"Syksyn videosatoa\",\"datePublished\":\"2013-12-18T16:36:22+00:00\",\"mainEntityOfPage\":{\"@id\":\"https:\\\/\\\/blogit.gradia.fi\\\/mobiilitohjaajat\\\/syksyn-videosatoa\\\/\"},\"wordCount\":286,\"commentCount\":0,\"image\":{\"@id\":\"https:\\\/\\\/blogit.gradia.fi\\\/mobiilitohjaajat\\\/syksyn-videosatoa\\\/#primaryimage\"},\"thumbnailUrl\":\"https:\\\/\\\/blogit.gradia.fi\\\/mobiilitohjaajat\\\/wp-content\\\/uploads\\\/sites\\\/18\\\/2013\\\/12\\\/Phototastic-2013-12-02-14-33-42.jpg\",\"keywords\":[\"n\u00e4ytt\u00f6\",\"opisis\u00e4lt\u00f6\",\"video\"],\"articleSection\":[\"Vaatetus\",\"Videot opetuksessa\"],\"inLanguage\":\"fi\",\"potentialAction\":[{\"@type\":\"CommentAction\",\"name\":\"Comment\",\"target\":[\"https:\\\/\\\/blogit.gradia.fi\\\/mobiilitohjaajat\\\/syksyn-videosatoa\\\/#respond\"]}]},{\"@type\":\"WebPage\",\"@id\":\"https:\\\/\\\/blogit.gradia.fi\\\/mobiilitohjaajat\\\/syksyn-videosatoa\\\/\",\"url\":\"https:\\\/\\\/blogit.gradia.fi\\\/mobiilitohjaajat\\\/syksyn-videosatoa\\\/\",\"name\":\"Syksyn videosatoa - Mobiilit ohjaajat\",\"isPartOf\":{\"@id\":\"https:\\\/\\\/blogit.gradia.fi\\\/mobiilitohjaajat\\\/#website\"},\"primaryImageOfPage\":{\"@id\":\"https:\\\/\\\/blogit.gradia.fi\\\/mobiilitohjaajat\\\/syksyn-videosatoa\\\/#primaryimage\"},\"image\":{\"@id\":\"https:\\\/\\\/blogit.gradia.fi\\\/mobiilitohjaajat\\\/syksyn-videosatoa\\\/#primaryimage\"},\"thumbnailUrl\":\"https:\\\/\\\/blogit.gradia.fi\\\/mobiilitohjaajat\\\/wp-content\\\/uploads\\\/sites\\\/18\\\/2013\\\/12\\\/Phototastic-2013-12-02-14-33-42.jpg\",\"datePublished\":\"2013-12-18T16:36:22+00:00\",\"author\":{\"@id\":\"https:\\\/\\\/blogit.gradia.fi\\\/mobiilitohjaajat\\\/#\\\/schema\\\/person\\\/af47f873bbb62a6a80c8178d8c589fa8\"},\"inLanguage\":\"fi\",\"potentialAction\":[{\"@type\":\"ReadAction\",\"target\":[\"https:\\\/\\\/blogit.gradia.fi\\\/mobiilitohjaajat\\\/syksyn-videosatoa\\\/\"]}]},{\"@type\":\"ImageObject\",\"inLanguage\":\"fi\",\"@id\":\"https:\\\/\\\/blogit.gradia.fi\\\/mobiilitohjaajat\\\/syksyn-videosatoa\\\/#primaryimage\",\"url\":\"https:\\\/\\\/blogit.gradia.fi\\\/mobiilitohjaajat\\\/wp-content\\\/uploads\\\/sites\\\/18\\\/2013\\\/12\\\/Phototastic-2013-12-02-14-33-42.jpg\",\"contentUrl\":\"https:\\\/\\\/blogit.gradia.fi\\\/mobiilitohjaajat\\\/wp-content\\\/uploads\\\/sites\\\/18\\\/2013\\\/12\\\/Phototastic-2013-12-02-14-33-42.jpg\",\"width\":320,\"height\":320,\"caption\":\"Phototasticilla koostettu kollaasi\"},{\"@type\":\"WebSite\",\"@id\":\"https:\\\/\\\/blogit.gradia.fi\\\/mobiilitohjaajat\\\/#website\",\"url\":\"https:\\\/\\\/blogit.gradia.fi\\\/mobiilitohjaajat\\\/\",\"name\":\"Mobiilit ohjaajat\",\"description\":\"Opetushallituksen rahoittaman Mobiilit ohjaajat -hankkeen sivusto\",\"potentialAction\":[{\"@type\":\"SearchAction\",\"target\":{\"@type\":\"EntryPoint\",\"urlTemplate\":\"https:\\\/\\\/blogit.gradia.fi\\\/mobiilitohjaajat\\\/?s={search_term_string}\"},\"query-input\":{\"@type\":\"PropertyValueSpecification\",\"valueRequired\":true,\"valueName\":\"search_term_string\"}}],\"inLanguage\":\"fi\"},{\"@type\":\"Person\",\"@id\":\"https:\\\/\\\/blogit.gradia.fi\\\/mobiilitohjaajat\\\/#\\\/schema\\\/person\\\/af47f873bbb62a6a80c8178d8c589fa8\",\"name\":\"Sirpa Vauhkala\",\"image\":{\"@type\":\"ImageObject\",\"inLanguage\":\"fi\",\"@id\":\"https:\\\/\\\/secure.gravatar.com\\\/avatar\\\/dc07e6ef6ce853424587fd89ca0e92f890818c11be4a7c8db1cebecdd9fbb85e?s=96&d=mm&r=g\",\"url\":\"https:\\\/\\\/secure.gravatar.com\\\/avatar\\\/dc07e6ef6ce853424587fd89ca0e92f890818c11be4a7c8db1cebecdd9fbb85e?s=96&d=mm&r=g\",\"contentUrl\":\"https:\\\/\\\/secure.gravatar.com\\\/avatar\\\/dc07e6ef6ce853424587fd89ca0e92f890818c11be4a7c8db1cebecdd9fbb85e?s=96&d=mm&r=g\",\"caption\":\"Sirpa Vauhkala\"},\"url\":\"https:\\\/\\\/blogit.gradia.fi\\\/mobiilitohjaajat\\\/author\\\/vauhksir\\\/\"}]}<\/script>\n<!-- \/ Yoast SEO plugin. -->","yoast_head_json":{"title":"Syksyn videosatoa - Mobiilit ohjaajat","robots":{"index":"index","follow":"follow","max-snippet":"max-snippet:-1","max-image-preview":"max-image-preview:large","max-video-preview":"max-video-preview:-1"},"canonical":"https:\/\/blogit.gradia.fi\/mobiilitohjaajat\/syksyn-videosatoa\/","og_locale":"fi_FI","og_type":"article","og_title":"Syksyn videosatoa - Mobiilit ohjaajat","og_description":"P\u00e4\u00e4tin testailla oppilaiden kanssa Facebookin ja blogien lis\u00e4ksi videointia. Osallistuin viime kev\u00e4\u00e4n\u00e4 Ope.fi 2-tason koulutukseen, jossa yhten\u00e4 oppimisteht\u00e4v\u00e4n\u00e4 oli videon tuottaminen. Olin siis jonkin verran k\u00e4rryill\u00e4 videon tuottamisen vaiheista, joten ihan tyhj\u00e4n p\u00e4\u00e4lt\u00e4 en matkaan singahtanut. Toisaalta nyth\u00e4n tarjoutui mahdollisuus oppia oppilaiden kanssa lis\u00e4\u00e4. Pohdin syksyn alkumetreill\u00e4 sit\u00e4, mit\u00e4 kannattaisi videoida, koska hankkeen puitteissa oli &hellip; Jatka lukemista Syksyn videosatoa &rarr;","og_url":"https:\/\/blogit.gradia.fi\/mobiilitohjaajat\/syksyn-videosatoa\/","og_site_name":"Mobiilit ohjaajat","article_published_time":"2013-12-18T16:36:22+00:00","og_image":[{"url":"https:\/\/blogit.gradia.fi\/mobiilitohjaajat\/wp-content\/uploads\/sites\/18\/2013\/12\/Phototastic-2013-12-02-14-33-42.jpg","type":"","width":"","height":""}],"author":"Sirpa Vauhkala","twitter_card":"summary_large_image","twitter_misc":{"Kirjoittanut":"Sirpa Vauhkala","Arvioitu lukuaika":"1 minuutti"},"schema":{"@context":"https:\/\/schema.org","@graph":[{"@type":"Article","@id":"https:\/\/blogit.gradia.fi\/mobiilitohjaajat\/syksyn-videosatoa\/#article","isPartOf":{"@id":"https:\/\/blogit.gradia.fi\/mobiilitohjaajat\/syksyn-videosatoa\/"},"author":{"name":"Sirpa Vauhkala","@id":"https:\/\/blogit.gradia.fi\/mobiilitohjaajat\/#\/schema\/person\/af47f873bbb62a6a80c8178d8c589fa8"},"headline":"Syksyn videosatoa","datePublished":"2013-12-18T16:36:22+00:00","mainEntityOfPage":{"@id":"https:\/\/blogit.gradia.fi\/mobiilitohjaajat\/syksyn-videosatoa\/"},"wordCount":286,"commentCount":0,"image":{"@id":"https:\/\/blogit.gradia.fi\/mobiilitohjaajat\/syksyn-videosatoa\/#primaryimage"},"thumbnailUrl":"https:\/\/blogit.gradia.fi\/mobiilitohjaajat\/wp-content\/uploads\/sites\/18\/2013\/12\/Phototastic-2013-12-02-14-33-42.jpg","keywords":["n\u00e4ytt\u00f6","opisis\u00e4lt\u00f6","video"],"articleSection":["Vaatetus","Videot opetuksessa"],"inLanguage":"fi","potentialAction":[{"@type":"CommentAction","name":"Comment","target":["https:\/\/blogit.gradia.fi\/mobiilitohjaajat\/syksyn-videosatoa\/#respond"]}]},{"@type":"WebPage","@id":"https:\/\/blogit.gradia.fi\/mobiilitohjaajat\/syksyn-videosatoa\/","url":"https:\/\/blogit.gradia.fi\/mobiilitohjaajat\/syksyn-videosatoa\/","name":"Syksyn videosatoa - Mobiilit ohjaajat","isPartOf":{"@id":"https:\/\/blogit.gradia.fi\/mobiilitohjaajat\/#website"},"primaryImageOfPage":{"@id":"https:\/\/blogit.gradia.fi\/mobiilitohjaajat\/syksyn-videosatoa\/#primaryimage"},"image":{"@id":"https:\/\/blogit.gradia.fi\/mobiilitohjaajat\/syksyn-videosatoa\/#primaryimage"},"thumbnailUrl":"https:\/\/blogit.gradia.fi\/mobiilitohjaajat\/wp-content\/uploads\/sites\/18\/2013\/12\/Phototastic-2013-12-02-14-33-42.jpg","datePublished":"2013-12-18T16:36:22+00:00","author":{"@id":"https:\/\/blogit.gradia.fi\/mobiilitohjaajat\/#\/schema\/person\/af47f873bbb62a6a80c8178d8c589fa8"},"inLanguage":"fi","potentialAction":[{"@type":"ReadAction","target":["https:\/\/blogit.gradia.fi\/mobiilitohjaajat\/syksyn-videosatoa\/"]}]},{"@type":"ImageObject","inLanguage":"fi","@id":"https:\/\/blogit.gradia.fi\/mobiilitohjaajat\/syksyn-videosatoa\/#primaryimage","url":"https:\/\/blogit.gradia.fi\/mobiilitohjaajat\/wp-content\/uploads\/sites\/18\/2013\/12\/Phototastic-2013-12-02-14-33-42.jpg","contentUrl":"https:\/\/blogit.gradia.fi\/mobiilitohjaajat\/wp-content\/uploads\/sites\/18\/2013\/12\/Phototastic-2013-12-02-14-33-42.jpg","width":320,"height":320,"caption":"Phototasticilla koostettu kollaasi"},{"@type":"WebSite","@id":"https:\/\/blogit.gradia.fi\/mobiilitohjaajat\/#website","url":"https:\/\/blogit.gradia.fi\/mobiilitohjaajat\/","name":"Mobiilit ohjaajat","description":"Opetushallituksen rahoittaman Mobiilit ohjaajat -hankkeen sivusto","potentialAction":[{"@type":"SearchAction","target":{"@type":"EntryPoint","urlTemplate":"https:\/\/blogit.gradia.fi\/mobiilitohjaajat\/?s={search_term_string}"},"query-input":{"@type":"PropertyValueSpecification","valueRequired":true,"valueName":"search_term_string"}}],"inLanguage":"fi"},{"@type":"Person","@id":"https:\/\/blogit.gradia.fi\/mobiilitohjaajat\/#\/schema\/person\/af47f873bbb62a6a80c8178d8c589fa8","name":"Sirpa Vauhkala","image":{"@type":"ImageObject","inLanguage":"fi","@id":"https:\/\/secure.gravatar.com\/avatar\/dc07e6ef6ce853424587fd89ca0e92f890818c11be4a7c8db1cebecdd9fbb85e?s=96&d=mm&r=g","url":"https:\/\/secure.gravatar.com\/avatar\/dc07e6ef6ce853424587fd89ca0e92f890818c11be4a7c8db1cebecdd9fbb85e?s=96&d=mm&r=g","contentUrl":"https:\/\/secure.gravatar.com\/avatar\/dc07e6ef6ce853424587fd89ca0e92f890818c11be4a7c8db1cebecdd9fbb85e?s=96&d=mm&r=g","caption":"Sirpa Vauhkala"},"url":"https:\/\/blogit.gradia.fi\/mobiilitohjaajat\/author\/vauhksir\/"}]}},"uagb_featured_image_src":{"full":false,"thumbnail":false,"medium":false,"medium_large":false,"large":false,"1536x1536":false,"2048x2048":false,"post-thumbnail":false},"uagb_author_info":{"display_name":"Sirpa Vauhkala","author_link":"https:\/\/blogit.gradia.fi\/mobiilitohjaajat\/author\/vauhksir\/"},"uagb_comment_info":4,"uagb_excerpt":"P\u00e4\u00e4tin testailla oppilaiden kanssa Facebookin ja blogien lis\u00e4ksi videointia. Osallistuin viime kev\u00e4\u00e4n\u00e4 Ope.fi 2-tason koulutukseen, jossa yhten\u00e4 oppimisteht\u00e4v\u00e4n\u00e4 oli videon tuottaminen. Olin siis jonkin verran k\u00e4rryill\u00e4 videon tuottamisen vaiheista, joten ihan tyhj\u00e4n p\u00e4\u00e4lt\u00e4 en matkaan singahtanut. Toisaalta nyth\u00e4n tarjoutui mahdollisuus oppia oppilaiden kanssa lis\u00e4\u00e4. Pohdin syksyn alkumetreill\u00e4 sit\u00e4, mit\u00e4 kannattaisi videoida, koska hankkeen puitteissa oli&hellip;","_links":{"self":[{"href":"https:\/\/blogit.gradia.fi\/mobiilitohjaajat\/wp-json\/wp\/v2\/posts\/342","targetHints":{"allow":["GET"]}}],"collection":[{"href":"https:\/\/blogit.gradia.fi\/mobiilitohjaajat\/wp-json\/wp\/v2\/posts"}],"about":[{"href":"https:\/\/blogit.gradia.fi\/mobiilitohjaajat\/wp-json\/wp\/v2\/types\/post"}],"author":[{"embeddable":true,"href":"https:\/\/blogit.gradia.fi\/mobiilitohjaajat\/wp-json\/wp\/v2\/users\/166"}],"replies":[{"embeddable":true,"href":"https:\/\/blogit.gradia.fi\/mobiilitohjaajat\/wp-json\/wp\/v2\/comments?post=342"}],"version-history":[{"count":0,"href":"https:\/\/blogit.gradia.fi\/mobiilitohjaajat\/wp-json\/wp\/v2\/posts\/342\/revisions"}],"wp:attachment":[{"href":"https:\/\/blogit.gradia.fi\/mobiilitohjaajat\/wp-json\/wp\/v2\/media?parent=342"}],"wp:term":[{"taxonomy":"category","embeddable":true,"href":"https:\/\/blogit.gradia.fi\/mobiilitohjaajat\/wp-json\/wp\/v2\/categories?post=342"},{"taxonomy":"post_tag","embeddable":true,"href":"https:\/\/blogit.gradia.fi\/mobiilitohjaajat\/wp-json\/wp\/v2\/tags?post=342"}],"curies":[{"name":"wp","href":"https:\/\/api.w.org\/{rel}","templated":true}]}}