{"id":303,"date":"2013-12-05T14:16:08","date_gmt":"2013-12-05T12:16:08","guid":{"rendered":"https:\/\/blogit.gradia.fi\/mobiilitohjaajat\/?p=303"},"modified":"2013-12-16T22:14:59","modified_gmt":"2013-12-16T20:14:59","slug":"ootsa-mun-kaveri-facebookin-kaytto-ohjausvalineena","status":"publish","type":"post","link":"https:\/\/blogit.gradia.fi\/mobiilitohjaajat\/ootsa-mun-kaveri-facebookin-kaytto-ohjausvalineena\/","title":{"rendered":"Oots\u00e4 mun kaveri: Facebookin k\u00e4ytt\u00f6 ohjausv\u00e4lineen\u00e4"},"content":{"rendered":"<p>Oots\u00e4 mun kaveri? Leikits\u00e4 mun kaa?<\/p>\n<p>Pienen\u00e4 n\u00e4it\u00e4 kysymyksi\u00e4 oli jatkuvasti ja oli tarkkaa mit\u00e4 niihin vastasi. Toisen mielt\u00e4 kun ei saanut pahoittaa, mutta aina ei tehnyt mieli leikki\u00e4 kaikkien kanssa. T\u00e4m\u00e4 sama asia kohtaa nuoria ja aikuisia my\u00f6s nykyp\u00e4iv\u00e4n\u00e4 Facebookin vuoksi. Ket\u00e4 hyv\u00e4ksymme kaveriksi? Miten rajaamme kaverit? Olenko kaikkien kaveri? Poistanko kavereita &#8221;salaa&#8221;? Ryhmittelenk\u00f6 jonkun superkaveriksi ja jonkun &#8221;ei -kaveriksi&#8221;, jolle en n\u00e4yt\u00e4 lainkaan p\u00e4ivityksi\u00e4ni? Vaikeaa, eik\u00f6 totta. Ent\u00e4 sitten, kun kyseess\u00e4 on opettaja ja pit\u00e4isi olla oppilaiden kaveri? Jos haluaa k\u00e4ytt\u00e4\u00e4 Facebookkia ohjausv\u00e4lineen\u00e4, koska siell\u00e4 ne kaikki oppilaat kuitenkin ovat ja viestit menev\u00e4t sit\u00e4 kautta hyvin perille. Mutta,\u00a0harva opettaja haluaa oppilaiden n\u00e4kev\u00e4n sit\u00e4 oikeaa omaa arkimin\u00e4\u00e4. Siit\u00e4 juhlamin\u00e4st\u00e4 puhumattakaan.<\/p>\n<p>Pennasen Heinin kanssa olemme nyt jonkin verran k\u00e4ytt\u00e4neet Facebookkia ohjausv\u00e4lineen\u00e4. Koska emme halunneet oppilaita &#8221;oikeiksi&#8221; kavereiksi, ja oppilaatkan eiv\u00e4t oikeasti halua meit\u00e4k\u00e4\u00e4n kavereiksi, muodostimme opettamillemme luokille omat ryhm\u00e4t luokkatunnuksen mukaan. Esim. LIAM12R. T\u00e4nne kutsuimme opiskelijat l\u00e4hett\u00e4m\u00e4ll\u00e4 heille ryhm\u00e4n linkin tai kutsut s\u00e4hk\u00f6postitse. Hyvin oppilaat sinne sitten liittyiv\u00e4t, kun joku ensin aloitti &#8221;lumivy\u00f6ryn&#8221;. Osa heist\u00e4 tosin ei viel\u00e4k\u00e4\u00e4n ole matkassa mukana, mutta kyseess\u00e4 on noin yksi kahdestakymmenest\u00e4<\/p>\n<p>Mit\u00e4 sinne sitten kirjoitetaan? Yleens\u00e4 olemme laittaneet v\u00e4h\u00e4n samoja asioita kuin wilmaan: tiedotuksia seuraavien tuntien annista, poikkeustapauksia, toiminta-ohjeita. Heini on paljon laittanut my\u00f6s ty\u00f6ss\u00e4oppimiseen liittyvi\u00e4 lomakkeita. Ainakin min\u00e4 h\u00e4mm\u00e4styin alussa, kun oppilaat alkoivat kirjoittaa my\u00f6s henkil\u00f6kohtaisempia asioita sein\u00e4lle. Hyv\u00e4 niin, sill\u00e4 siit\u00e4 se yhteis\u00f6llisyys ja ryhm\u00e4henkikin kasvavat. Paljon oppilaat my\u00f6s kyselev\u00e4t pulmatilanteissa meilt\u00e4 asioita facebookin kautta: Mit\u00e4 teen, jos&#8230; Mit\u00e4 sinne blogiin piti laittaa&#8230; Milloin on tunnit jne. Tarkoituksemme kyll\u00e4 n\u00e4in toteutuu: Facebook on meille l\u00e4hinn\u00e4 ohjaus- ja ohjeistusv\u00e4line &#8211; vapaamuotoisempi sellainen. T\u00e4rke\u00e4t ja virallisemmat asiat tiedotamme Wilman kautta ja teht\u00e4v\u00e4t p\u00e4\u00e4s\u00e4\u00e4nt\u00f6isesti l\u00f6ytyv\u00e4t Optimasta. Alussa t\u00e4m\u00e4 oli hankalaa oppilaille hahmottaa, miss\u00e4 mit\u00e4kin on, mutta nyt asia jo sujuu.<\/p>\n<p>&nbsp;<\/p>\n<p style=\"text-align: center\"><a href=\"https:\/\/blogit.gradia.fi\/mobiilitohjaajat\/wp-content\/uploads\/sites\/18\/2013\/12\/image.jpg\"><img loading=\"lazy\" decoding=\"async\" class=\"aligncenter  wp-image-315\" alt=\"image\" src=\"https:\/\/blogit.gradia.fi\/mobiilitohjaajat\/wp-content\/uploads\/sites\/18\/2013\/12\/image.jpg\" width=\"451\" height=\"252\" \/><\/a><\/p>\n<p>T\u00e4ss\u00e4 kuva Facebook -ryhm\u00e4st\u00e4mme. T\u00e4n\u00e4\u00e4n oppilas kyseli Priimuksessa olleen touhup\u00e4iv\u00e4n ja Tapalounaan j\u00e4lkeen, ett\u00e4 voisinko laittaa kuvia ryhm\u00e4\u00e4mme. He haluaisivaat niit\u00e4 omaan blogiinsa.<\/p>\n<p>&nbsp;<\/p>\n<p>&nbsp;<\/p>\n<p>Kyselin noin viikko sitten oppilailta &#8221;paperiversiona&#8221;, mit\u00e4 mielt\u00e4 ovat t\u00e4ll\u00e4 hetkell\u00e4 R -luokan toiminnasta. Kaikki vastanneet olivat tyytyv\u00e4isi\u00e4, joitain pieni\u00e4 parannuksia olisi. Samassa lomakkeessa kysyin my\u00f6s, mit\u00e4 mielt\u00e4 ovat Facebook -ryhm\u00e4st\u00e4mme ja miten ja mill\u00e4 siell\u00e4 k\u00e4yv\u00e4t. Hajonta oli suurta. Mit\u00e4\u00e4n luokitusta eri merkkisist\u00e4 puhelimista en saanut, muuta monet k\u00e4ytt\u00e4v\u00e4t puhelinta Facebookissa k\u00e4ymiseen. Osa k\u00e4ytti sujuvasti rinnalla &#8221;perinteist\u00e4&#8221; tietokonetta, mutta my\u00f6s tabletit olivat k\u00e4yt\u00f6ss\u00e4. Ajattelin jollain tunnilla kysell\u00e4 tarkemmin, mit\u00e4 tabletteja he k\u00e4ytt\u00e4v\u00e4t. Ep\u00e4ilen kyll\u00e4, ett\u00e4 suurimmalla osallla on k\u00e4yt\u00f6ss\u00e4 iPad. Kaikki eiv\u00e4t ryhm\u00e4ss\u00e4 p\u00e4ivitt\u00e4in vierailleet, mutta moni vastasi ett\u00e4 &#8221;usein&#8221;. Facebook tuntui olemaan my\u00f6s tyk\u00e4tty tiedotuskanava sen ep\u00e4virallisuuden vuoksi ja &#8221;koska k\u00e4yn siell\u00e4 kuitenkin&#8221;. Oikealla raiteella siis ollaan.<\/p>\n<p>&nbsp;<\/p>\n<p>&nbsp;<\/p>\n<p>&nbsp;<\/p>\n","protected":false},"excerpt":{"rendered":"<p>Oots\u00e4 mun kaveri? Leikits\u00e4 mun kaa? Pienen\u00e4 n\u00e4it\u00e4 kysymyksi\u00e4 oli jatkuvasti ja oli tarkkaa mit\u00e4 niihin vastasi. Toisen mielt\u00e4 kun ei saanut pahoittaa, mutta aina ei tehnyt mieli leikki\u00e4 kaikkien kanssa. T\u00e4m\u00e4 sama asia kohtaa nuoria ja aikuisia my\u00f6s nykyp\u00e4iv\u00e4n\u00e4 Facebookin vuoksi. Ket\u00e4 hyv\u00e4ksymme kaveriksi? Miten rajaamme kaverit? Olenko kaikkien kaveri? Poistanko kavereita &#8221;salaa&#8221;? Ryhmittelenk\u00f6 &hellip; <a href=\"https:\/\/blogit.gradia.fi\/mobiilitohjaajat\/ootsa-mun-kaveri-facebookin-kaytto-ohjausvalineena\/\" class=\"more-link\">Jatka lukemista <span class=\"screen-reader-text\">Oots\u00e4 mun kaveri: Facebookin k\u00e4ytt\u00f6 ohjausv\u00e4lineen\u00e4<\/span> <span class=\"meta-nav\">&rarr;<\/span><\/a><\/p>\n","protected":false},"author":163,"featured_media":0,"comment_status":"open","ping_status":"open","sticky":false,"template":"","format":"standard","meta":{"_uag_custom_page_level_css":"","footnotes":""},"categories":[4,26,1],"tags":[],"class_list":["post-303","post","type-post","status-publish","format-standard","hentry","category-facebook-ohjaus","category-kauppa","category-yleinen"],"yoast_head":"<!-- This site is optimized with the Yoast SEO plugin v27.5 - https:\/\/yoast.com\/product\/yoast-seo-wordpress\/ -->\n<title>Oots\u00e4 mun kaveri: Facebookin k\u00e4ytt\u00f6 ohjausv\u00e4lineen\u00e4 - Mobiilit ohjaajat<\/title>\n<meta name=\"robots\" content=\"index, follow, max-snippet:-1, max-image-preview:large, max-video-preview:-1\" \/>\n<link rel=\"canonical\" href=\"https:\/\/blogit.gradia.fi\/mobiilitohjaajat\/ootsa-mun-kaveri-facebookin-kaytto-ohjausvalineena\/\" \/>\n<meta property=\"og:locale\" content=\"fi_FI\" \/>\n<meta property=\"og:type\" content=\"article\" \/>\n<meta property=\"og:title\" content=\"Oots\u00e4 mun kaveri: Facebookin k\u00e4ytt\u00f6 ohjausv\u00e4lineen\u00e4 - Mobiilit ohjaajat\" \/>\n<meta property=\"og:description\" content=\"Oots\u00e4 mun kaveri? Leikits\u00e4 mun kaa? Pienen\u00e4 n\u00e4it\u00e4 kysymyksi\u00e4 oli jatkuvasti ja oli tarkkaa mit\u00e4 niihin vastasi. Toisen mielt\u00e4 kun ei saanut pahoittaa, mutta aina ei tehnyt mieli leikki\u00e4 kaikkien kanssa. T\u00e4m\u00e4 sama asia kohtaa nuoria ja aikuisia my\u00f6s nykyp\u00e4iv\u00e4n\u00e4 Facebookin vuoksi. Ket\u00e4 hyv\u00e4ksymme kaveriksi? Miten rajaamme kaverit? Olenko kaikkien kaveri? Poistanko kavereita &#8221;salaa&#8221;? Ryhmittelenk\u00f6 &hellip; Jatka lukemista Oots\u00e4 mun kaveri: Facebookin k\u00e4ytt\u00f6 ohjausv\u00e4lineen\u00e4 &rarr;\" \/>\n<meta property=\"og:url\" content=\"https:\/\/blogit.gradia.fi\/mobiilitohjaajat\/ootsa-mun-kaveri-facebookin-kaytto-ohjausvalineena\/\" \/>\n<meta property=\"og:site_name\" content=\"Mobiilit ohjaajat\" \/>\n<meta property=\"article:published_time\" content=\"2013-12-05T12:16:08+00:00\" \/>\n<meta property=\"article:modified_time\" content=\"2013-12-16T20:14:59+00:00\" \/>\n<meta property=\"og:image\" content=\"https:\/\/blogit.gradia.fi\/mobiilitohjaajat\/wp-content\/uploads\/sites\/18\/2013\/12\/image.jpg\" \/>\n<meta name=\"author\" content=\"Henna-Liisa Maljonen\" \/>\n<meta name=\"twitter:card\" content=\"summary_large_image\" \/>\n<meta name=\"twitter:label1\" content=\"Kirjoittanut\" \/>\n\t<meta name=\"twitter:data1\" content=\"Henna-Liisa Maljonen\" \/>\n\t<meta name=\"twitter:label2\" content=\"Arvioitu lukuaika\" \/>\n\t<meta name=\"twitter:data2\" content=\"3 minuuttia\" \/>\n<script type=\"application\/ld+json\" class=\"yoast-schema-graph\">{\"@context\":\"https:\\\/\\\/schema.org\",\"@graph\":[{\"@type\":\"Article\",\"@id\":\"https:\\\/\\\/blogit.gradia.fi\\\/mobiilitohjaajat\\\/ootsa-mun-kaveri-facebookin-kaytto-ohjausvalineena\\\/#article\",\"isPartOf\":{\"@id\":\"https:\\\/\\\/blogit.gradia.fi\\\/mobiilitohjaajat\\\/ootsa-mun-kaveri-facebookin-kaytto-ohjausvalineena\\\/\"},\"author\":{\"name\":\"Henna-Liisa Maljonen\",\"@id\":\"https:\\\/\\\/blogit.gradia.fi\\\/mobiilitohjaajat\\\/#\\\/schema\\\/person\\\/2af3d7f8b09506dacfb1224eef2c6478\"},\"headline\":\"Oots\u00e4 mun kaveri: Facebookin k\u00e4ytt\u00f6 ohjausv\u00e4lineen\u00e4\",\"datePublished\":\"2013-12-05T12:16:08+00:00\",\"dateModified\":\"2013-12-16T20:14:59+00:00\",\"mainEntityOfPage\":{\"@id\":\"https:\\\/\\\/blogit.gradia.fi\\\/mobiilitohjaajat\\\/ootsa-mun-kaveri-facebookin-kaytto-ohjausvalineena\\\/\"},\"wordCount\":534,\"commentCount\":0,\"image\":{\"@id\":\"https:\\\/\\\/blogit.gradia.fi\\\/mobiilitohjaajat\\\/ootsa-mun-kaveri-facebookin-kaytto-ohjausvalineena\\\/#primaryimage\"},\"thumbnailUrl\":\"https:\\\/\\\/blogit.gradia.fi\\\/mobiilitohjaajat\\\/wp-content\\\/uploads\\\/sites\\\/18\\\/2013\\\/12\\\/image.jpg\",\"articleSection\":[\"Facebook-ohjaus\",\"Kauppa ja palvelut\"],\"inLanguage\":\"fi\",\"potentialAction\":[{\"@type\":\"CommentAction\",\"name\":\"Comment\",\"target\":[\"https:\\\/\\\/blogit.gradia.fi\\\/mobiilitohjaajat\\\/ootsa-mun-kaveri-facebookin-kaytto-ohjausvalineena\\\/#respond\"]}]},{\"@type\":\"WebPage\",\"@id\":\"https:\\\/\\\/blogit.gradia.fi\\\/mobiilitohjaajat\\\/ootsa-mun-kaveri-facebookin-kaytto-ohjausvalineena\\\/\",\"url\":\"https:\\\/\\\/blogit.gradia.fi\\\/mobiilitohjaajat\\\/ootsa-mun-kaveri-facebookin-kaytto-ohjausvalineena\\\/\",\"name\":\"Oots\u00e4 mun kaveri: Facebookin k\u00e4ytt\u00f6 ohjausv\u00e4lineen\u00e4 - Mobiilit ohjaajat\",\"isPartOf\":{\"@id\":\"https:\\\/\\\/blogit.gradia.fi\\\/mobiilitohjaajat\\\/#website\"},\"primaryImageOfPage\":{\"@id\":\"https:\\\/\\\/blogit.gradia.fi\\\/mobiilitohjaajat\\\/ootsa-mun-kaveri-facebookin-kaytto-ohjausvalineena\\\/#primaryimage\"},\"image\":{\"@id\":\"https:\\\/\\\/blogit.gradia.fi\\\/mobiilitohjaajat\\\/ootsa-mun-kaveri-facebookin-kaytto-ohjausvalineena\\\/#primaryimage\"},\"thumbnailUrl\":\"https:\\\/\\\/blogit.gradia.fi\\\/mobiilitohjaajat\\\/wp-content\\\/uploads\\\/sites\\\/18\\\/2013\\\/12\\\/image.jpg\",\"datePublished\":\"2013-12-05T12:16:08+00:00\",\"dateModified\":\"2013-12-16T20:14:59+00:00\",\"author\":{\"@id\":\"https:\\\/\\\/blogit.gradia.fi\\\/mobiilitohjaajat\\\/#\\\/schema\\\/person\\\/2af3d7f8b09506dacfb1224eef2c6478\"},\"inLanguage\":\"fi\",\"potentialAction\":[{\"@type\":\"ReadAction\",\"target\":[\"https:\\\/\\\/blogit.gradia.fi\\\/mobiilitohjaajat\\\/ootsa-mun-kaveri-facebookin-kaytto-ohjausvalineena\\\/\"]}]},{\"@type\":\"ImageObject\",\"inLanguage\":\"fi\",\"@id\":\"https:\\\/\\\/blogit.gradia.fi\\\/mobiilitohjaajat\\\/ootsa-mun-kaveri-facebookin-kaytto-ohjausvalineena\\\/#primaryimage\",\"url\":\"https:\\\/\\\/blogit.gradia.fi\\\/mobiilitohjaajat\\\/wp-content\\\/uploads\\\/sites\\\/18\\\/2013\\\/12\\\/image.jpg\",\"contentUrl\":\"https:\\\/\\\/blogit.gradia.fi\\\/mobiilitohjaajat\\\/wp-content\\\/uploads\\\/sites\\\/18\\\/2013\\\/12\\\/image.jpg\",\"width\":752,\"height\":420},{\"@type\":\"WebSite\",\"@id\":\"https:\\\/\\\/blogit.gradia.fi\\\/mobiilitohjaajat\\\/#website\",\"url\":\"https:\\\/\\\/blogit.gradia.fi\\\/mobiilitohjaajat\\\/\",\"name\":\"Mobiilit ohjaajat\",\"description\":\"Opetushallituksen rahoittaman Mobiilit ohjaajat -hankkeen sivusto\",\"potentialAction\":[{\"@type\":\"SearchAction\",\"target\":{\"@type\":\"EntryPoint\",\"urlTemplate\":\"https:\\\/\\\/blogit.gradia.fi\\\/mobiilitohjaajat\\\/?s={search_term_string}\"},\"query-input\":{\"@type\":\"PropertyValueSpecification\",\"valueRequired\":true,\"valueName\":\"search_term_string\"}}],\"inLanguage\":\"fi\"},{\"@type\":\"Person\",\"@id\":\"https:\\\/\\\/blogit.gradia.fi\\\/mobiilitohjaajat\\\/#\\\/schema\\\/person\\\/2af3d7f8b09506dacfb1224eef2c6478\",\"name\":\"Henna-Liisa Maljonen\",\"image\":{\"@type\":\"ImageObject\",\"inLanguage\":\"fi\",\"@id\":\"https:\\\/\\\/secure.gravatar.com\\\/avatar\\\/9edabe42a88cf1825dcf2bb1038b105de35ff17a6f576fade817dacd8643f030?s=96&d=mm&r=g\",\"url\":\"https:\\\/\\\/secure.gravatar.com\\\/avatar\\\/9edabe42a88cf1825dcf2bb1038b105de35ff17a6f576fade817dacd8643f030?s=96&d=mm&r=g\",\"contentUrl\":\"https:\\\/\\\/secure.gravatar.com\\\/avatar\\\/9edabe42a88cf1825dcf2bb1038b105de35ff17a6f576fade817dacd8643f030?s=96&d=mm&r=g\",\"caption\":\"Henna-Liisa Maljonen\"},\"url\":\"https:\\\/\\\/blogit.gradia.fi\\\/mobiilitohjaajat\\\/author\\\/maljohen\\\/\"}]}<\/script>\n<!-- \/ Yoast SEO plugin. -->","yoast_head_json":{"title":"Oots\u00e4 mun kaveri: Facebookin k\u00e4ytt\u00f6 ohjausv\u00e4lineen\u00e4 - Mobiilit ohjaajat","robots":{"index":"index","follow":"follow","max-snippet":"max-snippet:-1","max-image-preview":"max-image-preview:large","max-video-preview":"max-video-preview:-1"},"canonical":"https:\/\/blogit.gradia.fi\/mobiilitohjaajat\/ootsa-mun-kaveri-facebookin-kaytto-ohjausvalineena\/","og_locale":"fi_FI","og_type":"article","og_title":"Oots\u00e4 mun kaveri: Facebookin k\u00e4ytt\u00f6 ohjausv\u00e4lineen\u00e4 - Mobiilit ohjaajat","og_description":"Oots\u00e4 mun kaveri? Leikits\u00e4 mun kaa? Pienen\u00e4 n\u00e4it\u00e4 kysymyksi\u00e4 oli jatkuvasti ja oli tarkkaa mit\u00e4 niihin vastasi. Toisen mielt\u00e4 kun ei saanut pahoittaa, mutta aina ei tehnyt mieli leikki\u00e4 kaikkien kanssa. T\u00e4m\u00e4 sama asia kohtaa nuoria ja aikuisia my\u00f6s nykyp\u00e4iv\u00e4n\u00e4 Facebookin vuoksi. Ket\u00e4 hyv\u00e4ksymme kaveriksi? Miten rajaamme kaverit? Olenko kaikkien kaveri? Poistanko kavereita &#8221;salaa&#8221;? Ryhmittelenk\u00f6 &hellip; Jatka lukemista Oots\u00e4 mun kaveri: Facebookin k\u00e4ytt\u00f6 ohjausv\u00e4lineen\u00e4 &rarr;","og_url":"https:\/\/blogit.gradia.fi\/mobiilitohjaajat\/ootsa-mun-kaveri-facebookin-kaytto-ohjausvalineena\/","og_site_name":"Mobiilit ohjaajat","article_published_time":"2013-12-05T12:16:08+00:00","article_modified_time":"2013-12-16T20:14:59+00:00","og_image":[{"url":"https:\/\/blogit.gradia.fi\/mobiilitohjaajat\/wp-content\/uploads\/sites\/18\/2013\/12\/image.jpg","type":"","width":"","height":""}],"author":"Henna-Liisa Maljonen","twitter_card":"summary_large_image","twitter_misc":{"Kirjoittanut":"Henna-Liisa Maljonen","Arvioitu lukuaika":"3 minuuttia"},"schema":{"@context":"https:\/\/schema.org","@graph":[{"@type":"Article","@id":"https:\/\/blogit.gradia.fi\/mobiilitohjaajat\/ootsa-mun-kaveri-facebookin-kaytto-ohjausvalineena\/#article","isPartOf":{"@id":"https:\/\/blogit.gradia.fi\/mobiilitohjaajat\/ootsa-mun-kaveri-facebookin-kaytto-ohjausvalineena\/"},"author":{"name":"Henna-Liisa Maljonen","@id":"https:\/\/blogit.gradia.fi\/mobiilitohjaajat\/#\/schema\/person\/2af3d7f8b09506dacfb1224eef2c6478"},"headline":"Oots\u00e4 mun kaveri: Facebookin k\u00e4ytt\u00f6 ohjausv\u00e4lineen\u00e4","datePublished":"2013-12-05T12:16:08+00:00","dateModified":"2013-12-16T20:14:59+00:00","mainEntityOfPage":{"@id":"https:\/\/blogit.gradia.fi\/mobiilitohjaajat\/ootsa-mun-kaveri-facebookin-kaytto-ohjausvalineena\/"},"wordCount":534,"commentCount":0,"image":{"@id":"https:\/\/blogit.gradia.fi\/mobiilitohjaajat\/ootsa-mun-kaveri-facebookin-kaytto-ohjausvalineena\/#primaryimage"},"thumbnailUrl":"https:\/\/blogit.gradia.fi\/mobiilitohjaajat\/wp-content\/uploads\/sites\/18\/2013\/12\/image.jpg","articleSection":["Facebook-ohjaus","Kauppa ja palvelut"],"inLanguage":"fi","potentialAction":[{"@type":"CommentAction","name":"Comment","target":["https:\/\/blogit.gradia.fi\/mobiilitohjaajat\/ootsa-mun-kaveri-facebookin-kaytto-ohjausvalineena\/#respond"]}]},{"@type":"WebPage","@id":"https:\/\/blogit.gradia.fi\/mobiilitohjaajat\/ootsa-mun-kaveri-facebookin-kaytto-ohjausvalineena\/","url":"https:\/\/blogit.gradia.fi\/mobiilitohjaajat\/ootsa-mun-kaveri-facebookin-kaytto-ohjausvalineena\/","name":"Oots\u00e4 mun kaveri: Facebookin k\u00e4ytt\u00f6 ohjausv\u00e4lineen\u00e4 - Mobiilit ohjaajat","isPartOf":{"@id":"https:\/\/blogit.gradia.fi\/mobiilitohjaajat\/#website"},"primaryImageOfPage":{"@id":"https:\/\/blogit.gradia.fi\/mobiilitohjaajat\/ootsa-mun-kaveri-facebookin-kaytto-ohjausvalineena\/#primaryimage"},"image":{"@id":"https:\/\/blogit.gradia.fi\/mobiilitohjaajat\/ootsa-mun-kaveri-facebookin-kaytto-ohjausvalineena\/#primaryimage"},"thumbnailUrl":"https:\/\/blogit.gradia.fi\/mobiilitohjaajat\/wp-content\/uploads\/sites\/18\/2013\/12\/image.jpg","datePublished":"2013-12-05T12:16:08+00:00","dateModified":"2013-12-16T20:14:59+00:00","author":{"@id":"https:\/\/blogit.gradia.fi\/mobiilitohjaajat\/#\/schema\/person\/2af3d7f8b09506dacfb1224eef2c6478"},"inLanguage":"fi","potentialAction":[{"@type":"ReadAction","target":["https:\/\/blogit.gradia.fi\/mobiilitohjaajat\/ootsa-mun-kaveri-facebookin-kaytto-ohjausvalineena\/"]}]},{"@type":"ImageObject","inLanguage":"fi","@id":"https:\/\/blogit.gradia.fi\/mobiilitohjaajat\/ootsa-mun-kaveri-facebookin-kaytto-ohjausvalineena\/#primaryimage","url":"https:\/\/blogit.gradia.fi\/mobiilitohjaajat\/wp-content\/uploads\/sites\/18\/2013\/12\/image.jpg","contentUrl":"https:\/\/blogit.gradia.fi\/mobiilitohjaajat\/wp-content\/uploads\/sites\/18\/2013\/12\/image.jpg","width":752,"height":420},{"@type":"WebSite","@id":"https:\/\/blogit.gradia.fi\/mobiilitohjaajat\/#website","url":"https:\/\/blogit.gradia.fi\/mobiilitohjaajat\/","name":"Mobiilit ohjaajat","description":"Opetushallituksen rahoittaman Mobiilit ohjaajat -hankkeen sivusto","potentialAction":[{"@type":"SearchAction","target":{"@type":"EntryPoint","urlTemplate":"https:\/\/blogit.gradia.fi\/mobiilitohjaajat\/?s={search_term_string}"},"query-input":{"@type":"PropertyValueSpecification","valueRequired":true,"valueName":"search_term_string"}}],"inLanguage":"fi"},{"@type":"Person","@id":"https:\/\/blogit.gradia.fi\/mobiilitohjaajat\/#\/schema\/person\/2af3d7f8b09506dacfb1224eef2c6478","name":"Henna-Liisa Maljonen","image":{"@type":"ImageObject","inLanguage":"fi","@id":"https:\/\/secure.gravatar.com\/avatar\/9edabe42a88cf1825dcf2bb1038b105de35ff17a6f576fade817dacd8643f030?s=96&d=mm&r=g","url":"https:\/\/secure.gravatar.com\/avatar\/9edabe42a88cf1825dcf2bb1038b105de35ff17a6f576fade817dacd8643f030?s=96&d=mm&r=g","contentUrl":"https:\/\/secure.gravatar.com\/avatar\/9edabe42a88cf1825dcf2bb1038b105de35ff17a6f576fade817dacd8643f030?s=96&d=mm&r=g","caption":"Henna-Liisa Maljonen"},"url":"https:\/\/blogit.gradia.fi\/mobiilitohjaajat\/author\/maljohen\/"}]}},"uagb_featured_image_src":{"full":false,"thumbnail":false,"medium":false,"medium_large":false,"large":false,"1536x1536":false,"2048x2048":false,"post-thumbnail":false},"uagb_author_info":{"display_name":"Henna-Liisa Maljonen","author_link":"https:\/\/blogit.gradia.fi\/mobiilitohjaajat\/author\/maljohen\/"},"uagb_comment_info":0,"uagb_excerpt":"Oots\u00e4 mun kaveri? Leikits\u00e4 mun kaa? Pienen\u00e4 n\u00e4it\u00e4 kysymyksi\u00e4 oli jatkuvasti ja oli tarkkaa mit\u00e4 niihin vastasi. Toisen mielt\u00e4 kun ei saanut pahoittaa, mutta aina ei tehnyt mieli leikki\u00e4 kaikkien kanssa. T\u00e4m\u00e4 sama asia kohtaa nuoria ja aikuisia my\u00f6s nykyp\u00e4iv\u00e4n\u00e4 Facebookin vuoksi. Ket\u00e4 hyv\u00e4ksymme kaveriksi? Miten rajaamme kaverit? Olenko kaikkien kaveri? Poistanko kavereita &#8221;salaa&#8221;? Ryhmittelenk\u00f6&hellip;","_links":{"self":[{"href":"https:\/\/blogit.gradia.fi\/mobiilitohjaajat\/wp-json\/wp\/v2\/posts\/303","targetHints":{"allow":["GET"]}}],"collection":[{"href":"https:\/\/blogit.gradia.fi\/mobiilitohjaajat\/wp-json\/wp\/v2\/posts"}],"about":[{"href":"https:\/\/blogit.gradia.fi\/mobiilitohjaajat\/wp-json\/wp\/v2\/types\/post"}],"author":[{"embeddable":true,"href":"https:\/\/blogit.gradia.fi\/mobiilitohjaajat\/wp-json\/wp\/v2\/users\/163"}],"replies":[{"embeddable":true,"href":"https:\/\/blogit.gradia.fi\/mobiilitohjaajat\/wp-json\/wp\/v2\/comments?post=303"}],"version-history":[{"count":0,"href":"https:\/\/blogit.gradia.fi\/mobiilitohjaajat\/wp-json\/wp\/v2\/posts\/303\/revisions"}],"wp:attachment":[{"href":"https:\/\/blogit.gradia.fi\/mobiilitohjaajat\/wp-json\/wp\/v2\/media?parent=303"}],"wp:term":[{"taxonomy":"category","embeddable":true,"href":"https:\/\/blogit.gradia.fi\/mobiilitohjaajat\/wp-json\/wp\/v2\/categories?post=303"},{"taxonomy":"post_tag","embeddable":true,"href":"https:\/\/blogit.gradia.fi\/mobiilitohjaajat\/wp-json\/wp\/v2\/tags?post=303"}],"curies":[{"name":"wp","href":"https:\/\/api.w.org\/{rel}","templated":true}]}}