{"id":298,"date":"2013-12-04T06:37:54","date_gmt":"2013-12-04T04:37:54","guid":{"rendered":"https:\/\/blogit.gradia.fi\/mobiilitohjaajat\/?p=298"},"modified":"2013-12-04T06:40:50","modified_gmt":"2013-12-04T04:40:50","slug":"virtuaaliopetuksen-paiven-antia-2-3-12-2013","status":"publish","type":"post","link":"https:\/\/blogit.gradia.fi\/mobiilitohjaajat\/virtuaaliopetuksen-paiven-antia-2-3-12-2013\/","title":{"rendered":"Virtuaaliopetuksen p\u00e4iven antia 2-3.12.2013"},"content":{"rendered":"<p><span style=\"color: #000000;font-family: Calibri;font-size: medium\">\u00a0<\/span><\/p>\n<p><span style=\"color: #000000;font-family: Calibri;font-size: medium\">K\u00e4vimme Valtakunnallisilla Virtuaaliopetuksen p\u00e4ivill\u00e4 katsastamassa tarjonnan. Paljoa ei uutta asiaa tullut, mutta vanhan vahvistusta sit\u00e4kin enemm\u00e4n. T\u00e4rkeint\u00e4 taisi kuitenkin olla se asioista puhuminen ja suunnitteleminen. Hankkeen kannalta t\u00e4m\u00e4 oli hyv\u00e4 reissu, sill\u00e4 kerrankin tuntui olevan aikaa puhua\u2026<\/span><\/p>\n<p><span style=\"color: #000000;font-family: Calibri;font-size: medium\">\u00a0<\/span><\/p>\n<p><span style=\"color: #000000;font-family: Calibri;font-size: medium\">Osallistuimme eri seminaareihin molempina p\u00e4ivin\u00e4. T\u00e4st\u00e4 piti tehd\u00e4 yhteispostaus kaikkien siell\u00e4 olleiden kesken, mutta emmep\u00e4 olleetkaan samassa junassa matkalla takaisin ja Windows -tablettikin heitti koko ajan pois netist\u00e4. T\u00e4m\u00e4 on nyt sitten vain Heini &amp; Henniksen n\u00e4k\u00f6kulmasta. Lis\u00e4tk\u00e4\u00e4 muut vaikka kommentti -kentt\u00e4\u00e4n mielipiteenne, jos ette postausta jaksa kirjoittaa. Olisi kiva kuulla muidenkin mietteit\u00e4!<\/span><\/p>\n<p>&nbsp;<\/p>\n<p>Heini k\u00e4vi katselemassa sosiaalisen median k\u00e4yt\u00f6st\u00e4 ja kuuntelemassa Sairasen Jarkon esityst\u00e4 sosiaalisen median ja flipped classroomin hy\u00f6dynt\u00e4misest\u00e4 opetuksesta. K\u00e4sitys vahvistui siit\u00e4, ett\u00e4 oikeilla j\u00e4ljill\u00e4 ollaan omissa touhuissamme. Pintakillan ihmisi\u00e4 tuli taas tavattua ja t\u00e4ll\u00e4 kertaa sovimme yhteisest\u00e4 AC-palaverista liittyen heid\u00e4n toimintatapoihinsa, josko sielt\u00e4 saisi lis\u00e4neuvoja oman projektin eteenp\u00e4in viemiseen<\/p>\n<p>&nbsp;<\/p>\n<p><span style=\"color: #000000;font-family: Calibri;font-size: medium\">\u00a0Hennis innoistui j\u00e4lleen pelillisyydest\u00e4 oppimisessa. Aikomukseksi tuli kev\u00e4\u00e4ll\u00e4 testata ainakin Visuaalisen myyntity\u00f6n ja tuote-esittelyn kurssin puitteissa Second Lifea ett\u00e4 pelin luomisohjelma Scratchia. Ja tietysti oman ajan puitteissa testailla n\u00e4it\u00e4 v\u00e4h\u00e4n muutoinkin. Uusi hanke-aihiokin l\u00e4hti Sirpan kanssa it\u00e4m\u00e4\u00e4n aivoissa. T\u00e4m\u00e4 oli se suurin asia, joka j\u00e4i Henniksen taskuun muhimaan. <\/span><\/p>\n<p><span style=\"color: #000000;font-family: Calibri;font-size: medium\">\u00a0<\/span><\/p>\n<p><span style=\"color: #000000;font-family: Calibri;font-size: medium\">Huomasimme, ett\u00e4 oma mallimme toimii ja saimme vahvistusta siihen, ett\u00e4 olemme oikealla polulla ja tekem\u00e4mme kokeilut ovat toimineet muuallakin. Kehitt\u00e4mist\u00e4 meill\u00e4 kuitenkin viel\u00e4 on \u2013 l\u00e4hinn\u00e4 haluaisimme saada itsellemme paremman \u201drungon\u201d seuraavan vuoden opiskelijoita varten. Hyvi\u00e4 keskusteluja sek\u00e4 oman mallimme ett\u00e4 yleisten asioiden puitteissa k\u00e4vimme monien eri tahojen kanssa. <\/span><\/p>\n<p><span style=\"color: #000000;font-family: Calibri;font-size: medium\">\u00a0 <\/span><\/p>\n<p>Samalla kokeilin Windows -tabletin toimivuutta, kun sen vidoin olin k\u00e4siini saanut. Jostain syyst\u00e4 netin kanssa on viel\u00e4 paljon ongelmia, mutta kuvata t\u00e4ll\u00e4 ainakin pystyy:<\/p>\n<p>&nbsp;<\/p>\n<p><a href=\"https:\/\/blogit.gradia.fi\/mobiilitohjaajat\/wp-content\/uploads\/sites\/18\/2013\/12\/WIN_20131202_135413.jpg\"><img loading=\"lazy\" decoding=\"async\" alt=\"WIN_20131202_135413\" src=\"https:\/\/blogit.gradia.fi\/mobiilitohjaajat\/wp-content\/uploads\/sites\/18\/2013\/12\/WIN_20131202_135413.jpg\" width=\"1920\" height=\"1080\" \/><\/a><\/p>\n<p>&nbsp;<\/p>\n<p><span style=\"color: #000000;font-family: Calibri;font-size: medium\">\u00a0<\/span><\/p>\n","protected":false},"excerpt":{"rendered":"<p>\u00a0 K\u00e4vimme Valtakunnallisilla Virtuaaliopetuksen p\u00e4ivill\u00e4 katsastamassa tarjonnan. Paljoa ei uutta asiaa tullut, mutta vanhan vahvistusta sit\u00e4kin enemm\u00e4n. T\u00e4rkeint\u00e4 taisi kuitenkin olla se asioista puhuminen ja suunnitteleminen. Hankkeen kannalta t\u00e4m\u00e4 oli hyv\u00e4 reissu, sill\u00e4 kerrankin tuntui olevan aikaa puhua\u2026 \u00a0 Osallistuimme eri seminaareihin molempina p\u00e4ivin\u00e4. T\u00e4st\u00e4 piti tehd\u00e4 yhteispostaus kaikkien siell\u00e4 olleiden kesken, mutta emmep\u00e4 olleetkaan &hellip; <a href=\"https:\/\/blogit.gradia.fi\/mobiilitohjaajat\/virtuaaliopetuksen-paiven-antia-2-3-12-2013\/\" class=\"more-link\">Jatka lukemista <span class=\"screen-reader-text\">Virtuaaliopetuksen p\u00e4iven antia 2-3.12.2013<\/span> <span class=\"meta-nav\">&rarr;<\/span><\/a><\/p>\n","protected":false},"author":163,"featured_media":0,"comment_status":"open","ping_status":"open","sticky":false,"template":"","format":"standard","meta":{"_uag_custom_page_level_css":"","footnotes":""},"categories":[26,44,1],"tags":[],"class_list":["post-298","post","type-post","status-publish","format-standard","hentry","category-kauppa","category-win8tabletti","category-yleinen"],"yoast_head":"<!-- This site is optimized with the Yoast SEO plugin v27.5 - https:\/\/yoast.com\/product\/yoast-seo-wordpress\/ -->\n<title>Virtuaaliopetuksen p\u00e4iven antia 2-3.12.2013 - Mobiilit ohjaajat<\/title>\n<meta name=\"robots\" content=\"index, follow, max-snippet:-1, max-image-preview:large, max-video-preview:-1\" \/>\n<link rel=\"canonical\" href=\"https:\/\/blogit.gradia.fi\/mobiilitohjaajat\/virtuaaliopetuksen-paiven-antia-2-3-12-2013\/\" \/>\n<meta property=\"og:locale\" content=\"fi_FI\" \/>\n<meta property=\"og:type\" content=\"article\" \/>\n<meta property=\"og:title\" content=\"Virtuaaliopetuksen p\u00e4iven antia 2-3.12.2013 - Mobiilit ohjaajat\" \/>\n<meta property=\"og:description\" content=\"\u00a0 K\u00e4vimme Valtakunnallisilla Virtuaaliopetuksen p\u00e4ivill\u00e4 katsastamassa tarjonnan. Paljoa ei uutta asiaa tullut, mutta vanhan vahvistusta sit\u00e4kin enemm\u00e4n. T\u00e4rkeint\u00e4 taisi kuitenkin olla se asioista puhuminen ja suunnitteleminen. Hankkeen kannalta t\u00e4m\u00e4 oli hyv\u00e4 reissu, sill\u00e4 kerrankin tuntui olevan aikaa puhua\u2026 \u00a0 Osallistuimme eri seminaareihin molempina p\u00e4ivin\u00e4. T\u00e4st\u00e4 piti tehd\u00e4 yhteispostaus kaikkien siell\u00e4 olleiden kesken, mutta emmep\u00e4 olleetkaan &hellip; Jatka lukemista Virtuaaliopetuksen p\u00e4iven antia 2-3.12.2013 &rarr;\" \/>\n<meta property=\"og:url\" content=\"https:\/\/blogit.gradia.fi\/mobiilitohjaajat\/virtuaaliopetuksen-paiven-antia-2-3-12-2013\/\" \/>\n<meta property=\"og:site_name\" content=\"Mobiilit ohjaajat\" \/>\n<meta property=\"article:published_time\" content=\"2013-12-04T04:37:54+00:00\" \/>\n<meta property=\"article:modified_time\" content=\"2013-12-04T04:40:50+00:00\" \/>\n<meta property=\"og:image\" content=\"https:\/\/blogit.gradia.fi\/mobiilitohjaajat\/wp-content\/uploads\/sites\/18\/2013\/12\/WIN_20131202_135413.jpg\" \/>\n<meta name=\"author\" content=\"Henna-Liisa Maljonen\" \/>\n<meta name=\"twitter:card\" content=\"summary_large_image\" \/>\n<meta name=\"twitter:label1\" content=\"Kirjoittanut\" \/>\n\t<meta name=\"twitter:data1\" content=\"Henna-Liisa Maljonen\" \/>\n\t<meta name=\"twitter:label2\" content=\"Arvioitu lukuaika\" \/>\n\t<meta name=\"twitter:data2\" content=\"2 minuuttia\" \/>\n<script type=\"application\/ld+json\" class=\"yoast-schema-graph\">{\"@context\":\"https:\\\/\\\/schema.org\",\"@graph\":[{\"@type\":\"Article\",\"@id\":\"https:\\\/\\\/blogit.gradia.fi\\\/mobiilitohjaajat\\\/virtuaaliopetuksen-paiven-antia-2-3-12-2013\\\/#article\",\"isPartOf\":{\"@id\":\"https:\\\/\\\/blogit.gradia.fi\\\/mobiilitohjaajat\\\/virtuaaliopetuksen-paiven-antia-2-3-12-2013\\\/\"},\"author\":{\"name\":\"Henna-Liisa Maljonen\",\"@id\":\"https:\\\/\\\/blogit.gradia.fi\\\/mobiilitohjaajat\\\/#\\\/schema\\\/person\\\/2af3d7f8b09506dacfb1224eef2c6478\"},\"headline\":\"Virtuaaliopetuksen p\u00e4iven antia 2-3.12.2013\",\"datePublished\":\"2013-12-04T04:37:54+00:00\",\"dateModified\":\"2013-12-04T04:40:50+00:00\",\"mainEntityOfPage\":{\"@id\":\"https:\\\/\\\/blogit.gradia.fi\\\/mobiilitohjaajat\\\/virtuaaliopetuksen-paiven-antia-2-3-12-2013\\\/\"},\"wordCount\":309,\"commentCount\":0,\"image\":{\"@id\":\"https:\\\/\\\/blogit.gradia.fi\\\/mobiilitohjaajat\\\/virtuaaliopetuksen-paiven-antia-2-3-12-2013\\\/#primaryimage\"},\"thumbnailUrl\":\"https:\\\/\\\/blogit.gradia.fi\\\/mobiilitohjaajat\\\/wp-content\\\/uploads\\\/sites\\\/18\\\/2013\\\/12\\\/WIN_20131202_135413.jpg\",\"articleSection\":[\"Kauppa ja palvelut\",\"Win 8 tabletti\"],\"inLanguage\":\"fi\",\"potentialAction\":[{\"@type\":\"CommentAction\",\"name\":\"Comment\",\"target\":[\"https:\\\/\\\/blogit.gradia.fi\\\/mobiilitohjaajat\\\/virtuaaliopetuksen-paiven-antia-2-3-12-2013\\\/#respond\"]}]},{\"@type\":\"WebPage\",\"@id\":\"https:\\\/\\\/blogit.gradia.fi\\\/mobiilitohjaajat\\\/virtuaaliopetuksen-paiven-antia-2-3-12-2013\\\/\",\"url\":\"https:\\\/\\\/blogit.gradia.fi\\\/mobiilitohjaajat\\\/virtuaaliopetuksen-paiven-antia-2-3-12-2013\\\/\",\"name\":\"Virtuaaliopetuksen p\u00e4iven antia 2-3.12.2013 - Mobiilit ohjaajat\",\"isPartOf\":{\"@id\":\"https:\\\/\\\/blogit.gradia.fi\\\/mobiilitohjaajat\\\/#website\"},\"primaryImageOfPage\":{\"@id\":\"https:\\\/\\\/blogit.gradia.fi\\\/mobiilitohjaajat\\\/virtuaaliopetuksen-paiven-antia-2-3-12-2013\\\/#primaryimage\"},\"image\":{\"@id\":\"https:\\\/\\\/blogit.gradia.fi\\\/mobiilitohjaajat\\\/virtuaaliopetuksen-paiven-antia-2-3-12-2013\\\/#primaryimage\"},\"thumbnailUrl\":\"https:\\\/\\\/blogit.gradia.fi\\\/mobiilitohjaajat\\\/wp-content\\\/uploads\\\/sites\\\/18\\\/2013\\\/12\\\/WIN_20131202_135413.jpg\",\"datePublished\":\"2013-12-04T04:37:54+00:00\",\"dateModified\":\"2013-12-04T04:40:50+00:00\",\"author\":{\"@id\":\"https:\\\/\\\/blogit.gradia.fi\\\/mobiilitohjaajat\\\/#\\\/schema\\\/person\\\/2af3d7f8b09506dacfb1224eef2c6478\"},\"inLanguage\":\"fi\",\"potentialAction\":[{\"@type\":\"ReadAction\",\"target\":[\"https:\\\/\\\/blogit.gradia.fi\\\/mobiilitohjaajat\\\/virtuaaliopetuksen-paiven-antia-2-3-12-2013\\\/\"]}]},{\"@type\":\"ImageObject\",\"inLanguage\":\"fi\",\"@id\":\"https:\\\/\\\/blogit.gradia.fi\\\/mobiilitohjaajat\\\/virtuaaliopetuksen-paiven-antia-2-3-12-2013\\\/#primaryimage\",\"url\":\"https:\\\/\\\/blogit.gradia.fi\\\/mobiilitohjaajat\\\/wp-content\\\/uploads\\\/sites\\\/18\\\/2013\\\/12\\\/WIN_20131202_135413.jpg\",\"contentUrl\":\"https:\\\/\\\/blogit.gradia.fi\\\/mobiilitohjaajat\\\/wp-content\\\/uploads\\\/sites\\\/18\\\/2013\\\/12\\\/WIN_20131202_135413.jpg\",\"width\":1920,\"height\":1080},{\"@type\":\"WebSite\",\"@id\":\"https:\\\/\\\/blogit.gradia.fi\\\/mobiilitohjaajat\\\/#website\",\"url\":\"https:\\\/\\\/blogit.gradia.fi\\\/mobiilitohjaajat\\\/\",\"name\":\"Mobiilit ohjaajat\",\"description\":\"Opetushallituksen rahoittaman Mobiilit ohjaajat -hankkeen sivusto\",\"potentialAction\":[{\"@type\":\"SearchAction\",\"target\":{\"@type\":\"EntryPoint\",\"urlTemplate\":\"https:\\\/\\\/blogit.gradia.fi\\\/mobiilitohjaajat\\\/?s={search_term_string}\"},\"query-input\":{\"@type\":\"PropertyValueSpecification\",\"valueRequired\":true,\"valueName\":\"search_term_string\"}}],\"inLanguage\":\"fi\"},{\"@type\":\"Person\",\"@id\":\"https:\\\/\\\/blogit.gradia.fi\\\/mobiilitohjaajat\\\/#\\\/schema\\\/person\\\/2af3d7f8b09506dacfb1224eef2c6478\",\"name\":\"Henna-Liisa Maljonen\",\"image\":{\"@type\":\"ImageObject\",\"inLanguage\":\"fi\",\"@id\":\"https:\\\/\\\/secure.gravatar.com\\\/avatar\\\/9edabe42a88cf1825dcf2bb1038b105de35ff17a6f576fade817dacd8643f030?s=96&d=mm&r=g\",\"url\":\"https:\\\/\\\/secure.gravatar.com\\\/avatar\\\/9edabe42a88cf1825dcf2bb1038b105de35ff17a6f576fade817dacd8643f030?s=96&d=mm&r=g\",\"contentUrl\":\"https:\\\/\\\/secure.gravatar.com\\\/avatar\\\/9edabe42a88cf1825dcf2bb1038b105de35ff17a6f576fade817dacd8643f030?s=96&d=mm&r=g\",\"caption\":\"Henna-Liisa Maljonen\"},\"url\":\"https:\\\/\\\/blogit.gradia.fi\\\/mobiilitohjaajat\\\/author\\\/maljohen\\\/\"}]}<\/script>\n<!-- \/ Yoast SEO plugin. -->","yoast_head_json":{"title":"Virtuaaliopetuksen p\u00e4iven antia 2-3.12.2013 - Mobiilit ohjaajat","robots":{"index":"index","follow":"follow","max-snippet":"max-snippet:-1","max-image-preview":"max-image-preview:large","max-video-preview":"max-video-preview:-1"},"canonical":"https:\/\/blogit.gradia.fi\/mobiilitohjaajat\/virtuaaliopetuksen-paiven-antia-2-3-12-2013\/","og_locale":"fi_FI","og_type":"article","og_title":"Virtuaaliopetuksen p\u00e4iven antia 2-3.12.2013 - Mobiilit ohjaajat","og_description":"\u00a0 K\u00e4vimme Valtakunnallisilla Virtuaaliopetuksen p\u00e4ivill\u00e4 katsastamassa tarjonnan. Paljoa ei uutta asiaa tullut, mutta vanhan vahvistusta sit\u00e4kin enemm\u00e4n. T\u00e4rkeint\u00e4 taisi kuitenkin olla se asioista puhuminen ja suunnitteleminen. Hankkeen kannalta t\u00e4m\u00e4 oli hyv\u00e4 reissu, sill\u00e4 kerrankin tuntui olevan aikaa puhua\u2026 \u00a0 Osallistuimme eri seminaareihin molempina p\u00e4ivin\u00e4. T\u00e4st\u00e4 piti tehd\u00e4 yhteispostaus kaikkien siell\u00e4 olleiden kesken, mutta emmep\u00e4 olleetkaan &hellip; Jatka lukemista Virtuaaliopetuksen p\u00e4iven antia 2-3.12.2013 &rarr;","og_url":"https:\/\/blogit.gradia.fi\/mobiilitohjaajat\/virtuaaliopetuksen-paiven-antia-2-3-12-2013\/","og_site_name":"Mobiilit ohjaajat","article_published_time":"2013-12-04T04:37:54+00:00","article_modified_time":"2013-12-04T04:40:50+00:00","og_image":[{"url":"https:\/\/blogit.gradia.fi\/mobiilitohjaajat\/wp-content\/uploads\/sites\/18\/2013\/12\/WIN_20131202_135413.jpg","type":"","width":"","height":""}],"author":"Henna-Liisa Maljonen","twitter_card":"summary_large_image","twitter_misc":{"Kirjoittanut":"Henna-Liisa Maljonen","Arvioitu lukuaika":"2 minuuttia"},"schema":{"@context":"https:\/\/schema.org","@graph":[{"@type":"Article","@id":"https:\/\/blogit.gradia.fi\/mobiilitohjaajat\/virtuaaliopetuksen-paiven-antia-2-3-12-2013\/#article","isPartOf":{"@id":"https:\/\/blogit.gradia.fi\/mobiilitohjaajat\/virtuaaliopetuksen-paiven-antia-2-3-12-2013\/"},"author":{"name":"Henna-Liisa Maljonen","@id":"https:\/\/blogit.gradia.fi\/mobiilitohjaajat\/#\/schema\/person\/2af3d7f8b09506dacfb1224eef2c6478"},"headline":"Virtuaaliopetuksen p\u00e4iven antia 2-3.12.2013","datePublished":"2013-12-04T04:37:54+00:00","dateModified":"2013-12-04T04:40:50+00:00","mainEntityOfPage":{"@id":"https:\/\/blogit.gradia.fi\/mobiilitohjaajat\/virtuaaliopetuksen-paiven-antia-2-3-12-2013\/"},"wordCount":309,"commentCount":0,"image":{"@id":"https:\/\/blogit.gradia.fi\/mobiilitohjaajat\/virtuaaliopetuksen-paiven-antia-2-3-12-2013\/#primaryimage"},"thumbnailUrl":"https:\/\/blogit.gradia.fi\/mobiilitohjaajat\/wp-content\/uploads\/sites\/18\/2013\/12\/WIN_20131202_135413.jpg","articleSection":["Kauppa ja palvelut","Win 8 tabletti"],"inLanguage":"fi","potentialAction":[{"@type":"CommentAction","name":"Comment","target":["https:\/\/blogit.gradia.fi\/mobiilitohjaajat\/virtuaaliopetuksen-paiven-antia-2-3-12-2013\/#respond"]}]},{"@type":"WebPage","@id":"https:\/\/blogit.gradia.fi\/mobiilitohjaajat\/virtuaaliopetuksen-paiven-antia-2-3-12-2013\/","url":"https:\/\/blogit.gradia.fi\/mobiilitohjaajat\/virtuaaliopetuksen-paiven-antia-2-3-12-2013\/","name":"Virtuaaliopetuksen p\u00e4iven antia 2-3.12.2013 - Mobiilit ohjaajat","isPartOf":{"@id":"https:\/\/blogit.gradia.fi\/mobiilitohjaajat\/#website"},"primaryImageOfPage":{"@id":"https:\/\/blogit.gradia.fi\/mobiilitohjaajat\/virtuaaliopetuksen-paiven-antia-2-3-12-2013\/#primaryimage"},"image":{"@id":"https:\/\/blogit.gradia.fi\/mobiilitohjaajat\/virtuaaliopetuksen-paiven-antia-2-3-12-2013\/#primaryimage"},"thumbnailUrl":"https:\/\/blogit.gradia.fi\/mobiilitohjaajat\/wp-content\/uploads\/sites\/18\/2013\/12\/WIN_20131202_135413.jpg","datePublished":"2013-12-04T04:37:54+00:00","dateModified":"2013-12-04T04:40:50+00:00","author":{"@id":"https:\/\/blogit.gradia.fi\/mobiilitohjaajat\/#\/schema\/person\/2af3d7f8b09506dacfb1224eef2c6478"},"inLanguage":"fi","potentialAction":[{"@type":"ReadAction","target":["https:\/\/blogit.gradia.fi\/mobiilitohjaajat\/virtuaaliopetuksen-paiven-antia-2-3-12-2013\/"]}]},{"@type":"ImageObject","inLanguage":"fi","@id":"https:\/\/blogit.gradia.fi\/mobiilitohjaajat\/virtuaaliopetuksen-paiven-antia-2-3-12-2013\/#primaryimage","url":"https:\/\/blogit.gradia.fi\/mobiilitohjaajat\/wp-content\/uploads\/sites\/18\/2013\/12\/WIN_20131202_135413.jpg","contentUrl":"https:\/\/blogit.gradia.fi\/mobiilitohjaajat\/wp-content\/uploads\/sites\/18\/2013\/12\/WIN_20131202_135413.jpg","width":1920,"height":1080},{"@type":"WebSite","@id":"https:\/\/blogit.gradia.fi\/mobiilitohjaajat\/#website","url":"https:\/\/blogit.gradia.fi\/mobiilitohjaajat\/","name":"Mobiilit ohjaajat","description":"Opetushallituksen rahoittaman Mobiilit ohjaajat -hankkeen sivusto","potentialAction":[{"@type":"SearchAction","target":{"@type":"EntryPoint","urlTemplate":"https:\/\/blogit.gradia.fi\/mobiilitohjaajat\/?s={search_term_string}"},"query-input":{"@type":"PropertyValueSpecification","valueRequired":true,"valueName":"search_term_string"}}],"inLanguage":"fi"},{"@type":"Person","@id":"https:\/\/blogit.gradia.fi\/mobiilitohjaajat\/#\/schema\/person\/2af3d7f8b09506dacfb1224eef2c6478","name":"Henna-Liisa Maljonen","image":{"@type":"ImageObject","inLanguage":"fi","@id":"https:\/\/secure.gravatar.com\/avatar\/9edabe42a88cf1825dcf2bb1038b105de35ff17a6f576fade817dacd8643f030?s=96&d=mm&r=g","url":"https:\/\/secure.gravatar.com\/avatar\/9edabe42a88cf1825dcf2bb1038b105de35ff17a6f576fade817dacd8643f030?s=96&d=mm&r=g","contentUrl":"https:\/\/secure.gravatar.com\/avatar\/9edabe42a88cf1825dcf2bb1038b105de35ff17a6f576fade817dacd8643f030?s=96&d=mm&r=g","caption":"Henna-Liisa Maljonen"},"url":"https:\/\/blogit.gradia.fi\/mobiilitohjaajat\/author\/maljohen\/"}]}},"uagb_featured_image_src":{"full":false,"thumbnail":false,"medium":false,"medium_large":false,"large":false,"1536x1536":false,"2048x2048":false,"post-thumbnail":false},"uagb_author_info":{"display_name":"Henna-Liisa Maljonen","author_link":"https:\/\/blogit.gradia.fi\/mobiilitohjaajat\/author\/maljohen\/"},"uagb_comment_info":0,"uagb_excerpt":"\u00a0 K\u00e4vimme Valtakunnallisilla Virtuaaliopetuksen p\u00e4ivill\u00e4 katsastamassa tarjonnan. Paljoa ei uutta asiaa tullut, mutta vanhan vahvistusta sit\u00e4kin enemm\u00e4n. T\u00e4rkeint\u00e4 taisi kuitenkin olla se asioista puhuminen ja suunnitteleminen. Hankkeen kannalta t\u00e4m\u00e4 oli hyv\u00e4 reissu, sill\u00e4 kerrankin tuntui olevan aikaa puhua\u2026 \u00a0 Osallistuimme eri seminaareihin molempina p\u00e4ivin\u00e4. T\u00e4st\u00e4 piti tehd\u00e4 yhteispostaus kaikkien siell\u00e4 olleiden kesken, mutta emmep\u00e4 olleetkaan&hellip;","_links":{"self":[{"href":"https:\/\/blogit.gradia.fi\/mobiilitohjaajat\/wp-json\/wp\/v2\/posts\/298","targetHints":{"allow":["GET"]}}],"collection":[{"href":"https:\/\/blogit.gradia.fi\/mobiilitohjaajat\/wp-json\/wp\/v2\/posts"}],"about":[{"href":"https:\/\/blogit.gradia.fi\/mobiilitohjaajat\/wp-json\/wp\/v2\/types\/post"}],"author":[{"embeddable":true,"href":"https:\/\/blogit.gradia.fi\/mobiilitohjaajat\/wp-json\/wp\/v2\/users\/163"}],"replies":[{"embeddable":true,"href":"https:\/\/blogit.gradia.fi\/mobiilitohjaajat\/wp-json\/wp\/v2\/comments?post=298"}],"version-history":[{"count":0,"href":"https:\/\/blogit.gradia.fi\/mobiilitohjaajat\/wp-json\/wp\/v2\/posts\/298\/revisions"}],"wp:attachment":[{"href":"https:\/\/blogit.gradia.fi\/mobiilitohjaajat\/wp-json\/wp\/v2\/media?parent=298"}],"wp:term":[{"taxonomy":"category","embeddable":true,"href":"https:\/\/blogit.gradia.fi\/mobiilitohjaajat\/wp-json\/wp\/v2\/categories?post=298"},{"taxonomy":"post_tag","embeddable":true,"href":"https:\/\/blogit.gradia.fi\/mobiilitohjaajat\/wp-json\/wp\/v2\/tags?post=298"}],"curies":[{"name":"wp","href":"https:\/\/api.w.org\/{rel}","templated":true}]}}