{"id":291,"date":"2013-12-02T14:06:03","date_gmt":"2013-12-02T12:06:03","guid":{"rendered":"https:\/\/blogit.gradia.fi\/mobiilitohjaajat\/?p=291"},"modified":"2013-12-02T14:07:59","modified_gmt":"2013-12-02T12:07:59","slug":"leba-toiminnassa","status":"publish","type":"post","link":"https:\/\/blogit.gradia.fi\/mobiilitohjaajat\/leba-toiminnassa\/","title":{"rendered":"Leba toiminnassa!"},"content":{"rendered":"<p>T\u00e4n\u00e4\u00e4n saimme vihdoinkin iPadit asennettua ja testattua.<\/p>\n<p>Laitteiden s\u00e4ilytyst\u00e4, siirto ja synkronointia varten hankimme:<br \/>\n&#8211; Leba Notecase for 16 iPads + master<br \/>\n&#8211; Airport Extreme Base Station<\/p>\n<p>Masterkone iPadien hallintaan:<br \/>\n&#8211; Macbook Pro 13<\/p>\n<p>Kuvan siirto tykille varten:<br \/>\n&#8211; Apple TV<br \/>\n&#8211;\u00a0adaptereita<\/p>\n<p>Konfasimme iPadit Apple Configuratorin avulla ja asensimme Omnia suositteleman Apps -paketin l\u00e4hes kokonaisuudessaan. K\u00e4yt\u00e4mme kaikissa iPadeissa samaa Apple ID:t\u00e4 johon olemme asentaneet appsit.\u00a0Suojasimme iPadit Apple Configuratorin profiilien kautta siten etteiv\u00e4t oppilaat pysty\u00a0itse Appseja asentamaan.<strong>\u00a0<\/strong><\/p>\n<p>Tavoitteemme on rakentaa 2 mobiililuokkaa, jotka voidaan siirt\u00e4\u00e4 Saimaan ammattiopistosta luokasta toiseen siten ett\u00e4 AirPortin kautta luodaan mobiililuokalle oma l\u00e4hiverkko, joka yhdistet\u00e4\u00e4n Internetiin Sammon normiverkon kautta.<\/p>\n<p>Ja hyvin toimi heti ensi kokeilulla: testasin laitteet oman luokkani kanssa ja mit\u00e4\u00e4n ongelmia ei ilmennyt.<\/p>\n<p>&nbsp;<\/p>\n","protected":false},"excerpt":{"rendered":"<p>T\u00e4n\u00e4\u00e4n saimme vihdoinkin iPadit asennettua ja testattua. Laitteiden s\u00e4ilytyst\u00e4, siirto ja synkronointia varten hankimme: &#8211; Leba Notecase for 16 iPads + master &#8211; Airport Extreme Base Station Masterkone iPadien hallintaan: &#8211; Macbook Pro 13 Kuvan siirto tykille varten: &#8211; Apple TV &#8211;\u00a0adaptereita Konfasimme iPadit Apple Configuratorin avulla ja asensimme Omnia suositteleman Apps -paketin l\u00e4hes kokonaisuudessaan. &hellip; <a href=\"https:\/\/blogit.gradia.fi\/mobiilitohjaajat\/leba-toiminnassa\/\" class=\"more-link\">Jatka lukemista <span class=\"screen-reader-text\">Leba toiminnassa!<\/span> <span class=\"meta-nav\">&rarr;<\/span><\/a><\/p>\n","protected":false},"author":171,"featured_media":0,"comment_status":"open","ping_status":"open","sticky":false,"template":"","format":"standard","meta":{"_uag_custom_page_level_css":"","footnotes":""},"categories":[1],"tags":[],"class_list":["post-291","post","type-post","status-publish","format-standard","hentry","category-yleinen"],"yoast_head":"<!-- This site is optimized with the Yoast SEO plugin v27.5 - https:\/\/yoast.com\/product\/yoast-seo-wordpress\/ -->\n<title>Leba toiminnassa! - Mobiilit ohjaajat<\/title>\n<meta name=\"robots\" content=\"index, follow, max-snippet:-1, max-image-preview:large, max-video-preview:-1\" \/>\n<link rel=\"canonical\" href=\"https:\/\/blogit.gradia.fi\/mobiilitohjaajat\/leba-toiminnassa\/\" \/>\n<meta property=\"og:locale\" content=\"fi_FI\" \/>\n<meta property=\"og:type\" content=\"article\" \/>\n<meta property=\"og:title\" content=\"Leba toiminnassa! - Mobiilit ohjaajat\" \/>\n<meta property=\"og:description\" content=\"T\u00e4n\u00e4\u00e4n saimme vihdoinkin iPadit asennettua ja testattua. Laitteiden s\u00e4ilytyst\u00e4, siirto ja synkronointia varten hankimme: &#8211; Leba Notecase for 16 iPads + master &#8211; Airport Extreme Base Station Masterkone iPadien hallintaan: &#8211; Macbook Pro 13 Kuvan siirto tykille varten: &#8211; Apple TV &#8211;\u00a0adaptereita Konfasimme iPadit Apple Configuratorin avulla ja asensimme Omnia suositteleman Apps -paketin l\u00e4hes kokonaisuudessaan. &hellip; Jatka lukemista Leba toiminnassa! &rarr;\" \/>\n<meta property=\"og:url\" content=\"https:\/\/blogit.gradia.fi\/mobiilitohjaajat\/leba-toiminnassa\/\" \/>\n<meta property=\"og:site_name\" content=\"Mobiilit ohjaajat\" \/>\n<meta property=\"article:published_time\" content=\"2013-12-02T12:06:03+00:00\" \/>\n<meta property=\"article:modified_time\" content=\"2013-12-02T12:07:59+00:00\" \/>\n<meta name=\"author\" content=\"juhakiu\" \/>\n<meta name=\"twitter:card\" content=\"summary_large_image\" \/>\n<meta name=\"twitter:label1\" content=\"Kirjoittanut\" \/>\n\t<meta name=\"twitter:data1\" content=\"juhakiu\" \/>\n\t<meta name=\"twitter:label2\" content=\"Arvioitu lukuaika\" \/>\n\t<meta name=\"twitter:data2\" content=\"1 minuutti\" \/>\n<script type=\"application\/ld+json\" class=\"yoast-schema-graph\">{\"@context\":\"https:\\\/\\\/schema.org\",\"@graph\":[{\"@type\":\"Article\",\"@id\":\"https:\\\/\\\/blogit.gradia.fi\\\/mobiilitohjaajat\\\/leba-toiminnassa\\\/#article\",\"isPartOf\":{\"@id\":\"https:\\\/\\\/blogit.gradia.fi\\\/mobiilitohjaajat\\\/leba-toiminnassa\\\/\"},\"author\":{\"name\":\"juhakiu\",\"@id\":\"https:\\\/\\\/blogit.gradia.fi\\\/mobiilitohjaajat\\\/#\\\/schema\\\/person\\\/b10ee4d91d7ce449acdfc31876195a75\"},\"headline\":\"Leba toiminnassa!\",\"datePublished\":\"2013-12-02T12:06:03+00:00\",\"dateModified\":\"2013-12-02T12:07:59+00:00\",\"mainEntityOfPage\":{\"@id\":\"https:\\\/\\\/blogit.gradia.fi\\\/mobiilitohjaajat\\\/leba-toiminnassa\\\/\"},\"wordCount\":131,\"commentCount\":0,\"inLanguage\":\"fi\",\"potentialAction\":[{\"@type\":\"CommentAction\",\"name\":\"Comment\",\"target\":[\"https:\\\/\\\/blogit.gradia.fi\\\/mobiilitohjaajat\\\/leba-toiminnassa\\\/#respond\"]}]},{\"@type\":\"WebPage\",\"@id\":\"https:\\\/\\\/blogit.gradia.fi\\\/mobiilitohjaajat\\\/leba-toiminnassa\\\/\",\"url\":\"https:\\\/\\\/blogit.gradia.fi\\\/mobiilitohjaajat\\\/leba-toiminnassa\\\/\",\"name\":\"Leba toiminnassa! - Mobiilit ohjaajat\",\"isPartOf\":{\"@id\":\"https:\\\/\\\/blogit.gradia.fi\\\/mobiilitohjaajat\\\/#website\"},\"datePublished\":\"2013-12-02T12:06:03+00:00\",\"dateModified\":\"2013-12-02T12:07:59+00:00\",\"author\":{\"@id\":\"https:\\\/\\\/blogit.gradia.fi\\\/mobiilitohjaajat\\\/#\\\/schema\\\/person\\\/b10ee4d91d7ce449acdfc31876195a75\"},\"inLanguage\":\"fi\",\"potentialAction\":[{\"@type\":\"ReadAction\",\"target\":[\"https:\\\/\\\/blogit.gradia.fi\\\/mobiilitohjaajat\\\/leba-toiminnassa\\\/\"]}]},{\"@type\":\"WebSite\",\"@id\":\"https:\\\/\\\/blogit.gradia.fi\\\/mobiilitohjaajat\\\/#website\",\"url\":\"https:\\\/\\\/blogit.gradia.fi\\\/mobiilitohjaajat\\\/\",\"name\":\"Mobiilit ohjaajat\",\"description\":\"Opetushallituksen rahoittaman Mobiilit ohjaajat -hankkeen sivusto\",\"potentialAction\":[{\"@type\":\"SearchAction\",\"target\":{\"@type\":\"EntryPoint\",\"urlTemplate\":\"https:\\\/\\\/blogit.gradia.fi\\\/mobiilitohjaajat\\\/?s={search_term_string}\"},\"query-input\":{\"@type\":\"PropertyValueSpecification\",\"valueRequired\":true,\"valueName\":\"search_term_string\"}}],\"inLanguage\":\"fi\"},{\"@type\":\"Person\",\"@id\":\"https:\\\/\\\/blogit.gradia.fi\\\/mobiilitohjaajat\\\/#\\\/schema\\\/person\\\/b10ee4d91d7ce449acdfc31876195a75\",\"name\":\"juhakiu\",\"image\":{\"@type\":\"ImageObject\",\"inLanguage\":\"fi\",\"@id\":\"https:\\\/\\\/secure.gravatar.com\\\/avatar\\\/c449c1c81b0b22fde0122535d23377df235fbf19b9ff3a937d86d800a5971557?s=96&d=mm&r=g\",\"url\":\"https:\\\/\\\/secure.gravatar.com\\\/avatar\\\/c449c1c81b0b22fde0122535d23377df235fbf19b9ff3a937d86d800a5971557?s=96&d=mm&r=g\",\"contentUrl\":\"https:\\\/\\\/secure.gravatar.com\\\/avatar\\\/c449c1c81b0b22fde0122535d23377df235fbf19b9ff3a937d86d800a5971557?s=96&d=mm&r=g\",\"caption\":\"juhakiu\"},\"url\":\"https:\\\/\\\/blogit.gradia.fi\\\/mobiilitohjaajat\\\/author\\\/juhakiu\\\/\"}]}<\/script>\n<!-- \/ Yoast SEO plugin. -->","yoast_head_json":{"title":"Leba toiminnassa! - Mobiilit ohjaajat","robots":{"index":"index","follow":"follow","max-snippet":"max-snippet:-1","max-image-preview":"max-image-preview:large","max-video-preview":"max-video-preview:-1"},"canonical":"https:\/\/blogit.gradia.fi\/mobiilitohjaajat\/leba-toiminnassa\/","og_locale":"fi_FI","og_type":"article","og_title":"Leba toiminnassa! - Mobiilit ohjaajat","og_description":"T\u00e4n\u00e4\u00e4n saimme vihdoinkin iPadit asennettua ja testattua. Laitteiden s\u00e4ilytyst\u00e4, siirto ja synkronointia varten hankimme: &#8211; Leba Notecase for 16 iPads + master &#8211; Airport Extreme Base Station Masterkone iPadien hallintaan: &#8211; Macbook Pro 13 Kuvan siirto tykille varten: &#8211; Apple TV &#8211;\u00a0adaptereita Konfasimme iPadit Apple Configuratorin avulla ja asensimme Omnia suositteleman Apps -paketin l\u00e4hes kokonaisuudessaan. &hellip; Jatka lukemista Leba toiminnassa! &rarr;","og_url":"https:\/\/blogit.gradia.fi\/mobiilitohjaajat\/leba-toiminnassa\/","og_site_name":"Mobiilit ohjaajat","article_published_time":"2013-12-02T12:06:03+00:00","article_modified_time":"2013-12-02T12:07:59+00:00","author":"juhakiu","twitter_card":"summary_large_image","twitter_misc":{"Kirjoittanut":"juhakiu","Arvioitu lukuaika":"1 minuutti"},"schema":{"@context":"https:\/\/schema.org","@graph":[{"@type":"Article","@id":"https:\/\/blogit.gradia.fi\/mobiilitohjaajat\/leba-toiminnassa\/#article","isPartOf":{"@id":"https:\/\/blogit.gradia.fi\/mobiilitohjaajat\/leba-toiminnassa\/"},"author":{"name":"juhakiu","@id":"https:\/\/blogit.gradia.fi\/mobiilitohjaajat\/#\/schema\/person\/b10ee4d91d7ce449acdfc31876195a75"},"headline":"Leba toiminnassa!","datePublished":"2013-12-02T12:06:03+00:00","dateModified":"2013-12-02T12:07:59+00:00","mainEntityOfPage":{"@id":"https:\/\/blogit.gradia.fi\/mobiilitohjaajat\/leba-toiminnassa\/"},"wordCount":131,"commentCount":0,"inLanguage":"fi","potentialAction":[{"@type":"CommentAction","name":"Comment","target":["https:\/\/blogit.gradia.fi\/mobiilitohjaajat\/leba-toiminnassa\/#respond"]}]},{"@type":"WebPage","@id":"https:\/\/blogit.gradia.fi\/mobiilitohjaajat\/leba-toiminnassa\/","url":"https:\/\/blogit.gradia.fi\/mobiilitohjaajat\/leba-toiminnassa\/","name":"Leba toiminnassa! - Mobiilit ohjaajat","isPartOf":{"@id":"https:\/\/blogit.gradia.fi\/mobiilitohjaajat\/#website"},"datePublished":"2013-12-02T12:06:03+00:00","dateModified":"2013-12-02T12:07:59+00:00","author":{"@id":"https:\/\/blogit.gradia.fi\/mobiilitohjaajat\/#\/schema\/person\/b10ee4d91d7ce449acdfc31876195a75"},"inLanguage":"fi","potentialAction":[{"@type":"ReadAction","target":["https:\/\/blogit.gradia.fi\/mobiilitohjaajat\/leba-toiminnassa\/"]}]},{"@type":"WebSite","@id":"https:\/\/blogit.gradia.fi\/mobiilitohjaajat\/#website","url":"https:\/\/blogit.gradia.fi\/mobiilitohjaajat\/","name":"Mobiilit ohjaajat","description":"Opetushallituksen rahoittaman Mobiilit ohjaajat -hankkeen sivusto","potentialAction":[{"@type":"SearchAction","target":{"@type":"EntryPoint","urlTemplate":"https:\/\/blogit.gradia.fi\/mobiilitohjaajat\/?s={search_term_string}"},"query-input":{"@type":"PropertyValueSpecification","valueRequired":true,"valueName":"search_term_string"}}],"inLanguage":"fi"},{"@type":"Person","@id":"https:\/\/blogit.gradia.fi\/mobiilitohjaajat\/#\/schema\/person\/b10ee4d91d7ce449acdfc31876195a75","name":"juhakiu","image":{"@type":"ImageObject","inLanguage":"fi","@id":"https:\/\/secure.gravatar.com\/avatar\/c449c1c81b0b22fde0122535d23377df235fbf19b9ff3a937d86d800a5971557?s=96&d=mm&r=g","url":"https:\/\/secure.gravatar.com\/avatar\/c449c1c81b0b22fde0122535d23377df235fbf19b9ff3a937d86d800a5971557?s=96&d=mm&r=g","contentUrl":"https:\/\/secure.gravatar.com\/avatar\/c449c1c81b0b22fde0122535d23377df235fbf19b9ff3a937d86d800a5971557?s=96&d=mm&r=g","caption":"juhakiu"},"url":"https:\/\/blogit.gradia.fi\/mobiilitohjaajat\/author\/juhakiu\/"}]}},"uagb_featured_image_src":{"full":false,"thumbnail":false,"medium":false,"medium_large":false,"large":false,"1536x1536":false,"2048x2048":false,"post-thumbnail":false},"uagb_author_info":{"display_name":"juhakiu","author_link":"https:\/\/blogit.gradia.fi\/mobiilitohjaajat\/author\/juhakiu\/"},"uagb_comment_info":0,"uagb_excerpt":"T\u00e4n\u00e4\u00e4n saimme vihdoinkin iPadit asennettua ja testattua. Laitteiden s\u00e4ilytyst\u00e4, siirto ja synkronointia varten hankimme: &#8211; Leba Notecase for 16 iPads + master &#8211; Airport Extreme Base Station Masterkone iPadien hallintaan: &#8211; Macbook Pro 13 Kuvan siirto tykille varten: &#8211; Apple TV &#8211;\u00a0adaptereita Konfasimme iPadit Apple Configuratorin avulla ja asensimme Omnia suositteleman Apps -paketin l\u00e4hes kokonaisuudessaan.&hellip;","_links":{"self":[{"href":"https:\/\/blogit.gradia.fi\/mobiilitohjaajat\/wp-json\/wp\/v2\/posts\/291","targetHints":{"allow":["GET"]}}],"collection":[{"href":"https:\/\/blogit.gradia.fi\/mobiilitohjaajat\/wp-json\/wp\/v2\/posts"}],"about":[{"href":"https:\/\/blogit.gradia.fi\/mobiilitohjaajat\/wp-json\/wp\/v2\/types\/post"}],"author":[{"embeddable":true,"href":"https:\/\/blogit.gradia.fi\/mobiilitohjaajat\/wp-json\/wp\/v2\/users\/171"}],"replies":[{"embeddable":true,"href":"https:\/\/blogit.gradia.fi\/mobiilitohjaajat\/wp-json\/wp\/v2\/comments?post=291"}],"version-history":[{"count":0,"href":"https:\/\/blogit.gradia.fi\/mobiilitohjaajat\/wp-json\/wp\/v2\/posts\/291\/revisions"}],"wp:attachment":[{"href":"https:\/\/blogit.gradia.fi\/mobiilitohjaajat\/wp-json\/wp\/v2\/media?parent=291"}],"wp:term":[{"taxonomy":"category","embeddable":true,"href":"https:\/\/blogit.gradia.fi\/mobiilitohjaajat\/wp-json\/wp\/v2\/categories?post=291"},{"taxonomy":"post_tag","embeddable":true,"href":"https:\/\/blogit.gradia.fi\/mobiilitohjaajat\/wp-json\/wp\/v2\/tags?post=291"}],"curies":[{"name":"wp","href":"https:\/\/api.w.org\/{rel}","templated":true}]}}