{"id":265,"date":"2013-11-28T11:13:47","date_gmt":"2013-11-28T09:13:47","guid":{"rendered":"https:\/\/blogit.gradia.fi\/mobiilitohjaajat\/?p=265"},"modified":"2013-11-28T11:26:19","modified_gmt":"2013-11-28T09:26:19","slug":"facebookin-suljettu-ryhma-paivakirjana","status":"publish","type":"post","link":"https:\/\/blogit.gradia.fi\/mobiilitohjaajat\/facebookin-suljettu-ryhma-paivakirjana\/","title":{"rendered":"Facebookin suljettu ryhm\u00e4 TOP-p\u00e4iv\u00e4kirjana"},"content":{"rendered":"<p>Oppilaani l\u00e4htiv\u00e4t ty\u00f6ss\u00e4oppimisjaksolle (TOP) marraskuun alkupuolella ja palaavat viikon kuluttua takaisin areenalle. TOP-jakso kest\u00e4\u00e4 nelj\u00e4 viikkoa ja painottuu asiakaspalveluun. Oppilaat ovat siis p\u00e4\u00e4asiallisesti vaatetusalan liikkeiss\u00e4, myym\u00e4l\u00f6iss\u00e4, pukuvuokraamoissa tai tarvikemyym\u00e4l\u00f6iss\u00e4.<\/p>\n<p>Yhten\u00e4 TOP-jakson itsen\u00e4isen\u00e4 oppimisteht\u00e4v\u00e4n\u00e4 on <strong>p\u00e4iv\u00e4kirjan<\/strong> kirjoittaminen. Kyseinen teht\u00e4v\u00e4 on kirjattu niin opetussuunnitelmaan kuin koulutussopimuksiin. Kuten aiempinakin vuosina kirjoitamme p\u00e4iv\u00e4kirjaa <strong>Facebookin suljettuun ryhm\u00e4\u00e4n<\/strong>. Teen joka viikon alussa <strong>kysymyksen<\/strong>, johon on tarkoitus vastata viikon kuluessa.<\/p>\n<p>Kysymyksi\u00e4 on ollut melko helppo tehd\u00e4, koska muotoilen ne suoraan OPS:n sis\u00e4ll\u00f6ist\u00e4, joita t\u00e4ss\u00e4 tapauksessa ovat asiakaspalvelu, yrityksen tuotteisiin ja tuotteiden hinnoitteluun sek\u00e4 ty\u00f6yhteis\u00f6n pelis\u00e4\u00e4nt\u00f6ihin tutustuminen. Jokaisella TOP-jakson viikolla on siis oma teemansa.<\/p>\n<p>Oppilaat n\u00e4kev\u00e4t toistensa vastaukset. Muiden vastaukset tukevat niiden oppilaiden kirjoittamista, joille se on aluksi vaikeaa. My\u00f6s kysymykset on ollut helpompi ymm\u00e4rt\u00e4\u00e4, kun n\u00e4kee muiden vastauksia. Vastausten perusteella oman ty\u00f6ss\u00e4oppimisjakson sis\u00e4lt\u00f6\u00e4 voi verrata siihen, mit\u00e4 muut tekev\u00e4t omissa TOP-paikoissaan.<\/p>\n<p>Osa oppilaista kysyy ryhm\u00e4ss\u00e4 my\u00f6s muita, k\u00e4yt\u00e4nn\u00f6n TOP-jaksoon tai opiskeluun liittyvi\u00e4 asioita, jolloin kaikki p\u00e4\u00e4sev\u00e4t n\u00e4kem\u00e4\u00e4n kysymykset ja vastaukset. Ryhm\u00e4 toimii siten my\u00f6s hyv\u00e4n\u00e4 informointiv\u00e4lineen\u00e4. Olen my\u00f6s v\u00e4litt\u00e4nyt ryhm\u00e4n kautta muista olennaisia asioita.<\/p>\n<p>Facebook on ollut oivallinen alusta ja oppilailta on tullut p\u00e4\u00e4s\u00e4\u00e4nt\u00f6isesti hyv\u00e4\u00e4 palautetta. Ohjaavana opettajana olen kokenut mielenkiintoisena sen, ett\u00e4 p\u00e4\u00e4sen seuraamaan oppilaiden TOP-jaksoa reaaliajassa, ja voin puuttua asioihin aikaisessa vaiheessa, jos sellaiseen ilmenee tarvetta.<\/p>\n<p>Facebookin k\u00e4yt\u00f6n ainoana ongelmana on ollut se, ett\u00e4 kaikki oppilaat eiv\u00e4t v\u00e4ltt\u00e4m\u00e4tt\u00e4 halua liitty\u00e4 siihen. Olen k\u00e4ytt\u00e4nyt rinnakkaisina alustoina Optimaa tai Wilmaa, mutta niiss\u00e4 aktiivisuus ja yhteis\u00f6llisyys ovat olleet selv\u00e4sti heikompia kuin Facebookissa.<\/p>\n<p>Sirpa Vauhkala<\/p>\n","protected":false},"excerpt":{"rendered":"<p>Oppilaani l\u00e4htiv\u00e4t ty\u00f6ss\u00e4oppimisjaksolle (TOP) marraskuun alkupuolella ja palaavat viikon kuluttua takaisin areenalle. TOP-jakso kest\u00e4\u00e4 nelj\u00e4 viikkoa ja painottuu asiakaspalveluun. Oppilaat ovat siis p\u00e4\u00e4asiallisesti vaatetusalan liikkeiss\u00e4, myym\u00e4l\u00f6iss\u00e4, pukuvuokraamoissa tai tarvikemyym\u00e4l\u00f6iss\u00e4. Yhten\u00e4 TOP-jakson itsen\u00e4isen\u00e4 oppimisteht\u00e4v\u00e4n\u00e4 on p\u00e4iv\u00e4kirjan kirjoittaminen. Kyseinen teht\u00e4v\u00e4 on kirjattu niin opetussuunnitelmaan kuin koulutussopimuksiin. Kuten aiempinakin vuosina kirjoitamme p\u00e4iv\u00e4kirjaa Facebookin suljettuun ryhm\u00e4\u00e4n. Teen joka viikon &hellip; <a href=\"https:\/\/blogit.gradia.fi\/mobiilitohjaajat\/facebookin-suljettu-ryhma-paivakirjana\/\" class=\"more-link\">Jatka lukemista <span class=\"screen-reader-text\">Facebookin suljettu ryhm\u00e4 TOP-p\u00e4iv\u00e4kirjana<\/span> <span class=\"meta-nav\">&rarr;<\/span><\/a><\/p>\n","protected":false},"author":166,"featured_media":0,"comment_status":"open","ping_status":"open","sticky":false,"template":"","format":"standard","meta":{"_uag_custom_page_level_css":"","footnotes":""},"categories":[4,25],"tags":[48,49],"class_list":["post-265","post","type-post","status-publish","format-standard","hentry","category-facebook-ohjaus","category-vaatetus","tag-facebook","tag-tyossaoppiminen"],"yoast_head":"<!-- This site is optimized with the Yoast SEO plugin v27.5 - https:\/\/yoast.com\/product\/yoast-seo-wordpress\/ -->\n<title>Facebookin suljettu ryhm\u00e4 TOP-p\u00e4iv\u00e4kirjana - Mobiilit ohjaajat<\/title>\n<meta name=\"robots\" content=\"index, follow, max-snippet:-1, max-image-preview:large, max-video-preview:-1\" \/>\n<link rel=\"canonical\" href=\"https:\/\/blogit.gradia.fi\/mobiilitohjaajat\/facebookin-suljettu-ryhma-paivakirjana\/\" \/>\n<meta property=\"og:locale\" content=\"fi_FI\" \/>\n<meta property=\"og:type\" content=\"article\" \/>\n<meta property=\"og:title\" content=\"Facebookin suljettu ryhm\u00e4 TOP-p\u00e4iv\u00e4kirjana - Mobiilit ohjaajat\" \/>\n<meta property=\"og:description\" content=\"Oppilaani l\u00e4htiv\u00e4t ty\u00f6ss\u00e4oppimisjaksolle (TOP) marraskuun alkupuolella ja palaavat viikon kuluttua takaisin areenalle. TOP-jakso kest\u00e4\u00e4 nelj\u00e4 viikkoa ja painottuu asiakaspalveluun. Oppilaat ovat siis p\u00e4\u00e4asiallisesti vaatetusalan liikkeiss\u00e4, myym\u00e4l\u00f6iss\u00e4, pukuvuokraamoissa tai tarvikemyym\u00e4l\u00f6iss\u00e4. Yhten\u00e4 TOP-jakson itsen\u00e4isen\u00e4 oppimisteht\u00e4v\u00e4n\u00e4 on p\u00e4iv\u00e4kirjan kirjoittaminen. Kyseinen teht\u00e4v\u00e4 on kirjattu niin opetussuunnitelmaan kuin koulutussopimuksiin. Kuten aiempinakin vuosina kirjoitamme p\u00e4iv\u00e4kirjaa Facebookin suljettuun ryhm\u00e4\u00e4n. Teen joka viikon &hellip; Jatka lukemista Facebookin suljettu ryhm\u00e4 TOP-p\u00e4iv\u00e4kirjana &rarr;\" \/>\n<meta property=\"og:url\" content=\"https:\/\/blogit.gradia.fi\/mobiilitohjaajat\/facebookin-suljettu-ryhma-paivakirjana\/\" \/>\n<meta property=\"og:site_name\" content=\"Mobiilit ohjaajat\" \/>\n<meta property=\"article:published_time\" content=\"2013-11-28T09:13:47+00:00\" \/>\n<meta property=\"article:modified_time\" content=\"2013-11-28T09:26:19+00:00\" \/>\n<meta name=\"author\" content=\"Sirpa Vauhkala\" \/>\n<meta name=\"twitter:card\" content=\"summary_large_image\" \/>\n<meta name=\"twitter:label1\" content=\"Kirjoittanut\" \/>\n\t<meta name=\"twitter:data1\" content=\"Sirpa Vauhkala\" \/>\n\t<meta name=\"twitter:label2\" content=\"Arvioitu lukuaika\" \/>\n\t<meta name=\"twitter:data2\" content=\"2 minuuttia\" \/>\n<script type=\"application\/ld+json\" class=\"yoast-schema-graph\">{\"@context\":\"https:\\\/\\\/schema.org\",\"@graph\":[{\"@type\":\"Article\",\"@id\":\"https:\\\/\\\/blogit.gradia.fi\\\/mobiilitohjaajat\\\/facebookin-suljettu-ryhma-paivakirjana\\\/#article\",\"isPartOf\":{\"@id\":\"https:\\\/\\\/blogit.gradia.fi\\\/mobiilitohjaajat\\\/facebookin-suljettu-ryhma-paivakirjana\\\/\"},\"author\":{\"name\":\"Sirpa Vauhkala\",\"@id\":\"https:\\\/\\\/blogit.gradia.fi\\\/mobiilitohjaajat\\\/#\\\/schema\\\/person\\\/af47f873bbb62a6a80c8178d8c589fa8\"},\"headline\":\"Facebookin suljettu ryhm\u00e4 TOP-p\u00e4iv\u00e4kirjana\",\"datePublished\":\"2013-11-28T09:13:47+00:00\",\"dateModified\":\"2013-11-28T09:26:19+00:00\",\"mainEntityOfPage\":{\"@id\":\"https:\\\/\\\/blogit.gradia.fi\\\/mobiilitohjaajat\\\/facebookin-suljettu-ryhma-paivakirjana\\\/\"},\"wordCount\":307,\"commentCount\":0,\"keywords\":[\"Facebook\",\"ty\u00f6ss\u00e4oppiminen\"],\"articleSection\":[\"Facebook-ohjaus\",\"Vaatetus\"],\"inLanguage\":\"fi\",\"potentialAction\":[{\"@type\":\"CommentAction\",\"name\":\"Comment\",\"target\":[\"https:\\\/\\\/blogit.gradia.fi\\\/mobiilitohjaajat\\\/facebookin-suljettu-ryhma-paivakirjana\\\/#respond\"]}]},{\"@type\":\"WebPage\",\"@id\":\"https:\\\/\\\/blogit.gradia.fi\\\/mobiilitohjaajat\\\/facebookin-suljettu-ryhma-paivakirjana\\\/\",\"url\":\"https:\\\/\\\/blogit.gradia.fi\\\/mobiilitohjaajat\\\/facebookin-suljettu-ryhma-paivakirjana\\\/\",\"name\":\"Facebookin suljettu ryhm\u00e4 TOP-p\u00e4iv\u00e4kirjana - Mobiilit ohjaajat\",\"isPartOf\":{\"@id\":\"https:\\\/\\\/blogit.gradia.fi\\\/mobiilitohjaajat\\\/#website\"},\"datePublished\":\"2013-11-28T09:13:47+00:00\",\"dateModified\":\"2013-11-28T09:26:19+00:00\",\"author\":{\"@id\":\"https:\\\/\\\/blogit.gradia.fi\\\/mobiilitohjaajat\\\/#\\\/schema\\\/person\\\/af47f873bbb62a6a80c8178d8c589fa8\"},\"inLanguage\":\"fi\",\"potentialAction\":[{\"@type\":\"ReadAction\",\"target\":[\"https:\\\/\\\/blogit.gradia.fi\\\/mobiilitohjaajat\\\/facebookin-suljettu-ryhma-paivakirjana\\\/\"]}]},{\"@type\":\"WebSite\",\"@id\":\"https:\\\/\\\/blogit.gradia.fi\\\/mobiilitohjaajat\\\/#website\",\"url\":\"https:\\\/\\\/blogit.gradia.fi\\\/mobiilitohjaajat\\\/\",\"name\":\"Mobiilit ohjaajat\",\"description\":\"Opetushallituksen rahoittaman Mobiilit ohjaajat -hankkeen sivusto\",\"potentialAction\":[{\"@type\":\"SearchAction\",\"target\":{\"@type\":\"EntryPoint\",\"urlTemplate\":\"https:\\\/\\\/blogit.gradia.fi\\\/mobiilitohjaajat\\\/?s={search_term_string}\"},\"query-input\":{\"@type\":\"PropertyValueSpecification\",\"valueRequired\":true,\"valueName\":\"search_term_string\"}}],\"inLanguage\":\"fi\"},{\"@type\":\"Person\",\"@id\":\"https:\\\/\\\/blogit.gradia.fi\\\/mobiilitohjaajat\\\/#\\\/schema\\\/person\\\/af47f873bbb62a6a80c8178d8c589fa8\",\"name\":\"Sirpa Vauhkala\",\"image\":{\"@type\":\"ImageObject\",\"inLanguage\":\"fi\",\"@id\":\"https:\\\/\\\/secure.gravatar.com\\\/avatar\\\/dc07e6ef6ce853424587fd89ca0e92f890818c11be4a7c8db1cebecdd9fbb85e?s=96&d=mm&r=g\",\"url\":\"https:\\\/\\\/secure.gravatar.com\\\/avatar\\\/dc07e6ef6ce853424587fd89ca0e92f890818c11be4a7c8db1cebecdd9fbb85e?s=96&d=mm&r=g\",\"contentUrl\":\"https:\\\/\\\/secure.gravatar.com\\\/avatar\\\/dc07e6ef6ce853424587fd89ca0e92f890818c11be4a7c8db1cebecdd9fbb85e?s=96&d=mm&r=g\",\"caption\":\"Sirpa Vauhkala\"},\"url\":\"https:\\\/\\\/blogit.gradia.fi\\\/mobiilitohjaajat\\\/author\\\/vauhksir\\\/\"}]}<\/script>\n<!-- \/ Yoast SEO plugin. -->","yoast_head_json":{"title":"Facebookin suljettu ryhm\u00e4 TOP-p\u00e4iv\u00e4kirjana - Mobiilit ohjaajat","robots":{"index":"index","follow":"follow","max-snippet":"max-snippet:-1","max-image-preview":"max-image-preview:large","max-video-preview":"max-video-preview:-1"},"canonical":"https:\/\/blogit.gradia.fi\/mobiilitohjaajat\/facebookin-suljettu-ryhma-paivakirjana\/","og_locale":"fi_FI","og_type":"article","og_title":"Facebookin suljettu ryhm\u00e4 TOP-p\u00e4iv\u00e4kirjana - Mobiilit ohjaajat","og_description":"Oppilaani l\u00e4htiv\u00e4t ty\u00f6ss\u00e4oppimisjaksolle (TOP) marraskuun alkupuolella ja palaavat viikon kuluttua takaisin areenalle. TOP-jakso kest\u00e4\u00e4 nelj\u00e4 viikkoa ja painottuu asiakaspalveluun. Oppilaat ovat siis p\u00e4\u00e4asiallisesti vaatetusalan liikkeiss\u00e4, myym\u00e4l\u00f6iss\u00e4, pukuvuokraamoissa tai tarvikemyym\u00e4l\u00f6iss\u00e4. Yhten\u00e4 TOP-jakson itsen\u00e4isen\u00e4 oppimisteht\u00e4v\u00e4n\u00e4 on p\u00e4iv\u00e4kirjan kirjoittaminen. Kyseinen teht\u00e4v\u00e4 on kirjattu niin opetussuunnitelmaan kuin koulutussopimuksiin. Kuten aiempinakin vuosina kirjoitamme p\u00e4iv\u00e4kirjaa Facebookin suljettuun ryhm\u00e4\u00e4n. Teen joka viikon &hellip; Jatka lukemista Facebookin suljettu ryhm\u00e4 TOP-p\u00e4iv\u00e4kirjana &rarr;","og_url":"https:\/\/blogit.gradia.fi\/mobiilitohjaajat\/facebookin-suljettu-ryhma-paivakirjana\/","og_site_name":"Mobiilit ohjaajat","article_published_time":"2013-11-28T09:13:47+00:00","article_modified_time":"2013-11-28T09:26:19+00:00","author":"Sirpa Vauhkala","twitter_card":"summary_large_image","twitter_misc":{"Kirjoittanut":"Sirpa Vauhkala","Arvioitu lukuaika":"2 minuuttia"},"schema":{"@context":"https:\/\/schema.org","@graph":[{"@type":"Article","@id":"https:\/\/blogit.gradia.fi\/mobiilitohjaajat\/facebookin-suljettu-ryhma-paivakirjana\/#article","isPartOf":{"@id":"https:\/\/blogit.gradia.fi\/mobiilitohjaajat\/facebookin-suljettu-ryhma-paivakirjana\/"},"author":{"name":"Sirpa Vauhkala","@id":"https:\/\/blogit.gradia.fi\/mobiilitohjaajat\/#\/schema\/person\/af47f873bbb62a6a80c8178d8c589fa8"},"headline":"Facebookin suljettu ryhm\u00e4 TOP-p\u00e4iv\u00e4kirjana","datePublished":"2013-11-28T09:13:47+00:00","dateModified":"2013-11-28T09:26:19+00:00","mainEntityOfPage":{"@id":"https:\/\/blogit.gradia.fi\/mobiilitohjaajat\/facebookin-suljettu-ryhma-paivakirjana\/"},"wordCount":307,"commentCount":0,"keywords":["Facebook","ty\u00f6ss\u00e4oppiminen"],"articleSection":["Facebook-ohjaus","Vaatetus"],"inLanguage":"fi","potentialAction":[{"@type":"CommentAction","name":"Comment","target":["https:\/\/blogit.gradia.fi\/mobiilitohjaajat\/facebookin-suljettu-ryhma-paivakirjana\/#respond"]}]},{"@type":"WebPage","@id":"https:\/\/blogit.gradia.fi\/mobiilitohjaajat\/facebookin-suljettu-ryhma-paivakirjana\/","url":"https:\/\/blogit.gradia.fi\/mobiilitohjaajat\/facebookin-suljettu-ryhma-paivakirjana\/","name":"Facebookin suljettu ryhm\u00e4 TOP-p\u00e4iv\u00e4kirjana - Mobiilit ohjaajat","isPartOf":{"@id":"https:\/\/blogit.gradia.fi\/mobiilitohjaajat\/#website"},"datePublished":"2013-11-28T09:13:47+00:00","dateModified":"2013-11-28T09:26:19+00:00","author":{"@id":"https:\/\/blogit.gradia.fi\/mobiilitohjaajat\/#\/schema\/person\/af47f873bbb62a6a80c8178d8c589fa8"},"inLanguage":"fi","potentialAction":[{"@type":"ReadAction","target":["https:\/\/blogit.gradia.fi\/mobiilitohjaajat\/facebookin-suljettu-ryhma-paivakirjana\/"]}]},{"@type":"WebSite","@id":"https:\/\/blogit.gradia.fi\/mobiilitohjaajat\/#website","url":"https:\/\/blogit.gradia.fi\/mobiilitohjaajat\/","name":"Mobiilit ohjaajat","description":"Opetushallituksen rahoittaman Mobiilit ohjaajat -hankkeen sivusto","potentialAction":[{"@type":"SearchAction","target":{"@type":"EntryPoint","urlTemplate":"https:\/\/blogit.gradia.fi\/mobiilitohjaajat\/?s={search_term_string}"},"query-input":{"@type":"PropertyValueSpecification","valueRequired":true,"valueName":"search_term_string"}}],"inLanguage":"fi"},{"@type":"Person","@id":"https:\/\/blogit.gradia.fi\/mobiilitohjaajat\/#\/schema\/person\/af47f873bbb62a6a80c8178d8c589fa8","name":"Sirpa Vauhkala","image":{"@type":"ImageObject","inLanguage":"fi","@id":"https:\/\/secure.gravatar.com\/avatar\/dc07e6ef6ce853424587fd89ca0e92f890818c11be4a7c8db1cebecdd9fbb85e?s=96&d=mm&r=g","url":"https:\/\/secure.gravatar.com\/avatar\/dc07e6ef6ce853424587fd89ca0e92f890818c11be4a7c8db1cebecdd9fbb85e?s=96&d=mm&r=g","contentUrl":"https:\/\/secure.gravatar.com\/avatar\/dc07e6ef6ce853424587fd89ca0e92f890818c11be4a7c8db1cebecdd9fbb85e?s=96&d=mm&r=g","caption":"Sirpa Vauhkala"},"url":"https:\/\/blogit.gradia.fi\/mobiilitohjaajat\/author\/vauhksir\/"}]}},"uagb_featured_image_src":{"full":false,"thumbnail":false,"medium":false,"medium_large":false,"large":false,"1536x1536":false,"2048x2048":false,"post-thumbnail":false},"uagb_author_info":{"display_name":"Sirpa Vauhkala","author_link":"https:\/\/blogit.gradia.fi\/mobiilitohjaajat\/author\/vauhksir\/"},"uagb_comment_info":0,"uagb_excerpt":"Oppilaani l\u00e4htiv\u00e4t ty\u00f6ss\u00e4oppimisjaksolle (TOP) marraskuun alkupuolella ja palaavat viikon kuluttua takaisin areenalle. TOP-jakso kest\u00e4\u00e4 nelj\u00e4 viikkoa ja painottuu asiakaspalveluun. Oppilaat ovat siis p\u00e4\u00e4asiallisesti vaatetusalan liikkeiss\u00e4, myym\u00e4l\u00f6iss\u00e4, pukuvuokraamoissa tai tarvikemyym\u00e4l\u00f6iss\u00e4. Yhten\u00e4 TOP-jakson itsen\u00e4isen\u00e4 oppimisteht\u00e4v\u00e4n\u00e4 on p\u00e4iv\u00e4kirjan kirjoittaminen. Kyseinen teht\u00e4v\u00e4 on kirjattu niin opetussuunnitelmaan kuin koulutussopimuksiin. Kuten aiempinakin vuosina kirjoitamme p\u00e4iv\u00e4kirjaa Facebookin suljettuun ryhm\u00e4\u00e4n. Teen joka viikon&hellip;","_links":{"self":[{"href":"https:\/\/blogit.gradia.fi\/mobiilitohjaajat\/wp-json\/wp\/v2\/posts\/265","targetHints":{"allow":["GET"]}}],"collection":[{"href":"https:\/\/blogit.gradia.fi\/mobiilitohjaajat\/wp-json\/wp\/v2\/posts"}],"about":[{"href":"https:\/\/blogit.gradia.fi\/mobiilitohjaajat\/wp-json\/wp\/v2\/types\/post"}],"author":[{"embeddable":true,"href":"https:\/\/blogit.gradia.fi\/mobiilitohjaajat\/wp-json\/wp\/v2\/users\/166"}],"replies":[{"embeddable":true,"href":"https:\/\/blogit.gradia.fi\/mobiilitohjaajat\/wp-json\/wp\/v2\/comments?post=265"}],"version-history":[{"count":0,"href":"https:\/\/blogit.gradia.fi\/mobiilitohjaajat\/wp-json\/wp\/v2\/posts\/265\/revisions"}],"wp:attachment":[{"href":"https:\/\/blogit.gradia.fi\/mobiilitohjaajat\/wp-json\/wp\/v2\/media?parent=265"}],"wp:term":[{"taxonomy":"category","embeddable":true,"href":"https:\/\/blogit.gradia.fi\/mobiilitohjaajat\/wp-json\/wp\/v2\/categories?post=265"},{"taxonomy":"post_tag","embeddable":true,"href":"https:\/\/blogit.gradia.fi\/mobiilitohjaajat\/wp-json\/wp\/v2\/tags?post=265"}],"curies":[{"name":"wp","href":"https:\/\/api.w.org\/{rel}","templated":true}]}}