{"id":260,"date":"2013-11-15T15:48:57","date_gmt":"2013-11-15T13:48:57","guid":{"rendered":"https:\/\/blogit.gradia.fi\/mobiilitohjaajat\/?p=260"},"modified":"2013-11-15T15:48:57","modified_gmt":"2013-11-15T13:48:57","slug":"ryhmablogi-hammashoitajaopiskelijoille","status":"publish","type":"post","link":"https:\/\/blogit.gradia.fi\/mobiilitohjaajat\/ryhmablogi-hammashoitajaopiskelijoille\/","title":{"rendered":"Ryhm\u00e4blogi hammashoitajaopiskelijoille"},"content":{"rendered":"<p>Olin hammashoitajaopiskelijoiden kanssa Helsingiss\u00e4 Hammasl\u00e4\u00e4ketiedep\u00e4ivill\u00e4. Olen perustanut heille ryhm\u00e4blogin, jossa he pohtivat, mit\u00e4 uutta jokainen tuolta p\u00e4iv\u00e4lt\u00e4 oppi ja mit\u00e4 ajatuksia her\u00e4si. Ajatuksena on, ett\u00e4 n\u00e4in kaikille (opiskelijoille ja minulle) blogi tulisi tutuksi. Kun he l\u00e4htev\u00e4t ty\u00f6ss\u00e4oppimaan ensi kev\u00e4\u00e4n\u00e4, voimme hy\u00f6dynt\u00e4\u00e4 nyt oppimiamme taitoja ja blogiamme siell\u00e4. N\u00e4in kynnys on silloin matalampi.<\/p>\n<p>Paljon olen itse oppinut uutta. T\u00e4ss\u00e4 sopii hyvin slogan: Yritysten ja erehdysten kautta voittoon!<\/p>\n","protected":false},"excerpt":{"rendered":"<p>Olin hammashoitajaopiskelijoiden kanssa Helsingiss\u00e4 Hammasl\u00e4\u00e4ketiedep\u00e4ivill\u00e4. Olen perustanut heille ryhm\u00e4blogin, jossa he pohtivat, mit\u00e4 uutta jokainen tuolta p\u00e4iv\u00e4lt\u00e4 oppi ja mit\u00e4 ajatuksia her\u00e4si. Ajatuksena on, ett\u00e4 n\u00e4in kaikille (opiskelijoille ja minulle) blogi tulisi tutuksi. Kun he l\u00e4htev\u00e4t ty\u00f6ss\u00e4oppimaan ensi kev\u00e4\u00e4n\u00e4, voimme hy\u00f6dynt\u00e4\u00e4 nyt oppimiamme taitoja ja blogiamme siell\u00e4. N\u00e4in kynnys on silloin matalampi. Paljon olen itse &hellip; <a href=\"https:\/\/blogit.gradia.fi\/mobiilitohjaajat\/ryhmablogi-hammashoitajaopiskelijoille\/\" class=\"more-link\">Jatka lukemista <span class=\"screen-reader-text\">Ryhm\u00e4blogi hammashoitajaopiskelijoille<\/span> <span class=\"meta-nav\">&rarr;<\/span><\/a><\/p>\n","protected":false},"author":170,"featured_media":0,"comment_status":"open","ping_status":"open","sticky":false,"template":"","format":"standard","meta":{"_uag_custom_page_level_css":"","footnotes":""},"categories":[1],"tags":[],"class_list":["post-260","post","type-post","status-publish","format-standard","hentry","category-yleinen"],"yoast_head":"<!-- This site is optimized with the Yoast SEO plugin v27.5 - https:\/\/yoast.com\/product\/yoast-seo-wordpress\/ -->\n<title>Ryhm\u00e4blogi hammashoitajaopiskelijoille - Mobiilit ohjaajat<\/title>\n<meta name=\"robots\" content=\"index, follow, max-snippet:-1, max-image-preview:large, max-video-preview:-1\" \/>\n<link rel=\"canonical\" href=\"https:\/\/blogit.gradia.fi\/mobiilitohjaajat\/ryhmablogi-hammashoitajaopiskelijoille\/\" \/>\n<meta property=\"og:locale\" content=\"fi_FI\" \/>\n<meta property=\"og:type\" content=\"article\" \/>\n<meta property=\"og:title\" content=\"Ryhm\u00e4blogi hammashoitajaopiskelijoille - Mobiilit ohjaajat\" \/>\n<meta property=\"og:description\" content=\"Olin hammashoitajaopiskelijoiden kanssa Helsingiss\u00e4 Hammasl\u00e4\u00e4ketiedep\u00e4ivill\u00e4. Olen perustanut heille ryhm\u00e4blogin, jossa he pohtivat, mit\u00e4 uutta jokainen tuolta p\u00e4iv\u00e4lt\u00e4 oppi ja mit\u00e4 ajatuksia her\u00e4si. Ajatuksena on, ett\u00e4 n\u00e4in kaikille (opiskelijoille ja minulle) blogi tulisi tutuksi. Kun he l\u00e4htev\u00e4t ty\u00f6ss\u00e4oppimaan ensi kev\u00e4\u00e4n\u00e4, voimme hy\u00f6dynt\u00e4\u00e4 nyt oppimiamme taitoja ja blogiamme siell\u00e4. N\u00e4in kynnys on silloin matalampi. Paljon olen itse &hellip; Jatka lukemista Ryhm\u00e4blogi hammashoitajaopiskelijoille &rarr;\" \/>\n<meta property=\"og:url\" content=\"https:\/\/blogit.gradia.fi\/mobiilitohjaajat\/ryhmablogi-hammashoitajaopiskelijoille\/\" \/>\n<meta property=\"og:site_name\" content=\"Mobiilit ohjaajat\" \/>\n<meta property=\"article:published_time\" content=\"2013-11-15T13:48:57+00:00\" \/>\n<meta name=\"author\" content=\"paulalau\" \/>\n<meta name=\"twitter:card\" content=\"summary_large_image\" \/>\n<meta name=\"twitter:label1\" content=\"Kirjoittanut\" \/>\n\t<meta name=\"twitter:data1\" content=\"paulalau\" \/>\n<script type=\"application\/ld+json\" class=\"yoast-schema-graph\">{\"@context\":\"https:\\\/\\\/schema.org\",\"@graph\":[{\"@type\":\"Article\",\"@id\":\"https:\\\/\\\/blogit.gradia.fi\\\/mobiilitohjaajat\\\/ryhmablogi-hammashoitajaopiskelijoille\\\/#article\",\"isPartOf\":{\"@id\":\"https:\\\/\\\/blogit.gradia.fi\\\/mobiilitohjaajat\\\/ryhmablogi-hammashoitajaopiskelijoille\\\/\"},\"author\":{\"name\":\"paulalau\",\"@id\":\"https:\\\/\\\/blogit.gradia.fi\\\/mobiilitohjaajat\\\/#\\\/schema\\\/person\\\/704de8a56641b27df570ac5604feb8b1\"},\"headline\":\"Ryhm\u00e4blogi hammashoitajaopiskelijoille\",\"datePublished\":\"2013-11-15T13:48:57+00:00\",\"mainEntityOfPage\":{\"@id\":\"https:\\\/\\\/blogit.gradia.fi\\\/mobiilitohjaajat\\\/ryhmablogi-hammashoitajaopiskelijoille\\\/\"},\"wordCount\":84,\"commentCount\":0,\"inLanguage\":\"fi\",\"potentialAction\":[{\"@type\":\"CommentAction\",\"name\":\"Comment\",\"target\":[\"https:\\\/\\\/blogit.gradia.fi\\\/mobiilitohjaajat\\\/ryhmablogi-hammashoitajaopiskelijoille\\\/#respond\"]}]},{\"@type\":\"WebPage\",\"@id\":\"https:\\\/\\\/blogit.gradia.fi\\\/mobiilitohjaajat\\\/ryhmablogi-hammashoitajaopiskelijoille\\\/\",\"url\":\"https:\\\/\\\/blogit.gradia.fi\\\/mobiilitohjaajat\\\/ryhmablogi-hammashoitajaopiskelijoille\\\/\",\"name\":\"Ryhm\u00e4blogi hammashoitajaopiskelijoille - Mobiilit ohjaajat\",\"isPartOf\":{\"@id\":\"https:\\\/\\\/blogit.gradia.fi\\\/mobiilitohjaajat\\\/#website\"},\"datePublished\":\"2013-11-15T13:48:57+00:00\",\"author\":{\"@id\":\"https:\\\/\\\/blogit.gradia.fi\\\/mobiilitohjaajat\\\/#\\\/schema\\\/person\\\/704de8a56641b27df570ac5604feb8b1\"},\"inLanguage\":\"fi\",\"potentialAction\":[{\"@type\":\"ReadAction\",\"target\":[\"https:\\\/\\\/blogit.gradia.fi\\\/mobiilitohjaajat\\\/ryhmablogi-hammashoitajaopiskelijoille\\\/\"]}]},{\"@type\":\"WebSite\",\"@id\":\"https:\\\/\\\/blogit.gradia.fi\\\/mobiilitohjaajat\\\/#website\",\"url\":\"https:\\\/\\\/blogit.gradia.fi\\\/mobiilitohjaajat\\\/\",\"name\":\"Mobiilit ohjaajat\",\"description\":\"Opetushallituksen rahoittaman Mobiilit ohjaajat -hankkeen sivusto\",\"potentialAction\":[{\"@type\":\"SearchAction\",\"target\":{\"@type\":\"EntryPoint\",\"urlTemplate\":\"https:\\\/\\\/blogit.gradia.fi\\\/mobiilitohjaajat\\\/?s={search_term_string}\"},\"query-input\":{\"@type\":\"PropertyValueSpecification\",\"valueRequired\":true,\"valueName\":\"search_term_string\"}}],\"inLanguage\":\"fi\"},{\"@type\":\"Person\",\"@id\":\"https:\\\/\\\/blogit.gradia.fi\\\/mobiilitohjaajat\\\/#\\\/schema\\\/person\\\/704de8a56641b27df570ac5604feb8b1\",\"name\":\"paulalau\",\"image\":{\"@type\":\"ImageObject\",\"inLanguage\":\"fi\",\"@id\":\"https:\\\/\\\/secure.gravatar.com\\\/avatar\\\/5c093b39fb0c2f3f80208e8356024c8b3e8e1a0fc0c3be34fd3ff8685027692b?s=96&d=mm&r=g\",\"url\":\"https:\\\/\\\/secure.gravatar.com\\\/avatar\\\/5c093b39fb0c2f3f80208e8356024c8b3e8e1a0fc0c3be34fd3ff8685027692b?s=96&d=mm&r=g\",\"contentUrl\":\"https:\\\/\\\/secure.gravatar.com\\\/avatar\\\/5c093b39fb0c2f3f80208e8356024c8b3e8e1a0fc0c3be34fd3ff8685027692b?s=96&d=mm&r=g\",\"caption\":\"paulalau\"},\"url\":\"https:\\\/\\\/blogit.gradia.fi\\\/mobiilitohjaajat\\\/author\\\/paulalau\\\/\"}]}<\/script>\n<!-- \/ Yoast SEO plugin. -->","yoast_head_json":{"title":"Ryhm\u00e4blogi hammashoitajaopiskelijoille - Mobiilit ohjaajat","robots":{"index":"index","follow":"follow","max-snippet":"max-snippet:-1","max-image-preview":"max-image-preview:large","max-video-preview":"max-video-preview:-1"},"canonical":"https:\/\/blogit.gradia.fi\/mobiilitohjaajat\/ryhmablogi-hammashoitajaopiskelijoille\/","og_locale":"fi_FI","og_type":"article","og_title":"Ryhm\u00e4blogi hammashoitajaopiskelijoille - Mobiilit ohjaajat","og_description":"Olin hammashoitajaopiskelijoiden kanssa Helsingiss\u00e4 Hammasl\u00e4\u00e4ketiedep\u00e4ivill\u00e4. Olen perustanut heille ryhm\u00e4blogin, jossa he pohtivat, mit\u00e4 uutta jokainen tuolta p\u00e4iv\u00e4lt\u00e4 oppi ja mit\u00e4 ajatuksia her\u00e4si. Ajatuksena on, ett\u00e4 n\u00e4in kaikille (opiskelijoille ja minulle) blogi tulisi tutuksi. Kun he l\u00e4htev\u00e4t ty\u00f6ss\u00e4oppimaan ensi kev\u00e4\u00e4n\u00e4, voimme hy\u00f6dynt\u00e4\u00e4 nyt oppimiamme taitoja ja blogiamme siell\u00e4. N\u00e4in kynnys on silloin matalampi. Paljon olen itse &hellip; Jatka lukemista Ryhm\u00e4blogi hammashoitajaopiskelijoille &rarr;","og_url":"https:\/\/blogit.gradia.fi\/mobiilitohjaajat\/ryhmablogi-hammashoitajaopiskelijoille\/","og_site_name":"Mobiilit ohjaajat","article_published_time":"2013-11-15T13:48:57+00:00","author":"paulalau","twitter_card":"summary_large_image","twitter_misc":{"Kirjoittanut":"paulalau"},"schema":{"@context":"https:\/\/schema.org","@graph":[{"@type":"Article","@id":"https:\/\/blogit.gradia.fi\/mobiilitohjaajat\/ryhmablogi-hammashoitajaopiskelijoille\/#article","isPartOf":{"@id":"https:\/\/blogit.gradia.fi\/mobiilitohjaajat\/ryhmablogi-hammashoitajaopiskelijoille\/"},"author":{"name":"paulalau","@id":"https:\/\/blogit.gradia.fi\/mobiilitohjaajat\/#\/schema\/person\/704de8a56641b27df570ac5604feb8b1"},"headline":"Ryhm\u00e4blogi hammashoitajaopiskelijoille","datePublished":"2013-11-15T13:48:57+00:00","mainEntityOfPage":{"@id":"https:\/\/blogit.gradia.fi\/mobiilitohjaajat\/ryhmablogi-hammashoitajaopiskelijoille\/"},"wordCount":84,"commentCount":0,"inLanguage":"fi","potentialAction":[{"@type":"CommentAction","name":"Comment","target":["https:\/\/blogit.gradia.fi\/mobiilitohjaajat\/ryhmablogi-hammashoitajaopiskelijoille\/#respond"]}]},{"@type":"WebPage","@id":"https:\/\/blogit.gradia.fi\/mobiilitohjaajat\/ryhmablogi-hammashoitajaopiskelijoille\/","url":"https:\/\/blogit.gradia.fi\/mobiilitohjaajat\/ryhmablogi-hammashoitajaopiskelijoille\/","name":"Ryhm\u00e4blogi hammashoitajaopiskelijoille - Mobiilit ohjaajat","isPartOf":{"@id":"https:\/\/blogit.gradia.fi\/mobiilitohjaajat\/#website"},"datePublished":"2013-11-15T13:48:57+00:00","author":{"@id":"https:\/\/blogit.gradia.fi\/mobiilitohjaajat\/#\/schema\/person\/704de8a56641b27df570ac5604feb8b1"},"inLanguage":"fi","potentialAction":[{"@type":"ReadAction","target":["https:\/\/blogit.gradia.fi\/mobiilitohjaajat\/ryhmablogi-hammashoitajaopiskelijoille\/"]}]},{"@type":"WebSite","@id":"https:\/\/blogit.gradia.fi\/mobiilitohjaajat\/#website","url":"https:\/\/blogit.gradia.fi\/mobiilitohjaajat\/","name":"Mobiilit ohjaajat","description":"Opetushallituksen rahoittaman Mobiilit ohjaajat -hankkeen sivusto","potentialAction":[{"@type":"SearchAction","target":{"@type":"EntryPoint","urlTemplate":"https:\/\/blogit.gradia.fi\/mobiilitohjaajat\/?s={search_term_string}"},"query-input":{"@type":"PropertyValueSpecification","valueRequired":true,"valueName":"search_term_string"}}],"inLanguage":"fi"},{"@type":"Person","@id":"https:\/\/blogit.gradia.fi\/mobiilitohjaajat\/#\/schema\/person\/704de8a56641b27df570ac5604feb8b1","name":"paulalau","image":{"@type":"ImageObject","inLanguage":"fi","@id":"https:\/\/secure.gravatar.com\/avatar\/5c093b39fb0c2f3f80208e8356024c8b3e8e1a0fc0c3be34fd3ff8685027692b?s=96&d=mm&r=g","url":"https:\/\/secure.gravatar.com\/avatar\/5c093b39fb0c2f3f80208e8356024c8b3e8e1a0fc0c3be34fd3ff8685027692b?s=96&d=mm&r=g","contentUrl":"https:\/\/secure.gravatar.com\/avatar\/5c093b39fb0c2f3f80208e8356024c8b3e8e1a0fc0c3be34fd3ff8685027692b?s=96&d=mm&r=g","caption":"paulalau"},"url":"https:\/\/blogit.gradia.fi\/mobiilitohjaajat\/author\/paulalau\/"}]}},"uagb_featured_image_src":{"full":false,"thumbnail":false,"medium":false,"medium_large":false,"large":false,"1536x1536":false,"2048x2048":false,"post-thumbnail":false},"uagb_author_info":{"display_name":"paulalau","author_link":"https:\/\/blogit.gradia.fi\/mobiilitohjaajat\/author\/paulalau\/"},"uagb_comment_info":0,"uagb_excerpt":"Olin hammashoitajaopiskelijoiden kanssa Helsingiss\u00e4 Hammasl\u00e4\u00e4ketiedep\u00e4ivill\u00e4. Olen perustanut heille ryhm\u00e4blogin, jossa he pohtivat, mit\u00e4 uutta jokainen tuolta p\u00e4iv\u00e4lt\u00e4 oppi ja mit\u00e4 ajatuksia her\u00e4si. Ajatuksena on, ett\u00e4 n\u00e4in kaikille (opiskelijoille ja minulle) blogi tulisi tutuksi. Kun he l\u00e4htev\u00e4t ty\u00f6ss\u00e4oppimaan ensi kev\u00e4\u00e4n\u00e4, voimme hy\u00f6dynt\u00e4\u00e4 nyt oppimiamme taitoja ja blogiamme siell\u00e4. N\u00e4in kynnys on silloin matalampi. Paljon olen itse&hellip;","_links":{"self":[{"href":"https:\/\/blogit.gradia.fi\/mobiilitohjaajat\/wp-json\/wp\/v2\/posts\/260","targetHints":{"allow":["GET"]}}],"collection":[{"href":"https:\/\/blogit.gradia.fi\/mobiilitohjaajat\/wp-json\/wp\/v2\/posts"}],"about":[{"href":"https:\/\/blogit.gradia.fi\/mobiilitohjaajat\/wp-json\/wp\/v2\/types\/post"}],"author":[{"embeddable":true,"href":"https:\/\/blogit.gradia.fi\/mobiilitohjaajat\/wp-json\/wp\/v2\/users\/170"}],"replies":[{"embeddable":true,"href":"https:\/\/blogit.gradia.fi\/mobiilitohjaajat\/wp-json\/wp\/v2\/comments?post=260"}],"version-history":[{"count":0,"href":"https:\/\/blogit.gradia.fi\/mobiilitohjaajat\/wp-json\/wp\/v2\/posts\/260\/revisions"}],"wp:attachment":[{"href":"https:\/\/blogit.gradia.fi\/mobiilitohjaajat\/wp-json\/wp\/v2\/media?parent=260"}],"wp:term":[{"taxonomy":"category","embeddable":true,"href":"https:\/\/blogit.gradia.fi\/mobiilitohjaajat\/wp-json\/wp\/v2\/categories?post=260"},{"taxonomy":"post_tag","embeddable":true,"href":"https:\/\/blogit.gradia.fi\/mobiilitohjaajat\/wp-json\/wp\/v2\/tags?post=260"}],"curies":[{"name":"wp","href":"https:\/\/api.w.org\/{rel}","templated":true}]}}