{"id":255,"date":"2013-11-14T12:33:43","date_gmt":"2013-11-14T10:33:43","guid":{"rendered":"https:\/\/blogit.gradia.fi\/mobiilitohjaajat\/?p=255"},"modified":"2013-11-14T12:36:12","modified_gmt":"2013-11-14T10:36:12","slug":"facebook-tyossaoppimisen-ohjauksessa-sahkoala","status":"publish","type":"post","link":"https:\/\/blogit.gradia.fi\/mobiilitohjaajat\/facebook-tyossaoppimisen-ohjauksessa-sahkoala\/","title":{"rendered":"Facebook ty\u00f6ss\u00e4oppimisen ohjauksessa, S\u00e4hk\u00f6ala"},"content":{"rendered":"<p>Kokeilun aihe: Facebookin k\u00e4ytt\u00f6 ty\u00f6ss\u00e4oppimisen ohjauksessa sek\u00e4 TOP-p\u00e4iv\u00e4kirjana.<\/p>\n<p>Toteutin kokeilun kolmannen vuoden s\u00e4hk\u00f6asentaja opiskelijoille. Tarjosin mahdollisuutta osalle ryhm\u00e4st\u00e4 (11\/24), joista kokeiluun l\u00e4hti mukaan 4 opiskelijaa.<\/p>\n<p>Suurin syy poisj\u00e4\u00e4ntiin oli se, ett\u00e4 opiskelijoilla ei ollut Facebook tili\u00e4, eiv\u00e4tk\u00e4 he\u00a0halunneet sit\u00e4 perustaa kokeilua varten. Yll\u00e4tyin kuinka v\u00e4h\u00e4n opiskelijoista oli liittynyt Facebookiin ja kuinka moni olisi halunnut k\u00e4ytt\u00e4\u00e4 Facebookia, vaikka vaan, opiskeluja varten.<\/p>\n<p>Muodostin Facebookiin suljetun ryhm\u00e4n, jossa tapahtui sek\u00e4 ohjaus ett\u00e4 p\u00e4iv\u00e4kirjan pito. Ryhm\u00e4\u00e4n mukaan l\u00e4hteneet kokivat t\u00e4m\u00e4n tavan toimia nykyaikaiseksi, ja ihmetteliv\u00e4tkin, ett\u00e4 miksi emme ole k\u00e4ytt\u00e4neet aikaisemmin Facebookia opiskelussa.<\/p>\n<p>Ohjauksellinen toiminta oli p\u00e4\u00e4sosin erilaisten kyselyjen tuottaminen Facebookin kysely-ty\u00f6kalulla. Vastaukset tulivat opiskelijoilta nopeasti.<\/p>\n<p>TOP-p\u00e4iv\u00e4kirjaa pidettiin aluksi melko laiskasti (p\u00e4\u00e4osin ei ollenkaan), johtuen pitk\u00e4lti siit\u00e4, ett\u00e4 en ollut antanut ehken j\u00e4rkev\u00e4\u00e4 ohjeistusta kuinka p\u00e4iv\u00e4kirjaa voisi pit\u00e4\u00e4. Opiskelijat kokivat, ett\u00e4 tekstin kirjoittamiseen perustava p\u00e4iv\u00e4kirjan pito ei ole mukavaa lukea, eik\u00e4 sit\u00e4 ole mukava tehd\u00e4.\u00a0Oppilaat tekiv\u00e4t itseohjautuvasti\u00a0jakson lopuksi koonteja ty\u00f6ss\u00e4oppimisjaksosta. Koonneissa oli kuvia tekemist\u00e4\u00e4n s\u00e4hk\u00f6asennuksista sek\u00e4 kerrontaa mit\u00e4 ty\u00f6t sis\u00e4lsiv\u00e4t jne. Koonnit olivat eritt\u00e4in loistavia oivalluksia, kuinka mobiililaitteita voidaan k\u00e4ytt\u00e4\u00e4 opiskelun tukena mm. raporttien tuottamisessa (reflektiot).<\/p>\n<p>Yhteenveto kokeilusta:<\/p>\n<p>Lyhyen kokeilun perusteella voisi todeta, ett\u00e4 Facebook voisi olla yksi hyv\u00e4 tapa aktivoida opiskelijoita TOP-jaksoilla sek\u00e4 hyv\u00e4 tapa tehostaa TOP-jaksojen seurantaa ja ohjausta. Facebookin lis\u00e4ksi vastaavan tyyppisi\u00e4 yhteydenpito sovelluksia on markkinoilla useita. Ryhm\u00e4lt\u00e4 saadun palautteen pohjalta oppilaat olivat itse pit\u00e4neet, isommassa ryhm\u00e4ss\u00e4,\u00a0yhteytt\u00e4 toisiinsa, niin sanoin kuin kuvinkin, WhatsApp-sovelluksella. N\u00e4ytt\u00e4isi silt\u00e4, ett\u00e4 opiskelijat liittyv\u00e4t herkemmin WhatsApp-tyyppisiin ryhmiin kuin Facebook-ryhmiin. On n\u00e4ht\u00e4viss\u00e4 my\u00f6s sellainen seikka, ett\u00e4 opiskelijat haluavat kuulua ja n\u00e4ky\u00e4 omissa ryhmiss\u00e4\u00e4n my\u00f6s TOP-jaksoilla, jolloin muutoin eiv\u00e4t n\u00e4e luokkakavereitaan.<\/p>\n<p>Koekeilun perusteella ongelmaksi saattaa muodostua se, ett\u00e4 kaikki opiskelijat eiv\u00e4t liitty esim. Facebookiin, jolloin ryhm\u00e4nohjaamien saattaa muodostua haastavammaksi, kun joutuu k\u00e4yt\u00e4m\u00e4\u00e4n useita eri viestint\u00e4kanavia. N\u00e4kisin, ett\u00e4 opettajien kannattaa satsata siihen, ett\u00e4 saa opiskelijat liittym\u00e4\u00e4n siihen ohjaussovellukseen, joka on valittu ko. jaksolle.<\/p>\n<p>Omat\u00a0kokemukset Facebookin k\u00e4yt\u00f6st\u00e4 TOP-ohjauksessa ovat rohkaisevia. Mukaan l\u00e4hteneiden opiskelijoiden positiivinen suhtautuminen SoMe:n k\u00e4ytt\u00f6\u00f6n opiskelussa kannustaa kokeilemaan\u00a0muitakin SoMe ty\u00f6kaluja, kuten blogit jne.<\/p>\n","protected":false},"excerpt":{"rendered":"<p>Kokeilun aihe: Facebookin k\u00e4ytt\u00f6 ty\u00f6ss\u00e4oppimisen ohjauksessa sek\u00e4 TOP-p\u00e4iv\u00e4kirjana. Toteutin kokeilun kolmannen vuoden s\u00e4hk\u00f6asentaja opiskelijoille. Tarjosin mahdollisuutta osalle ryhm\u00e4st\u00e4 (11\/24), joista kokeiluun l\u00e4hti mukaan 4 opiskelijaa. Suurin syy poisj\u00e4\u00e4ntiin oli se, ett\u00e4 opiskelijoilla ei ollut Facebook tili\u00e4, eiv\u00e4tk\u00e4 he\u00a0halunneet sit\u00e4 perustaa kokeilua varten. Yll\u00e4tyin kuinka v\u00e4h\u00e4n opiskelijoista oli liittynyt Facebookiin ja kuinka moni olisi halunnut k\u00e4ytt\u00e4\u00e4 &hellip; <a href=\"https:\/\/blogit.gradia.fi\/mobiilitohjaajat\/facebook-tyossaoppimisen-ohjauksessa-sahkoala\/\" class=\"more-link\">Jatka lukemista <span class=\"screen-reader-text\">Facebook ty\u00f6ss\u00e4oppimisen ohjauksessa, S\u00e4hk\u00f6ala<\/span> <span class=\"meta-nav\">&rarr;<\/span><\/a><\/p>\n","protected":false},"author":167,"featured_media":0,"comment_status":"open","ping_status":"open","sticky":false,"template":"","format":"standard","meta":{"_uag_custom_page_level_css":"","footnotes":""},"categories":[19,4,23],"tags":[],"class_list":["post-255","post","type-post","status-publish","format-standard","hentry","category-etaohjaus","category-facebook-ohjaus","category-sahko"],"yoast_head":"<!-- This site is optimized with the Yoast SEO plugin v27.5 - https:\/\/yoast.com\/product\/yoast-seo-wordpress\/ -->\n<title>Facebook ty\u00f6ss\u00e4oppimisen ohjauksessa, S\u00e4hk\u00f6ala - Mobiilit ohjaajat<\/title>\n<meta name=\"robots\" content=\"index, follow, max-snippet:-1, max-image-preview:large, max-video-preview:-1\" \/>\n<link rel=\"canonical\" href=\"https:\/\/blogit.gradia.fi\/mobiilitohjaajat\/facebook-tyossaoppimisen-ohjauksessa-sahkoala\/\" \/>\n<meta property=\"og:locale\" content=\"fi_FI\" \/>\n<meta property=\"og:type\" content=\"article\" \/>\n<meta property=\"og:title\" content=\"Facebook ty\u00f6ss\u00e4oppimisen ohjauksessa, S\u00e4hk\u00f6ala - Mobiilit ohjaajat\" \/>\n<meta property=\"og:description\" content=\"Kokeilun aihe: Facebookin k\u00e4ytt\u00f6 ty\u00f6ss\u00e4oppimisen ohjauksessa sek\u00e4 TOP-p\u00e4iv\u00e4kirjana. Toteutin kokeilun kolmannen vuoden s\u00e4hk\u00f6asentaja opiskelijoille. Tarjosin mahdollisuutta osalle ryhm\u00e4st\u00e4 (11\/24), joista kokeiluun l\u00e4hti mukaan 4 opiskelijaa. Suurin syy poisj\u00e4\u00e4ntiin oli se, ett\u00e4 opiskelijoilla ei ollut Facebook tili\u00e4, eiv\u00e4tk\u00e4 he\u00a0halunneet sit\u00e4 perustaa kokeilua varten. Yll\u00e4tyin kuinka v\u00e4h\u00e4n opiskelijoista oli liittynyt Facebookiin ja kuinka moni olisi halunnut k\u00e4ytt\u00e4\u00e4 &hellip; Jatka lukemista Facebook ty\u00f6ss\u00e4oppimisen ohjauksessa, S\u00e4hk\u00f6ala &rarr;\" \/>\n<meta property=\"og:url\" content=\"https:\/\/blogit.gradia.fi\/mobiilitohjaajat\/facebook-tyossaoppimisen-ohjauksessa-sahkoala\/\" \/>\n<meta property=\"og:site_name\" content=\"Mobiilit ohjaajat\" \/>\n<meta property=\"article:published_time\" content=\"2013-11-14T10:33:43+00:00\" \/>\n<meta property=\"article:modified_time\" content=\"2013-11-14T10:36:12+00:00\" \/>\n<meta name=\"author\" content=\"Jari Peura\" \/>\n<meta name=\"twitter:card\" content=\"summary_large_image\" \/>\n<meta name=\"twitter:label1\" content=\"Kirjoittanut\" \/>\n\t<meta name=\"twitter:data1\" content=\"Jari Peura\" \/>\n\t<meta name=\"twitter:label2\" content=\"Arvioitu lukuaika\" \/>\n\t<meta name=\"twitter:data2\" content=\"2 minuuttia\" \/>\n<script type=\"application\/ld+json\" class=\"yoast-schema-graph\">{\"@context\":\"https:\\\/\\\/schema.org\",\"@graph\":[{\"@type\":\"Article\",\"@id\":\"https:\\\/\\\/blogit.gradia.fi\\\/mobiilitohjaajat\\\/facebook-tyossaoppimisen-ohjauksessa-sahkoala\\\/#article\",\"isPartOf\":{\"@id\":\"https:\\\/\\\/blogit.gradia.fi\\\/mobiilitohjaajat\\\/facebook-tyossaoppimisen-ohjauksessa-sahkoala\\\/\"},\"author\":{\"name\":\"Jari Peura\",\"@id\":\"https:\\\/\\\/blogit.gradia.fi\\\/mobiilitohjaajat\\\/#\\\/schema\\\/person\\\/519f8f44b8ba3930e1dd2a49ad50ab74\"},\"headline\":\"Facebook ty\u00f6ss\u00e4oppimisen ohjauksessa, S\u00e4hk\u00f6ala\",\"datePublished\":\"2013-11-14T10:33:43+00:00\",\"dateModified\":\"2013-11-14T10:36:12+00:00\",\"mainEntityOfPage\":{\"@id\":\"https:\\\/\\\/blogit.gradia.fi\\\/mobiilitohjaajat\\\/facebook-tyossaoppimisen-ohjauksessa-sahkoala\\\/\"},\"wordCount\":403,\"commentCount\":0,\"articleSection\":[\"Et\u00e4ohjauksen menetelm\u00e4t\",\"Facebook-ohjaus\",\"S\u00e4hk\u00f6\"],\"inLanguage\":\"fi\",\"potentialAction\":[{\"@type\":\"CommentAction\",\"name\":\"Comment\",\"target\":[\"https:\\\/\\\/blogit.gradia.fi\\\/mobiilitohjaajat\\\/facebook-tyossaoppimisen-ohjauksessa-sahkoala\\\/#respond\"]}]},{\"@type\":\"WebPage\",\"@id\":\"https:\\\/\\\/blogit.gradia.fi\\\/mobiilitohjaajat\\\/facebook-tyossaoppimisen-ohjauksessa-sahkoala\\\/\",\"url\":\"https:\\\/\\\/blogit.gradia.fi\\\/mobiilitohjaajat\\\/facebook-tyossaoppimisen-ohjauksessa-sahkoala\\\/\",\"name\":\"Facebook ty\u00f6ss\u00e4oppimisen ohjauksessa, S\u00e4hk\u00f6ala - Mobiilit ohjaajat\",\"isPartOf\":{\"@id\":\"https:\\\/\\\/blogit.gradia.fi\\\/mobiilitohjaajat\\\/#website\"},\"datePublished\":\"2013-11-14T10:33:43+00:00\",\"dateModified\":\"2013-11-14T10:36:12+00:00\",\"author\":{\"@id\":\"https:\\\/\\\/blogit.gradia.fi\\\/mobiilitohjaajat\\\/#\\\/schema\\\/person\\\/519f8f44b8ba3930e1dd2a49ad50ab74\"},\"inLanguage\":\"fi\",\"potentialAction\":[{\"@type\":\"ReadAction\",\"target\":[\"https:\\\/\\\/blogit.gradia.fi\\\/mobiilitohjaajat\\\/facebook-tyossaoppimisen-ohjauksessa-sahkoala\\\/\"]}]},{\"@type\":\"WebSite\",\"@id\":\"https:\\\/\\\/blogit.gradia.fi\\\/mobiilitohjaajat\\\/#website\",\"url\":\"https:\\\/\\\/blogit.gradia.fi\\\/mobiilitohjaajat\\\/\",\"name\":\"Mobiilit ohjaajat\",\"description\":\"Opetushallituksen rahoittaman Mobiilit ohjaajat -hankkeen sivusto\",\"potentialAction\":[{\"@type\":\"SearchAction\",\"target\":{\"@type\":\"EntryPoint\",\"urlTemplate\":\"https:\\\/\\\/blogit.gradia.fi\\\/mobiilitohjaajat\\\/?s={search_term_string}\"},\"query-input\":{\"@type\":\"PropertyValueSpecification\",\"valueRequired\":true,\"valueName\":\"search_term_string\"}}],\"inLanguage\":\"fi\"},{\"@type\":\"Person\",\"@id\":\"https:\\\/\\\/blogit.gradia.fi\\\/mobiilitohjaajat\\\/#\\\/schema\\\/person\\\/519f8f44b8ba3930e1dd2a49ad50ab74\",\"name\":\"Jari Peura\",\"image\":{\"@type\":\"ImageObject\",\"inLanguage\":\"fi\",\"@id\":\"https:\\\/\\\/secure.gravatar.com\\\/avatar\\\/cd4db977f82a3f3a2d43781cc65931f16256c34d760c35ad2eabe2138a443223?s=96&d=mm&r=g\",\"url\":\"https:\\\/\\\/secure.gravatar.com\\\/avatar\\\/cd4db977f82a3f3a2d43781cc65931f16256c34d760c35ad2eabe2138a443223?s=96&d=mm&r=g\",\"contentUrl\":\"https:\\\/\\\/secure.gravatar.com\\\/avatar\\\/cd4db977f82a3f3a2d43781cc65931f16256c34d760c35ad2eabe2138a443223?s=96&d=mm&r=g\",\"caption\":\"Jari Peura\"},\"url\":\"https:\\\/\\\/blogit.gradia.fi\\\/mobiilitohjaajat\\\/author\\\/peurajar\\\/\"}]}<\/script>\n<!-- \/ Yoast SEO plugin. -->","yoast_head_json":{"title":"Facebook ty\u00f6ss\u00e4oppimisen ohjauksessa, S\u00e4hk\u00f6ala - Mobiilit ohjaajat","robots":{"index":"index","follow":"follow","max-snippet":"max-snippet:-1","max-image-preview":"max-image-preview:large","max-video-preview":"max-video-preview:-1"},"canonical":"https:\/\/blogit.gradia.fi\/mobiilitohjaajat\/facebook-tyossaoppimisen-ohjauksessa-sahkoala\/","og_locale":"fi_FI","og_type":"article","og_title":"Facebook ty\u00f6ss\u00e4oppimisen ohjauksessa, S\u00e4hk\u00f6ala - Mobiilit ohjaajat","og_description":"Kokeilun aihe: Facebookin k\u00e4ytt\u00f6 ty\u00f6ss\u00e4oppimisen ohjauksessa sek\u00e4 TOP-p\u00e4iv\u00e4kirjana. Toteutin kokeilun kolmannen vuoden s\u00e4hk\u00f6asentaja opiskelijoille. Tarjosin mahdollisuutta osalle ryhm\u00e4st\u00e4 (11\/24), joista kokeiluun l\u00e4hti mukaan 4 opiskelijaa. Suurin syy poisj\u00e4\u00e4ntiin oli se, ett\u00e4 opiskelijoilla ei ollut Facebook tili\u00e4, eiv\u00e4tk\u00e4 he\u00a0halunneet sit\u00e4 perustaa kokeilua varten. Yll\u00e4tyin kuinka v\u00e4h\u00e4n opiskelijoista oli liittynyt Facebookiin ja kuinka moni olisi halunnut k\u00e4ytt\u00e4\u00e4 &hellip; Jatka lukemista Facebook ty\u00f6ss\u00e4oppimisen ohjauksessa, S\u00e4hk\u00f6ala &rarr;","og_url":"https:\/\/blogit.gradia.fi\/mobiilitohjaajat\/facebook-tyossaoppimisen-ohjauksessa-sahkoala\/","og_site_name":"Mobiilit ohjaajat","article_published_time":"2013-11-14T10:33:43+00:00","article_modified_time":"2013-11-14T10:36:12+00:00","author":"Jari Peura","twitter_card":"summary_large_image","twitter_misc":{"Kirjoittanut":"Jari Peura","Arvioitu lukuaika":"2 minuuttia"},"schema":{"@context":"https:\/\/schema.org","@graph":[{"@type":"Article","@id":"https:\/\/blogit.gradia.fi\/mobiilitohjaajat\/facebook-tyossaoppimisen-ohjauksessa-sahkoala\/#article","isPartOf":{"@id":"https:\/\/blogit.gradia.fi\/mobiilitohjaajat\/facebook-tyossaoppimisen-ohjauksessa-sahkoala\/"},"author":{"name":"Jari Peura","@id":"https:\/\/blogit.gradia.fi\/mobiilitohjaajat\/#\/schema\/person\/519f8f44b8ba3930e1dd2a49ad50ab74"},"headline":"Facebook ty\u00f6ss\u00e4oppimisen ohjauksessa, S\u00e4hk\u00f6ala","datePublished":"2013-11-14T10:33:43+00:00","dateModified":"2013-11-14T10:36:12+00:00","mainEntityOfPage":{"@id":"https:\/\/blogit.gradia.fi\/mobiilitohjaajat\/facebook-tyossaoppimisen-ohjauksessa-sahkoala\/"},"wordCount":403,"commentCount":0,"articleSection":["Et\u00e4ohjauksen menetelm\u00e4t","Facebook-ohjaus","S\u00e4hk\u00f6"],"inLanguage":"fi","potentialAction":[{"@type":"CommentAction","name":"Comment","target":["https:\/\/blogit.gradia.fi\/mobiilitohjaajat\/facebook-tyossaoppimisen-ohjauksessa-sahkoala\/#respond"]}]},{"@type":"WebPage","@id":"https:\/\/blogit.gradia.fi\/mobiilitohjaajat\/facebook-tyossaoppimisen-ohjauksessa-sahkoala\/","url":"https:\/\/blogit.gradia.fi\/mobiilitohjaajat\/facebook-tyossaoppimisen-ohjauksessa-sahkoala\/","name":"Facebook ty\u00f6ss\u00e4oppimisen ohjauksessa, S\u00e4hk\u00f6ala - Mobiilit ohjaajat","isPartOf":{"@id":"https:\/\/blogit.gradia.fi\/mobiilitohjaajat\/#website"},"datePublished":"2013-11-14T10:33:43+00:00","dateModified":"2013-11-14T10:36:12+00:00","author":{"@id":"https:\/\/blogit.gradia.fi\/mobiilitohjaajat\/#\/schema\/person\/519f8f44b8ba3930e1dd2a49ad50ab74"},"inLanguage":"fi","potentialAction":[{"@type":"ReadAction","target":["https:\/\/blogit.gradia.fi\/mobiilitohjaajat\/facebook-tyossaoppimisen-ohjauksessa-sahkoala\/"]}]},{"@type":"WebSite","@id":"https:\/\/blogit.gradia.fi\/mobiilitohjaajat\/#website","url":"https:\/\/blogit.gradia.fi\/mobiilitohjaajat\/","name":"Mobiilit ohjaajat","description":"Opetushallituksen rahoittaman Mobiilit ohjaajat -hankkeen sivusto","potentialAction":[{"@type":"SearchAction","target":{"@type":"EntryPoint","urlTemplate":"https:\/\/blogit.gradia.fi\/mobiilitohjaajat\/?s={search_term_string}"},"query-input":{"@type":"PropertyValueSpecification","valueRequired":true,"valueName":"search_term_string"}}],"inLanguage":"fi"},{"@type":"Person","@id":"https:\/\/blogit.gradia.fi\/mobiilitohjaajat\/#\/schema\/person\/519f8f44b8ba3930e1dd2a49ad50ab74","name":"Jari Peura","image":{"@type":"ImageObject","inLanguage":"fi","@id":"https:\/\/secure.gravatar.com\/avatar\/cd4db977f82a3f3a2d43781cc65931f16256c34d760c35ad2eabe2138a443223?s=96&d=mm&r=g","url":"https:\/\/secure.gravatar.com\/avatar\/cd4db977f82a3f3a2d43781cc65931f16256c34d760c35ad2eabe2138a443223?s=96&d=mm&r=g","contentUrl":"https:\/\/secure.gravatar.com\/avatar\/cd4db977f82a3f3a2d43781cc65931f16256c34d760c35ad2eabe2138a443223?s=96&d=mm&r=g","caption":"Jari Peura"},"url":"https:\/\/blogit.gradia.fi\/mobiilitohjaajat\/author\/peurajar\/"}]}},"uagb_featured_image_src":{"full":false,"thumbnail":false,"medium":false,"medium_large":false,"large":false,"1536x1536":false,"2048x2048":false,"post-thumbnail":false},"uagb_author_info":{"display_name":"Jari Peura","author_link":"https:\/\/blogit.gradia.fi\/mobiilitohjaajat\/author\/peurajar\/"},"uagb_comment_info":2,"uagb_excerpt":"Kokeilun aihe: Facebookin k\u00e4ytt\u00f6 ty\u00f6ss\u00e4oppimisen ohjauksessa sek\u00e4 TOP-p\u00e4iv\u00e4kirjana. Toteutin kokeilun kolmannen vuoden s\u00e4hk\u00f6asentaja opiskelijoille. Tarjosin mahdollisuutta osalle ryhm\u00e4st\u00e4 (11\/24), joista kokeiluun l\u00e4hti mukaan 4 opiskelijaa. Suurin syy poisj\u00e4\u00e4ntiin oli se, ett\u00e4 opiskelijoilla ei ollut Facebook tili\u00e4, eiv\u00e4tk\u00e4 he\u00a0halunneet sit\u00e4 perustaa kokeilua varten. Yll\u00e4tyin kuinka v\u00e4h\u00e4n opiskelijoista oli liittynyt Facebookiin ja kuinka moni olisi halunnut k\u00e4ytt\u00e4\u00e4&hellip;","_links":{"self":[{"href":"https:\/\/blogit.gradia.fi\/mobiilitohjaajat\/wp-json\/wp\/v2\/posts\/255","targetHints":{"allow":["GET"]}}],"collection":[{"href":"https:\/\/blogit.gradia.fi\/mobiilitohjaajat\/wp-json\/wp\/v2\/posts"}],"about":[{"href":"https:\/\/blogit.gradia.fi\/mobiilitohjaajat\/wp-json\/wp\/v2\/types\/post"}],"author":[{"embeddable":true,"href":"https:\/\/blogit.gradia.fi\/mobiilitohjaajat\/wp-json\/wp\/v2\/users\/167"}],"replies":[{"embeddable":true,"href":"https:\/\/blogit.gradia.fi\/mobiilitohjaajat\/wp-json\/wp\/v2\/comments?post=255"}],"version-history":[{"count":0,"href":"https:\/\/blogit.gradia.fi\/mobiilitohjaajat\/wp-json\/wp\/v2\/posts\/255\/revisions"}],"wp:attachment":[{"href":"https:\/\/blogit.gradia.fi\/mobiilitohjaajat\/wp-json\/wp\/v2\/media?parent=255"}],"wp:term":[{"taxonomy":"category","embeddable":true,"href":"https:\/\/blogit.gradia.fi\/mobiilitohjaajat\/wp-json\/wp\/v2\/categories?post=255"},{"taxonomy":"post_tag","embeddable":true,"href":"https:\/\/blogit.gradia.fi\/mobiilitohjaajat\/wp-json\/wp\/v2\/tags?post=255"}],"curies":[{"name":"wp","href":"https:\/\/api.w.org\/{rel}","templated":true}]}}