{"id":245,"date":"2013-10-29T10:58:25","date_gmt":"2013-10-29T08:58:25","guid":{"rendered":"https:\/\/blogit.gradia.fi\/mobiilitohjaajat\/?p=245"},"modified":"2013-10-29T10:58:25","modified_gmt":"2013-10-29T08:58:25","slug":"mobiiliohjaus-tyossaoppimisessa-adobe-connectpron-avulla","status":"publish","type":"post","link":"https:\/\/blogit.gradia.fi\/mobiilitohjaajat\/mobiiliohjaus-tyossaoppimisessa-adobe-connectpron-avulla\/","title":{"rendered":"Mobiiliohjaus ty\u00f6ss\u00e4oppimisessa Adobe ConnectPron avulla"},"content":{"rendered":"<p><strong>Adope Connect Pro -et\u00e4ohjauksessa yrityksess\u00e4<\/strong><\/p>\n<p>Minulla on opiskelijoita ty\u00f6ss\u00e4oppimassa kahdella luokalla ymp\u00e4ri Keski-Suomen ja ajan k\u00e4ytt\u00f6\u00e4 j\u00e4rkev\u00f6itt\u00e4\u00e4kseni testasin t\u00e4n\u00e4\u00e4n et\u00e4arviointia Adope Connetpro ohjelman avulla tablettien v\u00e4lityksell\u00e4. Olen k\u00e4ynyt harjoittelun alussa opiskelijan ty\u00f6paikalla ja olemme k\u00e4yneet t\u00e4ll\u00f6in l\u00e4pi ja kirjanneet yl\u00f6s opiskelijan tavoitteet ja teht\u00e4v\u00e4t. Olen ollut my\u00f6s t\u00e4ss\u00e4 v\u00e4lill\u00e4 yhteydess\u00e4 ohjaajaan ja varmistellut tavoitteiden t\u00e4yttymist\u00e4. Et\u00e4yhteydell\u00e4 hoidettiin siis viimeinen arviointi keskustelu.<\/p>\n<p>Lainasin opiskelijalleni koulun tabletin ja katsoimme, kuinka opiskelija voisi jakaa verkkoyhteyden omalta k\u00e4nnyk\u00e4lt\u00e4\u00e4n tabletille, sill\u00e4 ty\u00f6paikalla ei ollut langatontaverkkoa eik\u00e4 koulun tabletissa ollut sim-korttia. Ty\u00f6paikan suojaukset estiv\u00e4t kokoushuoneen linkin jakamisen s\u00e4hk\u00f6postin v\u00e4lityksell\u00e4, joten t\u00e4m\u00e4n vuoksi p\u00e4\u00e4dyimme mobiililaiteratkaisuun.<\/p>\n<p>&nbsp;<\/p>\n<p><strong>Haasteita<\/strong><\/p>\n<p>Pieni\u00e4 haasteita tabletlaitteen k\u00e4ytt\u00f6\u00f6n t\u00e4ss\u00e4 tilanteessa aiheutti \u00e4\u00e4nen kiert\u00e4minen. Minun monologini ajaksi pyysin opiskelijaa mykist\u00e4m\u00e4\u00e4n heid\u00e4n mikrofoninsa, jolloin \u00e4\u00e4nen kiert\u00e4minen poistui. Muulloin t\u00e4m\u00e4 aiheutti minulle pient\u00e4 &#8221;ep\u00e4mukavuutta&#8221;, sill\u00e4 kuulin omat kysymykseni kahteen kertaan. Opiskelijan ja ohjaajan puhuessa pystyin seuraamaan heid\u00e4n arviointikeskusteluaan oikein hyvin.<\/p>\n<p>AC ohjelman k\u00e4ytt\u00f6 tabletilla onnistuu yksin loistavasti, sill\u00e4 tablet laitteeseen liitett\u00e4v\u00e4t kuulokkeet est\u00e4v\u00e4t \u00e4\u00e4nen kiert\u00e4misen. Itse olen k\u00e4ytt\u00e4nyt AC-ohjelmaa lukuisat kerrat verkkokouksiin t\u00e4ysin moitteettomasti.<\/p>\n<p>&nbsp;<\/p>\n<p><strong>Kokemukset<\/strong><\/p>\n<p>Ty\u00f6paikka ohjaaja piti kokemusta ihan positiivisena ja mainitsi t\u00e4m\u00e4n olevan tulevaisuutta. Haasteena pohdimme yhteyden pelaamista ja sit\u00e4, ettei koululla ole tarjota laitetta, jossa verkkoyhteys olisi valmiina. My\u00f6sk\u00e4\u00e4n yrityksen omat tietokoneet ja laitekanta ei tue et\u00e4yhteyksien k\u00e4ytt\u00f6\u00e4 eli heill\u00e4 ei ole langatonta verkkoa, eik\u00e4 tarvittavia mikrofooneja tai kuulokkeita.<\/p>\n<p>Itse koin, ett\u00e4 kokeilusta oli minulle hy\u00f6ty\u00e4 nimen omaan oman ty\u00f6ajan j\u00e4rkev\u00e4ss\u00e4 k\u00e4yt\u00f6ss\u00e4, sill\u00e4 nyt en istunut autossa 2x 45min tavoittaakseni yhden opiskelijan, vaan pystyin k\u00e4ym\u00e4\u00e4n keskustelun ja siirtym\u00e4\u00e4n sen j\u00e4lkeen suoraan seuraavaan teht\u00e4v\u00e4\u00e4n. Tulevaisuudessa, jos koneisiin sis\u00e4\u00e4nrakennetut mikrofoonit yleistyv\u00e4t, niin t\u00e4st\u00e4kin menetelm\u00e4st\u00e4 tulee yksinkertaisempi k\u00e4ytt\u00e4\u00e4. Itse aion jatkaa kokeiluja aina, kun se on j\u00e4rkev\u00e4\u00e4 ja siihen tarjoutuu mahdollisuus.<\/p>\n<p>&nbsp;<\/p>\n","protected":false},"excerpt":{"rendered":"<p>Adope Connect Pro -et\u00e4ohjauksessa yrityksess\u00e4 Minulla on opiskelijoita ty\u00f6ss\u00e4oppimassa kahdella luokalla ymp\u00e4ri Keski-Suomen ja ajan k\u00e4ytt\u00f6\u00e4 j\u00e4rkev\u00f6itt\u00e4\u00e4kseni testasin t\u00e4n\u00e4\u00e4n et\u00e4arviointia Adope Connetpro ohjelman avulla tablettien v\u00e4lityksell\u00e4. Olen k\u00e4ynyt harjoittelun alussa opiskelijan ty\u00f6paikalla ja olemme k\u00e4yneet t\u00e4ll\u00f6in l\u00e4pi ja kirjanneet yl\u00f6s opiskelijan tavoitteet ja teht\u00e4v\u00e4t. Olen ollut my\u00f6s t\u00e4ss\u00e4 v\u00e4lill\u00e4 yhteydess\u00e4 ohjaajaan ja varmistellut tavoitteiden t\u00e4yttymist\u00e4. &hellip; <a href=\"https:\/\/blogit.gradia.fi\/mobiilitohjaajat\/mobiiliohjaus-tyossaoppimisessa-adobe-connectpron-avulla\/\" class=\"more-link\">Jatka lukemista <span class=\"screen-reader-text\">Mobiiliohjaus ty\u00f6ss\u00e4oppimisessa Adobe ConnectPron avulla<\/span> <span class=\"meta-nav\">&rarr;<\/span><\/a><\/p>\n","protected":false},"author":165,"featured_media":0,"comment_status":"open","ping_status":"open","sticky":false,"template":"","format":"standard","meta":{"_uag_custom_page_level_css":"","footnotes":""},"categories":[19,26,1],"tags":[],"class_list":["post-245","post","type-post","status-publish","format-standard","hentry","category-etaohjaus","category-kauppa","category-yleinen"],"yoast_head":"<!-- This site is optimized with the Yoast SEO plugin v27.5 - https:\/\/yoast.com\/product\/yoast-seo-wordpress\/ -->\n<title>Mobiiliohjaus ty\u00f6ss\u00e4oppimisessa Adobe ConnectPron avulla - Mobiilit ohjaajat<\/title>\n<meta name=\"robots\" content=\"index, follow, max-snippet:-1, max-image-preview:large, max-video-preview:-1\" \/>\n<link rel=\"canonical\" href=\"https:\/\/blogit.gradia.fi\/mobiilitohjaajat\/mobiiliohjaus-tyossaoppimisessa-adobe-connectpron-avulla\/\" \/>\n<meta property=\"og:locale\" content=\"fi_FI\" \/>\n<meta property=\"og:type\" content=\"article\" \/>\n<meta property=\"og:title\" content=\"Mobiiliohjaus ty\u00f6ss\u00e4oppimisessa Adobe ConnectPron avulla - Mobiilit ohjaajat\" \/>\n<meta property=\"og:description\" content=\"Adope Connect Pro -et\u00e4ohjauksessa yrityksess\u00e4 Minulla on opiskelijoita ty\u00f6ss\u00e4oppimassa kahdella luokalla ymp\u00e4ri Keski-Suomen ja ajan k\u00e4ytt\u00f6\u00e4 j\u00e4rkev\u00f6itt\u00e4\u00e4kseni testasin t\u00e4n\u00e4\u00e4n et\u00e4arviointia Adope Connetpro ohjelman avulla tablettien v\u00e4lityksell\u00e4. Olen k\u00e4ynyt harjoittelun alussa opiskelijan ty\u00f6paikalla ja olemme k\u00e4yneet t\u00e4ll\u00f6in l\u00e4pi ja kirjanneet yl\u00f6s opiskelijan tavoitteet ja teht\u00e4v\u00e4t. Olen ollut my\u00f6s t\u00e4ss\u00e4 v\u00e4lill\u00e4 yhteydess\u00e4 ohjaajaan ja varmistellut tavoitteiden t\u00e4yttymist\u00e4. &hellip; Jatka lukemista Mobiiliohjaus ty\u00f6ss\u00e4oppimisessa Adobe ConnectPron avulla &rarr;\" \/>\n<meta property=\"og:url\" content=\"https:\/\/blogit.gradia.fi\/mobiilitohjaajat\/mobiiliohjaus-tyossaoppimisessa-adobe-connectpron-avulla\/\" \/>\n<meta property=\"og:site_name\" content=\"Mobiilit ohjaajat\" \/>\n<meta property=\"article:published_time\" content=\"2013-10-29T08:58:25+00:00\" \/>\n<meta name=\"author\" content=\"Heini Pennanen\" \/>\n<meta name=\"twitter:card\" content=\"summary_large_image\" \/>\n<meta name=\"twitter:label1\" content=\"Kirjoittanut\" \/>\n\t<meta name=\"twitter:data1\" content=\"Heini Pennanen\" \/>\n\t<meta name=\"twitter:label2\" content=\"Arvioitu lukuaika\" \/>\n\t<meta name=\"twitter:data2\" content=\"2 minuuttia\" \/>\n<script type=\"application\/ld+json\" class=\"yoast-schema-graph\">{\"@context\":\"https:\\\/\\\/schema.org\",\"@graph\":[{\"@type\":\"Article\",\"@id\":\"https:\\\/\\\/blogit.gradia.fi\\\/mobiilitohjaajat\\\/mobiiliohjaus-tyossaoppimisessa-adobe-connectpron-avulla\\\/#article\",\"isPartOf\":{\"@id\":\"https:\\\/\\\/blogit.gradia.fi\\\/mobiilitohjaajat\\\/mobiiliohjaus-tyossaoppimisessa-adobe-connectpron-avulla\\\/\"},\"author\":{\"name\":\"Heini Pennanen\",\"@id\":\"https:\\\/\\\/blogit.gradia.fi\\\/mobiilitohjaajat\\\/#\\\/schema\\\/person\\\/d0b1cfd74c104683772b3edeac4e49ee\"},\"headline\":\"Mobiiliohjaus ty\u00f6ss\u00e4oppimisessa Adobe ConnectPron avulla\",\"datePublished\":\"2013-10-29T08:58:25+00:00\",\"mainEntityOfPage\":{\"@id\":\"https:\\\/\\\/blogit.gradia.fi\\\/mobiilitohjaajat\\\/mobiiliohjaus-tyossaoppimisessa-adobe-connectpron-avulla\\\/\"},\"wordCount\":367,\"commentCount\":0,\"articleSection\":[\"Et\u00e4ohjauksen menetelm\u00e4t\",\"Kauppa ja palvelut\"],\"inLanguage\":\"fi\",\"potentialAction\":[{\"@type\":\"CommentAction\",\"name\":\"Comment\",\"target\":[\"https:\\\/\\\/blogit.gradia.fi\\\/mobiilitohjaajat\\\/mobiiliohjaus-tyossaoppimisessa-adobe-connectpron-avulla\\\/#respond\"]}]},{\"@type\":\"WebPage\",\"@id\":\"https:\\\/\\\/blogit.gradia.fi\\\/mobiilitohjaajat\\\/mobiiliohjaus-tyossaoppimisessa-adobe-connectpron-avulla\\\/\",\"url\":\"https:\\\/\\\/blogit.gradia.fi\\\/mobiilitohjaajat\\\/mobiiliohjaus-tyossaoppimisessa-adobe-connectpron-avulla\\\/\",\"name\":\"Mobiiliohjaus ty\u00f6ss\u00e4oppimisessa Adobe ConnectPron avulla - Mobiilit ohjaajat\",\"isPartOf\":{\"@id\":\"https:\\\/\\\/blogit.gradia.fi\\\/mobiilitohjaajat\\\/#website\"},\"datePublished\":\"2013-10-29T08:58:25+00:00\",\"author\":{\"@id\":\"https:\\\/\\\/blogit.gradia.fi\\\/mobiilitohjaajat\\\/#\\\/schema\\\/person\\\/d0b1cfd74c104683772b3edeac4e49ee\"},\"inLanguage\":\"fi\",\"potentialAction\":[{\"@type\":\"ReadAction\",\"target\":[\"https:\\\/\\\/blogit.gradia.fi\\\/mobiilitohjaajat\\\/mobiiliohjaus-tyossaoppimisessa-adobe-connectpron-avulla\\\/\"]}]},{\"@type\":\"WebSite\",\"@id\":\"https:\\\/\\\/blogit.gradia.fi\\\/mobiilitohjaajat\\\/#website\",\"url\":\"https:\\\/\\\/blogit.gradia.fi\\\/mobiilitohjaajat\\\/\",\"name\":\"Mobiilit ohjaajat\",\"description\":\"Opetushallituksen rahoittaman Mobiilit ohjaajat -hankkeen sivusto\",\"potentialAction\":[{\"@type\":\"SearchAction\",\"target\":{\"@type\":\"EntryPoint\",\"urlTemplate\":\"https:\\\/\\\/blogit.gradia.fi\\\/mobiilitohjaajat\\\/?s={search_term_string}\"},\"query-input\":{\"@type\":\"PropertyValueSpecification\",\"valueRequired\":true,\"valueName\":\"search_term_string\"}}],\"inLanguage\":\"fi\"},{\"@type\":\"Person\",\"@id\":\"https:\\\/\\\/blogit.gradia.fi\\\/mobiilitohjaajat\\\/#\\\/schema\\\/person\\\/d0b1cfd74c104683772b3edeac4e49ee\",\"name\":\"Heini Pennanen\",\"image\":{\"@type\":\"ImageObject\",\"inLanguage\":\"fi\",\"@id\":\"https:\\\/\\\/secure.gravatar.com\\\/avatar\\\/3df99d3b29e3db1417790cce1fb1d33fa9a76bb7f8318326848fa7c14b5a086a?s=96&d=mm&r=g\",\"url\":\"https:\\\/\\\/secure.gravatar.com\\\/avatar\\\/3df99d3b29e3db1417790cce1fb1d33fa9a76bb7f8318326848fa7c14b5a086a?s=96&d=mm&r=g\",\"contentUrl\":\"https:\\\/\\\/secure.gravatar.com\\\/avatar\\\/3df99d3b29e3db1417790cce1fb1d33fa9a76bb7f8318326848fa7c14b5a086a?s=96&d=mm&r=g\",\"caption\":\"Heini Pennanen\"},\"url\":\"https:\\\/\\\/blogit.gradia.fi\\\/mobiilitohjaajat\\\/author\\\/pennahei\\\/\"}]}<\/script>\n<!-- \/ Yoast SEO plugin. -->","yoast_head_json":{"title":"Mobiiliohjaus ty\u00f6ss\u00e4oppimisessa Adobe ConnectPron avulla - Mobiilit ohjaajat","robots":{"index":"index","follow":"follow","max-snippet":"max-snippet:-1","max-image-preview":"max-image-preview:large","max-video-preview":"max-video-preview:-1"},"canonical":"https:\/\/blogit.gradia.fi\/mobiilitohjaajat\/mobiiliohjaus-tyossaoppimisessa-adobe-connectpron-avulla\/","og_locale":"fi_FI","og_type":"article","og_title":"Mobiiliohjaus ty\u00f6ss\u00e4oppimisessa Adobe ConnectPron avulla - Mobiilit ohjaajat","og_description":"Adope Connect Pro -et\u00e4ohjauksessa yrityksess\u00e4 Minulla on opiskelijoita ty\u00f6ss\u00e4oppimassa kahdella luokalla ymp\u00e4ri Keski-Suomen ja ajan k\u00e4ytt\u00f6\u00e4 j\u00e4rkev\u00f6itt\u00e4\u00e4kseni testasin t\u00e4n\u00e4\u00e4n et\u00e4arviointia Adope Connetpro ohjelman avulla tablettien v\u00e4lityksell\u00e4. Olen k\u00e4ynyt harjoittelun alussa opiskelijan ty\u00f6paikalla ja olemme k\u00e4yneet t\u00e4ll\u00f6in l\u00e4pi ja kirjanneet yl\u00f6s opiskelijan tavoitteet ja teht\u00e4v\u00e4t. Olen ollut my\u00f6s t\u00e4ss\u00e4 v\u00e4lill\u00e4 yhteydess\u00e4 ohjaajaan ja varmistellut tavoitteiden t\u00e4yttymist\u00e4. &hellip; Jatka lukemista Mobiiliohjaus ty\u00f6ss\u00e4oppimisessa Adobe ConnectPron avulla &rarr;","og_url":"https:\/\/blogit.gradia.fi\/mobiilitohjaajat\/mobiiliohjaus-tyossaoppimisessa-adobe-connectpron-avulla\/","og_site_name":"Mobiilit ohjaajat","article_published_time":"2013-10-29T08:58:25+00:00","author":"Heini Pennanen","twitter_card":"summary_large_image","twitter_misc":{"Kirjoittanut":"Heini Pennanen","Arvioitu lukuaika":"2 minuuttia"},"schema":{"@context":"https:\/\/schema.org","@graph":[{"@type":"Article","@id":"https:\/\/blogit.gradia.fi\/mobiilitohjaajat\/mobiiliohjaus-tyossaoppimisessa-adobe-connectpron-avulla\/#article","isPartOf":{"@id":"https:\/\/blogit.gradia.fi\/mobiilitohjaajat\/mobiiliohjaus-tyossaoppimisessa-adobe-connectpron-avulla\/"},"author":{"name":"Heini Pennanen","@id":"https:\/\/blogit.gradia.fi\/mobiilitohjaajat\/#\/schema\/person\/d0b1cfd74c104683772b3edeac4e49ee"},"headline":"Mobiiliohjaus ty\u00f6ss\u00e4oppimisessa Adobe ConnectPron avulla","datePublished":"2013-10-29T08:58:25+00:00","mainEntityOfPage":{"@id":"https:\/\/blogit.gradia.fi\/mobiilitohjaajat\/mobiiliohjaus-tyossaoppimisessa-adobe-connectpron-avulla\/"},"wordCount":367,"commentCount":0,"articleSection":["Et\u00e4ohjauksen menetelm\u00e4t","Kauppa ja palvelut"],"inLanguage":"fi","potentialAction":[{"@type":"CommentAction","name":"Comment","target":["https:\/\/blogit.gradia.fi\/mobiilitohjaajat\/mobiiliohjaus-tyossaoppimisessa-adobe-connectpron-avulla\/#respond"]}]},{"@type":"WebPage","@id":"https:\/\/blogit.gradia.fi\/mobiilitohjaajat\/mobiiliohjaus-tyossaoppimisessa-adobe-connectpron-avulla\/","url":"https:\/\/blogit.gradia.fi\/mobiilitohjaajat\/mobiiliohjaus-tyossaoppimisessa-adobe-connectpron-avulla\/","name":"Mobiiliohjaus ty\u00f6ss\u00e4oppimisessa Adobe ConnectPron avulla - Mobiilit ohjaajat","isPartOf":{"@id":"https:\/\/blogit.gradia.fi\/mobiilitohjaajat\/#website"},"datePublished":"2013-10-29T08:58:25+00:00","author":{"@id":"https:\/\/blogit.gradia.fi\/mobiilitohjaajat\/#\/schema\/person\/d0b1cfd74c104683772b3edeac4e49ee"},"inLanguage":"fi","potentialAction":[{"@type":"ReadAction","target":["https:\/\/blogit.gradia.fi\/mobiilitohjaajat\/mobiiliohjaus-tyossaoppimisessa-adobe-connectpron-avulla\/"]}]},{"@type":"WebSite","@id":"https:\/\/blogit.gradia.fi\/mobiilitohjaajat\/#website","url":"https:\/\/blogit.gradia.fi\/mobiilitohjaajat\/","name":"Mobiilit ohjaajat","description":"Opetushallituksen rahoittaman Mobiilit ohjaajat -hankkeen sivusto","potentialAction":[{"@type":"SearchAction","target":{"@type":"EntryPoint","urlTemplate":"https:\/\/blogit.gradia.fi\/mobiilitohjaajat\/?s={search_term_string}"},"query-input":{"@type":"PropertyValueSpecification","valueRequired":true,"valueName":"search_term_string"}}],"inLanguage":"fi"},{"@type":"Person","@id":"https:\/\/blogit.gradia.fi\/mobiilitohjaajat\/#\/schema\/person\/d0b1cfd74c104683772b3edeac4e49ee","name":"Heini Pennanen","image":{"@type":"ImageObject","inLanguage":"fi","@id":"https:\/\/secure.gravatar.com\/avatar\/3df99d3b29e3db1417790cce1fb1d33fa9a76bb7f8318326848fa7c14b5a086a?s=96&d=mm&r=g","url":"https:\/\/secure.gravatar.com\/avatar\/3df99d3b29e3db1417790cce1fb1d33fa9a76bb7f8318326848fa7c14b5a086a?s=96&d=mm&r=g","contentUrl":"https:\/\/secure.gravatar.com\/avatar\/3df99d3b29e3db1417790cce1fb1d33fa9a76bb7f8318326848fa7c14b5a086a?s=96&d=mm&r=g","caption":"Heini Pennanen"},"url":"https:\/\/blogit.gradia.fi\/mobiilitohjaajat\/author\/pennahei\/"}]}},"uagb_featured_image_src":{"full":false,"thumbnail":false,"medium":false,"medium_large":false,"large":false,"1536x1536":false,"2048x2048":false,"post-thumbnail":false},"uagb_author_info":{"display_name":"Heini Pennanen","author_link":"https:\/\/blogit.gradia.fi\/mobiilitohjaajat\/author\/pennahei\/"},"uagb_comment_info":0,"uagb_excerpt":"Adope Connect Pro -et\u00e4ohjauksessa yrityksess\u00e4 Minulla on opiskelijoita ty\u00f6ss\u00e4oppimassa kahdella luokalla ymp\u00e4ri Keski-Suomen ja ajan k\u00e4ytt\u00f6\u00e4 j\u00e4rkev\u00f6itt\u00e4\u00e4kseni testasin t\u00e4n\u00e4\u00e4n et\u00e4arviointia Adope Connetpro ohjelman avulla tablettien v\u00e4lityksell\u00e4. Olen k\u00e4ynyt harjoittelun alussa opiskelijan ty\u00f6paikalla ja olemme k\u00e4yneet t\u00e4ll\u00f6in l\u00e4pi ja kirjanneet yl\u00f6s opiskelijan tavoitteet ja teht\u00e4v\u00e4t. Olen ollut my\u00f6s t\u00e4ss\u00e4 v\u00e4lill\u00e4 yhteydess\u00e4 ohjaajaan ja varmistellut tavoitteiden t\u00e4yttymist\u00e4.&hellip;","_links":{"self":[{"href":"https:\/\/blogit.gradia.fi\/mobiilitohjaajat\/wp-json\/wp\/v2\/posts\/245","targetHints":{"allow":["GET"]}}],"collection":[{"href":"https:\/\/blogit.gradia.fi\/mobiilitohjaajat\/wp-json\/wp\/v2\/posts"}],"about":[{"href":"https:\/\/blogit.gradia.fi\/mobiilitohjaajat\/wp-json\/wp\/v2\/types\/post"}],"author":[{"embeddable":true,"href":"https:\/\/blogit.gradia.fi\/mobiilitohjaajat\/wp-json\/wp\/v2\/users\/165"}],"replies":[{"embeddable":true,"href":"https:\/\/blogit.gradia.fi\/mobiilitohjaajat\/wp-json\/wp\/v2\/comments?post=245"}],"version-history":[{"count":0,"href":"https:\/\/blogit.gradia.fi\/mobiilitohjaajat\/wp-json\/wp\/v2\/posts\/245\/revisions"}],"wp:attachment":[{"href":"https:\/\/blogit.gradia.fi\/mobiilitohjaajat\/wp-json\/wp\/v2\/media?parent=245"}],"wp:term":[{"taxonomy":"category","embeddable":true,"href":"https:\/\/blogit.gradia.fi\/mobiilitohjaajat\/wp-json\/wp\/v2\/categories?post=245"},{"taxonomy":"post_tag","embeddable":true,"href":"https:\/\/blogit.gradia.fi\/mobiilitohjaajat\/wp-json\/wp\/v2\/tags?post=245"}],"curies":[{"name":"wp","href":"https:\/\/api.w.org\/{rel}","templated":true}]}}