{"id":216,"date":"2013-10-09T08:34:01","date_gmt":"2013-10-09T05:34:01","guid":{"rendered":"https:\/\/blogit.gradia.fi\/mobiilitohjaajat\/?p=216"},"modified":"2013-10-09T08:34:01","modified_gmt":"2013-10-09T05:34:01","slug":"facebook-tyossaoppimisen-ohjauksen-apuvalineena","status":"publish","type":"post","link":"https:\/\/blogit.gradia.fi\/mobiilitohjaajat\/facebook-tyossaoppimisen-ohjauksen-apuvalineena\/","title":{"rendered":"Facebook ty\u00f6ss\u00e4oppimisen ohjauksen apuv\u00e4lineen\u00e4?"},"content":{"rendered":"<p>Nyt me Leenan kanssa olemme t\u00e4\u00e4ll\u00e4 Esedussa tehneet ensimm\u00e4isi\u00e4 laitehankintoja ja odotamme niiden saapumista.<\/p>\n<p>Olemme paljon pohtineet, miten pystyisimme hy\u00f6dynt\u00e4m\u00e4\u00e4n Facebook-ohjausta ty\u00f6ss\u00e4oppimisen aikana.\u00a0Jaon vaatetusalan kokemukset toppiohjauksessa viikoittain vaihtuvin teemoin kuulosti meist\u00e4 hyv\u00e4lt\u00e4. N\u00e4in oppimistavoitteet pysyisiv\u00e4t hyvin opiskelijoiden mieless\u00e4.\u00a0L\u00f6ytyisik\u00f6\u00a0Facebookin kautta my\u00f6s opiskelijoille mahdollisuus\u00a0yhteisten &#8221;hyvien vinkkien&#8221; jakamiseen? Nyt usein ne tulevat vasta ty\u00f6ss\u00e4oppimisen j\u00e4lkeen yhteisiss\u00e4\u00a0ty\u00f6ss\u00e4oppimisen paluukeskusteluissa\u00a0esiin ja moni opiskelija harmittelee, ettei ennemmin ollut tullut puheeksi. T\u00e4llaisia asioita nyt p\u00e4hk\u00e4ill\u00e4\u00e4n..<\/p>\n","protected":false},"excerpt":{"rendered":"<p>Nyt me Leenan kanssa olemme t\u00e4\u00e4ll\u00e4 Esedussa tehneet ensimm\u00e4isi\u00e4 laitehankintoja ja odotamme niiden saapumista. Olemme paljon pohtineet, miten pystyisimme hy\u00f6dynt\u00e4m\u00e4\u00e4n Facebook-ohjausta ty\u00f6ss\u00e4oppimisen aikana.\u00a0Jaon vaatetusalan kokemukset toppiohjauksessa viikoittain vaihtuvin teemoin kuulosti meist\u00e4 hyv\u00e4lt\u00e4. N\u00e4in oppimistavoitteet pysyisiv\u00e4t hyvin opiskelijoiden mieless\u00e4.\u00a0L\u00f6ytyisik\u00f6\u00a0Facebookin kautta my\u00f6s opiskelijoille mahdollisuus\u00a0yhteisten &#8221;hyvien vinkkien&#8221; jakamiseen? Nyt usein ne tulevat vasta ty\u00f6ss\u00e4oppimisen j\u00e4lkeen yhteisiss\u00e4\u00a0ty\u00f6ss\u00e4oppimisen paluukeskusteluissa\u00a0esiin ja &hellip; <a href=\"https:\/\/blogit.gradia.fi\/mobiilitohjaajat\/facebook-tyossaoppimisen-ohjauksen-apuvalineena\/\" class=\"more-link\">Jatka lukemista <span class=\"screen-reader-text\">Facebook ty\u00f6ss\u00e4oppimisen ohjauksen apuv\u00e4lineen\u00e4?<\/span> <span class=\"meta-nav\">&rarr;<\/span><\/a><\/p>\n","protected":false},"author":170,"featured_media":0,"comment_status":"open","ping_status":"open","sticky":false,"template":"","format":"standard","meta":{"_uag_custom_page_level_css":"","footnotes":""},"categories":[1],"tags":[],"class_list":["post-216","post","type-post","status-publish","format-standard","hentry","category-yleinen"],"yoast_head":"<!-- This site is optimized with the Yoast SEO plugin v27.5 - https:\/\/yoast.com\/product\/yoast-seo-wordpress\/ -->\n<title>Facebook ty\u00f6ss\u00e4oppimisen ohjauksen apuv\u00e4lineen\u00e4? - Mobiilit ohjaajat<\/title>\n<meta name=\"robots\" content=\"index, follow, max-snippet:-1, max-image-preview:large, max-video-preview:-1\" \/>\n<link rel=\"canonical\" href=\"https:\/\/blogit.gradia.fi\/mobiilitohjaajat\/facebook-tyossaoppimisen-ohjauksen-apuvalineena\/\" \/>\n<meta property=\"og:locale\" content=\"fi_FI\" \/>\n<meta property=\"og:type\" content=\"article\" \/>\n<meta property=\"og:title\" content=\"Facebook ty\u00f6ss\u00e4oppimisen ohjauksen apuv\u00e4lineen\u00e4? - Mobiilit ohjaajat\" \/>\n<meta property=\"og:description\" content=\"Nyt me Leenan kanssa olemme t\u00e4\u00e4ll\u00e4 Esedussa tehneet ensimm\u00e4isi\u00e4 laitehankintoja ja odotamme niiden saapumista. Olemme paljon pohtineet, miten pystyisimme hy\u00f6dynt\u00e4m\u00e4\u00e4n Facebook-ohjausta ty\u00f6ss\u00e4oppimisen aikana.\u00a0Jaon vaatetusalan kokemukset toppiohjauksessa viikoittain vaihtuvin teemoin kuulosti meist\u00e4 hyv\u00e4lt\u00e4. N\u00e4in oppimistavoitteet pysyisiv\u00e4t hyvin opiskelijoiden mieless\u00e4.\u00a0L\u00f6ytyisik\u00f6\u00a0Facebookin kautta my\u00f6s opiskelijoille mahdollisuus\u00a0yhteisten &#8221;hyvien vinkkien&#8221; jakamiseen? Nyt usein ne tulevat vasta ty\u00f6ss\u00e4oppimisen j\u00e4lkeen yhteisiss\u00e4\u00a0ty\u00f6ss\u00e4oppimisen paluukeskusteluissa\u00a0esiin ja &hellip; Jatka lukemista Facebook ty\u00f6ss\u00e4oppimisen ohjauksen apuv\u00e4lineen\u00e4? &rarr;\" \/>\n<meta property=\"og:url\" content=\"https:\/\/blogit.gradia.fi\/mobiilitohjaajat\/facebook-tyossaoppimisen-ohjauksen-apuvalineena\/\" \/>\n<meta property=\"og:site_name\" content=\"Mobiilit ohjaajat\" \/>\n<meta property=\"article:published_time\" content=\"2013-10-09T05:34:01+00:00\" \/>\n<meta name=\"author\" content=\"paulalau\" \/>\n<meta name=\"twitter:card\" content=\"summary_large_image\" \/>\n<meta name=\"twitter:label1\" content=\"Kirjoittanut\" \/>\n\t<meta name=\"twitter:data1\" content=\"paulalau\" \/>\n<script type=\"application\/ld+json\" class=\"yoast-schema-graph\">{\"@context\":\"https:\\\/\\\/schema.org\",\"@graph\":[{\"@type\":\"Article\",\"@id\":\"https:\\\/\\\/blogit.gradia.fi\\\/mobiilitohjaajat\\\/facebook-tyossaoppimisen-ohjauksen-apuvalineena\\\/#article\",\"isPartOf\":{\"@id\":\"https:\\\/\\\/blogit.gradia.fi\\\/mobiilitohjaajat\\\/facebook-tyossaoppimisen-ohjauksen-apuvalineena\\\/\"},\"author\":{\"name\":\"paulalau\",\"@id\":\"https:\\\/\\\/blogit.gradia.fi\\\/mobiilitohjaajat\\\/#\\\/schema\\\/person\\\/704de8a56641b27df570ac5604feb8b1\"},\"headline\":\"Facebook ty\u00f6ss\u00e4oppimisen ohjauksen apuv\u00e4lineen\u00e4?\",\"datePublished\":\"2013-10-09T05:34:01+00:00\",\"mainEntityOfPage\":{\"@id\":\"https:\\\/\\\/blogit.gradia.fi\\\/mobiilitohjaajat\\\/facebook-tyossaoppimisen-ohjauksen-apuvalineena\\\/\"},\"wordCount\":101,\"commentCount\":0,\"inLanguage\":\"fi\",\"potentialAction\":[{\"@type\":\"CommentAction\",\"name\":\"Comment\",\"target\":[\"https:\\\/\\\/blogit.gradia.fi\\\/mobiilitohjaajat\\\/facebook-tyossaoppimisen-ohjauksen-apuvalineena\\\/#respond\"]}]},{\"@type\":\"WebPage\",\"@id\":\"https:\\\/\\\/blogit.gradia.fi\\\/mobiilitohjaajat\\\/facebook-tyossaoppimisen-ohjauksen-apuvalineena\\\/\",\"url\":\"https:\\\/\\\/blogit.gradia.fi\\\/mobiilitohjaajat\\\/facebook-tyossaoppimisen-ohjauksen-apuvalineena\\\/\",\"name\":\"Facebook ty\u00f6ss\u00e4oppimisen ohjauksen apuv\u00e4lineen\u00e4? - Mobiilit ohjaajat\",\"isPartOf\":{\"@id\":\"https:\\\/\\\/blogit.gradia.fi\\\/mobiilitohjaajat\\\/#website\"},\"datePublished\":\"2013-10-09T05:34:01+00:00\",\"author\":{\"@id\":\"https:\\\/\\\/blogit.gradia.fi\\\/mobiilitohjaajat\\\/#\\\/schema\\\/person\\\/704de8a56641b27df570ac5604feb8b1\"},\"inLanguage\":\"fi\",\"potentialAction\":[{\"@type\":\"ReadAction\",\"target\":[\"https:\\\/\\\/blogit.gradia.fi\\\/mobiilitohjaajat\\\/facebook-tyossaoppimisen-ohjauksen-apuvalineena\\\/\"]}]},{\"@type\":\"WebSite\",\"@id\":\"https:\\\/\\\/blogit.gradia.fi\\\/mobiilitohjaajat\\\/#website\",\"url\":\"https:\\\/\\\/blogit.gradia.fi\\\/mobiilitohjaajat\\\/\",\"name\":\"Mobiilit ohjaajat\",\"description\":\"Opetushallituksen rahoittaman Mobiilit ohjaajat -hankkeen sivusto\",\"potentialAction\":[{\"@type\":\"SearchAction\",\"target\":{\"@type\":\"EntryPoint\",\"urlTemplate\":\"https:\\\/\\\/blogit.gradia.fi\\\/mobiilitohjaajat\\\/?s={search_term_string}\"},\"query-input\":{\"@type\":\"PropertyValueSpecification\",\"valueRequired\":true,\"valueName\":\"search_term_string\"}}],\"inLanguage\":\"fi\"},{\"@type\":\"Person\",\"@id\":\"https:\\\/\\\/blogit.gradia.fi\\\/mobiilitohjaajat\\\/#\\\/schema\\\/person\\\/704de8a56641b27df570ac5604feb8b1\",\"name\":\"paulalau\",\"image\":{\"@type\":\"ImageObject\",\"inLanguage\":\"fi\",\"@id\":\"https:\\\/\\\/secure.gravatar.com\\\/avatar\\\/5c093b39fb0c2f3f80208e8356024c8b3e8e1a0fc0c3be34fd3ff8685027692b?s=96&d=mm&r=g\",\"url\":\"https:\\\/\\\/secure.gravatar.com\\\/avatar\\\/5c093b39fb0c2f3f80208e8356024c8b3e8e1a0fc0c3be34fd3ff8685027692b?s=96&d=mm&r=g\",\"contentUrl\":\"https:\\\/\\\/secure.gravatar.com\\\/avatar\\\/5c093b39fb0c2f3f80208e8356024c8b3e8e1a0fc0c3be34fd3ff8685027692b?s=96&d=mm&r=g\",\"caption\":\"paulalau\"},\"url\":\"https:\\\/\\\/blogit.gradia.fi\\\/mobiilitohjaajat\\\/author\\\/paulalau\\\/\"}]}<\/script>\n<!-- \/ Yoast SEO plugin. -->","yoast_head_json":{"title":"Facebook ty\u00f6ss\u00e4oppimisen ohjauksen apuv\u00e4lineen\u00e4? - Mobiilit ohjaajat","robots":{"index":"index","follow":"follow","max-snippet":"max-snippet:-1","max-image-preview":"max-image-preview:large","max-video-preview":"max-video-preview:-1"},"canonical":"https:\/\/blogit.gradia.fi\/mobiilitohjaajat\/facebook-tyossaoppimisen-ohjauksen-apuvalineena\/","og_locale":"fi_FI","og_type":"article","og_title":"Facebook ty\u00f6ss\u00e4oppimisen ohjauksen apuv\u00e4lineen\u00e4? - Mobiilit ohjaajat","og_description":"Nyt me Leenan kanssa olemme t\u00e4\u00e4ll\u00e4 Esedussa tehneet ensimm\u00e4isi\u00e4 laitehankintoja ja odotamme niiden saapumista. Olemme paljon pohtineet, miten pystyisimme hy\u00f6dynt\u00e4m\u00e4\u00e4n Facebook-ohjausta ty\u00f6ss\u00e4oppimisen aikana.\u00a0Jaon vaatetusalan kokemukset toppiohjauksessa viikoittain vaihtuvin teemoin kuulosti meist\u00e4 hyv\u00e4lt\u00e4. N\u00e4in oppimistavoitteet pysyisiv\u00e4t hyvin opiskelijoiden mieless\u00e4.\u00a0L\u00f6ytyisik\u00f6\u00a0Facebookin kautta my\u00f6s opiskelijoille mahdollisuus\u00a0yhteisten &#8221;hyvien vinkkien&#8221; jakamiseen? Nyt usein ne tulevat vasta ty\u00f6ss\u00e4oppimisen j\u00e4lkeen yhteisiss\u00e4\u00a0ty\u00f6ss\u00e4oppimisen paluukeskusteluissa\u00a0esiin ja &hellip; Jatka lukemista Facebook ty\u00f6ss\u00e4oppimisen ohjauksen apuv\u00e4lineen\u00e4? &rarr;","og_url":"https:\/\/blogit.gradia.fi\/mobiilitohjaajat\/facebook-tyossaoppimisen-ohjauksen-apuvalineena\/","og_site_name":"Mobiilit ohjaajat","article_published_time":"2013-10-09T05:34:01+00:00","author":"paulalau","twitter_card":"summary_large_image","twitter_misc":{"Kirjoittanut":"paulalau"},"schema":{"@context":"https:\/\/schema.org","@graph":[{"@type":"Article","@id":"https:\/\/blogit.gradia.fi\/mobiilitohjaajat\/facebook-tyossaoppimisen-ohjauksen-apuvalineena\/#article","isPartOf":{"@id":"https:\/\/blogit.gradia.fi\/mobiilitohjaajat\/facebook-tyossaoppimisen-ohjauksen-apuvalineena\/"},"author":{"name":"paulalau","@id":"https:\/\/blogit.gradia.fi\/mobiilitohjaajat\/#\/schema\/person\/704de8a56641b27df570ac5604feb8b1"},"headline":"Facebook ty\u00f6ss\u00e4oppimisen ohjauksen apuv\u00e4lineen\u00e4?","datePublished":"2013-10-09T05:34:01+00:00","mainEntityOfPage":{"@id":"https:\/\/blogit.gradia.fi\/mobiilitohjaajat\/facebook-tyossaoppimisen-ohjauksen-apuvalineena\/"},"wordCount":101,"commentCount":0,"inLanguage":"fi","potentialAction":[{"@type":"CommentAction","name":"Comment","target":["https:\/\/blogit.gradia.fi\/mobiilitohjaajat\/facebook-tyossaoppimisen-ohjauksen-apuvalineena\/#respond"]}]},{"@type":"WebPage","@id":"https:\/\/blogit.gradia.fi\/mobiilitohjaajat\/facebook-tyossaoppimisen-ohjauksen-apuvalineena\/","url":"https:\/\/blogit.gradia.fi\/mobiilitohjaajat\/facebook-tyossaoppimisen-ohjauksen-apuvalineena\/","name":"Facebook ty\u00f6ss\u00e4oppimisen ohjauksen apuv\u00e4lineen\u00e4? - Mobiilit ohjaajat","isPartOf":{"@id":"https:\/\/blogit.gradia.fi\/mobiilitohjaajat\/#website"},"datePublished":"2013-10-09T05:34:01+00:00","author":{"@id":"https:\/\/blogit.gradia.fi\/mobiilitohjaajat\/#\/schema\/person\/704de8a56641b27df570ac5604feb8b1"},"inLanguage":"fi","potentialAction":[{"@type":"ReadAction","target":["https:\/\/blogit.gradia.fi\/mobiilitohjaajat\/facebook-tyossaoppimisen-ohjauksen-apuvalineena\/"]}]},{"@type":"WebSite","@id":"https:\/\/blogit.gradia.fi\/mobiilitohjaajat\/#website","url":"https:\/\/blogit.gradia.fi\/mobiilitohjaajat\/","name":"Mobiilit ohjaajat","description":"Opetushallituksen rahoittaman Mobiilit ohjaajat -hankkeen sivusto","potentialAction":[{"@type":"SearchAction","target":{"@type":"EntryPoint","urlTemplate":"https:\/\/blogit.gradia.fi\/mobiilitohjaajat\/?s={search_term_string}"},"query-input":{"@type":"PropertyValueSpecification","valueRequired":true,"valueName":"search_term_string"}}],"inLanguage":"fi"},{"@type":"Person","@id":"https:\/\/blogit.gradia.fi\/mobiilitohjaajat\/#\/schema\/person\/704de8a56641b27df570ac5604feb8b1","name":"paulalau","image":{"@type":"ImageObject","inLanguage":"fi","@id":"https:\/\/secure.gravatar.com\/avatar\/5c093b39fb0c2f3f80208e8356024c8b3e8e1a0fc0c3be34fd3ff8685027692b?s=96&d=mm&r=g","url":"https:\/\/secure.gravatar.com\/avatar\/5c093b39fb0c2f3f80208e8356024c8b3e8e1a0fc0c3be34fd3ff8685027692b?s=96&d=mm&r=g","contentUrl":"https:\/\/secure.gravatar.com\/avatar\/5c093b39fb0c2f3f80208e8356024c8b3e8e1a0fc0c3be34fd3ff8685027692b?s=96&d=mm&r=g","caption":"paulalau"},"url":"https:\/\/blogit.gradia.fi\/mobiilitohjaajat\/author\/paulalau\/"}]}},"uagb_featured_image_src":{"full":false,"thumbnail":false,"medium":false,"medium_large":false,"large":false,"1536x1536":false,"2048x2048":false,"post-thumbnail":false},"uagb_author_info":{"display_name":"paulalau","author_link":"https:\/\/blogit.gradia.fi\/mobiilitohjaajat\/author\/paulalau\/"},"uagb_comment_info":0,"uagb_excerpt":"Nyt me Leenan kanssa olemme t\u00e4\u00e4ll\u00e4 Esedussa tehneet ensimm\u00e4isi\u00e4 laitehankintoja ja odotamme niiden saapumista. Olemme paljon pohtineet, miten pystyisimme hy\u00f6dynt\u00e4m\u00e4\u00e4n Facebook-ohjausta ty\u00f6ss\u00e4oppimisen aikana.\u00a0Jaon vaatetusalan kokemukset toppiohjauksessa viikoittain vaihtuvin teemoin kuulosti meist\u00e4 hyv\u00e4lt\u00e4. N\u00e4in oppimistavoitteet pysyisiv\u00e4t hyvin opiskelijoiden mieless\u00e4.\u00a0L\u00f6ytyisik\u00f6\u00a0Facebookin kautta my\u00f6s opiskelijoille mahdollisuus\u00a0yhteisten &#8221;hyvien vinkkien&#8221; jakamiseen? Nyt usein ne tulevat vasta ty\u00f6ss\u00e4oppimisen j\u00e4lkeen yhteisiss\u00e4\u00a0ty\u00f6ss\u00e4oppimisen paluukeskusteluissa\u00a0esiin ja&hellip;","_links":{"self":[{"href":"https:\/\/blogit.gradia.fi\/mobiilitohjaajat\/wp-json\/wp\/v2\/posts\/216","targetHints":{"allow":["GET"]}}],"collection":[{"href":"https:\/\/blogit.gradia.fi\/mobiilitohjaajat\/wp-json\/wp\/v2\/posts"}],"about":[{"href":"https:\/\/blogit.gradia.fi\/mobiilitohjaajat\/wp-json\/wp\/v2\/types\/post"}],"author":[{"embeddable":true,"href":"https:\/\/blogit.gradia.fi\/mobiilitohjaajat\/wp-json\/wp\/v2\/users\/170"}],"replies":[{"embeddable":true,"href":"https:\/\/blogit.gradia.fi\/mobiilitohjaajat\/wp-json\/wp\/v2\/comments?post=216"}],"version-history":[{"count":0,"href":"https:\/\/blogit.gradia.fi\/mobiilitohjaajat\/wp-json\/wp\/v2\/posts\/216\/revisions"}],"wp:attachment":[{"href":"https:\/\/blogit.gradia.fi\/mobiilitohjaajat\/wp-json\/wp\/v2\/media?parent=216"}],"wp:term":[{"taxonomy":"category","embeddable":true,"href":"https:\/\/blogit.gradia.fi\/mobiilitohjaajat\/wp-json\/wp\/v2\/categories?post=216"},{"taxonomy":"post_tag","embeddable":true,"href":"https:\/\/blogit.gradia.fi\/mobiilitohjaajat\/wp-json\/wp\/v2\/tags?post=216"}],"curies":[{"name":"wp","href":"https:\/\/api.w.org\/{rel}","templated":true}]}}