{"id":205,"date":"2013-10-04T12:38:30","date_gmt":"2013-10-04T09:38:30","guid":{"rendered":"https:\/\/blogit.gradia.fi\/mobiilitohjaajat\/?p=205"},"modified":"2013-10-04T12:38:30","modified_gmt":"2013-10-04T09:38:30","slug":"instagram-tyossaoppisen-paivakirjana","status":"publish","type":"post","link":"https:\/\/blogit.gradia.fi\/mobiilitohjaajat\/instagram-tyossaoppisen-paivakirjana\/","title":{"rendered":"Instagram ty\u00f6ss\u00e4oppisen p\u00e4iv\u00e4kirjana"},"content":{"rendered":"<p><strong><\/strong><strong>Uusia ulottuvuuksia Top osaamisen v\u00e4litt\u00e4miseen.<\/strong><\/p>\n<p>Merkonomien Liam12B luokan kanssa kokeilen nyt yhden jakson ajan Instagramin k\u00e4ytt\u00f6\u00e4 kuvallisena top-p\u00e4iv\u00e4kirjana ja t\u00e4ytyy sanoa, ett\u00e4 opettajan n\u00e4k\u00f6kulmasta homma toimii loistavasti.<\/p>\n<p>Min\u00e4 ja opiskelijamme loimme jokainen uudet profiilit ja teimme profiileistamme \u201dsalaisia\u201d siten, ett\u00e4 vain hyv\u00e4ksym\u00e4mme henkil\u00f6t n\u00e4kev\u00e4t meid\u00e4t ja annamme luvan, ketk\u00e4 meit\u00e4 voivat seurata.<\/p>\n<p>Nyt\u00a0muutama top viikko\u00a0on takana ja minulla on hyv\u00e4 k\u00e4sitys siit\u00e4, mit\u00e4 opiskelijat ovat tehneet. Alku vaikuttaa lupaavalta ja min\u00e4 olen innostunut seuraamaan opiskelijoita p\u00e4ivitt\u00e4in. Luulen, ett\u00e4 opiskelijoitakin motivoi se, ett\u00e4 joku huomioi heti heid\u00e4n tekemisi\u00e4\u00e4n.<\/p>\n","protected":false},"excerpt":{"rendered":"<p>Uusia ulottuvuuksia Top osaamisen v\u00e4litt\u00e4miseen. Merkonomien Liam12B luokan kanssa kokeilen nyt yhden jakson ajan Instagramin k\u00e4ytt\u00f6\u00e4 kuvallisena top-p\u00e4iv\u00e4kirjana ja t\u00e4ytyy sanoa, ett\u00e4 opettajan n\u00e4k\u00f6kulmasta homma toimii loistavasti. Min\u00e4 ja opiskelijamme loimme jokainen uudet profiilit ja teimme profiileistamme \u201dsalaisia\u201d siten, ett\u00e4 vain hyv\u00e4ksym\u00e4mme henkil\u00f6t n\u00e4kev\u00e4t meid\u00e4t ja annamme luvan, ketk\u00e4 meit\u00e4 voivat seurata. Nyt\u00a0muutama top viikko\u00a0on &hellip; <a href=\"https:\/\/blogit.gradia.fi\/mobiilitohjaajat\/instagram-tyossaoppisen-paivakirjana\/\" class=\"more-link\">Jatka lukemista <span class=\"screen-reader-text\">Instagram ty\u00f6ss\u00e4oppisen p\u00e4iv\u00e4kirjana<\/span> <span class=\"meta-nav\">&rarr;<\/span><\/a><\/p>\n","protected":false},"author":165,"featured_media":0,"comment_status":"open","ping_status":"open","sticky":false,"template":"","format":"standard","meta":{"_uag_custom_page_level_css":"","footnotes":""},"categories":[19,30],"tags":[43],"class_list":["post-205","post","type-post","status-publish","format-standard","hentry","category-etaohjaus","category-ple","tag-instagram"],"yoast_head":"<!-- This site is optimized with the Yoast SEO plugin v27.5 - https:\/\/yoast.com\/product\/yoast-seo-wordpress\/ -->\n<title>Instagram ty\u00f6ss\u00e4oppisen p\u00e4iv\u00e4kirjana - Mobiilit ohjaajat<\/title>\n<meta name=\"robots\" content=\"index, follow, max-snippet:-1, max-image-preview:large, max-video-preview:-1\" \/>\n<link rel=\"canonical\" href=\"https:\/\/blogit.gradia.fi\/mobiilitohjaajat\/instagram-tyossaoppisen-paivakirjana\/\" \/>\n<meta property=\"og:locale\" content=\"fi_FI\" \/>\n<meta property=\"og:type\" content=\"article\" \/>\n<meta property=\"og:title\" content=\"Instagram ty\u00f6ss\u00e4oppisen p\u00e4iv\u00e4kirjana - Mobiilit ohjaajat\" \/>\n<meta property=\"og:description\" content=\"Uusia ulottuvuuksia Top osaamisen v\u00e4litt\u00e4miseen. Merkonomien Liam12B luokan kanssa kokeilen nyt yhden jakson ajan Instagramin k\u00e4ytt\u00f6\u00e4 kuvallisena top-p\u00e4iv\u00e4kirjana ja t\u00e4ytyy sanoa, ett\u00e4 opettajan n\u00e4k\u00f6kulmasta homma toimii loistavasti. Min\u00e4 ja opiskelijamme loimme jokainen uudet profiilit ja teimme profiileistamme \u201dsalaisia\u201d siten, ett\u00e4 vain hyv\u00e4ksym\u00e4mme henkil\u00f6t n\u00e4kev\u00e4t meid\u00e4t ja annamme luvan, ketk\u00e4 meit\u00e4 voivat seurata. Nyt\u00a0muutama top viikko\u00a0on &hellip; Jatka lukemista Instagram ty\u00f6ss\u00e4oppisen p\u00e4iv\u00e4kirjana &rarr;\" \/>\n<meta property=\"og:url\" content=\"https:\/\/blogit.gradia.fi\/mobiilitohjaajat\/instagram-tyossaoppisen-paivakirjana\/\" \/>\n<meta property=\"og:site_name\" content=\"Mobiilit ohjaajat\" \/>\n<meta property=\"article:published_time\" content=\"2013-10-04T09:38:30+00:00\" \/>\n<meta name=\"author\" content=\"Heini Pennanen\" \/>\n<meta name=\"twitter:card\" content=\"summary_large_image\" \/>\n<meta name=\"twitter:label1\" content=\"Kirjoittanut\" \/>\n\t<meta name=\"twitter:data1\" content=\"Heini Pennanen\" \/>\n\t<meta name=\"twitter:label2\" content=\"Arvioitu lukuaika\" \/>\n\t<meta name=\"twitter:data2\" content=\"1 minuutti\" \/>\n<script type=\"application\/ld+json\" class=\"yoast-schema-graph\">{\"@context\":\"https:\\\/\\\/schema.org\",\"@graph\":[{\"@type\":\"Article\",\"@id\":\"https:\\\/\\\/blogit.gradia.fi\\\/mobiilitohjaajat\\\/instagram-tyossaoppisen-paivakirjana\\\/#article\",\"isPartOf\":{\"@id\":\"https:\\\/\\\/blogit.gradia.fi\\\/mobiilitohjaajat\\\/instagram-tyossaoppisen-paivakirjana\\\/\"},\"author\":{\"name\":\"Heini Pennanen\",\"@id\":\"https:\\\/\\\/blogit.gradia.fi\\\/mobiilitohjaajat\\\/#\\\/schema\\\/person\\\/d0b1cfd74c104683772b3edeac4e49ee\"},\"headline\":\"Instagram ty\u00f6ss\u00e4oppisen p\u00e4iv\u00e4kirjana\",\"datePublished\":\"2013-10-04T09:38:30+00:00\",\"mainEntityOfPage\":{\"@id\":\"https:\\\/\\\/blogit.gradia.fi\\\/mobiilitohjaajat\\\/instagram-tyossaoppisen-paivakirjana\\\/\"},\"wordCount\":116,\"commentCount\":0,\"keywords\":[\"Instagram\"],\"articleSection\":[\"Et\u00e4ohjauksen menetelm\u00e4t\",\"PLE - henkil\u00f6kohtainen oppimisymp\u00e4rist\u00f6\"],\"inLanguage\":\"fi\",\"potentialAction\":[{\"@type\":\"CommentAction\",\"name\":\"Comment\",\"target\":[\"https:\\\/\\\/blogit.gradia.fi\\\/mobiilitohjaajat\\\/instagram-tyossaoppisen-paivakirjana\\\/#respond\"]}]},{\"@type\":\"WebPage\",\"@id\":\"https:\\\/\\\/blogit.gradia.fi\\\/mobiilitohjaajat\\\/instagram-tyossaoppisen-paivakirjana\\\/\",\"url\":\"https:\\\/\\\/blogit.gradia.fi\\\/mobiilitohjaajat\\\/instagram-tyossaoppisen-paivakirjana\\\/\",\"name\":\"Instagram ty\u00f6ss\u00e4oppisen p\u00e4iv\u00e4kirjana - Mobiilit ohjaajat\",\"isPartOf\":{\"@id\":\"https:\\\/\\\/blogit.gradia.fi\\\/mobiilitohjaajat\\\/#website\"},\"datePublished\":\"2013-10-04T09:38:30+00:00\",\"author\":{\"@id\":\"https:\\\/\\\/blogit.gradia.fi\\\/mobiilitohjaajat\\\/#\\\/schema\\\/person\\\/d0b1cfd74c104683772b3edeac4e49ee\"},\"inLanguage\":\"fi\",\"potentialAction\":[{\"@type\":\"ReadAction\",\"target\":[\"https:\\\/\\\/blogit.gradia.fi\\\/mobiilitohjaajat\\\/instagram-tyossaoppisen-paivakirjana\\\/\"]}]},{\"@type\":\"WebSite\",\"@id\":\"https:\\\/\\\/blogit.gradia.fi\\\/mobiilitohjaajat\\\/#website\",\"url\":\"https:\\\/\\\/blogit.gradia.fi\\\/mobiilitohjaajat\\\/\",\"name\":\"Mobiilit ohjaajat\",\"description\":\"Opetushallituksen rahoittaman Mobiilit ohjaajat -hankkeen sivusto\",\"potentialAction\":[{\"@type\":\"SearchAction\",\"target\":{\"@type\":\"EntryPoint\",\"urlTemplate\":\"https:\\\/\\\/blogit.gradia.fi\\\/mobiilitohjaajat\\\/?s={search_term_string}\"},\"query-input\":{\"@type\":\"PropertyValueSpecification\",\"valueRequired\":true,\"valueName\":\"search_term_string\"}}],\"inLanguage\":\"fi\"},{\"@type\":\"Person\",\"@id\":\"https:\\\/\\\/blogit.gradia.fi\\\/mobiilitohjaajat\\\/#\\\/schema\\\/person\\\/d0b1cfd74c104683772b3edeac4e49ee\",\"name\":\"Heini Pennanen\",\"image\":{\"@type\":\"ImageObject\",\"inLanguage\":\"fi\",\"@id\":\"https:\\\/\\\/secure.gravatar.com\\\/avatar\\\/3df99d3b29e3db1417790cce1fb1d33fa9a76bb7f8318326848fa7c14b5a086a?s=96&d=mm&r=g\",\"url\":\"https:\\\/\\\/secure.gravatar.com\\\/avatar\\\/3df99d3b29e3db1417790cce1fb1d33fa9a76bb7f8318326848fa7c14b5a086a?s=96&d=mm&r=g\",\"contentUrl\":\"https:\\\/\\\/secure.gravatar.com\\\/avatar\\\/3df99d3b29e3db1417790cce1fb1d33fa9a76bb7f8318326848fa7c14b5a086a?s=96&d=mm&r=g\",\"caption\":\"Heini Pennanen\"},\"url\":\"https:\\\/\\\/blogit.gradia.fi\\\/mobiilitohjaajat\\\/author\\\/pennahei\\\/\"}]}<\/script>\n<!-- \/ Yoast SEO plugin. -->","yoast_head_json":{"title":"Instagram ty\u00f6ss\u00e4oppisen p\u00e4iv\u00e4kirjana - Mobiilit ohjaajat","robots":{"index":"index","follow":"follow","max-snippet":"max-snippet:-1","max-image-preview":"max-image-preview:large","max-video-preview":"max-video-preview:-1"},"canonical":"https:\/\/blogit.gradia.fi\/mobiilitohjaajat\/instagram-tyossaoppisen-paivakirjana\/","og_locale":"fi_FI","og_type":"article","og_title":"Instagram ty\u00f6ss\u00e4oppisen p\u00e4iv\u00e4kirjana - Mobiilit ohjaajat","og_description":"Uusia ulottuvuuksia Top osaamisen v\u00e4litt\u00e4miseen. Merkonomien Liam12B luokan kanssa kokeilen nyt yhden jakson ajan Instagramin k\u00e4ytt\u00f6\u00e4 kuvallisena top-p\u00e4iv\u00e4kirjana ja t\u00e4ytyy sanoa, ett\u00e4 opettajan n\u00e4k\u00f6kulmasta homma toimii loistavasti. Min\u00e4 ja opiskelijamme loimme jokainen uudet profiilit ja teimme profiileistamme \u201dsalaisia\u201d siten, ett\u00e4 vain hyv\u00e4ksym\u00e4mme henkil\u00f6t n\u00e4kev\u00e4t meid\u00e4t ja annamme luvan, ketk\u00e4 meit\u00e4 voivat seurata. Nyt\u00a0muutama top viikko\u00a0on &hellip; Jatka lukemista Instagram ty\u00f6ss\u00e4oppisen p\u00e4iv\u00e4kirjana &rarr;","og_url":"https:\/\/blogit.gradia.fi\/mobiilitohjaajat\/instagram-tyossaoppisen-paivakirjana\/","og_site_name":"Mobiilit ohjaajat","article_published_time":"2013-10-04T09:38:30+00:00","author":"Heini Pennanen","twitter_card":"summary_large_image","twitter_misc":{"Kirjoittanut":"Heini Pennanen","Arvioitu lukuaika":"1 minuutti"},"schema":{"@context":"https:\/\/schema.org","@graph":[{"@type":"Article","@id":"https:\/\/blogit.gradia.fi\/mobiilitohjaajat\/instagram-tyossaoppisen-paivakirjana\/#article","isPartOf":{"@id":"https:\/\/blogit.gradia.fi\/mobiilitohjaajat\/instagram-tyossaoppisen-paivakirjana\/"},"author":{"name":"Heini Pennanen","@id":"https:\/\/blogit.gradia.fi\/mobiilitohjaajat\/#\/schema\/person\/d0b1cfd74c104683772b3edeac4e49ee"},"headline":"Instagram ty\u00f6ss\u00e4oppisen p\u00e4iv\u00e4kirjana","datePublished":"2013-10-04T09:38:30+00:00","mainEntityOfPage":{"@id":"https:\/\/blogit.gradia.fi\/mobiilitohjaajat\/instagram-tyossaoppisen-paivakirjana\/"},"wordCount":116,"commentCount":0,"keywords":["Instagram"],"articleSection":["Et\u00e4ohjauksen menetelm\u00e4t","PLE - henkil\u00f6kohtainen oppimisymp\u00e4rist\u00f6"],"inLanguage":"fi","potentialAction":[{"@type":"CommentAction","name":"Comment","target":["https:\/\/blogit.gradia.fi\/mobiilitohjaajat\/instagram-tyossaoppisen-paivakirjana\/#respond"]}]},{"@type":"WebPage","@id":"https:\/\/blogit.gradia.fi\/mobiilitohjaajat\/instagram-tyossaoppisen-paivakirjana\/","url":"https:\/\/blogit.gradia.fi\/mobiilitohjaajat\/instagram-tyossaoppisen-paivakirjana\/","name":"Instagram ty\u00f6ss\u00e4oppisen p\u00e4iv\u00e4kirjana - Mobiilit ohjaajat","isPartOf":{"@id":"https:\/\/blogit.gradia.fi\/mobiilitohjaajat\/#website"},"datePublished":"2013-10-04T09:38:30+00:00","author":{"@id":"https:\/\/blogit.gradia.fi\/mobiilitohjaajat\/#\/schema\/person\/d0b1cfd74c104683772b3edeac4e49ee"},"inLanguage":"fi","potentialAction":[{"@type":"ReadAction","target":["https:\/\/blogit.gradia.fi\/mobiilitohjaajat\/instagram-tyossaoppisen-paivakirjana\/"]}]},{"@type":"WebSite","@id":"https:\/\/blogit.gradia.fi\/mobiilitohjaajat\/#website","url":"https:\/\/blogit.gradia.fi\/mobiilitohjaajat\/","name":"Mobiilit ohjaajat","description":"Opetushallituksen rahoittaman Mobiilit ohjaajat -hankkeen sivusto","potentialAction":[{"@type":"SearchAction","target":{"@type":"EntryPoint","urlTemplate":"https:\/\/blogit.gradia.fi\/mobiilitohjaajat\/?s={search_term_string}"},"query-input":{"@type":"PropertyValueSpecification","valueRequired":true,"valueName":"search_term_string"}}],"inLanguage":"fi"},{"@type":"Person","@id":"https:\/\/blogit.gradia.fi\/mobiilitohjaajat\/#\/schema\/person\/d0b1cfd74c104683772b3edeac4e49ee","name":"Heini Pennanen","image":{"@type":"ImageObject","inLanguage":"fi","@id":"https:\/\/secure.gravatar.com\/avatar\/3df99d3b29e3db1417790cce1fb1d33fa9a76bb7f8318326848fa7c14b5a086a?s=96&d=mm&r=g","url":"https:\/\/secure.gravatar.com\/avatar\/3df99d3b29e3db1417790cce1fb1d33fa9a76bb7f8318326848fa7c14b5a086a?s=96&d=mm&r=g","contentUrl":"https:\/\/secure.gravatar.com\/avatar\/3df99d3b29e3db1417790cce1fb1d33fa9a76bb7f8318326848fa7c14b5a086a?s=96&d=mm&r=g","caption":"Heini Pennanen"},"url":"https:\/\/blogit.gradia.fi\/mobiilitohjaajat\/author\/pennahei\/"}]}},"uagb_featured_image_src":{"full":false,"thumbnail":false,"medium":false,"medium_large":false,"large":false,"1536x1536":false,"2048x2048":false,"post-thumbnail":false},"uagb_author_info":{"display_name":"Heini Pennanen","author_link":"https:\/\/blogit.gradia.fi\/mobiilitohjaajat\/author\/pennahei\/"},"uagb_comment_info":0,"uagb_excerpt":"Uusia ulottuvuuksia Top osaamisen v\u00e4litt\u00e4miseen. Merkonomien Liam12B luokan kanssa kokeilen nyt yhden jakson ajan Instagramin k\u00e4ytt\u00f6\u00e4 kuvallisena top-p\u00e4iv\u00e4kirjana ja t\u00e4ytyy sanoa, ett\u00e4 opettajan n\u00e4k\u00f6kulmasta homma toimii loistavasti. Min\u00e4 ja opiskelijamme loimme jokainen uudet profiilit ja teimme profiileistamme \u201dsalaisia\u201d siten, ett\u00e4 vain hyv\u00e4ksym\u00e4mme henkil\u00f6t n\u00e4kev\u00e4t meid\u00e4t ja annamme luvan, ketk\u00e4 meit\u00e4 voivat seurata. Nyt\u00a0muutama top viikko\u00a0on&hellip;","_links":{"self":[{"href":"https:\/\/blogit.gradia.fi\/mobiilitohjaajat\/wp-json\/wp\/v2\/posts\/205","targetHints":{"allow":["GET"]}}],"collection":[{"href":"https:\/\/blogit.gradia.fi\/mobiilitohjaajat\/wp-json\/wp\/v2\/posts"}],"about":[{"href":"https:\/\/blogit.gradia.fi\/mobiilitohjaajat\/wp-json\/wp\/v2\/types\/post"}],"author":[{"embeddable":true,"href":"https:\/\/blogit.gradia.fi\/mobiilitohjaajat\/wp-json\/wp\/v2\/users\/165"}],"replies":[{"embeddable":true,"href":"https:\/\/blogit.gradia.fi\/mobiilitohjaajat\/wp-json\/wp\/v2\/comments?post=205"}],"version-history":[{"count":0,"href":"https:\/\/blogit.gradia.fi\/mobiilitohjaajat\/wp-json\/wp\/v2\/posts\/205\/revisions"}],"wp:attachment":[{"href":"https:\/\/blogit.gradia.fi\/mobiilitohjaajat\/wp-json\/wp\/v2\/media?parent=205"}],"wp:term":[{"taxonomy":"category","embeddable":true,"href":"https:\/\/blogit.gradia.fi\/mobiilitohjaajat\/wp-json\/wp\/v2\/categories?post=205"},{"taxonomy":"post_tag","embeddable":true,"href":"https:\/\/blogit.gradia.fi\/mobiilitohjaajat\/wp-json\/wp\/v2\/tags?post=205"}],"curies":[{"name":"wp","href":"https:\/\/api.w.org\/{rel}","templated":true}]}}