{"id":188,"date":"2013-09-26T14:33:16","date_gmt":"2013-09-26T11:33:16","guid":{"rendered":"https:\/\/blogit.gradia.fi\/mobiilitohjaajat\/?p=188"},"modified":"2013-11-28T11:16:44","modified_gmt":"2013-11-28T09:16:44","slug":"kiltailua","status":"publish","type":"post","link":"https:\/\/blogit.gradia.fi\/mobiilitohjaajat\/kiltailua\/","title":{"rendered":"Kiltailua"},"content":{"rendered":"<p>Hankkeen mahdollistama, syksyinen opintoretki suuntautui 19.9.2013 Kiltakoulujen loppuseminaariin Tampereelle. Aihe oli jo entuudestaan tuttu, sill\u00e4 Salon koulutuskuntayhtym\u00e4st\u00e4 oli k\u00e4v\u00e4issyt vieraita Jyv\u00e4skyl\u00e4n ammattiopiston Hyvinvointi ja kulttuuriyksik\u00f6n henkil\u00f6st\u00f6koulutusp\u00e4iv\u00e4ss\u00e4 viime kev\u00e4\u00e4n\u00e4. Samoin teimme hankkeen puitteissa kev\u00e4\u00e4n viime metreill\u00e4 vierailun Tampereelle ja tutustuimme Pintakillan toimintaan ja toimintaperiaatteeseen. Harmaat aivosolut alkoivat raksuttaa jo silloin, mutta kes\u00e4 tuli ik\u00e4v\u00e4sti v\u00e4liin.<\/p>\n<p>Seminaarin parasta antia oli se, ett\u00e4 ideointi k\u00e4ynnistyi uudelleen. Vaikuttavaa oli my\u00f6s yhdess\u00e4 tekeminen ja se, ett\u00e4 oppilaat olivat esittelem\u00e4ss\u00e4 omaa alaansa ja omia kokeilujaan. Ammattiylpeys heijastui kaikesta tekemisest\u00e4. Toiminnalliset seminaarit ovat tervetulleita jatkossakin.<\/p>\n<p><a href=\"https:\/\/blogit.gradia.fi\/mobiilitohjaajat\/wp-content\/uploads\/sites\/18\/2013\/09\/IMG_0270.jpg\"><img loading=\"lazy\" decoding=\"async\" class=\"alignnone size-full wp-image-190\" alt=\"IMG_0270\" src=\"https:\/\/blogit.gradia.fi\/mobiilitohjaajat\/wp-content\/uploads\/sites\/18\/2013\/09\/IMG_0270.jpg\" width=\"1600\" height=\"1592\" \/><\/a><\/p>\n<p>Olin kiinnostunut etenkin blogi-kokeiluista ja siit\u00e4, miten blogista voisi muokata opinn\u00e4ytteen tai n\u00e4yteportfolion. Esitysten perusteella oli ilmeist\u00e4, ett\u00e4 opinn\u00e4ytteen toteutustapoja on yht\u00e4 monta kuin tekij\u00e4\u00e4: toiselle opintojen aikana tuotettu blogi, kun taas toiselle paras blogipostaus vastasi opinn\u00e4ytett\u00e4. Oma tapa syntyy kokeilujen ja kokemusten kautta. N\u00e4yteportfolio vastasi puolestaan useimmiten blogia. T\u00e4ss\u00e4 on seuraava p\u00e4hkin\u00e4 purtavaksi, ja mietitt\u00e4v\u00e4ksi.<\/p>\n<p>Matkan ja seminaarin aikana ehdin opetella my\u00f6s iPadilla mindmappausta ja sarjakuvien tekoa. Molemmat kolahtivat niin, ett\u00e4 keksin jo lukuisia soveltamismahdollisuuksia, joten ei kun intoa puhkuen kokeilujen kimppuun.<\/p>\n<p>Monta asiaa j\u00e4i viel\u00e4 kokeilematta ja n\u00e4kem\u00e4tt\u00e4, mutta niihin pureudutaan sitten seuraavalla kerralla.<\/p>\n<p>Sirpa Vauhkala<\/p>\n","protected":false},"excerpt":{"rendered":"<p>Hankkeen mahdollistama, syksyinen opintoretki suuntautui 19.9.2013 Kiltakoulujen loppuseminaariin Tampereelle. Aihe oli jo entuudestaan tuttu, sill\u00e4 Salon koulutuskuntayhtym\u00e4st\u00e4 oli k\u00e4v\u00e4issyt vieraita Jyv\u00e4skyl\u00e4n ammattiopiston Hyvinvointi ja kulttuuriyksik\u00f6n henkil\u00f6st\u00f6koulutusp\u00e4iv\u00e4ss\u00e4 viime kev\u00e4\u00e4n\u00e4. Samoin teimme hankkeen puitteissa kev\u00e4\u00e4n viime metreill\u00e4 vierailun Tampereelle ja tutustuimme Pintakillan toimintaan ja toimintaperiaatteeseen. Harmaat aivosolut alkoivat raksuttaa jo silloin, mutta kes\u00e4 tuli ik\u00e4v\u00e4sti v\u00e4liin. Seminaarin &hellip; <a href=\"https:\/\/blogit.gradia.fi\/mobiilitohjaajat\/kiltailua\/\" class=\"more-link\">Jatka lukemista <span class=\"screen-reader-text\">Kiltailua<\/span> <span class=\"meta-nav\">&rarr;<\/span><\/a><\/p>\n","protected":false},"author":166,"featured_media":0,"comment_status":"open","ping_status":"open","sticky":false,"template":"","format":"standard","meta":{"_uag_custom_page_level_css":"","footnotes":""},"categories":[25,1],"tags":[],"class_list":["post-188","post","type-post","status-publish","format-standard","hentry","category-vaatetus","category-yleinen"],"yoast_head":"<!-- This site is optimized with the Yoast SEO plugin v27.5 - https:\/\/yoast.com\/product\/yoast-seo-wordpress\/ -->\n<title>Kiltailua - Mobiilit ohjaajat<\/title>\n<meta name=\"robots\" content=\"index, follow, max-snippet:-1, max-image-preview:large, max-video-preview:-1\" \/>\n<link rel=\"canonical\" href=\"https:\/\/blogit.gradia.fi\/mobiilitohjaajat\/kiltailua\/\" \/>\n<meta property=\"og:locale\" content=\"fi_FI\" \/>\n<meta property=\"og:type\" content=\"article\" \/>\n<meta property=\"og:title\" content=\"Kiltailua - Mobiilit ohjaajat\" \/>\n<meta property=\"og:description\" content=\"Hankkeen mahdollistama, syksyinen opintoretki suuntautui 19.9.2013 Kiltakoulujen loppuseminaariin Tampereelle. Aihe oli jo entuudestaan tuttu, sill\u00e4 Salon koulutuskuntayhtym\u00e4st\u00e4 oli k\u00e4v\u00e4issyt vieraita Jyv\u00e4skyl\u00e4n ammattiopiston Hyvinvointi ja kulttuuriyksik\u00f6n henkil\u00f6st\u00f6koulutusp\u00e4iv\u00e4ss\u00e4 viime kev\u00e4\u00e4n\u00e4. Samoin teimme hankkeen puitteissa kev\u00e4\u00e4n viime metreill\u00e4 vierailun Tampereelle ja tutustuimme Pintakillan toimintaan ja toimintaperiaatteeseen. Harmaat aivosolut alkoivat raksuttaa jo silloin, mutta kes\u00e4 tuli ik\u00e4v\u00e4sti v\u00e4liin. Seminaarin &hellip; Jatka lukemista Kiltailua &rarr;\" \/>\n<meta property=\"og:url\" content=\"https:\/\/blogit.gradia.fi\/mobiilitohjaajat\/kiltailua\/\" \/>\n<meta property=\"og:site_name\" content=\"Mobiilit ohjaajat\" \/>\n<meta property=\"article:published_time\" content=\"2013-09-26T11:33:16+00:00\" \/>\n<meta property=\"article:modified_time\" content=\"2013-11-28T09:16:44+00:00\" \/>\n<meta property=\"og:image\" content=\"https:\/\/blogit.gradia.fi\/mobiilitohjaajat\/wp-content\/uploads\/sites\/18\/2013\/09\/IMG_0270.jpg\" \/>\n<meta name=\"author\" content=\"Sirpa Vauhkala\" \/>\n<meta name=\"twitter:card\" content=\"summary_large_image\" \/>\n<meta name=\"twitter:label1\" content=\"Kirjoittanut\" \/>\n\t<meta name=\"twitter:data1\" content=\"Sirpa Vauhkala\" \/>\n\t<meta name=\"twitter:label2\" content=\"Arvioitu lukuaika\" \/>\n\t<meta name=\"twitter:data2\" content=\"1 minuutti\" \/>\n<script type=\"application\/ld+json\" class=\"yoast-schema-graph\">{\"@context\":\"https:\\\/\\\/schema.org\",\"@graph\":[{\"@type\":\"Article\",\"@id\":\"https:\\\/\\\/blogit.gradia.fi\\\/mobiilitohjaajat\\\/kiltailua\\\/#article\",\"isPartOf\":{\"@id\":\"https:\\\/\\\/blogit.gradia.fi\\\/mobiilitohjaajat\\\/kiltailua\\\/\"},\"author\":{\"name\":\"Sirpa Vauhkala\",\"@id\":\"https:\\\/\\\/blogit.gradia.fi\\\/mobiilitohjaajat\\\/#\\\/schema\\\/person\\\/af47f873bbb62a6a80c8178d8c589fa8\"},\"headline\":\"Kiltailua\",\"datePublished\":\"2013-09-26T11:33:16+00:00\",\"dateModified\":\"2013-11-28T09:16:44+00:00\",\"mainEntityOfPage\":{\"@id\":\"https:\\\/\\\/blogit.gradia.fi\\\/mobiilitohjaajat\\\/kiltailua\\\/\"},\"wordCount\":217,\"commentCount\":0,\"image\":{\"@id\":\"https:\\\/\\\/blogit.gradia.fi\\\/mobiilitohjaajat\\\/kiltailua\\\/#primaryimage\"},\"thumbnailUrl\":\"https:\\\/\\\/blogit.gradia.fi\\\/mobiilitohjaajat\\\/wp-content\\\/uploads\\\/sites\\\/18\\\/2013\\\/09\\\/IMG_0270.jpg\",\"articleSection\":[\"Vaatetus\"],\"inLanguage\":\"fi\",\"potentialAction\":[{\"@type\":\"CommentAction\",\"name\":\"Comment\",\"target\":[\"https:\\\/\\\/blogit.gradia.fi\\\/mobiilitohjaajat\\\/kiltailua\\\/#respond\"]}]},{\"@type\":\"WebPage\",\"@id\":\"https:\\\/\\\/blogit.gradia.fi\\\/mobiilitohjaajat\\\/kiltailua\\\/\",\"url\":\"https:\\\/\\\/blogit.gradia.fi\\\/mobiilitohjaajat\\\/kiltailua\\\/\",\"name\":\"Kiltailua - Mobiilit ohjaajat\",\"isPartOf\":{\"@id\":\"https:\\\/\\\/blogit.gradia.fi\\\/mobiilitohjaajat\\\/#website\"},\"primaryImageOfPage\":{\"@id\":\"https:\\\/\\\/blogit.gradia.fi\\\/mobiilitohjaajat\\\/kiltailua\\\/#primaryimage\"},\"image\":{\"@id\":\"https:\\\/\\\/blogit.gradia.fi\\\/mobiilitohjaajat\\\/kiltailua\\\/#primaryimage\"},\"thumbnailUrl\":\"https:\\\/\\\/blogit.gradia.fi\\\/mobiilitohjaajat\\\/wp-content\\\/uploads\\\/sites\\\/18\\\/2013\\\/09\\\/IMG_0270.jpg\",\"datePublished\":\"2013-09-26T11:33:16+00:00\",\"dateModified\":\"2013-11-28T09:16:44+00:00\",\"author\":{\"@id\":\"https:\\\/\\\/blogit.gradia.fi\\\/mobiilitohjaajat\\\/#\\\/schema\\\/person\\\/af47f873bbb62a6a80c8178d8c589fa8\"},\"inLanguage\":\"fi\",\"potentialAction\":[{\"@type\":\"ReadAction\",\"target\":[\"https:\\\/\\\/blogit.gradia.fi\\\/mobiilitohjaajat\\\/kiltailua\\\/\"]}]},{\"@type\":\"ImageObject\",\"inLanguage\":\"fi\",\"@id\":\"https:\\\/\\\/blogit.gradia.fi\\\/mobiilitohjaajat\\\/kiltailua\\\/#primaryimage\",\"url\":\"https:\\\/\\\/blogit.gradia.fi\\\/mobiilitohjaajat\\\/wp-content\\\/uploads\\\/sites\\\/18\\\/2013\\\/09\\\/IMG_0270.jpg\",\"contentUrl\":\"https:\\\/\\\/blogit.gradia.fi\\\/mobiilitohjaajat\\\/wp-content\\\/uploads\\\/sites\\\/18\\\/2013\\\/09\\\/IMG_0270.jpg\",\"width\":1600,\"height\":1592},{\"@type\":\"WebSite\",\"@id\":\"https:\\\/\\\/blogit.gradia.fi\\\/mobiilitohjaajat\\\/#website\",\"url\":\"https:\\\/\\\/blogit.gradia.fi\\\/mobiilitohjaajat\\\/\",\"name\":\"Mobiilit ohjaajat\",\"description\":\"Opetushallituksen rahoittaman Mobiilit ohjaajat -hankkeen sivusto\",\"potentialAction\":[{\"@type\":\"SearchAction\",\"target\":{\"@type\":\"EntryPoint\",\"urlTemplate\":\"https:\\\/\\\/blogit.gradia.fi\\\/mobiilitohjaajat\\\/?s={search_term_string}\"},\"query-input\":{\"@type\":\"PropertyValueSpecification\",\"valueRequired\":true,\"valueName\":\"search_term_string\"}}],\"inLanguage\":\"fi\"},{\"@type\":\"Person\",\"@id\":\"https:\\\/\\\/blogit.gradia.fi\\\/mobiilitohjaajat\\\/#\\\/schema\\\/person\\\/af47f873bbb62a6a80c8178d8c589fa8\",\"name\":\"Sirpa Vauhkala\",\"image\":{\"@type\":\"ImageObject\",\"inLanguage\":\"fi\",\"@id\":\"https:\\\/\\\/secure.gravatar.com\\\/avatar\\\/dc07e6ef6ce853424587fd89ca0e92f890818c11be4a7c8db1cebecdd9fbb85e?s=96&d=mm&r=g\",\"url\":\"https:\\\/\\\/secure.gravatar.com\\\/avatar\\\/dc07e6ef6ce853424587fd89ca0e92f890818c11be4a7c8db1cebecdd9fbb85e?s=96&d=mm&r=g\",\"contentUrl\":\"https:\\\/\\\/secure.gravatar.com\\\/avatar\\\/dc07e6ef6ce853424587fd89ca0e92f890818c11be4a7c8db1cebecdd9fbb85e?s=96&d=mm&r=g\",\"caption\":\"Sirpa Vauhkala\"},\"url\":\"https:\\\/\\\/blogit.gradia.fi\\\/mobiilitohjaajat\\\/author\\\/vauhksir\\\/\"}]}<\/script>\n<!-- \/ Yoast SEO plugin. -->","yoast_head_json":{"title":"Kiltailua - Mobiilit ohjaajat","robots":{"index":"index","follow":"follow","max-snippet":"max-snippet:-1","max-image-preview":"max-image-preview:large","max-video-preview":"max-video-preview:-1"},"canonical":"https:\/\/blogit.gradia.fi\/mobiilitohjaajat\/kiltailua\/","og_locale":"fi_FI","og_type":"article","og_title":"Kiltailua - Mobiilit ohjaajat","og_description":"Hankkeen mahdollistama, syksyinen opintoretki suuntautui 19.9.2013 Kiltakoulujen loppuseminaariin Tampereelle. Aihe oli jo entuudestaan tuttu, sill\u00e4 Salon koulutuskuntayhtym\u00e4st\u00e4 oli k\u00e4v\u00e4issyt vieraita Jyv\u00e4skyl\u00e4n ammattiopiston Hyvinvointi ja kulttuuriyksik\u00f6n henkil\u00f6st\u00f6koulutusp\u00e4iv\u00e4ss\u00e4 viime kev\u00e4\u00e4n\u00e4. Samoin teimme hankkeen puitteissa kev\u00e4\u00e4n viime metreill\u00e4 vierailun Tampereelle ja tutustuimme Pintakillan toimintaan ja toimintaperiaatteeseen. Harmaat aivosolut alkoivat raksuttaa jo silloin, mutta kes\u00e4 tuli ik\u00e4v\u00e4sti v\u00e4liin. Seminaarin &hellip; Jatka lukemista Kiltailua &rarr;","og_url":"https:\/\/blogit.gradia.fi\/mobiilitohjaajat\/kiltailua\/","og_site_name":"Mobiilit ohjaajat","article_published_time":"2013-09-26T11:33:16+00:00","article_modified_time":"2013-11-28T09:16:44+00:00","og_image":[{"url":"https:\/\/blogit.gradia.fi\/mobiilitohjaajat\/wp-content\/uploads\/sites\/18\/2013\/09\/IMG_0270.jpg","type":"","width":"","height":""}],"author":"Sirpa Vauhkala","twitter_card":"summary_large_image","twitter_misc":{"Kirjoittanut":"Sirpa Vauhkala","Arvioitu lukuaika":"1 minuutti"},"schema":{"@context":"https:\/\/schema.org","@graph":[{"@type":"Article","@id":"https:\/\/blogit.gradia.fi\/mobiilitohjaajat\/kiltailua\/#article","isPartOf":{"@id":"https:\/\/blogit.gradia.fi\/mobiilitohjaajat\/kiltailua\/"},"author":{"name":"Sirpa Vauhkala","@id":"https:\/\/blogit.gradia.fi\/mobiilitohjaajat\/#\/schema\/person\/af47f873bbb62a6a80c8178d8c589fa8"},"headline":"Kiltailua","datePublished":"2013-09-26T11:33:16+00:00","dateModified":"2013-11-28T09:16:44+00:00","mainEntityOfPage":{"@id":"https:\/\/blogit.gradia.fi\/mobiilitohjaajat\/kiltailua\/"},"wordCount":217,"commentCount":0,"image":{"@id":"https:\/\/blogit.gradia.fi\/mobiilitohjaajat\/kiltailua\/#primaryimage"},"thumbnailUrl":"https:\/\/blogit.gradia.fi\/mobiilitohjaajat\/wp-content\/uploads\/sites\/18\/2013\/09\/IMG_0270.jpg","articleSection":["Vaatetus"],"inLanguage":"fi","potentialAction":[{"@type":"CommentAction","name":"Comment","target":["https:\/\/blogit.gradia.fi\/mobiilitohjaajat\/kiltailua\/#respond"]}]},{"@type":"WebPage","@id":"https:\/\/blogit.gradia.fi\/mobiilitohjaajat\/kiltailua\/","url":"https:\/\/blogit.gradia.fi\/mobiilitohjaajat\/kiltailua\/","name":"Kiltailua - Mobiilit ohjaajat","isPartOf":{"@id":"https:\/\/blogit.gradia.fi\/mobiilitohjaajat\/#website"},"primaryImageOfPage":{"@id":"https:\/\/blogit.gradia.fi\/mobiilitohjaajat\/kiltailua\/#primaryimage"},"image":{"@id":"https:\/\/blogit.gradia.fi\/mobiilitohjaajat\/kiltailua\/#primaryimage"},"thumbnailUrl":"https:\/\/blogit.gradia.fi\/mobiilitohjaajat\/wp-content\/uploads\/sites\/18\/2013\/09\/IMG_0270.jpg","datePublished":"2013-09-26T11:33:16+00:00","dateModified":"2013-11-28T09:16:44+00:00","author":{"@id":"https:\/\/blogit.gradia.fi\/mobiilitohjaajat\/#\/schema\/person\/af47f873bbb62a6a80c8178d8c589fa8"},"inLanguage":"fi","potentialAction":[{"@type":"ReadAction","target":["https:\/\/blogit.gradia.fi\/mobiilitohjaajat\/kiltailua\/"]}]},{"@type":"ImageObject","inLanguage":"fi","@id":"https:\/\/blogit.gradia.fi\/mobiilitohjaajat\/kiltailua\/#primaryimage","url":"https:\/\/blogit.gradia.fi\/mobiilitohjaajat\/wp-content\/uploads\/sites\/18\/2013\/09\/IMG_0270.jpg","contentUrl":"https:\/\/blogit.gradia.fi\/mobiilitohjaajat\/wp-content\/uploads\/sites\/18\/2013\/09\/IMG_0270.jpg","width":1600,"height":1592},{"@type":"WebSite","@id":"https:\/\/blogit.gradia.fi\/mobiilitohjaajat\/#website","url":"https:\/\/blogit.gradia.fi\/mobiilitohjaajat\/","name":"Mobiilit ohjaajat","description":"Opetushallituksen rahoittaman Mobiilit ohjaajat -hankkeen sivusto","potentialAction":[{"@type":"SearchAction","target":{"@type":"EntryPoint","urlTemplate":"https:\/\/blogit.gradia.fi\/mobiilitohjaajat\/?s={search_term_string}"},"query-input":{"@type":"PropertyValueSpecification","valueRequired":true,"valueName":"search_term_string"}}],"inLanguage":"fi"},{"@type":"Person","@id":"https:\/\/blogit.gradia.fi\/mobiilitohjaajat\/#\/schema\/person\/af47f873bbb62a6a80c8178d8c589fa8","name":"Sirpa Vauhkala","image":{"@type":"ImageObject","inLanguage":"fi","@id":"https:\/\/secure.gravatar.com\/avatar\/dc07e6ef6ce853424587fd89ca0e92f890818c11be4a7c8db1cebecdd9fbb85e?s=96&d=mm&r=g","url":"https:\/\/secure.gravatar.com\/avatar\/dc07e6ef6ce853424587fd89ca0e92f890818c11be4a7c8db1cebecdd9fbb85e?s=96&d=mm&r=g","contentUrl":"https:\/\/secure.gravatar.com\/avatar\/dc07e6ef6ce853424587fd89ca0e92f890818c11be4a7c8db1cebecdd9fbb85e?s=96&d=mm&r=g","caption":"Sirpa Vauhkala"},"url":"https:\/\/blogit.gradia.fi\/mobiilitohjaajat\/author\/vauhksir\/"}]}},"uagb_featured_image_src":{"full":false,"thumbnail":false,"medium":false,"medium_large":false,"large":false,"1536x1536":false,"2048x2048":false,"post-thumbnail":false},"uagb_author_info":{"display_name":"Sirpa Vauhkala","author_link":"https:\/\/blogit.gradia.fi\/mobiilitohjaajat\/author\/vauhksir\/"},"uagb_comment_info":1,"uagb_excerpt":"Hankkeen mahdollistama, syksyinen opintoretki suuntautui 19.9.2013 Kiltakoulujen loppuseminaariin Tampereelle. Aihe oli jo entuudestaan tuttu, sill\u00e4 Salon koulutuskuntayhtym\u00e4st\u00e4 oli k\u00e4v\u00e4issyt vieraita Jyv\u00e4skyl\u00e4n ammattiopiston Hyvinvointi ja kulttuuriyksik\u00f6n henkil\u00f6st\u00f6koulutusp\u00e4iv\u00e4ss\u00e4 viime kev\u00e4\u00e4n\u00e4. Samoin teimme hankkeen puitteissa kev\u00e4\u00e4n viime metreill\u00e4 vierailun Tampereelle ja tutustuimme Pintakillan toimintaan ja toimintaperiaatteeseen. Harmaat aivosolut alkoivat raksuttaa jo silloin, mutta kes\u00e4 tuli ik\u00e4v\u00e4sti v\u00e4liin. Seminaarin&hellip;","_links":{"self":[{"href":"https:\/\/blogit.gradia.fi\/mobiilitohjaajat\/wp-json\/wp\/v2\/posts\/188","targetHints":{"allow":["GET"]}}],"collection":[{"href":"https:\/\/blogit.gradia.fi\/mobiilitohjaajat\/wp-json\/wp\/v2\/posts"}],"about":[{"href":"https:\/\/blogit.gradia.fi\/mobiilitohjaajat\/wp-json\/wp\/v2\/types\/post"}],"author":[{"embeddable":true,"href":"https:\/\/blogit.gradia.fi\/mobiilitohjaajat\/wp-json\/wp\/v2\/users\/166"}],"replies":[{"embeddable":true,"href":"https:\/\/blogit.gradia.fi\/mobiilitohjaajat\/wp-json\/wp\/v2\/comments?post=188"}],"version-history":[{"count":0,"href":"https:\/\/blogit.gradia.fi\/mobiilitohjaajat\/wp-json\/wp\/v2\/posts\/188\/revisions"}],"wp:attachment":[{"href":"https:\/\/blogit.gradia.fi\/mobiilitohjaajat\/wp-json\/wp\/v2\/media?parent=188"}],"wp:term":[{"taxonomy":"category","embeddable":true,"href":"https:\/\/blogit.gradia.fi\/mobiilitohjaajat\/wp-json\/wp\/v2\/categories?post=188"},{"taxonomy":"post_tag","embeddable":true,"href":"https:\/\/blogit.gradia.fi\/mobiilitohjaajat\/wp-json\/wp\/v2\/tags?post=188"}],"curies":[{"name":"wp","href":"https:\/\/api.w.org\/{rel}","templated":true}]}}