{"id":176,"date":"2013-09-26T14:20:36","date_gmt":"2013-09-26T11:20:36","guid":{"rendered":"https:\/\/blogit.gradia.fi\/mobiilitohjaajat\/?p=176"},"modified":"2013-11-28T11:17:09","modified_gmt":"2013-11-28T09:17:09","slug":"yhteinen-blogi","status":"publish","type":"post","link":"https:\/\/blogit.gradia.fi\/mobiilitohjaajat\/yhteinen-blogi\/","title":{"rendered":"Yhteinen blogi"},"content":{"rendered":"<p>Aiempina vuosina oppilaat ovat luoneet ja p\u00e4ivitt\u00e4neet henkil\u00f6kohtaisia blogejaan. L\u00e4ht\u00f6kohtana on ollut oman oppimisen dokumentointi. Vaatetusalan opinnot painottuvat tuotteiden valmistukseen, joten valmistusprosessi on yksi keskeisimpi\u00e4 oppisis\u00e4lt\u00f6j\u00e4 opintojen aikana.<\/p>\n<p>V\u00e4lill\u00e4 on mieless\u00e4 py\u00f6r\u00e4ht\u00e4nyt idea luokka- tai ryhm\u00e4blogista. T\u00e4n\u00e4 syksyn\u00e4 Henna ja Riina p\u00e4\u00e4ttiv\u00e4t luoda yhteisen blogin. Yhteisen blogin p\u00e4ivitt\u00e4minen vaatii toimivaa ja melko saumatonta yhteisty\u00f6t\u00e4, mutta my\u00f6s yhteisten ja yksityisten kokemusten esille tuomista.<\/p>\n<p><a href=\"https:\/\/blogit.gradia.fi\/mobiilitohjaajat\/wp-content\/uploads\/sites\/18\/2013\/09\/ryhmablogi1.jpg\"><img loading=\"lazy\" decoding=\"async\" class=\"alignnone size-full wp-image-180\" alt=\"ryhmablogi\" src=\"https:\/\/blogit.gradia.fi\/mobiilitohjaajat\/wp-content\/uploads\/sites\/18\/2013\/09\/ryhmablogi1.jpg\" width=\"557\" height=\"251\" \/><\/a><\/p>\n<p>&nbsp;<\/p>\n<p>Blogin alkumetrej\u00e4 on ollut mukava seurata, koska yhdess\u00e4 tekeminen on voimistanut yhteishenke\u00e4 ja lis\u00e4nnyt luovia ideoita. Yksi villeimmist\u00e4 ideoista on ollut ompeluharjoitusten muokkaaminen asuksi. T\u00e4mm\u00f6ist\u00e4 tekemisen meininki\u00e4 lis\u00e4\u00e4, toivoo ope \ud83d\ude42<\/p>\n<p>Blogi l\u00f6ytyy t\u00e4\u00e4lt\u00e4 <a href=\"http:\/\/twicethings.blogspot.fi\/\">http:\/\/twicethings.blogspot.fi\/<\/a><\/p>\n<p>Sirpa Vauhkala<\/p>\n","protected":false},"excerpt":{"rendered":"<p>Aiempina vuosina oppilaat ovat luoneet ja p\u00e4ivitt\u00e4neet henkil\u00f6kohtaisia blogejaan. L\u00e4ht\u00f6kohtana on ollut oman oppimisen dokumentointi. Vaatetusalan opinnot painottuvat tuotteiden valmistukseen, joten valmistusprosessi on yksi keskeisimpi\u00e4 oppisis\u00e4lt\u00f6j\u00e4 opintojen aikana. V\u00e4lill\u00e4 on mieless\u00e4 py\u00f6r\u00e4ht\u00e4nyt idea luokka- tai ryhm\u00e4blogista. T\u00e4n\u00e4 syksyn\u00e4 Henna ja Riina p\u00e4\u00e4ttiv\u00e4t luoda yhteisen blogin. Yhteisen blogin p\u00e4ivitt\u00e4minen vaatii toimivaa ja melko saumatonta yhteisty\u00f6t\u00e4, mutta &hellip; <a href=\"https:\/\/blogit.gradia.fi\/mobiilitohjaajat\/yhteinen-blogi\/\" class=\"more-link\">Jatka lukemista <span class=\"screen-reader-text\">Yhteinen blogi<\/span> <span class=\"meta-nav\">&rarr;<\/span><\/a><\/p>\n","protected":false},"author":166,"featured_media":0,"comment_status":"open","ping_status":"open","sticky":false,"template":"","format":"standard","meta":{"_uag_custom_page_level_css":"","footnotes":""},"categories":[13,25],"tags":[],"class_list":["post-176","post","type-post","status-publish","format-standard","hentry","category-blogiportfoliona","category-vaatetus"],"yoast_head":"<!-- This site is optimized with the Yoast SEO plugin v27.5 - https:\/\/yoast.com\/product\/yoast-seo-wordpress\/ -->\n<title>Yhteinen blogi - Mobiilit ohjaajat<\/title>\n<meta name=\"robots\" content=\"index, follow, max-snippet:-1, max-image-preview:large, max-video-preview:-1\" \/>\n<link rel=\"canonical\" href=\"https:\/\/blogit.gradia.fi\/mobiilitohjaajat\/yhteinen-blogi\/\" \/>\n<meta property=\"og:locale\" content=\"fi_FI\" \/>\n<meta property=\"og:type\" content=\"article\" \/>\n<meta property=\"og:title\" content=\"Yhteinen blogi - Mobiilit ohjaajat\" \/>\n<meta property=\"og:description\" content=\"Aiempina vuosina oppilaat ovat luoneet ja p\u00e4ivitt\u00e4neet henkil\u00f6kohtaisia blogejaan. L\u00e4ht\u00f6kohtana on ollut oman oppimisen dokumentointi. Vaatetusalan opinnot painottuvat tuotteiden valmistukseen, joten valmistusprosessi on yksi keskeisimpi\u00e4 oppisis\u00e4lt\u00f6j\u00e4 opintojen aikana. V\u00e4lill\u00e4 on mieless\u00e4 py\u00f6r\u00e4ht\u00e4nyt idea luokka- tai ryhm\u00e4blogista. T\u00e4n\u00e4 syksyn\u00e4 Henna ja Riina p\u00e4\u00e4ttiv\u00e4t luoda yhteisen blogin. Yhteisen blogin p\u00e4ivitt\u00e4minen vaatii toimivaa ja melko saumatonta yhteisty\u00f6t\u00e4, mutta &hellip; Jatka lukemista Yhteinen blogi &rarr;\" \/>\n<meta property=\"og:url\" content=\"https:\/\/blogit.gradia.fi\/mobiilitohjaajat\/yhteinen-blogi\/\" \/>\n<meta property=\"og:site_name\" content=\"Mobiilit ohjaajat\" \/>\n<meta property=\"article:published_time\" content=\"2013-09-26T11:20:36+00:00\" \/>\n<meta property=\"article:modified_time\" content=\"2013-11-28T09:17:09+00:00\" \/>\n<meta property=\"og:image\" content=\"https:\/\/blogit.gradia.fi\/mobiilitohjaajat\/wp-content\/uploads\/sites\/18\/2013\/09\/ryhmablogi1.jpg\" \/>\n<meta name=\"author\" content=\"Sirpa Vauhkala\" \/>\n<meta name=\"twitter:card\" content=\"summary_large_image\" \/>\n<meta name=\"twitter:label1\" content=\"Kirjoittanut\" \/>\n\t<meta name=\"twitter:data1\" content=\"Sirpa Vauhkala\" \/>\n\t<meta name=\"twitter:label2\" content=\"Arvioitu lukuaika\" \/>\n\t<meta name=\"twitter:data2\" content=\"1 minuutti\" \/>\n<script type=\"application\/ld+json\" class=\"yoast-schema-graph\">{\"@context\":\"https:\\\/\\\/schema.org\",\"@graph\":[{\"@type\":\"Article\",\"@id\":\"https:\\\/\\\/blogit.gradia.fi\\\/mobiilitohjaajat\\\/yhteinen-blogi\\\/#article\",\"isPartOf\":{\"@id\":\"https:\\\/\\\/blogit.gradia.fi\\\/mobiilitohjaajat\\\/yhteinen-blogi\\\/\"},\"author\":{\"name\":\"Sirpa Vauhkala\",\"@id\":\"https:\\\/\\\/blogit.gradia.fi\\\/mobiilitohjaajat\\\/#\\\/schema\\\/person\\\/af47f873bbb62a6a80c8178d8c589fa8\"},\"headline\":\"Yhteinen blogi\",\"datePublished\":\"2013-09-26T11:20:36+00:00\",\"dateModified\":\"2013-11-28T09:17:09+00:00\",\"mainEntityOfPage\":{\"@id\":\"https:\\\/\\\/blogit.gradia.fi\\\/mobiilitohjaajat\\\/yhteinen-blogi\\\/\"},\"wordCount\":128,\"commentCount\":0,\"image\":{\"@id\":\"https:\\\/\\\/blogit.gradia.fi\\\/mobiilitohjaajat\\\/yhteinen-blogi\\\/#primaryimage\"},\"thumbnailUrl\":\"https:\\\/\\\/blogit.gradia.fi\\\/mobiilitohjaajat\\\/wp-content\\\/uploads\\\/sites\\\/18\\\/2013\\\/09\\\/ryhmablogi1.jpg\",\"articleSection\":[\"Blogi portfoliona\",\"Vaatetus\"],\"inLanguage\":\"fi\",\"potentialAction\":[{\"@type\":\"CommentAction\",\"name\":\"Comment\",\"target\":[\"https:\\\/\\\/blogit.gradia.fi\\\/mobiilitohjaajat\\\/yhteinen-blogi\\\/#respond\"]}]},{\"@type\":\"WebPage\",\"@id\":\"https:\\\/\\\/blogit.gradia.fi\\\/mobiilitohjaajat\\\/yhteinen-blogi\\\/\",\"url\":\"https:\\\/\\\/blogit.gradia.fi\\\/mobiilitohjaajat\\\/yhteinen-blogi\\\/\",\"name\":\"Yhteinen blogi - Mobiilit ohjaajat\",\"isPartOf\":{\"@id\":\"https:\\\/\\\/blogit.gradia.fi\\\/mobiilitohjaajat\\\/#website\"},\"primaryImageOfPage\":{\"@id\":\"https:\\\/\\\/blogit.gradia.fi\\\/mobiilitohjaajat\\\/yhteinen-blogi\\\/#primaryimage\"},\"image\":{\"@id\":\"https:\\\/\\\/blogit.gradia.fi\\\/mobiilitohjaajat\\\/yhteinen-blogi\\\/#primaryimage\"},\"thumbnailUrl\":\"https:\\\/\\\/blogit.gradia.fi\\\/mobiilitohjaajat\\\/wp-content\\\/uploads\\\/sites\\\/18\\\/2013\\\/09\\\/ryhmablogi1.jpg\",\"datePublished\":\"2013-09-26T11:20:36+00:00\",\"dateModified\":\"2013-11-28T09:17:09+00:00\",\"author\":{\"@id\":\"https:\\\/\\\/blogit.gradia.fi\\\/mobiilitohjaajat\\\/#\\\/schema\\\/person\\\/af47f873bbb62a6a80c8178d8c589fa8\"},\"inLanguage\":\"fi\",\"potentialAction\":[{\"@type\":\"ReadAction\",\"target\":[\"https:\\\/\\\/blogit.gradia.fi\\\/mobiilitohjaajat\\\/yhteinen-blogi\\\/\"]}]},{\"@type\":\"ImageObject\",\"inLanguage\":\"fi\",\"@id\":\"https:\\\/\\\/blogit.gradia.fi\\\/mobiilitohjaajat\\\/yhteinen-blogi\\\/#primaryimage\",\"url\":\"https:\\\/\\\/blogit.gradia.fi\\\/mobiilitohjaajat\\\/wp-content\\\/uploads\\\/sites\\\/18\\\/2013\\\/09\\\/ryhmablogi1.jpg\",\"contentUrl\":\"https:\\\/\\\/blogit.gradia.fi\\\/mobiilitohjaajat\\\/wp-content\\\/uploads\\\/sites\\\/18\\\/2013\\\/09\\\/ryhmablogi1.jpg\",\"width\":557,\"height\":251},{\"@type\":\"WebSite\",\"@id\":\"https:\\\/\\\/blogit.gradia.fi\\\/mobiilitohjaajat\\\/#website\",\"url\":\"https:\\\/\\\/blogit.gradia.fi\\\/mobiilitohjaajat\\\/\",\"name\":\"Mobiilit ohjaajat\",\"description\":\"Opetushallituksen rahoittaman Mobiilit ohjaajat -hankkeen sivusto\",\"potentialAction\":[{\"@type\":\"SearchAction\",\"target\":{\"@type\":\"EntryPoint\",\"urlTemplate\":\"https:\\\/\\\/blogit.gradia.fi\\\/mobiilitohjaajat\\\/?s={search_term_string}\"},\"query-input\":{\"@type\":\"PropertyValueSpecification\",\"valueRequired\":true,\"valueName\":\"search_term_string\"}}],\"inLanguage\":\"fi\"},{\"@type\":\"Person\",\"@id\":\"https:\\\/\\\/blogit.gradia.fi\\\/mobiilitohjaajat\\\/#\\\/schema\\\/person\\\/af47f873bbb62a6a80c8178d8c589fa8\",\"name\":\"Sirpa Vauhkala\",\"image\":{\"@type\":\"ImageObject\",\"inLanguage\":\"fi\",\"@id\":\"https:\\\/\\\/secure.gravatar.com\\\/avatar\\\/dc07e6ef6ce853424587fd89ca0e92f890818c11be4a7c8db1cebecdd9fbb85e?s=96&d=mm&r=g\",\"url\":\"https:\\\/\\\/secure.gravatar.com\\\/avatar\\\/dc07e6ef6ce853424587fd89ca0e92f890818c11be4a7c8db1cebecdd9fbb85e?s=96&d=mm&r=g\",\"contentUrl\":\"https:\\\/\\\/secure.gravatar.com\\\/avatar\\\/dc07e6ef6ce853424587fd89ca0e92f890818c11be4a7c8db1cebecdd9fbb85e?s=96&d=mm&r=g\",\"caption\":\"Sirpa Vauhkala\"},\"url\":\"https:\\\/\\\/blogit.gradia.fi\\\/mobiilitohjaajat\\\/author\\\/vauhksir\\\/\"}]}<\/script>\n<!-- \/ Yoast SEO plugin. -->","yoast_head_json":{"title":"Yhteinen blogi - Mobiilit ohjaajat","robots":{"index":"index","follow":"follow","max-snippet":"max-snippet:-1","max-image-preview":"max-image-preview:large","max-video-preview":"max-video-preview:-1"},"canonical":"https:\/\/blogit.gradia.fi\/mobiilitohjaajat\/yhteinen-blogi\/","og_locale":"fi_FI","og_type":"article","og_title":"Yhteinen blogi - Mobiilit ohjaajat","og_description":"Aiempina vuosina oppilaat ovat luoneet ja p\u00e4ivitt\u00e4neet henkil\u00f6kohtaisia blogejaan. L\u00e4ht\u00f6kohtana on ollut oman oppimisen dokumentointi. Vaatetusalan opinnot painottuvat tuotteiden valmistukseen, joten valmistusprosessi on yksi keskeisimpi\u00e4 oppisis\u00e4lt\u00f6j\u00e4 opintojen aikana. V\u00e4lill\u00e4 on mieless\u00e4 py\u00f6r\u00e4ht\u00e4nyt idea luokka- tai ryhm\u00e4blogista. T\u00e4n\u00e4 syksyn\u00e4 Henna ja Riina p\u00e4\u00e4ttiv\u00e4t luoda yhteisen blogin. Yhteisen blogin p\u00e4ivitt\u00e4minen vaatii toimivaa ja melko saumatonta yhteisty\u00f6t\u00e4, mutta &hellip; Jatka lukemista Yhteinen blogi &rarr;","og_url":"https:\/\/blogit.gradia.fi\/mobiilitohjaajat\/yhteinen-blogi\/","og_site_name":"Mobiilit ohjaajat","article_published_time":"2013-09-26T11:20:36+00:00","article_modified_time":"2013-11-28T09:17:09+00:00","og_image":[{"url":"https:\/\/blogit.gradia.fi\/mobiilitohjaajat\/wp-content\/uploads\/sites\/18\/2013\/09\/ryhmablogi1.jpg","type":"","width":"","height":""}],"author":"Sirpa Vauhkala","twitter_card":"summary_large_image","twitter_misc":{"Kirjoittanut":"Sirpa Vauhkala","Arvioitu lukuaika":"1 minuutti"},"schema":{"@context":"https:\/\/schema.org","@graph":[{"@type":"Article","@id":"https:\/\/blogit.gradia.fi\/mobiilitohjaajat\/yhteinen-blogi\/#article","isPartOf":{"@id":"https:\/\/blogit.gradia.fi\/mobiilitohjaajat\/yhteinen-blogi\/"},"author":{"name":"Sirpa Vauhkala","@id":"https:\/\/blogit.gradia.fi\/mobiilitohjaajat\/#\/schema\/person\/af47f873bbb62a6a80c8178d8c589fa8"},"headline":"Yhteinen blogi","datePublished":"2013-09-26T11:20:36+00:00","dateModified":"2013-11-28T09:17:09+00:00","mainEntityOfPage":{"@id":"https:\/\/blogit.gradia.fi\/mobiilitohjaajat\/yhteinen-blogi\/"},"wordCount":128,"commentCount":0,"image":{"@id":"https:\/\/blogit.gradia.fi\/mobiilitohjaajat\/yhteinen-blogi\/#primaryimage"},"thumbnailUrl":"https:\/\/blogit.gradia.fi\/mobiilitohjaajat\/wp-content\/uploads\/sites\/18\/2013\/09\/ryhmablogi1.jpg","articleSection":["Blogi portfoliona","Vaatetus"],"inLanguage":"fi","potentialAction":[{"@type":"CommentAction","name":"Comment","target":["https:\/\/blogit.gradia.fi\/mobiilitohjaajat\/yhteinen-blogi\/#respond"]}]},{"@type":"WebPage","@id":"https:\/\/blogit.gradia.fi\/mobiilitohjaajat\/yhteinen-blogi\/","url":"https:\/\/blogit.gradia.fi\/mobiilitohjaajat\/yhteinen-blogi\/","name":"Yhteinen blogi - Mobiilit ohjaajat","isPartOf":{"@id":"https:\/\/blogit.gradia.fi\/mobiilitohjaajat\/#website"},"primaryImageOfPage":{"@id":"https:\/\/blogit.gradia.fi\/mobiilitohjaajat\/yhteinen-blogi\/#primaryimage"},"image":{"@id":"https:\/\/blogit.gradia.fi\/mobiilitohjaajat\/yhteinen-blogi\/#primaryimage"},"thumbnailUrl":"https:\/\/blogit.gradia.fi\/mobiilitohjaajat\/wp-content\/uploads\/sites\/18\/2013\/09\/ryhmablogi1.jpg","datePublished":"2013-09-26T11:20:36+00:00","dateModified":"2013-11-28T09:17:09+00:00","author":{"@id":"https:\/\/blogit.gradia.fi\/mobiilitohjaajat\/#\/schema\/person\/af47f873bbb62a6a80c8178d8c589fa8"},"inLanguage":"fi","potentialAction":[{"@type":"ReadAction","target":["https:\/\/blogit.gradia.fi\/mobiilitohjaajat\/yhteinen-blogi\/"]}]},{"@type":"ImageObject","inLanguage":"fi","@id":"https:\/\/blogit.gradia.fi\/mobiilitohjaajat\/yhteinen-blogi\/#primaryimage","url":"https:\/\/blogit.gradia.fi\/mobiilitohjaajat\/wp-content\/uploads\/sites\/18\/2013\/09\/ryhmablogi1.jpg","contentUrl":"https:\/\/blogit.gradia.fi\/mobiilitohjaajat\/wp-content\/uploads\/sites\/18\/2013\/09\/ryhmablogi1.jpg","width":557,"height":251},{"@type":"WebSite","@id":"https:\/\/blogit.gradia.fi\/mobiilitohjaajat\/#website","url":"https:\/\/blogit.gradia.fi\/mobiilitohjaajat\/","name":"Mobiilit ohjaajat","description":"Opetushallituksen rahoittaman Mobiilit ohjaajat -hankkeen sivusto","potentialAction":[{"@type":"SearchAction","target":{"@type":"EntryPoint","urlTemplate":"https:\/\/blogit.gradia.fi\/mobiilitohjaajat\/?s={search_term_string}"},"query-input":{"@type":"PropertyValueSpecification","valueRequired":true,"valueName":"search_term_string"}}],"inLanguage":"fi"},{"@type":"Person","@id":"https:\/\/blogit.gradia.fi\/mobiilitohjaajat\/#\/schema\/person\/af47f873bbb62a6a80c8178d8c589fa8","name":"Sirpa Vauhkala","image":{"@type":"ImageObject","inLanguage":"fi","@id":"https:\/\/secure.gravatar.com\/avatar\/dc07e6ef6ce853424587fd89ca0e92f890818c11be4a7c8db1cebecdd9fbb85e?s=96&d=mm&r=g","url":"https:\/\/secure.gravatar.com\/avatar\/dc07e6ef6ce853424587fd89ca0e92f890818c11be4a7c8db1cebecdd9fbb85e?s=96&d=mm&r=g","contentUrl":"https:\/\/secure.gravatar.com\/avatar\/dc07e6ef6ce853424587fd89ca0e92f890818c11be4a7c8db1cebecdd9fbb85e?s=96&d=mm&r=g","caption":"Sirpa Vauhkala"},"url":"https:\/\/blogit.gradia.fi\/mobiilitohjaajat\/author\/vauhksir\/"}]}},"uagb_featured_image_src":{"full":false,"thumbnail":false,"medium":false,"medium_large":false,"large":false,"1536x1536":false,"2048x2048":false,"post-thumbnail":false},"uagb_author_info":{"display_name":"Sirpa Vauhkala","author_link":"https:\/\/blogit.gradia.fi\/mobiilitohjaajat\/author\/vauhksir\/"},"uagb_comment_info":0,"uagb_excerpt":"Aiempina vuosina oppilaat ovat luoneet ja p\u00e4ivitt\u00e4neet henkil\u00f6kohtaisia blogejaan. L\u00e4ht\u00f6kohtana on ollut oman oppimisen dokumentointi. Vaatetusalan opinnot painottuvat tuotteiden valmistukseen, joten valmistusprosessi on yksi keskeisimpi\u00e4 oppisis\u00e4lt\u00f6j\u00e4 opintojen aikana. V\u00e4lill\u00e4 on mieless\u00e4 py\u00f6r\u00e4ht\u00e4nyt idea luokka- tai ryhm\u00e4blogista. T\u00e4n\u00e4 syksyn\u00e4 Henna ja Riina p\u00e4\u00e4ttiv\u00e4t luoda yhteisen blogin. Yhteisen blogin p\u00e4ivitt\u00e4minen vaatii toimivaa ja melko saumatonta yhteisty\u00f6t\u00e4, mutta&hellip;","_links":{"self":[{"href":"https:\/\/blogit.gradia.fi\/mobiilitohjaajat\/wp-json\/wp\/v2\/posts\/176","targetHints":{"allow":["GET"]}}],"collection":[{"href":"https:\/\/blogit.gradia.fi\/mobiilitohjaajat\/wp-json\/wp\/v2\/posts"}],"about":[{"href":"https:\/\/blogit.gradia.fi\/mobiilitohjaajat\/wp-json\/wp\/v2\/types\/post"}],"author":[{"embeddable":true,"href":"https:\/\/blogit.gradia.fi\/mobiilitohjaajat\/wp-json\/wp\/v2\/users\/166"}],"replies":[{"embeddable":true,"href":"https:\/\/blogit.gradia.fi\/mobiilitohjaajat\/wp-json\/wp\/v2\/comments?post=176"}],"version-history":[{"count":0,"href":"https:\/\/blogit.gradia.fi\/mobiilitohjaajat\/wp-json\/wp\/v2\/posts\/176\/revisions"}],"wp:attachment":[{"href":"https:\/\/blogit.gradia.fi\/mobiilitohjaajat\/wp-json\/wp\/v2\/media?parent=176"}],"wp:term":[{"taxonomy":"category","embeddable":true,"href":"https:\/\/blogit.gradia.fi\/mobiilitohjaajat\/wp-json\/wp\/v2\/categories?post=176"},{"taxonomy":"post_tag","embeddable":true,"href":"https:\/\/blogit.gradia.fi\/mobiilitohjaajat\/wp-json\/wp\/v2\/tags?post=176"}],"curies":[{"name":"wp","href":"https:\/\/api.w.org\/{rel}","templated":true}]}}