{"id":153,"date":"2013-09-19T21:14:40","date_gmt":"2013-09-19T18:14:40","guid":{"rendered":"https:\/\/blogit.gradia.fi\/mobiilitohjaajat\/?p=153"},"modified":"2013-09-19T21:14:40","modified_gmt":"2013-09-19T18:14:40","slug":"harjoitus-tekee-mestarin-toinen-etapaiva","status":"publish","type":"post","link":"https:\/\/blogit.gradia.fi\/mobiilitohjaajat\/harjoitus-tekee-mestarin-toinen-etapaiva\/","title":{"rendered":"Harjoitus tekee mestarin &#8211; toinen et\u00e4p\u00e4iv\u00e4"},"content":{"rendered":"<p>Torstai \u2013aamulla 19.9.2013 pidimme toisen et\u00e4luennon klo 8.15 alkaen. Connect pro \u2013yhteydess\u00e4 oli kuusi reipasta tytt\u00f6\u00e4. Loput kuuntelevat\u00a0 Optimasta l\u00f6ytyv\u00e4n videotallenteen p\u00e4iv\u00e4n aikana itsen\u00e4isesti. T\u00e4ll\u00e4 kertaa \u00e4\u00e4ness\u00e4 oli Heini ja aiheena Yhteiskuntavastuu. P\u00e4iv\u00e4n jaksotimme niin, ett\u00e4 Heini piti Yhteiskuntavastuusta luennon, esitteli kurssin teht\u00e4v\u00e4t sek\u00e4 seuraavan TOP \u2013teht\u00e4v\u00e4n. P\u00e4iv\u00e4n teht\u00e4v\u00e4t ja siihen liittyv\u00e4 materiaali l\u00f6ytyy Optimasta. Tuttuun tapaan laitoimme seuraavan viikon TOP \u2013teht\u00e4v\u00e4n blogiimme.<\/p>\n<p>Saman p\u00e4iv\u00e4n aikana oli tarkoitus olla my\u00f6s toisen kerran yhteydess\u00e4 oppilaisiin. V\u00e4h\u00e4n puolen p\u00e4iv\u00e4n j\u00e4lkeen minun (Henniksen) oli tarkoitus tarkistaa ja esitell\u00e4 edellisen viikon teht\u00e4vi\u00e4 sek\u00e4 avustaa p\u00e4iv\u00e4n teht\u00e4vien teossa. Seuraavalla viikolla k\u00e4yd\u00e4\u00e4n t\u00e4n\u00e4 p\u00e4iv\u00e4n\u00e4 annetut\u00a0 teht\u00e4v\u00e4t kasvokkain tunneilla l\u00e4pi.<\/p>\n<p>Aamulla homma sujui jo paremmin. Heinin oli paljon mukavampi pit\u00e4\u00e4 et\u00e4luentoa, koska t\u00e4ll\u00e4 kertaa saimme jo oppilaiden \u00e4\u00e4ni\u00e4kin kuulumaan. Kahdella oli omat kuulokkeet. Seuraavalla kerralla yrit\u00e4mme saada oppilaille lainattua koulusta kuulokkeita, niin saadaan \u201doikea\u201d et\u00e4luento k\u00e4yntiin. Muutamalla oppilaalla olisi ollut kamerakin k\u00e4yt\u00f6ss\u00e4, mutta juuri her\u00e4nnein\u00e4 eiv\u00e4t halunneet kuvaansa julkisuuteen. Harjoitus tekee mestarin, ajattelimme.<\/p>\n<p>Loppuhuipentumasta ja mestaruudesta tulikin sitten loppufloppi ja masennus. Kone ei meinannut k\u00e4ynnisty\u00e4 ja kun sain (Hennis) vihdoin connect pron auki niin eip\u00e4 se sitten toiminutkaan. Statuksella Host kyll\u00e4 olin, mutta siihen ei tuntunut olevan oikeuksia. Sain eTutor \u2013Jussin apuun ja loppujen lopuksi ty\u00f6skentelin sitten h\u00e4nen tunnuksillaan. Onneksi meill\u00e4 on Facebook \u2013ryhm\u00e4, niin p\u00e4\u00e4sin oman puhelimeni kautta laittamaan oppilaille reaaliaikaista tietoa siit\u00e4, mit\u00e4 tapahtuu. Ja onneksi oppilaat tajusivat kurkata sielt\u00e4. K\u00e4vi sitten illansuussa ilmi, ett\u00e4 minulta oli jostain syyst\u00e4 poistettu tuo Host \u2013status, vaikka se n\u00e4kyikin. Lis\u00e4pettymyksen toi se, ettei palautettuja t\u00f6it\u00e4 ollut kuin yksi, osaa en saanut auki ja niin edelleen. Ett\u00e4 silleen.\u00a0 Pelillisyys -uutuutemme sent\u00e4\u00e4n pystyin esittelem\u00e4\u00e4n pienen kikkailun avulla. T\u00e4ytyy n\u00e4hd\u00e4 t\u00e4m\u00e4 vain niin, ett\u00e4 t\u00e4ytyy repi\u00e4 jostain aika aina tarkistaa kaikki aina kunnolla vaikka kuinka olisi kiire. Ja koittaa, jos pelillisyydell\u00e4 saa motivaatiota nostettua.<\/p>\n","protected":false},"excerpt":{"rendered":"<p>Torstai \u2013aamulla 19.9.2013 pidimme toisen et\u00e4luennon klo 8.15 alkaen. Connect pro \u2013yhteydess\u00e4 oli kuusi reipasta tytt\u00f6\u00e4. Loput kuuntelevat\u00a0 Optimasta l\u00f6ytyv\u00e4n videotallenteen p\u00e4iv\u00e4n aikana itsen\u00e4isesti. T\u00e4ll\u00e4 kertaa \u00e4\u00e4ness\u00e4 oli Heini ja aiheena Yhteiskuntavastuu. P\u00e4iv\u00e4n jaksotimme niin, ett\u00e4 Heini piti Yhteiskuntavastuusta luennon, esitteli kurssin teht\u00e4v\u00e4t sek\u00e4 seuraavan TOP \u2013teht\u00e4v\u00e4n. P\u00e4iv\u00e4n teht\u00e4v\u00e4t ja siihen liittyv\u00e4 materiaali l\u00f6ytyy Optimasta. &hellip; <a href=\"https:\/\/blogit.gradia.fi\/mobiilitohjaajat\/harjoitus-tekee-mestarin-toinen-etapaiva\/\" class=\"more-link\">Jatka lukemista <span class=\"screen-reader-text\">Harjoitus tekee mestarin &#8211; toinen et\u00e4p\u00e4iv\u00e4<\/span> <span class=\"meta-nav\">&rarr;<\/span><\/a><\/p>\n","protected":false},"author":163,"featured_media":0,"comment_status":"open","ping_status":"open","sticky":false,"template":"","format":"standard","meta":{"_uag_custom_page_level_css":"","footnotes":""},"categories":[19,4,26],"tags":[38,22,39,40,41],"class_list":["post-153","post","type-post","status-publish","format-standard","hentry","category-etaohjaus","category-facebook-ohjaus","category-kauppa","tag-connect-pro","tag-etaohjaus-2","tag-etapaiva","tag-facebook-ohjaus-2","tag-kauppa-2"],"yoast_head":"<!-- This site is optimized with the Yoast SEO plugin v27.5 - https:\/\/yoast.com\/product\/yoast-seo-wordpress\/ -->\n<title>Harjoitus tekee mestarin - toinen et\u00e4p\u00e4iv\u00e4 - Mobiilit ohjaajat<\/title>\n<meta name=\"robots\" content=\"index, follow, max-snippet:-1, max-image-preview:large, max-video-preview:-1\" \/>\n<link rel=\"canonical\" href=\"https:\/\/blogit.gradia.fi\/mobiilitohjaajat\/harjoitus-tekee-mestarin-toinen-etapaiva\/\" \/>\n<meta property=\"og:locale\" content=\"fi_FI\" \/>\n<meta property=\"og:type\" content=\"article\" \/>\n<meta property=\"og:title\" content=\"Harjoitus tekee mestarin - toinen et\u00e4p\u00e4iv\u00e4 - Mobiilit ohjaajat\" \/>\n<meta property=\"og:description\" content=\"Torstai \u2013aamulla 19.9.2013 pidimme toisen et\u00e4luennon klo 8.15 alkaen. Connect pro \u2013yhteydess\u00e4 oli kuusi reipasta tytt\u00f6\u00e4. Loput kuuntelevat\u00a0 Optimasta l\u00f6ytyv\u00e4n videotallenteen p\u00e4iv\u00e4n aikana itsen\u00e4isesti. T\u00e4ll\u00e4 kertaa \u00e4\u00e4ness\u00e4 oli Heini ja aiheena Yhteiskuntavastuu. P\u00e4iv\u00e4n jaksotimme niin, ett\u00e4 Heini piti Yhteiskuntavastuusta luennon, esitteli kurssin teht\u00e4v\u00e4t sek\u00e4 seuraavan TOP \u2013teht\u00e4v\u00e4n. P\u00e4iv\u00e4n teht\u00e4v\u00e4t ja siihen liittyv\u00e4 materiaali l\u00f6ytyy Optimasta. &hellip; Jatka lukemista Harjoitus tekee mestarin &#8211; toinen et\u00e4p\u00e4iv\u00e4 &rarr;\" \/>\n<meta property=\"og:url\" content=\"https:\/\/blogit.gradia.fi\/mobiilitohjaajat\/harjoitus-tekee-mestarin-toinen-etapaiva\/\" \/>\n<meta property=\"og:site_name\" content=\"Mobiilit ohjaajat\" \/>\n<meta property=\"article:published_time\" content=\"2013-09-19T18:14:40+00:00\" \/>\n<meta name=\"author\" content=\"Henna-Liisa Maljonen\" \/>\n<meta name=\"twitter:card\" content=\"summary_large_image\" \/>\n<meta name=\"twitter:label1\" content=\"Kirjoittanut\" \/>\n\t<meta name=\"twitter:data1\" content=\"Henna-Liisa Maljonen\" \/>\n\t<meta name=\"twitter:label2\" content=\"Arvioitu lukuaika\" \/>\n\t<meta name=\"twitter:data2\" content=\"2 minuuttia\" \/>\n<script type=\"application\/ld+json\" class=\"yoast-schema-graph\">{\"@context\":\"https:\\\/\\\/schema.org\",\"@graph\":[{\"@type\":\"Article\",\"@id\":\"https:\\\/\\\/blogit.gradia.fi\\\/mobiilitohjaajat\\\/harjoitus-tekee-mestarin-toinen-etapaiva\\\/#article\",\"isPartOf\":{\"@id\":\"https:\\\/\\\/blogit.gradia.fi\\\/mobiilitohjaajat\\\/harjoitus-tekee-mestarin-toinen-etapaiva\\\/\"},\"author\":{\"name\":\"Henna-Liisa Maljonen\",\"@id\":\"https:\\\/\\\/blogit.gradia.fi\\\/mobiilitohjaajat\\\/#\\\/schema\\\/person\\\/2af3d7f8b09506dacfb1224eef2c6478\"},\"headline\":\"Harjoitus tekee mestarin &#8211; toinen et\u00e4p\u00e4iv\u00e4\",\"datePublished\":\"2013-09-19T18:14:40+00:00\",\"mainEntityOfPage\":{\"@id\":\"https:\\\/\\\/blogit.gradia.fi\\\/mobiilitohjaajat\\\/harjoitus-tekee-mestarin-toinen-etapaiva\\\/\"},\"wordCount\":363,\"commentCount\":0,\"keywords\":[\"connect pro\",\"et\u00e4ohjaus\",\"et\u00e4p\u00e4iv\u00e4\",\"facebook -ohjaus\",\"kauppa\"],\"articleSection\":[\"Et\u00e4ohjauksen menetelm\u00e4t\",\"Facebook-ohjaus\",\"Kauppa ja palvelut\"],\"inLanguage\":\"fi\",\"potentialAction\":[{\"@type\":\"CommentAction\",\"name\":\"Comment\",\"target\":[\"https:\\\/\\\/blogit.gradia.fi\\\/mobiilitohjaajat\\\/harjoitus-tekee-mestarin-toinen-etapaiva\\\/#respond\"]}]},{\"@type\":\"WebPage\",\"@id\":\"https:\\\/\\\/blogit.gradia.fi\\\/mobiilitohjaajat\\\/harjoitus-tekee-mestarin-toinen-etapaiva\\\/\",\"url\":\"https:\\\/\\\/blogit.gradia.fi\\\/mobiilitohjaajat\\\/harjoitus-tekee-mestarin-toinen-etapaiva\\\/\",\"name\":\"Harjoitus tekee mestarin - toinen et\u00e4p\u00e4iv\u00e4 - Mobiilit ohjaajat\",\"isPartOf\":{\"@id\":\"https:\\\/\\\/blogit.gradia.fi\\\/mobiilitohjaajat\\\/#website\"},\"datePublished\":\"2013-09-19T18:14:40+00:00\",\"author\":{\"@id\":\"https:\\\/\\\/blogit.gradia.fi\\\/mobiilitohjaajat\\\/#\\\/schema\\\/person\\\/2af3d7f8b09506dacfb1224eef2c6478\"},\"inLanguage\":\"fi\",\"potentialAction\":[{\"@type\":\"ReadAction\",\"target\":[\"https:\\\/\\\/blogit.gradia.fi\\\/mobiilitohjaajat\\\/harjoitus-tekee-mestarin-toinen-etapaiva\\\/\"]}]},{\"@type\":\"WebSite\",\"@id\":\"https:\\\/\\\/blogit.gradia.fi\\\/mobiilitohjaajat\\\/#website\",\"url\":\"https:\\\/\\\/blogit.gradia.fi\\\/mobiilitohjaajat\\\/\",\"name\":\"Mobiilit ohjaajat\",\"description\":\"Opetushallituksen rahoittaman Mobiilit ohjaajat -hankkeen sivusto\",\"potentialAction\":[{\"@type\":\"SearchAction\",\"target\":{\"@type\":\"EntryPoint\",\"urlTemplate\":\"https:\\\/\\\/blogit.gradia.fi\\\/mobiilitohjaajat\\\/?s={search_term_string}\"},\"query-input\":{\"@type\":\"PropertyValueSpecification\",\"valueRequired\":true,\"valueName\":\"search_term_string\"}}],\"inLanguage\":\"fi\"},{\"@type\":\"Person\",\"@id\":\"https:\\\/\\\/blogit.gradia.fi\\\/mobiilitohjaajat\\\/#\\\/schema\\\/person\\\/2af3d7f8b09506dacfb1224eef2c6478\",\"name\":\"Henna-Liisa Maljonen\",\"image\":{\"@type\":\"ImageObject\",\"inLanguage\":\"fi\",\"@id\":\"https:\\\/\\\/secure.gravatar.com\\\/avatar\\\/9edabe42a88cf1825dcf2bb1038b105de35ff17a6f576fade817dacd8643f030?s=96&d=mm&r=g\",\"url\":\"https:\\\/\\\/secure.gravatar.com\\\/avatar\\\/9edabe42a88cf1825dcf2bb1038b105de35ff17a6f576fade817dacd8643f030?s=96&d=mm&r=g\",\"contentUrl\":\"https:\\\/\\\/secure.gravatar.com\\\/avatar\\\/9edabe42a88cf1825dcf2bb1038b105de35ff17a6f576fade817dacd8643f030?s=96&d=mm&r=g\",\"caption\":\"Henna-Liisa Maljonen\"},\"url\":\"https:\\\/\\\/blogit.gradia.fi\\\/mobiilitohjaajat\\\/author\\\/maljohen\\\/\"}]}<\/script>\n<!-- \/ Yoast SEO plugin. -->","yoast_head_json":{"title":"Harjoitus tekee mestarin - toinen et\u00e4p\u00e4iv\u00e4 - Mobiilit ohjaajat","robots":{"index":"index","follow":"follow","max-snippet":"max-snippet:-1","max-image-preview":"max-image-preview:large","max-video-preview":"max-video-preview:-1"},"canonical":"https:\/\/blogit.gradia.fi\/mobiilitohjaajat\/harjoitus-tekee-mestarin-toinen-etapaiva\/","og_locale":"fi_FI","og_type":"article","og_title":"Harjoitus tekee mestarin - toinen et\u00e4p\u00e4iv\u00e4 - Mobiilit ohjaajat","og_description":"Torstai \u2013aamulla 19.9.2013 pidimme toisen et\u00e4luennon klo 8.15 alkaen. Connect pro \u2013yhteydess\u00e4 oli kuusi reipasta tytt\u00f6\u00e4. Loput kuuntelevat\u00a0 Optimasta l\u00f6ytyv\u00e4n videotallenteen p\u00e4iv\u00e4n aikana itsen\u00e4isesti. T\u00e4ll\u00e4 kertaa \u00e4\u00e4ness\u00e4 oli Heini ja aiheena Yhteiskuntavastuu. P\u00e4iv\u00e4n jaksotimme niin, ett\u00e4 Heini piti Yhteiskuntavastuusta luennon, esitteli kurssin teht\u00e4v\u00e4t sek\u00e4 seuraavan TOP \u2013teht\u00e4v\u00e4n. P\u00e4iv\u00e4n teht\u00e4v\u00e4t ja siihen liittyv\u00e4 materiaali l\u00f6ytyy Optimasta. &hellip; Jatka lukemista Harjoitus tekee mestarin &#8211; toinen et\u00e4p\u00e4iv\u00e4 &rarr;","og_url":"https:\/\/blogit.gradia.fi\/mobiilitohjaajat\/harjoitus-tekee-mestarin-toinen-etapaiva\/","og_site_name":"Mobiilit ohjaajat","article_published_time":"2013-09-19T18:14:40+00:00","author":"Henna-Liisa Maljonen","twitter_card":"summary_large_image","twitter_misc":{"Kirjoittanut":"Henna-Liisa Maljonen","Arvioitu lukuaika":"2 minuuttia"},"schema":{"@context":"https:\/\/schema.org","@graph":[{"@type":"Article","@id":"https:\/\/blogit.gradia.fi\/mobiilitohjaajat\/harjoitus-tekee-mestarin-toinen-etapaiva\/#article","isPartOf":{"@id":"https:\/\/blogit.gradia.fi\/mobiilitohjaajat\/harjoitus-tekee-mestarin-toinen-etapaiva\/"},"author":{"name":"Henna-Liisa Maljonen","@id":"https:\/\/blogit.gradia.fi\/mobiilitohjaajat\/#\/schema\/person\/2af3d7f8b09506dacfb1224eef2c6478"},"headline":"Harjoitus tekee mestarin &#8211; toinen et\u00e4p\u00e4iv\u00e4","datePublished":"2013-09-19T18:14:40+00:00","mainEntityOfPage":{"@id":"https:\/\/blogit.gradia.fi\/mobiilitohjaajat\/harjoitus-tekee-mestarin-toinen-etapaiva\/"},"wordCount":363,"commentCount":0,"keywords":["connect pro","et\u00e4ohjaus","et\u00e4p\u00e4iv\u00e4","facebook -ohjaus","kauppa"],"articleSection":["Et\u00e4ohjauksen menetelm\u00e4t","Facebook-ohjaus","Kauppa ja palvelut"],"inLanguage":"fi","potentialAction":[{"@type":"CommentAction","name":"Comment","target":["https:\/\/blogit.gradia.fi\/mobiilitohjaajat\/harjoitus-tekee-mestarin-toinen-etapaiva\/#respond"]}]},{"@type":"WebPage","@id":"https:\/\/blogit.gradia.fi\/mobiilitohjaajat\/harjoitus-tekee-mestarin-toinen-etapaiva\/","url":"https:\/\/blogit.gradia.fi\/mobiilitohjaajat\/harjoitus-tekee-mestarin-toinen-etapaiva\/","name":"Harjoitus tekee mestarin - toinen et\u00e4p\u00e4iv\u00e4 - Mobiilit ohjaajat","isPartOf":{"@id":"https:\/\/blogit.gradia.fi\/mobiilitohjaajat\/#website"},"datePublished":"2013-09-19T18:14:40+00:00","author":{"@id":"https:\/\/blogit.gradia.fi\/mobiilitohjaajat\/#\/schema\/person\/2af3d7f8b09506dacfb1224eef2c6478"},"inLanguage":"fi","potentialAction":[{"@type":"ReadAction","target":["https:\/\/blogit.gradia.fi\/mobiilitohjaajat\/harjoitus-tekee-mestarin-toinen-etapaiva\/"]}]},{"@type":"WebSite","@id":"https:\/\/blogit.gradia.fi\/mobiilitohjaajat\/#website","url":"https:\/\/blogit.gradia.fi\/mobiilitohjaajat\/","name":"Mobiilit ohjaajat","description":"Opetushallituksen rahoittaman Mobiilit ohjaajat -hankkeen sivusto","potentialAction":[{"@type":"SearchAction","target":{"@type":"EntryPoint","urlTemplate":"https:\/\/blogit.gradia.fi\/mobiilitohjaajat\/?s={search_term_string}"},"query-input":{"@type":"PropertyValueSpecification","valueRequired":true,"valueName":"search_term_string"}}],"inLanguage":"fi"},{"@type":"Person","@id":"https:\/\/blogit.gradia.fi\/mobiilitohjaajat\/#\/schema\/person\/2af3d7f8b09506dacfb1224eef2c6478","name":"Henna-Liisa Maljonen","image":{"@type":"ImageObject","inLanguage":"fi","@id":"https:\/\/secure.gravatar.com\/avatar\/9edabe42a88cf1825dcf2bb1038b105de35ff17a6f576fade817dacd8643f030?s=96&d=mm&r=g","url":"https:\/\/secure.gravatar.com\/avatar\/9edabe42a88cf1825dcf2bb1038b105de35ff17a6f576fade817dacd8643f030?s=96&d=mm&r=g","contentUrl":"https:\/\/secure.gravatar.com\/avatar\/9edabe42a88cf1825dcf2bb1038b105de35ff17a6f576fade817dacd8643f030?s=96&d=mm&r=g","caption":"Henna-Liisa Maljonen"},"url":"https:\/\/blogit.gradia.fi\/mobiilitohjaajat\/author\/maljohen\/"}]}},"uagb_featured_image_src":{"full":false,"thumbnail":false,"medium":false,"medium_large":false,"large":false,"1536x1536":false,"2048x2048":false,"post-thumbnail":false},"uagb_author_info":{"display_name":"Henna-Liisa Maljonen","author_link":"https:\/\/blogit.gradia.fi\/mobiilitohjaajat\/author\/maljohen\/"},"uagb_comment_info":1,"uagb_excerpt":"Torstai \u2013aamulla 19.9.2013 pidimme toisen et\u00e4luennon klo 8.15 alkaen. Connect pro \u2013yhteydess\u00e4 oli kuusi reipasta tytt\u00f6\u00e4. Loput kuuntelevat\u00a0 Optimasta l\u00f6ytyv\u00e4n videotallenteen p\u00e4iv\u00e4n aikana itsen\u00e4isesti. T\u00e4ll\u00e4 kertaa \u00e4\u00e4ness\u00e4 oli Heini ja aiheena Yhteiskuntavastuu. P\u00e4iv\u00e4n jaksotimme niin, ett\u00e4 Heini piti Yhteiskuntavastuusta luennon, esitteli kurssin teht\u00e4v\u00e4t sek\u00e4 seuraavan TOP \u2013teht\u00e4v\u00e4n. P\u00e4iv\u00e4n teht\u00e4v\u00e4t ja siihen liittyv\u00e4 materiaali l\u00f6ytyy Optimasta.&hellip;","_links":{"self":[{"href":"https:\/\/blogit.gradia.fi\/mobiilitohjaajat\/wp-json\/wp\/v2\/posts\/153","targetHints":{"allow":["GET"]}}],"collection":[{"href":"https:\/\/blogit.gradia.fi\/mobiilitohjaajat\/wp-json\/wp\/v2\/posts"}],"about":[{"href":"https:\/\/blogit.gradia.fi\/mobiilitohjaajat\/wp-json\/wp\/v2\/types\/post"}],"author":[{"embeddable":true,"href":"https:\/\/blogit.gradia.fi\/mobiilitohjaajat\/wp-json\/wp\/v2\/users\/163"}],"replies":[{"embeddable":true,"href":"https:\/\/blogit.gradia.fi\/mobiilitohjaajat\/wp-json\/wp\/v2\/comments?post=153"}],"version-history":[{"count":0,"href":"https:\/\/blogit.gradia.fi\/mobiilitohjaajat\/wp-json\/wp\/v2\/posts\/153\/revisions"}],"wp:attachment":[{"href":"https:\/\/blogit.gradia.fi\/mobiilitohjaajat\/wp-json\/wp\/v2\/media?parent=153"}],"wp:term":[{"taxonomy":"category","embeddable":true,"href":"https:\/\/blogit.gradia.fi\/mobiilitohjaajat\/wp-json\/wp\/v2\/categories?post=153"},{"taxonomy":"post_tag","embeddable":true,"href":"https:\/\/blogit.gradia.fi\/mobiilitohjaajat\/wp-json\/wp\/v2\/tags?post=153"}],"curies":[{"name":"wp","href":"https:\/\/api.w.org\/{rel}","templated":true}]}}