{"id":122,"date":"2013-09-19T14:30:33","date_gmt":"2013-09-19T11:30:33","guid":{"rendered":"https:\/\/blogit.gradia.fi\/mobiilitohjaajat\/?p=122"},"modified":"2013-09-20T14:46:24","modified_gmt":"2013-09-20T11:46:24","slug":"kiltakoulut-ja-me","status":"publish","type":"post","link":"https:\/\/blogit.gradia.fi\/mobiilitohjaajat\/kiltakoulut-ja-me\/","title":{"rendered":"Kiltakoulut ja Me"},"content":{"rendered":"<p><a href=\"https:\/\/blogit.gradia.fi\/mobiilitohjaajat\/wp-content\/uploads\/sites\/18\/2013\/09\/20130920-144807.jpg\"><img decoding=\"async\" src=\"https:\/\/blogit.gradia.fi\/mobiilitohjaajat\/wp-content\/uploads\/sites\/18\/2013\/09\/20130920-144807.jpg\" alt=\"20130920-144807.jpg\" class=\"alignnone size-full\" \/><\/a><\/p>\n<p><strong>&#8221;Kiltakoulut ovat saapuneet kaupunkiin&#8230;&#8221;. <\/strong><\/p>\n<p>Olemme t\u00e4ss\u00e4 viimeisen vuoden aikana tutustuneet monellakin eri kokoonpanolla ja eri tilaisuuksissa kiltakoulujen toimintaan. Nyt oli vuorossa kiltakoulujen toiminnallinen loppuseminaari.<br \/>\nOlemme havainneet useaan otteeseen, ett\u00e4 kiltakoulujen oppimis- ja ohjausmenetelm\u00e4t ovat oppimista edist\u00e4vi\u00e4 ja kannustavia. Toimivia &#8221;paloja&#8221; poimimalla mekin saisimme Jyv\u00e4skyl\u00e4\u00e4n uusia keinoja\/tapoja\/mahdollisuuksia jne. uudenlaisen oppimisen ja ohjaamisen ja sit\u00e4 kautta osaamisen kasvuun.<\/p>\n<p><strong>T\u00e4ss\u00e4 muistio p\u00e4iv\u00e4n tapahtumista:<\/strong><\/p>\n<p><a href=\"https:\/\/blogit.gradia.fi\/mobiilitohjaajat\/wp-content\/uploads\/sites\/18\/2013\/09\/20130919-145959.jpg\"><img decoding=\"async\" src=\"https:\/\/blogit.gradia.fi\/mobiilitohjaajat\/wp-content\/uploads\/sites\/18\/2013\/09\/20130919-145959.jpg\" alt=\"20130919-145959.jpg\" class=\"alignnone size-full\" \/><\/a><\/p>\n<p><a href=\"https:\/\/blogit.gradia.fi\/mobiilitohjaajat\/wp-content\/uploads\/sites\/18\/2013\/09\/20130919-150028.jpg\"><img decoding=\"async\" src=\"https:\/\/blogit.gradia.fi\/mobiilitohjaajat\/wp-content\/uploads\/sites\/18\/2013\/09\/20130919-150028.jpg\" alt=\"20130919-150028.jpg\" class=\"alignnone size-full\" \/><\/a><\/p>\n<p><a href=\"https:\/\/blogit.gradia.fi\/mobiilitohjaajat\/wp-content\/uploads\/sites\/18\/2013\/09\/20130919-150039.jpg\"><img decoding=\"async\" src=\"https:\/\/blogit.gradia.fi\/mobiilitohjaajat\/wp-content\/uploads\/sites\/18\/2013\/09\/20130919-150039.jpg\" alt=\"20130919-150039.jpg\" class=\"alignnone size-full\" \/><\/a><\/p>\n<p><a href=\"https:\/\/blogit.gradia.fi\/mobiilitohjaajat\/wp-content\/uploads\/sites\/18\/2013\/09\/20130919-150047.jpg\"><img decoding=\"async\" src=\"https:\/\/blogit.gradia.fi\/mobiilitohjaajat\/wp-content\/uploads\/sites\/18\/2013\/09\/20130919-150047.jpg\" alt=\"20130919-150047.jpg\" class=\"alignnone size-full\" \/><\/a><\/p>\n<p>Toiminnallisessa osuudessa tutustuimme eri kiltojen toimintaan.<\/p>\n<p><strong>Matkailukilta<\/strong><\/p>\n<p>Matkailukiltalaiset kertoivat omasta opiskelustaan ja oppimisesta:<br \/>\nOpiskelijat toimivat tiimiss\u00e4\/ryhmiss\u00e4 joissa on muutamia opiskelijoita niin nuoriso- kuin aikuispuolella.<br \/>\nOpiskelijat tekev\u00e4t projekteja eri aiheista. Projektit dokumentoidaan videoina, blogeina jne. joita sitten arvioidaan vertaisarviointia opiskelijoiden ja opettajien toimesta.<br \/>\nProjektity\u00f6t toteutetaan osin ty\u00f6el\u00e4m\u00e4\u00e4n, jolloin SoMe taidot siirtyv\u00e4t oppilaitoksista ty\u00f6paikoille!<\/p>\n<p>Seuraavassa otteita matkailukillan tuotannosta Pudasj\u00e4rven reissulta: (t\u00e4h\u00e4n tulee video kunhan saan sen julkaistavaan muotoon)<\/p>\n<p><strong>Puualan kiltakoulu<\/strong><\/p>\n<p>Puualan kiltakoulusta kertoili OSAOn edustaja.<br \/>\nKiltakoulujen yksi tyypillinen tavoite on tehd\u00e4 oppineen mahdollisimman ty\u00f6el\u00e4m\u00e4l\u00e4ht\u00f6iseksi. Asikasty\u00f6t ovat siten merkitt\u00e4v\u00e4ss\u00e4 osasassa oppimista, varsinkin puualalla, jossa puutuotteiden valmistaminen pelkkin\u00e4 ty\u00f6sali &#8221;harjoitteita&#8221; ei ole mielek\u00e4st\u00e4.<\/p>\n<p><strong>Pintakilta<\/strong><\/p>\n<p><a href=\"https:\/\/blogit.gradia.fi\/mobiilitohjaajat\/wp-content\/uploads\/sites\/18\/2013\/09\/20130919-195013.jpg\"><img decoding=\"async\" src=\"https:\/\/blogit.gradia.fi\/mobiilitohjaajat\/wp-content\/uploads\/sites\/18\/2013\/09\/20130919-195013.jpg\" alt=\"20130919-195013.jpg\" class=\"alignnone size-full\" \/><\/a><\/p>\n<p><strong>Asentajakilta<\/strong><\/p>\n<p><a href=\"https:\/\/blogit.gradia.fi\/mobiilitohjaajat\/wp-content\/uploads\/sites\/18\/2013\/09\/20130920-144538.jpg\"><img decoding=\"async\" src=\"https:\/\/blogit.gradia.fi\/mobiilitohjaajat\/wp-content\/uploads\/sites\/18\/2013\/09\/20130920-144538.jpg\" alt=\"20130920-144538.jpg\" class=\"alignnone size-full\" \/><\/a><\/p>\n<p>Asentajakillassa hy\u00f6dynnet\u00e4\u00e4n mobiililaitteita (ipad) mm. opetusvideoiden tuottamiseen, blogien tekoon, QR-koodien lukuun (teht\u00e4v\u00e4n annot).<\/p>\n<p>Kokeilivat aikaisemmin norm. videokuvausta kameralla, mutta luopuivat siit\u00e4 koska eteentuli yhteensopivuus ongelmia. P\u00e4\u00e4tyiv\u00e4t k\u00e4ytt\u00e4m\u00e4\u00e4n Applen laitteita, koska Apple-laitteiston ja sovelluksien avulla videoiden yms. tuottaminen ja julkaisu oli niin paljon helpompaa.<\/p>\n<p><strong>Mobiililaitteiden k\u00e4ytt\u00f6<\/strong><\/p>\n<p>Kuten yll\u00e4olevista pienist\u00e4 otteista huomaatte, niin kiltakoulut haastavat oppilaat ja opettajat k\u00e4ytt\u00e4m\u00e4\u00e4n mobiililaitteita ja -sovelluksia. On huomattavaa, ett\u00e4 mobiilisuutta t\u00e4rke\u00e4mpi pointti on saada opiskelijat motivoitumaan opiskelusta, ja sit\u00e4 kautta oppimaan uusia asioita, ja n\u00e4in kartuttamaan osaamista.<\/p>\n<p>T\u00e4m\u00e4n blogauksen tuotokset ovat ensikertalaisen tekemi\u00e4, mutta jotenkin t\u00e4ss\u00e4kin onnistuin. Blogauksessa k\u00e4ytin ensimm\u00e4ist\u00e4 kertaa iPad tarjoamia appseja.<\/p>\n<p><strong>Vuoden kilta!<\/strong><\/p>\n<p><a href=\"https:\/\/blogit.gradia.fi\/mobiilitohjaajat\/wp-content\/uploads\/sites\/18\/2013\/09\/20130919-200455.jpg\"><img decoding=\"async\" src=\"https:\/\/blogit.gradia.fi\/mobiilitohjaajat\/wp-content\/uploads\/sites\/18\/2013\/09\/20130919-200455.jpg\" alt=\"20130919-200455.jpg\" class=\"alignnone size-full\" \/><\/a><\/p>\n<p><a href=\"https:\/\/blogit.gradia.fi\/mobiilitohjaajat\/wp-content\/uploads\/sites\/18\/2013\/09\/20130920-144926.jpg\"><img decoding=\"async\" src=\"https:\/\/blogit.gradia.fi\/mobiilitohjaajat\/wp-content\/uploads\/sites\/18\/2013\/09\/20130920-144926.jpg\" alt=\"20130920-144926.jpg\" class=\"alignnone size-full\" \/><\/a><\/p>\n<p><strong>Kiitoksia j\u00e4rjest\u00e4jille, kiitoksia matkaseuralle!<\/strong><br \/>\n<strong>Tsemppi\u00e4 kaikille tulevaisuuden kehittelij\u00f6ille ja osaajille!<\/strong><\/p>\n","protected":false},"excerpt":{"rendered":"<p>&#8221;Kiltakoulut ovat saapuneet kaupunkiin&#8230;&#8221;. Olemme t\u00e4ss\u00e4 viimeisen vuoden aikana tutustuneet monellakin eri kokoonpanolla ja eri tilaisuuksissa kiltakoulujen toimintaan. Nyt oli vuorossa kiltakoulujen toiminnallinen loppuseminaari. Olemme havainneet useaan otteeseen, ett\u00e4 kiltakoulujen oppimis- ja ohjausmenetelm\u00e4t ovat oppimista edist\u00e4vi\u00e4 ja kannustavia. Toimivia &#8221;paloja&#8221; poimimalla mekin saisimme Jyv\u00e4skyl\u00e4\u00e4n uusia keinoja\/tapoja\/mahdollisuuksia jne. uudenlaisen oppimisen ja ohjaamisen ja sit\u00e4 kautta osaamisen &hellip; <a href=\"https:\/\/blogit.gradia.fi\/mobiilitohjaajat\/kiltakoulut-ja-me\/\" class=\"more-link\">Jatka lukemista <span class=\"screen-reader-text\">Kiltakoulut ja Me<\/span> <span class=\"meta-nav\">&rarr;<\/span><\/a><\/p>\n","protected":false},"author":167,"featured_media":0,"comment_status":"open","ping_status":"open","sticky":false,"template":"","format":"standard","meta":{"_uag_custom_page_level_css":"","footnotes":""},"categories":[12,13,19,4,26,6,18,30,14,28,23,8,24,25,9,1],"tags":[37],"class_list":["post-122","post","type-post","status-publish","format-standard","hentry","category-blogioppimispaivakirjana","category-blogiportfoliona","category-etaohjaus","category-facebook-ohjaus","category-kauppa","category-laitevertailua","category-opejaoppilaat","category-ple","category-ryhmablogi","category-sote","category-sahko","category-ekirja","category-tietoliikenne","category-vaatetus","category-videotopetuksessa","category-yleinen","tag-kiltakoulut"],"yoast_head":"<!-- This site is optimized with the Yoast SEO plugin v27.5 - https:\/\/yoast.com\/product\/yoast-seo-wordpress\/ -->\n<title>Kiltakoulut ja Me - Mobiilit ohjaajat<\/title>\n<meta name=\"robots\" content=\"index, follow, max-snippet:-1, max-image-preview:large, max-video-preview:-1\" \/>\n<link rel=\"canonical\" href=\"https:\/\/blogit.gradia.fi\/mobiilitohjaajat\/kiltakoulut-ja-me\/\" \/>\n<meta property=\"og:locale\" content=\"fi_FI\" \/>\n<meta property=\"og:type\" content=\"article\" \/>\n<meta property=\"og:title\" content=\"Kiltakoulut ja Me - Mobiilit ohjaajat\" \/>\n<meta property=\"og:description\" content=\"&#8221;Kiltakoulut ovat saapuneet kaupunkiin&#8230;&#8221;. Olemme t\u00e4ss\u00e4 viimeisen vuoden aikana tutustuneet monellakin eri kokoonpanolla ja eri tilaisuuksissa kiltakoulujen toimintaan. Nyt oli vuorossa kiltakoulujen toiminnallinen loppuseminaari. Olemme havainneet useaan otteeseen, ett\u00e4 kiltakoulujen oppimis- ja ohjausmenetelm\u00e4t ovat oppimista edist\u00e4vi\u00e4 ja kannustavia. Toimivia &#8221;paloja&#8221; poimimalla mekin saisimme Jyv\u00e4skyl\u00e4\u00e4n uusia keinoja\/tapoja\/mahdollisuuksia jne. uudenlaisen oppimisen ja ohjaamisen ja sit\u00e4 kautta osaamisen &hellip; Jatka lukemista Kiltakoulut ja Me &rarr;\" \/>\n<meta property=\"og:url\" content=\"https:\/\/blogit.gradia.fi\/mobiilitohjaajat\/kiltakoulut-ja-me\/\" \/>\n<meta property=\"og:site_name\" content=\"Mobiilit ohjaajat\" \/>\n<meta property=\"article:published_time\" content=\"2013-09-19T11:30:33+00:00\" \/>\n<meta property=\"article:modified_time\" content=\"2013-09-20T11:46:24+00:00\" \/>\n<meta property=\"og:image\" content=\"https:\/\/blogit.gradia.fi\/mobiilitohjaajat\/wp-content\/uploads\/sites\/18\/2013\/09\/20130920-144807.jpg\" \/>\n<meta name=\"author\" content=\"Jari Peura\" \/>\n<meta name=\"twitter:card\" content=\"summary_large_image\" \/>\n<meta name=\"twitter:label1\" content=\"Kirjoittanut\" \/>\n\t<meta name=\"twitter:data1\" content=\"Jari Peura\" \/>\n\t<meta name=\"twitter:label2\" content=\"Arvioitu lukuaika\" \/>\n\t<meta name=\"twitter:data2\" content=\"2 minuuttia\" \/>\n<script type=\"application\/ld+json\" class=\"yoast-schema-graph\">{\"@context\":\"https:\\\/\\\/schema.org\",\"@graph\":[{\"@type\":\"Article\",\"@id\":\"https:\\\/\\\/blogit.gradia.fi\\\/mobiilitohjaajat\\\/kiltakoulut-ja-me\\\/#article\",\"isPartOf\":{\"@id\":\"https:\\\/\\\/blogit.gradia.fi\\\/mobiilitohjaajat\\\/kiltakoulut-ja-me\\\/\"},\"author\":{\"name\":\"Jari Peura\",\"@id\":\"https:\\\/\\\/blogit.gradia.fi\\\/mobiilitohjaajat\\\/#\\\/schema\\\/person\\\/519f8f44b8ba3930e1dd2a49ad50ab74\"},\"headline\":\"Kiltakoulut ja Me\",\"datePublished\":\"2013-09-19T11:30:33+00:00\",\"dateModified\":\"2013-09-20T11:46:24+00:00\",\"mainEntityOfPage\":{\"@id\":\"https:\\\/\\\/blogit.gradia.fi\\\/mobiilitohjaajat\\\/kiltakoulut-ja-me\\\/\"},\"wordCount\":331,\"commentCount\":0,\"image\":{\"@id\":\"https:\\\/\\\/blogit.gradia.fi\\\/mobiilitohjaajat\\\/kiltakoulut-ja-me\\\/#primaryimage\"},\"thumbnailUrl\":\"https:\\\/\\\/blogit.gradia.fi\\\/mobiilitohjaajat\\\/wp-content\\\/uploads\\\/sites\\\/18\\\/2013\\\/09\\\/20130920-144807.jpg\",\"keywords\":[\"Kiltakoulut\"],\"articleSection\":[\"Blogi oppimisp\u00e4iv\u00e4kirjana\",\"Blogi portfoliona\",\"Et\u00e4ohjauksen menetelm\u00e4t\",\"Facebook-ohjaus\",\"Kauppa ja palvelut\",\"Laitevertailua\",\"Ope ja oppilaat materiaalin tuottajina\",\"PLE - henkil\u00f6kohtainen oppimisymp\u00e4rist\u00f6\",\"Ryhm\u00e4blogi ohjauksessa\",\"Sosiaali- ja terveysala\",\"S\u00e4hk\u00f6\",\"S\u00e4hk\u00f6inen kirja\",\"Tietoliikenne\",\"Vaatetus\",\"Videot opetuksessa\"],\"inLanguage\":\"fi\",\"potentialAction\":[{\"@type\":\"CommentAction\",\"name\":\"Comment\",\"target\":[\"https:\\\/\\\/blogit.gradia.fi\\\/mobiilitohjaajat\\\/kiltakoulut-ja-me\\\/#respond\"]}]},{\"@type\":\"WebPage\",\"@id\":\"https:\\\/\\\/blogit.gradia.fi\\\/mobiilitohjaajat\\\/kiltakoulut-ja-me\\\/\",\"url\":\"https:\\\/\\\/blogit.gradia.fi\\\/mobiilitohjaajat\\\/kiltakoulut-ja-me\\\/\",\"name\":\"Kiltakoulut ja Me - Mobiilit ohjaajat\",\"isPartOf\":{\"@id\":\"https:\\\/\\\/blogit.gradia.fi\\\/mobiilitohjaajat\\\/#website\"},\"primaryImageOfPage\":{\"@id\":\"https:\\\/\\\/blogit.gradia.fi\\\/mobiilitohjaajat\\\/kiltakoulut-ja-me\\\/#primaryimage\"},\"image\":{\"@id\":\"https:\\\/\\\/blogit.gradia.fi\\\/mobiilitohjaajat\\\/kiltakoulut-ja-me\\\/#primaryimage\"},\"thumbnailUrl\":\"https:\\\/\\\/blogit.gradia.fi\\\/mobiilitohjaajat\\\/wp-content\\\/uploads\\\/sites\\\/18\\\/2013\\\/09\\\/20130920-144807.jpg\",\"datePublished\":\"2013-09-19T11:30:33+00:00\",\"dateModified\":\"2013-09-20T11:46:24+00:00\",\"author\":{\"@id\":\"https:\\\/\\\/blogit.gradia.fi\\\/mobiilitohjaajat\\\/#\\\/schema\\\/person\\\/519f8f44b8ba3930e1dd2a49ad50ab74\"},\"inLanguage\":\"fi\",\"potentialAction\":[{\"@type\":\"ReadAction\",\"target\":[\"https:\\\/\\\/blogit.gradia.fi\\\/mobiilitohjaajat\\\/kiltakoulut-ja-me\\\/\"]}]},{\"@type\":\"ImageObject\",\"inLanguage\":\"fi\",\"@id\":\"https:\\\/\\\/blogit.gradia.fi\\\/mobiilitohjaajat\\\/kiltakoulut-ja-me\\\/#primaryimage\",\"url\":\"https:\\\/\\\/blogit.gradia.fi\\\/mobiilitohjaajat\\\/wp-content\\\/uploads\\\/sites\\\/18\\\/2013\\\/09\\\/20130920-144807.jpg\",\"contentUrl\":\"https:\\\/\\\/blogit.gradia.fi\\\/mobiilitohjaajat\\\/wp-content\\\/uploads\\\/sites\\\/18\\\/2013\\\/09\\\/20130920-144807.jpg\",\"width\":1024,\"height\":765},{\"@type\":\"WebSite\",\"@id\":\"https:\\\/\\\/blogit.gradia.fi\\\/mobiilitohjaajat\\\/#website\",\"url\":\"https:\\\/\\\/blogit.gradia.fi\\\/mobiilitohjaajat\\\/\",\"name\":\"Mobiilit ohjaajat\",\"description\":\"Opetushallituksen rahoittaman Mobiilit ohjaajat -hankkeen sivusto\",\"potentialAction\":[{\"@type\":\"SearchAction\",\"target\":{\"@type\":\"EntryPoint\",\"urlTemplate\":\"https:\\\/\\\/blogit.gradia.fi\\\/mobiilitohjaajat\\\/?s={search_term_string}\"},\"query-input\":{\"@type\":\"PropertyValueSpecification\",\"valueRequired\":true,\"valueName\":\"search_term_string\"}}],\"inLanguage\":\"fi\"},{\"@type\":\"Person\",\"@id\":\"https:\\\/\\\/blogit.gradia.fi\\\/mobiilitohjaajat\\\/#\\\/schema\\\/person\\\/519f8f44b8ba3930e1dd2a49ad50ab74\",\"name\":\"Jari Peura\",\"image\":{\"@type\":\"ImageObject\",\"inLanguage\":\"fi\",\"@id\":\"https:\\\/\\\/secure.gravatar.com\\\/avatar\\\/cd4db977f82a3f3a2d43781cc65931f16256c34d760c35ad2eabe2138a443223?s=96&d=mm&r=g\",\"url\":\"https:\\\/\\\/secure.gravatar.com\\\/avatar\\\/cd4db977f82a3f3a2d43781cc65931f16256c34d760c35ad2eabe2138a443223?s=96&d=mm&r=g\",\"contentUrl\":\"https:\\\/\\\/secure.gravatar.com\\\/avatar\\\/cd4db977f82a3f3a2d43781cc65931f16256c34d760c35ad2eabe2138a443223?s=96&d=mm&r=g\",\"caption\":\"Jari Peura\"},\"url\":\"https:\\\/\\\/blogit.gradia.fi\\\/mobiilitohjaajat\\\/author\\\/peurajar\\\/\"}]}<\/script>\n<!-- \/ Yoast SEO plugin. -->","yoast_head_json":{"title":"Kiltakoulut ja Me - Mobiilit ohjaajat","robots":{"index":"index","follow":"follow","max-snippet":"max-snippet:-1","max-image-preview":"max-image-preview:large","max-video-preview":"max-video-preview:-1"},"canonical":"https:\/\/blogit.gradia.fi\/mobiilitohjaajat\/kiltakoulut-ja-me\/","og_locale":"fi_FI","og_type":"article","og_title":"Kiltakoulut ja Me - Mobiilit ohjaajat","og_description":"&#8221;Kiltakoulut ovat saapuneet kaupunkiin&#8230;&#8221;. Olemme t\u00e4ss\u00e4 viimeisen vuoden aikana tutustuneet monellakin eri kokoonpanolla ja eri tilaisuuksissa kiltakoulujen toimintaan. Nyt oli vuorossa kiltakoulujen toiminnallinen loppuseminaari. Olemme havainneet useaan otteeseen, ett\u00e4 kiltakoulujen oppimis- ja ohjausmenetelm\u00e4t ovat oppimista edist\u00e4vi\u00e4 ja kannustavia. Toimivia &#8221;paloja&#8221; poimimalla mekin saisimme Jyv\u00e4skyl\u00e4\u00e4n uusia keinoja\/tapoja\/mahdollisuuksia jne. uudenlaisen oppimisen ja ohjaamisen ja sit\u00e4 kautta osaamisen &hellip; Jatka lukemista Kiltakoulut ja Me &rarr;","og_url":"https:\/\/blogit.gradia.fi\/mobiilitohjaajat\/kiltakoulut-ja-me\/","og_site_name":"Mobiilit ohjaajat","article_published_time":"2013-09-19T11:30:33+00:00","article_modified_time":"2013-09-20T11:46:24+00:00","og_image":[{"url":"https:\/\/blogit.gradia.fi\/mobiilitohjaajat\/wp-content\/uploads\/sites\/18\/2013\/09\/20130920-144807.jpg","type":"","width":"","height":""}],"author":"Jari Peura","twitter_card":"summary_large_image","twitter_misc":{"Kirjoittanut":"Jari Peura","Arvioitu lukuaika":"2 minuuttia"},"schema":{"@context":"https:\/\/schema.org","@graph":[{"@type":"Article","@id":"https:\/\/blogit.gradia.fi\/mobiilitohjaajat\/kiltakoulut-ja-me\/#article","isPartOf":{"@id":"https:\/\/blogit.gradia.fi\/mobiilitohjaajat\/kiltakoulut-ja-me\/"},"author":{"name":"Jari Peura","@id":"https:\/\/blogit.gradia.fi\/mobiilitohjaajat\/#\/schema\/person\/519f8f44b8ba3930e1dd2a49ad50ab74"},"headline":"Kiltakoulut ja Me","datePublished":"2013-09-19T11:30:33+00:00","dateModified":"2013-09-20T11:46:24+00:00","mainEntityOfPage":{"@id":"https:\/\/blogit.gradia.fi\/mobiilitohjaajat\/kiltakoulut-ja-me\/"},"wordCount":331,"commentCount":0,"image":{"@id":"https:\/\/blogit.gradia.fi\/mobiilitohjaajat\/kiltakoulut-ja-me\/#primaryimage"},"thumbnailUrl":"https:\/\/blogit.gradia.fi\/mobiilitohjaajat\/wp-content\/uploads\/sites\/18\/2013\/09\/20130920-144807.jpg","keywords":["Kiltakoulut"],"articleSection":["Blogi oppimisp\u00e4iv\u00e4kirjana","Blogi portfoliona","Et\u00e4ohjauksen menetelm\u00e4t","Facebook-ohjaus","Kauppa ja palvelut","Laitevertailua","Ope ja oppilaat materiaalin tuottajina","PLE - henkil\u00f6kohtainen oppimisymp\u00e4rist\u00f6","Ryhm\u00e4blogi ohjauksessa","Sosiaali- ja terveysala","S\u00e4hk\u00f6","S\u00e4hk\u00f6inen kirja","Tietoliikenne","Vaatetus","Videot opetuksessa"],"inLanguage":"fi","potentialAction":[{"@type":"CommentAction","name":"Comment","target":["https:\/\/blogit.gradia.fi\/mobiilitohjaajat\/kiltakoulut-ja-me\/#respond"]}]},{"@type":"WebPage","@id":"https:\/\/blogit.gradia.fi\/mobiilitohjaajat\/kiltakoulut-ja-me\/","url":"https:\/\/blogit.gradia.fi\/mobiilitohjaajat\/kiltakoulut-ja-me\/","name":"Kiltakoulut ja Me - Mobiilit ohjaajat","isPartOf":{"@id":"https:\/\/blogit.gradia.fi\/mobiilitohjaajat\/#website"},"primaryImageOfPage":{"@id":"https:\/\/blogit.gradia.fi\/mobiilitohjaajat\/kiltakoulut-ja-me\/#primaryimage"},"image":{"@id":"https:\/\/blogit.gradia.fi\/mobiilitohjaajat\/kiltakoulut-ja-me\/#primaryimage"},"thumbnailUrl":"https:\/\/blogit.gradia.fi\/mobiilitohjaajat\/wp-content\/uploads\/sites\/18\/2013\/09\/20130920-144807.jpg","datePublished":"2013-09-19T11:30:33+00:00","dateModified":"2013-09-20T11:46:24+00:00","author":{"@id":"https:\/\/blogit.gradia.fi\/mobiilitohjaajat\/#\/schema\/person\/519f8f44b8ba3930e1dd2a49ad50ab74"},"inLanguage":"fi","potentialAction":[{"@type":"ReadAction","target":["https:\/\/blogit.gradia.fi\/mobiilitohjaajat\/kiltakoulut-ja-me\/"]}]},{"@type":"ImageObject","inLanguage":"fi","@id":"https:\/\/blogit.gradia.fi\/mobiilitohjaajat\/kiltakoulut-ja-me\/#primaryimage","url":"https:\/\/blogit.gradia.fi\/mobiilitohjaajat\/wp-content\/uploads\/sites\/18\/2013\/09\/20130920-144807.jpg","contentUrl":"https:\/\/blogit.gradia.fi\/mobiilitohjaajat\/wp-content\/uploads\/sites\/18\/2013\/09\/20130920-144807.jpg","width":1024,"height":765},{"@type":"WebSite","@id":"https:\/\/blogit.gradia.fi\/mobiilitohjaajat\/#website","url":"https:\/\/blogit.gradia.fi\/mobiilitohjaajat\/","name":"Mobiilit ohjaajat","description":"Opetushallituksen rahoittaman Mobiilit ohjaajat -hankkeen sivusto","potentialAction":[{"@type":"SearchAction","target":{"@type":"EntryPoint","urlTemplate":"https:\/\/blogit.gradia.fi\/mobiilitohjaajat\/?s={search_term_string}"},"query-input":{"@type":"PropertyValueSpecification","valueRequired":true,"valueName":"search_term_string"}}],"inLanguage":"fi"},{"@type":"Person","@id":"https:\/\/blogit.gradia.fi\/mobiilitohjaajat\/#\/schema\/person\/519f8f44b8ba3930e1dd2a49ad50ab74","name":"Jari Peura","image":{"@type":"ImageObject","inLanguage":"fi","@id":"https:\/\/secure.gravatar.com\/avatar\/cd4db977f82a3f3a2d43781cc65931f16256c34d760c35ad2eabe2138a443223?s=96&d=mm&r=g","url":"https:\/\/secure.gravatar.com\/avatar\/cd4db977f82a3f3a2d43781cc65931f16256c34d760c35ad2eabe2138a443223?s=96&d=mm&r=g","contentUrl":"https:\/\/secure.gravatar.com\/avatar\/cd4db977f82a3f3a2d43781cc65931f16256c34d760c35ad2eabe2138a443223?s=96&d=mm&r=g","caption":"Jari Peura"},"url":"https:\/\/blogit.gradia.fi\/mobiilitohjaajat\/author\/peurajar\/"}]}},"uagb_featured_image_src":{"full":false,"thumbnail":false,"medium":false,"medium_large":false,"large":false,"1536x1536":false,"2048x2048":false,"post-thumbnail":false},"uagb_author_info":{"display_name":"Jari Peura","author_link":"https:\/\/blogit.gradia.fi\/mobiilitohjaajat\/author\/peurajar\/"},"uagb_comment_info":11,"uagb_excerpt":"&#8221;Kiltakoulut ovat saapuneet kaupunkiin&#8230;&#8221;. Olemme t\u00e4ss\u00e4 viimeisen vuoden aikana tutustuneet monellakin eri kokoonpanolla ja eri tilaisuuksissa kiltakoulujen toimintaan. Nyt oli vuorossa kiltakoulujen toiminnallinen loppuseminaari. Olemme havainneet useaan otteeseen, ett\u00e4 kiltakoulujen oppimis- ja ohjausmenetelm\u00e4t ovat oppimista edist\u00e4vi\u00e4 ja kannustavia. Toimivia &#8221;paloja&#8221; poimimalla mekin saisimme Jyv\u00e4skyl\u00e4\u00e4n uusia keinoja\/tapoja\/mahdollisuuksia jne. uudenlaisen oppimisen ja ohjaamisen ja sit\u00e4 kautta osaamisen&hellip;","_links":{"self":[{"href":"https:\/\/blogit.gradia.fi\/mobiilitohjaajat\/wp-json\/wp\/v2\/posts\/122","targetHints":{"allow":["GET"]}}],"collection":[{"href":"https:\/\/blogit.gradia.fi\/mobiilitohjaajat\/wp-json\/wp\/v2\/posts"}],"about":[{"href":"https:\/\/blogit.gradia.fi\/mobiilitohjaajat\/wp-json\/wp\/v2\/types\/post"}],"author":[{"embeddable":true,"href":"https:\/\/blogit.gradia.fi\/mobiilitohjaajat\/wp-json\/wp\/v2\/users\/167"}],"replies":[{"embeddable":true,"href":"https:\/\/blogit.gradia.fi\/mobiilitohjaajat\/wp-json\/wp\/v2\/comments?post=122"}],"version-history":[{"count":0,"href":"https:\/\/blogit.gradia.fi\/mobiilitohjaajat\/wp-json\/wp\/v2\/posts\/122\/revisions"}],"wp:attachment":[{"href":"https:\/\/blogit.gradia.fi\/mobiilitohjaajat\/wp-json\/wp\/v2\/media?parent=122"}],"wp:term":[{"taxonomy":"category","embeddable":true,"href":"https:\/\/blogit.gradia.fi\/mobiilitohjaajat\/wp-json\/wp\/v2\/categories?post=122"},{"taxonomy":"post_tag","embeddable":true,"href":"https:\/\/blogit.gradia.fi\/mobiilitohjaajat\/wp-json\/wp\/v2\/tags?post=122"}],"curies":[{"name":"wp","href":"https:\/\/api.w.org\/{rel}","templated":true}]}}