{"id":106,"date":"2013-09-15T18:04:24","date_gmt":"2013-09-15T15:04:24","guid":{"rendered":"https:\/\/blogit.gradia.fi\/mobiilitohjaajat\/?p=106"},"modified":"2013-11-28T11:17:44","modified_gmt":"2013-11-28T09:17:44","slug":"oman-oloisia-ja-nakoisia-blogeja","status":"publish","type":"post","link":"https:\/\/blogit.gradia.fi\/mobiilitohjaajat\/oman-oloisia-ja-nakoisia-blogeja\/","title":{"rendered":"Oman oloisia ja n\u00e4k\u00f6isi\u00e4 blogeja"},"content":{"rendered":"<p>Vaatetuksen projekti k\u00e4ynnistyi hahmottelemalla vuosisuunnitelmaa ja nostamalla esiin opetussuunnitelman keskeisi\u00e4 sis\u00e4lt\u00f6j\u00e4. Ensimm\u00e4isen opintovuoden\u00a0painotus on tuotteiden valmistuksessa, puvustusprojektissa ja ty\u00f6ss\u00e4oppimisjaksossa. Lis\u00e4ksi tehd\u00e4\u00e4n ompelun perusosaamisen n\u00e4ytt\u00f6. Somen v\u00e4lineit\u00e4 k\u00e4ytet\u00e4\u00e4n sujuvasti niin, ett\u00e4 ne tukevat oppimista.<a href=\"https:\/\/blogit.gradia.fi\/mobiilitohjaajat\/wp-content\/uploads\/sites\/18\/2013\/09\/Nimet\u00f6n.jpg\"><img loading=\"lazy\" decoding=\"async\" class=\" wp-image-107 alignright\" alt=\"Nimet\u00f6n\" src=\"https:\/\/blogit.gradia.fi\/mobiilitohjaajat\/wp-content\/uploads\/sites\/18\/2013\/09\/Nimet\u00f6n.jpg\" width=\"491\" height=\"371\" \/><\/a><\/p>\n<p>Tuotteiden valmistusta dokumentoidaan digitaaliseen tai manuaaliseen portfolioon. Digitaalisena alustana k\u00e4ytet\u00e4\u00e4n Bloggeria ja Weebly\u00e4. Kokosin linkit oppilaiden blogeihin <a href=\"https:\/\/blogit.gradia.fi\/vaatetin\/oppilaiden-tuottamaa\/\">vaatetuksen\u00a0blogiin<\/a>, jolloin\u00a0ne l\u00f6ytyv\u00e4t n\u00e4pp\u00e4r\u00e4sti samasta paikasta. Uskon, ett\u00e4 blogity\u00f6skentely syvent\u00e4\u00e4 oppimista, koska opiskelija koostaa kuvin ja sanoin sek\u00e4 videoin\u00a0sen, mit\u00e4 valmistuksen aikana tapahtui. Blogeja on jo kovasti perustettu, vaikka muutama puuttuukin viel\u00e4. Alkumetreill\u00e4 toistaiseksi r\u00e4mmit\u00e4\u00e4n, mutta t\u00e4st\u00e4\u00a0se seikkailu alkaa.<\/p>\n<p>Blogeihin kytkett\u00e4vien videoiden tarkoitus on nostaa esiin olennaisia, valmistusprosessiin liittyvi\u00e4 oppisis\u00e4lt\u00f6j\u00e4. Hameen mittojen ottoa testailtiin ensimm\u00e4isen\u00e4 kokeiluna. Oppilaat olivat niin n\u00e4pp\u00e4ri\u00e4 k\u00e4ytt\u00e4m\u00e4\u00e4n ipadi\u00e4, ett\u00e4 ohjauksestani taisi olla enemm\u00e4n haittaa kuin hy\u00f6ty\u00e4.\u00a0Parhaita videoita\u00a0julkaistaan YouTubessa ja linkitet\u00e4\u00e4n oppilaiden blogeihin syksyn aikana.<\/p>\n<p>N\u00e4ill\u00e4 ev\u00e4ill\u00e4 l\u00e4hdet\u00e4\u00e4n kokeilujen v\u00e4ritt\u00e4m\u00e4\u00e4n syksyyn \ud83d\ude42<\/p>\n<p>Sirpa Vauhkala<\/p>\n","protected":false},"excerpt":{"rendered":"<p>Vaatetuksen projekti k\u00e4ynnistyi hahmottelemalla vuosisuunnitelmaa ja nostamalla esiin opetussuunnitelman keskeisi\u00e4 sis\u00e4lt\u00f6j\u00e4. Ensimm\u00e4isen opintovuoden\u00a0painotus on tuotteiden valmistuksessa, puvustusprojektissa ja ty\u00f6ss\u00e4oppimisjaksossa. Lis\u00e4ksi tehd\u00e4\u00e4n ompelun perusosaamisen n\u00e4ytt\u00f6. Somen v\u00e4lineit\u00e4 k\u00e4ytet\u00e4\u00e4n sujuvasti niin, ett\u00e4 ne tukevat oppimista. Tuotteiden valmistusta dokumentoidaan digitaaliseen tai manuaaliseen portfolioon. Digitaalisena alustana k\u00e4ytet\u00e4\u00e4n Bloggeria ja Weebly\u00e4. Kokosin linkit oppilaiden blogeihin vaatetuksen\u00a0blogiin, jolloin\u00a0ne l\u00f6ytyv\u00e4t n\u00e4pp\u00e4r\u00e4sti samasta &hellip; <a href=\"https:\/\/blogit.gradia.fi\/mobiilitohjaajat\/oman-oloisia-ja-nakoisia-blogeja\/\" class=\"more-link\">Jatka lukemista <span class=\"screen-reader-text\">Oman oloisia ja n\u00e4k\u00f6isi\u00e4 blogeja<\/span> <span class=\"meta-nav\">&rarr;<\/span><\/a><\/p>\n","protected":false},"author":166,"featured_media":0,"comment_status":"open","ping_status":"open","sticky":false,"template":"","format":"standard","meta":{"_uag_custom_page_level_css":"","footnotes":""},"categories":[25,1],"tags":[],"class_list":["post-106","post","type-post","status-publish","format-standard","hentry","category-vaatetus","category-yleinen"],"yoast_head":"<!-- This site is optimized with the Yoast SEO plugin v27.5 - https:\/\/yoast.com\/product\/yoast-seo-wordpress\/ -->\n<title>Oman oloisia ja n\u00e4k\u00f6isi\u00e4 blogeja - Mobiilit ohjaajat<\/title>\n<meta name=\"robots\" content=\"index, follow, max-snippet:-1, max-image-preview:large, max-video-preview:-1\" \/>\n<link rel=\"canonical\" href=\"https:\/\/blogit.gradia.fi\/mobiilitohjaajat\/oman-oloisia-ja-nakoisia-blogeja\/\" \/>\n<meta property=\"og:locale\" content=\"fi_FI\" \/>\n<meta property=\"og:type\" content=\"article\" \/>\n<meta property=\"og:title\" content=\"Oman oloisia ja n\u00e4k\u00f6isi\u00e4 blogeja - Mobiilit ohjaajat\" \/>\n<meta property=\"og:description\" content=\"Vaatetuksen projekti k\u00e4ynnistyi hahmottelemalla vuosisuunnitelmaa ja nostamalla esiin opetussuunnitelman keskeisi\u00e4 sis\u00e4lt\u00f6j\u00e4. Ensimm\u00e4isen opintovuoden\u00a0painotus on tuotteiden valmistuksessa, puvustusprojektissa ja ty\u00f6ss\u00e4oppimisjaksossa. Lis\u00e4ksi tehd\u00e4\u00e4n ompelun perusosaamisen n\u00e4ytt\u00f6. Somen v\u00e4lineit\u00e4 k\u00e4ytet\u00e4\u00e4n sujuvasti niin, ett\u00e4 ne tukevat oppimista. Tuotteiden valmistusta dokumentoidaan digitaaliseen tai manuaaliseen portfolioon. Digitaalisena alustana k\u00e4ytet\u00e4\u00e4n Bloggeria ja Weebly\u00e4. Kokosin linkit oppilaiden blogeihin vaatetuksen\u00a0blogiin, jolloin\u00a0ne l\u00f6ytyv\u00e4t n\u00e4pp\u00e4r\u00e4sti samasta &hellip; Jatka lukemista Oman oloisia ja n\u00e4k\u00f6isi\u00e4 blogeja &rarr;\" \/>\n<meta property=\"og:url\" content=\"https:\/\/blogit.gradia.fi\/mobiilitohjaajat\/oman-oloisia-ja-nakoisia-blogeja\/\" \/>\n<meta property=\"og:site_name\" content=\"Mobiilit ohjaajat\" \/>\n<meta property=\"article:published_time\" content=\"2013-09-15T15:04:24+00:00\" \/>\n<meta property=\"article:modified_time\" content=\"2013-11-28T09:17:44+00:00\" \/>\n<meta property=\"og:image\" content=\"https:\/\/blogit.gradia.fi\/mobiilitohjaajat\/wp-content\/uploads\/sites\/18\/2013\/09\/Nimet\u00f6n.jpg\" \/>\n<meta name=\"author\" content=\"Sirpa Vauhkala\" \/>\n<meta name=\"twitter:card\" content=\"summary_large_image\" \/>\n<meta name=\"twitter:label1\" content=\"Kirjoittanut\" \/>\n\t<meta name=\"twitter:data1\" content=\"Sirpa Vauhkala\" \/>\n\t<meta name=\"twitter:label2\" content=\"Arvioitu lukuaika\" \/>\n\t<meta name=\"twitter:data2\" content=\"1 minuutti\" \/>\n<script type=\"application\/ld+json\" class=\"yoast-schema-graph\">{\"@context\":\"https:\\\/\\\/schema.org\",\"@graph\":[{\"@type\":\"Article\",\"@id\":\"https:\\\/\\\/blogit.gradia.fi\\\/mobiilitohjaajat\\\/oman-oloisia-ja-nakoisia-blogeja\\\/#article\",\"isPartOf\":{\"@id\":\"https:\\\/\\\/blogit.gradia.fi\\\/mobiilitohjaajat\\\/oman-oloisia-ja-nakoisia-blogeja\\\/\"},\"author\":{\"name\":\"Sirpa Vauhkala\",\"@id\":\"https:\\\/\\\/blogit.gradia.fi\\\/mobiilitohjaajat\\\/#\\\/schema\\\/person\\\/af47f873bbb62a6a80c8178d8c589fa8\"},\"headline\":\"Oman oloisia ja n\u00e4k\u00f6isi\u00e4 blogeja\",\"datePublished\":\"2013-09-15T15:04:24+00:00\",\"dateModified\":\"2013-11-28T09:17:44+00:00\",\"mainEntityOfPage\":{\"@id\":\"https:\\\/\\\/blogit.gradia.fi\\\/mobiilitohjaajat\\\/oman-oloisia-ja-nakoisia-blogeja\\\/\"},\"wordCount\":192,\"commentCount\":0,\"articleSection\":[\"Vaatetus\"],\"inLanguage\":\"fi\",\"potentialAction\":[{\"@type\":\"CommentAction\",\"name\":\"Comment\",\"target\":[\"https:\\\/\\\/blogit.gradia.fi\\\/mobiilitohjaajat\\\/oman-oloisia-ja-nakoisia-blogeja\\\/#respond\"]}]},{\"@type\":\"WebPage\",\"@id\":\"https:\\\/\\\/blogit.gradia.fi\\\/mobiilitohjaajat\\\/oman-oloisia-ja-nakoisia-blogeja\\\/\",\"url\":\"https:\\\/\\\/blogit.gradia.fi\\\/mobiilitohjaajat\\\/oman-oloisia-ja-nakoisia-blogeja\\\/\",\"name\":\"Oman oloisia ja n\u00e4k\u00f6isi\u00e4 blogeja - Mobiilit ohjaajat\",\"isPartOf\":{\"@id\":\"https:\\\/\\\/blogit.gradia.fi\\\/mobiilitohjaajat\\\/#website\"},\"datePublished\":\"2013-09-15T15:04:24+00:00\",\"dateModified\":\"2013-11-28T09:17:44+00:00\",\"author\":{\"@id\":\"https:\\\/\\\/blogit.gradia.fi\\\/mobiilitohjaajat\\\/#\\\/schema\\\/person\\\/af47f873bbb62a6a80c8178d8c589fa8\"},\"inLanguage\":\"fi\",\"potentialAction\":[{\"@type\":\"ReadAction\",\"target\":[\"https:\\\/\\\/blogit.gradia.fi\\\/mobiilitohjaajat\\\/oman-oloisia-ja-nakoisia-blogeja\\\/\"]}]},{\"@type\":\"WebSite\",\"@id\":\"https:\\\/\\\/blogit.gradia.fi\\\/mobiilitohjaajat\\\/#website\",\"url\":\"https:\\\/\\\/blogit.gradia.fi\\\/mobiilitohjaajat\\\/\",\"name\":\"Mobiilit ohjaajat\",\"description\":\"Opetushallituksen rahoittaman Mobiilit ohjaajat -hankkeen sivusto\",\"potentialAction\":[{\"@type\":\"SearchAction\",\"target\":{\"@type\":\"EntryPoint\",\"urlTemplate\":\"https:\\\/\\\/blogit.gradia.fi\\\/mobiilitohjaajat\\\/?s={search_term_string}\"},\"query-input\":{\"@type\":\"PropertyValueSpecification\",\"valueRequired\":true,\"valueName\":\"search_term_string\"}}],\"inLanguage\":\"fi\"},{\"@type\":\"Person\",\"@id\":\"https:\\\/\\\/blogit.gradia.fi\\\/mobiilitohjaajat\\\/#\\\/schema\\\/person\\\/af47f873bbb62a6a80c8178d8c589fa8\",\"name\":\"Sirpa Vauhkala\",\"image\":{\"@type\":\"ImageObject\",\"inLanguage\":\"fi\",\"@id\":\"https:\\\/\\\/secure.gravatar.com\\\/avatar\\\/dc07e6ef6ce853424587fd89ca0e92f890818c11be4a7c8db1cebecdd9fbb85e?s=96&d=mm&r=g\",\"url\":\"https:\\\/\\\/secure.gravatar.com\\\/avatar\\\/dc07e6ef6ce853424587fd89ca0e92f890818c11be4a7c8db1cebecdd9fbb85e?s=96&d=mm&r=g\",\"contentUrl\":\"https:\\\/\\\/secure.gravatar.com\\\/avatar\\\/dc07e6ef6ce853424587fd89ca0e92f890818c11be4a7c8db1cebecdd9fbb85e?s=96&d=mm&r=g\",\"caption\":\"Sirpa Vauhkala\"},\"url\":\"https:\\\/\\\/blogit.gradia.fi\\\/mobiilitohjaajat\\\/author\\\/vauhksir\\\/\"}]}<\/script>\n<!-- \/ Yoast SEO plugin. -->","yoast_head_json":{"title":"Oman oloisia ja n\u00e4k\u00f6isi\u00e4 blogeja - Mobiilit ohjaajat","robots":{"index":"index","follow":"follow","max-snippet":"max-snippet:-1","max-image-preview":"max-image-preview:large","max-video-preview":"max-video-preview:-1"},"canonical":"https:\/\/blogit.gradia.fi\/mobiilitohjaajat\/oman-oloisia-ja-nakoisia-blogeja\/","og_locale":"fi_FI","og_type":"article","og_title":"Oman oloisia ja n\u00e4k\u00f6isi\u00e4 blogeja - Mobiilit ohjaajat","og_description":"Vaatetuksen projekti k\u00e4ynnistyi hahmottelemalla vuosisuunnitelmaa ja nostamalla esiin opetussuunnitelman keskeisi\u00e4 sis\u00e4lt\u00f6j\u00e4. Ensimm\u00e4isen opintovuoden\u00a0painotus on tuotteiden valmistuksessa, puvustusprojektissa ja ty\u00f6ss\u00e4oppimisjaksossa. Lis\u00e4ksi tehd\u00e4\u00e4n ompelun perusosaamisen n\u00e4ytt\u00f6. Somen v\u00e4lineit\u00e4 k\u00e4ytet\u00e4\u00e4n sujuvasti niin, ett\u00e4 ne tukevat oppimista. Tuotteiden valmistusta dokumentoidaan digitaaliseen tai manuaaliseen portfolioon. Digitaalisena alustana k\u00e4ytet\u00e4\u00e4n Bloggeria ja Weebly\u00e4. Kokosin linkit oppilaiden blogeihin vaatetuksen\u00a0blogiin, jolloin\u00a0ne l\u00f6ytyv\u00e4t n\u00e4pp\u00e4r\u00e4sti samasta &hellip; Jatka lukemista Oman oloisia ja n\u00e4k\u00f6isi\u00e4 blogeja &rarr;","og_url":"https:\/\/blogit.gradia.fi\/mobiilitohjaajat\/oman-oloisia-ja-nakoisia-blogeja\/","og_site_name":"Mobiilit ohjaajat","article_published_time":"2013-09-15T15:04:24+00:00","article_modified_time":"2013-11-28T09:17:44+00:00","og_image":[{"url":"https:\/\/blogit.gradia.fi\/mobiilitohjaajat\/wp-content\/uploads\/sites\/18\/2013\/09\/Nimet\u00f6n.jpg","type":"","width":"","height":""}],"author":"Sirpa Vauhkala","twitter_card":"summary_large_image","twitter_misc":{"Kirjoittanut":"Sirpa Vauhkala","Arvioitu lukuaika":"1 minuutti"},"schema":{"@context":"https:\/\/schema.org","@graph":[{"@type":"Article","@id":"https:\/\/blogit.gradia.fi\/mobiilitohjaajat\/oman-oloisia-ja-nakoisia-blogeja\/#article","isPartOf":{"@id":"https:\/\/blogit.gradia.fi\/mobiilitohjaajat\/oman-oloisia-ja-nakoisia-blogeja\/"},"author":{"name":"Sirpa Vauhkala","@id":"https:\/\/blogit.gradia.fi\/mobiilitohjaajat\/#\/schema\/person\/af47f873bbb62a6a80c8178d8c589fa8"},"headline":"Oman oloisia ja n\u00e4k\u00f6isi\u00e4 blogeja","datePublished":"2013-09-15T15:04:24+00:00","dateModified":"2013-11-28T09:17:44+00:00","mainEntityOfPage":{"@id":"https:\/\/blogit.gradia.fi\/mobiilitohjaajat\/oman-oloisia-ja-nakoisia-blogeja\/"},"wordCount":192,"commentCount":0,"articleSection":["Vaatetus"],"inLanguage":"fi","potentialAction":[{"@type":"CommentAction","name":"Comment","target":["https:\/\/blogit.gradia.fi\/mobiilitohjaajat\/oman-oloisia-ja-nakoisia-blogeja\/#respond"]}]},{"@type":"WebPage","@id":"https:\/\/blogit.gradia.fi\/mobiilitohjaajat\/oman-oloisia-ja-nakoisia-blogeja\/","url":"https:\/\/blogit.gradia.fi\/mobiilitohjaajat\/oman-oloisia-ja-nakoisia-blogeja\/","name":"Oman oloisia ja n\u00e4k\u00f6isi\u00e4 blogeja - Mobiilit ohjaajat","isPartOf":{"@id":"https:\/\/blogit.gradia.fi\/mobiilitohjaajat\/#website"},"datePublished":"2013-09-15T15:04:24+00:00","dateModified":"2013-11-28T09:17:44+00:00","author":{"@id":"https:\/\/blogit.gradia.fi\/mobiilitohjaajat\/#\/schema\/person\/af47f873bbb62a6a80c8178d8c589fa8"},"inLanguage":"fi","potentialAction":[{"@type":"ReadAction","target":["https:\/\/blogit.gradia.fi\/mobiilitohjaajat\/oman-oloisia-ja-nakoisia-blogeja\/"]}]},{"@type":"WebSite","@id":"https:\/\/blogit.gradia.fi\/mobiilitohjaajat\/#website","url":"https:\/\/blogit.gradia.fi\/mobiilitohjaajat\/","name":"Mobiilit ohjaajat","description":"Opetushallituksen rahoittaman Mobiilit ohjaajat -hankkeen sivusto","potentialAction":[{"@type":"SearchAction","target":{"@type":"EntryPoint","urlTemplate":"https:\/\/blogit.gradia.fi\/mobiilitohjaajat\/?s={search_term_string}"},"query-input":{"@type":"PropertyValueSpecification","valueRequired":true,"valueName":"search_term_string"}}],"inLanguage":"fi"},{"@type":"Person","@id":"https:\/\/blogit.gradia.fi\/mobiilitohjaajat\/#\/schema\/person\/af47f873bbb62a6a80c8178d8c589fa8","name":"Sirpa Vauhkala","image":{"@type":"ImageObject","inLanguage":"fi","@id":"https:\/\/secure.gravatar.com\/avatar\/dc07e6ef6ce853424587fd89ca0e92f890818c11be4a7c8db1cebecdd9fbb85e?s=96&d=mm&r=g","url":"https:\/\/secure.gravatar.com\/avatar\/dc07e6ef6ce853424587fd89ca0e92f890818c11be4a7c8db1cebecdd9fbb85e?s=96&d=mm&r=g","contentUrl":"https:\/\/secure.gravatar.com\/avatar\/dc07e6ef6ce853424587fd89ca0e92f890818c11be4a7c8db1cebecdd9fbb85e?s=96&d=mm&r=g","caption":"Sirpa Vauhkala"},"url":"https:\/\/blogit.gradia.fi\/mobiilitohjaajat\/author\/vauhksir\/"}]}},"uagb_featured_image_src":{"full":false,"thumbnail":false,"medium":false,"medium_large":false,"large":false,"1536x1536":false,"2048x2048":false,"post-thumbnail":false},"uagb_author_info":{"display_name":"Sirpa Vauhkala","author_link":"https:\/\/blogit.gradia.fi\/mobiilitohjaajat\/author\/vauhksir\/"},"uagb_comment_info":0,"uagb_excerpt":"Vaatetuksen projekti k\u00e4ynnistyi hahmottelemalla vuosisuunnitelmaa ja nostamalla esiin opetussuunnitelman keskeisi\u00e4 sis\u00e4lt\u00f6j\u00e4. Ensimm\u00e4isen opintovuoden\u00a0painotus on tuotteiden valmistuksessa, puvustusprojektissa ja ty\u00f6ss\u00e4oppimisjaksossa. Lis\u00e4ksi tehd\u00e4\u00e4n ompelun perusosaamisen n\u00e4ytt\u00f6. Somen v\u00e4lineit\u00e4 k\u00e4ytet\u00e4\u00e4n sujuvasti niin, ett\u00e4 ne tukevat oppimista. Tuotteiden valmistusta dokumentoidaan digitaaliseen tai manuaaliseen portfolioon. Digitaalisena alustana k\u00e4ytet\u00e4\u00e4n Bloggeria ja Weebly\u00e4. Kokosin linkit oppilaiden blogeihin vaatetuksen\u00a0blogiin, jolloin\u00a0ne l\u00f6ytyv\u00e4t n\u00e4pp\u00e4r\u00e4sti samasta&hellip;","_links":{"self":[{"href":"https:\/\/blogit.gradia.fi\/mobiilitohjaajat\/wp-json\/wp\/v2\/posts\/106","targetHints":{"allow":["GET"]}}],"collection":[{"href":"https:\/\/blogit.gradia.fi\/mobiilitohjaajat\/wp-json\/wp\/v2\/posts"}],"about":[{"href":"https:\/\/blogit.gradia.fi\/mobiilitohjaajat\/wp-json\/wp\/v2\/types\/post"}],"author":[{"embeddable":true,"href":"https:\/\/blogit.gradia.fi\/mobiilitohjaajat\/wp-json\/wp\/v2\/users\/166"}],"replies":[{"embeddable":true,"href":"https:\/\/blogit.gradia.fi\/mobiilitohjaajat\/wp-json\/wp\/v2\/comments?post=106"}],"version-history":[{"count":0,"href":"https:\/\/blogit.gradia.fi\/mobiilitohjaajat\/wp-json\/wp\/v2\/posts\/106\/revisions"}],"wp:attachment":[{"href":"https:\/\/blogit.gradia.fi\/mobiilitohjaajat\/wp-json\/wp\/v2\/media?parent=106"}],"wp:term":[{"taxonomy":"category","embeddable":true,"href":"https:\/\/blogit.gradia.fi\/mobiilitohjaajat\/wp-json\/wp\/v2\/categories?post=106"},{"taxonomy":"post_tag","embeddable":true,"href":"https:\/\/blogit.gradia.fi\/mobiilitohjaajat\/wp-json\/wp\/v2\/tags?post=106"}],"curies":[{"name":"wp","href":"https:\/\/api.w.org\/{rel}","templated":true}]}}