{"id":425,"date":"2020-11-11T08:01:10","date_gmt":"2020-11-11T06:01:10","guid":{"rendered":"https:\/\/blogit.gradia.fi\/lukiolaisettyoelamaan\/?p=425"},"modified":"2021-01-05T16:30:12","modified_gmt":"2021-01-05T14:30:12","slug":"vaikuttamisen-ja-kansainvalisyysviikko-global-action-week-lyseon-lukiossa-26-30-10-2020","status":"publish","type":"post","link":"https:\/\/blogit.gradia.fi\/lukiolaisettyoelamaan\/2020\/11\/11\/vaikuttamisen-ja-kansainvalisyysviikko-global-action-week-lyseon-lukiossa-26-30-10-2020\/","title":{"rendered":"Vaikuttamisen ja kansainv\u00e4lisyyden viikko Global Action Week Lyseon lukiossa 26.-30.10.2020"},"content":{"rendered":"\n<p><a href=\"https:\/\/www.gradia.fi\/oppimaan\/lukio\/jyvaskylan-lyseon-lukio\" target=\"_blank\" rel=\"noreferrer noopener\">Gradiassa Jyv\u00e4skyl\u00e4n Lyseon lukion <\/a>lukuvuosisuunnitelmassa on viisi teemaviikkoa. Jaksoteemat ovat samat kuin tulevan uuden opetussuunnitelman laaja-alaiset osaamisen alueet. Vaikuttamisen ja kansainv\u00e4lisyysviikon eli Global Action Weekin tavoitteena oli nostaa esille erilaisia vaikuttamisen keinoja globaalilla tasolla. <\/p>\n\n\n\n<p>Pandemiasta johtuen toteutukset tehtiin webinaareina ja Teams-yhteyksin. Alkuviikon teemoina olivat mm. Unicef, Gradian Model United Nations -toiminnan esittely, monikulttuurisuus ja oman koulun kahdenv\u00e4listen vaihtojen esittely. Perjantain teemana oli muuttoliikkeet, pakolaisuus, syrjint\u00e4, v\u00e4hemmist\u00f6ryhm\u00e4t ja kehitysyhteisty\u00f6.<\/p>\n\n\n\n<figure class=\"wp-block-image size-large is-resized\"><img loading=\"lazy\" decoding=\"async\" src=\"https:\/\/blogit.gradia.fi\/lukiolaisettyoelamaan\/wp-content\/uploads\/sites\/169\/2020\/11\/Satu-Heikkinen.jpg\" alt=\"\" class=\"wp-image-426\" width=\"632\" height=\"342\" srcset=\"https:\/\/blogit.gradia.fi\/lukiolaisettyoelamaan\/wp-content\/uploads\/sites\/169\/2020\/11\/Satu-Heikkinen.jpg 555w, https:\/\/blogit.gradia.fi\/lukiolaisettyoelamaan\/wp-content\/uploads\/sites\/169\/2020\/11\/Satu-Heikkinen-300x162.jpg 300w\" sizes=\"auto, (max-width: 632px) 100vw, 632px\" \/><\/figure>\n\n\n\n<p>Hankkeemme osallistui 29.10. p\u00e4iv\u00e4n toiselle ja kolmannen vuositasolle j\u00e4rjestettyyn ohjelmaan. P\u00e4iv\u00e4n teemana olivat vuorostaan kansainv\u00e4liset ty\u00f6el\u00e4m\u00e4taidot ja kulttuurien v\u00e4linen viestint\u00e4. Apulaisprofessori <strong>Marko Siitonen <\/strong>Jyv\u00e4skyl\u00e4n yliopiston Kieli- ja viestint\u00e4tieteiden laitokselta luennoi kulttuurien v\u00e4lisest\u00e4 viestinn\u00e4st\u00e4 koulumme ensimm\u00e4isen vuositason opiskelijoille. <\/p>\n\n\n\n<p><strong>Satu Heikkinen <\/strong>kansainv\u00e4listen yhteyksien p\u00e4\u00e4llikk\u00f6 Jyv\u00e4skyl\u00e4n kaupungista kertoi puolestaan n\u00e4kemyksist\u00e4\u00e4n ja ajatuksistaan koskien kansainv\u00e4lisi\u00e4 ty\u00f6el\u00e4m\u00e4taitoja. H\u00e4nen alustuksensa j\u00e4lkeen opiskelijoilla oli mahdollisuus esitt\u00e4\u00e4 kysymyksi\u00e4 ja kommentoida alustusta. Opiskelijoille annettiin my\u00f6s mahdollisuus jatkoty\u00f6skentelyyn. Heid\u00e4n teht\u00e4v\u00e4n\u00e4 oli l\u00f6yt\u00e4\u00e4 paikallisia tai globaaleja yrityksi\u00e4 tai muita tahoja, jotka olisivat heid\u00e4n n\u00e4k\u00f6kulmastaan mielenkiintoisia yhteisty\u00f6kumppaneita lukioillemme.<\/p>\n\n\n\n<figure class=\"wp-block-image size-large\"><img loading=\"lazy\" decoding=\"async\" width=\"674\" height=\"386\" src=\"https:\/\/blogit.gradia.fi\/lukiolaisettyoelamaan\/wp-content\/uploads\/sites\/169\/2020\/11\/SH-tyoelamataidot.jpg\" alt=\"\" class=\"wp-image-427\" srcset=\"https:\/\/blogit.gradia.fi\/lukiolaisettyoelamaan\/wp-content\/uploads\/sites\/169\/2020\/11\/SH-tyoelamataidot.jpg 674w, https:\/\/blogit.gradia.fi\/lukiolaisettyoelamaan\/wp-content\/uploads\/sites\/169\/2020\/11\/SH-tyoelamataidot-300x172.jpg 300w\" sizes=\"auto, (max-width: 674px) 100vw, 674px\" \/><\/figure>\n\n\n\n<figure class=\"wp-block-image size-large\"><img loading=\"lazy\" decoding=\"async\" width=\"654\" height=\"370\" src=\"https:\/\/blogit.gradia.fi\/lukiolaisettyoelamaan\/wp-content\/uploads\/sites\/169\/2020\/11\/SH-kv-viestinta.jpg\" alt=\"\" class=\"wp-image-428\" srcset=\"https:\/\/blogit.gradia.fi\/lukiolaisettyoelamaan\/wp-content\/uploads\/sites\/169\/2020\/11\/SH-kv-viestinta.jpg 654w, https:\/\/blogit.gradia.fi\/lukiolaisettyoelamaan\/wp-content\/uploads\/sites\/169\/2020\/11\/SH-kv-viestinta-300x170.jpg 300w\" sizes=\"auto, (max-width: 654px) 100vw, 654px\" \/><\/figure>\n\n\n\n<p>Teksti ja kuvat: Arja Jokinen, Jyv\u00e4skyl\u00e4n Lyseon lukio, Gradia<\/p>\n","protected":false},"excerpt":{"rendered":"<p>Gradiassa Jyv\u00e4skyl\u00e4n Lyseon lukion lukuvuosisuunnitelmassa on viisi teemaviikkoa. Jaksoteemat ovat samat kuin tulevan uuden opetussuunnitelman laaja-alaiset osaamisen alueet. Vaikuttamisen ja kansainv\u00e4lisyysviikon eli Global Action Weekin tavoitteena oli nostaa esille erilaisia vaikuttamisen keinoja globaalilla tasolla. Pandemiasta johtuen toteutukset tehtiin webinaareina ja Teams-yhteyksin. Alkuviikon teemoina olivat mm. Unicef, Gradian Model United Nations -toiminnan esittely, monikulttuurisuus ja oman &hellip; <a href=\"https:\/\/blogit.gradia.fi\/lukiolaisettyoelamaan\/2020\/11\/11\/vaikuttamisen-ja-kansainvalisyysviikko-global-action-week-lyseon-lukiossa-26-30-10-2020\/\" class=\"more-link\">Jatka lukemista <span class=\"screen-reader-text\">Vaikuttamisen ja kansainv\u00e4lisyyden viikko Global Action Week Lyseon lukiossa 26.-30.10.2020<\/span> <span class=\"meta-nav\">&rarr;<\/span><\/a><\/p>\n","protected":false},"author":705,"featured_media":0,"comment_status":"open","ping_status":"open","sticky":false,"template":"","format":"standard","meta":{"_uag_custom_page_level_css":"","footnotes":""},"categories":[1],"tags":[16,17,10],"class_list":["post-425","post","type-post","status-publish","format-standard","hentry","category-yleinen","tag-kansainvaliset-tyoelamataidot","tag-kulttuurien-valinen-viestinta","tag-lukio"],"yoast_head":"<!-- This site is optimized with the Yoast SEO plugin v27.5 - https:\/\/yoast.com\/product\/yoast-seo-wordpress\/ -->\n<title>Vaikuttamisen ja kansainv\u00e4lisyyden viikko Global Action Week Lyseon lukiossa 26.-30.10.2020 - Lukiolaiset ty\u00f6el\u00e4m\u00e4\u00e4n<\/title>\n<meta name=\"robots\" content=\"index, follow, max-snippet:-1, max-image-preview:large, max-video-preview:-1\" \/>\n<link rel=\"canonical\" href=\"https:\/\/blogit.gradia.fi\/lukiolaisettyoelamaan\/2020\/11\/11\/vaikuttamisen-ja-kansainvalisyysviikko-global-action-week-lyseon-lukiossa-26-30-10-2020\/\" \/>\n<meta property=\"og:locale\" content=\"fi_FI\" \/>\n<meta property=\"og:type\" content=\"article\" \/>\n<meta property=\"og:title\" content=\"Vaikuttamisen ja kansainv\u00e4lisyyden viikko Global Action Week Lyseon lukiossa 26.-30.10.2020 - Lukiolaiset ty\u00f6el\u00e4m\u00e4\u00e4n\" \/>\n<meta property=\"og:description\" content=\"Gradiassa Jyv\u00e4skyl\u00e4n Lyseon lukion lukuvuosisuunnitelmassa on viisi teemaviikkoa. Jaksoteemat ovat samat kuin tulevan uuden opetussuunnitelman laaja-alaiset osaamisen alueet. Vaikuttamisen ja kansainv\u00e4lisyysviikon eli Global Action Weekin tavoitteena oli nostaa esille erilaisia vaikuttamisen keinoja globaalilla tasolla. Pandemiasta johtuen toteutukset tehtiin webinaareina ja Teams-yhteyksin. Alkuviikon teemoina olivat mm. Unicef, Gradian Model United Nations -toiminnan esittely, monikulttuurisuus ja oman &hellip; Jatka lukemista Vaikuttamisen ja kansainv\u00e4lisyyden viikko Global Action Week Lyseon lukiossa 26.-30.10.2020 &rarr;\" \/>\n<meta property=\"og:url\" content=\"https:\/\/blogit.gradia.fi\/lukiolaisettyoelamaan\/2020\/11\/11\/vaikuttamisen-ja-kansainvalisyysviikko-global-action-week-lyseon-lukiossa-26-30-10-2020\/\" \/>\n<meta property=\"og:site_name\" content=\"Lukiolaiset ty\u00f6el\u00e4m\u00e4\u00e4n\" \/>\n<meta property=\"article:published_time\" content=\"2020-11-11T06:01:10+00:00\" \/>\n<meta property=\"article:modified_time\" content=\"2021-01-05T14:30:12+00:00\" \/>\n<meta property=\"og:image\" content=\"https:\/\/blogit.gradia.fi\/lukiolaisettyoelamaan\/wp-content\/uploads\/sites\/169\/2020\/11\/Satu-Heikkinen.jpg\" \/>\n<meta name=\"author\" content=\"Birgitta Mannila\" \/>\n<meta name=\"twitter:card\" content=\"summary_large_image\" \/>\n<meta name=\"twitter:label1\" content=\"Kirjoittanut\" \/>\n\t<meta name=\"twitter:data1\" content=\"Birgitta Mannila\" \/>\n\t<meta name=\"twitter:label2\" content=\"Arvioitu lukuaika\" \/>\n\t<meta name=\"twitter:data2\" content=\"1 minuutti\" \/>\n<script type=\"application\/ld+json\" class=\"yoast-schema-graph\">{\"@context\":\"https:\\\/\\\/schema.org\",\"@graph\":[{\"@type\":\"Article\",\"@id\":\"https:\\\/\\\/blogit.gradia.fi\\\/lukiolaisettyoelamaan\\\/2020\\\/11\\\/11\\\/vaikuttamisen-ja-kansainvalisyysviikko-global-action-week-lyseon-lukiossa-26-30-10-2020\\\/#article\",\"isPartOf\":{\"@id\":\"https:\\\/\\\/blogit.gradia.fi\\\/lukiolaisettyoelamaan\\\/2020\\\/11\\\/11\\\/vaikuttamisen-ja-kansainvalisyysviikko-global-action-week-lyseon-lukiossa-26-30-10-2020\\\/\"},\"author\":{\"name\":\"Birgitta Mannila\",\"@id\":\"https:\\\/\\\/blogit.gradia.fi\\\/lukiolaisettyoelamaan\\\/#\\\/schema\\\/person\\\/8fb5e032c0a9b8eb17b9e399f8f4063f\"},\"headline\":\"Vaikuttamisen ja kansainv\u00e4lisyyden viikko Global Action Week Lyseon lukiossa 26.-30.10.2020\",\"datePublished\":\"2020-11-11T06:01:10+00:00\",\"dateModified\":\"2021-01-05T14:30:12+00:00\",\"mainEntityOfPage\":{\"@id\":\"https:\\\/\\\/blogit.gradia.fi\\\/lukiolaisettyoelamaan\\\/2020\\\/11\\\/11\\\/vaikuttamisen-ja-kansainvalisyysviikko-global-action-week-lyseon-lukiossa-26-30-10-2020\\\/\"},\"wordCount\":220,\"commentCount\":0,\"image\":{\"@id\":\"https:\\\/\\\/blogit.gradia.fi\\\/lukiolaisettyoelamaan\\\/2020\\\/11\\\/11\\\/vaikuttamisen-ja-kansainvalisyysviikko-global-action-week-lyseon-lukiossa-26-30-10-2020\\\/#primaryimage\"},\"thumbnailUrl\":\"https:\\\/\\\/blogit.gradia.fi\\\/lukiolaisettyoelamaan\\\/wp-content\\\/uploads\\\/sites\\\/169\\\/2020\\\/11\\\/Satu-Heikkinen.jpg\",\"keywords\":[\"kansainv\u00e4liset ty\u00f6el\u00e4m\u00e4taidot\",\"kulttuurien v\u00e4linen viestint\u00e4\",\"lukio\"],\"articleSection\":[\"yleinen\"],\"inLanguage\":\"fi\",\"potentialAction\":[{\"@type\":\"CommentAction\",\"name\":\"Comment\",\"target\":[\"https:\\\/\\\/blogit.gradia.fi\\\/lukiolaisettyoelamaan\\\/2020\\\/11\\\/11\\\/vaikuttamisen-ja-kansainvalisyysviikko-global-action-week-lyseon-lukiossa-26-30-10-2020\\\/#respond\"]}]},{\"@type\":\"WebPage\",\"@id\":\"https:\\\/\\\/blogit.gradia.fi\\\/lukiolaisettyoelamaan\\\/2020\\\/11\\\/11\\\/vaikuttamisen-ja-kansainvalisyysviikko-global-action-week-lyseon-lukiossa-26-30-10-2020\\\/\",\"url\":\"https:\\\/\\\/blogit.gradia.fi\\\/lukiolaisettyoelamaan\\\/2020\\\/11\\\/11\\\/vaikuttamisen-ja-kansainvalisyysviikko-global-action-week-lyseon-lukiossa-26-30-10-2020\\\/\",\"name\":\"Vaikuttamisen ja kansainv\u00e4lisyyden viikko Global Action Week Lyseon lukiossa 26.-30.10.2020 - Lukiolaiset ty\u00f6el\u00e4m\u00e4\u00e4n\",\"isPartOf\":{\"@id\":\"https:\\\/\\\/blogit.gradia.fi\\\/lukiolaisettyoelamaan\\\/#website\"},\"primaryImageOfPage\":{\"@id\":\"https:\\\/\\\/blogit.gradia.fi\\\/lukiolaisettyoelamaan\\\/2020\\\/11\\\/11\\\/vaikuttamisen-ja-kansainvalisyysviikko-global-action-week-lyseon-lukiossa-26-30-10-2020\\\/#primaryimage\"},\"image\":{\"@id\":\"https:\\\/\\\/blogit.gradia.fi\\\/lukiolaisettyoelamaan\\\/2020\\\/11\\\/11\\\/vaikuttamisen-ja-kansainvalisyysviikko-global-action-week-lyseon-lukiossa-26-30-10-2020\\\/#primaryimage\"},\"thumbnailUrl\":\"https:\\\/\\\/blogit.gradia.fi\\\/lukiolaisettyoelamaan\\\/wp-content\\\/uploads\\\/sites\\\/169\\\/2020\\\/11\\\/Satu-Heikkinen.jpg\",\"datePublished\":\"2020-11-11T06:01:10+00:00\",\"dateModified\":\"2021-01-05T14:30:12+00:00\",\"author\":{\"@id\":\"https:\\\/\\\/blogit.gradia.fi\\\/lukiolaisettyoelamaan\\\/#\\\/schema\\\/person\\\/8fb5e032c0a9b8eb17b9e399f8f4063f\"},\"breadcrumb\":{\"@id\":\"https:\\\/\\\/blogit.gradia.fi\\\/lukiolaisettyoelamaan\\\/2020\\\/11\\\/11\\\/vaikuttamisen-ja-kansainvalisyysviikko-global-action-week-lyseon-lukiossa-26-30-10-2020\\\/#breadcrumb\"},\"inLanguage\":\"fi\",\"potentialAction\":[{\"@type\":\"ReadAction\",\"target\":[\"https:\\\/\\\/blogit.gradia.fi\\\/lukiolaisettyoelamaan\\\/2020\\\/11\\\/11\\\/vaikuttamisen-ja-kansainvalisyysviikko-global-action-week-lyseon-lukiossa-26-30-10-2020\\\/\"]}]},{\"@type\":\"ImageObject\",\"inLanguage\":\"fi\",\"@id\":\"https:\\\/\\\/blogit.gradia.fi\\\/lukiolaisettyoelamaan\\\/2020\\\/11\\\/11\\\/vaikuttamisen-ja-kansainvalisyysviikko-global-action-week-lyseon-lukiossa-26-30-10-2020\\\/#primaryimage\",\"url\":\"https:\\\/\\\/blogit.gradia.fi\\\/lukiolaisettyoelamaan\\\/wp-content\\\/uploads\\\/sites\\\/169\\\/2020\\\/11\\\/Satu-Heikkinen.jpg\",\"contentUrl\":\"https:\\\/\\\/blogit.gradia.fi\\\/lukiolaisettyoelamaan\\\/wp-content\\\/uploads\\\/sites\\\/169\\\/2020\\\/11\\\/Satu-Heikkinen.jpg\",\"width\":555,\"height\":300},{\"@type\":\"BreadcrumbList\",\"@id\":\"https:\\\/\\\/blogit.gradia.fi\\\/lukiolaisettyoelamaan\\\/2020\\\/11\\\/11\\\/vaikuttamisen-ja-kansainvalisyysviikko-global-action-week-lyseon-lukiossa-26-30-10-2020\\\/#breadcrumb\",\"itemListElement\":[{\"@type\":\"ListItem\",\"position\":1,\"name\":\"Home\",\"item\":\"https:\\\/\\\/blogit.gradia.fi\\\/lukiolaisettyoelamaan\\\/\"},{\"@type\":\"ListItem\",\"position\":2,\"name\":\"Vaikuttamisen ja kansainv\u00e4lisyyden viikko Global Action Week Lyseon lukiossa 26.-30.10.2020\"}]},{\"@type\":\"WebSite\",\"@id\":\"https:\\\/\\\/blogit.gradia.fi\\\/lukiolaisettyoelamaan\\\/#website\",\"url\":\"https:\\\/\\\/blogit.gradia.fi\\\/lukiolaisettyoelamaan\\\/\",\"name\":\"Lukiolaiset ty\u00f6el\u00e4m\u00e4\u00e4n\",\"description\":\"Tervetuloa tutustumaan ja poimimaan hyvi\u00e4 k\u00e4yt\u00e4nteit\u00e4!\",\"potentialAction\":[{\"@type\":\"SearchAction\",\"target\":{\"@type\":\"EntryPoint\",\"urlTemplate\":\"https:\\\/\\\/blogit.gradia.fi\\\/lukiolaisettyoelamaan\\\/?s={search_term_string}\"},\"query-input\":{\"@type\":\"PropertyValueSpecification\",\"valueRequired\":true,\"valueName\":\"search_term_string\"}}],\"inLanguage\":\"fi\"},{\"@type\":\"Person\",\"@id\":\"https:\\\/\\\/blogit.gradia.fi\\\/lukiolaisettyoelamaan\\\/#\\\/schema\\\/person\\\/8fb5e032c0a9b8eb17b9e399f8f4063f\",\"name\":\"Birgitta Mannila\",\"image\":{\"@type\":\"ImageObject\",\"inLanguage\":\"fi\",\"@id\":\"https:\\\/\\\/secure.gravatar.com\\\/avatar\\\/45631392ee0733e2c9200a849fdb90eb193c0e307cb1a22248a7684936e33ecf?s=96&d=mm&r=g\",\"url\":\"https:\\\/\\\/secure.gravatar.com\\\/avatar\\\/45631392ee0733e2c9200a849fdb90eb193c0e307cb1a22248a7684936e33ecf?s=96&d=mm&r=g\",\"contentUrl\":\"https:\\\/\\\/secure.gravatar.com\\\/avatar\\\/45631392ee0733e2c9200a849fdb90eb193c0e307cb1a22248a7684936e33ecf?s=96&d=mm&r=g\",\"caption\":\"Birgitta Mannila\"},\"url\":\"https:\\\/\\\/blogit.gradia.fi\\\/lukiolaisettyoelamaan\\\/author\\\/mannibir\\\/\"}]}<\/script>\n<!-- \/ Yoast SEO plugin. -->","yoast_head_json":{"title":"Vaikuttamisen ja kansainv\u00e4lisyyden viikko Global Action Week Lyseon lukiossa 26.-30.10.2020 - Lukiolaiset ty\u00f6el\u00e4m\u00e4\u00e4n","robots":{"index":"index","follow":"follow","max-snippet":"max-snippet:-1","max-image-preview":"max-image-preview:large","max-video-preview":"max-video-preview:-1"},"canonical":"https:\/\/blogit.gradia.fi\/lukiolaisettyoelamaan\/2020\/11\/11\/vaikuttamisen-ja-kansainvalisyysviikko-global-action-week-lyseon-lukiossa-26-30-10-2020\/","og_locale":"fi_FI","og_type":"article","og_title":"Vaikuttamisen ja kansainv\u00e4lisyyden viikko Global Action Week Lyseon lukiossa 26.-30.10.2020 - Lukiolaiset ty\u00f6el\u00e4m\u00e4\u00e4n","og_description":"Gradiassa Jyv\u00e4skyl\u00e4n Lyseon lukion lukuvuosisuunnitelmassa on viisi teemaviikkoa. Jaksoteemat ovat samat kuin tulevan uuden opetussuunnitelman laaja-alaiset osaamisen alueet. Vaikuttamisen ja kansainv\u00e4lisyysviikon eli Global Action Weekin tavoitteena oli nostaa esille erilaisia vaikuttamisen keinoja globaalilla tasolla. Pandemiasta johtuen toteutukset tehtiin webinaareina ja Teams-yhteyksin. Alkuviikon teemoina olivat mm. Unicef, Gradian Model United Nations -toiminnan esittely, monikulttuurisuus ja oman &hellip; Jatka lukemista Vaikuttamisen ja kansainv\u00e4lisyyden viikko Global Action Week Lyseon lukiossa 26.-30.10.2020 &rarr;","og_url":"https:\/\/blogit.gradia.fi\/lukiolaisettyoelamaan\/2020\/11\/11\/vaikuttamisen-ja-kansainvalisyysviikko-global-action-week-lyseon-lukiossa-26-30-10-2020\/","og_site_name":"Lukiolaiset ty\u00f6el\u00e4m\u00e4\u00e4n","article_published_time":"2020-11-11T06:01:10+00:00","article_modified_time":"2021-01-05T14:30:12+00:00","og_image":[{"url":"https:\/\/blogit.gradia.fi\/lukiolaisettyoelamaan\/wp-content\/uploads\/sites\/169\/2020\/11\/Satu-Heikkinen.jpg","type":"","width":"","height":""}],"author":"Birgitta Mannila","twitter_card":"summary_large_image","twitter_misc":{"Kirjoittanut":"Birgitta Mannila","Arvioitu lukuaika":"1 minuutti"},"schema":{"@context":"https:\/\/schema.org","@graph":[{"@type":"Article","@id":"https:\/\/blogit.gradia.fi\/lukiolaisettyoelamaan\/2020\/11\/11\/vaikuttamisen-ja-kansainvalisyysviikko-global-action-week-lyseon-lukiossa-26-30-10-2020\/#article","isPartOf":{"@id":"https:\/\/blogit.gradia.fi\/lukiolaisettyoelamaan\/2020\/11\/11\/vaikuttamisen-ja-kansainvalisyysviikko-global-action-week-lyseon-lukiossa-26-30-10-2020\/"},"author":{"name":"Birgitta Mannila","@id":"https:\/\/blogit.gradia.fi\/lukiolaisettyoelamaan\/#\/schema\/person\/8fb5e032c0a9b8eb17b9e399f8f4063f"},"headline":"Vaikuttamisen ja kansainv\u00e4lisyyden viikko Global Action Week Lyseon lukiossa 26.-30.10.2020","datePublished":"2020-11-11T06:01:10+00:00","dateModified":"2021-01-05T14:30:12+00:00","mainEntityOfPage":{"@id":"https:\/\/blogit.gradia.fi\/lukiolaisettyoelamaan\/2020\/11\/11\/vaikuttamisen-ja-kansainvalisyysviikko-global-action-week-lyseon-lukiossa-26-30-10-2020\/"},"wordCount":220,"commentCount":0,"image":{"@id":"https:\/\/blogit.gradia.fi\/lukiolaisettyoelamaan\/2020\/11\/11\/vaikuttamisen-ja-kansainvalisyysviikko-global-action-week-lyseon-lukiossa-26-30-10-2020\/#primaryimage"},"thumbnailUrl":"https:\/\/blogit.gradia.fi\/lukiolaisettyoelamaan\/wp-content\/uploads\/sites\/169\/2020\/11\/Satu-Heikkinen.jpg","keywords":["kansainv\u00e4liset ty\u00f6el\u00e4m\u00e4taidot","kulttuurien v\u00e4linen viestint\u00e4","lukio"],"articleSection":["yleinen"],"inLanguage":"fi","potentialAction":[{"@type":"CommentAction","name":"Comment","target":["https:\/\/blogit.gradia.fi\/lukiolaisettyoelamaan\/2020\/11\/11\/vaikuttamisen-ja-kansainvalisyysviikko-global-action-week-lyseon-lukiossa-26-30-10-2020\/#respond"]}]},{"@type":"WebPage","@id":"https:\/\/blogit.gradia.fi\/lukiolaisettyoelamaan\/2020\/11\/11\/vaikuttamisen-ja-kansainvalisyysviikko-global-action-week-lyseon-lukiossa-26-30-10-2020\/","url":"https:\/\/blogit.gradia.fi\/lukiolaisettyoelamaan\/2020\/11\/11\/vaikuttamisen-ja-kansainvalisyysviikko-global-action-week-lyseon-lukiossa-26-30-10-2020\/","name":"Vaikuttamisen ja kansainv\u00e4lisyyden viikko Global Action Week Lyseon lukiossa 26.-30.10.2020 - Lukiolaiset ty\u00f6el\u00e4m\u00e4\u00e4n","isPartOf":{"@id":"https:\/\/blogit.gradia.fi\/lukiolaisettyoelamaan\/#website"},"primaryImageOfPage":{"@id":"https:\/\/blogit.gradia.fi\/lukiolaisettyoelamaan\/2020\/11\/11\/vaikuttamisen-ja-kansainvalisyysviikko-global-action-week-lyseon-lukiossa-26-30-10-2020\/#primaryimage"},"image":{"@id":"https:\/\/blogit.gradia.fi\/lukiolaisettyoelamaan\/2020\/11\/11\/vaikuttamisen-ja-kansainvalisyysviikko-global-action-week-lyseon-lukiossa-26-30-10-2020\/#primaryimage"},"thumbnailUrl":"https:\/\/blogit.gradia.fi\/lukiolaisettyoelamaan\/wp-content\/uploads\/sites\/169\/2020\/11\/Satu-Heikkinen.jpg","datePublished":"2020-11-11T06:01:10+00:00","dateModified":"2021-01-05T14:30:12+00:00","author":{"@id":"https:\/\/blogit.gradia.fi\/lukiolaisettyoelamaan\/#\/schema\/person\/8fb5e032c0a9b8eb17b9e399f8f4063f"},"breadcrumb":{"@id":"https:\/\/blogit.gradia.fi\/lukiolaisettyoelamaan\/2020\/11\/11\/vaikuttamisen-ja-kansainvalisyysviikko-global-action-week-lyseon-lukiossa-26-30-10-2020\/#breadcrumb"},"inLanguage":"fi","potentialAction":[{"@type":"ReadAction","target":["https:\/\/blogit.gradia.fi\/lukiolaisettyoelamaan\/2020\/11\/11\/vaikuttamisen-ja-kansainvalisyysviikko-global-action-week-lyseon-lukiossa-26-30-10-2020\/"]}]},{"@type":"ImageObject","inLanguage":"fi","@id":"https:\/\/blogit.gradia.fi\/lukiolaisettyoelamaan\/2020\/11\/11\/vaikuttamisen-ja-kansainvalisyysviikko-global-action-week-lyseon-lukiossa-26-30-10-2020\/#primaryimage","url":"https:\/\/blogit.gradia.fi\/lukiolaisettyoelamaan\/wp-content\/uploads\/sites\/169\/2020\/11\/Satu-Heikkinen.jpg","contentUrl":"https:\/\/blogit.gradia.fi\/lukiolaisettyoelamaan\/wp-content\/uploads\/sites\/169\/2020\/11\/Satu-Heikkinen.jpg","width":555,"height":300},{"@type":"BreadcrumbList","@id":"https:\/\/blogit.gradia.fi\/lukiolaisettyoelamaan\/2020\/11\/11\/vaikuttamisen-ja-kansainvalisyysviikko-global-action-week-lyseon-lukiossa-26-30-10-2020\/#breadcrumb","itemListElement":[{"@type":"ListItem","position":1,"name":"Home","item":"https:\/\/blogit.gradia.fi\/lukiolaisettyoelamaan\/"},{"@type":"ListItem","position":2,"name":"Vaikuttamisen ja kansainv\u00e4lisyyden viikko Global Action Week Lyseon lukiossa 26.-30.10.2020"}]},{"@type":"WebSite","@id":"https:\/\/blogit.gradia.fi\/lukiolaisettyoelamaan\/#website","url":"https:\/\/blogit.gradia.fi\/lukiolaisettyoelamaan\/","name":"Lukiolaiset ty\u00f6el\u00e4m\u00e4\u00e4n","description":"Tervetuloa tutustumaan ja poimimaan hyvi\u00e4 k\u00e4yt\u00e4nteit\u00e4!","potentialAction":[{"@type":"SearchAction","target":{"@type":"EntryPoint","urlTemplate":"https:\/\/blogit.gradia.fi\/lukiolaisettyoelamaan\/?s={search_term_string}"},"query-input":{"@type":"PropertyValueSpecification","valueRequired":true,"valueName":"search_term_string"}}],"inLanguage":"fi"},{"@type":"Person","@id":"https:\/\/blogit.gradia.fi\/lukiolaisettyoelamaan\/#\/schema\/person\/8fb5e032c0a9b8eb17b9e399f8f4063f","name":"Birgitta Mannila","image":{"@type":"ImageObject","inLanguage":"fi","@id":"https:\/\/secure.gravatar.com\/avatar\/45631392ee0733e2c9200a849fdb90eb193c0e307cb1a22248a7684936e33ecf?s=96&d=mm&r=g","url":"https:\/\/secure.gravatar.com\/avatar\/45631392ee0733e2c9200a849fdb90eb193c0e307cb1a22248a7684936e33ecf?s=96&d=mm&r=g","contentUrl":"https:\/\/secure.gravatar.com\/avatar\/45631392ee0733e2c9200a849fdb90eb193c0e307cb1a22248a7684936e33ecf?s=96&d=mm&r=g","caption":"Birgitta Mannila"},"url":"https:\/\/blogit.gradia.fi\/lukiolaisettyoelamaan\/author\/mannibir\/"}]}},"uagb_featured_image_src":{"full":false,"thumbnail":false,"medium":false,"medium_large":false,"large":false,"1536x1536":false,"2048x2048":false,"post-thumbnail":false},"uagb_author_info":{"display_name":"Birgitta Mannila","author_link":"https:\/\/blogit.gradia.fi\/lukiolaisettyoelamaan\/author\/mannibir\/"},"uagb_comment_info":3,"uagb_excerpt":"Gradiassa Jyv\u00e4skyl\u00e4n Lyseon lukion lukuvuosisuunnitelmassa on viisi teemaviikkoa. Jaksoteemat ovat samat kuin tulevan uuden opetussuunnitelman laaja-alaiset osaamisen alueet. Vaikuttamisen ja kansainv\u00e4lisyysviikon eli Global Action Weekin tavoitteena oli nostaa esille erilaisia vaikuttamisen keinoja globaalilla tasolla. Pandemiasta johtuen toteutukset tehtiin webinaareina ja Teams-yhteyksin. Alkuviikon teemoina olivat mm. Unicef, Gradian Model United Nations -toiminnan esittely, monikulttuurisuus ja oman&hellip;","_links":{"self":[{"href":"https:\/\/blogit.gradia.fi\/lukiolaisettyoelamaan\/wp-json\/wp\/v2\/posts\/425","targetHints":{"allow":["GET"]}}],"collection":[{"href":"https:\/\/blogit.gradia.fi\/lukiolaisettyoelamaan\/wp-json\/wp\/v2\/posts"}],"about":[{"href":"https:\/\/blogit.gradia.fi\/lukiolaisettyoelamaan\/wp-json\/wp\/v2\/types\/post"}],"author":[{"embeddable":true,"href":"https:\/\/blogit.gradia.fi\/lukiolaisettyoelamaan\/wp-json\/wp\/v2\/users\/705"}],"replies":[{"embeddable":true,"href":"https:\/\/blogit.gradia.fi\/lukiolaisettyoelamaan\/wp-json\/wp\/v2\/comments?post=425"}],"version-history":[{"count":7,"href":"https:\/\/blogit.gradia.fi\/lukiolaisettyoelamaan\/wp-json\/wp\/v2\/posts\/425\/revisions"}],"predecessor-version":[{"id":845,"href":"https:\/\/blogit.gradia.fi\/lukiolaisettyoelamaan\/wp-json\/wp\/v2\/posts\/425\/revisions\/845"}],"wp:attachment":[{"href":"https:\/\/blogit.gradia.fi\/lukiolaisettyoelamaan\/wp-json\/wp\/v2\/media?parent=425"}],"wp:term":[{"taxonomy":"category","embeddable":true,"href":"https:\/\/blogit.gradia.fi\/lukiolaisettyoelamaan\/wp-json\/wp\/v2\/categories?post=425"},{"taxonomy":"post_tag","embeddable":true,"href":"https:\/\/blogit.gradia.fi\/lukiolaisettyoelamaan\/wp-json\/wp\/v2\/tags?post=425"}],"curies":[{"name":"wp","href":"https:\/\/api.w.org\/{rel}","templated":true}]}}