{"id":49,"date":"2016-10-30T21:54:49","date_gmt":"2016-10-30T19:54:49","guid":{"rendered":"https:\/\/blogit.gradia.fi\/jaroslavl\/?p=49"},"modified":"2016-10-31T21:10:34","modified_gmt":"2016-10-31T19:10:34","slug":"karhuja-balalaikan-ja-vodkan-kera-seka-putin-tankissa","status":"publish","type":"post","link":"https:\/\/blogit.gradia.fi\/jaroslavl\/2016\/10\/30\/karhuja-balalaikan-ja-vodkan-kera-seka-putin-tankissa\/","title":{"rendered":"Karhuja balalaikan ja vodkan kera, sek\u00e4 Putin tankissa."},"content":{"rendered":"<p>Her\u00e4sin aamu kuudelta siihen, ett\u00e4 majoittajan koirat tulivat nuuskimaan minua. Aluksi meinasin nukahtaa takaisin ja pyyt\u00e4\u00e4 velji\u00e4 ottamaan koirat pois p\u00e4\u00e4lt\u00e4ni, kunnes muistin, ett\u00e4 en ole kotona. T\u00e4st\u00e4 p\u00e4iv\u00e4ni alkoi.<\/p>\n<p>On toiseksi viimeinen p\u00e4iv\u00e4, joten p\u00e4\u00e4tin ottaa kaiken ilosta irti. Ensiksi me tavattiin koulun nro 13 pihalla ryhm\u00e4n kanssa . Menimme porukalla linja-autopys\u00e4kille, jossa odotimme linja-autoa. Autossa oli niin t\u00e4ytt\u00e4, ett\u00e4 astuin kahdesti saman miehen kenkien p\u00e4\u00e4lle. Kun me p\u00e4\u00e4stiin keskustaan,\u00a0niin l\u00e4hdettiin museoon.<\/p>\n<p>Museo sijaitsi linnassa, jossa kerrottiin Jaroslavlin historiasta. Sis\u00e4pihaa ymp\u00e4r\u00f6iv\u00e4t kirkot ja entiset munkkien asuintalot.<\/p>\n<hr \/>\n<p style=\"text-align: center\"><img loading=\"lazy\" decoding=\"async\" class=\"wp-image-56 aligncenter\" src=\"https:\/\/blogit.gradia.fi\/jaroslavl\/wp-content\/uploads\/sites\/66\/2016\/10\/Screenshot_2016-10-30-21-15-34-300x169.png\" alt=\"screenshot_2016-10-30-21-15-34\" width=\"256\" height=\"144\" srcset=\"https:\/\/blogit.gradia.fi\/jaroslavl\/wp-content\/uploads\/sites\/66\/2016\/10\/Screenshot_2016-10-30-21-15-34-300x169.png 300w, https:\/\/blogit.gradia.fi\/jaroslavl\/wp-content\/uploads\/sites\/66\/2016\/10\/Screenshot_2016-10-30-21-15-34-768x432.png 768w, https:\/\/blogit.gradia.fi\/jaroslavl\/wp-content\/uploads\/sites\/66\/2016\/10\/Screenshot_2016-10-30-21-15-34-1024x576.png 1024w, https:\/\/blogit.gradia.fi\/jaroslavl\/wp-content\/uploads\/sites\/66\/2016\/10\/Screenshot_2016-10-30-21-15-34.png 1280w\" sizes=\"auto, (max-width: 256px) 100vw, 256px\" \/>Kuvassa koululaisten ja taiteilijoiden tekemi\u00e4 maisemakuvia alueesta.<\/p>\n<hr \/>\n<p><img loading=\"lazy\" decoding=\"async\" class=\"size-medium wp-image-50 alignright\" src=\"https:\/\/blogit.gradia.fi\/jaroslavl\/wp-content\/uploads\/sites\/66\/2016\/10\/planet-225x300.jpg\" alt=\"planet\" width=\"225\" height=\"300\" srcset=\"https:\/\/blogit.gradia.fi\/jaroslavl\/wp-content\/uploads\/sites\/66\/2016\/10\/planet-225x300.jpg 225w, https:\/\/blogit.gradia.fi\/jaroslavl\/wp-content\/uploads\/sites\/66\/2016\/10\/planet-768x1024.jpg 768w\" sizes=\"auto, (max-width: 225px) 100vw, 225px\" \/><\/p>\n<p>Sen j\u00e4lkeen me siirryimme porttien v\u00e4list\u00e4 ja pikku tunnelin alta toiselle puolelle kaupunkia. K\u00e4velimme kiireess\u00e4 planetaarioon, josta olimme my\u00f6h\u00e4ss\u00e4. Salissa n\u00e4ytettiin kaksi ven\u00e4j\u00e4nkielist\u00e4 lyhytvideota Rosetta-luotaimesta sek\u00e4 kuuhun laskeutumisesta. T\u00e4m\u00e4n j\u00e4lkeen me siirryimme planetaarion museoon, jossa opas kertoi ensimm\u00e4isest\u00e4 naiskosmonautista. <span class=\"st\">Valentina Tere\u0161kova<\/span> on itse Jaroslavlista kotoisin, joten paikalliset esitteliv\u00e4t h\u00e4nelle omistettua museota ylpe\u00e4sti.<\/p>\n<p>&nbsp;<\/p>\n<p>Planetaarion j\u00e4lkeen meill\u00e4 oli j\u00e4lleen kiire sirkukseen. Kirilin (majoittajani) kanssa juttelin matkan aikana, kunnes haistoin jotain outoa. Sirkushan se siell\u00e4&#8230; Noh p\u00e4\u00e4stiin nopeasti sis\u00e4\u00e4n, sill\u00e4 liput oli etuk\u00e4teen ostettu. Kun sirkus alkoi, meit\u00e4 pyydettiin olla kuvaamatta jotain temppuja ja ottamaan \u00e4\u00e4net sek\u00e4 salaman pois puhelimesta. Sirkuksessa n\u00e4htiin temppuilevia hevosia sek\u00e4 liekiss\u00e4 olevan renkaan\u00a0 l\u00e4pi hyppivi\u00e4 tiikereit\u00e4. Monet tempuista oli todella hurjia. Tosiaan olin pettynyt ettei karhuja balalaikan kanssa ollut&#8230; Kuten mainitsin \u00e4sken kuvien ottamisesta, niin sen takia en ottanut riski\u00e4 ja j\u00e4tin puhelimen kameran taskuuni lep\u00e4\u00e4m\u00e4\u00e4n.<\/p>\n<p>Planetaarion j\u00e4lkeen l\u00e4hdettiin vapaaehtoisesti kauppakeskukseen nimelt\u00e4\u00e4n &#8221;Aura&#8221;, jossa\u00a0 olimme vajaan tunnin shoppailemassa. Tunnin kuluttua l\u00e4hdimme porukalla linja-autopys\u00e4kille, ja matkalla opetettiin Vladia puhumaan suomea&#8230; tosiaan en tied\u00e4 oliko se viisasta hommaa, mutta kai nyt sent\u00e4\u00e4n pit\u00e4\u00e4 opettaa t\u00e4rkeimm\u00e4t suomenkieliset sanat ven\u00e4l\u00e4iselle. T\u00e4ss\u00e4 kohtaan min\u00e4 \u00e4lysin, ett\u00e4 suomen kieli heikkenee, sill\u00e4 puhuin suurimmaksi osaksi ven\u00e4j\u00e4n kielt\u00e4. Kirilin luona me istuttiin ruokap\u00f6yt\u00e4\u00e4n ja sy\u00f6tiin illallinen ja l\u00e4hdettiin nukkumaan.<\/p>\n<p><img loading=\"lazy\" decoding=\"async\" class=\"size-medium wp-image-61 aligncenter\" src=\"https:\/\/blogit.gradia.fi\/jaroslavl\/wp-content\/uploads\/sites\/66\/2016\/10\/aura144003-225x300.jpg\" alt=\"aura144003\" width=\"225\" height=\"300\" srcset=\"https:\/\/blogit.gradia.fi\/jaroslavl\/wp-content\/uploads\/sites\/66\/2016\/10\/aura144003-225x300.jpg 225w, https:\/\/blogit.gradia.fi\/jaroslavl\/wp-content\/uploads\/sites\/66\/2016\/10\/aura144003-768x1024.jpg 768w\" sizes=\"auto, (max-width: 225px) 100vw, 225px\" \/><\/p>\n<p style=\"text-align: center\">Sirkuksen j\u00e4lkeen k\u00e4vely kauppakeskukseen p\u00e4in.<\/p>\n<hr \/>\n<p>&nbsp;<\/p>\n<p>-Alexi Syki\u00e4inen<\/p>\n","protected":false},"excerpt":{"rendered":"<p>Her\u00e4sin aamu kuudelta siihen, ett\u00e4 majoittajan koirat tulivat nuuskimaan minua. Aluksi meinasin nukahtaa takaisin ja pyyt\u00e4\u00e4 velji\u00e4 ottamaan koirat pois p\u00e4\u00e4lt\u00e4ni, kunnes muistin, ett\u00e4 en ole kotona. T\u00e4st\u00e4 p\u00e4iv\u00e4ni alkoi. On toiseksi viimeinen p\u00e4iv\u00e4, joten p\u00e4\u00e4tin ottaa kaiken ilosta irti. Ensiksi me tavattiin koulun nro 13 pihalla ryhm\u00e4n kanssa . Menimme porukalla linja-autopys\u00e4kille, jossa odotimme [&hellip;]<\/p>\n","protected":false},"author":446,"featured_media":0,"comment_status":"open","ping_status":"open","sticky":false,"template":"","format":"standard","meta":{"_uag_custom_page_level_css":"","footnotes":""},"categories":[1],"tags":[],"class_list":["post-49","post","type-post","status-publish","format-standard","hentry","category-yleinen"],"yoast_head":"<!-- This site is optimized with the Yoast SEO plugin v27.5 - https:\/\/yoast.com\/product\/yoast-seo-wordpress\/ -->\n<title>Karhuja balalaikan ja vodkan kera, sek\u00e4 Putin tankissa. - Vieraanvaraisuutta vastavierailulla Jaroslavlissa Ven\u00e4j\u00e4ll\u00e4<\/title>\n<meta name=\"robots\" content=\"index, follow, max-snippet:-1, max-image-preview:large, max-video-preview:-1\" \/>\n<link rel=\"canonical\" href=\"https:\/\/blogit.gradia.fi\/jaroslavl\/2016\/10\/30\/karhuja-balalaikan-ja-vodkan-kera-seka-putin-tankissa\/\" \/>\n<meta property=\"og:locale\" content=\"fi_FI\" \/>\n<meta property=\"og:type\" content=\"article\" \/>\n<meta property=\"og:title\" content=\"Karhuja balalaikan ja vodkan kera, sek\u00e4 Putin tankissa. - Vieraanvaraisuutta vastavierailulla Jaroslavlissa Ven\u00e4j\u00e4ll\u00e4\" \/>\n<meta property=\"og:description\" content=\"Her\u00e4sin aamu kuudelta siihen, ett\u00e4 majoittajan koirat tulivat nuuskimaan minua. Aluksi meinasin nukahtaa takaisin ja pyyt\u00e4\u00e4 velji\u00e4 ottamaan koirat pois p\u00e4\u00e4lt\u00e4ni, kunnes muistin, ett\u00e4 en ole kotona. T\u00e4st\u00e4 p\u00e4iv\u00e4ni alkoi. On toiseksi viimeinen p\u00e4iv\u00e4, joten p\u00e4\u00e4tin ottaa kaiken ilosta irti. Ensiksi me tavattiin koulun nro 13 pihalla ryhm\u00e4n kanssa . Menimme porukalla linja-autopys\u00e4kille, jossa odotimme [&hellip;]\" \/>\n<meta property=\"og:url\" content=\"https:\/\/blogit.gradia.fi\/jaroslavl\/2016\/10\/30\/karhuja-balalaikan-ja-vodkan-kera-seka-putin-tankissa\/\" \/>\n<meta property=\"og:site_name\" content=\"Vieraanvaraisuutta vastavierailulla Jaroslavlissa Ven\u00e4j\u00e4ll\u00e4\" \/>\n<meta property=\"article:published_time\" content=\"2016-10-30T19:54:49+00:00\" \/>\n<meta property=\"article:modified_time\" content=\"2016-10-31T19:10:34+00:00\" \/>\n<meta property=\"og:image\" content=\"https:\/\/blogit.gradia.fi\/jaroslavl\/wp-content\/uploads\/sites\/66\/2016\/10\/Screenshot_2016-10-30-21-15-34-300x169.png\" \/>\n<meta name=\"author\" content=\"Alexi Syki\u00e4inen\" \/>\n<meta name=\"twitter:card\" content=\"summary_large_image\" \/>\n<meta name=\"twitter:label1\" content=\"Kirjoittanut\" \/>\n\t<meta name=\"twitter:data1\" content=\"Alexi Syki\u00e4inen\" \/>\n\t<meta name=\"twitter:label2\" content=\"Arvioitu lukuaika\" \/>\n\t<meta name=\"twitter:data2\" content=\"2 minuuttia\" \/>\n<script type=\"application\/ld+json\" class=\"yoast-schema-graph\">{\"@context\":\"https:\\\/\\\/schema.org\",\"@graph\":[{\"@type\":\"Article\",\"@id\":\"https:\\\/\\\/blogit.gradia.fi\\\/jaroslavl\\\/2016\\\/10\\\/30\\\/karhuja-balalaikan-ja-vodkan-kera-seka-putin-tankissa\\\/#article\",\"isPartOf\":{\"@id\":\"https:\\\/\\\/blogit.gradia.fi\\\/jaroslavl\\\/2016\\\/10\\\/30\\\/karhuja-balalaikan-ja-vodkan-kera-seka-putin-tankissa\\\/\"},\"author\":{\"name\":\"Alexi Syki\u00e4inen\",\"@id\":\"https:\\\/\\\/blogit.gradia.fi\\\/jaroslavl\\\/#\\\/schema\\\/person\\\/84554899c10c9e0096dd5c486b632d00\"},\"headline\":\"Karhuja balalaikan ja vodkan kera, sek\u00e4 Putin tankissa.\",\"datePublished\":\"2016-10-30T19:54:49+00:00\",\"dateModified\":\"2016-10-31T19:10:34+00:00\",\"mainEntityOfPage\":{\"@id\":\"https:\\\/\\\/blogit.gradia.fi\\\/jaroslavl\\\/2016\\\/10\\\/30\\\/karhuja-balalaikan-ja-vodkan-kera-seka-putin-tankissa\\\/\"},\"wordCount\":378,\"commentCount\":0,\"image\":{\"@id\":\"https:\\\/\\\/blogit.gradia.fi\\\/jaroslavl\\\/2016\\\/10\\\/30\\\/karhuja-balalaikan-ja-vodkan-kera-seka-putin-tankissa\\\/#primaryimage\"},\"thumbnailUrl\":\"https:\\\/\\\/blogit.gradia.fi\\\/jaroslavl\\\/wp-content\\\/uploads\\\/sites\\\/66\\\/2016\\\/10\\\/Screenshot_2016-10-30-21-15-34-300x169.png\",\"inLanguage\":\"fi\",\"potentialAction\":[{\"@type\":\"CommentAction\",\"name\":\"Comment\",\"target\":[\"https:\\\/\\\/blogit.gradia.fi\\\/jaroslavl\\\/2016\\\/10\\\/30\\\/karhuja-balalaikan-ja-vodkan-kera-seka-putin-tankissa\\\/#respond\"]}]},{\"@type\":\"WebPage\",\"@id\":\"https:\\\/\\\/blogit.gradia.fi\\\/jaroslavl\\\/2016\\\/10\\\/30\\\/karhuja-balalaikan-ja-vodkan-kera-seka-putin-tankissa\\\/\",\"url\":\"https:\\\/\\\/blogit.gradia.fi\\\/jaroslavl\\\/2016\\\/10\\\/30\\\/karhuja-balalaikan-ja-vodkan-kera-seka-putin-tankissa\\\/\",\"name\":\"Karhuja balalaikan ja vodkan kera, sek\u00e4 Putin tankissa. - Vieraanvaraisuutta vastavierailulla Jaroslavlissa Ven\u00e4j\u00e4ll\u00e4\",\"isPartOf\":{\"@id\":\"https:\\\/\\\/blogit.gradia.fi\\\/jaroslavl\\\/#website\"},\"primaryImageOfPage\":{\"@id\":\"https:\\\/\\\/blogit.gradia.fi\\\/jaroslavl\\\/2016\\\/10\\\/30\\\/karhuja-balalaikan-ja-vodkan-kera-seka-putin-tankissa\\\/#primaryimage\"},\"image\":{\"@id\":\"https:\\\/\\\/blogit.gradia.fi\\\/jaroslavl\\\/2016\\\/10\\\/30\\\/karhuja-balalaikan-ja-vodkan-kera-seka-putin-tankissa\\\/#primaryimage\"},\"thumbnailUrl\":\"https:\\\/\\\/blogit.gradia.fi\\\/jaroslavl\\\/wp-content\\\/uploads\\\/sites\\\/66\\\/2016\\\/10\\\/Screenshot_2016-10-30-21-15-34-300x169.png\",\"datePublished\":\"2016-10-30T19:54:49+00:00\",\"dateModified\":\"2016-10-31T19:10:34+00:00\",\"author\":{\"@id\":\"https:\\\/\\\/blogit.gradia.fi\\\/jaroslavl\\\/#\\\/schema\\\/person\\\/84554899c10c9e0096dd5c486b632d00\"},\"inLanguage\":\"fi\",\"potentialAction\":[{\"@type\":\"ReadAction\",\"target\":[\"https:\\\/\\\/blogit.gradia.fi\\\/jaroslavl\\\/2016\\\/10\\\/30\\\/karhuja-balalaikan-ja-vodkan-kera-seka-putin-tankissa\\\/\"]}]},{\"@type\":\"ImageObject\",\"inLanguage\":\"fi\",\"@id\":\"https:\\\/\\\/blogit.gradia.fi\\\/jaroslavl\\\/2016\\\/10\\\/30\\\/karhuja-balalaikan-ja-vodkan-kera-seka-putin-tankissa\\\/#primaryimage\",\"url\":\"https:\\\/\\\/blogit.gradia.fi\\\/jaroslavl\\\/wp-content\\\/uploads\\\/sites\\\/66\\\/2016\\\/10\\\/Screenshot_2016-10-30-21-15-34.png\",\"contentUrl\":\"https:\\\/\\\/blogit.gradia.fi\\\/jaroslavl\\\/wp-content\\\/uploads\\\/sites\\\/66\\\/2016\\\/10\\\/Screenshot_2016-10-30-21-15-34.png\",\"width\":1280,\"height\":720},{\"@type\":\"WebSite\",\"@id\":\"https:\\\/\\\/blogit.gradia.fi\\\/jaroslavl\\\/#website\",\"url\":\"https:\\\/\\\/blogit.gradia.fi\\\/jaroslavl\\\/\",\"name\":\"Vieraanvaraisuutta vastavierailulla Jaroslavlissa Ven\u00e4j\u00e4ll\u00e4\",\"description\":\"Uusi ao-blogit -sivusto\",\"potentialAction\":[{\"@type\":\"SearchAction\",\"target\":{\"@type\":\"EntryPoint\",\"urlTemplate\":\"https:\\\/\\\/blogit.gradia.fi\\\/jaroslavl\\\/?s={search_term_string}\"},\"query-input\":{\"@type\":\"PropertyValueSpecification\",\"valueRequired\":true,\"valueName\":\"search_term_string\"}}],\"inLanguage\":\"fi\"},{\"@type\":\"Person\",\"@id\":\"https:\\\/\\\/blogit.gradia.fi\\\/jaroslavl\\\/#\\\/schema\\\/person\\\/84554899c10c9e0096dd5c486b632d00\",\"name\":\"Alexi Syki\u00e4inen\",\"image\":{\"@type\":\"ImageObject\",\"inLanguage\":\"fi\",\"@id\":\"https:\\\/\\\/secure.gravatar.com\\\/avatar\\\/1fc83421d928bc8e241c042c18dd3cc3817f5cf68ba6a33c173e9449245827b2?s=96&d=mm&r=g\",\"url\":\"https:\\\/\\\/secure.gravatar.com\\\/avatar\\\/1fc83421d928bc8e241c042c18dd3cc3817f5cf68ba6a33c173e9449245827b2?s=96&d=mm&r=g\",\"contentUrl\":\"https:\\\/\\\/secure.gravatar.com\\\/avatar\\\/1fc83421d928bc8e241c042c18dd3cc3817f5cf68ba6a33c173e9449245827b2?s=96&d=mm&r=g\",\"caption\":\"Alexi Syki\u00e4inen\"},\"url\":\"https:\\\/\\\/blogit.gradia.fi\\\/jaroslavl\\\/author\\\/lk32342\\\/\"}]}<\/script>\n<!-- \/ Yoast SEO plugin. -->","yoast_head_json":{"title":"Karhuja balalaikan ja vodkan kera, sek\u00e4 Putin tankissa. - Vieraanvaraisuutta vastavierailulla Jaroslavlissa Ven\u00e4j\u00e4ll\u00e4","robots":{"index":"index","follow":"follow","max-snippet":"max-snippet:-1","max-image-preview":"max-image-preview:large","max-video-preview":"max-video-preview:-1"},"canonical":"https:\/\/blogit.gradia.fi\/jaroslavl\/2016\/10\/30\/karhuja-balalaikan-ja-vodkan-kera-seka-putin-tankissa\/","og_locale":"fi_FI","og_type":"article","og_title":"Karhuja balalaikan ja vodkan kera, sek\u00e4 Putin tankissa. - Vieraanvaraisuutta vastavierailulla Jaroslavlissa Ven\u00e4j\u00e4ll\u00e4","og_description":"Her\u00e4sin aamu kuudelta siihen, ett\u00e4 majoittajan koirat tulivat nuuskimaan minua. Aluksi meinasin nukahtaa takaisin ja pyyt\u00e4\u00e4 velji\u00e4 ottamaan koirat pois p\u00e4\u00e4lt\u00e4ni, kunnes muistin, ett\u00e4 en ole kotona. T\u00e4st\u00e4 p\u00e4iv\u00e4ni alkoi. On toiseksi viimeinen p\u00e4iv\u00e4, joten p\u00e4\u00e4tin ottaa kaiken ilosta irti. Ensiksi me tavattiin koulun nro 13 pihalla ryhm\u00e4n kanssa . Menimme porukalla linja-autopys\u00e4kille, jossa odotimme [&hellip;]","og_url":"https:\/\/blogit.gradia.fi\/jaroslavl\/2016\/10\/30\/karhuja-balalaikan-ja-vodkan-kera-seka-putin-tankissa\/","og_site_name":"Vieraanvaraisuutta vastavierailulla Jaroslavlissa Ven\u00e4j\u00e4ll\u00e4","article_published_time":"2016-10-30T19:54:49+00:00","article_modified_time":"2016-10-31T19:10:34+00:00","og_image":[{"url":"https:\/\/blogit.gradia.fi\/jaroslavl\/wp-content\/uploads\/sites\/66\/2016\/10\/Screenshot_2016-10-30-21-15-34-300x169.png","type":"","width":"","height":""}],"author":"Alexi Syki\u00e4inen","twitter_card":"summary_large_image","twitter_misc":{"Kirjoittanut":"Alexi Syki\u00e4inen","Arvioitu lukuaika":"2 minuuttia"},"schema":{"@context":"https:\/\/schema.org","@graph":[{"@type":"Article","@id":"https:\/\/blogit.gradia.fi\/jaroslavl\/2016\/10\/30\/karhuja-balalaikan-ja-vodkan-kera-seka-putin-tankissa\/#article","isPartOf":{"@id":"https:\/\/blogit.gradia.fi\/jaroslavl\/2016\/10\/30\/karhuja-balalaikan-ja-vodkan-kera-seka-putin-tankissa\/"},"author":{"name":"Alexi Syki\u00e4inen","@id":"https:\/\/blogit.gradia.fi\/jaroslavl\/#\/schema\/person\/84554899c10c9e0096dd5c486b632d00"},"headline":"Karhuja balalaikan ja vodkan kera, sek\u00e4 Putin tankissa.","datePublished":"2016-10-30T19:54:49+00:00","dateModified":"2016-10-31T19:10:34+00:00","mainEntityOfPage":{"@id":"https:\/\/blogit.gradia.fi\/jaroslavl\/2016\/10\/30\/karhuja-balalaikan-ja-vodkan-kera-seka-putin-tankissa\/"},"wordCount":378,"commentCount":0,"image":{"@id":"https:\/\/blogit.gradia.fi\/jaroslavl\/2016\/10\/30\/karhuja-balalaikan-ja-vodkan-kera-seka-putin-tankissa\/#primaryimage"},"thumbnailUrl":"https:\/\/blogit.gradia.fi\/jaroslavl\/wp-content\/uploads\/sites\/66\/2016\/10\/Screenshot_2016-10-30-21-15-34-300x169.png","inLanguage":"fi","potentialAction":[{"@type":"CommentAction","name":"Comment","target":["https:\/\/blogit.gradia.fi\/jaroslavl\/2016\/10\/30\/karhuja-balalaikan-ja-vodkan-kera-seka-putin-tankissa\/#respond"]}]},{"@type":"WebPage","@id":"https:\/\/blogit.gradia.fi\/jaroslavl\/2016\/10\/30\/karhuja-balalaikan-ja-vodkan-kera-seka-putin-tankissa\/","url":"https:\/\/blogit.gradia.fi\/jaroslavl\/2016\/10\/30\/karhuja-balalaikan-ja-vodkan-kera-seka-putin-tankissa\/","name":"Karhuja balalaikan ja vodkan kera, sek\u00e4 Putin tankissa. - Vieraanvaraisuutta vastavierailulla Jaroslavlissa Ven\u00e4j\u00e4ll\u00e4","isPartOf":{"@id":"https:\/\/blogit.gradia.fi\/jaroslavl\/#website"},"primaryImageOfPage":{"@id":"https:\/\/blogit.gradia.fi\/jaroslavl\/2016\/10\/30\/karhuja-balalaikan-ja-vodkan-kera-seka-putin-tankissa\/#primaryimage"},"image":{"@id":"https:\/\/blogit.gradia.fi\/jaroslavl\/2016\/10\/30\/karhuja-balalaikan-ja-vodkan-kera-seka-putin-tankissa\/#primaryimage"},"thumbnailUrl":"https:\/\/blogit.gradia.fi\/jaroslavl\/wp-content\/uploads\/sites\/66\/2016\/10\/Screenshot_2016-10-30-21-15-34-300x169.png","datePublished":"2016-10-30T19:54:49+00:00","dateModified":"2016-10-31T19:10:34+00:00","author":{"@id":"https:\/\/blogit.gradia.fi\/jaroslavl\/#\/schema\/person\/84554899c10c9e0096dd5c486b632d00"},"inLanguage":"fi","potentialAction":[{"@type":"ReadAction","target":["https:\/\/blogit.gradia.fi\/jaroslavl\/2016\/10\/30\/karhuja-balalaikan-ja-vodkan-kera-seka-putin-tankissa\/"]}]},{"@type":"ImageObject","inLanguage":"fi","@id":"https:\/\/blogit.gradia.fi\/jaroslavl\/2016\/10\/30\/karhuja-balalaikan-ja-vodkan-kera-seka-putin-tankissa\/#primaryimage","url":"https:\/\/blogit.gradia.fi\/jaroslavl\/wp-content\/uploads\/sites\/66\/2016\/10\/Screenshot_2016-10-30-21-15-34.png","contentUrl":"https:\/\/blogit.gradia.fi\/jaroslavl\/wp-content\/uploads\/sites\/66\/2016\/10\/Screenshot_2016-10-30-21-15-34.png","width":1280,"height":720},{"@type":"WebSite","@id":"https:\/\/blogit.gradia.fi\/jaroslavl\/#website","url":"https:\/\/blogit.gradia.fi\/jaroslavl\/","name":"Vieraanvaraisuutta vastavierailulla Jaroslavlissa Ven\u00e4j\u00e4ll\u00e4","description":"Uusi ao-blogit -sivusto","potentialAction":[{"@type":"SearchAction","target":{"@type":"EntryPoint","urlTemplate":"https:\/\/blogit.gradia.fi\/jaroslavl\/?s={search_term_string}"},"query-input":{"@type":"PropertyValueSpecification","valueRequired":true,"valueName":"search_term_string"}}],"inLanguage":"fi"},{"@type":"Person","@id":"https:\/\/blogit.gradia.fi\/jaroslavl\/#\/schema\/person\/84554899c10c9e0096dd5c486b632d00","name":"Alexi Syki\u00e4inen","image":{"@type":"ImageObject","inLanguage":"fi","@id":"https:\/\/secure.gravatar.com\/avatar\/1fc83421d928bc8e241c042c18dd3cc3817f5cf68ba6a33c173e9449245827b2?s=96&d=mm&r=g","url":"https:\/\/secure.gravatar.com\/avatar\/1fc83421d928bc8e241c042c18dd3cc3817f5cf68ba6a33c173e9449245827b2?s=96&d=mm&r=g","contentUrl":"https:\/\/secure.gravatar.com\/avatar\/1fc83421d928bc8e241c042c18dd3cc3817f5cf68ba6a33c173e9449245827b2?s=96&d=mm&r=g","caption":"Alexi Syki\u00e4inen"},"url":"https:\/\/blogit.gradia.fi\/jaroslavl\/author\/lk32342\/"}]}},"uagb_featured_image_src":{"full":false,"thumbnail":false,"medium":false,"medium_large":false,"large":false,"1536x1536":false,"2048x2048":false,"post-thumbnail":false},"uagb_author_info":{"display_name":"Alexi Syki\u00e4inen","author_link":"https:\/\/blogit.gradia.fi\/jaroslavl\/author\/lk32342\/"},"uagb_comment_info":0,"uagb_excerpt":"Her\u00e4sin aamu kuudelta siihen, ett\u00e4 majoittajan koirat tulivat nuuskimaan minua. Aluksi meinasin nukahtaa takaisin ja pyyt\u00e4\u00e4 velji\u00e4 ottamaan koirat pois p\u00e4\u00e4lt\u00e4ni, kunnes muistin, ett\u00e4 en ole kotona. T\u00e4st\u00e4 p\u00e4iv\u00e4ni alkoi. On toiseksi viimeinen p\u00e4iv\u00e4, joten p\u00e4\u00e4tin ottaa kaiken ilosta irti. Ensiksi me tavattiin koulun nro 13 pihalla ryhm\u00e4n kanssa . Menimme porukalla linja-autopys\u00e4kille, jossa odotimme&hellip;","_links":{"self":[{"href":"https:\/\/blogit.gradia.fi\/jaroslavl\/wp-json\/wp\/v2\/posts\/49","targetHints":{"allow":["GET"]}}],"collection":[{"href":"https:\/\/blogit.gradia.fi\/jaroslavl\/wp-json\/wp\/v2\/posts"}],"about":[{"href":"https:\/\/blogit.gradia.fi\/jaroslavl\/wp-json\/wp\/v2\/types\/post"}],"author":[{"embeddable":true,"href":"https:\/\/blogit.gradia.fi\/jaroslavl\/wp-json\/wp\/v2\/users\/446"}],"replies":[{"embeddable":true,"href":"https:\/\/blogit.gradia.fi\/jaroslavl\/wp-json\/wp\/v2\/comments?post=49"}],"version-history":[{"count":0,"href":"https:\/\/blogit.gradia.fi\/jaroslavl\/wp-json\/wp\/v2\/posts\/49\/revisions"}],"wp:attachment":[{"href":"https:\/\/blogit.gradia.fi\/jaroslavl\/wp-json\/wp\/v2\/media?parent=49"}],"wp:term":[{"taxonomy":"category","embeddable":true,"href":"https:\/\/blogit.gradia.fi\/jaroslavl\/wp-json\/wp\/v2\/categories?post=49"},{"taxonomy":"post_tag","embeddable":true,"href":"https:\/\/blogit.gradia.fi\/jaroslavl\/wp-json\/wp\/v2\/tags?post=49"}],"curies":[{"name":"wp","href":"https:\/\/api.w.org\/{rel}","templated":true}]}}